{"id":89498,"date":"2026-01-26T09:43:07","date_gmt":"2026-01-26T08:43:07","guid":{"rendered":"https:\/\/progettotouring.it\/radiotouring104\/?p=89498"},"modified":"2026-01-26T12:35:39","modified_gmt":"2026-01-26T11:35:39","slug":"reggio-assegnato-il-premio-ippocrate-2026","status":"publish","type":"post","link":"https:\/\/progettotouring.it\/radiotouring104\/2026\/01\/26\/reggio-assegnato-il-premio-ippocrate-2026\/","title":{"rendered":"Reggio: assegnato il &#8220;Premio Ippocrate 2026&#8221;"},"content":{"rendered":"<p>Si \u00e8 svolta presso l\u2019Auditorium dell\u2019Ordine dei Medici Chirurghi e degli Odontoiatri della provincia di Reggio Calabria, l\u2019XI edizione del \u201c<strong>Premio Ippocrate per il progresso scientifico e sociale\u201d<\/strong>, un appuntamento ormai consolidato nel panorama culturale e scientifico del territorio, capace di valorizzare le eccellenze professionali e l\u2019impegno etico al servizio della comunit\u00e0.<\/p>\n<p>Il Premio Ippocrate \u00e8 rivolto a personalit\u00e0 del mondo della medicina, della ricerca, della cultura e della societ\u00e0 civile che si siano distinte per aver contribuito in maniera significativa alla pace, alla crescita sociale e allo sviluppo della collettivit\u00e0. Un riconoscimento che pone particolare attenzione a quanti si sono prodigati nel soccorso delle classi meno abbienti, nel sostegno alle popolazioni colpite da calamit\u00e0 naturali, nella prevenzione e nel controllo delle attivit\u00e0 lesive della pubblica salute, nonch\u00e9 nelle missioni umanitarie in Italia e all\u2019estero, lasciando un segno concreto e duraturo nel tessuto sociale.<\/p>\n<p>Alla cerimonia hanno preso parte il presidente dell\u2019Ordine dei Medici di Reggio Calabria,\u00a0<strong>dottor Pasquale Veneziano<\/strong>, il presidente del Premio Ippocrate,\u00a0<strong>dottor Filippo Frattima<\/strong>, il Commissario Straordinario del GOM\u00a0<strong>Tiziana Frittelli<\/strong>, tutto il consiglio dell\u2019Ordine e tanti medici professionisti del territorio che hanno ribadito il valore dell\u2019iniziativa come strumento di riconoscimento del merito e di promozione di una cultura sanitaria fondata su competenza, responsabilit\u00e0 e umanit\u00e0.<\/p>\n<p>Nel suo intervento, il\u00a0<strong>dottor Veneziano<\/strong>\u00a0ha sottolineato come \u201cla scelta dei premiati sia stata particolarmente complessa, a fronte delle numerose segnalazioni pervenute, spesso provenienti direttamente da pazienti o familiari che hanno trovato nei medici segnalati non solo professionalit\u00e0, ma anche ascolto e vicinanza umana\u201d.<\/p>\n<p>\u201cQuesto premio \u2013 ha spiegato \u2013 idealmente va anche a tutti quei colleghi che lavorano in silenzio, con grande passione e dedizione, senza mai cercare visibilit\u00e0\u201d.<\/p>\n<p>Il presidente dell\u2019Ordine ha poi affrontato il tema delle difficolt\u00e0 strutturali della sanit\u00e0 calabrese, evidenziando come troppo spesso ogni evento avverso venga automaticamente ricondotto alla cosiddetta \u201cmalasanit\u00e0\u201d, esponendo i medici a una gogna mediatica che non tiene conto delle carenze organizzative e amministrative del sistema. Nonostante ci\u00f2, Veneziano ha rimarcato l\u2019eccellenza raggiunta da molti professionisti che hanno scelto di restare sul territorio, riuscendo a garantire livelli assistenziali di altissimo profilo anche in condizioni operative pi\u00f9 complesse rispetto ad altre realt\u00e0 italiane.<\/p>\n<p>Un passaggio significativo \u00e8 stato dedicato al tema della migrazione sanitaria e alla necessit\u00e0 di invertire la tendenza, valorizzando ci\u00f2 che di buono la sanit\u00e0 reggina e calabrese \u00e8 oggi in grado di offrire. In quest\u2019ottica, Veneziano ha ribadito l\u2019importanza di investire sui giovani medici e sulla formazione universitaria locale, sottolineando come l\u2019istituzione di una Facolt\u00e0 di Medicina a Reggio Calabria rappresenterebbe un passaggio fondamentale per garantire il ricambio generazionale e contrastare la fuga di professionalit\u00e0.<\/p>\n<p>Il\u00a0<strong>dottor Filippo Frattima<\/strong>, presidente del Premio Ippocrate, ha ripercorso invece la storia dell\u2019iniziativa, nata nel 2007 e cresciuta progressivamente fino ad assumere una valenza che supera i confini provinciali e regionali.<\/p>\n<p>\u201cNel corso degli anni \u2013 ha affermato \u2013 su questo palco sono saliti colleghi che, grazie al loro impegno quotidiano e alle conquiste scientifiche raggiunte, hanno portato alto il nome dell\u2019Ordine dei Medici di Reggio Calabria a livello nazionale e internazionale\u201d.<\/p>\n<p>Frattima ha sottolineato come il Premio Ippocrate non rappresenti soltanto un riconoscimento alle competenze professionali, ma soprattutto un tributo alle qualit\u00e0 umane che devono accompagnare l\u2019esercizio della professione medica.<\/p>\n<p>\u201cIl nome di Ippocrate \u2013 ha ricordato \u2013 ci richiama all\u2019essenza della medicina: la cura del paziente non \u00e8 solo teoria o tecnica, ma \u00e8 prima di tutto umanit\u00e0, rispetto e responsabilit\u00e0. Il premio vuole anche contrastare una narrazione spesso negativa e generalizzante della sanit\u00e0, offrendo invece una vetrina dell\u2019immenso patrimonio di competenze e valori del mondo medico reggino e calabrese\u201d.<\/p>\n<p>A ribadire il valore dell\u2019iniziativa \u00e8 stato anche il segretario dell\u2019Ordine,\u00a0<strong>dottor Marco Tescione<\/strong>, che ha definito il Premio Ippocrate uno degli eventi pi\u00f9 significativi organizzati dall\u2019Ordine dei Medici di Reggio Calabria.<\/p>\n<p>\u201c\u00c8 un\u2019occasione \u2013 ha dichiarato \u2013 per esaltare la cultura del merito e del giusto, per far emergere persone e professionalit\u00e0 che si sono distinte non solo in ambito sanitario, ma anche culturale e sociale\u201d.<\/p>\n<p>Secondo Tescione, il valore del premio \u00e8 ulteriormente rafforzato dal fatto che venga conferito da medici ad altri medici: un riconoscimento che nasce dalla consapevolezza condivisa delle responsabilit\u00e0, delle difficolt\u00e0 e dei sacrifici che caratterizzano quotidianamente l\u2019esercizio della professione.<\/p>\n<p>Nel corso della serata sono stati conferiti i riconoscimenti ai seguenti premiati:\u00a0<strong>Personaggio dell\u2019Anno<\/strong>,\u00a0Professoressa Antonella Polimeni;\u00a0<strong>per la Chirurgia<\/strong>,\u00a0Professor Michele Casella;\u00a0<strong>per la Medicina<\/strong>,\u00a0Professor Sebastiano Macheda;\u00a0<strong>per la Cultura e l\u2019Arte<\/strong>,\u00a0Dottor Antonio Nicol\u00f2;\u00a0<strong>per l\u2019Impegno Sociale<\/strong>,\u00a0ADSPEM \u2013 FIDAS Sezione di Reggio Calabria\u00a0(Associazione Donatori di Sangue per il Paziente Emopatico);\u00a0<strong>per i Giovani Medici<\/strong>,\u00a0Dottor Alberto Polimeni;\u00a0<strong>per lo Sport<\/strong>,\u00a0Squadra Calcio Medici di Reggio Calabria;\u00a0<strong>Onorificenza Speciale<\/strong>,\u00a0Dottoressa Angela Alessandra<em>\u00a0<\/em>Mirto.<\/p>\n<p>La XI edizione del Premio Ippocrate si conferma cos\u00ec un momento di alto valore simbolico, civile e culturale, capace di unire scienza, solidariet\u00e0 e impegno sociale, celebrando esempi virtuosi di professionalit\u00e0 e dedizione al bene comune, nel solco dei valori etici che da sempre ispirano la figura di Ippocrate e la missione della medicina al servizio dell\u2019uomo.<\/p>\n","protected":false},"excerpt":{"rendered":"<p>Si \u00e8 svolta presso l\u2019Auditorium dell\u2019Ordine dei Medici Chirurghi e degli Odontoiatri della provincia di Reggio Calabria, l\u2019XI edizione del \u201cPremio Ippocrate per il progresso scientifico e sociale\u201d, un appuntamento&hellip;<\/p>\n","protected":false},"author":5,"featured_media":89499,"comment_status":"closed","ping_status":"open","sticky":false,"template":"","format":"standard","meta":{"_jetpack_memberships_contains_paid_content":false,"footnotes":"","jetpack_publicize_message":"","jetpack_publicize_feature_enabled":true,"jetpack_social_post_already_shared":true,"jetpack_social_options":{"image_generator_settings":{"template":"highway","default_image_id":0,"font":"","enabled":false},"version":2}},"categories":[921,196,140],"tags":[50421,50420,5904,42284,50423,50422,40888],"class_list":["post-89498","post","type-post","status-publish","format-standard","has-post-thumbnail","hentry","category-home","category-news","category-reggio-calabria","tag-premio-ippocrate-2026","tag-auditorium-dellordine-dei-medici-chirurghi","tag-dott-pasquale-veneziano","tag-dott-ssa-tiziana-frittelli","tag-dottor-filippo-frattima","tag-premio-ippocrate-per-il-progresso-scientifico","tag-xi-edizione"],"yoast_head":"<!-- This site is optimized with the Yoast SEO plugin v27.2 - https:\/\/yoast.com\/product\/yoast-seo-wordpress\/ -->\n<title>Reggio: assegnato il &quot;Premio Ippocrate 2026&quot;<\/title>\n<meta name=\"description\" content=\"L\u2019XI edizione del \u201cPremio Ippocrate per il progresso scientifico e sociale\u201d, si \u00e8 svolta presso l&#039;Auditorium dell&#039;Ordine dei Medici\" \/>\n<meta name=\"robots\" content=\"index, follow, max-snippet:-1, max-image-preview:large, max-video-preview:-1\" \/>\n<link rel=\"canonical\" href=\"https:\/\/progettotouring.it\/radiotouring104\/2026\/01\/26\/reggio-assegnato-il-premio-ippocrate-2026\/\" \/>\n<meta property=\"og:locale\" content=\"it_IT\" \/>\n<meta property=\"og:type\" content=\"article\" \/>\n<meta property=\"og:title\" content=\"Reggio: assegnato il &quot;Premio Ippocrate 2026&quot;\" \/>\n<meta property=\"og:description\" content=\"L\u2019XI edizione del \u201cPremio Ippocrate per il progresso scientifico e sociale\u201d, si \u00e8 svolta presso l&#039;Auditorium dell&#039;Ordine dei Medici\" \/>\n<meta property=\"og:url\" content=\"https:\/\/progettotouring.it\/radiotouring104\/2026\/01\/26\/reggio-assegnato-il-premio-ippocrate-2026\/\" \/>\n<meta property=\"og:site_name\" content=\"Radio Touring 104\" \/>\n<meta property=\"article:published_time\" content=\"2026-01-26T08:43:07+00:00\" \/>\n<meta property=\"article:modified_time\" content=\"2026-01-26T11:35:39+00:00\" \/>\n<meta property=\"og:image\" content=\"https:\/\/progettotouring.it\/radiotouring104\/wp-content\/uploads\/sites\/6\/2026\/01\/Premio-Ippocrate-Auditorium-Ordine-dei-Medici.gif\" \/>\n\t<meta property=\"og:image:width\" content=\"554\" \/>\n\t<meta property=\"og:image:height\" content=\"412\" \/>\n\t<meta property=\"og:image:type\" content=\"image\/gif\" \/>\n<meta name=\"author\" content=\"redazione\" \/>\n<meta name=\"twitter:card\" content=\"summary_large_image\" \/>\n<meta name=\"twitter:label1\" content=\"Scritto da\" \/>\n\t<meta name=\"twitter:data1\" content=\"redazione\" \/>\n\t<meta name=\"twitter:label2\" content=\"Tempo di lettura stimato\" \/>\n\t<meta name=\"twitter:data2\" content=\"4 minuti\" \/>\n<script type=\"application\/ld+json\" class=\"yoast-schema-graph\">{\"@context\":\"https:\/\/schema.org\",\"@graph\":[{\"@type\":\"Article\",\"@id\":\"https:\/\/progettotouring.it\/radiotouring104\/2026\/01\/26\/reggio-assegnato-il-premio-ippocrate-2026\/#article\",\"isPartOf\":{\"@id\":\"https:\/\/progettotouring.it\/radiotouring104\/2026\/01\/26\/reggio-assegnato-il-premio-ippocrate-2026\/\"},\"author\":{\"name\":\"redazione\",\"@id\":\"https:\/\/progettotouring.it\/radiotouring104\/#\/schema\/person\/1b3eb3c07c47136bc44c785c543e635f\"},\"headline\":\"Reggio: assegnato il &#8220;Premio Ippocrate 2026&#8221;\",\"datePublished\":\"2026-01-26T08:43:07+00:00\",\"dateModified\":\"2026-01-26T11:35:39+00:00\",\"mainEntityOfPage\":{\"@id\":\"https:\/\/progettotouring.it\/radiotouring104\/2026\/01\/26\/reggio-assegnato-il-premio-ippocrate-2026\/\"},\"wordCount\":854,\"publisher\":{\"@id\":\"https:\/\/progettotouring.it\/radiotouring104\/#organization\"},\"image\":{\"@id\":\"https:\/\/progettotouring.it\/radiotouring104\/2026\/01\/26\/reggio-assegnato-il-premio-ippocrate-2026\/#primaryimage\"},\"thumbnailUrl\":\"https:\/\/progettotouring.it\/radiotouring104\/wp-content\/uploads\/sites\/6\/2026\/01\/Premio-Ippocrate-Auditorium-Ordine-dei-Medici.gif\",\"keywords\":[\"\\\"Premio Ippocrate 2026\\\"\",\"Auditorium dell\u2019Ordine dei Medici Chirurghi\",\"Dott. Pasquale Veneziano\",\"Dott.ssa Tiziana Frittelli.\",\"dottor Filippo Frattima\",\"Premio Ippocrate per il progresso scientifico\",\"XI edizione\"],\"articleSection\":[\"Home\",\"News\",\"Reggio Calabria\"],\"inLanguage\":\"it-IT\"},{\"@type\":\"WebPage\",\"@id\":\"https:\/\/progettotouring.it\/radiotouring104\/2026\/01\/26\/reggio-assegnato-il-premio-ippocrate-2026\/\",\"url\":\"https:\/\/progettotouring.it\/radiotouring104\/2026\/01\/26\/reggio-assegnato-il-premio-ippocrate-2026\/\",\"name\":\"Reggio: assegnato il \\\"Premio Ippocrate 2026\\\"\",\"isPartOf\":{\"@id\":\"https:\/\/progettotouring.it\/radiotouring104\/#website\"},\"primaryImageOfPage\":{\"@id\":\"https:\/\/progettotouring.it\/radiotouring104\/2026\/01\/26\/reggio-assegnato-il-premio-ippocrate-2026\/#primaryimage\"},\"image\":{\"@id\":\"https:\/\/progettotouring.it\/radiotouring104\/2026\/01\/26\/reggio-assegnato-il-premio-ippocrate-2026\/#primaryimage\"},\"thumbnailUrl\":\"https:\/\/progettotouring.it\/radiotouring104\/wp-content\/uploads\/sites\/6\/2026\/01\/Premio-Ippocrate-Auditorium-Ordine-dei-Medici.gif\",\"datePublished\":\"2026-01-26T08:43:07+00:00\",\"dateModified\":\"2026-01-26T11:35:39+00:00\",\"description\":\"L\u2019XI edizione del \u201cPremio Ippocrate per il progresso scientifico e sociale\u201d, si \u00e8 svolta presso l'Auditorium dell'Ordine dei Medici\",\"breadcrumb\":{\"@id\":\"https:\/\/progettotouring.it\/radiotouring104\/2026\/01\/26\/reggio-assegnato-il-premio-ippocrate-2026\/#breadcrumb\"},\"inLanguage\":\"it-IT\",\"potentialAction\":[{\"@type\":\"ReadAction\",\"target\":[\"https:\/\/progettotouring.it\/radiotouring104\/2026\/01\/26\/reggio-assegnato-il-premio-ippocrate-2026\/\"]}]},{\"@type\":\"ImageObject\",\"inLanguage\":\"it-IT\",\"@id\":\"https:\/\/progettotouring.it\/radiotouring104\/2026\/01\/26\/reggio-assegnato-il-premio-ippocrate-2026\/#primaryimage\",\"url\":\"https:\/\/progettotouring.it\/radiotouring104\/wp-content\/uploads\/sites\/6\/2026\/01\/Premio-Ippocrate-Auditorium-Ordine-dei-Medici.gif\",\"contentUrl\":\"https:\/\/progettotouring.it\/radiotouring104\/wp-content\/uploads\/sites\/6\/2026\/01\/Premio-Ippocrate-Auditorium-Ordine-dei-Medici.gif\",\"width\":554,\"height\":412},{\"@type\":\"BreadcrumbList\",\"@id\":\"https:\/\/progettotouring.it\/radiotouring104\/2026\/01\/26\/reggio-assegnato-il-premio-ippocrate-2026\/#breadcrumb\",\"itemListElement\":[{\"@type\":\"ListItem\",\"position\":1,\"name\":\"Home\",\"item\":\"https:\/\/progettotouring.it\/radiotouring104\/\"},{\"@type\":\"ListItem\",\"position\":2,\"name\":\"Reggio: assegnato il &#8220;Premio Ippocrate 2026&#8221;\"}]},{\"@type\":\"WebSite\",\"@id\":\"https:\/\/progettotouring.it\/radiotouring104\/#website\",\"url\":\"https:\/\/progettotouring.it\/radiotouring104\/\",\"name\":\"Radio Touring 104\",\"description\":\"La prima radio Reggina\",\"publisher\":{\"@id\":\"https:\/\/progettotouring.it\/radiotouring104\/#organization\"},\"potentialAction\":[{\"@type\":\"SearchAction\",\"target\":{\"@type\":\"EntryPoint\",\"urlTemplate\":\"https:\/\/progettotouring.it\/radiotouring104\/?s={search_term_string}\"},\"query-input\":{\"@type\":\"PropertyValueSpecification\",\"valueRequired\":true,\"valueName\":\"search_term_string\"}}],\"inLanguage\":\"it-IT\"},{\"@type\":\"Organization\",\"@id\":\"https:\/\/progettotouring.it\/radiotouring104\/#organization\",\"name\":\"Radio Touring 104\",\"url\":\"https:\/\/progettotouring.it\/radiotouring104\/\",\"logo\":{\"@type\":\"ImageObject\",\"inLanguage\":\"it-IT\",\"@id\":\"https:\/\/progettotouring.it\/radiotouring104\/#\/schema\/logo\/image\/\",\"url\":\"https:\/\/progettotouring.it\/radiotouring104\/wp-content\/uploads\/sites\/6\/2022\/02\/cropped-logo-radio-touring-104.png\",\"contentUrl\":\"https:\/\/progettotouring.it\/radiotouring104\/wp-content\/uploads\/sites\/6\/2022\/02\/cropped-logo-radio-touring-104.png\",\"width\":377,\"height\":182,\"caption\":\"Radio Touring 104\"},\"image\":{\"@id\":\"https:\/\/progettotouring.it\/radiotouring104\/#\/schema\/logo\/image\/\"}},{\"@type\":\"Person\",\"@id\":\"https:\/\/progettotouring.it\/radiotouring104\/#\/schema\/person\/1b3eb3c07c47136bc44c785c543e635f\",\"name\":\"redazione\",\"image\":{\"@type\":\"ImageObject\",\"inLanguage\":\"it-IT\",\"@id\":\"https:\/\/secure.gravatar.com\/avatar\/0b31605b49f100769e8b624b3e05de1b73e1692e9568a352f60f53fd072e6e11?s=96&d=mm&r=g\",\"url\":\"https:\/\/secure.gravatar.com\/avatar\/0b31605b49f100769e8b624b3e05de1b73e1692e9568a352f60f53fd072e6e11?s=96&d=mm&r=g\",\"contentUrl\":\"https:\/\/secure.gravatar.com\/avatar\/0b31605b49f100769e8b624b3e05de1b73e1692e9568a352f60f53fd072e6e11?s=96&d=mm&r=g\",\"caption\":\"redazione\"},\"url\":\"https:\/\/progettotouring.it\/radiotouring104\/author\/redazione\/\"}]}<\/script>\n<!-- \/ Yoast SEO plugin. -->","yoast_head_json":{"title":"Reggio: assegnato il \"Premio Ippocrate 2026\"","description":"L\u2019XI edizione del \u201cPremio Ippocrate per il progresso scientifico e sociale\u201d, si \u00e8 svolta presso l'Auditorium dell'Ordine dei Medici","robots":{"index":"index","follow":"follow","max-snippet":"max-snippet:-1","max-image-preview":"max-image-preview:large","max-video-preview":"max-video-preview:-1"},"canonical":"https:\/\/progettotouring.it\/radiotouring104\/2026\/01\/26\/reggio-assegnato-il-premio-ippocrate-2026\/","og_locale":"it_IT","og_type":"article","og_title":"Reggio: assegnato il \"Premio Ippocrate 2026\"","og_description":"L\u2019XI edizione del \u201cPremio Ippocrate per il progresso scientifico e sociale\u201d, si \u00e8 svolta presso l'Auditorium dell'Ordine dei Medici","og_url":"https:\/\/progettotouring.it\/radiotouring104\/2026\/01\/26\/reggio-assegnato-il-premio-ippocrate-2026\/","og_site_name":"Radio Touring 104","article_published_time":"2026-01-26T08:43:07+00:00","article_modified_time":"2026-01-26T11:35:39+00:00","og_image":[{"width":554,"height":412,"url":"https:\/\/progettotouring.it\/radiotouring104\/wp-content\/uploads\/sites\/6\/2026\/01\/Premio-Ippocrate-Auditorium-Ordine-dei-Medici.gif","type":"image\/gif"}],"author":"redazione","twitter_card":"summary_large_image","twitter_misc":{"Scritto da":"redazione","Tempo di lettura stimato":"4 minuti"},"schema":{"@context":"https:\/\/schema.org","@graph":[{"@type":"Article","@id":"https:\/\/progettotouring.it\/radiotouring104\/2026\/01\/26\/reggio-assegnato-il-premio-ippocrate-2026\/#article","isPartOf":{"@id":"https:\/\/progettotouring.it\/radiotouring104\/2026\/01\/26\/reggio-assegnato-il-premio-ippocrate-2026\/"},"author":{"name":"redazione","@id":"https:\/\/progettotouring.it\/radiotouring104\/#\/schema\/person\/1b3eb3c07c47136bc44c785c543e635f"},"headline":"Reggio: assegnato il &#8220;Premio Ippocrate 2026&#8221;","datePublished":"2026-01-26T08:43:07+00:00","dateModified":"2026-01-26T11:35:39+00:00","mainEntityOfPage":{"@id":"https:\/\/progettotouring.it\/radiotouring104\/2026\/01\/26\/reggio-assegnato-il-premio-ippocrate-2026\/"},"wordCount":854,"publisher":{"@id":"https:\/\/progettotouring.it\/radiotouring104\/#organization"},"image":{"@id":"https:\/\/progettotouring.it\/radiotouring104\/2026\/01\/26\/reggio-assegnato-il-premio-ippocrate-2026\/#primaryimage"},"thumbnailUrl":"https:\/\/progettotouring.it\/radiotouring104\/wp-content\/uploads\/sites\/6\/2026\/01\/Premio-Ippocrate-Auditorium-Ordine-dei-Medici.gif","keywords":["\"Premio Ippocrate 2026\"","Auditorium dell\u2019Ordine dei Medici Chirurghi","Dott. Pasquale Veneziano","Dott.ssa Tiziana Frittelli.","dottor Filippo Frattima","Premio Ippocrate per il progresso scientifico","XI edizione"],"articleSection":["Home","News","Reggio Calabria"],"inLanguage":"it-IT"},{"@type":"WebPage","@id":"https:\/\/progettotouring.it\/radiotouring104\/2026\/01\/26\/reggio-assegnato-il-premio-ippocrate-2026\/","url":"https:\/\/progettotouring.it\/radiotouring104\/2026\/01\/26\/reggio-assegnato-il-premio-ippocrate-2026\/","name":"Reggio: assegnato il \"Premio Ippocrate 2026\"","isPartOf":{"@id":"https:\/\/progettotouring.it\/radiotouring104\/#website"},"primaryImageOfPage":{"@id":"https:\/\/progettotouring.it\/radiotouring104\/2026\/01\/26\/reggio-assegnato-il-premio-ippocrate-2026\/#primaryimage"},"image":{"@id":"https:\/\/progettotouring.it\/radiotouring104\/2026\/01\/26\/reggio-assegnato-il-premio-ippocrate-2026\/#primaryimage"},"thumbnailUrl":"https:\/\/progettotouring.it\/radiotouring104\/wp-content\/uploads\/sites\/6\/2026\/01\/Premio-Ippocrate-Auditorium-Ordine-dei-Medici.gif","datePublished":"2026-01-26T08:43:07+00:00","dateModified":"2026-01-26T11:35:39+00:00","description":"L\u2019XI edizione del \u201cPremio Ippocrate per il progresso scientifico e sociale\u201d, si \u00e8 svolta presso l'Auditorium dell'Ordine dei Medici","breadcrumb":{"@id":"https:\/\/progettotouring.it\/radiotouring104\/2026\/01\/26\/reggio-assegnato-il-premio-ippocrate-2026\/#breadcrumb"},"inLanguage":"it-IT","potentialAction":[{"@type":"ReadAction","target":["https:\/\/progettotouring.it\/radiotouring104\/2026\/01\/26\/reggio-assegnato-il-premio-ippocrate-2026\/"]}]},{"@type":"ImageObject","inLanguage":"it-IT","@id":"https:\/\/progettotouring.it\/radiotouring104\/2026\/01\/26\/reggio-assegnato-il-premio-ippocrate-2026\/#primaryimage","url":"https:\/\/progettotouring.it\/radiotouring104\/wp-content\/uploads\/sites\/6\/2026\/01\/Premio-Ippocrate-Auditorium-Ordine-dei-Medici.gif","contentUrl":"https:\/\/progettotouring.it\/radiotouring104\/wp-content\/uploads\/sites\/6\/2026\/01\/Premio-Ippocrate-Auditorium-Ordine-dei-Medici.gif","width":554,"height":412},{"@type":"BreadcrumbList","@id":"https:\/\/progettotouring.it\/radiotouring104\/2026\/01\/26\/reggio-assegnato-il-premio-ippocrate-2026\/#breadcrumb","itemListElement":[{"@type":"ListItem","position":1,"name":"Home","item":"https:\/\/progettotouring.it\/radiotouring104\/"},{"@type":"ListItem","position":2,"name":"Reggio: assegnato il &#8220;Premio Ippocrate 2026&#8221;"}]},{"@type":"WebSite","@id":"https:\/\/progettotouring.it\/radiotouring104\/#website","url":"https:\/\/progettotouring.it\/radiotouring104\/","name":"Radio Touring 104","description":"La prima radio Reggina","publisher":{"@id":"https:\/\/progettotouring.it\/radiotouring104\/#organization"},"potentialAction":[{"@type":"SearchAction","target":{"@type":"EntryPoint","urlTemplate":"https:\/\/progettotouring.it\/radiotouring104\/?s={search_term_string}"},"query-input":{"@type":"PropertyValueSpecification","valueRequired":true,"valueName":"search_term_string"}}],"inLanguage":"it-IT"},{"@type":"Organization","@id":"https:\/\/progettotouring.it\/radiotouring104\/#organization","name":"Radio Touring 104","url":"https:\/\/progettotouring.it\/radiotouring104\/","logo":{"@type":"ImageObject","inLanguage":"it-IT","@id":"https:\/\/progettotouring.it\/radiotouring104\/#\/schema\/logo\/image\/","url":"https:\/\/progettotouring.it\/radiotouring104\/wp-content\/uploads\/sites\/6\/2022\/02\/cropped-logo-radio-touring-104.png","contentUrl":"https:\/\/progettotouring.it\/radiotouring104\/wp-content\/uploads\/sites\/6\/2022\/02\/cropped-logo-radio-touring-104.png","width":377,"height":182,"caption":"Radio Touring 104"},"image":{"@id":"https:\/\/progettotouring.it\/radiotouring104\/#\/schema\/logo\/image\/"}},{"@type":"Person","@id":"https:\/\/progettotouring.it\/radiotouring104\/#\/schema\/person\/1b3eb3c07c47136bc44c785c543e635f","name":"redazione","image":{"@type":"ImageObject","inLanguage":"it-IT","@id":"https:\/\/secure.gravatar.com\/avatar\/0b31605b49f100769e8b624b3e05de1b73e1692e9568a352f60f53fd072e6e11?s=96&d=mm&r=g","url":"https:\/\/secure.gravatar.com\/avatar\/0b31605b49f100769e8b624b3e05de1b73e1692e9568a352f60f53fd072e6e11?s=96&d=mm&r=g","contentUrl":"https:\/\/secure.gravatar.com\/avatar\/0b31605b49f100769e8b624b3e05de1b73e1692e9568a352f60f53fd072e6e11?s=96&d=mm&r=g","caption":"redazione"},"url":"https:\/\/progettotouring.it\/radiotouring104\/author\/redazione\/"}]}},"jetpack_publicize_connections":[],"jetpack_featured_media_url":"https:\/\/progettotouring.it\/radiotouring104\/wp-content\/uploads\/sites\/6\/2026\/01\/Premio-Ippocrate-Auditorium-Ordine-dei-Medici.gif","jetpack_sharing_enabled":true,"_links":{"self":[{"href":"https:\/\/progettotouring.it\/radiotouring104\/wp-json\/wp\/v2\/posts\/89498","targetHints":{"allow":["GET"]}}],"collection":[{"href":"https:\/\/progettotouring.it\/radiotouring104\/wp-json\/wp\/v2\/posts"}],"about":[{"href":"https:\/\/progettotouring.it\/radiotouring104\/wp-json\/wp\/v2\/types\/post"}],"author":[{"embeddable":true,"href":"https:\/\/progettotouring.it\/radiotouring104\/wp-json\/wp\/v2\/users\/5"}],"replies":[{"embeddable":true,"href":"https:\/\/progettotouring.it\/radiotouring104\/wp-json\/wp\/v2\/comments?post=89498"}],"version-history":[{"count":1,"href":"https:\/\/progettotouring.it\/radiotouring104\/wp-json\/wp\/v2\/posts\/89498\/revisions"}],"predecessor-version":[{"id":89500,"href":"https:\/\/progettotouring.it\/radiotouring104\/wp-json\/wp\/v2\/posts\/89498\/revisions\/89500"}],"wp:featuredmedia":[{"embeddable":true,"href":"https:\/\/progettotouring.it\/radiotouring104\/wp-json\/wp\/v2\/media\/89499"}],"wp:attachment":[{"href":"https:\/\/progettotouring.it\/radiotouring104\/wp-json\/wp\/v2\/media?parent=89498"}],"wp:term":[{"taxonomy":"category","embeddable":true,"href":"https:\/\/progettotouring.it\/radiotouring104\/wp-json\/wp\/v2\/categories?post=89498"},{"taxonomy":"post_tag","embeddable":true,"href":"https:\/\/progettotouring.it\/radiotouring104\/wp-json\/wp\/v2\/tags?post=89498"}],"curies":[{"name":"wp","href":"https:\/\/api.w.org\/{rel}","templated":true}]}}