{"id":89515,"date":"2026-01-26T10:33:34","date_gmt":"2026-01-26T09:33:34","guid":{"rendered":"https:\/\/progettotouring.it\/radiotouring104\/?p=89515"},"modified":"2026-01-26T12:38:59","modified_gmt":"2026-01-26T11:38:59","slug":"ciclone-harry-occhiuto-difesa-delle-coste-deve-passare-al-governo","status":"publish","type":"post","link":"https:\/\/progettotouring.it\/radiotouring104\/2026\/01\/26\/ciclone-harry-occhiuto-difesa-delle-coste-deve-passare-al-governo\/","title":{"rendered":"Ciclone Harry, Occhiuto: &#8220;Difesa delle coste deve passare al Governo&#8221;"},"content":{"rendered":"<p>&#8220;Siamo qui a contare i danni. Per fortuna non ci sono state vittime, perch\u00e9 il sistema di prevenzione adottato dalla Protezione civile, insieme ai sindaci, ha funzionato&#8221;. A dirlo il presidente della Regione Calabria Roberto Occhiuto che ha accompagnato il ministro della Protezione civile Nello Musumeci a Melito Porto Salvo per incontrare i sindaci dei territori colpiti dal maltempo nei giorni scorsi.<\/p>\n<p>&#8220;Anche qui alcune famiglie sono state evacuate in tempo e in altri comuni della Calabria \u00e8 successa la stessa cosa &#8211; ha aggiunto Occhiuto -. Se questo sistema non avesse funzionato, oggi piangeremmo delle vittime. Quindi bisogna rafforzare la prevenzione. Abbiamo visto che funziona il sistema di protezione civile, ma c&#8217;\u00e8 molto da fare soprattutto sulla difesa delle coste. Io sono dell&#8217;idea che questa sia una materia che deve essere affidata al governo nazionale che ha risorse sufficienti per fare attivit\u00e0 del genere&#8221;.<\/p>\n<p>&#8220;Sono andato a prendere in aeroporto il ministro &#8211; ha detto Occhiuto &#8211; ma prima sono passato da Siderno e Caulonia e ho visto che l\u00ec la linea d&#8217;onda ormai si \u00e8 avvicinata pericolosamente al centro abitato e in molti casi si \u00e8 avvicinata anche alla strada ferrata. E allora bisogna fare opere gigantesche di difesa delle coste che solo il governo nazionale pu\u00f2 fare con risorse specifiche che servono a fare in modo che poi non si debbano fare queste ricognizioni dei danni. Le risorse spese nella prevenzione sono degli investimenti perch\u00e9 evitano di dover poi spendere risorse nella ricostruzione&#8221;.<\/p>\n<p>&#8220;Ecco io vorrei che quello che \u00e8 successo servisse a questo &#8211; ha concluso Occhiuto -. Vorrei che servisse anche in Calabria a convincersi che c&#8217;\u00e8 necessit\u00e0 di trattare il suolo nel modo giusto, utilizzandolo per lo sviluppo ma non abusandone. Anche in questa provincia ho visto dei fiumi tombati e al posto dei fiumi sono state costruite delle strade e a bordo delle strade delle case. La natura non sa che laddove c&#8217;era un fiume ora ci sono strade e ci sono delle case. Quindi non si pu\u00f2 pi\u00f9 ragionare come si ragionava trenta, quaranta, cinquanta anni fa&#8221;.<\/p>\n","protected":false},"excerpt":{"rendered":"<p>&#8220;Siamo qui a contare i danni. Per fortuna non ci sono state vittime, perch\u00e9 il sistema di prevenzione adottato dalla Protezione civile, insieme ai sindaci, ha funzionato&#8221;. A dirlo il&hellip;<\/p>\n","protected":false},"author":5,"featured_media":89516,"comment_status":"closed","ping_status":"open","sticky":false,"template":"","format":"standard","meta":{"_jetpack_memberships_contains_paid_content":false,"footnotes":"","jetpack_publicize_message":"","jetpack_publicize_feature_enabled":true,"jetpack_social_post_already_shared":true,"jetpack_social_options":{"image_generator_settings":{"template":"highway","default_image_id":0,"font":"","enabled":false},"version":2}},"categories":[921,196,140],"tags":[50405,50430,4760,18340,16720],"class_list":["post-89515","post","type-post","status-publish","format-standard","has-post-thumbnail","hentry","category-home","category-news","category-reggio-calabria","tag-ciclone-harry","tag-difesa-delle-coste-deve-passare-al-governo","tag-melito-porto-salvo","tag-occhiuto-roberto","tag-sopralluogo"],"yoast_head":"<!-- This site is optimized with the Yoast SEO plugin v27.2 - https:\/\/yoast.com\/product\/yoast-seo-wordpress\/ -->\n<title>Occhiuto: &quot;Difesa delle coste deve passare al Governo&quot;<\/title>\n<meta name=\"description\" content=\"&quot;C&#039;\u00e8 molto da fare sulla difesa delle coste. Sono dell&#039;idea che questa materia debba essere affidata al Governo&quot;, ha dichiarato Occhiuto\" \/>\n<meta name=\"robots\" content=\"index, follow, max-snippet:-1, max-image-preview:large, max-video-preview:-1\" \/>\n<link rel=\"canonical\" href=\"https:\/\/progettotouring.it\/radiotouring104\/2026\/01\/26\/ciclone-harry-occhiuto-difesa-delle-coste-deve-passare-al-governo\/\" \/>\n<meta property=\"og:locale\" content=\"it_IT\" \/>\n<meta property=\"og:type\" content=\"article\" \/>\n<meta property=\"og:title\" content=\"Occhiuto: &quot;Difesa delle coste deve passare al Governo&quot;\" \/>\n<meta property=\"og:description\" content=\"&quot;C&#039;\u00e8 molto da fare sulla difesa delle coste. Sono dell&#039;idea che questa materia debba essere affidata al Governo&quot;, ha dichiarato Occhiuto\" \/>\n<meta property=\"og:url\" content=\"https:\/\/progettotouring.it\/radiotouring104\/2026\/01\/26\/ciclone-harry-occhiuto-difesa-delle-coste-deve-passare-al-governo\/\" \/>\n<meta property=\"og:site_name\" content=\"Radio Touring 104\" \/>\n<meta property=\"article:published_time\" content=\"2026-01-26T09:33:34+00:00\" \/>\n<meta property=\"article:modified_time\" content=\"2026-01-26T11:38:59+00:00\" \/>\n<meta property=\"og:image\" content=\"https:\/\/progettotouring.it\/radiotouring104\/wp-content\/uploads\/sites\/6\/2026\/01\/Occhiuto-Maltempo-Harry-Melito.jpeg\" \/>\n\t<meta property=\"og:image:width\" content=\"2048\" \/>\n\t<meta property=\"og:image:height\" content=\"921\" \/>\n\t<meta property=\"og:image:type\" content=\"image\/jpeg\" \/>\n<meta name=\"author\" content=\"redazione\" \/>\n<meta name=\"twitter:card\" content=\"summary_large_image\" \/>\n<meta name=\"twitter:label1\" content=\"Scritto da\" \/>\n\t<meta name=\"twitter:data1\" content=\"redazione\" \/>\n\t<meta name=\"twitter:label2\" content=\"Tempo di lettura stimato\" \/>\n\t<meta name=\"twitter:data2\" content=\"2 minuti\" \/>\n<script type=\"application\/ld+json\" class=\"yoast-schema-graph\">{\"@context\":\"https:\/\/schema.org\",\"@graph\":[{\"@type\":\"Article\",\"@id\":\"https:\/\/progettotouring.it\/radiotouring104\/2026\/01\/26\/ciclone-harry-occhiuto-difesa-delle-coste-deve-passare-al-governo\/#article\",\"isPartOf\":{\"@id\":\"https:\/\/progettotouring.it\/radiotouring104\/2026\/01\/26\/ciclone-harry-occhiuto-difesa-delle-coste-deve-passare-al-governo\/\"},\"author\":{\"name\":\"redazione\",\"@id\":\"https:\/\/progettotouring.it\/radiotouring104\/#\/schema\/person\/1b3eb3c07c47136bc44c785c543e635f\"},\"headline\":\"Ciclone Harry, Occhiuto: &#8220;Difesa delle coste deve passare al Governo&#8221;\",\"datePublished\":\"2026-01-26T09:33:34+00:00\",\"dateModified\":\"2026-01-26T11:38:59+00:00\",\"mainEntityOfPage\":{\"@id\":\"https:\/\/progettotouring.it\/radiotouring104\/2026\/01\/26\/ciclone-harry-occhiuto-difesa-delle-coste-deve-passare-al-governo\/\"},\"wordCount\":351,\"publisher\":{\"@id\":\"https:\/\/progettotouring.it\/radiotouring104\/#organization\"},\"image\":{\"@id\":\"https:\/\/progettotouring.it\/radiotouring104\/2026\/01\/26\/ciclone-harry-occhiuto-difesa-delle-coste-deve-passare-al-governo\/#primaryimage\"},\"thumbnailUrl\":\"https:\/\/progettotouring.it\/radiotouring104\/wp-content\/uploads\/sites\/6\/2026\/01\/Occhiuto-Maltempo-Harry-Melito.jpeg\",\"keywords\":[\"ciclone Harry\",\"Difesa delle coste deve passare al Governo\",\"melito porto salvo\",\"Occhiuto Roberto\",\"sopralluogo\"],\"articleSection\":[\"Home\",\"News\",\"Reggio Calabria\"],\"inLanguage\":\"it-IT\"},{\"@type\":\"WebPage\",\"@id\":\"https:\/\/progettotouring.it\/radiotouring104\/2026\/01\/26\/ciclone-harry-occhiuto-difesa-delle-coste-deve-passare-al-governo\/\",\"url\":\"https:\/\/progettotouring.it\/radiotouring104\/2026\/01\/26\/ciclone-harry-occhiuto-difesa-delle-coste-deve-passare-al-governo\/\",\"name\":\"Occhiuto: \\\"Difesa delle coste deve passare al Governo\\\"\",\"isPartOf\":{\"@id\":\"https:\/\/progettotouring.it\/radiotouring104\/#website\"},\"primaryImageOfPage\":{\"@id\":\"https:\/\/progettotouring.it\/radiotouring104\/2026\/01\/26\/ciclone-harry-occhiuto-difesa-delle-coste-deve-passare-al-governo\/#primaryimage\"},\"image\":{\"@id\":\"https:\/\/progettotouring.it\/radiotouring104\/2026\/01\/26\/ciclone-harry-occhiuto-difesa-delle-coste-deve-passare-al-governo\/#primaryimage\"},\"thumbnailUrl\":\"https:\/\/progettotouring.it\/radiotouring104\/wp-content\/uploads\/sites\/6\/2026\/01\/Occhiuto-Maltempo-Harry-Melito.jpeg\",\"datePublished\":\"2026-01-26T09:33:34+00:00\",\"dateModified\":\"2026-01-26T11:38:59+00:00\",\"description\":\"\\\"C'\u00e8 molto da fare sulla difesa delle coste. Sono dell'idea che questa materia debba essere affidata al Governo\\\", ha dichiarato Occhiuto\",\"breadcrumb\":{\"@id\":\"https:\/\/progettotouring.it\/radiotouring104\/2026\/01\/26\/ciclone-harry-occhiuto-difesa-delle-coste-deve-passare-al-governo\/#breadcrumb\"},\"inLanguage\":\"it-IT\",\"potentialAction\":[{\"@type\":\"ReadAction\",\"target\":[\"https:\/\/progettotouring.it\/radiotouring104\/2026\/01\/26\/ciclone-harry-occhiuto-difesa-delle-coste-deve-passare-al-governo\/\"]}]},{\"@type\":\"ImageObject\",\"inLanguage\":\"it-IT\",\"@id\":\"https:\/\/progettotouring.it\/radiotouring104\/2026\/01\/26\/ciclone-harry-occhiuto-difesa-delle-coste-deve-passare-al-governo\/#primaryimage\",\"url\":\"https:\/\/progettotouring.it\/radiotouring104\/wp-content\/uploads\/sites\/6\/2026\/01\/Occhiuto-Maltempo-Harry-Melito.jpeg\",\"contentUrl\":\"https:\/\/progettotouring.it\/radiotouring104\/wp-content\/uploads\/sites\/6\/2026\/01\/Occhiuto-Maltempo-Harry-Melito.jpeg\",\"width\":2048,\"height\":921},{\"@type\":\"BreadcrumbList\",\"@id\":\"https:\/\/progettotouring.it\/radiotouring104\/2026\/01\/26\/ciclone-harry-occhiuto-difesa-delle-coste-deve-passare-al-governo\/#breadcrumb\",\"itemListElement\":[{\"@type\":\"ListItem\",\"position\":1,\"name\":\"Home\",\"item\":\"https:\/\/progettotouring.it\/radiotouring104\/\"},{\"@type\":\"ListItem\",\"position\":2,\"name\":\"Ciclone Harry, Occhiuto: &#8220;Difesa delle coste deve passare al Governo&#8221;\"}]},{\"@type\":\"WebSite\",\"@id\":\"https:\/\/progettotouring.it\/radiotouring104\/#website\",\"url\":\"https:\/\/progettotouring.it\/radiotouring104\/\",\"name\":\"Radio Touring 104\",\"description\":\"La prima radio Reggina\",\"publisher\":{\"@id\":\"https:\/\/progettotouring.it\/radiotouring104\/#organization\"},\"potentialAction\":[{\"@type\":\"SearchAction\",\"target\":{\"@type\":\"EntryPoint\",\"urlTemplate\":\"https:\/\/progettotouring.it\/radiotouring104\/?s={search_term_string}\"},\"query-input\":{\"@type\":\"PropertyValueSpecification\",\"valueRequired\":true,\"valueName\":\"search_term_string\"}}],\"inLanguage\":\"it-IT\"},{\"@type\":\"Organization\",\"@id\":\"https:\/\/progettotouring.it\/radiotouring104\/#organization\",\"name\":\"Radio Touring 104\",\"url\":\"https:\/\/progettotouring.it\/radiotouring104\/\",\"logo\":{\"@type\":\"ImageObject\",\"inLanguage\":\"it-IT\",\"@id\":\"https:\/\/progettotouring.it\/radiotouring104\/#\/schema\/logo\/image\/\",\"url\":\"https:\/\/progettotouring.it\/radiotouring104\/wp-content\/uploads\/sites\/6\/2022\/02\/cropped-logo-radio-touring-104.png\",\"contentUrl\":\"https:\/\/progettotouring.it\/radiotouring104\/wp-content\/uploads\/sites\/6\/2022\/02\/cropped-logo-radio-touring-104.png\",\"width\":377,\"height\":182,\"caption\":\"Radio Touring 104\"},\"image\":{\"@id\":\"https:\/\/progettotouring.it\/radiotouring104\/#\/schema\/logo\/image\/\"}},{\"@type\":\"Person\",\"@id\":\"https:\/\/progettotouring.it\/radiotouring104\/#\/schema\/person\/1b3eb3c07c47136bc44c785c543e635f\",\"name\":\"redazione\",\"image\":{\"@type\":\"ImageObject\",\"inLanguage\":\"it-IT\",\"@id\":\"https:\/\/secure.gravatar.com\/avatar\/0b31605b49f100769e8b624b3e05de1b73e1692e9568a352f60f53fd072e6e11?s=96&d=mm&r=g\",\"url\":\"https:\/\/secure.gravatar.com\/avatar\/0b31605b49f100769e8b624b3e05de1b73e1692e9568a352f60f53fd072e6e11?s=96&d=mm&r=g\",\"contentUrl\":\"https:\/\/secure.gravatar.com\/avatar\/0b31605b49f100769e8b624b3e05de1b73e1692e9568a352f60f53fd072e6e11?s=96&d=mm&r=g\",\"caption\":\"redazione\"},\"url\":\"https:\/\/progettotouring.it\/radiotouring104\/author\/redazione\/\"}]}<\/script>\n<!-- \/ Yoast SEO plugin. -->","yoast_head_json":{"title":"Occhiuto: \"Difesa delle coste deve passare al Governo\"","description":"\"C'\u00e8 molto da fare sulla difesa delle coste. Sono dell'idea che questa materia debba essere affidata al Governo\", ha dichiarato Occhiuto","robots":{"index":"index","follow":"follow","max-snippet":"max-snippet:-1","max-image-preview":"max-image-preview:large","max-video-preview":"max-video-preview:-1"},"canonical":"https:\/\/progettotouring.it\/radiotouring104\/2026\/01\/26\/ciclone-harry-occhiuto-difesa-delle-coste-deve-passare-al-governo\/","og_locale":"it_IT","og_type":"article","og_title":"Occhiuto: \"Difesa delle coste deve passare al Governo\"","og_description":"\"C'\u00e8 molto da fare sulla difesa delle coste. Sono dell'idea che questa materia debba essere affidata al Governo\", ha dichiarato Occhiuto","og_url":"https:\/\/progettotouring.it\/radiotouring104\/2026\/01\/26\/ciclone-harry-occhiuto-difesa-delle-coste-deve-passare-al-governo\/","og_site_name":"Radio Touring 104","article_published_time":"2026-01-26T09:33:34+00:00","article_modified_time":"2026-01-26T11:38:59+00:00","og_image":[{"width":2048,"height":921,"url":"https:\/\/progettotouring.it\/radiotouring104\/wp-content\/uploads\/sites\/6\/2026\/01\/Occhiuto-Maltempo-Harry-Melito.jpeg","type":"image\/jpeg"}],"author":"redazione","twitter_card":"summary_large_image","twitter_misc":{"Scritto da":"redazione","Tempo di lettura stimato":"2 minuti"},"schema":{"@context":"https:\/\/schema.org","@graph":[{"@type":"Article","@id":"https:\/\/progettotouring.it\/radiotouring104\/2026\/01\/26\/ciclone-harry-occhiuto-difesa-delle-coste-deve-passare-al-governo\/#article","isPartOf":{"@id":"https:\/\/progettotouring.it\/radiotouring104\/2026\/01\/26\/ciclone-harry-occhiuto-difesa-delle-coste-deve-passare-al-governo\/"},"author":{"name":"redazione","@id":"https:\/\/progettotouring.it\/radiotouring104\/#\/schema\/person\/1b3eb3c07c47136bc44c785c543e635f"},"headline":"Ciclone Harry, Occhiuto: &#8220;Difesa delle coste deve passare al Governo&#8221;","datePublished":"2026-01-26T09:33:34+00:00","dateModified":"2026-01-26T11:38:59+00:00","mainEntityOfPage":{"@id":"https:\/\/progettotouring.it\/radiotouring104\/2026\/01\/26\/ciclone-harry-occhiuto-difesa-delle-coste-deve-passare-al-governo\/"},"wordCount":351,"publisher":{"@id":"https:\/\/progettotouring.it\/radiotouring104\/#organization"},"image":{"@id":"https:\/\/progettotouring.it\/radiotouring104\/2026\/01\/26\/ciclone-harry-occhiuto-difesa-delle-coste-deve-passare-al-governo\/#primaryimage"},"thumbnailUrl":"https:\/\/progettotouring.it\/radiotouring104\/wp-content\/uploads\/sites\/6\/2026\/01\/Occhiuto-Maltempo-Harry-Melito.jpeg","keywords":["ciclone Harry","Difesa delle coste deve passare al Governo","melito porto salvo","Occhiuto Roberto","sopralluogo"],"articleSection":["Home","News","Reggio Calabria"],"inLanguage":"it-IT"},{"@type":"WebPage","@id":"https:\/\/progettotouring.it\/radiotouring104\/2026\/01\/26\/ciclone-harry-occhiuto-difesa-delle-coste-deve-passare-al-governo\/","url":"https:\/\/progettotouring.it\/radiotouring104\/2026\/01\/26\/ciclone-harry-occhiuto-difesa-delle-coste-deve-passare-al-governo\/","name":"Occhiuto: \"Difesa delle coste deve passare al Governo\"","isPartOf":{"@id":"https:\/\/progettotouring.it\/radiotouring104\/#website"},"primaryImageOfPage":{"@id":"https:\/\/progettotouring.it\/radiotouring104\/2026\/01\/26\/ciclone-harry-occhiuto-difesa-delle-coste-deve-passare-al-governo\/#primaryimage"},"image":{"@id":"https:\/\/progettotouring.it\/radiotouring104\/2026\/01\/26\/ciclone-harry-occhiuto-difesa-delle-coste-deve-passare-al-governo\/#primaryimage"},"thumbnailUrl":"https:\/\/progettotouring.it\/radiotouring104\/wp-content\/uploads\/sites\/6\/2026\/01\/Occhiuto-Maltempo-Harry-Melito.jpeg","datePublished":"2026-01-26T09:33:34+00:00","dateModified":"2026-01-26T11:38:59+00:00","description":"\"C'\u00e8 molto da fare sulla difesa delle coste. Sono dell'idea che questa materia debba essere affidata al Governo\", ha dichiarato Occhiuto","breadcrumb":{"@id":"https:\/\/progettotouring.it\/radiotouring104\/2026\/01\/26\/ciclone-harry-occhiuto-difesa-delle-coste-deve-passare-al-governo\/#breadcrumb"},"inLanguage":"it-IT","potentialAction":[{"@type":"ReadAction","target":["https:\/\/progettotouring.it\/radiotouring104\/2026\/01\/26\/ciclone-harry-occhiuto-difesa-delle-coste-deve-passare-al-governo\/"]}]},{"@type":"ImageObject","inLanguage":"it-IT","@id":"https:\/\/progettotouring.it\/radiotouring104\/2026\/01\/26\/ciclone-harry-occhiuto-difesa-delle-coste-deve-passare-al-governo\/#primaryimage","url":"https:\/\/progettotouring.it\/radiotouring104\/wp-content\/uploads\/sites\/6\/2026\/01\/Occhiuto-Maltempo-Harry-Melito.jpeg","contentUrl":"https:\/\/progettotouring.it\/radiotouring104\/wp-content\/uploads\/sites\/6\/2026\/01\/Occhiuto-Maltempo-Harry-Melito.jpeg","width":2048,"height":921},{"@type":"BreadcrumbList","@id":"https:\/\/progettotouring.it\/radiotouring104\/2026\/01\/26\/ciclone-harry-occhiuto-difesa-delle-coste-deve-passare-al-governo\/#breadcrumb","itemListElement":[{"@type":"ListItem","position":1,"name":"Home","item":"https:\/\/progettotouring.it\/radiotouring104\/"},{"@type":"ListItem","position":2,"name":"Ciclone Harry, Occhiuto: &#8220;Difesa delle coste deve passare al Governo&#8221;"}]},{"@type":"WebSite","@id":"https:\/\/progettotouring.it\/radiotouring104\/#website","url":"https:\/\/progettotouring.it\/radiotouring104\/","name":"Radio Touring 104","description":"La prima radio Reggina","publisher":{"@id":"https:\/\/progettotouring.it\/radiotouring104\/#organization"},"potentialAction":[{"@type":"SearchAction","target":{"@type":"EntryPoint","urlTemplate":"https:\/\/progettotouring.it\/radiotouring104\/?s={search_term_string}"},"query-input":{"@type":"PropertyValueSpecification","valueRequired":true,"valueName":"search_term_string"}}],"inLanguage":"it-IT"},{"@type":"Organization","@id":"https:\/\/progettotouring.it\/radiotouring104\/#organization","name":"Radio Touring 104","url":"https:\/\/progettotouring.it\/radiotouring104\/","logo":{"@type":"ImageObject","inLanguage":"it-IT","@id":"https:\/\/progettotouring.it\/radiotouring104\/#\/schema\/logo\/image\/","url":"https:\/\/progettotouring.it\/radiotouring104\/wp-content\/uploads\/sites\/6\/2022\/02\/cropped-logo-radio-touring-104.png","contentUrl":"https:\/\/progettotouring.it\/radiotouring104\/wp-content\/uploads\/sites\/6\/2022\/02\/cropped-logo-radio-touring-104.png","width":377,"height":182,"caption":"Radio Touring 104"},"image":{"@id":"https:\/\/progettotouring.it\/radiotouring104\/#\/schema\/logo\/image\/"}},{"@type":"Person","@id":"https:\/\/progettotouring.it\/radiotouring104\/#\/schema\/person\/1b3eb3c07c47136bc44c785c543e635f","name":"redazione","image":{"@type":"ImageObject","inLanguage":"it-IT","@id":"https:\/\/secure.gravatar.com\/avatar\/0b31605b49f100769e8b624b3e05de1b73e1692e9568a352f60f53fd072e6e11?s=96&d=mm&r=g","url":"https:\/\/secure.gravatar.com\/avatar\/0b31605b49f100769e8b624b3e05de1b73e1692e9568a352f60f53fd072e6e11?s=96&d=mm&r=g","contentUrl":"https:\/\/secure.gravatar.com\/avatar\/0b31605b49f100769e8b624b3e05de1b73e1692e9568a352f60f53fd072e6e11?s=96&d=mm&r=g","caption":"redazione"},"url":"https:\/\/progettotouring.it\/radiotouring104\/author\/redazione\/"}]}},"jetpack_publicize_connections":[],"jetpack_featured_media_url":"https:\/\/progettotouring.it\/radiotouring104\/wp-content\/uploads\/sites\/6\/2026\/01\/Occhiuto-Maltempo-Harry-Melito.jpeg","jetpack_sharing_enabled":true,"_links":{"self":[{"href":"https:\/\/progettotouring.it\/radiotouring104\/wp-json\/wp\/v2\/posts\/89515","targetHints":{"allow":["GET"]}}],"collection":[{"href":"https:\/\/progettotouring.it\/radiotouring104\/wp-json\/wp\/v2\/posts"}],"about":[{"href":"https:\/\/progettotouring.it\/radiotouring104\/wp-json\/wp\/v2\/types\/post"}],"author":[{"embeddable":true,"href":"https:\/\/progettotouring.it\/radiotouring104\/wp-json\/wp\/v2\/users\/5"}],"replies":[{"embeddable":true,"href":"https:\/\/progettotouring.it\/radiotouring104\/wp-json\/wp\/v2\/comments?post=89515"}],"version-history":[{"count":1,"href":"https:\/\/progettotouring.it\/radiotouring104\/wp-json\/wp\/v2\/posts\/89515\/revisions"}],"predecessor-version":[{"id":89517,"href":"https:\/\/progettotouring.it\/radiotouring104\/wp-json\/wp\/v2\/posts\/89515\/revisions\/89517"}],"wp:featuredmedia":[{"embeddable":true,"href":"https:\/\/progettotouring.it\/radiotouring104\/wp-json\/wp\/v2\/media\/89516"}],"wp:attachment":[{"href":"https:\/\/progettotouring.it\/radiotouring104\/wp-json\/wp\/v2\/media?parent=89515"}],"wp:term":[{"taxonomy":"category","embeddable":true,"href":"https:\/\/progettotouring.it\/radiotouring104\/wp-json\/wp\/v2\/categories?post=89515"},{"taxonomy":"post_tag","embeddable":true,"href":"https:\/\/progettotouring.it\/radiotouring104\/wp-json\/wp\/v2\/tags?post=89515"}],"curies":[{"name":"wp","href":"https:\/\/api.w.org\/{rel}","templated":true}]}}