{"id":89528,"date":"2026-01-26T11:18:33","date_gmt":"2026-01-26T10:18:33","guid":{"rendered":"https:\/\/progettotouring.it\/radiotouring104\/?p=89528"},"modified":"2026-01-26T12:34:54","modified_gmt":"2026-01-26T11:34:54","slug":"villa-sg-listituto-nostro-repaci-celebra-la-giornata-della-memoria-con-nicola-marazzita","status":"publish","type":"post","link":"https:\/\/progettotouring.it\/radiotouring104\/2026\/01\/26\/villa-sg-listituto-nostro-repaci-celebra-la-giornata-della-memoria-con-nicola-marazzita\/","title":{"rendered":"Villa SG: l&#8217;Istituto &#8220;Nostro Repaci&#8221; celebra la &#8220;Giornata della Memoria&#8221; con Nicola Marazzita"},"content":{"rendered":"<p style=\"text-indent: 14.2pt;line-height: 115%;margin: 0cm -14.2pt 0.0001pt 0cm\"><span style=\"color: #222222;background: white\">\u200b\u200b<\/span><span style=\"font-size: 14.0pt;line-height: 115%;font-family: 'Garamond',serif;color: #222222;background: white\">L\u2019Istituto d\u2019Istruzione Superiore \u201cL. Nostro &#8211; L. Repaci\u201d ha commemorato in anticipo la Giornata della Memoria con due appuntamenti dedicati a una delle pagine pi\u00f9 dolorose e dimenticate della storia italiana: quella degli Internati Militari Italiani (IMI) nei lager nazisti. Il 23 e 24 gennaio gli studenti delle classi quinte hanno infatti incontrato Nicola Marazzita, autore del libro \u201cIl coraggio dei tre no. Storia di una resistenza silenziosa\u201d e figlio di un IMI, nelle sedi di via De Gasperi e via Zanotti Bianco. Gli incontri, moderati dalla prof.ssa Monica Nucera, docente di Filosofia e Storia, hanno visto i saluti istituzionali della Dirigente scolastica prof.ssa Maristella Spezzano e della sindaca di Villa San Giovanni avv. Giusy Caminiti.<\/span><\/p>\n<p>&nbsp;<\/p>\n<p style=\"text-indent: 14.2pt;line-height: 115%;margin: 0cm -14.2pt 0.0001pt 0cm\"><span style=\"font-size: 14.0pt;line-height: 115%;font-family: 'Garamond',serif;color: #222222;background: white\">\u201cLa scuola ha il dovere di tramandare la memoria e di educare le nuove generazioni alla conoscenza di tutte le pagine della nostra storia, anche quelle pi\u00f9 scomode e dimenticate. Gli IMI rappresentano un esempio di dignit\u00e0 e resistenza che i nostri studenti devono conoscere perch\u00e9 il loro sacrificio ha contribuito a costruire i valori democratici su cui si fonda la nostra Repubblica\u201d, ha dichiarato in apertura la dirigente Spezzano nel suo intervento introduttivo.<\/span><\/p>\n<p>&nbsp;<\/p>\n<p style=\"text-align: justify;text-indent: 14.2pt;line-height: 115%;margin: 0cm -14.2pt .0001pt 0cm\"><span style=\"font-size: 14.0pt;line-height: 115%;font-family: 'Garamond',serif;color: #222222;background: white\">Marazzita ha poi raccontato la vicenda degli oltre 600.000 soldati italiani che dopo l\u20198 settembre 1943 dissero \u201cno\u201d alla Repubblica di Sal\u00f2, rifiutarono di combattere per i nazisti e scelsero la deportazione nei lager. L\u00ec subirono fame, freddo e umiliazioni, ma preservarono la propria dignit\u00e0 attraverso un atto di resistenza civile. Gli internati non furono vittime passive, ma protagonisti consapevoli di una scelta che cambi\u00f2 la storia: custodirono documenti \u2013 certificati di studio, carte d\u2019identit\u00e0, lettere \u2013 come tracce della propria identit\u00e0, resistendo al tentativo di cancellazione nazista. Il loro \u201cno\u201d rappresent\u00f2 una forma di opposizione silenziosa ma radicale, compiuta in condizioni disumane.<\/span><\/p>\n<p>&nbsp;<\/p>\n<p style=\"text-align: justify;text-indent: 14.2pt;line-height: 115%;margin: 0cm -14.2pt .0001pt 0cm\"><span style=\"font-size: 14.0pt;line-height: 115%;font-family: 'Garamond',serif;color: #222222;background: white\">Questa storia \u00e8 tuttavia rimasta per decenni ai margini della memoria collettiva. Solo nel 2005, con il presidente Ciampi, e successivamente con Mattarella, la Repubblica ha iniziato a restituire dignit\u00e0 agli IMI. Il riconoscimento ufficiale del 20 settembre come data commemorativa \u00e8 arrivato soltanto nel 2025, ottant\u2019anni dopo i fatti. <\/span><\/p>\n<p>&nbsp;<\/p>\n<p style=\"text-align: justify;text-indent: 14.2pt;line-height: 115%;margin: 0cm -14.2pt .0001pt 0cm\"><span style=\"font-size: 14.0pt;line-height: 115%;font-family: 'Garamond',serif;color: #222222;background: white\">Durante gli incontri al \u201cNostro-Repaci\u201d sono state raccolte, oltre alla testimonianza di Marazzita, anche altre voci dirette di figli di IMI, che hanno condiviso i ricordi tramandati dai padri, rendendo ancora pi\u00f9 tangibile la dimensione umana di quella resistenza silenziosa e tenace. Tanti gli interventi degli studenti e un arrivederci: al termine delle due giornate \u00e8 infatti nato un percorso di collaborazione tra l\u2019Istituto e il Comune di Villa San Giovanni proprio per rintracciare e documentare le storie degli IMI del territorio. <\/span><\/p>\n<p>&nbsp;<\/p>\n<p style=\"text-align: justify;text-indent: 14.2pt;line-height: 115%;margin: 0cm -14.2pt .0001pt 0cm\"><span style=\"font-size: 14.0pt;line-height: 115%;font-family: 'Garamond',serif;color: #222222;background: white\">Come sottolineato nelle conclusioni degli incontri, gli IMI insegnano che la storia non si giudica dalle parole, ma dalle scelte compiute. Ricordare questi uomini significa preservare l\u2019unica cosa che nessuno pu\u00f2 negare: la dignit\u00e0 umana di fronte all\u2019oppressione.<\/span><span style=\"font-size: 14.0pt;line-height: 115%;color: #222222;background: white\">\u200b\u200b\u200b\u200b\u200b\u200b\u200b\u200b\u200b\u200b\u200b\u200b\u200b\u200b\u200b\u200b<\/span><\/p>\n","protected":false},"excerpt":{"rendered":"<p>\u200b\u200bL\u2019Istituto d\u2019Istruzione Superiore \u201cL. Nostro &#8211; L. Repaci\u201d ha commemorato in anticipo la Giornata della Memoria con due appuntamenti dedicati a una delle pagine pi\u00f9 dolorose e dimenticate della storia&hellip;<\/p>\n","protected":false},"author":5,"featured_media":89529,"comment_status":"closed","ping_status":"open","sticky":false,"template":"","format":"standard","meta":{"_jetpack_memberships_contains_paid_content":false,"footnotes":"","jetpack_publicize_message":"","jetpack_publicize_feature_enabled":true,"jetpack_social_post_already_shared":true,"jetpack_social_options":{"image_generator_settings":{"template":"highway","default_image_id":0,"font":"","enabled":false},"version":2}},"categories":[921,196,140],"tags":[422,50441,50439,50442,50440],"class_list":["post-89528","post","type-post","status-publish","format-standard","has-post-thumbnail","hentry","category-home","category-news","category-reggio-calabria","tag-giornata-della-memoria","tag-internati-militari-italiani-imi","tag-istituto-distruzione-superiore-l-nostro-l-repaci","tag-libro-il-coraggio-dei-tre-no-storia-di-una-resistenza-silenziosa","tag-nicola-marazzita"],"yoast_head":"<!-- This site is optimized with the Yoast SEO plugin v27.2 - https:\/\/yoast.com\/product\/yoast-seo-wordpress\/ -->\n<title>Villa SG: l&#039;Istituto &quot;Nostro Repaci&quot; celebra la &quot;Giornata della Memoria&quot; con Nicola Marazzita - Radio Touring 104<\/title>\n<meta name=\"description\" content=\"Gli alunni hanno celebrato in anticipo la Giornata, incontrando il 23 e 24 gennaio, il figlio di uno degli Internati Militari Italiani\" \/>\n<meta name=\"robots\" content=\"index, follow, max-snippet:-1, max-image-preview:large, max-video-preview:-1\" \/>\n<link rel=\"canonical\" href=\"https:\/\/progettotouring.it\/radiotouring104\/2026\/01\/26\/villa-sg-listituto-nostro-repaci-celebra-la-giornata-della-memoria-con-nicola-marazzita\/\" \/>\n<meta property=\"og:locale\" content=\"it_IT\" \/>\n<meta property=\"og:type\" content=\"article\" \/>\n<meta property=\"og:title\" content=\"Villa SG: l&#039;Istituto &quot;Nostro Repaci&quot; celebra la &quot;Giornata della Memoria&quot; con Nicola Marazzita - Radio Touring 104\" \/>\n<meta property=\"og:description\" content=\"Gli alunni hanno celebrato in anticipo la Giornata, incontrando il 23 e 24 gennaio, il figlio di uno degli Internati Militari Italiani\" \/>\n<meta property=\"og:url\" content=\"https:\/\/progettotouring.it\/radiotouring104\/2026\/01\/26\/villa-sg-listituto-nostro-repaci-celebra-la-giornata-della-memoria-con-nicola-marazzita\/\" \/>\n<meta property=\"og:site_name\" content=\"Radio Touring 104\" \/>\n<meta property=\"article:published_time\" content=\"2026-01-26T10:18:33+00:00\" \/>\n<meta property=\"article:modified_time\" content=\"2026-01-26T11:34:54+00:00\" \/>\n<meta property=\"og:image\" content=\"https:\/\/progettotouring.it\/radiotouring104\/wp-content\/uploads\/sites\/6\/2026\/01\/Nostro-Repaci-Giornata-Memoria-IMI-Marazzita.jpg\" \/>\n\t<meta property=\"og:image:width\" content=\"1797\" \/>\n\t<meta property=\"og:image:height\" content=\"1232\" \/>\n\t<meta property=\"og:image:type\" content=\"image\/jpeg\" \/>\n<meta name=\"author\" content=\"redazione\" \/>\n<meta name=\"twitter:card\" content=\"summary_large_image\" \/>\n<meta name=\"twitter:label1\" content=\"Scritto da\" \/>\n\t<meta name=\"twitter:data1\" content=\"redazione\" \/>\n\t<meta name=\"twitter:label2\" content=\"Tempo di lettura stimato\" \/>\n\t<meta name=\"twitter:data2\" content=\"2 minuti\" \/>\n<script type=\"application\/ld+json\" class=\"yoast-schema-graph\">{\"@context\":\"https:\/\/schema.org\",\"@graph\":[{\"@type\":\"Article\",\"@id\":\"https:\/\/progettotouring.it\/radiotouring104\/2026\/01\/26\/villa-sg-listituto-nostro-repaci-celebra-la-giornata-della-memoria-con-nicola-marazzita\/#article\",\"isPartOf\":{\"@id\":\"https:\/\/progettotouring.it\/radiotouring104\/2026\/01\/26\/villa-sg-listituto-nostro-repaci-celebra-la-giornata-della-memoria-con-nicola-marazzita\/\"},\"author\":{\"name\":\"redazione\",\"@id\":\"https:\/\/progettotouring.it\/radiotouring104\/#\/schema\/person\/1b3eb3c07c47136bc44c785c543e635f\"},\"headline\":\"Villa SG: l&#8217;Istituto &#8220;Nostro Repaci&#8221; celebra la &#8220;Giornata della Memoria&#8221; con Nicola Marazzita\",\"datePublished\":\"2026-01-26T10:18:33+00:00\",\"dateModified\":\"2026-01-26T11:34:54+00:00\",\"mainEntityOfPage\":{\"@id\":\"https:\/\/progettotouring.it\/radiotouring104\/2026\/01\/26\/villa-sg-listituto-nostro-repaci-celebra-la-giornata-della-memoria-con-nicola-marazzita\/\"},\"wordCount\":478,\"publisher\":{\"@id\":\"https:\/\/progettotouring.it\/radiotouring104\/#organization\"},\"image\":{\"@id\":\"https:\/\/progettotouring.it\/radiotouring104\/2026\/01\/26\/villa-sg-listituto-nostro-repaci-celebra-la-giornata-della-memoria-con-nicola-marazzita\/#primaryimage\"},\"thumbnailUrl\":\"https:\/\/progettotouring.it\/radiotouring104\/wp-content\/uploads\/sites\/6\/2026\/01\/Nostro-Repaci-Giornata-Memoria-IMI-Marazzita.jpg\",\"keywords\":[\"giornata della memoria\",\"Internati Militari Italiani (IMI)\",\"Istituto d\u2019Istruzione Superiore \u201cL. Nostro - L. Repaci\u201d\",\"libro \u201cIl coraggio dei tre no. Storia di una resistenza silenziosa\u201d\",\"Nicola Marazzita\"],\"articleSection\":[\"Home\",\"News\",\"Reggio Calabria\"],\"inLanguage\":\"it-IT\"},{\"@type\":\"WebPage\",\"@id\":\"https:\/\/progettotouring.it\/radiotouring104\/2026\/01\/26\/villa-sg-listituto-nostro-repaci-celebra-la-giornata-della-memoria-con-nicola-marazzita\/\",\"url\":\"https:\/\/progettotouring.it\/radiotouring104\/2026\/01\/26\/villa-sg-listituto-nostro-repaci-celebra-la-giornata-della-memoria-con-nicola-marazzita\/\",\"name\":\"Villa SG: l'Istituto \\\"Nostro Repaci\\\" celebra la \\\"Giornata della Memoria\\\" con Nicola Marazzita - Radio Touring 104\",\"isPartOf\":{\"@id\":\"https:\/\/progettotouring.it\/radiotouring104\/#website\"},\"primaryImageOfPage\":{\"@id\":\"https:\/\/progettotouring.it\/radiotouring104\/2026\/01\/26\/villa-sg-listituto-nostro-repaci-celebra-la-giornata-della-memoria-con-nicola-marazzita\/#primaryimage\"},\"image\":{\"@id\":\"https:\/\/progettotouring.it\/radiotouring104\/2026\/01\/26\/villa-sg-listituto-nostro-repaci-celebra-la-giornata-della-memoria-con-nicola-marazzita\/#primaryimage\"},\"thumbnailUrl\":\"https:\/\/progettotouring.it\/radiotouring104\/wp-content\/uploads\/sites\/6\/2026\/01\/Nostro-Repaci-Giornata-Memoria-IMI-Marazzita.jpg\",\"datePublished\":\"2026-01-26T10:18:33+00:00\",\"dateModified\":\"2026-01-26T11:34:54+00:00\",\"description\":\"Gli alunni hanno celebrato in anticipo la Giornata, incontrando il 23 e 24 gennaio, il figlio di uno degli Internati Militari Italiani\",\"breadcrumb\":{\"@id\":\"https:\/\/progettotouring.it\/radiotouring104\/2026\/01\/26\/villa-sg-listituto-nostro-repaci-celebra-la-giornata-della-memoria-con-nicola-marazzita\/#breadcrumb\"},\"inLanguage\":\"it-IT\",\"potentialAction\":[{\"@type\":\"ReadAction\",\"target\":[\"https:\/\/progettotouring.it\/radiotouring104\/2026\/01\/26\/villa-sg-listituto-nostro-repaci-celebra-la-giornata-della-memoria-con-nicola-marazzita\/\"]}]},{\"@type\":\"ImageObject\",\"inLanguage\":\"it-IT\",\"@id\":\"https:\/\/progettotouring.it\/radiotouring104\/2026\/01\/26\/villa-sg-listituto-nostro-repaci-celebra-la-giornata-della-memoria-con-nicola-marazzita\/#primaryimage\",\"url\":\"https:\/\/progettotouring.it\/radiotouring104\/wp-content\/uploads\/sites\/6\/2026\/01\/Nostro-Repaci-Giornata-Memoria-IMI-Marazzita.jpg\",\"contentUrl\":\"https:\/\/progettotouring.it\/radiotouring104\/wp-content\/uploads\/sites\/6\/2026\/01\/Nostro-Repaci-Giornata-Memoria-IMI-Marazzita.jpg\",\"width\":1797,\"height\":1232},{\"@type\":\"BreadcrumbList\",\"@id\":\"https:\/\/progettotouring.it\/radiotouring104\/2026\/01\/26\/villa-sg-listituto-nostro-repaci-celebra-la-giornata-della-memoria-con-nicola-marazzita\/#breadcrumb\",\"itemListElement\":[{\"@type\":\"ListItem\",\"position\":1,\"name\":\"Home\",\"item\":\"https:\/\/progettotouring.it\/radiotouring104\/\"},{\"@type\":\"ListItem\",\"position\":2,\"name\":\"Villa SG: l&#8217;Istituto &#8220;Nostro Repaci&#8221; celebra la &#8220;Giornata della Memoria&#8221; con Nicola Marazzita\"}]},{\"@type\":\"WebSite\",\"@id\":\"https:\/\/progettotouring.it\/radiotouring104\/#website\",\"url\":\"https:\/\/progettotouring.it\/radiotouring104\/\",\"name\":\"Radio Touring 104\",\"description\":\"La prima radio Reggina\",\"publisher\":{\"@id\":\"https:\/\/progettotouring.it\/radiotouring104\/#organization\"},\"potentialAction\":[{\"@type\":\"SearchAction\",\"target\":{\"@type\":\"EntryPoint\",\"urlTemplate\":\"https:\/\/progettotouring.it\/radiotouring104\/?s={search_term_string}\"},\"query-input\":{\"@type\":\"PropertyValueSpecification\",\"valueRequired\":true,\"valueName\":\"search_term_string\"}}],\"inLanguage\":\"it-IT\"},{\"@type\":\"Organization\",\"@id\":\"https:\/\/progettotouring.it\/radiotouring104\/#organization\",\"name\":\"Radio Touring 104\",\"url\":\"https:\/\/progettotouring.it\/radiotouring104\/\",\"logo\":{\"@type\":\"ImageObject\",\"inLanguage\":\"it-IT\",\"@id\":\"https:\/\/progettotouring.it\/radiotouring104\/#\/schema\/logo\/image\/\",\"url\":\"https:\/\/progettotouring.it\/radiotouring104\/wp-content\/uploads\/sites\/6\/2022\/02\/cropped-logo-radio-touring-104.png\",\"contentUrl\":\"https:\/\/progettotouring.it\/radiotouring104\/wp-content\/uploads\/sites\/6\/2022\/02\/cropped-logo-radio-touring-104.png\",\"width\":377,\"height\":182,\"caption\":\"Radio Touring 104\"},\"image\":{\"@id\":\"https:\/\/progettotouring.it\/radiotouring104\/#\/schema\/logo\/image\/\"}},{\"@type\":\"Person\",\"@id\":\"https:\/\/progettotouring.it\/radiotouring104\/#\/schema\/person\/1b3eb3c07c47136bc44c785c543e635f\",\"name\":\"redazione\",\"image\":{\"@type\":\"ImageObject\",\"inLanguage\":\"it-IT\",\"@id\":\"https:\/\/secure.gravatar.com\/avatar\/0b31605b49f100769e8b624b3e05de1b73e1692e9568a352f60f53fd072e6e11?s=96&d=mm&r=g\",\"url\":\"https:\/\/secure.gravatar.com\/avatar\/0b31605b49f100769e8b624b3e05de1b73e1692e9568a352f60f53fd072e6e11?s=96&d=mm&r=g\",\"contentUrl\":\"https:\/\/secure.gravatar.com\/avatar\/0b31605b49f100769e8b624b3e05de1b73e1692e9568a352f60f53fd072e6e11?s=96&d=mm&r=g\",\"caption\":\"redazione\"},\"url\":\"https:\/\/progettotouring.it\/radiotouring104\/author\/redazione\/\"}]}<\/script>\n<!-- \/ Yoast SEO plugin. -->","yoast_head_json":{"title":"Villa SG: l'Istituto \"Nostro Repaci\" celebra la \"Giornata della Memoria\" con Nicola Marazzita - Radio Touring 104","description":"Gli alunni hanno celebrato in anticipo la Giornata, incontrando il 23 e 24 gennaio, il figlio di uno degli Internati Militari Italiani","robots":{"index":"index","follow":"follow","max-snippet":"max-snippet:-1","max-image-preview":"max-image-preview:large","max-video-preview":"max-video-preview:-1"},"canonical":"https:\/\/progettotouring.it\/radiotouring104\/2026\/01\/26\/villa-sg-listituto-nostro-repaci-celebra-la-giornata-della-memoria-con-nicola-marazzita\/","og_locale":"it_IT","og_type":"article","og_title":"Villa SG: l'Istituto \"Nostro Repaci\" celebra la \"Giornata della Memoria\" con Nicola Marazzita - Radio Touring 104","og_description":"Gli alunni hanno celebrato in anticipo la Giornata, incontrando il 23 e 24 gennaio, il figlio di uno degli Internati Militari Italiani","og_url":"https:\/\/progettotouring.it\/radiotouring104\/2026\/01\/26\/villa-sg-listituto-nostro-repaci-celebra-la-giornata-della-memoria-con-nicola-marazzita\/","og_site_name":"Radio Touring 104","article_published_time":"2026-01-26T10:18:33+00:00","article_modified_time":"2026-01-26T11:34:54+00:00","og_image":[{"width":1797,"height":1232,"url":"https:\/\/progettotouring.it\/radiotouring104\/wp-content\/uploads\/sites\/6\/2026\/01\/Nostro-Repaci-Giornata-Memoria-IMI-Marazzita.jpg","type":"image\/jpeg"}],"author":"redazione","twitter_card":"summary_large_image","twitter_misc":{"Scritto da":"redazione","Tempo di lettura stimato":"2 minuti"},"schema":{"@context":"https:\/\/schema.org","@graph":[{"@type":"Article","@id":"https:\/\/progettotouring.it\/radiotouring104\/2026\/01\/26\/villa-sg-listituto-nostro-repaci-celebra-la-giornata-della-memoria-con-nicola-marazzita\/#article","isPartOf":{"@id":"https:\/\/progettotouring.it\/radiotouring104\/2026\/01\/26\/villa-sg-listituto-nostro-repaci-celebra-la-giornata-della-memoria-con-nicola-marazzita\/"},"author":{"name":"redazione","@id":"https:\/\/progettotouring.it\/radiotouring104\/#\/schema\/person\/1b3eb3c07c47136bc44c785c543e635f"},"headline":"Villa SG: l&#8217;Istituto &#8220;Nostro Repaci&#8221; celebra la &#8220;Giornata della Memoria&#8221; con Nicola Marazzita","datePublished":"2026-01-26T10:18:33+00:00","dateModified":"2026-01-26T11:34:54+00:00","mainEntityOfPage":{"@id":"https:\/\/progettotouring.it\/radiotouring104\/2026\/01\/26\/villa-sg-listituto-nostro-repaci-celebra-la-giornata-della-memoria-con-nicola-marazzita\/"},"wordCount":478,"publisher":{"@id":"https:\/\/progettotouring.it\/radiotouring104\/#organization"},"image":{"@id":"https:\/\/progettotouring.it\/radiotouring104\/2026\/01\/26\/villa-sg-listituto-nostro-repaci-celebra-la-giornata-della-memoria-con-nicola-marazzita\/#primaryimage"},"thumbnailUrl":"https:\/\/progettotouring.it\/radiotouring104\/wp-content\/uploads\/sites\/6\/2026\/01\/Nostro-Repaci-Giornata-Memoria-IMI-Marazzita.jpg","keywords":["giornata della memoria","Internati Militari Italiani (IMI)","Istituto d\u2019Istruzione Superiore \u201cL. Nostro - L. Repaci\u201d","libro \u201cIl coraggio dei tre no. Storia di una resistenza silenziosa\u201d","Nicola Marazzita"],"articleSection":["Home","News","Reggio Calabria"],"inLanguage":"it-IT"},{"@type":"WebPage","@id":"https:\/\/progettotouring.it\/radiotouring104\/2026\/01\/26\/villa-sg-listituto-nostro-repaci-celebra-la-giornata-della-memoria-con-nicola-marazzita\/","url":"https:\/\/progettotouring.it\/radiotouring104\/2026\/01\/26\/villa-sg-listituto-nostro-repaci-celebra-la-giornata-della-memoria-con-nicola-marazzita\/","name":"Villa SG: l'Istituto \"Nostro Repaci\" celebra la \"Giornata della Memoria\" con Nicola Marazzita - Radio Touring 104","isPartOf":{"@id":"https:\/\/progettotouring.it\/radiotouring104\/#website"},"primaryImageOfPage":{"@id":"https:\/\/progettotouring.it\/radiotouring104\/2026\/01\/26\/villa-sg-listituto-nostro-repaci-celebra-la-giornata-della-memoria-con-nicola-marazzita\/#primaryimage"},"image":{"@id":"https:\/\/progettotouring.it\/radiotouring104\/2026\/01\/26\/villa-sg-listituto-nostro-repaci-celebra-la-giornata-della-memoria-con-nicola-marazzita\/#primaryimage"},"thumbnailUrl":"https:\/\/progettotouring.it\/radiotouring104\/wp-content\/uploads\/sites\/6\/2026\/01\/Nostro-Repaci-Giornata-Memoria-IMI-Marazzita.jpg","datePublished":"2026-01-26T10:18:33+00:00","dateModified":"2026-01-26T11:34:54+00:00","description":"Gli alunni hanno celebrato in anticipo la Giornata, incontrando il 23 e 24 gennaio, il figlio di uno degli Internati Militari Italiani","breadcrumb":{"@id":"https:\/\/progettotouring.it\/radiotouring104\/2026\/01\/26\/villa-sg-listituto-nostro-repaci-celebra-la-giornata-della-memoria-con-nicola-marazzita\/#breadcrumb"},"inLanguage":"it-IT","potentialAction":[{"@type":"ReadAction","target":["https:\/\/progettotouring.it\/radiotouring104\/2026\/01\/26\/villa-sg-listituto-nostro-repaci-celebra-la-giornata-della-memoria-con-nicola-marazzita\/"]}]},{"@type":"ImageObject","inLanguage":"it-IT","@id":"https:\/\/progettotouring.it\/radiotouring104\/2026\/01\/26\/villa-sg-listituto-nostro-repaci-celebra-la-giornata-della-memoria-con-nicola-marazzita\/#primaryimage","url":"https:\/\/progettotouring.it\/radiotouring104\/wp-content\/uploads\/sites\/6\/2026\/01\/Nostro-Repaci-Giornata-Memoria-IMI-Marazzita.jpg","contentUrl":"https:\/\/progettotouring.it\/radiotouring104\/wp-content\/uploads\/sites\/6\/2026\/01\/Nostro-Repaci-Giornata-Memoria-IMI-Marazzita.jpg","width":1797,"height":1232},{"@type":"BreadcrumbList","@id":"https:\/\/progettotouring.it\/radiotouring104\/2026\/01\/26\/villa-sg-listituto-nostro-repaci-celebra-la-giornata-della-memoria-con-nicola-marazzita\/#breadcrumb","itemListElement":[{"@type":"ListItem","position":1,"name":"Home","item":"https:\/\/progettotouring.it\/radiotouring104\/"},{"@type":"ListItem","position":2,"name":"Villa SG: l&#8217;Istituto &#8220;Nostro Repaci&#8221; celebra la &#8220;Giornata della Memoria&#8221; con Nicola Marazzita"}]},{"@type":"WebSite","@id":"https:\/\/progettotouring.it\/radiotouring104\/#website","url":"https:\/\/progettotouring.it\/radiotouring104\/","name":"Radio Touring 104","description":"La prima radio Reggina","publisher":{"@id":"https:\/\/progettotouring.it\/radiotouring104\/#organization"},"potentialAction":[{"@type":"SearchAction","target":{"@type":"EntryPoint","urlTemplate":"https:\/\/progettotouring.it\/radiotouring104\/?s={search_term_string}"},"query-input":{"@type":"PropertyValueSpecification","valueRequired":true,"valueName":"search_term_string"}}],"inLanguage":"it-IT"},{"@type":"Organization","@id":"https:\/\/progettotouring.it\/radiotouring104\/#organization","name":"Radio Touring 104","url":"https:\/\/progettotouring.it\/radiotouring104\/","logo":{"@type":"ImageObject","inLanguage":"it-IT","@id":"https:\/\/progettotouring.it\/radiotouring104\/#\/schema\/logo\/image\/","url":"https:\/\/progettotouring.it\/radiotouring104\/wp-content\/uploads\/sites\/6\/2022\/02\/cropped-logo-radio-touring-104.png","contentUrl":"https:\/\/progettotouring.it\/radiotouring104\/wp-content\/uploads\/sites\/6\/2022\/02\/cropped-logo-radio-touring-104.png","width":377,"height":182,"caption":"Radio Touring 104"},"image":{"@id":"https:\/\/progettotouring.it\/radiotouring104\/#\/schema\/logo\/image\/"}},{"@type":"Person","@id":"https:\/\/progettotouring.it\/radiotouring104\/#\/schema\/person\/1b3eb3c07c47136bc44c785c543e635f","name":"redazione","image":{"@type":"ImageObject","inLanguage":"it-IT","@id":"https:\/\/secure.gravatar.com\/avatar\/0b31605b49f100769e8b624b3e05de1b73e1692e9568a352f60f53fd072e6e11?s=96&d=mm&r=g","url":"https:\/\/secure.gravatar.com\/avatar\/0b31605b49f100769e8b624b3e05de1b73e1692e9568a352f60f53fd072e6e11?s=96&d=mm&r=g","contentUrl":"https:\/\/secure.gravatar.com\/avatar\/0b31605b49f100769e8b624b3e05de1b73e1692e9568a352f60f53fd072e6e11?s=96&d=mm&r=g","caption":"redazione"},"url":"https:\/\/progettotouring.it\/radiotouring104\/author\/redazione\/"}]}},"jetpack_publicize_connections":[],"jetpack_featured_media_url":"https:\/\/progettotouring.it\/radiotouring104\/wp-content\/uploads\/sites\/6\/2026\/01\/Nostro-Repaci-Giornata-Memoria-IMI-Marazzita.jpg","jetpack_sharing_enabled":true,"_links":{"self":[{"href":"https:\/\/progettotouring.it\/radiotouring104\/wp-json\/wp\/v2\/posts\/89528","targetHints":{"allow":["GET"]}}],"collection":[{"href":"https:\/\/progettotouring.it\/radiotouring104\/wp-json\/wp\/v2\/posts"}],"about":[{"href":"https:\/\/progettotouring.it\/radiotouring104\/wp-json\/wp\/v2\/types\/post"}],"author":[{"embeddable":true,"href":"https:\/\/progettotouring.it\/radiotouring104\/wp-json\/wp\/v2\/users\/5"}],"replies":[{"embeddable":true,"href":"https:\/\/progettotouring.it\/radiotouring104\/wp-json\/wp\/v2\/comments?post=89528"}],"version-history":[{"count":1,"href":"https:\/\/progettotouring.it\/radiotouring104\/wp-json\/wp\/v2\/posts\/89528\/revisions"}],"predecessor-version":[{"id":89530,"href":"https:\/\/progettotouring.it\/radiotouring104\/wp-json\/wp\/v2\/posts\/89528\/revisions\/89530"}],"wp:featuredmedia":[{"embeddable":true,"href":"https:\/\/progettotouring.it\/radiotouring104\/wp-json\/wp\/v2\/media\/89529"}],"wp:attachment":[{"href":"https:\/\/progettotouring.it\/radiotouring104\/wp-json\/wp\/v2\/media?parent=89528"}],"wp:term":[{"taxonomy":"category","embeddable":true,"href":"https:\/\/progettotouring.it\/radiotouring104\/wp-json\/wp\/v2\/categories?post=89528"},{"taxonomy":"post_tag","embeddable":true,"href":"https:\/\/progettotouring.it\/radiotouring104\/wp-json\/wp\/v2\/tags?post=89528"}],"curies":[{"name":"wp","href":"https:\/\/api.w.org\/{rel}","templated":true}]}}