{"id":89549,"date":"2026-01-26T12:11:56","date_gmt":"2026-01-26T11:11:56","guid":{"rendered":"https:\/\/progettotouring.it\/radiotouring104\/?p=89549"},"modified":"2026-01-26T12:34:21","modified_gmt":"2026-01-26T11:34:21","slug":"reggio-il-dottor-festicini-interviene-sulluso-dellai-nella-medicina","status":"publish","type":"post","link":"https:\/\/progettotouring.it\/radiotouring104\/2026\/01\/26\/reggio-il-dottor-festicini-interviene-sulluso-dellai-nella-medicina\/","title":{"rendered":"Reggio: il Dottor Festicini interviene sull&#8217;uso dell&#8217;AI nella Medicina"},"content":{"rendered":"<p>Il Presidente dell&#8217;Istituto Nazionale Azzurro, Dott. Lorenzo Festicini, interviene, in un&#8217;intervista, sull&#8217;importanza dell&#8217;ultilizzo dell&#8217;Intelligenza Artificiale in campo medico, tra dubbi e timori.<\/p>\n<p>\u00ab\u00c8 giusto parlarne con chiarezza. Il primo timore \u00e8 che la tecnologia possa sostituire il professionista, ma nella riabilitazione uditiva accade esattamente il contrario. Senza una valutazione accurata, senza un supporto umano costante e senza un percorso di adattamento guidato, anche l\u2019apparecchio pi\u00f9 avanzato non offre risultati soddisfacenti.<\/p>\n<p>L\u2019AI \u00e8 uno strumento potente, non una soluzione magica. Un secondo aspetto riguarda la gestione dei dati. Gli apparecchi connessi raccolgono informazioni sull\u2019uso quotidiano e sugli ambienti sonori frequentati. \u00c8 fondamentale che questi dati siano trattati nel rispetto della privacy e della sicurezza, e i sistemi che utilizziamo sono progettati proprio per proteggere l\u2019identit\u00e0 dell\u2019utente e utilizzare le informazioni esclusivamente a fini clinici. Infine, bisogna evitare aspettative irrealistiche. L\u2019intelligenza artificiale migliora in modo significativo la qualit\u00e0 dell\u2019ascolto, ma non restituisce un udito \u201cperfetto\u201d. Parte del nostro lavoro \u00e8 aiutare il paziente a capire cosa pu\u00f2 realisticamente aspettarsi e accompagnarlo passo dopo passo nel percorso di adattamento\u00bb.<\/p>\n<p>Guardando al futuro, come immagina l\u2019evoluzione dell\u2019AI nella riabilitazione dell\u2019udito? \u00abVedremo dispositivi sempre pi\u00f9 piccoli, discreti e potenti, capaci di integrarsi con strumenti di uso quotidiano come smartphone, televisione, computer e piattaforme di videoconferenza. L\u2019intelligenza artificiale diventer\u00e0 sempre pi\u00f9 predittiva, anticipando le esigenze della persona e ottimizzando l\u2019ascolto in modo quasi automatico. Mi aspetto anche un grande sviluppo della tele-assistenza. Gi\u00e0 oggi, in alcuni casi, possiamo intervenire a distanza sulle impostazioni degli apparecchi. In futuro questo tipo di supporto sar\u00e0 sempre pi\u00f9 diffuso, con vantaggi enormi soprattutto per le persone anziane o con difficolt\u00e0 di movimento\u00bb.<\/p>\n<p>Un messaggio finale per chi ha un problema uditivo ma continua a rimandare una visita? \u00abIl vero salto di qualit\u00e0 non \u00e8 solo tecnologico, \u00e8 di vita. Sentire meglio significa comunicare meglio, ridurre l\u2019isolamento, partecipare con pi\u00f9 serenit\u00e0 alla vita sociale e lavorativa. Oggi, grazie anche all\u2019intelligenza artificiale, abbiamo strumenti molto pi\u00f9 efficaci, confortevoli e personalizzabili rispetto al passato. Il primo passo per\u00f2 resta sempre lo stesso: riconoscere il problema e rivolgersi a un professionista di fiducia. Da l\u00ec in poi, il percorso si costruisce insieme\u00bb., conclude il Dottor Festicini.<\/p>\n","protected":false},"excerpt":{"rendered":"<p>Il Presidente dell&#8217;Istituto Nazionale Azzurro, Dott. Lorenzo Festicini, interviene, in un&#8217;intervista, sull&#8217;importanza dell&#8217;ultilizzo dell&#8217;Intelligenza Artificiale in campo medico, tra dubbi e timori. \u00ab\u00c8 giusto parlarne con chiarezza. Il primo timore&hellip;<\/p>\n","protected":false},"author":5,"featured_media":79421,"comment_status":"closed","ping_status":"open","sticky":false,"template":"","format":"standard","meta":{"_jetpack_memberships_contains_paid_content":false,"footnotes":"","jetpack_publicize_message":"","jetpack_publicize_feature_enabled":true,"jetpack_social_post_already_shared":true,"jetpack_social_options":{"image_generator_settings":{"template":"highway","default_image_id":0,"font":"","enabled":false},"version":2}},"categories":[921,196,140],"tags":[41187,50454,48971,50453,50455],"class_list":["post-89549","post","type-post","status-publish","format-standard","has-post-thumbnail","hentry","category-home","category-news","category-reggio-calabria","tag-istituto-nazionale-azzurro","tag-campo-medico","tag-dottor-lorenzo-festicini","tag-inteligenza-artificiale","tag-timori"],"yoast_head":"<!-- This site is optimized with the Yoast SEO plugin v27.2 - https:\/\/yoast.com\/product\/yoast-seo-wordpress\/ -->\n<title>Reggio: il Dottor Festicini interviene sull&#039;uso dell&#039;AI nella Medicina - Radio Touring 104<\/title>\n<meta name=\"description\" content=\"Intervista al Presidente dell&#039;INA sull&#039;uso dell&#039;Intelligenza artificiale, tra dubbi e timorir, nel campo della Medicina\" \/>\n<meta name=\"robots\" content=\"index, follow, max-snippet:-1, max-image-preview:large, max-video-preview:-1\" \/>\n<link rel=\"canonical\" href=\"https:\/\/progettotouring.it\/radiotouring104\/2026\/01\/26\/reggio-il-dottor-festicini-interviene-sulluso-dellai-nella-medicina\/\" \/>\n<meta property=\"og:locale\" content=\"it_IT\" \/>\n<meta property=\"og:type\" content=\"article\" \/>\n<meta property=\"og:title\" content=\"Reggio: il Dottor Festicini interviene sull&#039;uso dell&#039;AI nella Medicina - Radio Touring 104\" \/>\n<meta property=\"og:description\" content=\"Intervista al Presidente dell&#039;INA sull&#039;uso dell&#039;Intelligenza artificiale, tra dubbi e timorir, nel campo della Medicina\" \/>\n<meta property=\"og:url\" content=\"https:\/\/progettotouring.it\/radiotouring104\/2026\/01\/26\/reggio-il-dottor-festicini-interviene-sulluso-dellai-nella-medicina\/\" \/>\n<meta property=\"og:site_name\" content=\"Radio Touring 104\" \/>\n<meta property=\"article:published_time\" content=\"2026-01-26T11:11:56+00:00\" \/>\n<meta property=\"article:modified_time\" content=\"2026-01-26T11:34:21+00:00\" \/>\n<meta property=\"og:image\" content=\"https:\/\/progettotouring.it\/radiotouring104\/wp-content\/uploads\/sites\/6\/2025\/08\/Lorenzo-Festicini-INA.png\" \/>\n\t<meta property=\"og:image:width\" content=\"351\" \/>\n\t<meta property=\"og:image:height\" content=\"524\" \/>\n\t<meta property=\"og:image:type\" content=\"image\/png\" \/>\n<meta name=\"author\" content=\"redazione\" \/>\n<meta name=\"twitter:card\" content=\"summary_large_image\" \/>\n<meta name=\"twitter:label1\" content=\"Scritto da\" \/>\n\t<meta name=\"twitter:data1\" content=\"redazione\" \/>\n\t<meta name=\"twitter:label2\" content=\"Tempo di lettura stimato\" \/>\n\t<meta name=\"twitter:data2\" content=\"2 minuti\" \/>\n<script type=\"application\/ld+json\" class=\"yoast-schema-graph\">{\"@context\":\"https:\/\/schema.org\",\"@graph\":[{\"@type\":\"Article\",\"@id\":\"https:\/\/progettotouring.it\/radiotouring104\/2026\/01\/26\/reggio-il-dottor-festicini-interviene-sulluso-dellai-nella-medicina\/#article\",\"isPartOf\":{\"@id\":\"https:\/\/progettotouring.it\/radiotouring104\/2026\/01\/26\/reggio-il-dottor-festicini-interviene-sulluso-dellai-nella-medicina\/\"},\"author\":{\"name\":\"redazione\",\"@id\":\"https:\/\/progettotouring.it\/radiotouring104\/#\/schema\/person\/1b3eb3c07c47136bc44c785c543e635f\"},\"headline\":\"Reggio: il Dottor Festicini interviene sull&#8217;uso dell&#8217;AI nella Medicina\",\"datePublished\":\"2026-01-26T11:11:56+00:00\",\"dateModified\":\"2026-01-26T11:34:21+00:00\",\"mainEntityOfPage\":{\"@id\":\"https:\/\/progettotouring.it\/radiotouring104\/2026\/01\/26\/reggio-il-dottor-festicini-interviene-sulluso-dellai-nella-medicina\/\"},\"wordCount\":378,\"publisher\":{\"@id\":\"https:\/\/progettotouring.it\/radiotouring104\/#organization\"},\"image\":{\"@id\":\"https:\/\/progettotouring.it\/radiotouring104\/2026\/01\/26\/reggio-il-dottor-festicini-interviene-sulluso-dellai-nella-medicina\/#primaryimage\"},\"thumbnailUrl\":\"https:\/\/progettotouring.it\/radiotouring104\/wp-content\/uploads\/sites\/6\/2025\/08\/Lorenzo-Festicini-INA.png\",\"keywords\":[\"\u2019Istituto Nazionale Azzurro\",\"campo medico\",\"Dottor Lorenzo Festicini\",\"inteligenza artificiale\",\"timori\"],\"articleSection\":[\"Home\",\"News\",\"Reggio Calabria\"],\"inLanguage\":\"it-IT\"},{\"@type\":\"WebPage\",\"@id\":\"https:\/\/progettotouring.it\/radiotouring104\/2026\/01\/26\/reggio-il-dottor-festicini-interviene-sulluso-dellai-nella-medicina\/\",\"url\":\"https:\/\/progettotouring.it\/radiotouring104\/2026\/01\/26\/reggio-il-dottor-festicini-interviene-sulluso-dellai-nella-medicina\/\",\"name\":\"Reggio: il Dottor Festicini interviene sull'uso dell'AI nella Medicina - Radio Touring 104\",\"isPartOf\":{\"@id\":\"https:\/\/progettotouring.it\/radiotouring104\/#website\"},\"primaryImageOfPage\":{\"@id\":\"https:\/\/progettotouring.it\/radiotouring104\/2026\/01\/26\/reggio-il-dottor-festicini-interviene-sulluso-dellai-nella-medicina\/#primaryimage\"},\"image\":{\"@id\":\"https:\/\/progettotouring.it\/radiotouring104\/2026\/01\/26\/reggio-il-dottor-festicini-interviene-sulluso-dellai-nella-medicina\/#primaryimage\"},\"thumbnailUrl\":\"https:\/\/progettotouring.it\/radiotouring104\/wp-content\/uploads\/sites\/6\/2025\/08\/Lorenzo-Festicini-INA.png\",\"datePublished\":\"2026-01-26T11:11:56+00:00\",\"dateModified\":\"2026-01-26T11:34:21+00:00\",\"description\":\"Intervista al Presidente dell'INA sull'uso dell'Intelligenza artificiale, tra dubbi e timorir, nel campo della Medicina\",\"breadcrumb\":{\"@id\":\"https:\/\/progettotouring.it\/radiotouring104\/2026\/01\/26\/reggio-il-dottor-festicini-interviene-sulluso-dellai-nella-medicina\/#breadcrumb\"},\"inLanguage\":\"it-IT\",\"potentialAction\":[{\"@type\":\"ReadAction\",\"target\":[\"https:\/\/progettotouring.it\/radiotouring104\/2026\/01\/26\/reggio-il-dottor-festicini-interviene-sulluso-dellai-nella-medicina\/\"]}]},{\"@type\":\"ImageObject\",\"inLanguage\":\"it-IT\",\"@id\":\"https:\/\/progettotouring.it\/radiotouring104\/2026\/01\/26\/reggio-il-dottor-festicini-interviene-sulluso-dellai-nella-medicina\/#primaryimage\",\"url\":\"https:\/\/progettotouring.it\/radiotouring104\/wp-content\/uploads\/sites\/6\/2025\/08\/Lorenzo-Festicini-INA.png\",\"contentUrl\":\"https:\/\/progettotouring.it\/radiotouring104\/wp-content\/uploads\/sites\/6\/2025\/08\/Lorenzo-Festicini-INA.png\",\"width\":351,\"height\":524},{\"@type\":\"BreadcrumbList\",\"@id\":\"https:\/\/progettotouring.it\/radiotouring104\/2026\/01\/26\/reggio-il-dottor-festicini-interviene-sulluso-dellai-nella-medicina\/#breadcrumb\",\"itemListElement\":[{\"@type\":\"ListItem\",\"position\":1,\"name\":\"Home\",\"item\":\"https:\/\/progettotouring.it\/radiotouring104\/\"},{\"@type\":\"ListItem\",\"position\":2,\"name\":\"Reggio: il Dottor Festicini interviene sull&#8217;uso dell&#8217;AI nella Medicina\"}]},{\"@type\":\"WebSite\",\"@id\":\"https:\/\/progettotouring.it\/radiotouring104\/#website\",\"url\":\"https:\/\/progettotouring.it\/radiotouring104\/\",\"name\":\"Radio Touring 104\",\"description\":\"La prima radio Reggina\",\"publisher\":{\"@id\":\"https:\/\/progettotouring.it\/radiotouring104\/#organization\"},\"potentialAction\":[{\"@type\":\"SearchAction\",\"target\":{\"@type\":\"EntryPoint\",\"urlTemplate\":\"https:\/\/progettotouring.it\/radiotouring104\/?s={search_term_string}\"},\"query-input\":{\"@type\":\"PropertyValueSpecification\",\"valueRequired\":true,\"valueName\":\"search_term_string\"}}],\"inLanguage\":\"it-IT\"},{\"@type\":\"Organization\",\"@id\":\"https:\/\/progettotouring.it\/radiotouring104\/#organization\",\"name\":\"Radio Touring 104\",\"url\":\"https:\/\/progettotouring.it\/radiotouring104\/\",\"logo\":{\"@type\":\"ImageObject\",\"inLanguage\":\"it-IT\",\"@id\":\"https:\/\/progettotouring.it\/radiotouring104\/#\/schema\/logo\/image\/\",\"url\":\"https:\/\/progettotouring.it\/radiotouring104\/wp-content\/uploads\/sites\/6\/2022\/02\/cropped-logo-radio-touring-104.png\",\"contentUrl\":\"https:\/\/progettotouring.it\/radiotouring104\/wp-content\/uploads\/sites\/6\/2022\/02\/cropped-logo-radio-touring-104.png\",\"width\":377,\"height\":182,\"caption\":\"Radio Touring 104\"},\"image\":{\"@id\":\"https:\/\/progettotouring.it\/radiotouring104\/#\/schema\/logo\/image\/\"}},{\"@type\":\"Person\",\"@id\":\"https:\/\/progettotouring.it\/radiotouring104\/#\/schema\/person\/1b3eb3c07c47136bc44c785c543e635f\",\"name\":\"redazione\",\"image\":{\"@type\":\"ImageObject\",\"inLanguage\":\"it-IT\",\"@id\":\"https:\/\/secure.gravatar.com\/avatar\/0b31605b49f100769e8b624b3e05de1b73e1692e9568a352f60f53fd072e6e11?s=96&d=mm&r=g\",\"url\":\"https:\/\/secure.gravatar.com\/avatar\/0b31605b49f100769e8b624b3e05de1b73e1692e9568a352f60f53fd072e6e11?s=96&d=mm&r=g\",\"contentUrl\":\"https:\/\/secure.gravatar.com\/avatar\/0b31605b49f100769e8b624b3e05de1b73e1692e9568a352f60f53fd072e6e11?s=96&d=mm&r=g\",\"caption\":\"redazione\"},\"url\":\"https:\/\/progettotouring.it\/radiotouring104\/author\/redazione\/\"}]}<\/script>\n<!-- \/ Yoast SEO plugin. -->","yoast_head_json":{"title":"Reggio: il Dottor Festicini interviene sull'uso dell'AI nella Medicina - Radio Touring 104","description":"Intervista al Presidente dell'INA sull'uso dell'Intelligenza artificiale, tra dubbi e timorir, nel campo della Medicina","robots":{"index":"index","follow":"follow","max-snippet":"max-snippet:-1","max-image-preview":"max-image-preview:large","max-video-preview":"max-video-preview:-1"},"canonical":"https:\/\/progettotouring.it\/radiotouring104\/2026\/01\/26\/reggio-il-dottor-festicini-interviene-sulluso-dellai-nella-medicina\/","og_locale":"it_IT","og_type":"article","og_title":"Reggio: il Dottor Festicini interviene sull'uso dell'AI nella Medicina - Radio Touring 104","og_description":"Intervista al Presidente dell'INA sull'uso dell'Intelligenza artificiale, tra dubbi e timorir, nel campo della Medicina","og_url":"https:\/\/progettotouring.it\/radiotouring104\/2026\/01\/26\/reggio-il-dottor-festicini-interviene-sulluso-dellai-nella-medicina\/","og_site_name":"Radio Touring 104","article_published_time":"2026-01-26T11:11:56+00:00","article_modified_time":"2026-01-26T11:34:21+00:00","og_image":[{"width":351,"height":524,"url":"https:\/\/progettotouring.it\/radiotouring104\/wp-content\/uploads\/sites\/6\/2025\/08\/Lorenzo-Festicini-INA.png","type":"image\/png"}],"author":"redazione","twitter_card":"summary_large_image","twitter_misc":{"Scritto da":"redazione","Tempo di lettura stimato":"2 minuti"},"schema":{"@context":"https:\/\/schema.org","@graph":[{"@type":"Article","@id":"https:\/\/progettotouring.it\/radiotouring104\/2026\/01\/26\/reggio-il-dottor-festicini-interviene-sulluso-dellai-nella-medicina\/#article","isPartOf":{"@id":"https:\/\/progettotouring.it\/radiotouring104\/2026\/01\/26\/reggio-il-dottor-festicini-interviene-sulluso-dellai-nella-medicina\/"},"author":{"name":"redazione","@id":"https:\/\/progettotouring.it\/radiotouring104\/#\/schema\/person\/1b3eb3c07c47136bc44c785c543e635f"},"headline":"Reggio: il Dottor Festicini interviene sull&#8217;uso dell&#8217;AI nella Medicina","datePublished":"2026-01-26T11:11:56+00:00","dateModified":"2026-01-26T11:34:21+00:00","mainEntityOfPage":{"@id":"https:\/\/progettotouring.it\/radiotouring104\/2026\/01\/26\/reggio-il-dottor-festicini-interviene-sulluso-dellai-nella-medicina\/"},"wordCount":378,"publisher":{"@id":"https:\/\/progettotouring.it\/radiotouring104\/#organization"},"image":{"@id":"https:\/\/progettotouring.it\/radiotouring104\/2026\/01\/26\/reggio-il-dottor-festicini-interviene-sulluso-dellai-nella-medicina\/#primaryimage"},"thumbnailUrl":"https:\/\/progettotouring.it\/radiotouring104\/wp-content\/uploads\/sites\/6\/2025\/08\/Lorenzo-Festicini-INA.png","keywords":["\u2019Istituto Nazionale Azzurro","campo medico","Dottor Lorenzo Festicini","inteligenza artificiale","timori"],"articleSection":["Home","News","Reggio Calabria"],"inLanguage":"it-IT"},{"@type":"WebPage","@id":"https:\/\/progettotouring.it\/radiotouring104\/2026\/01\/26\/reggio-il-dottor-festicini-interviene-sulluso-dellai-nella-medicina\/","url":"https:\/\/progettotouring.it\/radiotouring104\/2026\/01\/26\/reggio-il-dottor-festicini-interviene-sulluso-dellai-nella-medicina\/","name":"Reggio: il Dottor Festicini interviene sull'uso dell'AI nella Medicina - Radio Touring 104","isPartOf":{"@id":"https:\/\/progettotouring.it\/radiotouring104\/#website"},"primaryImageOfPage":{"@id":"https:\/\/progettotouring.it\/radiotouring104\/2026\/01\/26\/reggio-il-dottor-festicini-interviene-sulluso-dellai-nella-medicina\/#primaryimage"},"image":{"@id":"https:\/\/progettotouring.it\/radiotouring104\/2026\/01\/26\/reggio-il-dottor-festicini-interviene-sulluso-dellai-nella-medicina\/#primaryimage"},"thumbnailUrl":"https:\/\/progettotouring.it\/radiotouring104\/wp-content\/uploads\/sites\/6\/2025\/08\/Lorenzo-Festicini-INA.png","datePublished":"2026-01-26T11:11:56+00:00","dateModified":"2026-01-26T11:34:21+00:00","description":"Intervista al Presidente dell'INA sull'uso dell'Intelligenza artificiale, tra dubbi e timorir, nel campo della Medicina","breadcrumb":{"@id":"https:\/\/progettotouring.it\/radiotouring104\/2026\/01\/26\/reggio-il-dottor-festicini-interviene-sulluso-dellai-nella-medicina\/#breadcrumb"},"inLanguage":"it-IT","potentialAction":[{"@type":"ReadAction","target":["https:\/\/progettotouring.it\/radiotouring104\/2026\/01\/26\/reggio-il-dottor-festicini-interviene-sulluso-dellai-nella-medicina\/"]}]},{"@type":"ImageObject","inLanguage":"it-IT","@id":"https:\/\/progettotouring.it\/radiotouring104\/2026\/01\/26\/reggio-il-dottor-festicini-interviene-sulluso-dellai-nella-medicina\/#primaryimage","url":"https:\/\/progettotouring.it\/radiotouring104\/wp-content\/uploads\/sites\/6\/2025\/08\/Lorenzo-Festicini-INA.png","contentUrl":"https:\/\/progettotouring.it\/radiotouring104\/wp-content\/uploads\/sites\/6\/2025\/08\/Lorenzo-Festicini-INA.png","width":351,"height":524},{"@type":"BreadcrumbList","@id":"https:\/\/progettotouring.it\/radiotouring104\/2026\/01\/26\/reggio-il-dottor-festicini-interviene-sulluso-dellai-nella-medicina\/#breadcrumb","itemListElement":[{"@type":"ListItem","position":1,"name":"Home","item":"https:\/\/progettotouring.it\/radiotouring104\/"},{"@type":"ListItem","position":2,"name":"Reggio: il Dottor Festicini interviene sull&#8217;uso dell&#8217;AI nella Medicina"}]},{"@type":"WebSite","@id":"https:\/\/progettotouring.it\/radiotouring104\/#website","url":"https:\/\/progettotouring.it\/radiotouring104\/","name":"Radio Touring 104","description":"La prima radio Reggina","publisher":{"@id":"https:\/\/progettotouring.it\/radiotouring104\/#organization"},"potentialAction":[{"@type":"SearchAction","target":{"@type":"EntryPoint","urlTemplate":"https:\/\/progettotouring.it\/radiotouring104\/?s={search_term_string}"},"query-input":{"@type":"PropertyValueSpecification","valueRequired":true,"valueName":"search_term_string"}}],"inLanguage":"it-IT"},{"@type":"Organization","@id":"https:\/\/progettotouring.it\/radiotouring104\/#organization","name":"Radio Touring 104","url":"https:\/\/progettotouring.it\/radiotouring104\/","logo":{"@type":"ImageObject","inLanguage":"it-IT","@id":"https:\/\/progettotouring.it\/radiotouring104\/#\/schema\/logo\/image\/","url":"https:\/\/progettotouring.it\/radiotouring104\/wp-content\/uploads\/sites\/6\/2022\/02\/cropped-logo-radio-touring-104.png","contentUrl":"https:\/\/progettotouring.it\/radiotouring104\/wp-content\/uploads\/sites\/6\/2022\/02\/cropped-logo-radio-touring-104.png","width":377,"height":182,"caption":"Radio Touring 104"},"image":{"@id":"https:\/\/progettotouring.it\/radiotouring104\/#\/schema\/logo\/image\/"}},{"@type":"Person","@id":"https:\/\/progettotouring.it\/radiotouring104\/#\/schema\/person\/1b3eb3c07c47136bc44c785c543e635f","name":"redazione","image":{"@type":"ImageObject","inLanguage":"it-IT","@id":"https:\/\/secure.gravatar.com\/avatar\/0b31605b49f100769e8b624b3e05de1b73e1692e9568a352f60f53fd072e6e11?s=96&d=mm&r=g","url":"https:\/\/secure.gravatar.com\/avatar\/0b31605b49f100769e8b624b3e05de1b73e1692e9568a352f60f53fd072e6e11?s=96&d=mm&r=g","contentUrl":"https:\/\/secure.gravatar.com\/avatar\/0b31605b49f100769e8b624b3e05de1b73e1692e9568a352f60f53fd072e6e11?s=96&d=mm&r=g","caption":"redazione"},"url":"https:\/\/progettotouring.it\/radiotouring104\/author\/redazione\/"}]}},"jetpack_publicize_connections":[],"jetpack_featured_media_url":"https:\/\/progettotouring.it\/radiotouring104\/wp-content\/uploads\/sites\/6\/2025\/08\/Lorenzo-Festicini-INA.png","jetpack_sharing_enabled":true,"_links":{"self":[{"href":"https:\/\/progettotouring.it\/radiotouring104\/wp-json\/wp\/v2\/posts\/89549","targetHints":{"allow":["GET"]}}],"collection":[{"href":"https:\/\/progettotouring.it\/radiotouring104\/wp-json\/wp\/v2\/posts"}],"about":[{"href":"https:\/\/progettotouring.it\/radiotouring104\/wp-json\/wp\/v2\/types\/post"}],"author":[{"embeddable":true,"href":"https:\/\/progettotouring.it\/radiotouring104\/wp-json\/wp\/v2\/users\/5"}],"replies":[{"embeddable":true,"href":"https:\/\/progettotouring.it\/radiotouring104\/wp-json\/wp\/v2\/comments?post=89549"}],"version-history":[{"count":1,"href":"https:\/\/progettotouring.it\/radiotouring104\/wp-json\/wp\/v2\/posts\/89549\/revisions"}],"predecessor-version":[{"id":89550,"href":"https:\/\/progettotouring.it\/radiotouring104\/wp-json\/wp\/v2\/posts\/89549\/revisions\/89550"}],"wp:featuredmedia":[{"embeddable":true,"href":"https:\/\/progettotouring.it\/radiotouring104\/wp-json\/wp\/v2\/media\/79421"}],"wp:attachment":[{"href":"https:\/\/progettotouring.it\/radiotouring104\/wp-json\/wp\/v2\/media?parent=89549"}],"wp:term":[{"taxonomy":"category","embeddable":true,"href":"https:\/\/progettotouring.it\/radiotouring104\/wp-json\/wp\/v2\/categories?post=89549"},{"taxonomy":"post_tag","embeddable":true,"href":"https:\/\/progettotouring.it\/radiotouring104\/wp-json\/wp\/v2\/tags?post=89549"}],"curies":[{"name":"wp","href":"https:\/\/api.w.org\/{rel}","templated":true}]}}