{"id":89553,"date":"2026-01-26T12:23:14","date_gmt":"2026-01-26T11:23:14","guid":{"rendered":"https:\/\/progettotouring.it\/radiotouring104\/?p=89553"},"modified":"2026-01-26T12:34:14","modified_gmt":"2026-01-26T11:34:14","slug":"palmi-presentato-il-coordinamento-di-forza-italia-giovani-guidato-da-armando-melara","status":"publish","type":"post","link":"https:\/\/progettotouring.it\/radiotouring104\/2026\/01\/26\/palmi-presentato-il-coordinamento-di-forza-italia-giovani-guidato-da-armando-melara\/","title":{"rendered":"Palmi: presentato il Coordinamento di Forza Italia Giovani, guidato da Armando Melara"},"content":{"rendered":"<p>Prosegue il radicamento territoriale di Forza Italia Giovani nella provincia di Reggio Calabria. Nella suggestiva cornice di Punta Piana, si \u00e8 tenuta la presentazione ufficiale del nuovo coordinamento cittadino di Palmi, alla presenza dei vertici regionali e provinciali del partito. A guidare i giovani forzisti palmesi sar\u00e0 Armando Melara, 26 anni, praticante avvocato e imprenditore.<\/p>\n<p>&nbsp;<\/p>\n<p>L\u2019incontro ha rappresentato un momento fondamentale nel percorso di riorganizzazione del partito sul territorio, confermando la volont\u00e0 di Forza Italia di puntare su una classe dirigente giovane e preparata.<\/p>\n<p><em>\u00a0<\/em><\/p>\n<p><em>\u00a0\u201cEntrare a far parte di questa realt\u00e0 \u00e8 stata la scelta migliore che potessi fare: ho trovato una vera famiglia, un gruppo di ragazzi di valore dotati di competenze e idee che rendono il confronto un motore di crescita collettiv<\/em><em>a <\/em><em>\u2013<\/em> ha dichiarato Melara durante la presentazione &#8211; <em>Ringrazio il coordinatore regionale Federico Milia per l\u2019accoglienza e per avermi reso partecipe di un progetto cos\u00ec dinamico. Il mio obiettivo \u00e8 chiaro: avvicinare i giovani alla politica con passione e seriet\u00e0, dimostrando che la partecipazione attiva e una visione lungimirante possono fare la differenza per il futuro del nostro territorio.\u201d<\/em><\/p>\n<p><em>\u00a0<\/em><\/p>\n<p>Intervenuto alla presentazione anche il Segretario Regionale di Forza Italia giovani, Federico Milia, che ha espresso la sua soddisfazione per la nascita del nuovo coordinamento di Palmi, inserito in un pi\u00f9 ampio piano di ristrutturazione del movimento in Calabria.<\/p>\n<p><em>\u00a0<\/em><\/p>\n<p><em>\u201cLa nomina di Armando Melara e la nascita del gruppo di Palmi testimoniano la salute di un movimento giovanile che non smette di crescere\u201d \u2013 <\/em>ha affermato Milia &#8211;<em>\u201cStiamo portando avanti una riorganizzazione capillare basata sulla qualit\u00e0 e sulla preparazione<\/em><em>, perch\u00e9 i giovani rappresentano <\/em><em>non sono solo il futuro, ma il presente operativo di Forza Italia<\/em><em>, grazie anche alla fiducia che il Segretario regionale di Forza Italia Francesco Cannizzaro ha sempre riposto in noi, considerandoci da sempre vera e propria classe dirigente.\u201d<\/em><\/p>\n<p><em>\u00a0<\/em><\/p>\n<p><em>\u201c<\/em><em>Ad Armando, di cui ho apprezzato fin da subito l&#8217;entusiasmo e la concretezza, vanno i miei migliori auguri di buon lavoro. <\/em><em>Sono certo <\/em><em>che Armando<\/em><em>, supportato dal Segretario di Reggio Giuseppe Camera, <\/em><em>sapr\u00e0 <\/em><em>rendersi interprete del<\/em><em>le necessit\u00e0 dei giovani di Palmi <\/em><em>trasformandoli <\/em><em>in progetti concreti<\/em><em>, <\/em><em>riaffermando il ruolo di Forza Italia come punto di riferimento<\/em><em> fattivamente <\/em><em>presente sul territorio&#8221;<\/em> conclude il Segretario regionale.<\/p>\n","protected":false},"excerpt":{"rendered":"<p>Prosegue il radicamento territoriale di Forza Italia Giovani nella provincia di Reggio Calabria. Nella suggestiva cornice di Punta Piana, si \u00e8 tenuta la presentazione ufficiale del nuovo coordinamento cittadino di&hellip;<\/p>\n","protected":false},"author":5,"featured_media":89554,"comment_status":"closed","ping_status":"open","sticky":false,"template":"","format":"standard","meta":{"_jetpack_memberships_contains_paid_content":false,"footnotes":"","jetpack_publicize_message":"","jetpack_publicize_feature_enabled":true,"jetpack_social_post_already_shared":true,"jetpack_social_options":{"image_generator_settings":{"template":"highway","default_image_id":0,"font":"","enabled":false},"version":2}},"categories":[921,196,140],"tags":[50456,21714,464,50457],"class_list":["post-89553","post","type-post","status-publish","format-standard","has-post-thumbnail","hentry","category-home","category-news","category-reggio-calabria","tag-armando-melara","tag-forza-italia-giovani","tag-palmi","tag-presentato-coordinamento-cittadino"],"yoast_head":"<!-- This site is optimized with the Yoast SEO plugin v27.2 - https:\/\/yoast.com\/product\/yoast-seo-wordpress\/ -->\n<title>Palmi: presentato il Coordinamento di Forza Italia Giovani, guidato da Armando Melara - Radio Touring 104<\/title>\n<meta name=\"description\" content=\"Svolta, a Punta Piana, la presentazione ufficiale del nuovo coordinamento cittadino di Palmi, guidato da Armando Melara, praticante avvocato\" \/>\n<meta name=\"robots\" content=\"index, follow, max-snippet:-1, max-image-preview:large, max-video-preview:-1\" \/>\n<link rel=\"canonical\" href=\"https:\/\/progettotouring.it\/radiotouring104\/2026\/01\/26\/palmi-presentato-il-coordinamento-di-forza-italia-giovani-guidato-da-armando-melara\/\" \/>\n<meta property=\"og:locale\" content=\"it_IT\" \/>\n<meta property=\"og:type\" content=\"article\" \/>\n<meta property=\"og:title\" content=\"Palmi: presentato il Coordinamento di Forza Italia Giovani, guidato da Armando Melara - Radio Touring 104\" \/>\n<meta property=\"og:description\" content=\"Svolta, a Punta Piana, la presentazione ufficiale del nuovo coordinamento cittadino di Palmi, guidato da Armando Melara, praticante avvocato\" \/>\n<meta property=\"og:url\" content=\"https:\/\/progettotouring.it\/radiotouring104\/2026\/01\/26\/palmi-presentato-il-coordinamento-di-forza-italia-giovani-guidato-da-armando-melara\/\" \/>\n<meta property=\"og:site_name\" content=\"Radio Touring 104\" \/>\n<meta property=\"article:published_time\" content=\"2026-01-26T11:23:14+00:00\" \/>\n<meta property=\"article:modified_time\" content=\"2026-01-26T11:34:14+00:00\" \/>\n<meta property=\"og:image\" content=\"https:\/\/progettotouring.it\/radiotouring104\/wp-content\/uploads\/sites\/6\/2026\/01\/Melara-FORZA-ITALIA-GIOVANI-PALMI-scaled.jpeg\" \/>\n\t<meta property=\"og:image:width\" content=\"2560\" \/>\n\t<meta property=\"og:image:height\" content=\"1920\" \/>\n\t<meta property=\"og:image:type\" content=\"image\/jpeg\" \/>\n<meta name=\"author\" content=\"redazione\" \/>\n<meta name=\"twitter:card\" content=\"summary_large_image\" \/>\n<meta name=\"twitter:label1\" content=\"Scritto da\" \/>\n\t<meta name=\"twitter:data1\" content=\"redazione\" \/>\n\t<meta name=\"twitter:label2\" content=\"Tempo di lettura stimato\" \/>\n\t<meta name=\"twitter:data2\" content=\"2 minuti\" \/>\n<script type=\"application\/ld+json\" class=\"yoast-schema-graph\">{\"@context\":\"https:\/\/schema.org\",\"@graph\":[{\"@type\":\"Article\",\"@id\":\"https:\/\/progettotouring.it\/radiotouring104\/2026\/01\/26\/palmi-presentato-il-coordinamento-di-forza-italia-giovani-guidato-da-armando-melara\/#article\",\"isPartOf\":{\"@id\":\"https:\/\/progettotouring.it\/radiotouring104\/2026\/01\/26\/palmi-presentato-il-coordinamento-di-forza-italia-giovani-guidato-da-armando-melara\/\"},\"author\":{\"name\":\"redazione\",\"@id\":\"https:\/\/progettotouring.it\/radiotouring104\/#\/schema\/person\/1b3eb3c07c47136bc44c785c543e635f\"},\"headline\":\"Palmi: presentato il Coordinamento di Forza Italia Giovani, guidato da Armando Melara\",\"datePublished\":\"2026-01-26T11:23:14+00:00\",\"dateModified\":\"2026-01-26T11:34:14+00:00\",\"mainEntityOfPage\":{\"@id\":\"https:\/\/progettotouring.it\/radiotouring104\/2026\/01\/26\/palmi-presentato-il-coordinamento-di-forza-italia-giovani-guidato-da-armando-melara\/\"},\"wordCount\":379,\"publisher\":{\"@id\":\"https:\/\/progettotouring.it\/radiotouring104\/#organization\"},\"image\":{\"@id\":\"https:\/\/progettotouring.it\/radiotouring104\/2026\/01\/26\/palmi-presentato-il-coordinamento-di-forza-italia-giovani-guidato-da-armando-melara\/#primaryimage\"},\"thumbnailUrl\":\"https:\/\/progettotouring.it\/radiotouring104\/wp-content\/uploads\/sites\/6\/2026\/01\/Melara-FORZA-ITALIA-GIOVANI-PALMI-scaled.jpeg\",\"keywords\":[\"Armando Melara\",\"Forza Italia Giovani\",\"Palmi\",\"presentato coordinamento cittadino\"],\"articleSection\":[\"Home\",\"News\",\"Reggio Calabria\"],\"inLanguage\":\"it-IT\"},{\"@type\":\"WebPage\",\"@id\":\"https:\/\/progettotouring.it\/radiotouring104\/2026\/01\/26\/palmi-presentato-il-coordinamento-di-forza-italia-giovani-guidato-da-armando-melara\/\",\"url\":\"https:\/\/progettotouring.it\/radiotouring104\/2026\/01\/26\/palmi-presentato-il-coordinamento-di-forza-italia-giovani-guidato-da-armando-melara\/\",\"name\":\"Palmi: presentato il Coordinamento di Forza Italia Giovani, guidato da Armando Melara - Radio Touring 104\",\"isPartOf\":{\"@id\":\"https:\/\/progettotouring.it\/radiotouring104\/#website\"},\"primaryImageOfPage\":{\"@id\":\"https:\/\/progettotouring.it\/radiotouring104\/2026\/01\/26\/palmi-presentato-il-coordinamento-di-forza-italia-giovani-guidato-da-armando-melara\/#primaryimage\"},\"image\":{\"@id\":\"https:\/\/progettotouring.it\/radiotouring104\/2026\/01\/26\/palmi-presentato-il-coordinamento-di-forza-italia-giovani-guidato-da-armando-melara\/#primaryimage\"},\"thumbnailUrl\":\"https:\/\/progettotouring.it\/radiotouring104\/wp-content\/uploads\/sites\/6\/2026\/01\/Melara-FORZA-ITALIA-GIOVANI-PALMI-scaled.jpeg\",\"datePublished\":\"2026-01-26T11:23:14+00:00\",\"dateModified\":\"2026-01-26T11:34:14+00:00\",\"description\":\"Svolta, a Punta Piana, la presentazione ufficiale del nuovo coordinamento cittadino di Palmi, guidato da Armando Melara, praticante avvocato\",\"breadcrumb\":{\"@id\":\"https:\/\/progettotouring.it\/radiotouring104\/2026\/01\/26\/palmi-presentato-il-coordinamento-di-forza-italia-giovani-guidato-da-armando-melara\/#breadcrumb\"},\"inLanguage\":\"it-IT\",\"potentialAction\":[{\"@type\":\"ReadAction\",\"target\":[\"https:\/\/progettotouring.it\/radiotouring104\/2026\/01\/26\/palmi-presentato-il-coordinamento-di-forza-italia-giovani-guidato-da-armando-melara\/\"]}]},{\"@type\":\"ImageObject\",\"inLanguage\":\"it-IT\",\"@id\":\"https:\/\/progettotouring.it\/radiotouring104\/2026\/01\/26\/palmi-presentato-il-coordinamento-di-forza-italia-giovani-guidato-da-armando-melara\/#primaryimage\",\"url\":\"https:\/\/progettotouring.it\/radiotouring104\/wp-content\/uploads\/sites\/6\/2026\/01\/Melara-FORZA-ITALIA-GIOVANI-PALMI-scaled.jpeg\",\"contentUrl\":\"https:\/\/progettotouring.it\/radiotouring104\/wp-content\/uploads\/sites\/6\/2026\/01\/Melara-FORZA-ITALIA-GIOVANI-PALMI-scaled.jpeg\",\"width\":2560,\"height\":1920},{\"@type\":\"BreadcrumbList\",\"@id\":\"https:\/\/progettotouring.it\/radiotouring104\/2026\/01\/26\/palmi-presentato-il-coordinamento-di-forza-italia-giovani-guidato-da-armando-melara\/#breadcrumb\",\"itemListElement\":[{\"@type\":\"ListItem\",\"position\":1,\"name\":\"Home\",\"item\":\"https:\/\/progettotouring.it\/radiotouring104\/\"},{\"@type\":\"ListItem\",\"position\":2,\"name\":\"Palmi: presentato il Coordinamento di Forza Italia Giovani, guidato da Armando Melara\"}]},{\"@type\":\"WebSite\",\"@id\":\"https:\/\/progettotouring.it\/radiotouring104\/#website\",\"url\":\"https:\/\/progettotouring.it\/radiotouring104\/\",\"name\":\"Radio Touring 104\",\"description\":\"La prima radio Reggina\",\"publisher\":{\"@id\":\"https:\/\/progettotouring.it\/radiotouring104\/#organization\"},\"potentialAction\":[{\"@type\":\"SearchAction\",\"target\":{\"@type\":\"EntryPoint\",\"urlTemplate\":\"https:\/\/progettotouring.it\/radiotouring104\/?s={search_term_string}\"},\"query-input\":{\"@type\":\"PropertyValueSpecification\",\"valueRequired\":true,\"valueName\":\"search_term_string\"}}],\"inLanguage\":\"it-IT\"},{\"@type\":\"Organization\",\"@id\":\"https:\/\/progettotouring.it\/radiotouring104\/#organization\",\"name\":\"Radio Touring 104\",\"url\":\"https:\/\/progettotouring.it\/radiotouring104\/\",\"logo\":{\"@type\":\"ImageObject\",\"inLanguage\":\"it-IT\",\"@id\":\"https:\/\/progettotouring.it\/radiotouring104\/#\/schema\/logo\/image\/\",\"url\":\"https:\/\/progettotouring.it\/radiotouring104\/wp-content\/uploads\/sites\/6\/2022\/02\/cropped-logo-radio-touring-104.png\",\"contentUrl\":\"https:\/\/progettotouring.it\/radiotouring104\/wp-content\/uploads\/sites\/6\/2022\/02\/cropped-logo-radio-touring-104.png\",\"width\":377,\"height\":182,\"caption\":\"Radio Touring 104\"},\"image\":{\"@id\":\"https:\/\/progettotouring.it\/radiotouring104\/#\/schema\/logo\/image\/\"}},{\"@type\":\"Person\",\"@id\":\"https:\/\/progettotouring.it\/radiotouring104\/#\/schema\/person\/1b3eb3c07c47136bc44c785c543e635f\",\"name\":\"redazione\",\"image\":{\"@type\":\"ImageObject\",\"inLanguage\":\"it-IT\",\"@id\":\"https:\/\/secure.gravatar.com\/avatar\/0b31605b49f100769e8b624b3e05de1b73e1692e9568a352f60f53fd072e6e11?s=96&d=mm&r=g\",\"url\":\"https:\/\/secure.gravatar.com\/avatar\/0b31605b49f100769e8b624b3e05de1b73e1692e9568a352f60f53fd072e6e11?s=96&d=mm&r=g\",\"contentUrl\":\"https:\/\/secure.gravatar.com\/avatar\/0b31605b49f100769e8b624b3e05de1b73e1692e9568a352f60f53fd072e6e11?s=96&d=mm&r=g\",\"caption\":\"redazione\"},\"url\":\"https:\/\/progettotouring.it\/radiotouring104\/author\/redazione\/\"}]}<\/script>\n<!-- \/ Yoast SEO plugin. -->","yoast_head_json":{"title":"Palmi: presentato il Coordinamento di Forza Italia Giovani, guidato da Armando Melara - Radio Touring 104","description":"Svolta, a Punta Piana, la presentazione ufficiale del nuovo coordinamento cittadino di Palmi, guidato da Armando Melara, praticante avvocato","robots":{"index":"index","follow":"follow","max-snippet":"max-snippet:-1","max-image-preview":"max-image-preview:large","max-video-preview":"max-video-preview:-1"},"canonical":"https:\/\/progettotouring.it\/radiotouring104\/2026\/01\/26\/palmi-presentato-il-coordinamento-di-forza-italia-giovani-guidato-da-armando-melara\/","og_locale":"it_IT","og_type":"article","og_title":"Palmi: presentato il Coordinamento di Forza Italia Giovani, guidato da Armando Melara - Radio Touring 104","og_description":"Svolta, a Punta Piana, la presentazione ufficiale del nuovo coordinamento cittadino di Palmi, guidato da Armando Melara, praticante avvocato","og_url":"https:\/\/progettotouring.it\/radiotouring104\/2026\/01\/26\/palmi-presentato-il-coordinamento-di-forza-italia-giovani-guidato-da-armando-melara\/","og_site_name":"Radio Touring 104","article_published_time":"2026-01-26T11:23:14+00:00","article_modified_time":"2026-01-26T11:34:14+00:00","og_image":[{"width":2560,"height":1920,"url":"https:\/\/progettotouring.it\/radiotouring104\/wp-content\/uploads\/sites\/6\/2026\/01\/Melara-FORZA-ITALIA-GIOVANI-PALMI-scaled.jpeg","type":"image\/jpeg"}],"author":"redazione","twitter_card":"summary_large_image","twitter_misc":{"Scritto da":"redazione","Tempo di lettura stimato":"2 minuti"},"schema":{"@context":"https:\/\/schema.org","@graph":[{"@type":"Article","@id":"https:\/\/progettotouring.it\/radiotouring104\/2026\/01\/26\/palmi-presentato-il-coordinamento-di-forza-italia-giovani-guidato-da-armando-melara\/#article","isPartOf":{"@id":"https:\/\/progettotouring.it\/radiotouring104\/2026\/01\/26\/palmi-presentato-il-coordinamento-di-forza-italia-giovani-guidato-da-armando-melara\/"},"author":{"name":"redazione","@id":"https:\/\/progettotouring.it\/radiotouring104\/#\/schema\/person\/1b3eb3c07c47136bc44c785c543e635f"},"headline":"Palmi: presentato il Coordinamento di Forza Italia Giovani, guidato da Armando Melara","datePublished":"2026-01-26T11:23:14+00:00","dateModified":"2026-01-26T11:34:14+00:00","mainEntityOfPage":{"@id":"https:\/\/progettotouring.it\/radiotouring104\/2026\/01\/26\/palmi-presentato-il-coordinamento-di-forza-italia-giovani-guidato-da-armando-melara\/"},"wordCount":379,"publisher":{"@id":"https:\/\/progettotouring.it\/radiotouring104\/#organization"},"image":{"@id":"https:\/\/progettotouring.it\/radiotouring104\/2026\/01\/26\/palmi-presentato-il-coordinamento-di-forza-italia-giovani-guidato-da-armando-melara\/#primaryimage"},"thumbnailUrl":"https:\/\/progettotouring.it\/radiotouring104\/wp-content\/uploads\/sites\/6\/2026\/01\/Melara-FORZA-ITALIA-GIOVANI-PALMI-scaled.jpeg","keywords":["Armando Melara","Forza Italia Giovani","Palmi","presentato coordinamento cittadino"],"articleSection":["Home","News","Reggio Calabria"],"inLanguage":"it-IT"},{"@type":"WebPage","@id":"https:\/\/progettotouring.it\/radiotouring104\/2026\/01\/26\/palmi-presentato-il-coordinamento-di-forza-italia-giovani-guidato-da-armando-melara\/","url":"https:\/\/progettotouring.it\/radiotouring104\/2026\/01\/26\/palmi-presentato-il-coordinamento-di-forza-italia-giovani-guidato-da-armando-melara\/","name":"Palmi: presentato il Coordinamento di Forza Italia Giovani, guidato da Armando Melara - Radio Touring 104","isPartOf":{"@id":"https:\/\/progettotouring.it\/radiotouring104\/#website"},"primaryImageOfPage":{"@id":"https:\/\/progettotouring.it\/radiotouring104\/2026\/01\/26\/palmi-presentato-il-coordinamento-di-forza-italia-giovani-guidato-da-armando-melara\/#primaryimage"},"image":{"@id":"https:\/\/progettotouring.it\/radiotouring104\/2026\/01\/26\/palmi-presentato-il-coordinamento-di-forza-italia-giovani-guidato-da-armando-melara\/#primaryimage"},"thumbnailUrl":"https:\/\/progettotouring.it\/radiotouring104\/wp-content\/uploads\/sites\/6\/2026\/01\/Melara-FORZA-ITALIA-GIOVANI-PALMI-scaled.jpeg","datePublished":"2026-01-26T11:23:14+00:00","dateModified":"2026-01-26T11:34:14+00:00","description":"Svolta, a Punta Piana, la presentazione ufficiale del nuovo coordinamento cittadino di Palmi, guidato da Armando Melara, praticante avvocato","breadcrumb":{"@id":"https:\/\/progettotouring.it\/radiotouring104\/2026\/01\/26\/palmi-presentato-il-coordinamento-di-forza-italia-giovani-guidato-da-armando-melara\/#breadcrumb"},"inLanguage":"it-IT","potentialAction":[{"@type":"ReadAction","target":["https:\/\/progettotouring.it\/radiotouring104\/2026\/01\/26\/palmi-presentato-il-coordinamento-di-forza-italia-giovani-guidato-da-armando-melara\/"]}]},{"@type":"ImageObject","inLanguage":"it-IT","@id":"https:\/\/progettotouring.it\/radiotouring104\/2026\/01\/26\/palmi-presentato-il-coordinamento-di-forza-italia-giovani-guidato-da-armando-melara\/#primaryimage","url":"https:\/\/progettotouring.it\/radiotouring104\/wp-content\/uploads\/sites\/6\/2026\/01\/Melara-FORZA-ITALIA-GIOVANI-PALMI-scaled.jpeg","contentUrl":"https:\/\/progettotouring.it\/radiotouring104\/wp-content\/uploads\/sites\/6\/2026\/01\/Melara-FORZA-ITALIA-GIOVANI-PALMI-scaled.jpeg","width":2560,"height":1920},{"@type":"BreadcrumbList","@id":"https:\/\/progettotouring.it\/radiotouring104\/2026\/01\/26\/palmi-presentato-il-coordinamento-di-forza-italia-giovani-guidato-da-armando-melara\/#breadcrumb","itemListElement":[{"@type":"ListItem","position":1,"name":"Home","item":"https:\/\/progettotouring.it\/radiotouring104\/"},{"@type":"ListItem","position":2,"name":"Palmi: presentato il Coordinamento di Forza Italia Giovani, guidato da Armando Melara"}]},{"@type":"WebSite","@id":"https:\/\/progettotouring.it\/radiotouring104\/#website","url":"https:\/\/progettotouring.it\/radiotouring104\/","name":"Radio Touring 104","description":"La prima radio Reggina","publisher":{"@id":"https:\/\/progettotouring.it\/radiotouring104\/#organization"},"potentialAction":[{"@type":"SearchAction","target":{"@type":"EntryPoint","urlTemplate":"https:\/\/progettotouring.it\/radiotouring104\/?s={search_term_string}"},"query-input":{"@type":"PropertyValueSpecification","valueRequired":true,"valueName":"search_term_string"}}],"inLanguage":"it-IT"},{"@type":"Organization","@id":"https:\/\/progettotouring.it\/radiotouring104\/#organization","name":"Radio Touring 104","url":"https:\/\/progettotouring.it\/radiotouring104\/","logo":{"@type":"ImageObject","inLanguage":"it-IT","@id":"https:\/\/progettotouring.it\/radiotouring104\/#\/schema\/logo\/image\/","url":"https:\/\/progettotouring.it\/radiotouring104\/wp-content\/uploads\/sites\/6\/2022\/02\/cropped-logo-radio-touring-104.png","contentUrl":"https:\/\/progettotouring.it\/radiotouring104\/wp-content\/uploads\/sites\/6\/2022\/02\/cropped-logo-radio-touring-104.png","width":377,"height":182,"caption":"Radio Touring 104"},"image":{"@id":"https:\/\/progettotouring.it\/radiotouring104\/#\/schema\/logo\/image\/"}},{"@type":"Person","@id":"https:\/\/progettotouring.it\/radiotouring104\/#\/schema\/person\/1b3eb3c07c47136bc44c785c543e635f","name":"redazione","image":{"@type":"ImageObject","inLanguage":"it-IT","@id":"https:\/\/secure.gravatar.com\/avatar\/0b31605b49f100769e8b624b3e05de1b73e1692e9568a352f60f53fd072e6e11?s=96&d=mm&r=g","url":"https:\/\/secure.gravatar.com\/avatar\/0b31605b49f100769e8b624b3e05de1b73e1692e9568a352f60f53fd072e6e11?s=96&d=mm&r=g","contentUrl":"https:\/\/secure.gravatar.com\/avatar\/0b31605b49f100769e8b624b3e05de1b73e1692e9568a352f60f53fd072e6e11?s=96&d=mm&r=g","caption":"redazione"},"url":"https:\/\/progettotouring.it\/radiotouring104\/author\/redazione\/"}]}},"jetpack_publicize_connections":[],"jetpack_featured_media_url":"https:\/\/progettotouring.it\/radiotouring104\/wp-content\/uploads\/sites\/6\/2026\/01\/Melara-FORZA-ITALIA-GIOVANI-PALMI-scaled.jpeg","jetpack_sharing_enabled":true,"_links":{"self":[{"href":"https:\/\/progettotouring.it\/radiotouring104\/wp-json\/wp\/v2\/posts\/89553","targetHints":{"allow":["GET"]}}],"collection":[{"href":"https:\/\/progettotouring.it\/radiotouring104\/wp-json\/wp\/v2\/posts"}],"about":[{"href":"https:\/\/progettotouring.it\/radiotouring104\/wp-json\/wp\/v2\/types\/post"}],"author":[{"embeddable":true,"href":"https:\/\/progettotouring.it\/radiotouring104\/wp-json\/wp\/v2\/users\/5"}],"replies":[{"embeddable":true,"href":"https:\/\/progettotouring.it\/radiotouring104\/wp-json\/wp\/v2\/comments?post=89553"}],"version-history":[{"count":3,"href":"https:\/\/progettotouring.it\/radiotouring104\/wp-json\/wp\/v2\/posts\/89553\/revisions"}],"predecessor-version":[{"id":89557,"href":"https:\/\/progettotouring.it\/radiotouring104\/wp-json\/wp\/v2\/posts\/89553\/revisions\/89557"}],"wp:featuredmedia":[{"embeddable":true,"href":"https:\/\/progettotouring.it\/radiotouring104\/wp-json\/wp\/v2\/media\/89554"}],"wp:attachment":[{"href":"https:\/\/progettotouring.it\/radiotouring104\/wp-json\/wp\/v2\/media?parent=89553"}],"wp:term":[{"taxonomy":"category","embeddable":true,"href":"https:\/\/progettotouring.it\/radiotouring104\/wp-json\/wp\/v2\/categories?post=89553"},{"taxonomy":"post_tag","embeddable":true,"href":"https:\/\/progettotouring.it\/radiotouring104\/wp-json\/wp\/v2\/tags?post=89553"}],"curies":[{"name":"wp","href":"https:\/\/api.w.org\/{rel}","templated":true}]}}