{"id":8980,"date":"2022-08-09T17:16:28","date_gmt":"2022-08-09T15:16:28","guid":{"rendered":"https:\/\/progettotouring.it\/radiotouring104\/?p=8980"},"modified":"2022-08-09T17:20:08","modified_gmt":"2022-08-09T15:20:08","slug":"giovanni-de-cicco-eroe-per-caso-il-poliziotto-salva-lamico-trascinato-dalle-correnti-nello-stretto","status":"publish","type":"post","link":"https:\/\/progettotouring.it\/radiotouring104\/2022\/08\/09\/giovanni-de-cicco-eroe-per-caso-il-poliziotto-salva-lamico-trascinato-dalle-correnti-nello-stretto\/","title":{"rendered":"Giovanni De Cicco, eroe per caso: il poliziotto salva l&#8217;amico trascinato dalle correnti nello Stretto"},"content":{"rendered":"<p style=\"text-align: justify;\">Gli eroi nascono sempre per caso, senza aver stabilito di esserlo e senza volerlo. La vita reale non \u00e8 come quella dei film dove il cattivo di turno viene sconfitto con mirabolanti espedienti, ma in questo caso, un uomo si \u00e8 trasformato in eroe e rischiando la sua vita ha realizzato un gesto di grandissima generosit\u00e0.\u00a0 Questo \u00e8 il caso di <strong>Giovanni De Cicco<\/strong>, assistente <strong>Capo della Polizia del Reparto Mobile di Reggio Calabria<\/strong> che il 4 agosto \u00e8 riuscito a salvare la vita del suo collega. Il poliziotto, insieme ad altri 2 colleghi, era intento a rilassarsi nelle tranquille acque di Torre Faro, a Messina. I tre, dopo aver ancorato la barca, hanno di fare un bagno, quando uno di loro \u00e8 stato trascinato via dalla forte corrente. L&#8217;agente ha capito immediatamente cosa stava succedendo e ha tentato di tornare sulla barca, invano.<br \/>\nStremato, l&#8217;uomo ha chiamato aiuto e, sentendo le urla dell&#8217;amico, <strong>Giovanni<\/strong> <strong>De<\/strong> <strong>Cicco<\/strong> si \u00e8 immediatamente gettato in acqua per salvarlo. L&#8217;Assistente Capo della Polizia del Reparto Mobile di <strong>Reggio Calabria<\/strong> \u00e8 riuscito, con gesto eroico, a tenere a galla il collega e con l&#8217;aiuto dell&#8217;altro uomo rimasto sulla barca lo ha tratto in salvo.<\/p>\n<div id=\"outbrain_widget_0\" class=\"OUTBRAIN\" data-widget-id=\"AR_2\" data-src=\"http:\/\/www.strettoweb.com\/2022\/08\/poliziotto-rischia-morire-corrente-stretto-messina-salvato\/1376232\/\" data-ob-mark=\"true\" data-browser=\"chrome\" data-os=\"win32\" data-dynload=\"\" data-idx=\"0\">\n<div class=\"ob-widget ob-grid-layout AR_2\" data-dynamic-truncate=\"true\">\n<div class=\"ob-widget-header\" style=\"text-align: justify;\"><strong>Giovanni De Cicco<\/strong> ai nostri microfoni ha raccontato la dinamica dello sfortunato evento: <em>&#8220;Verso le 17.30 abbiamo deciso di ormeggiare insieme a dei miei colleghi per poter fare un bagno. Un mio collega si \u00e8 tuffato e dopo qualche bracciata si \u00e8 ritrovato a 25-30 metri dall&#8217;imbarcazione. <strong>Lui accorgendosi di questa distanza ha cominciato ad avvicinarsi<\/strong>, ma il mare pur essendo calmo, nascondeva delle correnti sottomarine che lo hanno trascinato a largo. Ad un certo punto insieme ad un altro collega ci siamo accorti che ogni tentativo di riavvicinamento era vano e ho deciso di lanciare una corda per aiutarlo. Ma la lunghezza della fune non \u00e8 bastata e ho deciso di lasciarla e sono andato nuoto per recuperarlo. Il tempo \u00e8 stato brevissimo perch\u00e9 l<strong>e correnti mi hanno agevolato<\/strong> in questo recupero e sono riuscito a raggiungere il collega. Lui era stremato, completamente bianco e aveva ingerito anche dell&#8217;acqua. Io mi sono avvicinato e si \u00e8 aggrappato a me. <strong>Sono riuscito a tranquillizzarlo<\/strong> e ho chiesto aiuto all&#8217;altro collega che nel frattempo aveva tolto l&#8217;ancora per raggiungerci. In questo frangente ero a quasi 100 metri dalla barca e fortunatamente si \u00e8 evitato il peggio e possiamo raccontarlo&#8221;.\u00a0<\/em><\/div>\n<\/div>\n<\/div>\n<div><\/div>\n<div style=\"text-align: justify;\">In questi casi aver mantenuto la mente fredda e soprattutto la calma ha giovato parecchio. Ma anche gli allenamenti intensi sono stati fondamentali. Durante un recupero in mare la forza delle braccia e dei dorsali \u00e8 fondamentale per poter essere operativi in queste delicate fasi e nuotare con la corrente marina che trascina il corpo distante dal luogo comporta sempre uno sforzo notevole. A riguardo, De Cicco ha dichiarato che: <strong>&#8220;<\/strong><em><strong>il sangue freddo \u00e8 la cosa fondamentale in questi casi, mantenere la calma e non farsi prendere dal pathos e dalla frenesia.<\/strong> Questa \u00e8 la cosa fondamentale. Avere uno stile di vita buono, con allenamenti importanti \u00e8 fondamentale, ma al primo posto metterei proprio mantenere la calma, soprattutto per il mestiere che faccio. Mi sono ritrovato spesso in queste situazioni in cui era necessario mantenere la calma e &#8220;portare a casa un esito positivo&#8221;&#8221;.\u00a0<\/em><\/div>\n<div><\/div>\n<div style=\"text-align: justify;\">Una storia a lieto fine, ma che metter\u00e0 sicuramente in guardia coloro che hanno intenzione di realizzare gite in barca: le correnti sottomarine sono abbastanza pericolose e possono provocare particolari problemi. Inoltre, come ha pi\u00f9 volte ricordato <strong>Giovanni De Cicco,<\/strong> mantenere la mente sgombra e il sangue freddo pu\u00f2 aiutare in queste situazioni e soprattutto aiutare l&#8217;amico, il collega che ha bisogno di aiuto.<\/div>\n","protected":false},"excerpt":{"rendered":"<p>Gli eroi nascono sempre per caso, senza aver stabilito di esserlo e senza volerlo. La vita reale non \u00e8 come quella dei film dove il cattivo di turno viene sconfitto&hellip;<\/p>\n","protected":false},"author":8,"featured_media":9008,"comment_status":"open","ping_status":"open","sticky":false,"template":"","format":"standard","meta":{"_jetpack_memberships_contains_paid_content":false,"footnotes":"","jetpack_publicize_message":"","jetpack_publicize_feature_enabled":true,"jetpack_social_post_already_shared":false,"jetpack_social_options":{"image_generator_settings":{"template":"highway","default_image_id":0,"font":"","enabled":false},"version":2}},"categories":[921,150,149,141,196,140],"tags":[4096,4095,3582,1307,236],"class_list":["post-8980","post","type-post","status-publish","format-standard","has-post-thumbnail","hentry","category-home","category-in-primo-piano","category-interviste","category-messina","category-news","category-reggio-calabria","tag-assistente-capo-della-polizia-del-reparto-mobile","tag-giovanni-de-cicco","tag-mare","tag-messina","tag-reggio-calabria"],"yoast_head":"<!-- This site is optimized with the Yoast SEO plugin v27.2 - https:\/\/yoast.com\/product\/yoast-seo-wordpress\/ -->\n<title>Giovanni De Cicco, eroe per caso: il poliziotto salva l&#039;amico trascinato dalle correnti nello Stretto<\/title>\n<meta name=\"description\" content=\"Giovanni De Cicco, Assistente Capo della Polizia del Reparto Mobile di Reggio Calabria, ha raccontato come \u00e8 riuscito a salvare il suo amico\" \/>\n<meta name=\"robots\" content=\"index, follow, max-snippet:-1, max-image-preview:large, max-video-preview:-1\" \/>\n<link rel=\"canonical\" href=\"https:\/\/progettotouring.it\/radiotouring104\/2022\/08\/09\/giovanni-de-cicco-eroe-per-caso-il-poliziotto-salva-lamico-trascinato-dalle-correnti-nello-stretto\/\" \/>\n<meta property=\"og:locale\" content=\"it_IT\" \/>\n<meta property=\"og:type\" content=\"article\" \/>\n<meta property=\"og:title\" content=\"Giovanni De Cicco, eroe per caso: il poliziotto salva l&#039;amico trascinato dalle correnti nello Stretto\" \/>\n<meta property=\"og:description\" content=\"Giovanni De Cicco, Assistente Capo della Polizia del Reparto Mobile di Reggio Calabria, ha raccontato come \u00e8 riuscito a salvare il suo amico\" \/>\n<meta property=\"og:url\" content=\"https:\/\/progettotouring.it\/radiotouring104\/2022\/08\/09\/giovanni-de-cicco-eroe-per-caso-il-poliziotto-salva-lamico-trascinato-dalle-correnti-nello-stretto\/\" \/>\n<meta property=\"og:site_name\" content=\"Radio Touring 104\" \/>\n<meta property=\"article:published_time\" content=\"2022-08-09T15:16:28+00:00\" \/>\n<meta property=\"article:modified_time\" content=\"2022-08-09T15:20:08+00:00\" \/>\n<meta property=\"og:image\" content=\"https:\/\/progettotouring.it\/radiotouring104\/wp-content\/uploads\/sites\/6\/2022\/08\/mare-stretto-di-messina-barca.jpg\" \/>\n\t<meta property=\"og:image:width\" content=\"828\" \/>\n\t<meta property=\"og:image:height\" content=\"455\" \/>\n\t<meta property=\"og:image:type\" content=\"image\/jpeg\" \/>\n<meta name=\"author\" content=\"Filippo Francesco Idone\" \/>\n<meta name=\"twitter:card\" content=\"summary_large_image\" \/>\n<meta name=\"twitter:label1\" content=\"Scritto da\" \/>\n\t<meta name=\"twitter:data1\" content=\"Filippo Francesco Idone\" \/>\n\t<meta name=\"twitter:label2\" content=\"Tempo di lettura stimato\" \/>\n\t<meta name=\"twitter:data2\" content=\"3 minuti\" \/>\n<script type=\"application\/ld+json\" class=\"yoast-schema-graph\">{\"@context\":\"https:\/\/schema.org\",\"@graph\":[{\"@type\":\"Article\",\"@id\":\"https:\/\/progettotouring.it\/radiotouring104\/2022\/08\/09\/giovanni-de-cicco-eroe-per-caso-il-poliziotto-salva-lamico-trascinato-dalle-correnti-nello-stretto\/#article\",\"isPartOf\":{\"@id\":\"https:\/\/progettotouring.it\/radiotouring104\/2022\/08\/09\/giovanni-de-cicco-eroe-per-caso-il-poliziotto-salva-lamico-trascinato-dalle-correnti-nello-stretto\/\"},\"author\":{\"name\":\"Filippo Francesco Idone\",\"@id\":\"https:\/\/progettotouring.it\/radiotouring104\/#\/schema\/person\/4a82259ca52ac8702ad1a8f9e5a3120b\"},\"headline\":\"Giovanni De Cicco, eroe per caso: il poliziotto salva l&#8217;amico trascinato dalle correnti nello Stretto\",\"datePublished\":\"2022-08-09T15:16:28+00:00\",\"dateModified\":\"2022-08-09T15:20:08+00:00\",\"mainEntityOfPage\":{\"@id\":\"https:\/\/progettotouring.it\/radiotouring104\/2022\/08\/09\/giovanni-de-cicco-eroe-per-caso-il-poliziotto-salva-lamico-trascinato-dalle-correnti-nello-stretto\/\"},\"wordCount\":599,\"commentCount\":0,\"publisher\":{\"@id\":\"https:\/\/progettotouring.it\/radiotouring104\/#organization\"},\"image\":{\"@id\":\"https:\/\/progettotouring.it\/radiotouring104\/2022\/08\/09\/giovanni-de-cicco-eroe-per-caso-il-poliziotto-salva-lamico-trascinato-dalle-correnti-nello-stretto\/#primaryimage\"},\"thumbnailUrl\":\"https:\/\/progettotouring.it\/radiotouring104\/wp-content\/uploads\/sites\/6\/2022\/08\/mare-stretto-di-messina-barca.jpg\",\"keywords\":[\"Assistente Capo della Polizia del Reparto Mobile\",\"Giovanni De Cicco\",\"mare\",\"Messina\",\"reggio calabria\"],\"articleSection\":[\"Home\",\"In primo piano\",\"Interviste\",\"Messina\",\"News\",\"Reggio Calabria\"],\"inLanguage\":\"it-IT\",\"potentialAction\":[{\"@type\":\"CommentAction\",\"name\":\"Comment\",\"target\":[\"https:\/\/progettotouring.it\/radiotouring104\/2022\/08\/09\/giovanni-de-cicco-eroe-per-caso-il-poliziotto-salva-lamico-trascinato-dalle-correnti-nello-stretto\/#respond\"]}]},{\"@type\":\"WebPage\",\"@id\":\"https:\/\/progettotouring.it\/radiotouring104\/2022\/08\/09\/giovanni-de-cicco-eroe-per-caso-il-poliziotto-salva-lamico-trascinato-dalle-correnti-nello-stretto\/\",\"url\":\"https:\/\/progettotouring.it\/radiotouring104\/2022\/08\/09\/giovanni-de-cicco-eroe-per-caso-il-poliziotto-salva-lamico-trascinato-dalle-correnti-nello-stretto\/\",\"name\":\"Giovanni De Cicco, eroe per caso: il poliziotto salva l'amico trascinato dalle correnti nello Stretto\",\"isPartOf\":{\"@id\":\"https:\/\/progettotouring.it\/radiotouring104\/#website\"},\"primaryImageOfPage\":{\"@id\":\"https:\/\/progettotouring.it\/radiotouring104\/2022\/08\/09\/giovanni-de-cicco-eroe-per-caso-il-poliziotto-salva-lamico-trascinato-dalle-correnti-nello-stretto\/#primaryimage\"},\"image\":{\"@id\":\"https:\/\/progettotouring.it\/radiotouring104\/2022\/08\/09\/giovanni-de-cicco-eroe-per-caso-il-poliziotto-salva-lamico-trascinato-dalle-correnti-nello-stretto\/#primaryimage\"},\"thumbnailUrl\":\"https:\/\/progettotouring.it\/radiotouring104\/wp-content\/uploads\/sites\/6\/2022\/08\/mare-stretto-di-messina-barca.jpg\",\"datePublished\":\"2022-08-09T15:16:28+00:00\",\"dateModified\":\"2022-08-09T15:20:08+00:00\",\"description\":\"Giovanni De Cicco, Assistente Capo della Polizia del Reparto Mobile di Reggio Calabria, ha raccontato come \u00e8 riuscito a salvare il suo amico\",\"breadcrumb\":{\"@id\":\"https:\/\/progettotouring.it\/radiotouring104\/2022\/08\/09\/giovanni-de-cicco-eroe-per-caso-il-poliziotto-salva-lamico-trascinato-dalle-correnti-nello-stretto\/#breadcrumb\"},\"inLanguage\":\"it-IT\",\"potentialAction\":[{\"@type\":\"ReadAction\",\"target\":[\"https:\/\/progettotouring.it\/radiotouring104\/2022\/08\/09\/giovanni-de-cicco-eroe-per-caso-il-poliziotto-salva-lamico-trascinato-dalle-correnti-nello-stretto\/\"]}]},{\"@type\":\"ImageObject\",\"inLanguage\":\"it-IT\",\"@id\":\"https:\/\/progettotouring.it\/radiotouring104\/2022\/08\/09\/giovanni-de-cicco-eroe-per-caso-il-poliziotto-salva-lamico-trascinato-dalle-correnti-nello-stretto\/#primaryimage\",\"url\":\"https:\/\/progettotouring.it\/radiotouring104\/wp-content\/uploads\/sites\/6\/2022\/08\/mare-stretto-di-messina-barca.jpg\",\"contentUrl\":\"https:\/\/progettotouring.it\/radiotouring104\/wp-content\/uploads\/sites\/6\/2022\/08\/mare-stretto-di-messina-barca.jpg\",\"width\":828,\"height\":455},{\"@type\":\"BreadcrumbList\",\"@id\":\"https:\/\/progettotouring.it\/radiotouring104\/2022\/08\/09\/giovanni-de-cicco-eroe-per-caso-il-poliziotto-salva-lamico-trascinato-dalle-correnti-nello-stretto\/#breadcrumb\",\"itemListElement\":[{\"@type\":\"ListItem\",\"position\":1,\"name\":\"Home\",\"item\":\"https:\/\/progettotouring.it\/radiotouring104\/\"},{\"@type\":\"ListItem\",\"position\":2,\"name\":\"Giovanni De Cicco, eroe per caso: il poliziotto salva l&#8217;amico trascinato dalle correnti nello Stretto\"}]},{\"@type\":\"WebSite\",\"@id\":\"https:\/\/progettotouring.it\/radiotouring104\/#website\",\"url\":\"https:\/\/progettotouring.it\/radiotouring104\/\",\"name\":\"Radio Touring 104\",\"description\":\"La prima radio Reggina\",\"publisher\":{\"@id\":\"https:\/\/progettotouring.it\/radiotouring104\/#organization\"},\"potentialAction\":[{\"@type\":\"SearchAction\",\"target\":{\"@type\":\"EntryPoint\",\"urlTemplate\":\"https:\/\/progettotouring.it\/radiotouring104\/?s={search_term_string}\"},\"query-input\":{\"@type\":\"PropertyValueSpecification\",\"valueRequired\":true,\"valueName\":\"search_term_string\"}}],\"inLanguage\":\"it-IT\"},{\"@type\":\"Organization\",\"@id\":\"https:\/\/progettotouring.it\/radiotouring104\/#organization\",\"name\":\"Radio Touring 104\",\"url\":\"https:\/\/progettotouring.it\/radiotouring104\/\",\"logo\":{\"@type\":\"ImageObject\",\"inLanguage\":\"it-IT\",\"@id\":\"https:\/\/progettotouring.it\/radiotouring104\/#\/schema\/logo\/image\/\",\"url\":\"https:\/\/progettotouring.it\/radiotouring104\/wp-content\/uploads\/sites\/6\/2022\/02\/cropped-logo-radio-touring-104.png\",\"contentUrl\":\"https:\/\/progettotouring.it\/radiotouring104\/wp-content\/uploads\/sites\/6\/2022\/02\/cropped-logo-radio-touring-104.png\",\"width\":377,\"height\":182,\"caption\":\"Radio Touring 104\"},\"image\":{\"@id\":\"https:\/\/progettotouring.it\/radiotouring104\/#\/schema\/logo\/image\/\"}},{\"@type\":\"Person\",\"@id\":\"https:\/\/progettotouring.it\/radiotouring104\/#\/schema\/person\/4a82259ca52ac8702ad1a8f9e5a3120b\",\"name\":\"Filippo Francesco Idone\",\"image\":{\"@type\":\"ImageObject\",\"inLanguage\":\"it-IT\",\"@id\":\"https:\/\/secure.gravatar.com\/avatar\/7268715d2366395c3dd314385670e6484117d44f5c442e61e230f7008b7b62d3?s=96&d=mm&r=g\",\"url\":\"https:\/\/secure.gravatar.com\/avatar\/7268715d2366395c3dd314385670e6484117d44f5c442e61e230f7008b7b62d3?s=96&d=mm&r=g\",\"contentUrl\":\"https:\/\/secure.gravatar.com\/avatar\/7268715d2366395c3dd314385670e6484117d44f5c442e61e230f7008b7b62d3?s=96&d=mm&r=g\",\"caption\":\"Filippo Francesco Idone\"},\"url\":\"https:\/\/progettotouring.it\/radiotouring104\/author\/filippoidone\/\"}]}<\/script>\n<!-- \/ Yoast SEO plugin. -->","yoast_head_json":{"title":"Giovanni De Cicco, eroe per caso: il poliziotto salva l'amico trascinato dalle correnti nello Stretto","description":"Giovanni De Cicco, Assistente Capo della Polizia del Reparto Mobile di Reggio Calabria, ha raccontato come \u00e8 riuscito a salvare il suo amico","robots":{"index":"index","follow":"follow","max-snippet":"max-snippet:-1","max-image-preview":"max-image-preview:large","max-video-preview":"max-video-preview:-1"},"canonical":"https:\/\/progettotouring.it\/radiotouring104\/2022\/08\/09\/giovanni-de-cicco-eroe-per-caso-il-poliziotto-salva-lamico-trascinato-dalle-correnti-nello-stretto\/","og_locale":"it_IT","og_type":"article","og_title":"Giovanni De Cicco, eroe per caso: il poliziotto salva l'amico trascinato dalle correnti nello Stretto","og_description":"Giovanni De Cicco, Assistente Capo della Polizia del Reparto Mobile di Reggio Calabria, ha raccontato come \u00e8 riuscito a salvare il suo amico","og_url":"https:\/\/progettotouring.it\/radiotouring104\/2022\/08\/09\/giovanni-de-cicco-eroe-per-caso-il-poliziotto-salva-lamico-trascinato-dalle-correnti-nello-stretto\/","og_site_name":"Radio Touring 104","article_published_time":"2022-08-09T15:16:28+00:00","article_modified_time":"2022-08-09T15:20:08+00:00","og_image":[{"width":828,"height":455,"url":"https:\/\/progettotouring.it\/radiotouring104\/wp-content\/uploads\/sites\/6\/2022\/08\/mare-stretto-di-messina-barca.jpg","type":"image\/jpeg"}],"author":"Filippo Francesco Idone","twitter_card":"summary_large_image","twitter_misc":{"Scritto da":"Filippo Francesco Idone","Tempo di lettura stimato":"3 minuti"},"schema":{"@context":"https:\/\/schema.org","@graph":[{"@type":"Article","@id":"https:\/\/progettotouring.it\/radiotouring104\/2022\/08\/09\/giovanni-de-cicco-eroe-per-caso-il-poliziotto-salva-lamico-trascinato-dalle-correnti-nello-stretto\/#article","isPartOf":{"@id":"https:\/\/progettotouring.it\/radiotouring104\/2022\/08\/09\/giovanni-de-cicco-eroe-per-caso-il-poliziotto-salva-lamico-trascinato-dalle-correnti-nello-stretto\/"},"author":{"name":"Filippo Francesco Idone","@id":"https:\/\/progettotouring.it\/radiotouring104\/#\/schema\/person\/4a82259ca52ac8702ad1a8f9e5a3120b"},"headline":"Giovanni De Cicco, eroe per caso: il poliziotto salva l&#8217;amico trascinato dalle correnti nello Stretto","datePublished":"2022-08-09T15:16:28+00:00","dateModified":"2022-08-09T15:20:08+00:00","mainEntityOfPage":{"@id":"https:\/\/progettotouring.it\/radiotouring104\/2022\/08\/09\/giovanni-de-cicco-eroe-per-caso-il-poliziotto-salva-lamico-trascinato-dalle-correnti-nello-stretto\/"},"wordCount":599,"commentCount":0,"publisher":{"@id":"https:\/\/progettotouring.it\/radiotouring104\/#organization"},"image":{"@id":"https:\/\/progettotouring.it\/radiotouring104\/2022\/08\/09\/giovanni-de-cicco-eroe-per-caso-il-poliziotto-salva-lamico-trascinato-dalle-correnti-nello-stretto\/#primaryimage"},"thumbnailUrl":"https:\/\/progettotouring.it\/radiotouring104\/wp-content\/uploads\/sites\/6\/2022\/08\/mare-stretto-di-messina-barca.jpg","keywords":["Assistente Capo della Polizia del Reparto Mobile","Giovanni De Cicco","mare","Messina","reggio calabria"],"articleSection":["Home","In primo piano","Interviste","Messina","News","Reggio Calabria"],"inLanguage":"it-IT","potentialAction":[{"@type":"CommentAction","name":"Comment","target":["https:\/\/progettotouring.it\/radiotouring104\/2022\/08\/09\/giovanni-de-cicco-eroe-per-caso-il-poliziotto-salva-lamico-trascinato-dalle-correnti-nello-stretto\/#respond"]}]},{"@type":"WebPage","@id":"https:\/\/progettotouring.it\/radiotouring104\/2022\/08\/09\/giovanni-de-cicco-eroe-per-caso-il-poliziotto-salva-lamico-trascinato-dalle-correnti-nello-stretto\/","url":"https:\/\/progettotouring.it\/radiotouring104\/2022\/08\/09\/giovanni-de-cicco-eroe-per-caso-il-poliziotto-salva-lamico-trascinato-dalle-correnti-nello-stretto\/","name":"Giovanni De Cicco, eroe per caso: il poliziotto salva l'amico trascinato dalle correnti nello Stretto","isPartOf":{"@id":"https:\/\/progettotouring.it\/radiotouring104\/#website"},"primaryImageOfPage":{"@id":"https:\/\/progettotouring.it\/radiotouring104\/2022\/08\/09\/giovanni-de-cicco-eroe-per-caso-il-poliziotto-salva-lamico-trascinato-dalle-correnti-nello-stretto\/#primaryimage"},"image":{"@id":"https:\/\/progettotouring.it\/radiotouring104\/2022\/08\/09\/giovanni-de-cicco-eroe-per-caso-il-poliziotto-salva-lamico-trascinato-dalle-correnti-nello-stretto\/#primaryimage"},"thumbnailUrl":"https:\/\/progettotouring.it\/radiotouring104\/wp-content\/uploads\/sites\/6\/2022\/08\/mare-stretto-di-messina-barca.jpg","datePublished":"2022-08-09T15:16:28+00:00","dateModified":"2022-08-09T15:20:08+00:00","description":"Giovanni De Cicco, Assistente Capo della Polizia del Reparto Mobile di Reggio Calabria, ha raccontato come \u00e8 riuscito a salvare il suo amico","breadcrumb":{"@id":"https:\/\/progettotouring.it\/radiotouring104\/2022\/08\/09\/giovanni-de-cicco-eroe-per-caso-il-poliziotto-salva-lamico-trascinato-dalle-correnti-nello-stretto\/#breadcrumb"},"inLanguage":"it-IT","potentialAction":[{"@type":"ReadAction","target":["https:\/\/progettotouring.it\/radiotouring104\/2022\/08\/09\/giovanni-de-cicco-eroe-per-caso-il-poliziotto-salva-lamico-trascinato-dalle-correnti-nello-stretto\/"]}]},{"@type":"ImageObject","inLanguage":"it-IT","@id":"https:\/\/progettotouring.it\/radiotouring104\/2022\/08\/09\/giovanni-de-cicco-eroe-per-caso-il-poliziotto-salva-lamico-trascinato-dalle-correnti-nello-stretto\/#primaryimage","url":"https:\/\/progettotouring.it\/radiotouring104\/wp-content\/uploads\/sites\/6\/2022\/08\/mare-stretto-di-messina-barca.jpg","contentUrl":"https:\/\/progettotouring.it\/radiotouring104\/wp-content\/uploads\/sites\/6\/2022\/08\/mare-stretto-di-messina-barca.jpg","width":828,"height":455},{"@type":"BreadcrumbList","@id":"https:\/\/progettotouring.it\/radiotouring104\/2022\/08\/09\/giovanni-de-cicco-eroe-per-caso-il-poliziotto-salva-lamico-trascinato-dalle-correnti-nello-stretto\/#breadcrumb","itemListElement":[{"@type":"ListItem","position":1,"name":"Home","item":"https:\/\/progettotouring.it\/radiotouring104\/"},{"@type":"ListItem","position":2,"name":"Giovanni De Cicco, eroe per caso: il poliziotto salva l&#8217;amico trascinato dalle correnti nello Stretto"}]},{"@type":"WebSite","@id":"https:\/\/progettotouring.it\/radiotouring104\/#website","url":"https:\/\/progettotouring.it\/radiotouring104\/","name":"Radio Touring 104","description":"La prima radio Reggina","publisher":{"@id":"https:\/\/progettotouring.it\/radiotouring104\/#organization"},"potentialAction":[{"@type":"SearchAction","target":{"@type":"EntryPoint","urlTemplate":"https:\/\/progettotouring.it\/radiotouring104\/?s={search_term_string}"},"query-input":{"@type":"PropertyValueSpecification","valueRequired":true,"valueName":"search_term_string"}}],"inLanguage":"it-IT"},{"@type":"Organization","@id":"https:\/\/progettotouring.it\/radiotouring104\/#organization","name":"Radio Touring 104","url":"https:\/\/progettotouring.it\/radiotouring104\/","logo":{"@type":"ImageObject","inLanguage":"it-IT","@id":"https:\/\/progettotouring.it\/radiotouring104\/#\/schema\/logo\/image\/","url":"https:\/\/progettotouring.it\/radiotouring104\/wp-content\/uploads\/sites\/6\/2022\/02\/cropped-logo-radio-touring-104.png","contentUrl":"https:\/\/progettotouring.it\/radiotouring104\/wp-content\/uploads\/sites\/6\/2022\/02\/cropped-logo-radio-touring-104.png","width":377,"height":182,"caption":"Radio Touring 104"},"image":{"@id":"https:\/\/progettotouring.it\/radiotouring104\/#\/schema\/logo\/image\/"}},{"@type":"Person","@id":"https:\/\/progettotouring.it\/radiotouring104\/#\/schema\/person\/4a82259ca52ac8702ad1a8f9e5a3120b","name":"Filippo Francesco Idone","image":{"@type":"ImageObject","inLanguage":"it-IT","@id":"https:\/\/secure.gravatar.com\/avatar\/7268715d2366395c3dd314385670e6484117d44f5c442e61e230f7008b7b62d3?s=96&d=mm&r=g","url":"https:\/\/secure.gravatar.com\/avatar\/7268715d2366395c3dd314385670e6484117d44f5c442e61e230f7008b7b62d3?s=96&d=mm&r=g","contentUrl":"https:\/\/secure.gravatar.com\/avatar\/7268715d2366395c3dd314385670e6484117d44f5c442e61e230f7008b7b62d3?s=96&d=mm&r=g","caption":"Filippo Francesco Idone"},"url":"https:\/\/progettotouring.it\/radiotouring104\/author\/filippoidone\/"}]}},"jetpack_publicize_connections":[],"jetpack_featured_media_url":"https:\/\/progettotouring.it\/radiotouring104\/wp-content\/uploads\/sites\/6\/2022\/08\/mare-stretto-di-messina-barca.jpg","jetpack_sharing_enabled":true,"_links":{"self":[{"href":"https:\/\/progettotouring.it\/radiotouring104\/wp-json\/wp\/v2\/posts\/8980","targetHints":{"allow":["GET"]}}],"collection":[{"href":"https:\/\/progettotouring.it\/radiotouring104\/wp-json\/wp\/v2\/posts"}],"about":[{"href":"https:\/\/progettotouring.it\/radiotouring104\/wp-json\/wp\/v2\/types\/post"}],"author":[{"embeddable":true,"href":"https:\/\/progettotouring.it\/radiotouring104\/wp-json\/wp\/v2\/users\/8"}],"replies":[{"embeddable":true,"href":"https:\/\/progettotouring.it\/radiotouring104\/wp-json\/wp\/v2\/comments?post=8980"}],"version-history":[{"count":3,"href":"https:\/\/progettotouring.it\/radiotouring104\/wp-json\/wp\/v2\/posts\/8980\/revisions"}],"predecessor-version":[{"id":9009,"href":"https:\/\/progettotouring.it\/radiotouring104\/wp-json\/wp\/v2\/posts\/8980\/revisions\/9009"}],"wp:featuredmedia":[{"embeddable":true,"href":"https:\/\/progettotouring.it\/radiotouring104\/wp-json\/wp\/v2\/media\/9008"}],"wp:attachment":[{"href":"https:\/\/progettotouring.it\/radiotouring104\/wp-json\/wp\/v2\/media?parent=8980"}],"wp:term":[{"taxonomy":"category","embeddable":true,"href":"https:\/\/progettotouring.it\/radiotouring104\/wp-json\/wp\/v2\/categories?post=8980"},{"taxonomy":"post_tag","embeddable":true,"href":"https:\/\/progettotouring.it\/radiotouring104\/wp-json\/wp\/v2\/tags?post=8980"}],"curies":[{"name":"wp","href":"https:\/\/api.w.org\/{rel}","templated":true}]}}