{"id":9005,"date":"2022-08-09T17:02:24","date_gmt":"2022-08-09T15:02:24","guid":{"rendered":"https:\/\/progettotouring.it\/radiotouring104\/?p=9005"},"modified":"2022-08-09T17:02:32","modified_gmt":"2022-08-09T15:02:32","slug":"adottato-in-via-preliminare-il-piano-strategico-della-citta-metropolitana-di-reggio-calabria","status":"publish","type":"post","link":"https:\/\/progettotouring.it\/radiotouring104\/2022\/08\/09\/adottato-in-via-preliminare-il-piano-strategico-della-citta-metropolitana-di-reggio-calabria\/","title":{"rendered":"Adottato in via preliminare il Piano Strategico della Citt\u00e0 Metropolitana di Reggio Calabria"},"content":{"rendered":"<div dir=\"auto\" style=\"text-align: justify;\"><\/div>\n<div dir=\"auto\" style=\"text-align: justify;\">\u00c8 stato adottato quest&#8217;oggi in via preliminare il Piano Strategico della Citt\u00e0 Metropolitana di Reggio Calabria. Il documento, deliberato dal Sindaco facente funzioni Carmelo Versace, su impulso del Consigliere Delegato Giuseppe Giordano, costituisce il principale strumento di programmazione strategica dell&#8217;Ente Metropolitano.<\/div>\n<div dir=\"auto\" style=\"text-align: justify;\"><\/div>\n<div dir=\"auto\" style=\"text-align: justify;\">Gi\u00e0 nelle prossime settimane si apriranno ulteriori fasi di confronto, propedeutiche all\u2019approvazione definitiva, attraverso la presentazione del piano nella \u201cCabina di regia &#8211; Reggio Metropolitana\u201d. Subito dopo la discussione avverr\u00e0 in sede della Conferenza metropolitana per il prescritto parere consultivo, ed infine il piano approder\u00e0 in Consiglio metropolitano per l\u2019approvazione definitiva.<\/div>\n<div dir=\"auto\" style=\"text-align: justify;\"><\/div>\n<div dir=\"auto\" style=\"text-align: justify;\">Con l\u2019adozione preliminare, si imprime una accelerazione per definire il documento principe della Programmazione strategica dell\u2019Ente e del suo territorio. Il Piano rappresenta anche uno strumento di indirizzo e pianificazione volto a ridurre la complessit\u00e0 del governo dell\u2019area vasta e a conciliare il contenuto normativo e prescrittivo, con i processi partecipativi e cooperativi.<\/div>\n<div dir=\"auto\" style=\"text-align: justify;\"><\/div>\n<div dir=\"auto\" style=\"text-align: justify;\">Un documento che rappresenta in sostanza la carta d&#8217;identit\u00e0 dell&#8217;Ente metropolitano, base di programmazione principale per le linee di sviluppo presenti e future dell&#8217;intero comprensorio e delle sue aree omogenee per la sua funzione strategica nell\u2019Area dello Stretto e per l\u2019orizzonte Mediterraneo, oggetto di specifiche sezioni dedicate.<\/div>\n<div dir=\"auto\" style=\"text-align: justify;\"><\/div>\n<div dir=\"auto\" style=\"text-align: justify;\">L\u2019adozione del documento arriva a valle di un lungo lavoro di studio, di ascolto e programmazione avviato nel 2017, gi\u00e0 durante il &#8220;mandato zero&#8221; di Palazzo Alvaro, sotto la guida del Sindaco Giuseppe Falcomat\u00e0 e con il coordinamento dell&#8217;allora Consigliere delegato Fabio Scionti. Un lavoro di programmazione, meticolosamente collazionato dal Dirigente del Settore Pianificazione di Palazzo Alvaro Pietro Foti, dal Rup Annunziato Pannuti e da tutte le professionalit\u00e0 coinvolte nell&#8217;Ufficio del Piano, successivamente proseguito, nel tempo, dal Consigliere metropolitano delegato Giuseppe Marino ed ora arrivato alle fasi conclusive dell\u2019iter con la finalizzazione dell&#8217;attuale sindaco facente funzioni Carmelo Versace e del Consigliere delegato Giuseppe Giordano.<\/div>\n<div dir=\"auto\" style=\"text-align: justify;\"><\/div>\n<div dir=\"auto\" style=\"text-align: justify;\">Uno strumento di programmazione di importanza fondamentale per l&#8217;Ente e per il futuro del territorio, che si \u00e8 avvalso di un approccio ampiamente partecipativo, alimentato da numerosi incontri tematici e territoriali con i principali rappresentanti delle categorie e delle parti sociali, ma anche di tecnici, sindaci e amministratori che hanno contribuito, ognuno per la propria parte, alla stesura complessiva del documento: dagli aspetti legati alla rigenerazione del territorio, alla valorizzazione delle sue risorse, dall&#8217;attivit\u00e0 legata al welfare e al sociale, al consolidamento dell\u2019identit\u00e0 metropolitana, passando dall&#8217;economia e dallo sviluppo produttivo del territorio.<\/div>\n<div dir=\"auto\" style=\"text-align: justify;\"><\/div>\n<div dir=\"auto\" style=\"text-align: justify;\">Uno strumento capace di costruire le proiezioni di sviluppo dei diversi segmenti che compongono il comprensorio della Citt\u00e0 Metropolitana e che sar\u00e0 la chiave di interpretazione per la programmazione e la spesa degli ingenti fondi di provenienza ministeriale e comunitaria cui la Citt\u00e0 Metropolitana sta accedendo in questo ultimo periodo, in particolare nell&#8217;ottica di una ripresa post pandemica.<\/div>\n<div dir=\"auto\" style=\"text-align: justify;\"><\/div>\n<div dir=\"auto\" style=\"text-align: justify;\">&#8220;E&#8217; un passaggio importante per il nostro territorio &#8211; hanno commentato in una nota congiunta il sindaco facente funzioni Carmelo Versace ed il delegato Giuseppe Giordano \u2013 con l\u2019adozione preliminare del documento tracciamo una mappatura che delinea un quadro chiaro e detta le linee guida per lo sviluppo del nostro territorio, contenendo al suo interno gli indirizzi strategici per la programmazione e la rigenerazione del territorio da qui ai prossimi anni. Un documento aperto, suscettibile di ulteriori arricchimenti, che offre una visione d&#8217;insieme, che fra gli obiettivi principali quello del consolidamento di un&#8217;identit\u00e0 del territorio metropolitano, proponendo gli indirizzi operativi per le distinte aree omogenee e i 97 Comuni che lo compongono&#8221;.<\/div>\n<div dir=\"auto\" style=\"text-align: justify;\"><\/div>\n<div dir=\"auto\" style=\"text-align: justify;\">&#8220;In questi mesi &#8211; dichiarano ancora Versace e Giordano &#8211; abbiamo proseguito lungo il solco tracciato con le linee di mandato fissate dal Sindaco Giuseppe Falcomat\u00e0, nel quadro di una intensa e proficua attivit\u00e0 di dialogo, ascolto e confronto con tutti gli attori del territorio, con l&#8217;obiettivo di ampliare il pi\u00f9 possibile il raggio d&#8217;azione di questo strumento, attraverso percorsi partecipati e diversi contributi che possono provenire dal tessuto sociale ed economico&#8221;.<\/div>\n<div dir=\"auto\" style=\"text-align: justify;\"><\/div>\n<div dir=\"auto\" style=\"text-align: justify;\">&#8220;La deliberazione odierna &#8211; concludono i due &#8211; costituisce un ulteriore fondamentale passo in avanti di questo percorso, recependo linee guida e aggiornamenti che rispecchiano la vocazione di crescita che il nostro territorio ha assunto in questa particolare fase della sua storia, nell&#8217;uscita dalla crisi pandemica e nella programmazione delle risorse comunitarie ora disponibili&#8221;.<\/div>\n","protected":false},"excerpt":{"rendered":"<p>\u00c8 stato adottato quest&#8217;oggi in via preliminare il Piano Strategico della Citt\u00e0 Metropolitana di Reggio Calabria. Il documento, deliberato dal Sindaco facente funzioni Carmelo Versace, su impulso del Consigliere Delegato&hellip;<\/p>\n","protected":false},"author":5,"featured_media":5666,"comment_status":"open","ping_status":"open","sticky":false,"template":"","format":"standard","meta":{"_jetpack_memberships_contains_paid_content":false,"footnotes":"","jetpack_publicize_message":"","jetpack_publicize_feature_enabled":true,"jetpack_social_post_already_shared":false,"jetpack_social_options":{"image_generator_settings":{"template":"highway","default_image_id":0,"font":"","enabled":false},"version":2}},"categories":[921,196,140],"tags":[239,743,531,4120],"class_list":["post-9005","post","type-post","status-publish","format-standard","has-post-thumbnail","hentry","category-home","category-news","category-reggio-calabria","tag-carmelo-versace","tag-citta-metropolitana","tag-metrocity","tag-piano-strategico"],"yoast_head":"<!-- This site is optimized with the Yoast SEO plugin v27.2 - https:\/\/yoast.com\/product\/yoast-seo-wordpress\/ -->\n<title>Adottato in via preliminare il Piano Strategico della Metrocity<\/title>\n<meta name=\"description\" content=\"Il il Piano Strategico della Metrocity costituisce il principale strumento di programmazione strategica dell&#039;Ente Metropolitano\" \/>\n<meta name=\"robots\" content=\"index, follow, max-snippet:-1, max-image-preview:large, max-video-preview:-1\" \/>\n<link rel=\"canonical\" href=\"https:\/\/progettotouring.it\/radiotouring104\/2022\/08\/09\/adottato-in-via-preliminare-il-piano-strategico-della-citta-metropolitana-di-reggio-calabria\/\" \/>\n<meta property=\"og:locale\" content=\"it_IT\" \/>\n<meta property=\"og:type\" content=\"article\" \/>\n<meta property=\"og:title\" content=\"Adottato in via preliminare il Piano Strategico della Metrocity\" \/>\n<meta property=\"og:description\" content=\"Il il Piano Strategico della Metrocity costituisce il principale strumento di programmazione strategica dell&#039;Ente Metropolitano\" \/>\n<meta property=\"og:url\" content=\"https:\/\/progettotouring.it\/radiotouring104\/2022\/08\/09\/adottato-in-via-preliminare-il-piano-strategico-della-citta-metropolitana-di-reggio-calabria\/\" \/>\n<meta property=\"og:site_name\" content=\"Radio Touring 104\" \/>\n<meta property=\"article:published_time\" content=\"2022-08-09T15:02:24+00:00\" \/>\n<meta property=\"article:modified_time\" content=\"2022-08-09T15:02:32+00:00\" \/>\n<meta property=\"og:image\" content=\"https:\/\/progettotouring.it\/radiotouring104\/wp-content\/uploads\/sites\/6\/2022\/05\/san-giorgio-comune.jpg\" \/>\n\t<meta property=\"og:image:width\" content=\"1920\" \/>\n\t<meta property=\"og:image:height\" content=\"1080\" \/>\n\t<meta property=\"og:image:type\" content=\"image\/jpeg\" \/>\n<meta name=\"author\" content=\"redazione\" \/>\n<meta name=\"twitter:card\" content=\"summary_large_image\" \/>\n<meta name=\"twitter:label1\" content=\"Scritto da\" \/>\n\t<meta name=\"twitter:data1\" content=\"redazione\" \/>\n\t<meta name=\"twitter:label2\" content=\"Tempo di lettura stimato\" \/>\n\t<meta name=\"twitter:data2\" content=\"3 minuti\" \/>\n<script type=\"application\/ld+json\" class=\"yoast-schema-graph\">{\"@context\":\"https:\/\/schema.org\",\"@graph\":[{\"@type\":\"Article\",\"@id\":\"https:\/\/progettotouring.it\/radiotouring104\/2022\/08\/09\/adottato-in-via-preliminare-il-piano-strategico-della-citta-metropolitana-di-reggio-calabria\/#article\",\"isPartOf\":{\"@id\":\"https:\/\/progettotouring.it\/radiotouring104\/2022\/08\/09\/adottato-in-via-preliminare-il-piano-strategico-della-citta-metropolitana-di-reggio-calabria\/\"},\"author\":{\"name\":\"redazione\",\"@id\":\"https:\/\/progettotouring.it\/radiotouring104\/#\/schema\/person\/1b3eb3c07c47136bc44c785c543e635f\"},\"headline\":\"Adottato in via preliminare il Piano Strategico della Citt\u00e0 Metropolitana di Reggio Calabria\",\"datePublished\":\"2022-08-09T15:02:24+00:00\",\"dateModified\":\"2022-08-09T15:02:32+00:00\",\"mainEntityOfPage\":{\"@id\":\"https:\/\/progettotouring.it\/radiotouring104\/2022\/08\/09\/adottato-in-via-preliminare-il-piano-strategico-della-citta-metropolitana-di-reggio-calabria\/\"},\"wordCount\":703,\"commentCount\":0,\"publisher\":{\"@id\":\"https:\/\/progettotouring.it\/radiotouring104\/#organization\"},\"image\":{\"@id\":\"https:\/\/progettotouring.it\/radiotouring104\/2022\/08\/09\/adottato-in-via-preliminare-il-piano-strategico-della-citta-metropolitana-di-reggio-calabria\/#primaryimage\"},\"thumbnailUrl\":\"https:\/\/progettotouring.it\/radiotouring104\/wp-content\/uploads\/sites\/6\/2022\/05\/san-giorgio-comune.jpg\",\"keywords\":[\"carmelo versace\",\"Citt\u00e0 metropolitana\",\"Metrocity\",\"piano strategico\"],\"articleSection\":[\"Home\",\"News\",\"Reggio Calabria\"],\"inLanguage\":\"it-IT\",\"potentialAction\":[{\"@type\":\"CommentAction\",\"name\":\"Comment\",\"target\":[\"https:\/\/progettotouring.it\/radiotouring104\/2022\/08\/09\/adottato-in-via-preliminare-il-piano-strategico-della-citta-metropolitana-di-reggio-calabria\/#respond\"]}]},{\"@type\":\"WebPage\",\"@id\":\"https:\/\/progettotouring.it\/radiotouring104\/2022\/08\/09\/adottato-in-via-preliminare-il-piano-strategico-della-citta-metropolitana-di-reggio-calabria\/\",\"url\":\"https:\/\/progettotouring.it\/radiotouring104\/2022\/08\/09\/adottato-in-via-preliminare-il-piano-strategico-della-citta-metropolitana-di-reggio-calabria\/\",\"name\":\"Adottato in via preliminare il Piano Strategico della Metrocity\",\"isPartOf\":{\"@id\":\"https:\/\/progettotouring.it\/radiotouring104\/#website\"},\"primaryImageOfPage\":{\"@id\":\"https:\/\/progettotouring.it\/radiotouring104\/2022\/08\/09\/adottato-in-via-preliminare-il-piano-strategico-della-citta-metropolitana-di-reggio-calabria\/#primaryimage\"},\"image\":{\"@id\":\"https:\/\/progettotouring.it\/radiotouring104\/2022\/08\/09\/adottato-in-via-preliminare-il-piano-strategico-della-citta-metropolitana-di-reggio-calabria\/#primaryimage\"},\"thumbnailUrl\":\"https:\/\/progettotouring.it\/radiotouring104\/wp-content\/uploads\/sites\/6\/2022\/05\/san-giorgio-comune.jpg\",\"datePublished\":\"2022-08-09T15:02:24+00:00\",\"dateModified\":\"2022-08-09T15:02:32+00:00\",\"description\":\"Il il Piano Strategico della Metrocity costituisce il principale strumento di programmazione strategica dell'Ente Metropolitano\",\"breadcrumb\":{\"@id\":\"https:\/\/progettotouring.it\/radiotouring104\/2022\/08\/09\/adottato-in-via-preliminare-il-piano-strategico-della-citta-metropolitana-di-reggio-calabria\/#breadcrumb\"},\"inLanguage\":\"it-IT\",\"potentialAction\":[{\"@type\":\"ReadAction\",\"target\":[\"https:\/\/progettotouring.it\/radiotouring104\/2022\/08\/09\/adottato-in-via-preliminare-il-piano-strategico-della-citta-metropolitana-di-reggio-calabria\/\"]}]},{\"@type\":\"ImageObject\",\"inLanguage\":\"it-IT\",\"@id\":\"https:\/\/progettotouring.it\/radiotouring104\/2022\/08\/09\/adottato-in-via-preliminare-il-piano-strategico-della-citta-metropolitana-di-reggio-calabria\/#primaryimage\",\"url\":\"https:\/\/progettotouring.it\/radiotouring104\/wp-content\/uploads\/sites\/6\/2022\/05\/san-giorgio-comune.jpg\",\"contentUrl\":\"https:\/\/progettotouring.it\/radiotouring104\/wp-content\/uploads\/sites\/6\/2022\/05\/san-giorgio-comune.jpg\",\"width\":1920,\"height\":1080},{\"@type\":\"BreadcrumbList\",\"@id\":\"https:\/\/progettotouring.it\/radiotouring104\/2022\/08\/09\/adottato-in-via-preliminare-il-piano-strategico-della-citta-metropolitana-di-reggio-calabria\/#breadcrumb\",\"itemListElement\":[{\"@type\":\"ListItem\",\"position\":1,\"name\":\"Home\",\"item\":\"https:\/\/progettotouring.it\/radiotouring104\/\"},{\"@type\":\"ListItem\",\"position\":2,\"name\":\"Adottato in via preliminare il Piano Strategico della Citt\u00e0 Metropolitana di Reggio Calabria\"}]},{\"@type\":\"WebSite\",\"@id\":\"https:\/\/progettotouring.it\/radiotouring104\/#website\",\"url\":\"https:\/\/progettotouring.it\/radiotouring104\/\",\"name\":\"Radio Touring 104\",\"description\":\"La prima radio Reggina\",\"publisher\":{\"@id\":\"https:\/\/progettotouring.it\/radiotouring104\/#organization\"},\"potentialAction\":[{\"@type\":\"SearchAction\",\"target\":{\"@type\":\"EntryPoint\",\"urlTemplate\":\"https:\/\/progettotouring.it\/radiotouring104\/?s={search_term_string}\"},\"query-input\":{\"@type\":\"PropertyValueSpecification\",\"valueRequired\":true,\"valueName\":\"search_term_string\"}}],\"inLanguage\":\"it-IT\"},{\"@type\":\"Organization\",\"@id\":\"https:\/\/progettotouring.it\/radiotouring104\/#organization\",\"name\":\"Radio Touring 104\",\"url\":\"https:\/\/progettotouring.it\/radiotouring104\/\",\"logo\":{\"@type\":\"ImageObject\",\"inLanguage\":\"it-IT\",\"@id\":\"https:\/\/progettotouring.it\/radiotouring104\/#\/schema\/logo\/image\/\",\"url\":\"https:\/\/progettotouring.it\/radiotouring104\/wp-content\/uploads\/sites\/6\/2022\/02\/cropped-logo-radio-touring-104.png\",\"contentUrl\":\"https:\/\/progettotouring.it\/radiotouring104\/wp-content\/uploads\/sites\/6\/2022\/02\/cropped-logo-radio-touring-104.png\",\"width\":377,\"height\":182,\"caption\":\"Radio Touring 104\"},\"image\":{\"@id\":\"https:\/\/progettotouring.it\/radiotouring104\/#\/schema\/logo\/image\/\"}},{\"@type\":\"Person\",\"@id\":\"https:\/\/progettotouring.it\/radiotouring104\/#\/schema\/person\/1b3eb3c07c47136bc44c785c543e635f\",\"name\":\"redazione\",\"image\":{\"@type\":\"ImageObject\",\"inLanguage\":\"it-IT\",\"@id\":\"https:\/\/secure.gravatar.com\/avatar\/0b31605b49f100769e8b624b3e05de1b73e1692e9568a352f60f53fd072e6e11?s=96&d=mm&r=g\",\"url\":\"https:\/\/secure.gravatar.com\/avatar\/0b31605b49f100769e8b624b3e05de1b73e1692e9568a352f60f53fd072e6e11?s=96&d=mm&r=g\",\"contentUrl\":\"https:\/\/secure.gravatar.com\/avatar\/0b31605b49f100769e8b624b3e05de1b73e1692e9568a352f60f53fd072e6e11?s=96&d=mm&r=g\",\"caption\":\"redazione\"},\"url\":\"https:\/\/progettotouring.it\/radiotouring104\/author\/redazione\/\"}]}<\/script>\n<!-- \/ Yoast SEO plugin. -->","yoast_head_json":{"title":"Adottato in via preliminare il Piano Strategico della Metrocity","description":"Il il Piano Strategico della Metrocity costituisce il principale strumento di programmazione strategica dell'Ente Metropolitano","robots":{"index":"index","follow":"follow","max-snippet":"max-snippet:-1","max-image-preview":"max-image-preview:large","max-video-preview":"max-video-preview:-1"},"canonical":"https:\/\/progettotouring.it\/radiotouring104\/2022\/08\/09\/adottato-in-via-preliminare-il-piano-strategico-della-citta-metropolitana-di-reggio-calabria\/","og_locale":"it_IT","og_type":"article","og_title":"Adottato in via preliminare il Piano Strategico della Metrocity","og_description":"Il il Piano Strategico della Metrocity costituisce il principale strumento di programmazione strategica dell'Ente Metropolitano","og_url":"https:\/\/progettotouring.it\/radiotouring104\/2022\/08\/09\/adottato-in-via-preliminare-il-piano-strategico-della-citta-metropolitana-di-reggio-calabria\/","og_site_name":"Radio Touring 104","article_published_time":"2022-08-09T15:02:24+00:00","article_modified_time":"2022-08-09T15:02:32+00:00","og_image":[{"width":1920,"height":1080,"url":"https:\/\/progettotouring.it\/radiotouring104\/wp-content\/uploads\/sites\/6\/2022\/05\/san-giorgio-comune.jpg","type":"image\/jpeg"}],"author":"redazione","twitter_card":"summary_large_image","twitter_misc":{"Scritto da":"redazione","Tempo di lettura stimato":"3 minuti"},"schema":{"@context":"https:\/\/schema.org","@graph":[{"@type":"Article","@id":"https:\/\/progettotouring.it\/radiotouring104\/2022\/08\/09\/adottato-in-via-preliminare-il-piano-strategico-della-citta-metropolitana-di-reggio-calabria\/#article","isPartOf":{"@id":"https:\/\/progettotouring.it\/radiotouring104\/2022\/08\/09\/adottato-in-via-preliminare-il-piano-strategico-della-citta-metropolitana-di-reggio-calabria\/"},"author":{"name":"redazione","@id":"https:\/\/progettotouring.it\/radiotouring104\/#\/schema\/person\/1b3eb3c07c47136bc44c785c543e635f"},"headline":"Adottato in via preliminare il Piano Strategico della Citt\u00e0 Metropolitana di Reggio Calabria","datePublished":"2022-08-09T15:02:24+00:00","dateModified":"2022-08-09T15:02:32+00:00","mainEntityOfPage":{"@id":"https:\/\/progettotouring.it\/radiotouring104\/2022\/08\/09\/adottato-in-via-preliminare-il-piano-strategico-della-citta-metropolitana-di-reggio-calabria\/"},"wordCount":703,"commentCount":0,"publisher":{"@id":"https:\/\/progettotouring.it\/radiotouring104\/#organization"},"image":{"@id":"https:\/\/progettotouring.it\/radiotouring104\/2022\/08\/09\/adottato-in-via-preliminare-il-piano-strategico-della-citta-metropolitana-di-reggio-calabria\/#primaryimage"},"thumbnailUrl":"https:\/\/progettotouring.it\/radiotouring104\/wp-content\/uploads\/sites\/6\/2022\/05\/san-giorgio-comune.jpg","keywords":["carmelo versace","Citt\u00e0 metropolitana","Metrocity","piano strategico"],"articleSection":["Home","News","Reggio Calabria"],"inLanguage":"it-IT","potentialAction":[{"@type":"CommentAction","name":"Comment","target":["https:\/\/progettotouring.it\/radiotouring104\/2022\/08\/09\/adottato-in-via-preliminare-il-piano-strategico-della-citta-metropolitana-di-reggio-calabria\/#respond"]}]},{"@type":"WebPage","@id":"https:\/\/progettotouring.it\/radiotouring104\/2022\/08\/09\/adottato-in-via-preliminare-il-piano-strategico-della-citta-metropolitana-di-reggio-calabria\/","url":"https:\/\/progettotouring.it\/radiotouring104\/2022\/08\/09\/adottato-in-via-preliminare-il-piano-strategico-della-citta-metropolitana-di-reggio-calabria\/","name":"Adottato in via preliminare il Piano Strategico della Metrocity","isPartOf":{"@id":"https:\/\/progettotouring.it\/radiotouring104\/#website"},"primaryImageOfPage":{"@id":"https:\/\/progettotouring.it\/radiotouring104\/2022\/08\/09\/adottato-in-via-preliminare-il-piano-strategico-della-citta-metropolitana-di-reggio-calabria\/#primaryimage"},"image":{"@id":"https:\/\/progettotouring.it\/radiotouring104\/2022\/08\/09\/adottato-in-via-preliminare-il-piano-strategico-della-citta-metropolitana-di-reggio-calabria\/#primaryimage"},"thumbnailUrl":"https:\/\/progettotouring.it\/radiotouring104\/wp-content\/uploads\/sites\/6\/2022\/05\/san-giorgio-comune.jpg","datePublished":"2022-08-09T15:02:24+00:00","dateModified":"2022-08-09T15:02:32+00:00","description":"Il il Piano Strategico della Metrocity costituisce il principale strumento di programmazione strategica dell'Ente Metropolitano","breadcrumb":{"@id":"https:\/\/progettotouring.it\/radiotouring104\/2022\/08\/09\/adottato-in-via-preliminare-il-piano-strategico-della-citta-metropolitana-di-reggio-calabria\/#breadcrumb"},"inLanguage":"it-IT","potentialAction":[{"@type":"ReadAction","target":["https:\/\/progettotouring.it\/radiotouring104\/2022\/08\/09\/adottato-in-via-preliminare-il-piano-strategico-della-citta-metropolitana-di-reggio-calabria\/"]}]},{"@type":"ImageObject","inLanguage":"it-IT","@id":"https:\/\/progettotouring.it\/radiotouring104\/2022\/08\/09\/adottato-in-via-preliminare-il-piano-strategico-della-citta-metropolitana-di-reggio-calabria\/#primaryimage","url":"https:\/\/progettotouring.it\/radiotouring104\/wp-content\/uploads\/sites\/6\/2022\/05\/san-giorgio-comune.jpg","contentUrl":"https:\/\/progettotouring.it\/radiotouring104\/wp-content\/uploads\/sites\/6\/2022\/05\/san-giorgio-comune.jpg","width":1920,"height":1080},{"@type":"BreadcrumbList","@id":"https:\/\/progettotouring.it\/radiotouring104\/2022\/08\/09\/adottato-in-via-preliminare-il-piano-strategico-della-citta-metropolitana-di-reggio-calabria\/#breadcrumb","itemListElement":[{"@type":"ListItem","position":1,"name":"Home","item":"https:\/\/progettotouring.it\/radiotouring104\/"},{"@type":"ListItem","position":2,"name":"Adottato in via preliminare il Piano Strategico della Citt\u00e0 Metropolitana di Reggio Calabria"}]},{"@type":"WebSite","@id":"https:\/\/progettotouring.it\/radiotouring104\/#website","url":"https:\/\/progettotouring.it\/radiotouring104\/","name":"Radio Touring 104","description":"La prima radio Reggina","publisher":{"@id":"https:\/\/progettotouring.it\/radiotouring104\/#organization"},"potentialAction":[{"@type":"SearchAction","target":{"@type":"EntryPoint","urlTemplate":"https:\/\/progettotouring.it\/radiotouring104\/?s={search_term_string}"},"query-input":{"@type":"PropertyValueSpecification","valueRequired":true,"valueName":"search_term_string"}}],"inLanguage":"it-IT"},{"@type":"Organization","@id":"https:\/\/progettotouring.it\/radiotouring104\/#organization","name":"Radio Touring 104","url":"https:\/\/progettotouring.it\/radiotouring104\/","logo":{"@type":"ImageObject","inLanguage":"it-IT","@id":"https:\/\/progettotouring.it\/radiotouring104\/#\/schema\/logo\/image\/","url":"https:\/\/progettotouring.it\/radiotouring104\/wp-content\/uploads\/sites\/6\/2022\/02\/cropped-logo-radio-touring-104.png","contentUrl":"https:\/\/progettotouring.it\/radiotouring104\/wp-content\/uploads\/sites\/6\/2022\/02\/cropped-logo-radio-touring-104.png","width":377,"height":182,"caption":"Radio Touring 104"},"image":{"@id":"https:\/\/progettotouring.it\/radiotouring104\/#\/schema\/logo\/image\/"}},{"@type":"Person","@id":"https:\/\/progettotouring.it\/radiotouring104\/#\/schema\/person\/1b3eb3c07c47136bc44c785c543e635f","name":"redazione","image":{"@type":"ImageObject","inLanguage":"it-IT","@id":"https:\/\/secure.gravatar.com\/avatar\/0b31605b49f100769e8b624b3e05de1b73e1692e9568a352f60f53fd072e6e11?s=96&d=mm&r=g","url":"https:\/\/secure.gravatar.com\/avatar\/0b31605b49f100769e8b624b3e05de1b73e1692e9568a352f60f53fd072e6e11?s=96&d=mm&r=g","contentUrl":"https:\/\/secure.gravatar.com\/avatar\/0b31605b49f100769e8b624b3e05de1b73e1692e9568a352f60f53fd072e6e11?s=96&d=mm&r=g","caption":"redazione"},"url":"https:\/\/progettotouring.it\/radiotouring104\/author\/redazione\/"}]}},"jetpack_publicize_connections":[],"jetpack_featured_media_url":"https:\/\/progettotouring.it\/radiotouring104\/wp-content\/uploads\/sites\/6\/2022\/05\/san-giorgio-comune.jpg","jetpack_sharing_enabled":true,"_links":{"self":[{"href":"https:\/\/progettotouring.it\/radiotouring104\/wp-json\/wp\/v2\/posts\/9005","targetHints":{"allow":["GET"]}}],"collection":[{"href":"https:\/\/progettotouring.it\/radiotouring104\/wp-json\/wp\/v2\/posts"}],"about":[{"href":"https:\/\/progettotouring.it\/radiotouring104\/wp-json\/wp\/v2\/types\/post"}],"author":[{"embeddable":true,"href":"https:\/\/progettotouring.it\/radiotouring104\/wp-json\/wp\/v2\/users\/5"}],"replies":[{"embeddable":true,"href":"https:\/\/progettotouring.it\/radiotouring104\/wp-json\/wp\/v2\/comments?post=9005"}],"version-history":[{"count":1,"href":"https:\/\/progettotouring.it\/radiotouring104\/wp-json\/wp\/v2\/posts\/9005\/revisions"}],"predecessor-version":[{"id":9006,"href":"https:\/\/progettotouring.it\/radiotouring104\/wp-json\/wp\/v2\/posts\/9005\/revisions\/9006"}],"wp:featuredmedia":[{"embeddable":true,"href":"https:\/\/progettotouring.it\/radiotouring104\/wp-json\/wp\/v2\/media\/5666"}],"wp:attachment":[{"href":"https:\/\/progettotouring.it\/radiotouring104\/wp-json\/wp\/v2\/media?parent=9005"}],"wp:term":[{"taxonomy":"category","embeddable":true,"href":"https:\/\/progettotouring.it\/radiotouring104\/wp-json\/wp\/v2\/categories?post=9005"},{"taxonomy":"post_tag","embeddable":true,"href":"https:\/\/progettotouring.it\/radiotouring104\/wp-json\/wp\/v2\/tags?post=9005"}],"curies":[{"name":"wp","href":"https:\/\/api.w.org\/{rel}","templated":true}]}}