{"id":90811,"date":"2026-02-20T10:07:56","date_gmt":"2026-02-20T09:07:56","guid":{"rendered":"https:\/\/progettotouring.it\/radiotouring104\/?p=90811"},"modified":"2026-02-20T12:31:36","modified_gmt":"2026-02-20T11:31:36","slug":"forum-urbanlab-biodivercity-fuda-investire-nel-sapere-e-nel-rapporto-con-luniversita-e-la-chiave-per-costruire-il-futuro","status":"publish","type":"post","link":"https:\/\/progettotouring.it\/radiotouring104\/2026\/02\/20\/forum-urbanlab-biodivercity-fuda-investire-nel-sapere-e-nel-rapporto-con-luniversita-e-la-chiave-per-costruire-il-futuro\/","title":{"rendered":"Forum UrbanLab BiodiverCity, Fuda: \u00abInvestire nel sapere e nel rapporto con l\u2019Universit\u00e0 \u00e8 la chiave per costruire il futuro\u00bb"},"content":{"rendered":"<div>Il consigliere metropolitano delegato all\u2019Ambiente, Salvatore Fuda, \u00e8 intervenuto al Forum conclusivo del \u201cProgetto UrbanLab BiodiverCity\u201d, realizzato dai dipartimenti di Architettura e design e di Agraria dell\u2019Universit\u00e0 \u201cMediterranea\u201d, in collaborazione con la Citt\u00e0 Metropolitana attraverso il Piano integrato \u201cAspromonte in Citt\u00e0\u201d finanziato coi fondi del Pnrr.<\/div>\n<div><\/div>\n<div>L\u2019appuntamento, dedicato ai servizi ecosistemici del verde urbano e alla transizione ecologica e tenutosi nell&#8217;aula magna \u201cQuaroni\u201d della facolt\u00e0 di Architettura, \u00e8 servito al consigliere Fuda per sottolineare come, proprio con \u201cAspromonte in citt\u00e0\u201d, si sia \u00abrealizzato un investimento significativo che, insieme alla nostra Universit\u00e0, si \u00e8 tradotto in un percorso lungo i territori per diffondere un nuovo approccio nella costruzione delle citt\u00e0\u00bb.<\/div>\n<div><\/div>\n<div>Nel suo intervento, Fuda ha richiamato l\u2019attenzione \u00absulla fragilit\u00e0 del territorio metropolitano e sulla necessit\u00e0 di cambiare paradigma nella gestione del dissesto idrogeologico e dell\u2019erosione costiera\u00bb.<\/div>\n<div><\/div>\n<div>\u00abNon si pu\u00f2 difendere la costa senza guardare alle fiumare, all\u2019entroterra e ai bacini\u00bb, ha spiegato aggiungendo: \u00abContinuare a realizzare opere sempre pi\u00f9 rigide non \u00e8 la soluzione. Ecco perch\u00e9 occorre invertire e lavorare sulla gestione dei sedimenti e dei corsi d\u2019acqua\u00bb.<\/div>\n<div><\/div>\n<div>Quindi, il delegato all\u2019Ambiente ha ricordato \u00abl\u2019attivit\u00e0 svolta dal Settore &#8220;Pianificazione &#8211; Leggi Speciali&#8221; di Palazzo Alvaro, insieme all\u2019Universit\u00e0, che ha prodotto studi su importanti fiumare del comprensorio utili alla gestione dei materiali fluviali, al ripascimento delle spiagge e alla difesa del suolo; un lavoro estremamente valido per le singole comunit\u00e0 e gli enti locali proprio perch\u00e9 fornisce strumenti pratici per la gestione del verde urbano\u00bb. Si tratta, infatti, di strumenti che \u00abnon muoiono con la conclusione del progetto, ma che, se implementati e gestiti, posso diventare utilissimi per aiutare i Comuni\u00bb.<\/div>\n<div><\/div>\n<div>\u00abPer questo \u2013 ha proseguito \u2013 il mio ringraziamento non pu\u00f2 che andare a tutto il gruppo di lavoro, in particolare alla professoressa Fallanca e al gi\u00e0 dirigente della MetroCity, Pietro Foti, oltre che alla nostra dirigente Domenica Catalfamo ed al Rup del progetto, Giandomenico Gangemi\u00bb.<\/div>\n<div><\/div>\n<div>\u00abDa tempo \u2013 ha continuato Salvatore Fuda &#8211; insistiamo sulla necessit\u00e0 di consentire la movimentazione dei materiali presenti nei fiumi. Solo recentemente, anche a seguito delle emergenze, sono state introdotte deroghe che permettono di utilizzare questi materiali. \u00c8 la dimostrazione che investire nella ricerca consente di anticipare le soluzioni\u00bb.<br \/>\nIl consigliere Fuda ha evidenziato, inoltre, l\u2019importanza delle linee guida elaborate con l\u2019Universit\u00e0 per supportare i Comuni nella gestione e pulizia delle fiumare, sottolineando \u00abla debolezza strutturale degli enti locali e la necessit\u00e0 di rafforzarne competenze e strumenti\u00bb.<\/div>\n<div><\/div>\n<div>Ed ancora, Salvatore Fuda, rivolgendosi alle studentesse ed agli studenti presenti nell&#8217;aula &#8220;Quaroni&#8221;, ha espresso loro un monito affinch\u00e9 \u00abcontinuino ad investire sul sapere, coinvolgendo l\u2019Universit\u00e0 quale chiave fondamentale per ogni cambiamento e per costruire le citt\u00e0 del futuro\u00bb.<\/div>\n<div><\/div>\n<div>\u00abAi ragazzi \u2013 ha concluso &#8211; dico di approfondire questi progetti, appassionarsi e studiare perch\u00e9 soltanto cos\u00ec il nostro territorio potr\u00e0 affrontare le nuove sfide ambientali e diventare pi\u00f9 resiliente\u00bb.<\/div>\n<div>\n<div class=\"gmail_signature\" dir=\"ltr\" data-smartmail=\"gmail_signature\">\n<div dir=\"ltr\">\n<div>\n<div><\/div>\n<\/div>\n<\/div>\n<\/div>\n<\/div>\n","protected":false},"excerpt":{"rendered":"<p>Il consigliere metropolitano delegato all\u2019Ambiente, Salvatore Fuda, \u00e8 intervenuto al Forum conclusivo del \u201cProgetto UrbanLab BiodiverCity\u201d, realizzato dai dipartimenti di Architettura e design e di Agraria dell\u2019Universit\u00e0 \u201cMediterranea\u201d, in collaborazione&hellip;<\/p>\n","protected":false},"author":5,"featured_media":90812,"comment_status":"closed","ping_status":"open","sticky":false,"template":"","format":"standard","meta":{"_jetpack_memberships_contains_paid_content":false,"footnotes":"","jetpack_publicize_message":"","jetpack_publicize_feature_enabled":true,"jetpack_social_post_already_shared":true,"jetpack_social_options":{"image_generator_settings":{"template":"highway","default_image_id":0,"font":"","enabled":false},"version":2}},"categories":[921,196,140],"tags":[563,21759,51148,51147,51149,237,369],"class_list":["post-90811","post","type-post","status-publish","format-standard","has-post-thumbnail","hentry","category-home","category-news","category-reggio-calabria","tag-citta-metropolitana-di-reggio-calabria","tag-dipartimento-agraria","tag-dipartimento-architettura","tag-forum-urbanlab-biodivercity","tag-piano-aspromonte-in-citta","tag-salvatore-fuda","tag-universita-mediterranea"],"yoast_head":"<!-- This site is optimized with the Yoast SEO plugin v27.2 - https:\/\/yoast.com\/product\/yoast-seo-wordpress\/ -->\n<title>Forum UrbanLab BiodiverCity, Fuda: \u00abInvestire nel sapere e nel rapporto con l\u2019Universit\u00e0 \u00e8 la chiave per costruire il futuro\u00bb - Radio Touring 104<\/title>\n<meta name=\"description\" content=\"Il Consigliere ha rilanciato il \u201cProgetto UrbanLab BiodiverCity\u201d, realizzato dai dipartimenti Architettura, Agraria e Design con Metrocity\" \/>\n<meta name=\"robots\" content=\"index, follow, max-snippet:-1, max-image-preview:large, max-video-preview:-1\" \/>\n<link rel=\"canonical\" href=\"https:\/\/progettotouring.it\/radiotouring104\/2026\/02\/20\/forum-urbanlab-biodivercity-fuda-investire-nel-sapere-e-nel-rapporto-con-luniversita-e-la-chiave-per-costruire-il-futuro\/\" \/>\n<meta property=\"og:locale\" content=\"it_IT\" \/>\n<meta property=\"og:type\" content=\"article\" \/>\n<meta property=\"og:title\" content=\"Forum UrbanLab BiodiverCity, Fuda: \u00abInvestire nel sapere e nel rapporto con l\u2019Universit\u00e0 \u00e8 la chiave per costruire il futuro\u00bb - Radio Touring 104\" \/>\n<meta property=\"og:description\" content=\"Il Consigliere ha rilanciato il \u201cProgetto UrbanLab BiodiverCity\u201d, realizzato dai dipartimenti Architettura, Agraria e Design con Metrocity\" \/>\n<meta property=\"og:url\" content=\"https:\/\/progettotouring.it\/radiotouring104\/2026\/02\/20\/forum-urbanlab-biodivercity-fuda-investire-nel-sapere-e-nel-rapporto-con-luniversita-e-la-chiave-per-costruire-il-futuro\/\" \/>\n<meta property=\"og:site_name\" content=\"Radio Touring 104\" \/>\n<meta property=\"article:published_time\" content=\"2026-02-20T09:07:56+00:00\" \/>\n<meta property=\"article:modified_time\" content=\"2026-02-20T11:31:36+00:00\" \/>\n<meta property=\"og:image\" content=\"https:\/\/progettotouring.it\/radiotouring104\/wp-content\/uploads\/sites\/6\/2026\/02\/urbanlab-salvatore-fuda-consuelo-nava.jpeg\" \/>\n\t<meta property=\"og:image:width\" content=\"1280\" \/>\n\t<meta property=\"og:image:height\" content=\"853\" \/>\n\t<meta property=\"og:image:type\" content=\"image\/jpeg\" \/>\n<meta name=\"author\" content=\"redazione\" \/>\n<meta name=\"twitter:card\" content=\"summary_large_image\" \/>\n<meta name=\"twitter:label1\" content=\"Scritto da\" \/>\n\t<meta name=\"twitter:data1\" content=\"redazione\" \/>\n\t<meta name=\"twitter:label2\" content=\"Tempo di lettura stimato\" \/>\n\t<meta name=\"twitter:data2\" content=\"2 minuti\" \/>\n<script type=\"application\/ld+json\" class=\"yoast-schema-graph\">{\"@context\":\"https:\/\/schema.org\",\"@graph\":[{\"@type\":\"Article\",\"@id\":\"https:\/\/progettotouring.it\/radiotouring104\/2026\/02\/20\/forum-urbanlab-biodivercity-fuda-investire-nel-sapere-e-nel-rapporto-con-luniversita-e-la-chiave-per-costruire-il-futuro\/#article\",\"isPartOf\":{\"@id\":\"https:\/\/progettotouring.it\/radiotouring104\/2026\/02\/20\/forum-urbanlab-biodivercity-fuda-investire-nel-sapere-e-nel-rapporto-con-luniversita-e-la-chiave-per-costruire-il-futuro\/\"},\"author\":{\"name\":\"redazione\",\"@id\":\"https:\/\/progettotouring.it\/radiotouring104\/#\/schema\/person\/1b3eb3c07c47136bc44c785c543e635f\"},\"headline\":\"Forum UrbanLab BiodiverCity, Fuda: \u00abInvestire nel sapere e nel rapporto con l\u2019Universit\u00e0 \u00e8 la chiave per costruire il futuro\u00bb\",\"datePublished\":\"2026-02-20T09:07:56+00:00\",\"dateModified\":\"2026-02-20T11:31:36+00:00\",\"mainEntityOfPage\":{\"@id\":\"https:\/\/progettotouring.it\/radiotouring104\/2026\/02\/20\/forum-urbanlab-biodivercity-fuda-investire-nel-sapere-e-nel-rapporto-con-luniversita-e-la-chiave-per-costruire-il-futuro\/\"},\"wordCount\":494,\"publisher\":{\"@id\":\"https:\/\/progettotouring.it\/radiotouring104\/#organization\"},\"image\":{\"@id\":\"https:\/\/progettotouring.it\/radiotouring104\/2026\/02\/20\/forum-urbanlab-biodivercity-fuda-investire-nel-sapere-e-nel-rapporto-con-luniversita-e-la-chiave-per-costruire-il-futuro\/#primaryimage\"},\"thumbnailUrl\":\"https:\/\/progettotouring.it\/radiotouring104\/wp-content\/uploads\/sites\/6\/2026\/02\/urbanlab-salvatore-fuda-consuelo-nava.jpeg\",\"keywords\":[\"Citt\u00e0 Metropolitana di Reggio Calabria\",\"Dipartimento Agraria\",\"Dipartimento Architettura\",\"Forum UrbanLab BiodiverCity\",\"piano \u201cAspromonte in citt\u00e0\u201d\",\"salvatore fuda\",\"universit\u00e0 mediterranea\"],\"articleSection\":[\"Home\",\"News\",\"Reggio Calabria\"],\"inLanguage\":\"it-IT\"},{\"@type\":\"WebPage\",\"@id\":\"https:\/\/progettotouring.it\/radiotouring104\/2026\/02\/20\/forum-urbanlab-biodivercity-fuda-investire-nel-sapere-e-nel-rapporto-con-luniversita-e-la-chiave-per-costruire-il-futuro\/\",\"url\":\"https:\/\/progettotouring.it\/radiotouring104\/2026\/02\/20\/forum-urbanlab-biodivercity-fuda-investire-nel-sapere-e-nel-rapporto-con-luniversita-e-la-chiave-per-costruire-il-futuro\/\",\"name\":\"Forum UrbanLab BiodiverCity, Fuda: \u00abInvestire nel sapere e nel rapporto con l\u2019Universit\u00e0 \u00e8 la chiave per costruire il futuro\u00bb - Radio Touring 104\",\"isPartOf\":{\"@id\":\"https:\/\/progettotouring.it\/radiotouring104\/#website\"},\"primaryImageOfPage\":{\"@id\":\"https:\/\/progettotouring.it\/radiotouring104\/2026\/02\/20\/forum-urbanlab-biodivercity-fuda-investire-nel-sapere-e-nel-rapporto-con-luniversita-e-la-chiave-per-costruire-il-futuro\/#primaryimage\"},\"image\":{\"@id\":\"https:\/\/progettotouring.it\/radiotouring104\/2026\/02\/20\/forum-urbanlab-biodivercity-fuda-investire-nel-sapere-e-nel-rapporto-con-luniversita-e-la-chiave-per-costruire-il-futuro\/#primaryimage\"},\"thumbnailUrl\":\"https:\/\/progettotouring.it\/radiotouring104\/wp-content\/uploads\/sites\/6\/2026\/02\/urbanlab-salvatore-fuda-consuelo-nava.jpeg\",\"datePublished\":\"2026-02-20T09:07:56+00:00\",\"dateModified\":\"2026-02-20T11:31:36+00:00\",\"description\":\"Il Consigliere ha rilanciato il \u201cProgetto UrbanLab BiodiverCity\u201d, realizzato dai dipartimenti Architettura, Agraria e Design con Metrocity\",\"breadcrumb\":{\"@id\":\"https:\/\/progettotouring.it\/radiotouring104\/2026\/02\/20\/forum-urbanlab-biodivercity-fuda-investire-nel-sapere-e-nel-rapporto-con-luniversita-e-la-chiave-per-costruire-il-futuro\/#breadcrumb\"},\"inLanguage\":\"it-IT\",\"potentialAction\":[{\"@type\":\"ReadAction\",\"target\":[\"https:\/\/progettotouring.it\/radiotouring104\/2026\/02\/20\/forum-urbanlab-biodivercity-fuda-investire-nel-sapere-e-nel-rapporto-con-luniversita-e-la-chiave-per-costruire-il-futuro\/\"]}]},{\"@type\":\"ImageObject\",\"inLanguage\":\"it-IT\",\"@id\":\"https:\/\/progettotouring.it\/radiotouring104\/2026\/02\/20\/forum-urbanlab-biodivercity-fuda-investire-nel-sapere-e-nel-rapporto-con-luniversita-e-la-chiave-per-costruire-il-futuro\/#primaryimage\",\"url\":\"https:\/\/progettotouring.it\/radiotouring104\/wp-content\/uploads\/sites\/6\/2026\/02\/urbanlab-salvatore-fuda-consuelo-nava.jpeg\",\"contentUrl\":\"https:\/\/progettotouring.it\/radiotouring104\/wp-content\/uploads\/sites\/6\/2026\/02\/urbanlab-salvatore-fuda-consuelo-nava.jpeg\",\"width\":1280,\"height\":853},{\"@type\":\"BreadcrumbList\",\"@id\":\"https:\/\/progettotouring.it\/radiotouring104\/2026\/02\/20\/forum-urbanlab-biodivercity-fuda-investire-nel-sapere-e-nel-rapporto-con-luniversita-e-la-chiave-per-costruire-il-futuro\/#breadcrumb\",\"itemListElement\":[{\"@type\":\"ListItem\",\"position\":1,\"name\":\"Home\",\"item\":\"https:\/\/progettotouring.it\/radiotouring104\/\"},{\"@type\":\"ListItem\",\"position\":2,\"name\":\"Forum UrbanLab BiodiverCity, Fuda: \u00abInvestire nel sapere e nel rapporto con l\u2019Universit\u00e0 \u00e8 la chiave per costruire il futuro\u00bb\"}]},{\"@type\":\"WebSite\",\"@id\":\"https:\/\/progettotouring.it\/radiotouring104\/#website\",\"url\":\"https:\/\/progettotouring.it\/radiotouring104\/\",\"name\":\"Radio Touring 104\",\"description\":\"La prima radio Reggina\",\"publisher\":{\"@id\":\"https:\/\/progettotouring.it\/radiotouring104\/#organization\"},\"potentialAction\":[{\"@type\":\"SearchAction\",\"target\":{\"@type\":\"EntryPoint\",\"urlTemplate\":\"https:\/\/progettotouring.it\/radiotouring104\/?s={search_term_string}\"},\"query-input\":{\"@type\":\"PropertyValueSpecification\",\"valueRequired\":true,\"valueName\":\"search_term_string\"}}],\"inLanguage\":\"it-IT\"},{\"@type\":\"Organization\",\"@id\":\"https:\/\/progettotouring.it\/radiotouring104\/#organization\",\"name\":\"Radio Touring 104\",\"url\":\"https:\/\/progettotouring.it\/radiotouring104\/\",\"logo\":{\"@type\":\"ImageObject\",\"inLanguage\":\"it-IT\",\"@id\":\"https:\/\/progettotouring.it\/radiotouring104\/#\/schema\/logo\/image\/\",\"url\":\"https:\/\/progettotouring.it\/radiotouring104\/wp-content\/uploads\/sites\/6\/2022\/02\/cropped-logo-radio-touring-104.png\",\"contentUrl\":\"https:\/\/progettotouring.it\/radiotouring104\/wp-content\/uploads\/sites\/6\/2022\/02\/cropped-logo-radio-touring-104.png\",\"width\":377,\"height\":182,\"caption\":\"Radio Touring 104\"},\"image\":{\"@id\":\"https:\/\/progettotouring.it\/radiotouring104\/#\/schema\/logo\/image\/\"}},{\"@type\":\"Person\",\"@id\":\"https:\/\/progettotouring.it\/radiotouring104\/#\/schema\/person\/1b3eb3c07c47136bc44c785c543e635f\",\"name\":\"redazione\",\"image\":{\"@type\":\"ImageObject\",\"inLanguage\":\"it-IT\",\"@id\":\"https:\/\/secure.gravatar.com\/avatar\/0b31605b49f100769e8b624b3e05de1b73e1692e9568a352f60f53fd072e6e11?s=96&d=mm&r=g\",\"url\":\"https:\/\/secure.gravatar.com\/avatar\/0b31605b49f100769e8b624b3e05de1b73e1692e9568a352f60f53fd072e6e11?s=96&d=mm&r=g\",\"contentUrl\":\"https:\/\/secure.gravatar.com\/avatar\/0b31605b49f100769e8b624b3e05de1b73e1692e9568a352f60f53fd072e6e11?s=96&d=mm&r=g\",\"caption\":\"redazione\"},\"url\":\"https:\/\/progettotouring.it\/radiotouring104\/author\/redazione\/\"}]}<\/script>\n<!-- \/ Yoast SEO plugin. -->","yoast_head_json":{"title":"Forum UrbanLab BiodiverCity, Fuda: \u00abInvestire nel sapere e nel rapporto con l\u2019Universit\u00e0 \u00e8 la chiave per costruire il futuro\u00bb - Radio Touring 104","description":"Il Consigliere ha rilanciato il \u201cProgetto UrbanLab BiodiverCity\u201d, realizzato dai dipartimenti Architettura, Agraria e Design con Metrocity","robots":{"index":"index","follow":"follow","max-snippet":"max-snippet:-1","max-image-preview":"max-image-preview:large","max-video-preview":"max-video-preview:-1"},"canonical":"https:\/\/progettotouring.it\/radiotouring104\/2026\/02\/20\/forum-urbanlab-biodivercity-fuda-investire-nel-sapere-e-nel-rapporto-con-luniversita-e-la-chiave-per-costruire-il-futuro\/","og_locale":"it_IT","og_type":"article","og_title":"Forum UrbanLab BiodiverCity, Fuda: \u00abInvestire nel sapere e nel rapporto con l\u2019Universit\u00e0 \u00e8 la chiave per costruire il futuro\u00bb - Radio Touring 104","og_description":"Il Consigliere ha rilanciato il \u201cProgetto UrbanLab BiodiverCity\u201d, realizzato dai dipartimenti Architettura, Agraria e Design con Metrocity","og_url":"https:\/\/progettotouring.it\/radiotouring104\/2026\/02\/20\/forum-urbanlab-biodivercity-fuda-investire-nel-sapere-e-nel-rapporto-con-luniversita-e-la-chiave-per-costruire-il-futuro\/","og_site_name":"Radio Touring 104","article_published_time":"2026-02-20T09:07:56+00:00","article_modified_time":"2026-02-20T11:31:36+00:00","og_image":[{"width":1280,"height":853,"url":"https:\/\/progettotouring.it\/radiotouring104\/wp-content\/uploads\/sites\/6\/2026\/02\/urbanlab-salvatore-fuda-consuelo-nava.jpeg","type":"image\/jpeg"}],"author":"redazione","twitter_card":"summary_large_image","twitter_misc":{"Scritto da":"redazione","Tempo di lettura stimato":"2 minuti"},"schema":{"@context":"https:\/\/schema.org","@graph":[{"@type":"Article","@id":"https:\/\/progettotouring.it\/radiotouring104\/2026\/02\/20\/forum-urbanlab-biodivercity-fuda-investire-nel-sapere-e-nel-rapporto-con-luniversita-e-la-chiave-per-costruire-il-futuro\/#article","isPartOf":{"@id":"https:\/\/progettotouring.it\/radiotouring104\/2026\/02\/20\/forum-urbanlab-biodivercity-fuda-investire-nel-sapere-e-nel-rapporto-con-luniversita-e-la-chiave-per-costruire-il-futuro\/"},"author":{"name":"redazione","@id":"https:\/\/progettotouring.it\/radiotouring104\/#\/schema\/person\/1b3eb3c07c47136bc44c785c543e635f"},"headline":"Forum UrbanLab BiodiverCity, Fuda: \u00abInvestire nel sapere e nel rapporto con l\u2019Universit\u00e0 \u00e8 la chiave per costruire il futuro\u00bb","datePublished":"2026-02-20T09:07:56+00:00","dateModified":"2026-02-20T11:31:36+00:00","mainEntityOfPage":{"@id":"https:\/\/progettotouring.it\/radiotouring104\/2026\/02\/20\/forum-urbanlab-biodivercity-fuda-investire-nel-sapere-e-nel-rapporto-con-luniversita-e-la-chiave-per-costruire-il-futuro\/"},"wordCount":494,"publisher":{"@id":"https:\/\/progettotouring.it\/radiotouring104\/#organization"},"image":{"@id":"https:\/\/progettotouring.it\/radiotouring104\/2026\/02\/20\/forum-urbanlab-biodivercity-fuda-investire-nel-sapere-e-nel-rapporto-con-luniversita-e-la-chiave-per-costruire-il-futuro\/#primaryimage"},"thumbnailUrl":"https:\/\/progettotouring.it\/radiotouring104\/wp-content\/uploads\/sites\/6\/2026\/02\/urbanlab-salvatore-fuda-consuelo-nava.jpeg","keywords":["Citt\u00e0 Metropolitana di Reggio Calabria","Dipartimento Agraria","Dipartimento Architettura","Forum UrbanLab BiodiverCity","piano \u201cAspromonte in citt\u00e0\u201d","salvatore fuda","universit\u00e0 mediterranea"],"articleSection":["Home","News","Reggio Calabria"],"inLanguage":"it-IT"},{"@type":"WebPage","@id":"https:\/\/progettotouring.it\/radiotouring104\/2026\/02\/20\/forum-urbanlab-biodivercity-fuda-investire-nel-sapere-e-nel-rapporto-con-luniversita-e-la-chiave-per-costruire-il-futuro\/","url":"https:\/\/progettotouring.it\/radiotouring104\/2026\/02\/20\/forum-urbanlab-biodivercity-fuda-investire-nel-sapere-e-nel-rapporto-con-luniversita-e-la-chiave-per-costruire-il-futuro\/","name":"Forum UrbanLab BiodiverCity, Fuda: \u00abInvestire nel sapere e nel rapporto con l\u2019Universit\u00e0 \u00e8 la chiave per costruire il futuro\u00bb - Radio Touring 104","isPartOf":{"@id":"https:\/\/progettotouring.it\/radiotouring104\/#website"},"primaryImageOfPage":{"@id":"https:\/\/progettotouring.it\/radiotouring104\/2026\/02\/20\/forum-urbanlab-biodivercity-fuda-investire-nel-sapere-e-nel-rapporto-con-luniversita-e-la-chiave-per-costruire-il-futuro\/#primaryimage"},"image":{"@id":"https:\/\/progettotouring.it\/radiotouring104\/2026\/02\/20\/forum-urbanlab-biodivercity-fuda-investire-nel-sapere-e-nel-rapporto-con-luniversita-e-la-chiave-per-costruire-il-futuro\/#primaryimage"},"thumbnailUrl":"https:\/\/progettotouring.it\/radiotouring104\/wp-content\/uploads\/sites\/6\/2026\/02\/urbanlab-salvatore-fuda-consuelo-nava.jpeg","datePublished":"2026-02-20T09:07:56+00:00","dateModified":"2026-02-20T11:31:36+00:00","description":"Il Consigliere ha rilanciato il \u201cProgetto UrbanLab BiodiverCity\u201d, realizzato dai dipartimenti Architettura, Agraria e Design con Metrocity","breadcrumb":{"@id":"https:\/\/progettotouring.it\/radiotouring104\/2026\/02\/20\/forum-urbanlab-biodivercity-fuda-investire-nel-sapere-e-nel-rapporto-con-luniversita-e-la-chiave-per-costruire-il-futuro\/#breadcrumb"},"inLanguage":"it-IT","potentialAction":[{"@type":"ReadAction","target":["https:\/\/progettotouring.it\/radiotouring104\/2026\/02\/20\/forum-urbanlab-biodivercity-fuda-investire-nel-sapere-e-nel-rapporto-con-luniversita-e-la-chiave-per-costruire-il-futuro\/"]}]},{"@type":"ImageObject","inLanguage":"it-IT","@id":"https:\/\/progettotouring.it\/radiotouring104\/2026\/02\/20\/forum-urbanlab-biodivercity-fuda-investire-nel-sapere-e-nel-rapporto-con-luniversita-e-la-chiave-per-costruire-il-futuro\/#primaryimage","url":"https:\/\/progettotouring.it\/radiotouring104\/wp-content\/uploads\/sites\/6\/2026\/02\/urbanlab-salvatore-fuda-consuelo-nava.jpeg","contentUrl":"https:\/\/progettotouring.it\/radiotouring104\/wp-content\/uploads\/sites\/6\/2026\/02\/urbanlab-salvatore-fuda-consuelo-nava.jpeg","width":1280,"height":853},{"@type":"BreadcrumbList","@id":"https:\/\/progettotouring.it\/radiotouring104\/2026\/02\/20\/forum-urbanlab-biodivercity-fuda-investire-nel-sapere-e-nel-rapporto-con-luniversita-e-la-chiave-per-costruire-il-futuro\/#breadcrumb","itemListElement":[{"@type":"ListItem","position":1,"name":"Home","item":"https:\/\/progettotouring.it\/radiotouring104\/"},{"@type":"ListItem","position":2,"name":"Forum UrbanLab BiodiverCity, Fuda: \u00abInvestire nel sapere e nel rapporto con l\u2019Universit\u00e0 \u00e8 la chiave per costruire il futuro\u00bb"}]},{"@type":"WebSite","@id":"https:\/\/progettotouring.it\/radiotouring104\/#website","url":"https:\/\/progettotouring.it\/radiotouring104\/","name":"Radio Touring 104","description":"La prima radio Reggina","publisher":{"@id":"https:\/\/progettotouring.it\/radiotouring104\/#organization"},"potentialAction":[{"@type":"SearchAction","target":{"@type":"EntryPoint","urlTemplate":"https:\/\/progettotouring.it\/radiotouring104\/?s={search_term_string}"},"query-input":{"@type":"PropertyValueSpecification","valueRequired":true,"valueName":"search_term_string"}}],"inLanguage":"it-IT"},{"@type":"Organization","@id":"https:\/\/progettotouring.it\/radiotouring104\/#organization","name":"Radio Touring 104","url":"https:\/\/progettotouring.it\/radiotouring104\/","logo":{"@type":"ImageObject","inLanguage":"it-IT","@id":"https:\/\/progettotouring.it\/radiotouring104\/#\/schema\/logo\/image\/","url":"https:\/\/progettotouring.it\/radiotouring104\/wp-content\/uploads\/sites\/6\/2022\/02\/cropped-logo-radio-touring-104.png","contentUrl":"https:\/\/progettotouring.it\/radiotouring104\/wp-content\/uploads\/sites\/6\/2022\/02\/cropped-logo-radio-touring-104.png","width":377,"height":182,"caption":"Radio Touring 104"},"image":{"@id":"https:\/\/progettotouring.it\/radiotouring104\/#\/schema\/logo\/image\/"}},{"@type":"Person","@id":"https:\/\/progettotouring.it\/radiotouring104\/#\/schema\/person\/1b3eb3c07c47136bc44c785c543e635f","name":"redazione","image":{"@type":"ImageObject","inLanguage":"it-IT","@id":"https:\/\/secure.gravatar.com\/avatar\/0b31605b49f100769e8b624b3e05de1b73e1692e9568a352f60f53fd072e6e11?s=96&d=mm&r=g","url":"https:\/\/secure.gravatar.com\/avatar\/0b31605b49f100769e8b624b3e05de1b73e1692e9568a352f60f53fd072e6e11?s=96&d=mm&r=g","contentUrl":"https:\/\/secure.gravatar.com\/avatar\/0b31605b49f100769e8b624b3e05de1b73e1692e9568a352f60f53fd072e6e11?s=96&d=mm&r=g","caption":"redazione"},"url":"https:\/\/progettotouring.it\/radiotouring104\/author\/redazione\/"}]}},"jetpack_publicize_connections":[],"jetpack_featured_media_url":"https:\/\/progettotouring.it\/radiotouring104\/wp-content\/uploads\/sites\/6\/2026\/02\/urbanlab-salvatore-fuda-consuelo-nava.jpeg","jetpack_sharing_enabled":true,"_links":{"self":[{"href":"https:\/\/progettotouring.it\/radiotouring104\/wp-json\/wp\/v2\/posts\/90811","targetHints":{"allow":["GET"]}}],"collection":[{"href":"https:\/\/progettotouring.it\/radiotouring104\/wp-json\/wp\/v2\/posts"}],"about":[{"href":"https:\/\/progettotouring.it\/radiotouring104\/wp-json\/wp\/v2\/types\/post"}],"author":[{"embeddable":true,"href":"https:\/\/progettotouring.it\/radiotouring104\/wp-json\/wp\/v2\/users\/5"}],"replies":[{"embeddable":true,"href":"https:\/\/progettotouring.it\/radiotouring104\/wp-json\/wp\/v2\/comments?post=90811"}],"version-history":[{"count":3,"href":"https:\/\/progettotouring.it\/radiotouring104\/wp-json\/wp\/v2\/posts\/90811\/revisions"}],"predecessor-version":[{"id":90815,"href":"https:\/\/progettotouring.it\/radiotouring104\/wp-json\/wp\/v2\/posts\/90811\/revisions\/90815"}],"wp:featuredmedia":[{"embeddable":true,"href":"https:\/\/progettotouring.it\/radiotouring104\/wp-json\/wp\/v2\/media\/90812"}],"wp:attachment":[{"href":"https:\/\/progettotouring.it\/radiotouring104\/wp-json\/wp\/v2\/media?parent=90811"}],"wp:term":[{"taxonomy":"category","embeddable":true,"href":"https:\/\/progettotouring.it\/radiotouring104\/wp-json\/wp\/v2\/categories?post=90811"},{"taxonomy":"post_tag","embeddable":true,"href":"https:\/\/progettotouring.it\/radiotouring104\/wp-json\/wp\/v2\/tags?post=90811"}],"curies":[{"name":"wp","href":"https:\/\/api.w.org\/{rel}","templated":true}]}}