{"id":90816,"date":"2026-02-20T10:18:05","date_gmt":"2026-02-20T09:18:05","guid":{"rendered":"https:\/\/progettotouring.it\/radiotouring104\/?p=90816"},"modified":"2026-02-20T12:31:30","modified_gmt":"2026-02-20T11:31:30","slug":"messina-versace-presente-alla-riunione-per-lampliamento-del-porto-di-villa","status":"publish","type":"post","link":"https:\/\/progettotouring.it\/radiotouring104\/2026\/02\/20\/messina-versace-presente-alla-riunione-per-lampliamento-del-porto-di-villa\/","title":{"rendered":"Messina: Versace presente alla riunione per l&#8217;ampliamento del porto di Villa"},"content":{"rendered":"<div>Il sindaco metropolitano facente funzioni di Reggio Calabria, Carmelo Versace, ha partecipato a Messina, nella sede dell\u2019Autorit\u00e0 di sistema portuale dello Stretto, alla riunione relativa alla: procedura di ampliamento della circoscrizione territoriale dell\u2019AdSP alle aree a Sud del molo di sopraflutto del porto di Villa San Giovanni. A presiederla \u00e8 stato il presidente dell\u2019Autorit\u00e0 di sistema portuale, Francesco Rizzo coadiuvato dal direttore Area III, Angelo Savasta. Erano presenti, inoltre, la sindaca di Villa San Giovanni, Giusy Caminiti, insieme ai tecnici comunali e il componente del Cdg Antonio Ciccone. Obiettivo dell\u2019incontro \u00e8 stato quello di fare il punto sullo stato del procedimento dell\u2019opera pubblica e offrire un momento di coordinamento tra gli Enti locali, da offrire al Ministero che \u00e8 l\u2019Ente procedente. Il tavolo ha segnato una intesa unanime sulla fattibilit\u00e0 dell\u2019opera a Sud del molo di sopraflutto del porto di Villa San Giovanni, opera molto attesa dalla cittadinanza e che segnerebbe una svolta nel decongestionare il traffico intermodale, terra-mare nell\u2019area villese.<\/p>\n<p>\u201c\u00c8 un momento molto importante, oggi in un tavolo istituzionale tutti gli attori istituzionali si sono espressi favorevolmente. \u00c8 una delle notizie che si aspettava Villa San Giovanni e la sua comunit\u00e0. Come Citt\u00e0 metropolitana abbiamo seguito fin dall&#8217;inizio questi iter e abbiamo ulteriormente ribadito la nostra volont\u00e0 affinch\u00e9 l\u2019opera si realizzi\u201d. Cos\u00ec il sindaco metropolitano facente funzioni, Carmelo Versace che aggiunge: \u201cA breve la formalizzeremo con una delibera sindacale, proprio per rafforzare la vocazione di un territorio che merita un sano rilancio, come pi\u00f9 volte auspicato dalla sindaca Giusy Caminiti. Questo momento sancisce quasi definitivamente un percorso che attende solo la risposta definitiva del Ministero. E\u2019 una bella notizia e facciamo un grande in bocca al lupo alla comunit\u00e0 di Villa San Giovanni e alla sua amministrazione che ha creduto tanto in questo progetto\u201d.<\/p>\n<p>La sindaca Caminiti ha evidenziato che \u201c\u00c8 una notizia che la nostra comunit\u00e0 spetta da quarant&#8217;anni, una sfida, una scommessa che abbiamo lanciato all&#8217;Autorit\u00e0 di sistema portuale e al Ministero delle Infrastrutture il 3 ottobre scorso. Adesso siamo alla concretizzazione degli atti, che gi\u00e0 ci sono nei deliberati di Citt\u00e0 metropolitana della Citt\u00e0 di villa San Giovanni e della Regione Calabria. Nel pi\u00f9 breve tempo porteremo, in un parere, li porteremo formalmente al tavolo per la fase conclusiva di questa fase, per l&#8217;ampliamento della competenza dell&#8217;Autorit\u00e0 di sistema. Questa \u00e8 la svolta &#8211; ha concluso &#8211; per coniugare la vocazione trasportistica di Villa San Giovanni a un futuro turistico per la citt\u00e0\u201d.<\/p><\/div>\n<div>\n<div class=\"gmail_signature\" dir=\"ltr\" data-smartmail=\"gmail_signature\">\n<div dir=\"ltr\">\n<div>\n<div><\/div>\n<\/div>\n<\/div>\n<\/div>\n<\/div>\n","protected":false},"excerpt":{"rendered":"<p>Il sindaco metropolitano facente funzioni di Reggio Calabria, Carmelo Versace, ha partecipato a Messina, nella sede dell\u2019Autorit\u00e0 di sistema portuale dello Stretto, alla riunione relativa alla: procedura di ampliamento della&hellip;<\/p>\n","protected":false},"author":5,"featured_media":90817,"comment_status":"closed","ping_status":"open","sticky":false,"template":"","format":"standard","meta":{"_jetpack_memberships_contains_paid_content":false,"footnotes":"","jetpack_publicize_message":"","jetpack_publicize_feature_enabled":true,"jetpack_social_post_already_shared":true,"jetpack_social_options":{"image_generator_settings":{"template":"highway","default_image_id":0,"font":"","enabled":false},"version":2}},"categories":[921,196,140],"tags":[51153,51154,51150,51152,51151,51155,239,563,1307,51156,35628,364],"class_list":["post-90816","post","type-post","status-publish","format-standard","has-post-thumbnail","hentry","category-home","category-news","category-reggio-calabria","tag-procedura-di-ampliamento-della-circoscrizione-territoriale-delladsp-dello-stretto-alle-aree-a-sud-del-molo-di-sopraflutto-del-porto-di-villa-san-giovanni","tag-una-buona-notizia-per-la-comunita-villese","tag-adsp-dello-stretto","tag-ampliamento-del-porto-di-villa","tag-aree-a-sud-del-molo-di-sopraflutto-del-porto","tag-attesa-da-molti-anni","tag-carmelo-versace","tag-citta-metropolitana-di-reggio-calabria","tag-messina","tag-per-il-rilancio-trasportistico-e-turistico","tag-riunione","tag-villa-san-giovanni"],"yoast_head":"<!-- This site is optimized with the Yoast SEO plugin v27.2 - https:\/\/yoast.com\/product\/yoast-seo-wordpress\/ -->\n<title>Messina: Versace presente alla riunione per l&#039;ampliamento del porto di Villa - Radio Touring 104<\/title>\n<meta name=\"description\" content=\"Il sindaco metropolitano ha partecipato alla riunione, svolta a Messina per l&#039;ampliamento del Porto di Villa San Giovanni\" \/>\n<meta name=\"robots\" content=\"index, follow, max-snippet:-1, max-image-preview:large, max-video-preview:-1\" \/>\n<link rel=\"canonical\" href=\"https:\/\/progettotouring.it\/radiotouring104\/2026\/02\/20\/messina-versace-presente-alla-riunione-per-lampliamento-del-porto-di-villa\/\" \/>\n<meta property=\"og:locale\" content=\"it_IT\" \/>\n<meta property=\"og:type\" content=\"article\" \/>\n<meta property=\"og:title\" content=\"Messina: Versace presente alla riunione per l&#039;ampliamento del porto di Villa - Radio Touring 104\" \/>\n<meta property=\"og:description\" content=\"Il sindaco metropolitano ha partecipato alla riunione, svolta a Messina per l&#039;ampliamento del Porto di Villa San Giovanni\" \/>\n<meta property=\"og:url\" content=\"https:\/\/progettotouring.it\/radiotouring104\/2026\/02\/20\/messina-versace-presente-alla-riunione-per-lampliamento-del-porto-di-villa\/\" \/>\n<meta property=\"og:site_name\" content=\"Radio Touring 104\" \/>\n<meta property=\"article:published_time\" content=\"2026-02-20T09:18:05+00:00\" \/>\n<meta property=\"article:modified_time\" content=\"2026-02-20T11:31:30+00:00\" \/>\n<meta property=\"og:image\" content=\"https:\/\/progettotouring.it\/radiotouring104\/wp-content\/uploads\/sites\/6\/2026\/02\/adsp-stretto-riunione-messina-ampliamento-porto-di-villa-sg-carmelo-versace.jpeg\" \/>\n\t<meta property=\"og:image:width\" content=\"1600\" \/>\n\t<meta property=\"og:image:height\" content=\"720\" \/>\n\t<meta property=\"og:image:type\" content=\"image\/jpeg\" \/>\n<meta name=\"author\" content=\"redazione\" \/>\n<meta name=\"twitter:card\" content=\"summary_large_image\" \/>\n<meta name=\"twitter:label1\" content=\"Scritto da\" \/>\n\t<meta name=\"twitter:data1\" content=\"redazione\" \/>\n\t<meta name=\"twitter:label2\" content=\"Tempo di lettura stimato\" \/>\n\t<meta name=\"twitter:data2\" content=\"2 minuti\" \/>\n<script type=\"application\/ld+json\" class=\"yoast-schema-graph\">{\"@context\":\"https:\/\/schema.org\",\"@graph\":[{\"@type\":\"Article\",\"@id\":\"https:\/\/progettotouring.it\/radiotouring104\/2026\/02\/20\/messina-versace-presente-alla-riunione-per-lampliamento-del-porto-di-villa\/#article\",\"isPartOf\":{\"@id\":\"https:\/\/progettotouring.it\/radiotouring104\/2026\/02\/20\/messina-versace-presente-alla-riunione-per-lampliamento-del-porto-di-villa\/\"},\"author\":{\"name\":\"redazione\",\"@id\":\"https:\/\/progettotouring.it\/radiotouring104\/#\/schema\/person\/1b3eb3c07c47136bc44c785c543e635f\"},\"headline\":\"Messina: Versace presente alla riunione per l&#8217;ampliamento del porto di Villa\",\"datePublished\":\"2026-02-20T09:18:05+00:00\",\"dateModified\":\"2026-02-20T11:31:30+00:00\",\"mainEntityOfPage\":{\"@id\":\"https:\/\/progettotouring.it\/radiotouring104\/2026\/02\/20\/messina-versace-presente-alla-riunione-per-lampliamento-del-porto-di-villa\/\"},\"wordCount\":420,\"publisher\":{\"@id\":\"https:\/\/progettotouring.it\/radiotouring104\/#organization\"},\"image\":{\"@id\":\"https:\/\/progettotouring.it\/radiotouring104\/2026\/02\/20\/messina-versace-presente-alla-riunione-per-lampliamento-del-porto-di-villa\/#primaryimage\"},\"thumbnailUrl\":\"https:\/\/progettotouring.it\/radiotouring104\/wp-content\/uploads\/sites\/6\/2026\/02\/adsp-stretto-riunione-messina-ampliamento-porto-di-villa-sg-carmelo-versace.jpeg\",\"keywords\":[\"\u2018Procedura di ampliamento della circoscrizione territoriale dell'AdSP dello Stretto alle aree a Sud del molo di sopraflutto del porto di Villa San Giovanni\u2019\",\"\u201cUna buona notizia per la comunit\u00e0 villese\",\"AdSP dello Stretto\",\"ampliamento del porto di Villa\",\"aree a Sud del molo di sopraflutto del porto\",\"attesa da molti anni\",\"carmelo versace\",\"Citt\u00e0 Metropolitana di Reggio Calabria\",\"Messina\",\"per il rilancio trasportistico e turistico\u201d\",\"riunione\",\"villa san giovanni\"],\"articleSection\":[\"Home\",\"News\",\"Reggio Calabria\"],\"inLanguage\":\"it-IT\"},{\"@type\":\"WebPage\",\"@id\":\"https:\/\/progettotouring.it\/radiotouring104\/2026\/02\/20\/messina-versace-presente-alla-riunione-per-lampliamento-del-porto-di-villa\/\",\"url\":\"https:\/\/progettotouring.it\/radiotouring104\/2026\/02\/20\/messina-versace-presente-alla-riunione-per-lampliamento-del-porto-di-villa\/\",\"name\":\"Messina: Versace presente alla riunione per l'ampliamento del porto di Villa - Radio Touring 104\",\"isPartOf\":{\"@id\":\"https:\/\/progettotouring.it\/radiotouring104\/#website\"},\"primaryImageOfPage\":{\"@id\":\"https:\/\/progettotouring.it\/radiotouring104\/2026\/02\/20\/messina-versace-presente-alla-riunione-per-lampliamento-del-porto-di-villa\/#primaryimage\"},\"image\":{\"@id\":\"https:\/\/progettotouring.it\/radiotouring104\/2026\/02\/20\/messina-versace-presente-alla-riunione-per-lampliamento-del-porto-di-villa\/#primaryimage\"},\"thumbnailUrl\":\"https:\/\/progettotouring.it\/radiotouring104\/wp-content\/uploads\/sites\/6\/2026\/02\/adsp-stretto-riunione-messina-ampliamento-porto-di-villa-sg-carmelo-versace.jpeg\",\"datePublished\":\"2026-02-20T09:18:05+00:00\",\"dateModified\":\"2026-02-20T11:31:30+00:00\",\"description\":\"Il sindaco metropolitano ha partecipato alla riunione, svolta a Messina per l'ampliamento del Porto di Villa San Giovanni\",\"breadcrumb\":{\"@id\":\"https:\/\/progettotouring.it\/radiotouring104\/2026\/02\/20\/messina-versace-presente-alla-riunione-per-lampliamento-del-porto-di-villa\/#breadcrumb\"},\"inLanguage\":\"it-IT\",\"potentialAction\":[{\"@type\":\"ReadAction\",\"target\":[\"https:\/\/progettotouring.it\/radiotouring104\/2026\/02\/20\/messina-versace-presente-alla-riunione-per-lampliamento-del-porto-di-villa\/\"]}]},{\"@type\":\"ImageObject\",\"inLanguage\":\"it-IT\",\"@id\":\"https:\/\/progettotouring.it\/radiotouring104\/2026\/02\/20\/messina-versace-presente-alla-riunione-per-lampliamento-del-porto-di-villa\/#primaryimage\",\"url\":\"https:\/\/progettotouring.it\/radiotouring104\/wp-content\/uploads\/sites\/6\/2026\/02\/adsp-stretto-riunione-messina-ampliamento-porto-di-villa-sg-carmelo-versace.jpeg\",\"contentUrl\":\"https:\/\/progettotouring.it\/radiotouring104\/wp-content\/uploads\/sites\/6\/2026\/02\/adsp-stretto-riunione-messina-ampliamento-porto-di-villa-sg-carmelo-versace.jpeg\",\"width\":1600,\"height\":720},{\"@type\":\"BreadcrumbList\",\"@id\":\"https:\/\/progettotouring.it\/radiotouring104\/2026\/02\/20\/messina-versace-presente-alla-riunione-per-lampliamento-del-porto-di-villa\/#breadcrumb\",\"itemListElement\":[{\"@type\":\"ListItem\",\"position\":1,\"name\":\"Home\",\"item\":\"https:\/\/progettotouring.it\/radiotouring104\/\"},{\"@type\":\"ListItem\",\"position\":2,\"name\":\"Messina: Versace presente alla riunione per l&#8217;ampliamento del porto di Villa\"}]},{\"@type\":\"WebSite\",\"@id\":\"https:\/\/progettotouring.it\/radiotouring104\/#website\",\"url\":\"https:\/\/progettotouring.it\/radiotouring104\/\",\"name\":\"Radio Touring 104\",\"description\":\"La prima radio Reggina\",\"publisher\":{\"@id\":\"https:\/\/progettotouring.it\/radiotouring104\/#organization\"},\"potentialAction\":[{\"@type\":\"SearchAction\",\"target\":{\"@type\":\"EntryPoint\",\"urlTemplate\":\"https:\/\/progettotouring.it\/radiotouring104\/?s={search_term_string}\"},\"query-input\":{\"@type\":\"PropertyValueSpecification\",\"valueRequired\":true,\"valueName\":\"search_term_string\"}}],\"inLanguage\":\"it-IT\"},{\"@type\":\"Organization\",\"@id\":\"https:\/\/progettotouring.it\/radiotouring104\/#organization\",\"name\":\"Radio Touring 104\",\"url\":\"https:\/\/progettotouring.it\/radiotouring104\/\",\"logo\":{\"@type\":\"ImageObject\",\"inLanguage\":\"it-IT\",\"@id\":\"https:\/\/progettotouring.it\/radiotouring104\/#\/schema\/logo\/image\/\",\"url\":\"https:\/\/progettotouring.it\/radiotouring104\/wp-content\/uploads\/sites\/6\/2022\/02\/cropped-logo-radio-touring-104.png\",\"contentUrl\":\"https:\/\/progettotouring.it\/radiotouring104\/wp-content\/uploads\/sites\/6\/2022\/02\/cropped-logo-radio-touring-104.png\",\"width\":377,\"height\":182,\"caption\":\"Radio Touring 104\"},\"image\":{\"@id\":\"https:\/\/progettotouring.it\/radiotouring104\/#\/schema\/logo\/image\/\"}},{\"@type\":\"Person\",\"@id\":\"https:\/\/progettotouring.it\/radiotouring104\/#\/schema\/person\/1b3eb3c07c47136bc44c785c543e635f\",\"name\":\"redazione\",\"image\":{\"@type\":\"ImageObject\",\"inLanguage\":\"it-IT\",\"@id\":\"https:\/\/secure.gravatar.com\/avatar\/0b31605b49f100769e8b624b3e05de1b73e1692e9568a352f60f53fd072e6e11?s=96&d=mm&r=g\",\"url\":\"https:\/\/secure.gravatar.com\/avatar\/0b31605b49f100769e8b624b3e05de1b73e1692e9568a352f60f53fd072e6e11?s=96&d=mm&r=g\",\"contentUrl\":\"https:\/\/secure.gravatar.com\/avatar\/0b31605b49f100769e8b624b3e05de1b73e1692e9568a352f60f53fd072e6e11?s=96&d=mm&r=g\",\"caption\":\"redazione\"},\"url\":\"https:\/\/progettotouring.it\/radiotouring104\/author\/redazione\/\"}]}<\/script>\n<!-- \/ Yoast SEO plugin. -->","yoast_head_json":{"title":"Messina: Versace presente alla riunione per l'ampliamento del porto di Villa - Radio Touring 104","description":"Il sindaco metropolitano ha partecipato alla riunione, svolta a Messina per l'ampliamento del Porto di Villa San Giovanni","robots":{"index":"index","follow":"follow","max-snippet":"max-snippet:-1","max-image-preview":"max-image-preview:large","max-video-preview":"max-video-preview:-1"},"canonical":"https:\/\/progettotouring.it\/radiotouring104\/2026\/02\/20\/messina-versace-presente-alla-riunione-per-lampliamento-del-porto-di-villa\/","og_locale":"it_IT","og_type":"article","og_title":"Messina: Versace presente alla riunione per l'ampliamento del porto di Villa - Radio Touring 104","og_description":"Il sindaco metropolitano ha partecipato alla riunione, svolta a Messina per l'ampliamento del Porto di Villa San Giovanni","og_url":"https:\/\/progettotouring.it\/radiotouring104\/2026\/02\/20\/messina-versace-presente-alla-riunione-per-lampliamento-del-porto-di-villa\/","og_site_name":"Radio Touring 104","article_published_time":"2026-02-20T09:18:05+00:00","article_modified_time":"2026-02-20T11:31:30+00:00","og_image":[{"width":1600,"height":720,"url":"https:\/\/progettotouring.it\/radiotouring104\/wp-content\/uploads\/sites\/6\/2026\/02\/adsp-stretto-riunione-messina-ampliamento-porto-di-villa-sg-carmelo-versace.jpeg","type":"image\/jpeg"}],"author":"redazione","twitter_card":"summary_large_image","twitter_misc":{"Scritto da":"redazione","Tempo di lettura stimato":"2 minuti"},"schema":{"@context":"https:\/\/schema.org","@graph":[{"@type":"Article","@id":"https:\/\/progettotouring.it\/radiotouring104\/2026\/02\/20\/messina-versace-presente-alla-riunione-per-lampliamento-del-porto-di-villa\/#article","isPartOf":{"@id":"https:\/\/progettotouring.it\/radiotouring104\/2026\/02\/20\/messina-versace-presente-alla-riunione-per-lampliamento-del-porto-di-villa\/"},"author":{"name":"redazione","@id":"https:\/\/progettotouring.it\/radiotouring104\/#\/schema\/person\/1b3eb3c07c47136bc44c785c543e635f"},"headline":"Messina: Versace presente alla riunione per l&#8217;ampliamento del porto di Villa","datePublished":"2026-02-20T09:18:05+00:00","dateModified":"2026-02-20T11:31:30+00:00","mainEntityOfPage":{"@id":"https:\/\/progettotouring.it\/radiotouring104\/2026\/02\/20\/messina-versace-presente-alla-riunione-per-lampliamento-del-porto-di-villa\/"},"wordCount":420,"publisher":{"@id":"https:\/\/progettotouring.it\/radiotouring104\/#organization"},"image":{"@id":"https:\/\/progettotouring.it\/radiotouring104\/2026\/02\/20\/messina-versace-presente-alla-riunione-per-lampliamento-del-porto-di-villa\/#primaryimage"},"thumbnailUrl":"https:\/\/progettotouring.it\/radiotouring104\/wp-content\/uploads\/sites\/6\/2026\/02\/adsp-stretto-riunione-messina-ampliamento-porto-di-villa-sg-carmelo-versace.jpeg","keywords":["\u2018Procedura di ampliamento della circoscrizione territoriale dell'AdSP dello Stretto alle aree a Sud del molo di sopraflutto del porto di Villa San Giovanni\u2019","\u201cUna buona notizia per la comunit\u00e0 villese","AdSP dello Stretto","ampliamento del porto di Villa","aree a Sud del molo di sopraflutto del porto","attesa da molti anni","carmelo versace","Citt\u00e0 Metropolitana di Reggio Calabria","Messina","per il rilancio trasportistico e turistico\u201d","riunione","villa san giovanni"],"articleSection":["Home","News","Reggio Calabria"],"inLanguage":"it-IT"},{"@type":"WebPage","@id":"https:\/\/progettotouring.it\/radiotouring104\/2026\/02\/20\/messina-versace-presente-alla-riunione-per-lampliamento-del-porto-di-villa\/","url":"https:\/\/progettotouring.it\/radiotouring104\/2026\/02\/20\/messina-versace-presente-alla-riunione-per-lampliamento-del-porto-di-villa\/","name":"Messina: Versace presente alla riunione per l'ampliamento del porto di Villa - Radio Touring 104","isPartOf":{"@id":"https:\/\/progettotouring.it\/radiotouring104\/#website"},"primaryImageOfPage":{"@id":"https:\/\/progettotouring.it\/radiotouring104\/2026\/02\/20\/messina-versace-presente-alla-riunione-per-lampliamento-del-porto-di-villa\/#primaryimage"},"image":{"@id":"https:\/\/progettotouring.it\/radiotouring104\/2026\/02\/20\/messina-versace-presente-alla-riunione-per-lampliamento-del-porto-di-villa\/#primaryimage"},"thumbnailUrl":"https:\/\/progettotouring.it\/radiotouring104\/wp-content\/uploads\/sites\/6\/2026\/02\/adsp-stretto-riunione-messina-ampliamento-porto-di-villa-sg-carmelo-versace.jpeg","datePublished":"2026-02-20T09:18:05+00:00","dateModified":"2026-02-20T11:31:30+00:00","description":"Il sindaco metropolitano ha partecipato alla riunione, svolta a Messina per l'ampliamento del Porto di Villa San Giovanni","breadcrumb":{"@id":"https:\/\/progettotouring.it\/radiotouring104\/2026\/02\/20\/messina-versace-presente-alla-riunione-per-lampliamento-del-porto-di-villa\/#breadcrumb"},"inLanguage":"it-IT","potentialAction":[{"@type":"ReadAction","target":["https:\/\/progettotouring.it\/radiotouring104\/2026\/02\/20\/messina-versace-presente-alla-riunione-per-lampliamento-del-porto-di-villa\/"]}]},{"@type":"ImageObject","inLanguage":"it-IT","@id":"https:\/\/progettotouring.it\/radiotouring104\/2026\/02\/20\/messina-versace-presente-alla-riunione-per-lampliamento-del-porto-di-villa\/#primaryimage","url":"https:\/\/progettotouring.it\/radiotouring104\/wp-content\/uploads\/sites\/6\/2026\/02\/adsp-stretto-riunione-messina-ampliamento-porto-di-villa-sg-carmelo-versace.jpeg","contentUrl":"https:\/\/progettotouring.it\/radiotouring104\/wp-content\/uploads\/sites\/6\/2026\/02\/adsp-stretto-riunione-messina-ampliamento-porto-di-villa-sg-carmelo-versace.jpeg","width":1600,"height":720},{"@type":"BreadcrumbList","@id":"https:\/\/progettotouring.it\/radiotouring104\/2026\/02\/20\/messina-versace-presente-alla-riunione-per-lampliamento-del-porto-di-villa\/#breadcrumb","itemListElement":[{"@type":"ListItem","position":1,"name":"Home","item":"https:\/\/progettotouring.it\/radiotouring104\/"},{"@type":"ListItem","position":2,"name":"Messina: Versace presente alla riunione per l&#8217;ampliamento del porto di Villa"}]},{"@type":"WebSite","@id":"https:\/\/progettotouring.it\/radiotouring104\/#website","url":"https:\/\/progettotouring.it\/radiotouring104\/","name":"Radio Touring 104","description":"La prima radio Reggina","publisher":{"@id":"https:\/\/progettotouring.it\/radiotouring104\/#organization"},"potentialAction":[{"@type":"SearchAction","target":{"@type":"EntryPoint","urlTemplate":"https:\/\/progettotouring.it\/radiotouring104\/?s={search_term_string}"},"query-input":{"@type":"PropertyValueSpecification","valueRequired":true,"valueName":"search_term_string"}}],"inLanguage":"it-IT"},{"@type":"Organization","@id":"https:\/\/progettotouring.it\/radiotouring104\/#organization","name":"Radio Touring 104","url":"https:\/\/progettotouring.it\/radiotouring104\/","logo":{"@type":"ImageObject","inLanguage":"it-IT","@id":"https:\/\/progettotouring.it\/radiotouring104\/#\/schema\/logo\/image\/","url":"https:\/\/progettotouring.it\/radiotouring104\/wp-content\/uploads\/sites\/6\/2022\/02\/cropped-logo-radio-touring-104.png","contentUrl":"https:\/\/progettotouring.it\/radiotouring104\/wp-content\/uploads\/sites\/6\/2022\/02\/cropped-logo-radio-touring-104.png","width":377,"height":182,"caption":"Radio Touring 104"},"image":{"@id":"https:\/\/progettotouring.it\/radiotouring104\/#\/schema\/logo\/image\/"}},{"@type":"Person","@id":"https:\/\/progettotouring.it\/radiotouring104\/#\/schema\/person\/1b3eb3c07c47136bc44c785c543e635f","name":"redazione","image":{"@type":"ImageObject","inLanguage":"it-IT","@id":"https:\/\/secure.gravatar.com\/avatar\/0b31605b49f100769e8b624b3e05de1b73e1692e9568a352f60f53fd072e6e11?s=96&d=mm&r=g","url":"https:\/\/secure.gravatar.com\/avatar\/0b31605b49f100769e8b624b3e05de1b73e1692e9568a352f60f53fd072e6e11?s=96&d=mm&r=g","contentUrl":"https:\/\/secure.gravatar.com\/avatar\/0b31605b49f100769e8b624b3e05de1b73e1692e9568a352f60f53fd072e6e11?s=96&d=mm&r=g","caption":"redazione"},"url":"https:\/\/progettotouring.it\/radiotouring104\/author\/redazione\/"}]}},"jetpack_publicize_connections":[],"jetpack_featured_media_url":"https:\/\/progettotouring.it\/radiotouring104\/wp-content\/uploads\/sites\/6\/2026\/02\/adsp-stretto-riunione-messina-ampliamento-porto-di-villa-sg-carmelo-versace.jpeg","jetpack_sharing_enabled":true,"_links":{"self":[{"href":"https:\/\/progettotouring.it\/radiotouring104\/wp-json\/wp\/v2\/posts\/90816","targetHints":{"allow":["GET"]}}],"collection":[{"href":"https:\/\/progettotouring.it\/radiotouring104\/wp-json\/wp\/v2\/posts"}],"about":[{"href":"https:\/\/progettotouring.it\/radiotouring104\/wp-json\/wp\/v2\/types\/post"}],"author":[{"embeddable":true,"href":"https:\/\/progettotouring.it\/radiotouring104\/wp-json\/wp\/v2\/users\/5"}],"replies":[{"embeddable":true,"href":"https:\/\/progettotouring.it\/radiotouring104\/wp-json\/wp\/v2\/comments?post=90816"}],"version-history":[{"count":1,"href":"https:\/\/progettotouring.it\/radiotouring104\/wp-json\/wp\/v2\/posts\/90816\/revisions"}],"predecessor-version":[{"id":90818,"href":"https:\/\/progettotouring.it\/radiotouring104\/wp-json\/wp\/v2\/posts\/90816\/revisions\/90818"}],"wp:featuredmedia":[{"embeddable":true,"href":"https:\/\/progettotouring.it\/radiotouring104\/wp-json\/wp\/v2\/media\/90817"}],"wp:attachment":[{"href":"https:\/\/progettotouring.it\/radiotouring104\/wp-json\/wp\/v2\/media?parent=90816"}],"wp:term":[{"taxonomy":"category","embeddable":true,"href":"https:\/\/progettotouring.it\/radiotouring104\/wp-json\/wp\/v2\/categories?post=90816"},{"taxonomy":"post_tag","embeddable":true,"href":"https:\/\/progettotouring.it\/radiotouring104\/wp-json\/wp\/v2\/tags?post=90816"}],"curies":[{"name":"wp","href":"https:\/\/api.w.org\/{rel}","templated":true}]}}