{"id":90819,"date":"2026-02-20T10:23:24","date_gmt":"2026-02-20T09:23:24","guid":{"rendered":"https:\/\/progettotouring.it\/radiotouring104\/?p=90819"},"modified":"2026-02-20T12:31:22","modified_gmt":"2026-02-20T11:31:22","slug":"tirocinanti-wanda-ferro-stabilizzati-gli-operatori-giudiziari-calabresi","status":"publish","type":"post","link":"https:\/\/progettotouring.it\/radiotouring104\/2026\/02\/20\/tirocinanti-wanda-ferro-stabilizzati-gli-operatori-giudiziari-calabresi\/","title":{"rendered":"Tirocinanti, Wanda Ferro: &#8220;Stabilizzati gli operatori giudiziari calabresi&#8221;"},"content":{"rendered":"<p>&#8220;Con la pubblicazione del Decreto Legge Pnrr, gli operatori giudiziari calabresi, ex tirocinanti in regime di part-time, hanno finalmente ottenuto la stabilizzazione dopo anni di abbandono, incertezza e precariet\u00e0&#8221;. Lo dichiara in una nota Wanda Ferro (Fdi), sottosegretaria all&#8217;Interno.<\/p>\n<p>&#8220;Un risultato veramente storico &#8211; prosegue &#8211; reso possibile grazie all&#8217;impegno determinato del sottosegretario alla Giustizia Andrea Delmastro delle Vedove, che ha raccolto le esigenze del territorio che gli ho rappresentato, e ha affrontato il tema in prima persona, mantenendo la promessa fatta e restituendo certezze a tanti lavoratori calabresi e alle loro famiglie&#8221;.<\/p>\n<p>&#8220;Questa stabilizzazione &#8211; conclude Ferro &#8211; \u00e8 la risposta definitiva a chi, nei governi precedenti, aveva creato precariet\u00e0 senza futuro. Il contrasto al precariato noi lo facciamo quando governiamo, altri solo quando sono all&#8217;opposizione&#8221;.<\/p>\n<p>&nbsp;<\/p>\n<h3>L&#8217;On. Francesco Cannizzaro: &#8220;Lieto fine per gli operatori giudiziari calabresi, ora avanti con Cultura ed Istruzione&#8221;<\/h3>\n<p><em>\u201c\u00c8 un risultato straordinario l\u2019inserimento, nel testo bollinato del DL PNRR, di una norma da noi sollecitata, che dispone la stabilizzazione di tutti quegli operatori giudiziari noti come \u2018ex tirocinanti ministeriali\u2019, prevedendo la possibilit\u00e0 per lo stesso Ministero di procedere, nel corso dell\u2019anno 2026, all\u2019assunzione a tempo indeterminato proprio di questa platea di lavoratori. Questo \u00e8 avvenuto a seguito dell\u2019impegno del Ministero della Giustizia nell\u2019ambito di un accordo sul personale chiuso a fine gennaio e per il quale ringrazio per la sensibilit\u00e0 il Ministro Carlo Nordio, il Viceministro Francesco Paolo Sisto ed il Sottosegretario Andrea Delmastro.\u201d <\/em>Lo comunica Francesco Cannizzaro, Vice Capogruppo di Forza Italia alla Camera dei Deputati e Segretario regionale della Calabria.<\/p>\n<p><em>\u201cCom\u2019\u00e8 noto, anche i lavoratori applicati alle sedi del Ministero della Cultura e del Ministero dell\u2019Istruzione sono nelle stesse condizioni, facendo capo tutti allo stesso storico bacino.\u00a0E non li abbiamo certo dimenticati. Infatti \u2013 <\/em>spiega il parlamentare reggino<em> &#8211; per gli operatori dipendenti del Ministero della Cultura, avevamo ottenuto una riformulazione del mio emendamento da parte del Governo, che prevedeva la proroga dei contratti fino al 31 dicembre 2026: una norma funzionale ad un percorso definitivo di stabilizzazione, su cui stiamo continuando a lavorare senza sosta. Pur avendo ottenuto parere favorevole, a causa di tempi tecnici legati ai lavori della Commissione nell\u2019ambito di questo provvedimento, purtroppo non \u00e8 stato possibile approvare il mio emendamento all\u2019interno del Decreto Milleproroghe, cos\u00ec come tantissimi altri emendamenti con pareri favorevoli che riguardavano diversi ambiti e territori.<\/em><\/p>\n<p><em>Ma la questione non finisce qui \u2013 <\/em>assicura Cannizzaro &#8211;<em> perch\u00e9 non intendiamo lasciare indietro nessuno, volendo garantire un trattamento uniforme per tutti gli \u2018ex tirocinanti\u2019 puntando alla stabilizzazione dell\u2019intera platea. Pertanto, questa norma sar\u00e0 approvata o all\u2019interno del gi\u00e0 citato Decreto PNRR, <\/em><em>o all&#8217;interno di altri provvedimenti in esame nei prossimi giorni al Parlamento<\/em><em>; ad ogni modo, quindi, \u00e8 tutto soltanto rimandato di poco.<\/em><\/p>\n<p><em>Per quanto riguarda, invece, il personale che opera presso le scuole, in questa fase il Ministero dell\u2019Istruzione non ha inteso definire un percorso. Ma nelle settimane che ci separano dalla scadenza dei loro contratti (prevista a luglio) lavoreremo per la definizione di norme specifiche che possano anch\u2019esse trovare spazio nell\u2019ambito del Decreto Legge PNRR, che gi\u00e0 prevede diverse disposizioni in materia di assunzioni e rafforzamento della capacit\u00e0 amministrativa degli enti, oppure \u2013 come detto in precedenza &#8211; <\/em><em>all&#8217;interno di altri provvedimenti in esame nei prossimi giorni.<\/em><\/p>\n<p><em>Per questo, infatti, ho gi\u00e0 concordato con il Ministro della Pubblica Amministrazione, Paolo Zangrillo, di istituire nei prossimi giorni un tavolo di concertazione coinvolgendo, assieme a Funzione Pubblica, i due ministeri interessati (Cultura e Istruzione) per elaborare concretamente percorsi e soluzioni che permettano a questo bacino di lavoratori (calabresi e non) di essere assorbito nel personale delle amministrazioni in cui operano da anni con seriet\u00e0 e dedizione, in una condizione di precariato che non pu\u00f2 pi\u00f9 essere tollerata e per cui insieme al Presidente della Regione Roberto Occhiuto ci stiamo battendo da anni senza soluzione di continuit\u00e0.<\/em><\/p>\n<p><em>Il nostro impegno \u00e8 stato, \u00e8 e sar\u00e0 sempre lo stesso: raggiungere l\u2019obiettivo di dare un futuro certo a questa platea di lavoratori che garantiscono ogni giorno il funzionamento di musei, tribunali, scuole e servizi essenziali della Calabria. Senza paura di smentita posso affermare \u2013 <\/em>conclude Francesco Cannizzaro<em> &#8211; che mai nessuna classe dirigente si \u00e8 battuta cos\u00ec per loro. Forza Italia, sin dal primo giorno in cui si \u00e8 fatta carico della questione, non li ha mai lasciati soli e continuer\u00e0 a non lasciarli soli, fino a quando l&#8217;ultimo lavoratore non sar\u00e0 stabilizzato.\u201d<\/em><\/p>\n<p><em>\u00a0<\/em><\/p>\n<p>&nbsp;<\/p>\n<p><span style=\"font-family: Raleway, sans-serif;font-size: 18px;font-weight: bold;letter-spacing: 0px\">Iiriti (FdI): \u201cStabilizzazione attesa da anni, mantenuto un impegno concreto verso i lavoratori\u201d<\/span><\/p>\n<div class=\"row message-header\">\n<div class=\"col-10\">\n<div class=\"message-header-title\">\n<div><\/div>\n<div class=\"message-header-title-subject\">\u00abLa pubblicazione del Decreto Legge PNRR segna un passaggio decisivo per tanti operatori giudiziari calabresi provenienti dai percorsi di tirocinio part-time, che da troppo tempo vivevano in una condizione di incertezza lavorativa. Oggi si chiude finalmente una lunga stagione di precariet\u00e0 e si apre una fase di stabilit\u00e0 e riconoscimento professionale\u00bb. Lo dichiara la consigliera regionale di Fratelli d\u2019Italia Daniela Iiriti.<\/div>\n<\/div>\n<\/div>\n<\/div>\n<p>\u00abParliamo di lavoratori che hanno garantito per anni un contributo essenziale al funzionamento degli uffici giudiziari della nostra regione, senza per\u00f2 avere le necessarie garanzie sul proprio futuro. La loro stabilizzazione rappresenta un atto di giustizia e di rispetto nei confronti di chi ha servito lo Stato con impegno e responsabilit\u00e0\u00bb.<\/p>\n<p>Iiriti sottolinea \u00abil ruolo determinante del Governo e, in particolare, del Sottosegretario alla Giustizia Andrea Delmastro delle Vedove, che ha seguito da vicino il dossier, ascoltando le istanze provenienti dalla Calabria e contribuendo in maniera concreta alla definizione della soluzione normativa\u00bb.<\/p>\n<p>\u00abUn ringraziamento sincero \u2013 aggiunge Iiriti \u2013 va anche all\u2019onorevole Wanda Ferro, che ha mantenuto alta l\u2019attenzione sulla vicenda, facendosi portavoce delle esigenze dei lavoratori calabresi nelle sedi istituzionali competenti e sostenendo con determinazione un percorso che oggi si traduce in un risultato storico per il nostro territorio\u00bb.<\/p>\n<p>\u00abQuesto provvedimento dimostra che quando si governa con seriet\u00e0 si affrontano i problemi strutturali e si offrono soluzioni reali, superando definitivamente quelle politiche che in passato avevano alimentato bacini di precariet\u00e0 senza prospettive. La stabilizzazione degli operatori giudiziari \u00e8 una risposta chiara e tangibile a chi chiedeva certezze e dignit\u00e0 lavorativa\u00bb.<\/p>\n<p>\u00abContinueremo \u2013 conclude Iiriti \u2013 a lavorare affinch\u00e9 il tema del lavoro stabile resti una priorit\u00e0 dell\u2019azione politica, soprattutto in territori come il nostro che hanno pagato per troppo tempo il prezzo dell\u2019incertezza e dell\u2019abbandono istituzionale\u00bb.<\/p>\n<p>&nbsp;<\/p>\n<p>&nbsp;<\/p>\n<p>&nbsp;<\/p>\n<div class=\"h-100 d-flex flex-column container-fluid message-container no-dark-filter pe-3 detail\">\n<div class=\"row message-content\">\n<div class=\"col-12 h-100 d-flex flex-column overflow-y\">\n<div class=\"card\">\n<div class=\"card-body message-content-body pt-0 d-flex flex-column gap-4 margin-left\">\n<div class=\"message-content-body-text\">\n<div class=\"email-viewer-container\">\n<div class=\"viewport\">\n<div class=\"content\">\n<div>\n<div class=\"xam_msg_class\">\n<div dir=\"ltr\">\n<div class=\"gmail_quote gmail_quote_container\">\n<div dir=\"ltr\">\n<div class=\"gmail_quote\">\n<div dir=\"ltr\">\n<div class=\"gmail_quote\"><\/div>\n<\/div>\n<\/div>\n<\/div>\n<\/div>\n<\/div>\n<\/div>\n<\/div>\n<\/div>\n<\/div>\n<\/div>\n<\/div>\n<\/div>\n<div class=\"card-footer message-content-footer pb-3 sticky-bottom z-3 margin-left\">\n<div class=\"aru-button-group\" role=\"group\">\n<div class=\"top-text\">\n<div class=\"aru-button__inner aru-button__inner--md\n\n               \"><\/p>\n<div class=\"aru-button__content aru-button__content--start\"><\/div>\n<\/div>\n<\/div>\n<div class=\"top-text\">\n<div class=\"aru-button__inner aru-button__inner--md\n\n               \"><\/p>\n<div class=\"aru-button__content aru-button__content--start\"><\/div>\n<\/div>\n<\/div>\n<div class=\"top-text\">\n<div class=\"aru-button__inner aru-button__inner--md\n\n               \"><\/p>\n<div class=\"aru-button__content aru-button__content--start\"><\/div>\n<\/div>\n<\/div>\n<\/div>\n<\/div>\n<\/div>\n<\/div>\n<\/div>\n<\/div>\n<div class=\"as-split-gutter\" role=\"separator\"><\/div>\n","protected":false},"excerpt":{"rendered":"<p>&#8220;Con la pubblicazione del Decreto Legge Pnrr, gli operatori giudiziari calabresi, ex tirocinanti in regime di part-time, hanno finalmente ottenuto la stabilizzazione dopo anni di abbandono, incertezza e precariet\u00e0&#8221;. Lo&hellip;<\/p>\n","protected":false},"author":5,"featured_media":18224,"comment_status":"closed","ping_status":"open","sticky":false,"template":"","format":"standard","meta":{"_jetpack_memberships_contains_paid_content":false,"footnotes":"","jetpack_publicize_message":"","jetpack_publicize_feature_enabled":true,"jetpack_social_post_already_shared":true,"jetpack_social_options":{"image_generator_settings":{"template":"highway","default_image_id":0,"font":"","enabled":false},"version":2}},"categories":[142,921,196],"tags":[51157,13886,51158,23380],"class_list":["post-90819","post","type-post","status-publish","format-standard","has-post-thumbnail","hentry","category-calabria","category-home","category-news","tag-regime-di-part-time","tag-sottosegretaria-allinterno-wanda-ferro","tag-stabilizzati-peratori-giudiziari-calabresi","tag-tirocinanti-calabresi"],"yoast_head":"<!-- This site is optimized with the Yoast SEO plugin v27.2 - https:\/\/yoast.com\/product\/yoast-seo-wordpress\/ -->\n<title>Tirocinanti, Wanda Ferro: &quot;Stabilizzati gli operatori giudiziari calabresi&quot; - Radio Touring 104<\/title>\n<meta name=\"description\" content=\"La Sottosegretaria Ferro, il deputato Cannizzaro e la consigliera regionale Liriti esprimono soddisfazione per la stabilizzazione\" \/>\n<meta name=\"robots\" content=\"index, follow, max-snippet:-1, max-image-preview:large, max-video-preview:-1\" \/>\n<link rel=\"canonical\" href=\"https:\/\/progettotouring.it\/radiotouring104\/2026\/02\/20\/tirocinanti-wanda-ferro-stabilizzati-gli-operatori-giudiziari-calabresi\/\" \/>\n<meta property=\"og:locale\" content=\"it_IT\" \/>\n<meta property=\"og:type\" content=\"article\" \/>\n<meta property=\"og:title\" content=\"Tirocinanti, Wanda Ferro: &quot;Stabilizzati gli operatori giudiziari calabresi&quot; - Radio Touring 104\" \/>\n<meta property=\"og:description\" content=\"La Sottosegretaria Ferro, il deputato Cannizzaro e la consigliera regionale Liriti esprimono soddisfazione per la stabilizzazione\" \/>\n<meta property=\"og:url\" content=\"https:\/\/progettotouring.it\/radiotouring104\/2026\/02\/20\/tirocinanti-wanda-ferro-stabilizzati-gli-operatori-giudiziari-calabresi\/\" \/>\n<meta property=\"og:site_name\" content=\"Radio Touring 104\" \/>\n<meta property=\"article:published_time\" content=\"2026-02-20T09:23:24+00:00\" \/>\n<meta property=\"article:modified_time\" content=\"2026-02-20T11:31:22+00:00\" \/>\n<meta property=\"og:image\" content=\"https:\/\/progettotouring.it\/radiotouring104\/wp-content\/uploads\/sites\/6\/2023\/02\/wanda-ferro-1.jpg\" \/>\n\t<meta property=\"og:image:width\" content=\"1024\" \/>\n\t<meta property=\"og:image:height\" content=\"646\" \/>\n\t<meta property=\"og:image:type\" content=\"image\/jpeg\" \/>\n<meta name=\"author\" content=\"redazione\" \/>\n<meta name=\"twitter:card\" content=\"summary_large_image\" \/>\n<meta name=\"twitter:label1\" content=\"Scritto da\" \/>\n\t<meta name=\"twitter:data1\" content=\"redazione\" \/>\n\t<meta name=\"twitter:label2\" content=\"Tempo di lettura stimato\" \/>\n\t<meta name=\"twitter:data2\" content=\"5 minuti\" \/>\n<script type=\"application\/ld+json\" class=\"yoast-schema-graph\">{\"@context\":\"https:\/\/schema.org\",\"@graph\":[{\"@type\":\"Article\",\"@id\":\"https:\/\/progettotouring.it\/radiotouring104\/2026\/02\/20\/tirocinanti-wanda-ferro-stabilizzati-gli-operatori-giudiziari-calabresi\/#article\",\"isPartOf\":{\"@id\":\"https:\/\/progettotouring.it\/radiotouring104\/2026\/02\/20\/tirocinanti-wanda-ferro-stabilizzati-gli-operatori-giudiziari-calabresi\/\"},\"author\":{\"name\":\"redazione\",\"@id\":\"https:\/\/progettotouring.it\/radiotouring104\/#\/schema\/person\/1b3eb3c07c47136bc44c785c543e635f\"},\"headline\":\"Tirocinanti, Wanda Ferro: &#8220;Stabilizzati gli operatori giudiziari calabresi&#8221;\",\"datePublished\":\"2026-02-20T09:23:24+00:00\",\"dateModified\":\"2026-02-20T11:31:22+00:00\",\"mainEntityOfPage\":{\"@id\":\"https:\/\/progettotouring.it\/radiotouring104\/2026\/02\/20\/tirocinanti-wanda-ferro-stabilizzati-gli-operatori-giudiziari-calabresi\/\"},\"wordCount\":1045,\"publisher\":{\"@id\":\"https:\/\/progettotouring.it\/radiotouring104\/#organization\"},\"image\":{\"@id\":\"https:\/\/progettotouring.it\/radiotouring104\/2026\/02\/20\/tirocinanti-wanda-ferro-stabilizzati-gli-operatori-giudiziari-calabresi\/#primaryimage\"},\"thumbnailUrl\":\"https:\/\/progettotouring.it\/radiotouring104\/wp-content\/uploads\/sites\/6\/2023\/02\/wanda-ferro-1.jpg\",\"keywords\":[\"regime di part-time\",\"sottosegretaria all'Interno Wanda Ferro\",\"stabilizzati peratori giudiziari calabresi\",\"Tirocinanti calabresi:\"],\"articleSection\":[\"Calabria\",\"Home\",\"News\"],\"inLanguage\":\"it-IT\"},{\"@type\":\"WebPage\",\"@id\":\"https:\/\/progettotouring.it\/radiotouring104\/2026\/02\/20\/tirocinanti-wanda-ferro-stabilizzati-gli-operatori-giudiziari-calabresi\/\",\"url\":\"https:\/\/progettotouring.it\/radiotouring104\/2026\/02\/20\/tirocinanti-wanda-ferro-stabilizzati-gli-operatori-giudiziari-calabresi\/\",\"name\":\"Tirocinanti, Wanda Ferro: \\\"Stabilizzati gli operatori giudiziari calabresi\\\" - Radio Touring 104\",\"isPartOf\":{\"@id\":\"https:\/\/progettotouring.it\/radiotouring104\/#website\"},\"primaryImageOfPage\":{\"@id\":\"https:\/\/progettotouring.it\/radiotouring104\/2026\/02\/20\/tirocinanti-wanda-ferro-stabilizzati-gli-operatori-giudiziari-calabresi\/#primaryimage\"},\"image\":{\"@id\":\"https:\/\/progettotouring.it\/radiotouring104\/2026\/02\/20\/tirocinanti-wanda-ferro-stabilizzati-gli-operatori-giudiziari-calabresi\/#primaryimage\"},\"thumbnailUrl\":\"https:\/\/progettotouring.it\/radiotouring104\/wp-content\/uploads\/sites\/6\/2023\/02\/wanda-ferro-1.jpg\",\"datePublished\":\"2026-02-20T09:23:24+00:00\",\"dateModified\":\"2026-02-20T11:31:22+00:00\",\"description\":\"La Sottosegretaria Ferro, il deputato Cannizzaro e la consigliera regionale Liriti esprimono soddisfazione per la stabilizzazione\",\"breadcrumb\":{\"@id\":\"https:\/\/progettotouring.it\/radiotouring104\/2026\/02\/20\/tirocinanti-wanda-ferro-stabilizzati-gli-operatori-giudiziari-calabresi\/#breadcrumb\"},\"inLanguage\":\"it-IT\",\"potentialAction\":[{\"@type\":\"ReadAction\",\"target\":[\"https:\/\/progettotouring.it\/radiotouring104\/2026\/02\/20\/tirocinanti-wanda-ferro-stabilizzati-gli-operatori-giudiziari-calabresi\/\"]}]},{\"@type\":\"ImageObject\",\"inLanguage\":\"it-IT\",\"@id\":\"https:\/\/progettotouring.it\/radiotouring104\/2026\/02\/20\/tirocinanti-wanda-ferro-stabilizzati-gli-operatori-giudiziari-calabresi\/#primaryimage\",\"url\":\"https:\/\/progettotouring.it\/radiotouring104\/wp-content\/uploads\/sites\/6\/2023\/02\/wanda-ferro-1.jpg\",\"contentUrl\":\"https:\/\/progettotouring.it\/radiotouring104\/wp-content\/uploads\/sites\/6\/2023\/02\/wanda-ferro-1.jpg\",\"width\":1024,\"height\":646},{\"@type\":\"BreadcrumbList\",\"@id\":\"https:\/\/progettotouring.it\/radiotouring104\/2026\/02\/20\/tirocinanti-wanda-ferro-stabilizzati-gli-operatori-giudiziari-calabresi\/#breadcrumb\",\"itemListElement\":[{\"@type\":\"ListItem\",\"position\":1,\"name\":\"Home\",\"item\":\"https:\/\/progettotouring.it\/radiotouring104\/\"},{\"@type\":\"ListItem\",\"position\":2,\"name\":\"Tirocinanti, Wanda Ferro: &#8220;Stabilizzati gli operatori giudiziari calabresi&#8221;\"}]},{\"@type\":\"WebSite\",\"@id\":\"https:\/\/progettotouring.it\/radiotouring104\/#website\",\"url\":\"https:\/\/progettotouring.it\/radiotouring104\/\",\"name\":\"Radio Touring 104\",\"description\":\"La prima radio Reggina\",\"publisher\":{\"@id\":\"https:\/\/progettotouring.it\/radiotouring104\/#organization\"},\"potentialAction\":[{\"@type\":\"SearchAction\",\"target\":{\"@type\":\"EntryPoint\",\"urlTemplate\":\"https:\/\/progettotouring.it\/radiotouring104\/?s={search_term_string}\"},\"query-input\":{\"@type\":\"PropertyValueSpecification\",\"valueRequired\":true,\"valueName\":\"search_term_string\"}}],\"inLanguage\":\"it-IT\"},{\"@type\":\"Organization\",\"@id\":\"https:\/\/progettotouring.it\/radiotouring104\/#organization\",\"name\":\"Radio Touring 104\",\"url\":\"https:\/\/progettotouring.it\/radiotouring104\/\",\"logo\":{\"@type\":\"ImageObject\",\"inLanguage\":\"it-IT\",\"@id\":\"https:\/\/progettotouring.it\/radiotouring104\/#\/schema\/logo\/image\/\",\"url\":\"https:\/\/progettotouring.it\/radiotouring104\/wp-content\/uploads\/sites\/6\/2022\/02\/cropped-logo-radio-touring-104.png\",\"contentUrl\":\"https:\/\/progettotouring.it\/radiotouring104\/wp-content\/uploads\/sites\/6\/2022\/02\/cropped-logo-radio-touring-104.png\",\"width\":377,\"height\":182,\"caption\":\"Radio Touring 104\"},\"image\":{\"@id\":\"https:\/\/progettotouring.it\/radiotouring104\/#\/schema\/logo\/image\/\"}},{\"@type\":\"Person\",\"@id\":\"https:\/\/progettotouring.it\/radiotouring104\/#\/schema\/person\/1b3eb3c07c47136bc44c785c543e635f\",\"name\":\"redazione\",\"image\":{\"@type\":\"ImageObject\",\"inLanguage\":\"it-IT\",\"@id\":\"https:\/\/secure.gravatar.com\/avatar\/0b31605b49f100769e8b624b3e05de1b73e1692e9568a352f60f53fd072e6e11?s=96&d=mm&r=g\",\"url\":\"https:\/\/secure.gravatar.com\/avatar\/0b31605b49f100769e8b624b3e05de1b73e1692e9568a352f60f53fd072e6e11?s=96&d=mm&r=g\",\"contentUrl\":\"https:\/\/secure.gravatar.com\/avatar\/0b31605b49f100769e8b624b3e05de1b73e1692e9568a352f60f53fd072e6e11?s=96&d=mm&r=g\",\"caption\":\"redazione\"},\"url\":\"https:\/\/progettotouring.it\/radiotouring104\/author\/redazione\/\"}]}<\/script>\n<!-- \/ Yoast SEO plugin. -->","yoast_head_json":{"title":"Tirocinanti, Wanda Ferro: \"Stabilizzati gli operatori giudiziari calabresi\" - Radio Touring 104","description":"La Sottosegretaria Ferro, il deputato Cannizzaro e la consigliera regionale Liriti esprimono soddisfazione per la stabilizzazione","robots":{"index":"index","follow":"follow","max-snippet":"max-snippet:-1","max-image-preview":"max-image-preview:large","max-video-preview":"max-video-preview:-1"},"canonical":"https:\/\/progettotouring.it\/radiotouring104\/2026\/02\/20\/tirocinanti-wanda-ferro-stabilizzati-gli-operatori-giudiziari-calabresi\/","og_locale":"it_IT","og_type":"article","og_title":"Tirocinanti, Wanda Ferro: \"Stabilizzati gli operatori giudiziari calabresi\" - Radio Touring 104","og_description":"La Sottosegretaria Ferro, il deputato Cannizzaro e la consigliera regionale Liriti esprimono soddisfazione per la stabilizzazione","og_url":"https:\/\/progettotouring.it\/radiotouring104\/2026\/02\/20\/tirocinanti-wanda-ferro-stabilizzati-gli-operatori-giudiziari-calabresi\/","og_site_name":"Radio Touring 104","article_published_time":"2026-02-20T09:23:24+00:00","article_modified_time":"2026-02-20T11:31:22+00:00","og_image":[{"width":1024,"height":646,"url":"https:\/\/progettotouring.it\/radiotouring104\/wp-content\/uploads\/sites\/6\/2023\/02\/wanda-ferro-1.jpg","type":"image\/jpeg"}],"author":"redazione","twitter_card":"summary_large_image","twitter_misc":{"Scritto da":"redazione","Tempo di lettura stimato":"5 minuti"},"schema":{"@context":"https:\/\/schema.org","@graph":[{"@type":"Article","@id":"https:\/\/progettotouring.it\/radiotouring104\/2026\/02\/20\/tirocinanti-wanda-ferro-stabilizzati-gli-operatori-giudiziari-calabresi\/#article","isPartOf":{"@id":"https:\/\/progettotouring.it\/radiotouring104\/2026\/02\/20\/tirocinanti-wanda-ferro-stabilizzati-gli-operatori-giudiziari-calabresi\/"},"author":{"name":"redazione","@id":"https:\/\/progettotouring.it\/radiotouring104\/#\/schema\/person\/1b3eb3c07c47136bc44c785c543e635f"},"headline":"Tirocinanti, Wanda Ferro: &#8220;Stabilizzati gli operatori giudiziari calabresi&#8221;","datePublished":"2026-02-20T09:23:24+00:00","dateModified":"2026-02-20T11:31:22+00:00","mainEntityOfPage":{"@id":"https:\/\/progettotouring.it\/radiotouring104\/2026\/02\/20\/tirocinanti-wanda-ferro-stabilizzati-gli-operatori-giudiziari-calabresi\/"},"wordCount":1045,"publisher":{"@id":"https:\/\/progettotouring.it\/radiotouring104\/#organization"},"image":{"@id":"https:\/\/progettotouring.it\/radiotouring104\/2026\/02\/20\/tirocinanti-wanda-ferro-stabilizzati-gli-operatori-giudiziari-calabresi\/#primaryimage"},"thumbnailUrl":"https:\/\/progettotouring.it\/radiotouring104\/wp-content\/uploads\/sites\/6\/2023\/02\/wanda-ferro-1.jpg","keywords":["regime di part-time","sottosegretaria all'Interno Wanda Ferro","stabilizzati peratori giudiziari calabresi","Tirocinanti calabresi:"],"articleSection":["Calabria","Home","News"],"inLanguage":"it-IT"},{"@type":"WebPage","@id":"https:\/\/progettotouring.it\/radiotouring104\/2026\/02\/20\/tirocinanti-wanda-ferro-stabilizzati-gli-operatori-giudiziari-calabresi\/","url":"https:\/\/progettotouring.it\/radiotouring104\/2026\/02\/20\/tirocinanti-wanda-ferro-stabilizzati-gli-operatori-giudiziari-calabresi\/","name":"Tirocinanti, Wanda Ferro: \"Stabilizzati gli operatori giudiziari calabresi\" - Radio Touring 104","isPartOf":{"@id":"https:\/\/progettotouring.it\/radiotouring104\/#website"},"primaryImageOfPage":{"@id":"https:\/\/progettotouring.it\/radiotouring104\/2026\/02\/20\/tirocinanti-wanda-ferro-stabilizzati-gli-operatori-giudiziari-calabresi\/#primaryimage"},"image":{"@id":"https:\/\/progettotouring.it\/radiotouring104\/2026\/02\/20\/tirocinanti-wanda-ferro-stabilizzati-gli-operatori-giudiziari-calabresi\/#primaryimage"},"thumbnailUrl":"https:\/\/progettotouring.it\/radiotouring104\/wp-content\/uploads\/sites\/6\/2023\/02\/wanda-ferro-1.jpg","datePublished":"2026-02-20T09:23:24+00:00","dateModified":"2026-02-20T11:31:22+00:00","description":"La Sottosegretaria Ferro, il deputato Cannizzaro e la consigliera regionale Liriti esprimono soddisfazione per la stabilizzazione","breadcrumb":{"@id":"https:\/\/progettotouring.it\/radiotouring104\/2026\/02\/20\/tirocinanti-wanda-ferro-stabilizzati-gli-operatori-giudiziari-calabresi\/#breadcrumb"},"inLanguage":"it-IT","potentialAction":[{"@type":"ReadAction","target":["https:\/\/progettotouring.it\/radiotouring104\/2026\/02\/20\/tirocinanti-wanda-ferro-stabilizzati-gli-operatori-giudiziari-calabresi\/"]}]},{"@type":"ImageObject","inLanguage":"it-IT","@id":"https:\/\/progettotouring.it\/radiotouring104\/2026\/02\/20\/tirocinanti-wanda-ferro-stabilizzati-gli-operatori-giudiziari-calabresi\/#primaryimage","url":"https:\/\/progettotouring.it\/radiotouring104\/wp-content\/uploads\/sites\/6\/2023\/02\/wanda-ferro-1.jpg","contentUrl":"https:\/\/progettotouring.it\/radiotouring104\/wp-content\/uploads\/sites\/6\/2023\/02\/wanda-ferro-1.jpg","width":1024,"height":646},{"@type":"BreadcrumbList","@id":"https:\/\/progettotouring.it\/radiotouring104\/2026\/02\/20\/tirocinanti-wanda-ferro-stabilizzati-gli-operatori-giudiziari-calabresi\/#breadcrumb","itemListElement":[{"@type":"ListItem","position":1,"name":"Home","item":"https:\/\/progettotouring.it\/radiotouring104\/"},{"@type":"ListItem","position":2,"name":"Tirocinanti, Wanda Ferro: &#8220;Stabilizzati gli operatori giudiziari calabresi&#8221;"}]},{"@type":"WebSite","@id":"https:\/\/progettotouring.it\/radiotouring104\/#website","url":"https:\/\/progettotouring.it\/radiotouring104\/","name":"Radio Touring 104","description":"La prima radio Reggina","publisher":{"@id":"https:\/\/progettotouring.it\/radiotouring104\/#organization"},"potentialAction":[{"@type":"SearchAction","target":{"@type":"EntryPoint","urlTemplate":"https:\/\/progettotouring.it\/radiotouring104\/?s={search_term_string}"},"query-input":{"@type":"PropertyValueSpecification","valueRequired":true,"valueName":"search_term_string"}}],"inLanguage":"it-IT"},{"@type":"Organization","@id":"https:\/\/progettotouring.it\/radiotouring104\/#organization","name":"Radio Touring 104","url":"https:\/\/progettotouring.it\/radiotouring104\/","logo":{"@type":"ImageObject","inLanguage":"it-IT","@id":"https:\/\/progettotouring.it\/radiotouring104\/#\/schema\/logo\/image\/","url":"https:\/\/progettotouring.it\/radiotouring104\/wp-content\/uploads\/sites\/6\/2022\/02\/cropped-logo-radio-touring-104.png","contentUrl":"https:\/\/progettotouring.it\/radiotouring104\/wp-content\/uploads\/sites\/6\/2022\/02\/cropped-logo-radio-touring-104.png","width":377,"height":182,"caption":"Radio Touring 104"},"image":{"@id":"https:\/\/progettotouring.it\/radiotouring104\/#\/schema\/logo\/image\/"}},{"@type":"Person","@id":"https:\/\/progettotouring.it\/radiotouring104\/#\/schema\/person\/1b3eb3c07c47136bc44c785c543e635f","name":"redazione","image":{"@type":"ImageObject","inLanguage":"it-IT","@id":"https:\/\/secure.gravatar.com\/avatar\/0b31605b49f100769e8b624b3e05de1b73e1692e9568a352f60f53fd072e6e11?s=96&d=mm&r=g","url":"https:\/\/secure.gravatar.com\/avatar\/0b31605b49f100769e8b624b3e05de1b73e1692e9568a352f60f53fd072e6e11?s=96&d=mm&r=g","contentUrl":"https:\/\/secure.gravatar.com\/avatar\/0b31605b49f100769e8b624b3e05de1b73e1692e9568a352f60f53fd072e6e11?s=96&d=mm&r=g","caption":"redazione"},"url":"https:\/\/progettotouring.it\/radiotouring104\/author\/redazione\/"}]}},"jetpack_publicize_connections":[],"jetpack_featured_media_url":"https:\/\/progettotouring.it\/radiotouring104\/wp-content\/uploads\/sites\/6\/2023\/02\/wanda-ferro-1.jpg","jetpack_sharing_enabled":true,"_links":{"self":[{"href":"https:\/\/progettotouring.it\/radiotouring104\/wp-json\/wp\/v2\/posts\/90819","targetHints":{"allow":["GET"]}}],"collection":[{"href":"https:\/\/progettotouring.it\/radiotouring104\/wp-json\/wp\/v2\/posts"}],"about":[{"href":"https:\/\/progettotouring.it\/radiotouring104\/wp-json\/wp\/v2\/types\/post"}],"author":[{"embeddable":true,"href":"https:\/\/progettotouring.it\/radiotouring104\/wp-json\/wp\/v2\/users\/5"}],"replies":[{"embeddable":true,"href":"https:\/\/progettotouring.it\/radiotouring104\/wp-json\/wp\/v2\/comments?post=90819"}],"version-history":[{"count":3,"href":"https:\/\/progettotouring.it\/radiotouring104\/wp-json\/wp\/v2\/posts\/90819\/revisions"}],"predecessor-version":[{"id":90821,"href":"https:\/\/progettotouring.it\/radiotouring104\/wp-json\/wp\/v2\/posts\/90819\/revisions\/90821"}],"wp:featuredmedia":[{"embeddable":true,"href":"https:\/\/progettotouring.it\/radiotouring104\/wp-json\/wp\/v2\/media\/18224"}],"wp:attachment":[{"href":"https:\/\/progettotouring.it\/radiotouring104\/wp-json\/wp\/v2\/media?parent=90819"}],"wp:term":[{"taxonomy":"category","embeddable":true,"href":"https:\/\/progettotouring.it\/radiotouring104\/wp-json\/wp\/v2\/categories?post=90819"},{"taxonomy":"post_tag","embeddable":true,"href":"https:\/\/progettotouring.it\/radiotouring104\/wp-json\/wp\/v2\/tags?post=90819"}],"curies":[{"name":"wp","href":"https:\/\/api.w.org\/{rel}","templated":true}]}}