{"id":90824,"date":"2026-02-20T10:45:07","date_gmt":"2026-02-20T09:45:07","guid":{"rendered":"https:\/\/progettotouring.it\/radiotouring104\/?p=90824"},"modified":"2026-02-20T12:31:14","modified_gmt":"2026-02-20T11:31:14","slug":"reggio-a-palazzo-san-giorgio-il-2-appuntamento-di-patto-per-il-commercio-e-per-lo-sviluppo-economico-della-citta","status":"publish","type":"post","link":"https:\/\/progettotouring.it\/radiotouring104\/2026\/02\/20\/reggio-a-palazzo-san-giorgio-il-2-appuntamento-di-patto-per-il-commercio-e-per-lo-sviluppo-economico-della-citta\/","title":{"rendered":"Reggio: a Palazzo San Giorgio il 2\u00b0 appuntamento di \u201cPatto per il commercio e per lo sviluppo economico della citt\u00e0\u201d"},"content":{"rendered":"<p>Secondo appuntamento con il \u201cPatto per il commercio e per lo sviluppo economico della citt\u00e0\u201d a palazzo San Giorgio. Alla riunione, convocata dall&#8217;assessore alle Attivit\u00e0 produttive, Alex Tripodi, affiancato dalla dirigente del Settore Sviluppo economico, Loredana Pace, c&#8217;erano Confcommercio, Confesercenti, Confartigianato, \u00a0Confindustria, Casa Artigiani, Cia \u2013 Coldiretti, Confconsumatori, Udicon e Claai Pmi.<\/p>\n<p>Prosegue il percorso avviato dall&#8217;Amministrazione comunale per la costruzione di una governance condivisa con le associazioni di categoria per arrivare, non solo alla stesura di un documento strategico, ma a una vera carta d&#8217;identit\u00e0 incentrata sulla\u00a0 visione di sviluppo economico cittadino dei prossimi anni. \u00abUn lavoro incessante che ci vede in sinergia con le associazioni di categoria &#8211; ha precisato l&#8217;assessore Tripodi &#8211; con proposte gi\u00e0 arrivate tramite un documento condiviso da ogni associazione con i propri associati. Un percorso che non \u00e8 solo orientato al sostegno del commercio e delle attivit\u00e0 produttive, ma alla costruzione di una visione strategica integrata per la crescita economica della citt\u00e0\u00bb.<br \/>\nNel corso dell&#8217;incontro l&#8217;assessore Tripodi ha ribadito che non si tratta di un percorso simbolico verso la redazione di un documento vuoto, da conservare nei cassetti, ma sar\u00e0 \u00abil dna della costruzione economica dei prossimi anni della citt\u00e0 dello Stretto\u00bb.<\/p>\n<p>Tra i punti fondamentali toccati nella riunione: l&#8217;avanzamento dei lavori e i progetti delle associazioni di categoria, con le proposte concrete; e l&#8217;acquisizione formale da parte dell&#8217;Ente dei documenti ricevuti. L&#8217;assessore ha aggiunto: \u00abGli uffici del settore, rappresentati dalla dirigente Pace, si metteranno subito all&#8217;opera per individuare ipotetiche soluzioni e verificare la coerenza e la fattibilit\u00e0 delle proposte palesate. Si prosegue in vista della costituzione di un \u201cTavolo dell&#8217;economia\u201d, della Consulta delle Associazioni di categoria, del Protocollo di sostenibilit\u00e0 ambientale, del Registro delle aziende a chilometro zero, della Piattaforma digitale unica del commercio. Avanzata e condivisa da tutti l&#8217;idea di un polo fieristico e congressuale, si lavora per trovare la zona in cui costruire il plesso e le risorse per sostenere il progetto; l&#8217;individuazione di una zona della citt\u00e0 in cui far svolgere lo sviluppo industriale delle imprese. Si sta anche pensando a un grande momento di incontro con i player imprenditoriali della citt\u00e0, all&#8217;interno di questo si potranno istituzionalizzare gli Stati generali della citt\u00e0 produttiva, un evento in cui Reggio sar\u00e0 vetrina nazionale e da cui usciranno importanti proposte da parte del Comune, di altri Enti del territorio e delle associazioni, i commercianti e gli imprenditori\u00bb.<\/p>\n<p>\u00abL&#8217;assessorato, in condivisione con il sindaco e la maggioranza \u2013 ha evidenziato Tripodi &#8211; si impegna e impegner\u00e0 tutti gli strumenti normativi a disposizione affinch\u00e9 questo \u201cPatto per il commercio e per lo sviluppo economico della citt\u00e0\u201d abbia un efficacia blindata anche per le Amministrazioni future e, ovviamente, le associazioni di categoria e i vari referenti che si susseguiranno nel tempo, a seguire gli obiettivi di crescita, di rafforzamento delle attivit\u00e0 produttive della citt\u00e0. Si \u00e8 discusso di agricoltura, artigianato, commercio di prossimit\u00e0, rigenerazione urbana, sviluppo industriale, dehors, turismo, valorizzazione delle produzioni locali in senso ampio\u00bb.<\/p>\n<p>Si procede dunque spediti per la realizzazione del Patto, costruito insieme a tutte le associazioni che si sono rese parte attiva e hanno presentato le proposte, nel nome di una governance condivisa dall&#8217;Amministrazione che diventa precursore in questa sinergia, patto che sar\u00e0 sposato dalla stessa, nelle forme pi\u00f9 opportune e necessarie in modo da garantire una partenza immediata e una continuit\u00e0.<\/p>\n<p>&nbsp;<\/p>\n","protected":false},"excerpt":{"rendered":"<p>Secondo appuntamento con il \u201cPatto per il commercio e per lo sviluppo economico della citt\u00e0\u201d a palazzo San Giorgio. Alla riunione, convocata dall&#8217;assessore alle Attivit\u00e0 produttive, Alex Tripodi, affiancato dalla&hellip;<\/p>\n","protected":false},"author":5,"featured_media":90825,"comment_status":"closed","ping_status":"open","sticky":false,"template":"","format":"standard","meta":{"_jetpack_memberships_contains_paid_content":false,"footnotes":"","jetpack_publicize_message":"","jetpack_publicize_feature_enabled":true,"jetpack_social_post_already_shared":true,"jetpack_social_options":{"image_generator_settings":{"template":"highway","default_image_id":0,"font":"","enabled":false},"version":2}},"categories":[921,196,140],"tags":[50911,50384,38521,659,50913],"class_list":["post-90824","post","type-post","status-publish","format-standard","has-post-thumbnail","hentry","category-home","category-news","category-reggio-calabria","tag-patto-per-il-commercio","tag-assessore-alla-citta-produttiva-alex-tripodi","tag-associazioni-di-categoria","tag-palazzo-san-giorgio","tag-sviluppo-economico-della-citta"],"yoast_head":"<!-- This site is optimized with the Yoast SEO plugin v27.2 - https:\/\/yoast.com\/product\/yoast-seo-wordpress\/ -->\n<title>Reggio: a Palazzo San Giorgio il 2\u00b0 appuntamento di \u201cPatto per il commercio e per lo sviluppo economico della citt\u00e0\u201d - Radio Touring 104<\/title>\n<meta name=\"description\" content=\"\u00abSar\u00e0 il dna della costruzione economica dei prossimi anni della citt\u00e0 dello Stretto\u00bb, ha dichiarato l&#039;assessore Alex Tripodi\" \/>\n<meta name=\"robots\" content=\"index, follow, max-snippet:-1, max-image-preview:large, max-video-preview:-1\" \/>\n<link rel=\"canonical\" href=\"https:\/\/progettotouring.it\/radiotouring104\/2026\/02\/20\/reggio-a-palazzo-san-giorgio-il-2-appuntamento-di-patto-per-il-commercio-e-per-lo-sviluppo-economico-della-citta\/\" \/>\n<meta property=\"og:locale\" content=\"it_IT\" \/>\n<meta property=\"og:type\" content=\"article\" \/>\n<meta property=\"og:title\" content=\"Reggio: a Palazzo San Giorgio il 2\u00b0 appuntamento di \u201cPatto per il commercio e per lo sviluppo economico della citt\u00e0\u201d - Radio Touring 104\" \/>\n<meta property=\"og:description\" content=\"\u00abSar\u00e0 il dna della costruzione economica dei prossimi anni della citt\u00e0 dello Stretto\u00bb, ha dichiarato l&#039;assessore Alex Tripodi\" \/>\n<meta property=\"og:url\" content=\"https:\/\/progettotouring.it\/radiotouring104\/2026\/02\/20\/reggio-a-palazzo-san-giorgio-il-2-appuntamento-di-patto-per-il-commercio-e-per-lo-sviluppo-economico-della-citta\/\" \/>\n<meta property=\"og:site_name\" content=\"Radio Touring 104\" \/>\n<meta property=\"article:published_time\" content=\"2026-02-20T09:45:07+00:00\" \/>\n<meta property=\"article:modified_time\" content=\"2026-02-20T11:31:14+00:00\" \/>\n<meta property=\"og:image\" content=\"https:\/\/progettotouring.it\/radiotouring104\/wp-content\/uploads\/sites\/6\/2026\/02\/patto-per-il-commercio-Palazzo-San-Giorgio.jpg\" \/>\n\t<meta property=\"og:image:width\" content=\"1600\" \/>\n\t<meta property=\"og:image:height\" content=\"1200\" \/>\n\t<meta property=\"og:image:type\" content=\"image\/jpeg\" \/>\n<meta name=\"author\" content=\"redazione\" \/>\n<meta name=\"twitter:card\" content=\"summary_large_image\" \/>\n<meta name=\"twitter:label1\" content=\"Scritto da\" \/>\n\t<meta name=\"twitter:data1\" content=\"redazione\" \/>\n\t<meta name=\"twitter:label2\" content=\"Tempo di lettura stimato\" \/>\n\t<meta name=\"twitter:data2\" content=\"3 minuti\" \/>\n<script type=\"application\/ld+json\" class=\"yoast-schema-graph\">{\"@context\":\"https:\/\/schema.org\",\"@graph\":[{\"@type\":\"Article\",\"@id\":\"https:\/\/progettotouring.it\/radiotouring104\/2026\/02\/20\/reggio-a-palazzo-san-giorgio-il-2-appuntamento-di-patto-per-il-commercio-e-per-lo-sviluppo-economico-della-citta\/#article\",\"isPartOf\":{\"@id\":\"https:\/\/progettotouring.it\/radiotouring104\/2026\/02\/20\/reggio-a-palazzo-san-giorgio-il-2-appuntamento-di-patto-per-il-commercio-e-per-lo-sviluppo-economico-della-citta\/\"},\"author\":{\"name\":\"redazione\",\"@id\":\"https:\/\/progettotouring.it\/radiotouring104\/#\/schema\/person\/1b3eb3c07c47136bc44c785c543e635f\"},\"headline\":\"Reggio: a Palazzo San Giorgio il 2\u00b0 appuntamento di \u201cPatto per il commercio e per lo sviluppo economico della citt\u00e0\u201d\",\"datePublished\":\"2026-02-20T09:45:07+00:00\",\"dateModified\":\"2026-02-20T11:31:14+00:00\",\"mainEntityOfPage\":{\"@id\":\"https:\/\/progettotouring.it\/radiotouring104\/2026\/02\/20\/reggio-a-palazzo-san-giorgio-il-2-appuntamento-di-patto-per-il-commercio-e-per-lo-sviluppo-economico-della-citta\/\"},\"wordCount\":569,\"publisher\":{\"@id\":\"https:\/\/progettotouring.it\/radiotouring104\/#organization\"},\"image\":{\"@id\":\"https:\/\/progettotouring.it\/radiotouring104\/2026\/02\/20\/reggio-a-palazzo-san-giorgio-il-2-appuntamento-di-patto-per-il-commercio-e-per-lo-sviluppo-economico-della-citta\/#primaryimage\"},\"thumbnailUrl\":\"https:\/\/progettotouring.it\/radiotouring104\/wp-content\/uploads\/sites\/6\/2026\/02\/patto-per-il-commercio-Palazzo-San-Giorgio.jpg\",\"keywords\":[\"\\\"Patto per il Commercio\\\"\",\"Assessore alla \\\"Citt\u00e0 produttiva\\\" Alex Tripodi\",\"associazioni di categoria\",\"palazzo san giorgio\",\"sviluppo economico della citt\u00e0\"],\"articleSection\":[\"Home\",\"News\",\"Reggio Calabria\"],\"inLanguage\":\"it-IT\"},{\"@type\":\"WebPage\",\"@id\":\"https:\/\/progettotouring.it\/radiotouring104\/2026\/02\/20\/reggio-a-palazzo-san-giorgio-il-2-appuntamento-di-patto-per-il-commercio-e-per-lo-sviluppo-economico-della-citta\/\",\"url\":\"https:\/\/progettotouring.it\/radiotouring104\/2026\/02\/20\/reggio-a-palazzo-san-giorgio-il-2-appuntamento-di-patto-per-il-commercio-e-per-lo-sviluppo-economico-della-citta\/\",\"name\":\"Reggio: a Palazzo San Giorgio il 2\u00b0 appuntamento di \u201cPatto per il commercio e per lo sviluppo economico della citt\u00e0\u201d - Radio Touring 104\",\"isPartOf\":{\"@id\":\"https:\/\/progettotouring.it\/radiotouring104\/#website\"},\"primaryImageOfPage\":{\"@id\":\"https:\/\/progettotouring.it\/radiotouring104\/2026\/02\/20\/reggio-a-palazzo-san-giorgio-il-2-appuntamento-di-patto-per-il-commercio-e-per-lo-sviluppo-economico-della-citta\/#primaryimage\"},\"image\":{\"@id\":\"https:\/\/progettotouring.it\/radiotouring104\/2026\/02\/20\/reggio-a-palazzo-san-giorgio-il-2-appuntamento-di-patto-per-il-commercio-e-per-lo-sviluppo-economico-della-citta\/#primaryimage\"},\"thumbnailUrl\":\"https:\/\/progettotouring.it\/radiotouring104\/wp-content\/uploads\/sites\/6\/2026\/02\/patto-per-il-commercio-Palazzo-San-Giorgio.jpg\",\"datePublished\":\"2026-02-20T09:45:07+00:00\",\"dateModified\":\"2026-02-20T11:31:14+00:00\",\"description\":\"\u00abSar\u00e0 il dna della costruzione economica dei prossimi anni della citt\u00e0 dello Stretto\u00bb, ha dichiarato l'assessore Alex Tripodi\",\"breadcrumb\":{\"@id\":\"https:\/\/progettotouring.it\/radiotouring104\/2026\/02\/20\/reggio-a-palazzo-san-giorgio-il-2-appuntamento-di-patto-per-il-commercio-e-per-lo-sviluppo-economico-della-citta\/#breadcrumb\"},\"inLanguage\":\"it-IT\",\"potentialAction\":[{\"@type\":\"ReadAction\",\"target\":[\"https:\/\/progettotouring.it\/radiotouring104\/2026\/02\/20\/reggio-a-palazzo-san-giorgio-il-2-appuntamento-di-patto-per-il-commercio-e-per-lo-sviluppo-economico-della-citta\/\"]}]},{\"@type\":\"ImageObject\",\"inLanguage\":\"it-IT\",\"@id\":\"https:\/\/progettotouring.it\/radiotouring104\/2026\/02\/20\/reggio-a-palazzo-san-giorgio-il-2-appuntamento-di-patto-per-il-commercio-e-per-lo-sviluppo-economico-della-citta\/#primaryimage\",\"url\":\"https:\/\/progettotouring.it\/radiotouring104\/wp-content\/uploads\/sites\/6\/2026\/02\/patto-per-il-commercio-Palazzo-San-Giorgio.jpg\",\"contentUrl\":\"https:\/\/progettotouring.it\/radiotouring104\/wp-content\/uploads\/sites\/6\/2026\/02\/patto-per-il-commercio-Palazzo-San-Giorgio.jpg\",\"width\":1600,\"height\":1200},{\"@type\":\"BreadcrumbList\",\"@id\":\"https:\/\/progettotouring.it\/radiotouring104\/2026\/02\/20\/reggio-a-palazzo-san-giorgio-il-2-appuntamento-di-patto-per-il-commercio-e-per-lo-sviluppo-economico-della-citta\/#breadcrumb\",\"itemListElement\":[{\"@type\":\"ListItem\",\"position\":1,\"name\":\"Home\",\"item\":\"https:\/\/progettotouring.it\/radiotouring104\/\"},{\"@type\":\"ListItem\",\"position\":2,\"name\":\"Reggio: a Palazzo San Giorgio il 2\u00b0 appuntamento di \u201cPatto per il commercio e per lo sviluppo economico della citt\u00e0\u201d\"}]},{\"@type\":\"WebSite\",\"@id\":\"https:\/\/progettotouring.it\/radiotouring104\/#website\",\"url\":\"https:\/\/progettotouring.it\/radiotouring104\/\",\"name\":\"Radio Touring 104\",\"description\":\"La prima radio Reggina\",\"publisher\":{\"@id\":\"https:\/\/progettotouring.it\/radiotouring104\/#organization\"},\"potentialAction\":[{\"@type\":\"SearchAction\",\"target\":{\"@type\":\"EntryPoint\",\"urlTemplate\":\"https:\/\/progettotouring.it\/radiotouring104\/?s={search_term_string}\"},\"query-input\":{\"@type\":\"PropertyValueSpecification\",\"valueRequired\":true,\"valueName\":\"search_term_string\"}}],\"inLanguage\":\"it-IT\"},{\"@type\":\"Organization\",\"@id\":\"https:\/\/progettotouring.it\/radiotouring104\/#organization\",\"name\":\"Radio Touring 104\",\"url\":\"https:\/\/progettotouring.it\/radiotouring104\/\",\"logo\":{\"@type\":\"ImageObject\",\"inLanguage\":\"it-IT\",\"@id\":\"https:\/\/progettotouring.it\/radiotouring104\/#\/schema\/logo\/image\/\",\"url\":\"https:\/\/progettotouring.it\/radiotouring104\/wp-content\/uploads\/sites\/6\/2022\/02\/cropped-logo-radio-touring-104.png\",\"contentUrl\":\"https:\/\/progettotouring.it\/radiotouring104\/wp-content\/uploads\/sites\/6\/2022\/02\/cropped-logo-radio-touring-104.png\",\"width\":377,\"height\":182,\"caption\":\"Radio Touring 104\"},\"image\":{\"@id\":\"https:\/\/progettotouring.it\/radiotouring104\/#\/schema\/logo\/image\/\"}},{\"@type\":\"Person\",\"@id\":\"https:\/\/progettotouring.it\/radiotouring104\/#\/schema\/person\/1b3eb3c07c47136bc44c785c543e635f\",\"name\":\"redazione\",\"image\":{\"@type\":\"ImageObject\",\"inLanguage\":\"it-IT\",\"@id\":\"https:\/\/secure.gravatar.com\/avatar\/0b31605b49f100769e8b624b3e05de1b73e1692e9568a352f60f53fd072e6e11?s=96&d=mm&r=g\",\"url\":\"https:\/\/secure.gravatar.com\/avatar\/0b31605b49f100769e8b624b3e05de1b73e1692e9568a352f60f53fd072e6e11?s=96&d=mm&r=g\",\"contentUrl\":\"https:\/\/secure.gravatar.com\/avatar\/0b31605b49f100769e8b624b3e05de1b73e1692e9568a352f60f53fd072e6e11?s=96&d=mm&r=g\",\"caption\":\"redazione\"},\"url\":\"https:\/\/progettotouring.it\/radiotouring104\/author\/redazione\/\"}]}<\/script>\n<!-- \/ Yoast SEO plugin. -->","yoast_head_json":{"title":"Reggio: a Palazzo San Giorgio il 2\u00b0 appuntamento di \u201cPatto per il commercio e per lo sviluppo economico della citt\u00e0\u201d - Radio Touring 104","description":"\u00abSar\u00e0 il dna della costruzione economica dei prossimi anni della citt\u00e0 dello Stretto\u00bb, ha dichiarato l'assessore Alex Tripodi","robots":{"index":"index","follow":"follow","max-snippet":"max-snippet:-1","max-image-preview":"max-image-preview:large","max-video-preview":"max-video-preview:-1"},"canonical":"https:\/\/progettotouring.it\/radiotouring104\/2026\/02\/20\/reggio-a-palazzo-san-giorgio-il-2-appuntamento-di-patto-per-il-commercio-e-per-lo-sviluppo-economico-della-citta\/","og_locale":"it_IT","og_type":"article","og_title":"Reggio: a Palazzo San Giorgio il 2\u00b0 appuntamento di \u201cPatto per il commercio e per lo sviluppo economico della citt\u00e0\u201d - Radio Touring 104","og_description":"\u00abSar\u00e0 il dna della costruzione economica dei prossimi anni della citt\u00e0 dello Stretto\u00bb, ha dichiarato l'assessore Alex Tripodi","og_url":"https:\/\/progettotouring.it\/radiotouring104\/2026\/02\/20\/reggio-a-palazzo-san-giorgio-il-2-appuntamento-di-patto-per-il-commercio-e-per-lo-sviluppo-economico-della-citta\/","og_site_name":"Radio Touring 104","article_published_time":"2026-02-20T09:45:07+00:00","article_modified_time":"2026-02-20T11:31:14+00:00","og_image":[{"width":1600,"height":1200,"url":"https:\/\/progettotouring.it\/radiotouring104\/wp-content\/uploads\/sites\/6\/2026\/02\/patto-per-il-commercio-Palazzo-San-Giorgio.jpg","type":"image\/jpeg"}],"author":"redazione","twitter_card":"summary_large_image","twitter_misc":{"Scritto da":"redazione","Tempo di lettura stimato":"3 minuti"},"schema":{"@context":"https:\/\/schema.org","@graph":[{"@type":"Article","@id":"https:\/\/progettotouring.it\/radiotouring104\/2026\/02\/20\/reggio-a-palazzo-san-giorgio-il-2-appuntamento-di-patto-per-il-commercio-e-per-lo-sviluppo-economico-della-citta\/#article","isPartOf":{"@id":"https:\/\/progettotouring.it\/radiotouring104\/2026\/02\/20\/reggio-a-palazzo-san-giorgio-il-2-appuntamento-di-patto-per-il-commercio-e-per-lo-sviluppo-economico-della-citta\/"},"author":{"name":"redazione","@id":"https:\/\/progettotouring.it\/radiotouring104\/#\/schema\/person\/1b3eb3c07c47136bc44c785c543e635f"},"headline":"Reggio: a Palazzo San Giorgio il 2\u00b0 appuntamento di \u201cPatto per il commercio e per lo sviluppo economico della citt\u00e0\u201d","datePublished":"2026-02-20T09:45:07+00:00","dateModified":"2026-02-20T11:31:14+00:00","mainEntityOfPage":{"@id":"https:\/\/progettotouring.it\/radiotouring104\/2026\/02\/20\/reggio-a-palazzo-san-giorgio-il-2-appuntamento-di-patto-per-il-commercio-e-per-lo-sviluppo-economico-della-citta\/"},"wordCount":569,"publisher":{"@id":"https:\/\/progettotouring.it\/radiotouring104\/#organization"},"image":{"@id":"https:\/\/progettotouring.it\/radiotouring104\/2026\/02\/20\/reggio-a-palazzo-san-giorgio-il-2-appuntamento-di-patto-per-il-commercio-e-per-lo-sviluppo-economico-della-citta\/#primaryimage"},"thumbnailUrl":"https:\/\/progettotouring.it\/radiotouring104\/wp-content\/uploads\/sites\/6\/2026\/02\/patto-per-il-commercio-Palazzo-San-Giorgio.jpg","keywords":["\"Patto per il Commercio\"","Assessore alla \"Citt\u00e0 produttiva\" Alex Tripodi","associazioni di categoria","palazzo san giorgio","sviluppo economico della citt\u00e0"],"articleSection":["Home","News","Reggio Calabria"],"inLanguage":"it-IT"},{"@type":"WebPage","@id":"https:\/\/progettotouring.it\/radiotouring104\/2026\/02\/20\/reggio-a-palazzo-san-giorgio-il-2-appuntamento-di-patto-per-il-commercio-e-per-lo-sviluppo-economico-della-citta\/","url":"https:\/\/progettotouring.it\/radiotouring104\/2026\/02\/20\/reggio-a-palazzo-san-giorgio-il-2-appuntamento-di-patto-per-il-commercio-e-per-lo-sviluppo-economico-della-citta\/","name":"Reggio: a Palazzo San Giorgio il 2\u00b0 appuntamento di \u201cPatto per il commercio e per lo sviluppo economico della citt\u00e0\u201d - Radio Touring 104","isPartOf":{"@id":"https:\/\/progettotouring.it\/radiotouring104\/#website"},"primaryImageOfPage":{"@id":"https:\/\/progettotouring.it\/radiotouring104\/2026\/02\/20\/reggio-a-palazzo-san-giorgio-il-2-appuntamento-di-patto-per-il-commercio-e-per-lo-sviluppo-economico-della-citta\/#primaryimage"},"image":{"@id":"https:\/\/progettotouring.it\/radiotouring104\/2026\/02\/20\/reggio-a-palazzo-san-giorgio-il-2-appuntamento-di-patto-per-il-commercio-e-per-lo-sviluppo-economico-della-citta\/#primaryimage"},"thumbnailUrl":"https:\/\/progettotouring.it\/radiotouring104\/wp-content\/uploads\/sites\/6\/2026\/02\/patto-per-il-commercio-Palazzo-San-Giorgio.jpg","datePublished":"2026-02-20T09:45:07+00:00","dateModified":"2026-02-20T11:31:14+00:00","description":"\u00abSar\u00e0 il dna della costruzione economica dei prossimi anni della citt\u00e0 dello Stretto\u00bb, ha dichiarato l'assessore Alex Tripodi","breadcrumb":{"@id":"https:\/\/progettotouring.it\/radiotouring104\/2026\/02\/20\/reggio-a-palazzo-san-giorgio-il-2-appuntamento-di-patto-per-il-commercio-e-per-lo-sviluppo-economico-della-citta\/#breadcrumb"},"inLanguage":"it-IT","potentialAction":[{"@type":"ReadAction","target":["https:\/\/progettotouring.it\/radiotouring104\/2026\/02\/20\/reggio-a-palazzo-san-giorgio-il-2-appuntamento-di-patto-per-il-commercio-e-per-lo-sviluppo-economico-della-citta\/"]}]},{"@type":"ImageObject","inLanguage":"it-IT","@id":"https:\/\/progettotouring.it\/radiotouring104\/2026\/02\/20\/reggio-a-palazzo-san-giorgio-il-2-appuntamento-di-patto-per-il-commercio-e-per-lo-sviluppo-economico-della-citta\/#primaryimage","url":"https:\/\/progettotouring.it\/radiotouring104\/wp-content\/uploads\/sites\/6\/2026\/02\/patto-per-il-commercio-Palazzo-San-Giorgio.jpg","contentUrl":"https:\/\/progettotouring.it\/radiotouring104\/wp-content\/uploads\/sites\/6\/2026\/02\/patto-per-il-commercio-Palazzo-San-Giorgio.jpg","width":1600,"height":1200},{"@type":"BreadcrumbList","@id":"https:\/\/progettotouring.it\/radiotouring104\/2026\/02\/20\/reggio-a-palazzo-san-giorgio-il-2-appuntamento-di-patto-per-il-commercio-e-per-lo-sviluppo-economico-della-citta\/#breadcrumb","itemListElement":[{"@type":"ListItem","position":1,"name":"Home","item":"https:\/\/progettotouring.it\/radiotouring104\/"},{"@type":"ListItem","position":2,"name":"Reggio: a Palazzo San Giorgio il 2\u00b0 appuntamento di \u201cPatto per il commercio e per lo sviluppo economico della citt\u00e0\u201d"}]},{"@type":"WebSite","@id":"https:\/\/progettotouring.it\/radiotouring104\/#website","url":"https:\/\/progettotouring.it\/radiotouring104\/","name":"Radio Touring 104","description":"La prima radio Reggina","publisher":{"@id":"https:\/\/progettotouring.it\/radiotouring104\/#organization"},"potentialAction":[{"@type":"SearchAction","target":{"@type":"EntryPoint","urlTemplate":"https:\/\/progettotouring.it\/radiotouring104\/?s={search_term_string}"},"query-input":{"@type":"PropertyValueSpecification","valueRequired":true,"valueName":"search_term_string"}}],"inLanguage":"it-IT"},{"@type":"Organization","@id":"https:\/\/progettotouring.it\/radiotouring104\/#organization","name":"Radio Touring 104","url":"https:\/\/progettotouring.it\/radiotouring104\/","logo":{"@type":"ImageObject","inLanguage":"it-IT","@id":"https:\/\/progettotouring.it\/radiotouring104\/#\/schema\/logo\/image\/","url":"https:\/\/progettotouring.it\/radiotouring104\/wp-content\/uploads\/sites\/6\/2022\/02\/cropped-logo-radio-touring-104.png","contentUrl":"https:\/\/progettotouring.it\/radiotouring104\/wp-content\/uploads\/sites\/6\/2022\/02\/cropped-logo-radio-touring-104.png","width":377,"height":182,"caption":"Radio Touring 104"},"image":{"@id":"https:\/\/progettotouring.it\/radiotouring104\/#\/schema\/logo\/image\/"}},{"@type":"Person","@id":"https:\/\/progettotouring.it\/radiotouring104\/#\/schema\/person\/1b3eb3c07c47136bc44c785c543e635f","name":"redazione","image":{"@type":"ImageObject","inLanguage":"it-IT","@id":"https:\/\/secure.gravatar.com\/avatar\/0b31605b49f100769e8b624b3e05de1b73e1692e9568a352f60f53fd072e6e11?s=96&d=mm&r=g","url":"https:\/\/secure.gravatar.com\/avatar\/0b31605b49f100769e8b624b3e05de1b73e1692e9568a352f60f53fd072e6e11?s=96&d=mm&r=g","contentUrl":"https:\/\/secure.gravatar.com\/avatar\/0b31605b49f100769e8b624b3e05de1b73e1692e9568a352f60f53fd072e6e11?s=96&d=mm&r=g","caption":"redazione"},"url":"https:\/\/progettotouring.it\/radiotouring104\/author\/redazione\/"}]}},"jetpack_publicize_connections":[],"jetpack_featured_media_url":"https:\/\/progettotouring.it\/radiotouring104\/wp-content\/uploads\/sites\/6\/2026\/02\/patto-per-il-commercio-Palazzo-San-Giorgio.jpg","jetpack_sharing_enabled":true,"_links":{"self":[{"href":"https:\/\/progettotouring.it\/radiotouring104\/wp-json\/wp\/v2\/posts\/90824","targetHints":{"allow":["GET"]}}],"collection":[{"href":"https:\/\/progettotouring.it\/radiotouring104\/wp-json\/wp\/v2\/posts"}],"about":[{"href":"https:\/\/progettotouring.it\/radiotouring104\/wp-json\/wp\/v2\/types\/post"}],"author":[{"embeddable":true,"href":"https:\/\/progettotouring.it\/radiotouring104\/wp-json\/wp\/v2\/users\/5"}],"replies":[{"embeddable":true,"href":"https:\/\/progettotouring.it\/radiotouring104\/wp-json\/wp\/v2\/comments?post=90824"}],"version-history":[{"count":1,"href":"https:\/\/progettotouring.it\/radiotouring104\/wp-json\/wp\/v2\/posts\/90824\/revisions"}],"predecessor-version":[{"id":90826,"href":"https:\/\/progettotouring.it\/radiotouring104\/wp-json\/wp\/v2\/posts\/90824\/revisions\/90826"}],"wp:featuredmedia":[{"embeddable":true,"href":"https:\/\/progettotouring.it\/radiotouring104\/wp-json\/wp\/v2\/media\/90825"}],"wp:attachment":[{"href":"https:\/\/progettotouring.it\/radiotouring104\/wp-json\/wp\/v2\/media?parent=90824"}],"wp:term":[{"taxonomy":"category","embeddable":true,"href":"https:\/\/progettotouring.it\/radiotouring104\/wp-json\/wp\/v2\/categories?post=90824"},{"taxonomy":"post_tag","embeddable":true,"href":"https:\/\/progettotouring.it\/radiotouring104\/wp-json\/wp\/v2\/tags?post=90824"}],"curies":[{"name":"wp","href":"https:\/\/api.w.org\/{rel}","templated":true}]}}