{"id":90830,"date":"2026-02-20T11:08:44","date_gmt":"2026-02-20T10:08:44","guid":{"rendered":"https:\/\/progettotouring.it\/radiotouring104\/?p=90830"},"modified":"2026-02-20T12:31:00","modified_gmt":"2026-02-20T11:31:00","slug":"domotek-parrini-carica-lambiente-e-chiama-in-raccolta-il-pubblico-per-le-fasi-finali","status":"publish","type":"post","link":"https:\/\/progettotouring.it\/radiotouring104\/2026\/02\/20\/domotek-parrini-carica-lambiente-e-chiama-in-raccolta-il-pubblico-per-le-fasi-finali\/","title":{"rendered":"Domotek: Parrini carica l&#8217;ambiente e chiama in raccolta il pubblico per le fasi finali"},"content":{"rendered":"<p>Una nuova settimana in vetta alla classifica, il fiato sul collo di Castellana Grotte e la consapevolezza di poter compiere un&#8217;impresa storica. La Domotek Volley Reggio Calabria viaggia a ritmo di record nel campionato di Serie A3 Credem Banca, e il pallavolista Giulio Parrini racconta lo spirito di uno spogliatoio che non vuole fermarsi.<br \/>\nL&#8217;umore \u00e8 alto, la concentrazione massima.<\/p>\n<p>&#8220;Stiamo bene, stare in vetta ti tiene su e ti fa affrontare ogni settimana al meglio \u2013 esordisce Parrini \u2013. Sapere che Castellana Grotte \u00e8 l\u00ec a un passo \u00e8 stimolante. Il primo posto? \u00c8 una cosa concreta, siamo in vantaggio per ora e si pu\u00f2 fare. \u00c8 difficile, ma ci siamo&#8221;.<\/p>\n<p>Lui, reduce dalla cavalcata trionfale dello scorso anno, sa cosa serve per arrivare fino in fondo. &#8220;Non lo dico troppo forte che sono un \u201ctalismano\u201d, senn\u00f2 crolla tutto \u2013 scherza \u2013. Ma la convinzione \u00e8 in tutti, dal primo all&#8217;ultimo. Ho la fortuna di giocare con ragazzi pi\u00f9 esperti e vedo che la consapevolezza c&#8217;\u00e8&#8221;.<\/p>\n<p>Domani al PalaCalafiore alle ore 18 arriva Terni, formazione gi\u00e0 affrontata all&#8217;andata. Parrini mette in guardia i compagni: &#8220;\u00c8 una squadra molto rognosa, con tanta voglia di fare. La classifica non la rispecchia affatto. \u00c8 molto fisica, non \u00e8 il termine giusto ma \u00e8 &#8216;cattiva&#8217;. Sar\u00e0 una partita come tutte da giocare, per fortuna la giochiamo in casa, il che ci d\u00e0 un passo avanti&#8221;.<\/p>\n<p>La partita si giocher\u00e0 sabato, una variazione rispetto alla tradizionale domenica. Un appuntamento che la squadra spera possa richiamare una grande cornice di pubblico. &#8220;Credo sia arrivato il momento di vedere il grande pubblico a Reggio \u2013 conclude Parrini \u2013. Noi abbiamo bisogno della vostra spinta, per le fasi finali ci aspettiamo un palazzetto pieno. Serve ancora di pi\u00f9&#8221;.<\/p>\n<p>La Domotek vola, il sogno continua. E il PalaCalafiore \u00e8 chiamato a rispondere presente.<\/p>\n","protected":false},"excerpt":{"rendered":"<p>Una nuova settimana in vetta alla classifica, il fiato sul collo di Castellana Grotte e la consapevolezza di poter compiere un&#8217;impresa storica. La Domotek Volley Reggio Calabria viaggia a ritmo&hellip;<\/p>\n","protected":false},"author":5,"featured_media":85756,"comment_status":"closed","ping_status":"open","sticky":false,"template":"","format":"standard","meta":{"_jetpack_memberships_contains_paid_content":false,"footnotes":"","jetpack_publicize_message":"","jetpack_publicize_feature_enabled":true,"jetpack_social_post_already_shared":true,"jetpack_social_options":{"image_generator_settings":{"template":"highway","default_image_id":0,"font":"","enabled":false},"version":2}},"categories":[196,140,144],"tags":[26780,49111,18140,51163,51162,51164],"class_list":["post-90830","post","type-post","status-publish","format-standard","has-post-thumbnail","hentry","category-news","category-reggio-calabria","category-sport","tag-domotek-volley-reggio-calabria","tag-giulio-parrini","tag-palacalafiore-di-reggio","tag-primi-in-classifica","tag-sfida-contro-terni","tag-sogniamo-il-palazzetto-pieno"],"yoast_head":"<!-- This site is optimized with the Yoast SEO plugin v27.2 - https:\/\/yoast.com\/product\/yoast-seo-wordpress\/ -->\n<title>Domotek: Parrini carica l&#039;ambiente e chiama in raccolta il pubblico per le fasi finali - Radio Touring 104<\/title>\n<meta name=\"description\" content=\"&quot;Primi in Classifica, ma la missione \u00e8 chiara. Sogniamo il Palazzetto pieno&quot;, dichiara il Parrini, in vista della sfida di domani alle 18\" \/>\n<meta name=\"robots\" content=\"index, follow, max-snippet:-1, max-image-preview:large, max-video-preview:-1\" \/>\n<link rel=\"canonical\" href=\"https:\/\/progettotouring.it\/radiotouring104\/2026\/02\/20\/domotek-parrini-carica-lambiente-e-chiama-in-raccolta-il-pubblico-per-le-fasi-finali\/\" \/>\n<meta property=\"og:locale\" content=\"it_IT\" \/>\n<meta property=\"og:type\" content=\"article\" \/>\n<meta property=\"og:title\" content=\"Domotek: Parrini carica l&#039;ambiente e chiama in raccolta il pubblico per le fasi finali - Radio Touring 104\" \/>\n<meta property=\"og:description\" content=\"&quot;Primi in Classifica, ma la missione \u00e8 chiara. Sogniamo il Palazzetto pieno&quot;, dichiara il Parrini, in vista della sfida di domani alle 18\" \/>\n<meta property=\"og:url\" content=\"https:\/\/progettotouring.it\/radiotouring104\/2026\/02\/20\/domotek-parrini-carica-lambiente-e-chiama-in-raccolta-il-pubblico-per-le-fasi-finali\/\" \/>\n<meta property=\"og:site_name\" content=\"Radio Touring 104\" \/>\n<meta property=\"article:published_time\" content=\"2026-02-20T10:08:44+00:00\" \/>\n<meta property=\"article:modified_time\" content=\"2026-02-20T11:31:00+00:00\" \/>\n<meta property=\"og:image\" content=\"https:\/\/progettotouring.it\/radiotouring104\/wp-content\/uploads\/sites\/6\/2025\/11\/Giulio-Parrini-Domotek.gif\" \/>\n\t<meta property=\"og:image:width\" content=\"670\" \/>\n\t<meta property=\"og:image:height\" content=\"421\" \/>\n\t<meta property=\"og:image:type\" content=\"image\/gif\" \/>\n<meta name=\"author\" content=\"redazione\" \/>\n<meta name=\"twitter:card\" content=\"summary_large_image\" \/>\n<meta name=\"twitter:label1\" content=\"Scritto da\" \/>\n\t<meta name=\"twitter:data1\" content=\"redazione\" \/>\n\t<meta name=\"twitter:label2\" content=\"Tempo di lettura stimato\" \/>\n\t<meta name=\"twitter:data2\" content=\"1 minuto\" \/>\n<script type=\"application\/ld+json\" class=\"yoast-schema-graph\">{\"@context\":\"https:\/\/schema.org\",\"@graph\":[{\"@type\":\"Article\",\"@id\":\"https:\/\/progettotouring.it\/radiotouring104\/2026\/02\/20\/domotek-parrini-carica-lambiente-e-chiama-in-raccolta-il-pubblico-per-le-fasi-finali\/#article\",\"isPartOf\":{\"@id\":\"https:\/\/progettotouring.it\/radiotouring104\/2026\/02\/20\/domotek-parrini-carica-lambiente-e-chiama-in-raccolta-il-pubblico-per-le-fasi-finali\/\"},\"author\":{\"name\":\"redazione\",\"@id\":\"https:\/\/progettotouring.it\/radiotouring104\/#\/schema\/person\/1b3eb3c07c47136bc44c785c543e635f\"},\"headline\":\"Domotek: Parrini carica l&#8217;ambiente e chiama in raccolta il pubblico per le fasi finali\",\"datePublished\":\"2026-02-20T10:08:44+00:00\",\"dateModified\":\"2026-02-20T11:31:00+00:00\",\"mainEntityOfPage\":{\"@id\":\"https:\/\/progettotouring.it\/radiotouring104\/2026\/02\/20\/domotek-parrini-carica-lambiente-e-chiama-in-raccolta-il-pubblico-per-le-fasi-finali\/\"},\"wordCount\":301,\"publisher\":{\"@id\":\"https:\/\/progettotouring.it\/radiotouring104\/#organization\"},\"image\":{\"@id\":\"https:\/\/progettotouring.it\/radiotouring104\/2026\/02\/20\/domotek-parrini-carica-lambiente-e-chiama-in-raccolta-il-pubblico-per-le-fasi-finali\/#primaryimage\"},\"thumbnailUrl\":\"https:\/\/progettotouring.it\/radiotouring104\/wp-content\/uploads\/sites\/6\/2025\/11\/Giulio-Parrini-Domotek.gif\",\"keywords\":[\"Domotek Volley Reggio Calabria\",\"Giulio Parrini\",\"Palacalafiore di Reggio.\",\"Primi in Classifica\",\"sfida contro terni\",\"Sogniamo il Palazzetto pieno\"],\"articleSection\":[\"News\",\"Reggio Calabria\",\"Sport\"],\"inLanguage\":\"it-IT\"},{\"@type\":\"WebPage\",\"@id\":\"https:\/\/progettotouring.it\/radiotouring104\/2026\/02\/20\/domotek-parrini-carica-lambiente-e-chiama-in-raccolta-il-pubblico-per-le-fasi-finali\/\",\"url\":\"https:\/\/progettotouring.it\/radiotouring104\/2026\/02\/20\/domotek-parrini-carica-lambiente-e-chiama-in-raccolta-il-pubblico-per-le-fasi-finali\/\",\"name\":\"Domotek: Parrini carica l'ambiente e chiama in raccolta il pubblico per le fasi finali - Radio Touring 104\",\"isPartOf\":{\"@id\":\"https:\/\/progettotouring.it\/radiotouring104\/#website\"},\"primaryImageOfPage\":{\"@id\":\"https:\/\/progettotouring.it\/radiotouring104\/2026\/02\/20\/domotek-parrini-carica-lambiente-e-chiama-in-raccolta-il-pubblico-per-le-fasi-finali\/#primaryimage\"},\"image\":{\"@id\":\"https:\/\/progettotouring.it\/radiotouring104\/2026\/02\/20\/domotek-parrini-carica-lambiente-e-chiama-in-raccolta-il-pubblico-per-le-fasi-finali\/#primaryimage\"},\"thumbnailUrl\":\"https:\/\/progettotouring.it\/radiotouring104\/wp-content\/uploads\/sites\/6\/2025\/11\/Giulio-Parrini-Domotek.gif\",\"datePublished\":\"2026-02-20T10:08:44+00:00\",\"dateModified\":\"2026-02-20T11:31:00+00:00\",\"description\":\"\\\"Primi in Classifica, ma la missione \u00e8 chiara. Sogniamo il Palazzetto pieno\\\", dichiara il Parrini, in vista della sfida di domani alle 18\",\"breadcrumb\":{\"@id\":\"https:\/\/progettotouring.it\/radiotouring104\/2026\/02\/20\/domotek-parrini-carica-lambiente-e-chiama-in-raccolta-il-pubblico-per-le-fasi-finali\/#breadcrumb\"},\"inLanguage\":\"it-IT\",\"potentialAction\":[{\"@type\":\"ReadAction\",\"target\":[\"https:\/\/progettotouring.it\/radiotouring104\/2026\/02\/20\/domotek-parrini-carica-lambiente-e-chiama-in-raccolta-il-pubblico-per-le-fasi-finali\/\"]}]},{\"@type\":\"ImageObject\",\"inLanguage\":\"it-IT\",\"@id\":\"https:\/\/progettotouring.it\/radiotouring104\/2026\/02\/20\/domotek-parrini-carica-lambiente-e-chiama-in-raccolta-il-pubblico-per-le-fasi-finali\/#primaryimage\",\"url\":\"https:\/\/progettotouring.it\/radiotouring104\/wp-content\/uploads\/sites\/6\/2025\/11\/Giulio-Parrini-Domotek.gif\",\"contentUrl\":\"https:\/\/progettotouring.it\/radiotouring104\/wp-content\/uploads\/sites\/6\/2025\/11\/Giulio-Parrini-Domotek.gif\",\"width\":670,\"height\":421},{\"@type\":\"BreadcrumbList\",\"@id\":\"https:\/\/progettotouring.it\/radiotouring104\/2026\/02\/20\/domotek-parrini-carica-lambiente-e-chiama-in-raccolta-il-pubblico-per-le-fasi-finali\/#breadcrumb\",\"itemListElement\":[{\"@type\":\"ListItem\",\"position\":1,\"name\":\"Home\",\"item\":\"https:\/\/progettotouring.it\/radiotouring104\/\"},{\"@type\":\"ListItem\",\"position\":2,\"name\":\"Domotek: Parrini carica l&#8217;ambiente e chiama in raccolta il pubblico per le fasi finali\"}]},{\"@type\":\"WebSite\",\"@id\":\"https:\/\/progettotouring.it\/radiotouring104\/#website\",\"url\":\"https:\/\/progettotouring.it\/radiotouring104\/\",\"name\":\"Radio Touring 104\",\"description\":\"La prima radio Reggina\",\"publisher\":{\"@id\":\"https:\/\/progettotouring.it\/radiotouring104\/#organization\"},\"potentialAction\":[{\"@type\":\"SearchAction\",\"target\":{\"@type\":\"EntryPoint\",\"urlTemplate\":\"https:\/\/progettotouring.it\/radiotouring104\/?s={search_term_string}\"},\"query-input\":{\"@type\":\"PropertyValueSpecification\",\"valueRequired\":true,\"valueName\":\"search_term_string\"}}],\"inLanguage\":\"it-IT\"},{\"@type\":\"Organization\",\"@id\":\"https:\/\/progettotouring.it\/radiotouring104\/#organization\",\"name\":\"Radio Touring 104\",\"url\":\"https:\/\/progettotouring.it\/radiotouring104\/\",\"logo\":{\"@type\":\"ImageObject\",\"inLanguage\":\"it-IT\",\"@id\":\"https:\/\/progettotouring.it\/radiotouring104\/#\/schema\/logo\/image\/\",\"url\":\"https:\/\/progettotouring.it\/radiotouring104\/wp-content\/uploads\/sites\/6\/2022\/02\/cropped-logo-radio-touring-104.png\",\"contentUrl\":\"https:\/\/progettotouring.it\/radiotouring104\/wp-content\/uploads\/sites\/6\/2022\/02\/cropped-logo-radio-touring-104.png\",\"width\":377,\"height\":182,\"caption\":\"Radio Touring 104\"},\"image\":{\"@id\":\"https:\/\/progettotouring.it\/radiotouring104\/#\/schema\/logo\/image\/\"}},{\"@type\":\"Person\",\"@id\":\"https:\/\/progettotouring.it\/radiotouring104\/#\/schema\/person\/1b3eb3c07c47136bc44c785c543e635f\",\"name\":\"redazione\",\"image\":{\"@type\":\"ImageObject\",\"inLanguage\":\"it-IT\",\"@id\":\"https:\/\/secure.gravatar.com\/avatar\/0b31605b49f100769e8b624b3e05de1b73e1692e9568a352f60f53fd072e6e11?s=96&d=mm&r=g\",\"url\":\"https:\/\/secure.gravatar.com\/avatar\/0b31605b49f100769e8b624b3e05de1b73e1692e9568a352f60f53fd072e6e11?s=96&d=mm&r=g\",\"contentUrl\":\"https:\/\/secure.gravatar.com\/avatar\/0b31605b49f100769e8b624b3e05de1b73e1692e9568a352f60f53fd072e6e11?s=96&d=mm&r=g\",\"caption\":\"redazione\"},\"url\":\"https:\/\/progettotouring.it\/radiotouring104\/author\/redazione\/\"}]}<\/script>\n<!-- \/ Yoast SEO plugin. -->","yoast_head_json":{"title":"Domotek: Parrini carica l'ambiente e chiama in raccolta il pubblico per le fasi finali - Radio Touring 104","description":"\"Primi in Classifica, ma la missione \u00e8 chiara. Sogniamo il Palazzetto pieno\", dichiara il Parrini, in vista della sfida di domani alle 18","robots":{"index":"index","follow":"follow","max-snippet":"max-snippet:-1","max-image-preview":"max-image-preview:large","max-video-preview":"max-video-preview:-1"},"canonical":"https:\/\/progettotouring.it\/radiotouring104\/2026\/02\/20\/domotek-parrini-carica-lambiente-e-chiama-in-raccolta-il-pubblico-per-le-fasi-finali\/","og_locale":"it_IT","og_type":"article","og_title":"Domotek: Parrini carica l'ambiente e chiama in raccolta il pubblico per le fasi finali - Radio Touring 104","og_description":"\"Primi in Classifica, ma la missione \u00e8 chiara. Sogniamo il Palazzetto pieno\", dichiara il Parrini, in vista della sfida di domani alle 18","og_url":"https:\/\/progettotouring.it\/radiotouring104\/2026\/02\/20\/domotek-parrini-carica-lambiente-e-chiama-in-raccolta-il-pubblico-per-le-fasi-finali\/","og_site_name":"Radio Touring 104","article_published_time":"2026-02-20T10:08:44+00:00","article_modified_time":"2026-02-20T11:31:00+00:00","og_image":[{"width":670,"height":421,"url":"https:\/\/progettotouring.it\/radiotouring104\/wp-content\/uploads\/sites\/6\/2025\/11\/Giulio-Parrini-Domotek.gif","type":"image\/gif"}],"author":"redazione","twitter_card":"summary_large_image","twitter_misc":{"Scritto da":"redazione","Tempo di lettura stimato":"1 minuto"},"schema":{"@context":"https:\/\/schema.org","@graph":[{"@type":"Article","@id":"https:\/\/progettotouring.it\/radiotouring104\/2026\/02\/20\/domotek-parrini-carica-lambiente-e-chiama-in-raccolta-il-pubblico-per-le-fasi-finali\/#article","isPartOf":{"@id":"https:\/\/progettotouring.it\/radiotouring104\/2026\/02\/20\/domotek-parrini-carica-lambiente-e-chiama-in-raccolta-il-pubblico-per-le-fasi-finali\/"},"author":{"name":"redazione","@id":"https:\/\/progettotouring.it\/radiotouring104\/#\/schema\/person\/1b3eb3c07c47136bc44c785c543e635f"},"headline":"Domotek: Parrini carica l&#8217;ambiente e chiama in raccolta il pubblico per le fasi finali","datePublished":"2026-02-20T10:08:44+00:00","dateModified":"2026-02-20T11:31:00+00:00","mainEntityOfPage":{"@id":"https:\/\/progettotouring.it\/radiotouring104\/2026\/02\/20\/domotek-parrini-carica-lambiente-e-chiama-in-raccolta-il-pubblico-per-le-fasi-finali\/"},"wordCount":301,"publisher":{"@id":"https:\/\/progettotouring.it\/radiotouring104\/#organization"},"image":{"@id":"https:\/\/progettotouring.it\/radiotouring104\/2026\/02\/20\/domotek-parrini-carica-lambiente-e-chiama-in-raccolta-il-pubblico-per-le-fasi-finali\/#primaryimage"},"thumbnailUrl":"https:\/\/progettotouring.it\/radiotouring104\/wp-content\/uploads\/sites\/6\/2025\/11\/Giulio-Parrini-Domotek.gif","keywords":["Domotek Volley Reggio Calabria","Giulio Parrini","Palacalafiore di Reggio.","Primi in Classifica","sfida contro terni","Sogniamo il Palazzetto pieno"],"articleSection":["News","Reggio Calabria","Sport"],"inLanguage":"it-IT"},{"@type":"WebPage","@id":"https:\/\/progettotouring.it\/radiotouring104\/2026\/02\/20\/domotek-parrini-carica-lambiente-e-chiama-in-raccolta-il-pubblico-per-le-fasi-finali\/","url":"https:\/\/progettotouring.it\/radiotouring104\/2026\/02\/20\/domotek-parrini-carica-lambiente-e-chiama-in-raccolta-il-pubblico-per-le-fasi-finali\/","name":"Domotek: Parrini carica l'ambiente e chiama in raccolta il pubblico per le fasi finali - Radio Touring 104","isPartOf":{"@id":"https:\/\/progettotouring.it\/radiotouring104\/#website"},"primaryImageOfPage":{"@id":"https:\/\/progettotouring.it\/radiotouring104\/2026\/02\/20\/domotek-parrini-carica-lambiente-e-chiama-in-raccolta-il-pubblico-per-le-fasi-finali\/#primaryimage"},"image":{"@id":"https:\/\/progettotouring.it\/radiotouring104\/2026\/02\/20\/domotek-parrini-carica-lambiente-e-chiama-in-raccolta-il-pubblico-per-le-fasi-finali\/#primaryimage"},"thumbnailUrl":"https:\/\/progettotouring.it\/radiotouring104\/wp-content\/uploads\/sites\/6\/2025\/11\/Giulio-Parrini-Domotek.gif","datePublished":"2026-02-20T10:08:44+00:00","dateModified":"2026-02-20T11:31:00+00:00","description":"\"Primi in Classifica, ma la missione \u00e8 chiara. Sogniamo il Palazzetto pieno\", dichiara il Parrini, in vista della sfida di domani alle 18","breadcrumb":{"@id":"https:\/\/progettotouring.it\/radiotouring104\/2026\/02\/20\/domotek-parrini-carica-lambiente-e-chiama-in-raccolta-il-pubblico-per-le-fasi-finali\/#breadcrumb"},"inLanguage":"it-IT","potentialAction":[{"@type":"ReadAction","target":["https:\/\/progettotouring.it\/radiotouring104\/2026\/02\/20\/domotek-parrini-carica-lambiente-e-chiama-in-raccolta-il-pubblico-per-le-fasi-finali\/"]}]},{"@type":"ImageObject","inLanguage":"it-IT","@id":"https:\/\/progettotouring.it\/radiotouring104\/2026\/02\/20\/domotek-parrini-carica-lambiente-e-chiama-in-raccolta-il-pubblico-per-le-fasi-finali\/#primaryimage","url":"https:\/\/progettotouring.it\/radiotouring104\/wp-content\/uploads\/sites\/6\/2025\/11\/Giulio-Parrini-Domotek.gif","contentUrl":"https:\/\/progettotouring.it\/radiotouring104\/wp-content\/uploads\/sites\/6\/2025\/11\/Giulio-Parrini-Domotek.gif","width":670,"height":421},{"@type":"BreadcrumbList","@id":"https:\/\/progettotouring.it\/radiotouring104\/2026\/02\/20\/domotek-parrini-carica-lambiente-e-chiama-in-raccolta-il-pubblico-per-le-fasi-finali\/#breadcrumb","itemListElement":[{"@type":"ListItem","position":1,"name":"Home","item":"https:\/\/progettotouring.it\/radiotouring104\/"},{"@type":"ListItem","position":2,"name":"Domotek: Parrini carica l&#8217;ambiente e chiama in raccolta il pubblico per le fasi finali"}]},{"@type":"WebSite","@id":"https:\/\/progettotouring.it\/radiotouring104\/#website","url":"https:\/\/progettotouring.it\/radiotouring104\/","name":"Radio Touring 104","description":"La prima radio Reggina","publisher":{"@id":"https:\/\/progettotouring.it\/radiotouring104\/#organization"},"potentialAction":[{"@type":"SearchAction","target":{"@type":"EntryPoint","urlTemplate":"https:\/\/progettotouring.it\/radiotouring104\/?s={search_term_string}"},"query-input":{"@type":"PropertyValueSpecification","valueRequired":true,"valueName":"search_term_string"}}],"inLanguage":"it-IT"},{"@type":"Organization","@id":"https:\/\/progettotouring.it\/radiotouring104\/#organization","name":"Radio Touring 104","url":"https:\/\/progettotouring.it\/radiotouring104\/","logo":{"@type":"ImageObject","inLanguage":"it-IT","@id":"https:\/\/progettotouring.it\/radiotouring104\/#\/schema\/logo\/image\/","url":"https:\/\/progettotouring.it\/radiotouring104\/wp-content\/uploads\/sites\/6\/2022\/02\/cropped-logo-radio-touring-104.png","contentUrl":"https:\/\/progettotouring.it\/radiotouring104\/wp-content\/uploads\/sites\/6\/2022\/02\/cropped-logo-radio-touring-104.png","width":377,"height":182,"caption":"Radio Touring 104"},"image":{"@id":"https:\/\/progettotouring.it\/radiotouring104\/#\/schema\/logo\/image\/"}},{"@type":"Person","@id":"https:\/\/progettotouring.it\/radiotouring104\/#\/schema\/person\/1b3eb3c07c47136bc44c785c543e635f","name":"redazione","image":{"@type":"ImageObject","inLanguage":"it-IT","@id":"https:\/\/secure.gravatar.com\/avatar\/0b31605b49f100769e8b624b3e05de1b73e1692e9568a352f60f53fd072e6e11?s=96&d=mm&r=g","url":"https:\/\/secure.gravatar.com\/avatar\/0b31605b49f100769e8b624b3e05de1b73e1692e9568a352f60f53fd072e6e11?s=96&d=mm&r=g","contentUrl":"https:\/\/secure.gravatar.com\/avatar\/0b31605b49f100769e8b624b3e05de1b73e1692e9568a352f60f53fd072e6e11?s=96&d=mm&r=g","caption":"redazione"},"url":"https:\/\/progettotouring.it\/radiotouring104\/author\/redazione\/"}]}},"jetpack_publicize_connections":[],"jetpack_featured_media_url":"https:\/\/progettotouring.it\/radiotouring104\/wp-content\/uploads\/sites\/6\/2025\/11\/Giulio-Parrini-Domotek.gif","jetpack_sharing_enabled":true,"_links":{"self":[{"href":"https:\/\/progettotouring.it\/radiotouring104\/wp-json\/wp\/v2\/posts\/90830","targetHints":{"allow":["GET"]}}],"collection":[{"href":"https:\/\/progettotouring.it\/radiotouring104\/wp-json\/wp\/v2\/posts"}],"about":[{"href":"https:\/\/progettotouring.it\/radiotouring104\/wp-json\/wp\/v2\/types\/post"}],"author":[{"embeddable":true,"href":"https:\/\/progettotouring.it\/radiotouring104\/wp-json\/wp\/v2\/users\/5"}],"replies":[{"embeddable":true,"href":"https:\/\/progettotouring.it\/radiotouring104\/wp-json\/wp\/v2\/comments?post=90830"}],"version-history":[{"count":1,"href":"https:\/\/progettotouring.it\/radiotouring104\/wp-json\/wp\/v2\/posts\/90830\/revisions"}],"predecessor-version":[{"id":90832,"href":"https:\/\/progettotouring.it\/radiotouring104\/wp-json\/wp\/v2\/posts\/90830\/revisions\/90832"}],"wp:featuredmedia":[{"embeddable":true,"href":"https:\/\/progettotouring.it\/radiotouring104\/wp-json\/wp\/v2\/media\/85756"}],"wp:attachment":[{"href":"https:\/\/progettotouring.it\/radiotouring104\/wp-json\/wp\/v2\/media?parent=90830"}],"wp:term":[{"taxonomy":"category","embeddable":true,"href":"https:\/\/progettotouring.it\/radiotouring104\/wp-json\/wp\/v2\/categories?post=90830"},{"taxonomy":"post_tag","embeddable":true,"href":"https:\/\/progettotouring.it\/radiotouring104\/wp-json\/wp\/v2\/tags?post=90830"}],"curies":[{"name":"wp","href":"https:\/\/api.w.org\/{rel}","templated":true}]}}