{"id":90843,"date":"2026-02-20T11:44:20","date_gmt":"2026-02-20T10:44:20","guid":{"rendered":"https:\/\/progettotouring.it\/radiotouring104\/?p=90843"},"modified":"2026-02-20T12:30:44","modified_gmt":"2026-02-20T11:30:44","slug":"metrocity-sostiene-lorchestra-di-laureana-di-borrello-al-the-world-orchestra-festival","status":"publish","type":"post","link":"https:\/\/progettotouring.it\/radiotouring104\/2026\/02\/20\/metrocity-sostiene-lorchestra-di-laureana-di-borrello-al-the-world-orchestra-festival\/","title":{"rendered":"Metrocity sostiene L\u2019Orchestra di Laureana di Borrello al &#8220;The World Orchestra Festival&#8221;"},"content":{"rendered":"<div>\n<p dir=\"ltr\">Il consigliere metropolitano delegato alla Cultura ed il sindaco facente funzioni rispondono all&#8217;appello dei giovani musicisti, che saranno gli unici rappresentanti italiani alla kermesse austriaca: &#8220;Pronti a riceverli al pi\u00f9 presto per ringraziarli del loro lavoro e concordare le modalit\u00e0 del supporto&#8221;.<\/p>\n<p dir=\"ltr\">&#8220;L\u2019Orchestra Giovanile di Fiati di Laureana di Borrello rappresenta un orgoglio e un\u2019eccellenza assoluta per l&#8217;intera Citt\u00e0 Metropolitana. Apprendere che saranno l&#8217;unico gruppo italiano a esibirsi al prestigioso &#8216;The World Orchestra Festival&#8217; di Vienna il prossimo mese di luglio, realizzando quello che \u00e8 il sogno di ogni giovane musicista, ci riempie di immensa gioia. Per questo motivo, abbiamo raccolto immediatamente il loro appello, al quale rispondiamo con assoluta positivit\u00e0&#8221;.<\/p>\n<p dir=\"ltr\">Cos\u00ec, in una nota congiunta, il Consigliere metropolitano delegato alla Cultura, Michele Conia, ed il sindaco facente funzioni della Citt\u00e0 Metropolitana,\u00a0Carmelo Versace, annunciano l&#8217;impegno dell&#8217;Ente a supporto della compagine musicale in vista dello straordinario appuntamento internazionale in terra austriaca.<\/p>\n<p dir=\"ltr\">&#8220;I giovani e la musica sono uno dei veri motori di crescita e di riscatto del nostro territorio \u2013 affermano Versace e Conia \u2013. Attraverso la dedizione, lo studio e la passione, questi ragazzi dimostrano quotidianamente che la nostra terra \u00e8 capace di esportare bellezza e talenti di caratura mondiale. La musica aggrega, educa ed eleva lo spirito di una comunit\u00e0. L&#8217;Orchestra di Fiati di Laureana di Borrello svolge da anni, nel territorio della Piana e non solo, una funzione non solo artistica ma profondamente sociale, trasformandosi in un presidio di cultura e legalit\u00e0. Per questo motivo rappresenta un vanto per l&#8217;intero comprensorio metropolitano, un patrimonio che abbiamo il dovere di tutelare e valorizzare&#8221;.<\/p>\n<p dir=\"ltr\">Di fronte all&#8217;opportunit\u00e0 di rappresentare l&#8217;Italia \u2013 e in particolare la Calabria \u2013 sul prestigioso palcoscenico viennese, Palazzo Alvaro si schiera apertamente al fianco dei musicisti: &#8220;La Citt\u00e0 Metropolitana \u00e8 pienamente disponibile a sostenere la loro partecipazione a questa kermesse internazionale. Le istituzioni hanno l&#8217;obbligo morale e politico di accompagnare il percorso di chi, con la propria arte e i propri sacrifici, porta in alto il nome del nostro territorio nel mondo&#8221;.<\/p>\n<p dir=\"ltr\">A tal proposito, i due rappresentanti istituzionali annunciano il prossimo step operativo: &#8220;Siamo disponibilissimi a ricevere i ragazzi, la direzione artistica e i responsabili dell&#8217;Orchestra al pi\u00f9 presto presso la sede della Citt\u00e0 Metropolitana. Sar\u00e0 l&#8217;occasione per congratularci di persona per questo straordinario traguardo e, soprattutto, per concordare insieme a loro le modalit\u00e0 pratiche con le quali si potr\u00e0 sostanziare il sostegno del nostro Ente. Faremo la nostra parte affinch\u00e9 il loro sogno viennese possa tradursi in una magnifica realt\u00e0&#8221;.<\/p>\n<\/div>\n<div>\n<div class=\"gmail_signature\" dir=\"ltr\" data-smartmail=\"gmail_signature\">\n<div dir=\"ltr\">\n<div>\n<div><\/div>\n<\/div>\n<\/div>\n<\/div>\n<\/div>\n","protected":false},"excerpt":{"rendered":"<p>Il consigliere metropolitano delegato alla Cultura ed il sindaco facente funzioni rispondono all&#8217;appello dei giovani musicisti, che saranno gli unici rappresentanti italiani alla kermesse austriaca: &#8220;Pronti a riceverli al pi\u00f9&hellip;<\/p>\n","protected":false},"author":5,"featured_media":90844,"comment_status":"closed","ping_status":"open","sticky":false,"template":"","format":"standard","meta":{"_jetpack_memberships_contains_paid_content":false,"footnotes":"","jetpack_publicize_message":"","jetpack_publicize_feature_enabled":true,"jetpack_social_post_already_shared":true,"jetpack_social_options":{"image_generator_settings":{"template":"highway","default_image_id":0,"font":"","enabled":false},"version":2}},"categories":[921,196,140],"tags":[51175,5737,51176,51177,230,5710,40138],"class_list":["post-90843","post","type-post","status-publish","format-standard","has-post-thumbnail","hentry","category-home","category-news","category-reggio-calabria","tag-the-world-orchestra-festival","tag-citta-metropolitana-reggio-calabria","tag-festival-di-vienna","tag-lorchestra-giovanile-di-fiati-di-laureana-di-borrello","tag-michele-conia","tag-sostegno","tag-versace-carmelo"],"yoast_head":"<!-- This site is optimized with the Yoast SEO plugin v27.2 - https:\/\/yoast.com\/product\/yoast-seo-wordpress\/ -->\n<title>Metrocity sostiene L\u2019Orchestra di Laureana di Borrello al &quot;The World Orchestra Festival&quot; - Radio Touring 104<\/title>\n<meta name=\"description\" content=\"&quot;Un vanto per il territorio, Metrocity garantir\u00e0 sostegno per la partecipazione al\u00a0The World Orchestra Festival&quot;, dichiarano Conia e Versace\" \/>\n<meta name=\"robots\" content=\"index, follow, max-snippet:-1, max-image-preview:large, max-video-preview:-1\" \/>\n<link rel=\"canonical\" href=\"https:\/\/progettotouring.it\/radiotouring104\/2026\/02\/20\/metrocity-sostiene-lorchestra-di-laureana-di-borrello-al-the-world-orchestra-festival\/\" \/>\n<meta property=\"og:locale\" content=\"it_IT\" \/>\n<meta property=\"og:type\" content=\"article\" \/>\n<meta property=\"og:title\" content=\"Metrocity sostiene L\u2019Orchestra di Laureana di Borrello al &quot;The World Orchestra Festival&quot; - Radio Touring 104\" \/>\n<meta property=\"og:description\" content=\"&quot;Un vanto per il territorio, Metrocity garantir\u00e0 sostegno per la partecipazione al\u00a0The World Orchestra Festival&quot;, dichiarano Conia e Versace\" \/>\n<meta property=\"og:url\" content=\"https:\/\/progettotouring.it\/radiotouring104\/2026\/02\/20\/metrocity-sostiene-lorchestra-di-laureana-di-borrello-al-the-world-orchestra-festival\/\" \/>\n<meta property=\"og:site_name\" content=\"Radio Touring 104\" \/>\n<meta property=\"article:published_time\" content=\"2026-02-20T10:44:20+00:00\" \/>\n<meta property=\"article:modified_time\" content=\"2026-02-20T11:30:44+00:00\" \/>\n<meta property=\"og:image\" content=\"https:\/\/progettotouring.it\/radiotouring104\/wp-content\/uploads\/sites\/6\/2026\/02\/michele-conia-2.jpeg\" \/>\n\t<meta property=\"og:image:width\" content=\"2560\" \/>\n\t<meta property=\"og:image:height\" content=\"1441\" \/>\n\t<meta property=\"og:image:type\" content=\"image\/jpeg\" \/>\n<meta name=\"author\" content=\"redazione\" \/>\n<meta name=\"twitter:card\" content=\"summary_large_image\" \/>\n<meta name=\"twitter:label1\" content=\"Scritto da\" \/>\n\t<meta name=\"twitter:data1\" content=\"redazione\" \/>\n\t<meta name=\"twitter:label2\" content=\"Tempo di lettura stimato\" \/>\n\t<meta name=\"twitter:data2\" content=\"2 minuti\" \/>\n<script type=\"application\/ld+json\" class=\"yoast-schema-graph\">{\"@context\":\"https:\/\/schema.org\",\"@graph\":[{\"@type\":\"Article\",\"@id\":\"https:\/\/progettotouring.it\/radiotouring104\/2026\/02\/20\/metrocity-sostiene-lorchestra-di-laureana-di-borrello-al-the-world-orchestra-festival\/#article\",\"isPartOf\":{\"@id\":\"https:\/\/progettotouring.it\/radiotouring104\/2026\/02\/20\/metrocity-sostiene-lorchestra-di-laureana-di-borrello-al-the-world-orchestra-festival\/\"},\"author\":{\"name\":\"redazione\",\"@id\":\"https:\/\/progettotouring.it\/radiotouring104\/#\/schema\/person\/1b3eb3c07c47136bc44c785c543e635f\"},\"headline\":\"Metrocity sostiene L\u2019Orchestra di Laureana di Borrello al &#8220;The World Orchestra Festival&#8221;\",\"datePublished\":\"2026-02-20T10:44:20+00:00\",\"dateModified\":\"2026-02-20T11:30:44+00:00\",\"mainEntityOfPage\":{\"@id\":\"https:\/\/progettotouring.it\/radiotouring104\/2026\/02\/20\/metrocity-sostiene-lorchestra-di-laureana-di-borrello-al-the-world-orchestra-festival\/\"},\"wordCount\":425,\"publisher\":{\"@id\":\"https:\/\/progettotouring.it\/radiotouring104\/#organization\"},\"image\":{\"@id\":\"https:\/\/progettotouring.it\/radiotouring104\/2026\/02\/20\/metrocity-sostiene-lorchestra-di-laureana-di-borrello-al-the-world-orchestra-festival\/#primaryimage\"},\"thumbnailUrl\":\"https:\/\/progettotouring.it\/radiotouring104\/wp-content\/uploads\/sites\/6\/2026\/02\/michele-conia-2.jpeg\",\"keywords\":[\"\\\"The World Orchestra Festival\\\"\",\"citt\u00e0 metropolitana Reggio Calabria\",\"Festival di vienna\",\"L\u2019Orchestra Giovanile di Fiati di Laureana di Borrello\",\"michele conia\",\"sostegno\",\"Versace Carmelo\"],\"articleSection\":[\"Home\",\"News\",\"Reggio Calabria\"],\"inLanguage\":\"it-IT\"},{\"@type\":\"WebPage\",\"@id\":\"https:\/\/progettotouring.it\/radiotouring104\/2026\/02\/20\/metrocity-sostiene-lorchestra-di-laureana-di-borrello-al-the-world-orchestra-festival\/\",\"url\":\"https:\/\/progettotouring.it\/radiotouring104\/2026\/02\/20\/metrocity-sostiene-lorchestra-di-laureana-di-borrello-al-the-world-orchestra-festival\/\",\"name\":\"Metrocity sostiene L\u2019Orchestra di Laureana di Borrello al \\\"The World Orchestra Festival\\\" - Radio Touring 104\",\"isPartOf\":{\"@id\":\"https:\/\/progettotouring.it\/radiotouring104\/#website\"},\"primaryImageOfPage\":{\"@id\":\"https:\/\/progettotouring.it\/radiotouring104\/2026\/02\/20\/metrocity-sostiene-lorchestra-di-laureana-di-borrello-al-the-world-orchestra-festival\/#primaryimage\"},\"image\":{\"@id\":\"https:\/\/progettotouring.it\/radiotouring104\/2026\/02\/20\/metrocity-sostiene-lorchestra-di-laureana-di-borrello-al-the-world-orchestra-festival\/#primaryimage\"},\"thumbnailUrl\":\"https:\/\/progettotouring.it\/radiotouring104\/wp-content\/uploads\/sites\/6\/2026\/02\/michele-conia-2.jpeg\",\"datePublished\":\"2026-02-20T10:44:20+00:00\",\"dateModified\":\"2026-02-20T11:30:44+00:00\",\"description\":\"\\\"Un vanto per il territorio, Metrocity garantir\u00e0 sostegno per la partecipazione al\u00a0The World Orchestra Festival\\\", dichiarano Conia e Versace\",\"breadcrumb\":{\"@id\":\"https:\/\/progettotouring.it\/radiotouring104\/2026\/02\/20\/metrocity-sostiene-lorchestra-di-laureana-di-borrello-al-the-world-orchestra-festival\/#breadcrumb\"},\"inLanguage\":\"it-IT\",\"potentialAction\":[{\"@type\":\"ReadAction\",\"target\":[\"https:\/\/progettotouring.it\/radiotouring104\/2026\/02\/20\/metrocity-sostiene-lorchestra-di-laureana-di-borrello-al-the-world-orchestra-festival\/\"]}]},{\"@type\":\"ImageObject\",\"inLanguage\":\"it-IT\",\"@id\":\"https:\/\/progettotouring.it\/radiotouring104\/2026\/02\/20\/metrocity-sostiene-lorchestra-di-laureana-di-borrello-al-the-world-orchestra-festival\/#primaryimage\",\"url\":\"https:\/\/progettotouring.it\/radiotouring104\/wp-content\/uploads\/sites\/6\/2026\/02\/michele-conia-2.jpeg\",\"contentUrl\":\"https:\/\/progettotouring.it\/radiotouring104\/wp-content\/uploads\/sites\/6\/2026\/02\/michele-conia-2.jpeg\",\"width\":2560,\"height\":1441},{\"@type\":\"BreadcrumbList\",\"@id\":\"https:\/\/progettotouring.it\/radiotouring104\/2026\/02\/20\/metrocity-sostiene-lorchestra-di-laureana-di-borrello-al-the-world-orchestra-festival\/#breadcrumb\",\"itemListElement\":[{\"@type\":\"ListItem\",\"position\":1,\"name\":\"Home\",\"item\":\"https:\/\/progettotouring.it\/radiotouring104\/\"},{\"@type\":\"ListItem\",\"position\":2,\"name\":\"Metrocity sostiene L\u2019Orchestra di Laureana di Borrello al &#8220;The World Orchestra Festival&#8221;\"}]},{\"@type\":\"WebSite\",\"@id\":\"https:\/\/progettotouring.it\/radiotouring104\/#website\",\"url\":\"https:\/\/progettotouring.it\/radiotouring104\/\",\"name\":\"Radio Touring 104\",\"description\":\"La prima radio Reggina\",\"publisher\":{\"@id\":\"https:\/\/progettotouring.it\/radiotouring104\/#organization\"},\"potentialAction\":[{\"@type\":\"SearchAction\",\"target\":{\"@type\":\"EntryPoint\",\"urlTemplate\":\"https:\/\/progettotouring.it\/radiotouring104\/?s={search_term_string}\"},\"query-input\":{\"@type\":\"PropertyValueSpecification\",\"valueRequired\":true,\"valueName\":\"search_term_string\"}}],\"inLanguage\":\"it-IT\"},{\"@type\":\"Organization\",\"@id\":\"https:\/\/progettotouring.it\/radiotouring104\/#organization\",\"name\":\"Radio Touring 104\",\"url\":\"https:\/\/progettotouring.it\/radiotouring104\/\",\"logo\":{\"@type\":\"ImageObject\",\"inLanguage\":\"it-IT\",\"@id\":\"https:\/\/progettotouring.it\/radiotouring104\/#\/schema\/logo\/image\/\",\"url\":\"https:\/\/progettotouring.it\/radiotouring104\/wp-content\/uploads\/sites\/6\/2022\/02\/cropped-logo-radio-touring-104.png\",\"contentUrl\":\"https:\/\/progettotouring.it\/radiotouring104\/wp-content\/uploads\/sites\/6\/2022\/02\/cropped-logo-radio-touring-104.png\",\"width\":377,\"height\":182,\"caption\":\"Radio Touring 104\"},\"image\":{\"@id\":\"https:\/\/progettotouring.it\/radiotouring104\/#\/schema\/logo\/image\/\"}},{\"@type\":\"Person\",\"@id\":\"https:\/\/progettotouring.it\/radiotouring104\/#\/schema\/person\/1b3eb3c07c47136bc44c785c543e635f\",\"name\":\"redazione\",\"image\":{\"@type\":\"ImageObject\",\"inLanguage\":\"it-IT\",\"@id\":\"https:\/\/secure.gravatar.com\/avatar\/0b31605b49f100769e8b624b3e05de1b73e1692e9568a352f60f53fd072e6e11?s=96&d=mm&r=g\",\"url\":\"https:\/\/secure.gravatar.com\/avatar\/0b31605b49f100769e8b624b3e05de1b73e1692e9568a352f60f53fd072e6e11?s=96&d=mm&r=g\",\"contentUrl\":\"https:\/\/secure.gravatar.com\/avatar\/0b31605b49f100769e8b624b3e05de1b73e1692e9568a352f60f53fd072e6e11?s=96&d=mm&r=g\",\"caption\":\"redazione\"},\"url\":\"https:\/\/progettotouring.it\/radiotouring104\/author\/redazione\/\"}]}<\/script>\n<!-- \/ Yoast SEO plugin. -->","yoast_head_json":{"title":"Metrocity sostiene L\u2019Orchestra di Laureana di Borrello al \"The World Orchestra Festival\" - Radio Touring 104","description":"\"Un vanto per il territorio, Metrocity garantir\u00e0 sostegno per la partecipazione al\u00a0The World Orchestra Festival\", dichiarano Conia e Versace","robots":{"index":"index","follow":"follow","max-snippet":"max-snippet:-1","max-image-preview":"max-image-preview:large","max-video-preview":"max-video-preview:-1"},"canonical":"https:\/\/progettotouring.it\/radiotouring104\/2026\/02\/20\/metrocity-sostiene-lorchestra-di-laureana-di-borrello-al-the-world-orchestra-festival\/","og_locale":"it_IT","og_type":"article","og_title":"Metrocity sostiene L\u2019Orchestra di Laureana di Borrello al \"The World Orchestra Festival\" - Radio Touring 104","og_description":"\"Un vanto per il territorio, Metrocity garantir\u00e0 sostegno per la partecipazione al\u00a0The World Orchestra Festival\", dichiarano Conia e Versace","og_url":"https:\/\/progettotouring.it\/radiotouring104\/2026\/02\/20\/metrocity-sostiene-lorchestra-di-laureana-di-borrello-al-the-world-orchestra-festival\/","og_site_name":"Radio Touring 104","article_published_time":"2026-02-20T10:44:20+00:00","article_modified_time":"2026-02-20T11:30:44+00:00","og_image":[{"width":2560,"height":1441,"url":"https:\/\/progettotouring.it\/radiotouring104\/wp-content\/uploads\/sites\/6\/2026\/02\/michele-conia-2.jpeg","type":"image\/jpeg"}],"author":"redazione","twitter_card":"summary_large_image","twitter_misc":{"Scritto da":"redazione","Tempo di lettura stimato":"2 minuti"},"schema":{"@context":"https:\/\/schema.org","@graph":[{"@type":"Article","@id":"https:\/\/progettotouring.it\/radiotouring104\/2026\/02\/20\/metrocity-sostiene-lorchestra-di-laureana-di-borrello-al-the-world-orchestra-festival\/#article","isPartOf":{"@id":"https:\/\/progettotouring.it\/radiotouring104\/2026\/02\/20\/metrocity-sostiene-lorchestra-di-laureana-di-borrello-al-the-world-orchestra-festival\/"},"author":{"name":"redazione","@id":"https:\/\/progettotouring.it\/radiotouring104\/#\/schema\/person\/1b3eb3c07c47136bc44c785c543e635f"},"headline":"Metrocity sostiene L\u2019Orchestra di Laureana di Borrello al &#8220;The World Orchestra Festival&#8221;","datePublished":"2026-02-20T10:44:20+00:00","dateModified":"2026-02-20T11:30:44+00:00","mainEntityOfPage":{"@id":"https:\/\/progettotouring.it\/radiotouring104\/2026\/02\/20\/metrocity-sostiene-lorchestra-di-laureana-di-borrello-al-the-world-orchestra-festival\/"},"wordCount":425,"publisher":{"@id":"https:\/\/progettotouring.it\/radiotouring104\/#organization"},"image":{"@id":"https:\/\/progettotouring.it\/radiotouring104\/2026\/02\/20\/metrocity-sostiene-lorchestra-di-laureana-di-borrello-al-the-world-orchestra-festival\/#primaryimage"},"thumbnailUrl":"https:\/\/progettotouring.it\/radiotouring104\/wp-content\/uploads\/sites\/6\/2026\/02\/michele-conia-2.jpeg","keywords":["\"The World Orchestra Festival\"","citt\u00e0 metropolitana Reggio Calabria","Festival di vienna","L\u2019Orchestra Giovanile di Fiati di Laureana di Borrello","michele conia","sostegno","Versace Carmelo"],"articleSection":["Home","News","Reggio Calabria"],"inLanguage":"it-IT"},{"@type":"WebPage","@id":"https:\/\/progettotouring.it\/radiotouring104\/2026\/02\/20\/metrocity-sostiene-lorchestra-di-laureana-di-borrello-al-the-world-orchestra-festival\/","url":"https:\/\/progettotouring.it\/radiotouring104\/2026\/02\/20\/metrocity-sostiene-lorchestra-di-laureana-di-borrello-al-the-world-orchestra-festival\/","name":"Metrocity sostiene L\u2019Orchestra di Laureana di Borrello al \"The World Orchestra Festival\" - Radio Touring 104","isPartOf":{"@id":"https:\/\/progettotouring.it\/radiotouring104\/#website"},"primaryImageOfPage":{"@id":"https:\/\/progettotouring.it\/radiotouring104\/2026\/02\/20\/metrocity-sostiene-lorchestra-di-laureana-di-borrello-al-the-world-orchestra-festival\/#primaryimage"},"image":{"@id":"https:\/\/progettotouring.it\/radiotouring104\/2026\/02\/20\/metrocity-sostiene-lorchestra-di-laureana-di-borrello-al-the-world-orchestra-festival\/#primaryimage"},"thumbnailUrl":"https:\/\/progettotouring.it\/radiotouring104\/wp-content\/uploads\/sites\/6\/2026\/02\/michele-conia-2.jpeg","datePublished":"2026-02-20T10:44:20+00:00","dateModified":"2026-02-20T11:30:44+00:00","description":"\"Un vanto per il territorio, Metrocity garantir\u00e0 sostegno per la partecipazione al\u00a0The World Orchestra Festival\", dichiarano Conia e Versace","breadcrumb":{"@id":"https:\/\/progettotouring.it\/radiotouring104\/2026\/02\/20\/metrocity-sostiene-lorchestra-di-laureana-di-borrello-al-the-world-orchestra-festival\/#breadcrumb"},"inLanguage":"it-IT","potentialAction":[{"@type":"ReadAction","target":["https:\/\/progettotouring.it\/radiotouring104\/2026\/02\/20\/metrocity-sostiene-lorchestra-di-laureana-di-borrello-al-the-world-orchestra-festival\/"]}]},{"@type":"ImageObject","inLanguage":"it-IT","@id":"https:\/\/progettotouring.it\/radiotouring104\/2026\/02\/20\/metrocity-sostiene-lorchestra-di-laureana-di-borrello-al-the-world-orchestra-festival\/#primaryimage","url":"https:\/\/progettotouring.it\/radiotouring104\/wp-content\/uploads\/sites\/6\/2026\/02\/michele-conia-2.jpeg","contentUrl":"https:\/\/progettotouring.it\/radiotouring104\/wp-content\/uploads\/sites\/6\/2026\/02\/michele-conia-2.jpeg","width":2560,"height":1441},{"@type":"BreadcrumbList","@id":"https:\/\/progettotouring.it\/radiotouring104\/2026\/02\/20\/metrocity-sostiene-lorchestra-di-laureana-di-borrello-al-the-world-orchestra-festival\/#breadcrumb","itemListElement":[{"@type":"ListItem","position":1,"name":"Home","item":"https:\/\/progettotouring.it\/radiotouring104\/"},{"@type":"ListItem","position":2,"name":"Metrocity sostiene L\u2019Orchestra di Laureana di Borrello al &#8220;The World Orchestra Festival&#8221;"}]},{"@type":"WebSite","@id":"https:\/\/progettotouring.it\/radiotouring104\/#website","url":"https:\/\/progettotouring.it\/radiotouring104\/","name":"Radio Touring 104","description":"La prima radio Reggina","publisher":{"@id":"https:\/\/progettotouring.it\/radiotouring104\/#organization"},"potentialAction":[{"@type":"SearchAction","target":{"@type":"EntryPoint","urlTemplate":"https:\/\/progettotouring.it\/radiotouring104\/?s={search_term_string}"},"query-input":{"@type":"PropertyValueSpecification","valueRequired":true,"valueName":"search_term_string"}}],"inLanguage":"it-IT"},{"@type":"Organization","@id":"https:\/\/progettotouring.it\/radiotouring104\/#organization","name":"Radio Touring 104","url":"https:\/\/progettotouring.it\/radiotouring104\/","logo":{"@type":"ImageObject","inLanguage":"it-IT","@id":"https:\/\/progettotouring.it\/radiotouring104\/#\/schema\/logo\/image\/","url":"https:\/\/progettotouring.it\/radiotouring104\/wp-content\/uploads\/sites\/6\/2022\/02\/cropped-logo-radio-touring-104.png","contentUrl":"https:\/\/progettotouring.it\/radiotouring104\/wp-content\/uploads\/sites\/6\/2022\/02\/cropped-logo-radio-touring-104.png","width":377,"height":182,"caption":"Radio Touring 104"},"image":{"@id":"https:\/\/progettotouring.it\/radiotouring104\/#\/schema\/logo\/image\/"}},{"@type":"Person","@id":"https:\/\/progettotouring.it\/radiotouring104\/#\/schema\/person\/1b3eb3c07c47136bc44c785c543e635f","name":"redazione","image":{"@type":"ImageObject","inLanguage":"it-IT","@id":"https:\/\/secure.gravatar.com\/avatar\/0b31605b49f100769e8b624b3e05de1b73e1692e9568a352f60f53fd072e6e11?s=96&d=mm&r=g","url":"https:\/\/secure.gravatar.com\/avatar\/0b31605b49f100769e8b624b3e05de1b73e1692e9568a352f60f53fd072e6e11?s=96&d=mm&r=g","contentUrl":"https:\/\/secure.gravatar.com\/avatar\/0b31605b49f100769e8b624b3e05de1b73e1692e9568a352f60f53fd072e6e11?s=96&d=mm&r=g","caption":"redazione"},"url":"https:\/\/progettotouring.it\/radiotouring104\/author\/redazione\/"}]}},"jetpack_publicize_connections":[],"jetpack_featured_media_url":"https:\/\/progettotouring.it\/radiotouring104\/wp-content\/uploads\/sites\/6\/2026\/02\/michele-conia-2.jpeg","jetpack_sharing_enabled":true,"_links":{"self":[{"href":"https:\/\/progettotouring.it\/radiotouring104\/wp-json\/wp\/v2\/posts\/90843","targetHints":{"allow":["GET"]}}],"collection":[{"href":"https:\/\/progettotouring.it\/radiotouring104\/wp-json\/wp\/v2\/posts"}],"about":[{"href":"https:\/\/progettotouring.it\/radiotouring104\/wp-json\/wp\/v2\/types\/post"}],"author":[{"embeddable":true,"href":"https:\/\/progettotouring.it\/radiotouring104\/wp-json\/wp\/v2\/users\/5"}],"replies":[{"embeddable":true,"href":"https:\/\/progettotouring.it\/radiotouring104\/wp-json\/wp\/v2\/comments?post=90843"}],"version-history":[{"count":1,"href":"https:\/\/progettotouring.it\/radiotouring104\/wp-json\/wp\/v2\/posts\/90843\/revisions"}],"predecessor-version":[{"id":90845,"href":"https:\/\/progettotouring.it\/radiotouring104\/wp-json\/wp\/v2\/posts\/90843\/revisions\/90845"}],"wp:featuredmedia":[{"embeddable":true,"href":"https:\/\/progettotouring.it\/radiotouring104\/wp-json\/wp\/v2\/media\/90844"}],"wp:attachment":[{"href":"https:\/\/progettotouring.it\/radiotouring104\/wp-json\/wp\/v2\/media?parent=90843"}],"wp:term":[{"taxonomy":"category","embeddable":true,"href":"https:\/\/progettotouring.it\/radiotouring104\/wp-json\/wp\/v2\/categories?post=90843"},{"taxonomy":"post_tag","embeddable":true,"href":"https:\/\/progettotouring.it\/radiotouring104\/wp-json\/wp\/v2\/tags?post=90843"}],"curies":[{"name":"wp","href":"https:\/\/api.w.org\/{rel}","templated":true}]}}