{"id":90846,"date":"2026-02-20T11:57:09","date_gmt":"2026-02-20T10:57:09","guid":{"rendered":"https:\/\/progettotouring.it\/radiotouring104\/?p=90846"},"modified":"2026-02-20T12:30:38","modified_gmt":"2026-02-20T11:30:38","slug":"redel-gm-vita-dieci-vittorie-di-fila-la-citta-puo-fare-di-piu","status":"publish","type":"post","link":"https:\/\/progettotouring.it\/radiotouring104\/2026\/02\/20\/redel-gm-vita-dieci-vittorie-di-fila-la-citta-puo-fare-di-piu\/","title":{"rendered":"Redel, GM Vita: &#8220;Dieci vittorie di fila, la Citt\u00e0 pu\u00f2 fare di pi\u00f9&#8221;"},"content":{"rendered":"<p>Il General Manager della Redel, Fortunato Vita, traccia un bilancio del momento attuale della squadra, lancia un appello al pubblico per il rush finale e non nasconde le difficolt\u00e0: dalle strutture precarie alla necessit\u00e0 di critiche costruttive.<\/p>\n<p>Un momento altissimo, un pubblico finalmente pi\u00f9 coinvolto e una striscia di dieci vittorie consecutive. La Redel Reggio Calabria vola e si prepara alla pausa del campionato con la consapevolezza di una squadra trasformata. Ma il General Manager neroarancio, Fortunato Vita, intervenuto in conferenza stampa, non si limita a gioire per i risultati. Il suo \u00e8 un messaggio a tutto tondo: orgoglio per il lavoro svolto, un appello accorato alla citt\u00e0 e una piccola stoccata a chi, con commenti denigratori, offusca il valore del percorso.<\/p>\n<p>A pochi giorni dalla sosta, Vita analizza il momento: \u201c La sosta ci serve per assestare e riorganizzare dal punto di vista tecnico il nuovo inserimento di Marangon e questa pausa cade a pennello. La cosa importante \u00e8 l\u2019attenzione che tutta la societ\u00e0 e il gruppo hanno messo per analizzare ogni criticit\u00e0, minuto dopo minuto. Lo abbiamo dimostrato senza farci prendere dall\u2019ansia o dalla fretta, memori di situazioni passate. Abbiamo costruito e inserito i giusti innesti. Ora siamo a dieci vittorie, ma noi siamo vigili sempre, sia con le vittorie che con le sconfitte\u201d.<\/p>\n<p>Con la stessa lucidit\u00e0, Vita guarda al futuro e al girone.<\/p>\n<p>\u201cSiamo consapevoli del nostro potenziale e di mettere i ragazzi nelle condizioni di rendere al 100%. Rispettiamo sempre e comunque le altre societ\u00e0 e verr\u00e0 fuori, a mio avviso, una seconda fase avvincente che non vediamo l\u2019ora di affrontare. Mi auguro che nella seconda fase e nei playoff ci sia una risposta concreta dalla Citt\u00e0. Quello che sta mancando \u00e8 una risposta veramente importante in termini di presenze. Ci stiamo assestando, stiamo iniziando a riempire gli spazi del PalaCalafiore, ma secondo me ci sono i requisiti per andare oltre. I ragazzi lo meritano. Non serve solo una societ\u00e0 che lavori, ma serve la citt\u00e0, il pubblico, per dare la spinta per un obiettivo importante per tutta la comunit\u00e0\u201d.<\/p>\n<p>Il GM Vita passa poi al cuore del progetto: il settore giovanile. Un vanto, nonostante le difficolt\u00e0.<\/p>\n<p>\u201cAi dirigenti del settore giovanile darei un voto incommensurabile. Quello che stanno facendo talvolta senza strutture o con strutture precarie, \u00e8 da elogiare. Una citt\u00e0 metropolitana non dovrebbe presentare queste carenze. \u00c8 una nota dolente. Come citt\u00e0 abbiamo l\u2019obbligo sociale di mettere i ragazzi in condizioni di fare sport in modo adeguato, cosa che non si verifica a volte per troppa approssimazione. Noi siamo pronti a supportare, ma serve un cambio di passo da parte di tutti\u201d.<\/p>\n<p>In un anno e mezzo, la Pallacanestro Viola \u00e8 passata dall\u2019avere un settore giovanile inesistente a sette squadre, dalla Serie B al minibasket.<\/p>\n<p>\u201cStiamo creando un\u2019identit\u00e0, che \u00e8 la cosa fondamentale per il futuro\u201d.<\/p>\n<p>Infine, una riflessione sull\u2019entusiasmo e su quelle che definisce \u201cstranezze\u201d da parte di una piccola frangia di tifosi.<\/p>\n<p>\u201cLa cosa che mi fa pi\u00f9 divertire? Alcuni commenti che affronto con ironia: se vinciamo di 30 \u00e8 perch\u00e9 l\u2019avversario \u00e8 scarso, se vinciamo di due \u00e8 colpa nostra. Non ci si accontenta mai e niente va mai bene veramente. Siamo esseri umani e possiamo sbagliare, ma siamo sul pezzo per costruire qualcosa di importante.<\/p>\n<p>Un passaggio a cui tiene particolarmente.<\/p>\n<p>\u201cHo letto commenti rispetto quando la Viola gioca in trasferta e vedo appellativi anche a volte irriguardosi verso altre squadre. \u00c9 la cosa pi\u00f9 brutta che ci possa essere nello sport. Dietro ogni societ\u00e0 c\u2019\u00e8 un lavoro certosino, persone che mettono da parte lavoro e famiglia. Bisogna portare rispetto a tutti, che sia una squadra quotata o l\u2019ultima in classifica. Tutti cercheranno di batterci ed \u00e9 giusto cos\u00ec. Anche noi ce la metteremo tutta con il massimo riguardo verso chiunque\u201d.<\/p>\n","protected":false},"excerpt":{"rendered":"<p>Il General Manager della Redel, Fortunato Vita, traccia un bilancio del momento attuale della squadra, lancia un appello al pubblico per il rush finale e non nasconde le difficolt\u00e0: dalle&hellip;<\/p>\n","protected":false},"author":5,"featured_media":90847,"comment_status":"closed","ping_status":"open","sticky":false,"template":"","format":"standard","meta":{"_jetpack_memberships_contains_paid_content":false,"footnotes":"","jetpack_publicize_message":"","jetpack_publicize_feature_enabled":true,"jetpack_social_post_already_shared":true,"jetpack_social_options":{"image_generator_settings":{"template":"highway","default_image_id":0,"font":"","enabled":false},"version":2}},"categories":[196,140,144],"tags":[51179,51178,51180,34324,35458],"class_list":["post-90846","post","type-post","status-publish","format-standard","has-post-thumbnail","hentry","category-news","category-reggio-calabria","category-sport","tag-citta-puo-fare-di-piu","tag-dieci-vittorie-di-fila","tag-general-manager-fortunato-vita","tag-redel","tag-redel-viola-reggio-calabria"],"yoast_head":"<!-- This site is optimized with the Yoast SEO plugin v27.2 - https:\/\/yoast.com\/product\/yoast-seo-wordpress\/ -->\n<title>Redel, GM Vita: &quot;Dieci vittorie di fila, la Citt\u00e0 pu\u00f2 fare di pi\u00f9&quot;<\/title>\n<meta name=\"description\" content=\"Il GM della Viola traccia un bilancio del momento della squadra, lancia un appello al pubblico per il rush finale. Ecco le sue dichiarazioni\" \/>\n<meta name=\"robots\" content=\"index, follow, max-snippet:-1, max-image-preview:large, max-video-preview:-1\" \/>\n<link rel=\"canonical\" href=\"https:\/\/progettotouring.it\/radiotouring104\/2026\/02\/20\/redel-gm-vita-dieci-vittorie-di-fila-la-citta-puo-fare-di-piu\/\" \/>\n<meta property=\"og:locale\" content=\"it_IT\" \/>\n<meta property=\"og:type\" content=\"article\" \/>\n<meta property=\"og:title\" content=\"Redel, GM Vita: &quot;Dieci vittorie di fila, la Citt\u00e0 pu\u00f2 fare di pi\u00f9&quot;\" \/>\n<meta property=\"og:description\" content=\"Il GM della Viola traccia un bilancio del momento della squadra, lancia un appello al pubblico per il rush finale. Ecco le sue dichiarazioni\" \/>\n<meta property=\"og:url\" content=\"https:\/\/progettotouring.it\/radiotouring104\/2026\/02\/20\/redel-gm-vita-dieci-vittorie-di-fila-la-citta-puo-fare-di-piu\/\" \/>\n<meta property=\"og:site_name\" content=\"Radio Touring 104\" \/>\n<meta property=\"article:published_time\" content=\"2026-02-20T10:57:09+00:00\" \/>\n<meta property=\"article:modified_time\" content=\"2026-02-20T11:30:38+00:00\" \/>\n<meta property=\"og:image\" content=\"https:\/\/progettotouring.it\/radiotouring104\/wp-content\/uploads\/sites\/6\/2026\/02\/Fortunato-Vita-GM-Redel-Viola.gif\" \/>\n\t<meta property=\"og:image:width\" content=\"1131\" \/>\n\t<meta property=\"og:image:height\" content=\"544\" \/>\n\t<meta property=\"og:image:type\" content=\"image\/gif\" \/>\n<meta name=\"author\" content=\"redazione\" \/>\n<meta name=\"twitter:card\" content=\"summary_large_image\" \/>\n<meta name=\"twitter:label1\" content=\"Scritto da\" \/>\n\t<meta name=\"twitter:data1\" content=\"redazione\" \/>\n\t<meta name=\"twitter:label2\" content=\"Tempo di lettura stimato\" \/>\n\t<meta name=\"twitter:data2\" content=\"3 minuti\" \/>\n<script type=\"application\/ld+json\" class=\"yoast-schema-graph\">{\"@context\":\"https:\/\/schema.org\",\"@graph\":[{\"@type\":\"Article\",\"@id\":\"https:\/\/progettotouring.it\/radiotouring104\/2026\/02\/20\/redel-gm-vita-dieci-vittorie-di-fila-la-citta-puo-fare-di-piu\/#article\",\"isPartOf\":{\"@id\":\"https:\/\/progettotouring.it\/radiotouring104\/2026\/02\/20\/redel-gm-vita-dieci-vittorie-di-fila-la-citta-puo-fare-di-piu\/\"},\"author\":{\"name\":\"redazione\",\"@id\":\"https:\/\/progettotouring.it\/radiotouring104\/#\/schema\/person\/1b3eb3c07c47136bc44c785c543e635f\"},\"headline\":\"Redel, GM Vita: &#8220;Dieci vittorie di fila, la Citt\u00e0 pu\u00f2 fare di pi\u00f9&#8221;\",\"datePublished\":\"2026-02-20T10:57:09+00:00\",\"dateModified\":\"2026-02-20T11:30:38+00:00\",\"mainEntityOfPage\":{\"@id\":\"https:\/\/progettotouring.it\/radiotouring104\/2026\/02\/20\/redel-gm-vita-dieci-vittorie-di-fila-la-citta-puo-fare-di-piu\/\"},\"wordCount\":639,\"publisher\":{\"@id\":\"https:\/\/progettotouring.it\/radiotouring104\/#organization\"},\"image\":{\"@id\":\"https:\/\/progettotouring.it\/radiotouring104\/2026\/02\/20\/redel-gm-vita-dieci-vittorie-di-fila-la-citta-puo-fare-di-piu\/#primaryimage\"},\"thumbnailUrl\":\"https:\/\/progettotouring.it\/radiotouring104\/wp-content\/uploads\/sites\/6\/2026\/02\/Fortunato-Vita-GM-Redel-Viola.gif\",\"keywords\":[\"Citt\u00e0 pu\u00f2 fare di pi\u00f9\",\"Dieci vittorie di fila\",\"General Manager Fortunato Vita\",\"redel\",\"Redel Viola Reggio Calabria\"],\"articleSection\":[\"News\",\"Reggio Calabria\",\"Sport\"],\"inLanguage\":\"it-IT\"},{\"@type\":\"WebPage\",\"@id\":\"https:\/\/progettotouring.it\/radiotouring104\/2026\/02\/20\/redel-gm-vita-dieci-vittorie-di-fila-la-citta-puo-fare-di-piu\/\",\"url\":\"https:\/\/progettotouring.it\/radiotouring104\/2026\/02\/20\/redel-gm-vita-dieci-vittorie-di-fila-la-citta-puo-fare-di-piu\/\",\"name\":\"Redel, GM Vita: \\\"Dieci vittorie di fila, la Citt\u00e0 pu\u00f2 fare di pi\u00f9\\\"\",\"isPartOf\":{\"@id\":\"https:\/\/progettotouring.it\/radiotouring104\/#website\"},\"primaryImageOfPage\":{\"@id\":\"https:\/\/progettotouring.it\/radiotouring104\/2026\/02\/20\/redel-gm-vita-dieci-vittorie-di-fila-la-citta-puo-fare-di-piu\/#primaryimage\"},\"image\":{\"@id\":\"https:\/\/progettotouring.it\/radiotouring104\/2026\/02\/20\/redel-gm-vita-dieci-vittorie-di-fila-la-citta-puo-fare-di-piu\/#primaryimage\"},\"thumbnailUrl\":\"https:\/\/progettotouring.it\/radiotouring104\/wp-content\/uploads\/sites\/6\/2026\/02\/Fortunato-Vita-GM-Redel-Viola.gif\",\"datePublished\":\"2026-02-20T10:57:09+00:00\",\"dateModified\":\"2026-02-20T11:30:38+00:00\",\"description\":\"Il GM della Viola traccia un bilancio del momento della squadra, lancia un appello al pubblico per il rush finale. Ecco le sue dichiarazioni\",\"breadcrumb\":{\"@id\":\"https:\/\/progettotouring.it\/radiotouring104\/2026\/02\/20\/redel-gm-vita-dieci-vittorie-di-fila-la-citta-puo-fare-di-piu\/#breadcrumb\"},\"inLanguage\":\"it-IT\",\"potentialAction\":[{\"@type\":\"ReadAction\",\"target\":[\"https:\/\/progettotouring.it\/radiotouring104\/2026\/02\/20\/redel-gm-vita-dieci-vittorie-di-fila-la-citta-puo-fare-di-piu\/\"]}]},{\"@type\":\"ImageObject\",\"inLanguage\":\"it-IT\",\"@id\":\"https:\/\/progettotouring.it\/radiotouring104\/2026\/02\/20\/redel-gm-vita-dieci-vittorie-di-fila-la-citta-puo-fare-di-piu\/#primaryimage\",\"url\":\"https:\/\/progettotouring.it\/radiotouring104\/wp-content\/uploads\/sites\/6\/2026\/02\/Fortunato-Vita-GM-Redel-Viola.gif\",\"contentUrl\":\"https:\/\/progettotouring.it\/radiotouring104\/wp-content\/uploads\/sites\/6\/2026\/02\/Fortunato-Vita-GM-Redel-Viola.gif\",\"width\":1131,\"height\":544},{\"@type\":\"BreadcrumbList\",\"@id\":\"https:\/\/progettotouring.it\/radiotouring104\/2026\/02\/20\/redel-gm-vita-dieci-vittorie-di-fila-la-citta-puo-fare-di-piu\/#breadcrumb\",\"itemListElement\":[{\"@type\":\"ListItem\",\"position\":1,\"name\":\"Home\",\"item\":\"https:\/\/progettotouring.it\/radiotouring104\/\"},{\"@type\":\"ListItem\",\"position\":2,\"name\":\"Redel, GM Vita: &#8220;Dieci vittorie di fila, la Citt\u00e0 pu\u00f2 fare di pi\u00f9&#8221;\"}]},{\"@type\":\"WebSite\",\"@id\":\"https:\/\/progettotouring.it\/radiotouring104\/#website\",\"url\":\"https:\/\/progettotouring.it\/radiotouring104\/\",\"name\":\"Radio Touring 104\",\"description\":\"La prima radio Reggina\",\"publisher\":{\"@id\":\"https:\/\/progettotouring.it\/radiotouring104\/#organization\"},\"potentialAction\":[{\"@type\":\"SearchAction\",\"target\":{\"@type\":\"EntryPoint\",\"urlTemplate\":\"https:\/\/progettotouring.it\/radiotouring104\/?s={search_term_string}\"},\"query-input\":{\"@type\":\"PropertyValueSpecification\",\"valueRequired\":true,\"valueName\":\"search_term_string\"}}],\"inLanguage\":\"it-IT\"},{\"@type\":\"Organization\",\"@id\":\"https:\/\/progettotouring.it\/radiotouring104\/#organization\",\"name\":\"Radio Touring 104\",\"url\":\"https:\/\/progettotouring.it\/radiotouring104\/\",\"logo\":{\"@type\":\"ImageObject\",\"inLanguage\":\"it-IT\",\"@id\":\"https:\/\/progettotouring.it\/radiotouring104\/#\/schema\/logo\/image\/\",\"url\":\"https:\/\/progettotouring.it\/radiotouring104\/wp-content\/uploads\/sites\/6\/2022\/02\/cropped-logo-radio-touring-104.png\",\"contentUrl\":\"https:\/\/progettotouring.it\/radiotouring104\/wp-content\/uploads\/sites\/6\/2022\/02\/cropped-logo-radio-touring-104.png\",\"width\":377,\"height\":182,\"caption\":\"Radio Touring 104\"},\"image\":{\"@id\":\"https:\/\/progettotouring.it\/radiotouring104\/#\/schema\/logo\/image\/\"}},{\"@type\":\"Person\",\"@id\":\"https:\/\/progettotouring.it\/radiotouring104\/#\/schema\/person\/1b3eb3c07c47136bc44c785c543e635f\",\"name\":\"redazione\",\"image\":{\"@type\":\"ImageObject\",\"inLanguage\":\"it-IT\",\"@id\":\"https:\/\/secure.gravatar.com\/avatar\/0b31605b49f100769e8b624b3e05de1b73e1692e9568a352f60f53fd072e6e11?s=96&d=mm&r=g\",\"url\":\"https:\/\/secure.gravatar.com\/avatar\/0b31605b49f100769e8b624b3e05de1b73e1692e9568a352f60f53fd072e6e11?s=96&d=mm&r=g\",\"contentUrl\":\"https:\/\/secure.gravatar.com\/avatar\/0b31605b49f100769e8b624b3e05de1b73e1692e9568a352f60f53fd072e6e11?s=96&d=mm&r=g\",\"caption\":\"redazione\"},\"url\":\"https:\/\/progettotouring.it\/radiotouring104\/author\/redazione\/\"}]}<\/script>\n<!-- \/ Yoast SEO plugin. -->","yoast_head_json":{"title":"Redel, GM Vita: \"Dieci vittorie di fila, la Citt\u00e0 pu\u00f2 fare di pi\u00f9\"","description":"Il GM della Viola traccia un bilancio del momento della squadra, lancia un appello al pubblico per il rush finale. Ecco le sue dichiarazioni","robots":{"index":"index","follow":"follow","max-snippet":"max-snippet:-1","max-image-preview":"max-image-preview:large","max-video-preview":"max-video-preview:-1"},"canonical":"https:\/\/progettotouring.it\/radiotouring104\/2026\/02\/20\/redel-gm-vita-dieci-vittorie-di-fila-la-citta-puo-fare-di-piu\/","og_locale":"it_IT","og_type":"article","og_title":"Redel, GM Vita: \"Dieci vittorie di fila, la Citt\u00e0 pu\u00f2 fare di pi\u00f9\"","og_description":"Il GM della Viola traccia un bilancio del momento della squadra, lancia un appello al pubblico per il rush finale. Ecco le sue dichiarazioni","og_url":"https:\/\/progettotouring.it\/radiotouring104\/2026\/02\/20\/redel-gm-vita-dieci-vittorie-di-fila-la-citta-puo-fare-di-piu\/","og_site_name":"Radio Touring 104","article_published_time":"2026-02-20T10:57:09+00:00","article_modified_time":"2026-02-20T11:30:38+00:00","og_image":[{"width":1131,"height":544,"url":"https:\/\/progettotouring.it\/radiotouring104\/wp-content\/uploads\/sites\/6\/2026\/02\/Fortunato-Vita-GM-Redel-Viola.gif","type":"image\/gif"}],"author":"redazione","twitter_card":"summary_large_image","twitter_misc":{"Scritto da":"redazione","Tempo di lettura stimato":"3 minuti"},"schema":{"@context":"https:\/\/schema.org","@graph":[{"@type":"Article","@id":"https:\/\/progettotouring.it\/radiotouring104\/2026\/02\/20\/redel-gm-vita-dieci-vittorie-di-fila-la-citta-puo-fare-di-piu\/#article","isPartOf":{"@id":"https:\/\/progettotouring.it\/radiotouring104\/2026\/02\/20\/redel-gm-vita-dieci-vittorie-di-fila-la-citta-puo-fare-di-piu\/"},"author":{"name":"redazione","@id":"https:\/\/progettotouring.it\/radiotouring104\/#\/schema\/person\/1b3eb3c07c47136bc44c785c543e635f"},"headline":"Redel, GM Vita: &#8220;Dieci vittorie di fila, la Citt\u00e0 pu\u00f2 fare di pi\u00f9&#8221;","datePublished":"2026-02-20T10:57:09+00:00","dateModified":"2026-02-20T11:30:38+00:00","mainEntityOfPage":{"@id":"https:\/\/progettotouring.it\/radiotouring104\/2026\/02\/20\/redel-gm-vita-dieci-vittorie-di-fila-la-citta-puo-fare-di-piu\/"},"wordCount":639,"publisher":{"@id":"https:\/\/progettotouring.it\/radiotouring104\/#organization"},"image":{"@id":"https:\/\/progettotouring.it\/radiotouring104\/2026\/02\/20\/redel-gm-vita-dieci-vittorie-di-fila-la-citta-puo-fare-di-piu\/#primaryimage"},"thumbnailUrl":"https:\/\/progettotouring.it\/radiotouring104\/wp-content\/uploads\/sites\/6\/2026\/02\/Fortunato-Vita-GM-Redel-Viola.gif","keywords":["Citt\u00e0 pu\u00f2 fare di pi\u00f9","Dieci vittorie di fila","General Manager Fortunato Vita","redel","Redel Viola Reggio Calabria"],"articleSection":["News","Reggio Calabria","Sport"],"inLanguage":"it-IT"},{"@type":"WebPage","@id":"https:\/\/progettotouring.it\/radiotouring104\/2026\/02\/20\/redel-gm-vita-dieci-vittorie-di-fila-la-citta-puo-fare-di-piu\/","url":"https:\/\/progettotouring.it\/radiotouring104\/2026\/02\/20\/redel-gm-vita-dieci-vittorie-di-fila-la-citta-puo-fare-di-piu\/","name":"Redel, GM Vita: \"Dieci vittorie di fila, la Citt\u00e0 pu\u00f2 fare di pi\u00f9\"","isPartOf":{"@id":"https:\/\/progettotouring.it\/radiotouring104\/#website"},"primaryImageOfPage":{"@id":"https:\/\/progettotouring.it\/radiotouring104\/2026\/02\/20\/redel-gm-vita-dieci-vittorie-di-fila-la-citta-puo-fare-di-piu\/#primaryimage"},"image":{"@id":"https:\/\/progettotouring.it\/radiotouring104\/2026\/02\/20\/redel-gm-vita-dieci-vittorie-di-fila-la-citta-puo-fare-di-piu\/#primaryimage"},"thumbnailUrl":"https:\/\/progettotouring.it\/radiotouring104\/wp-content\/uploads\/sites\/6\/2026\/02\/Fortunato-Vita-GM-Redel-Viola.gif","datePublished":"2026-02-20T10:57:09+00:00","dateModified":"2026-02-20T11:30:38+00:00","description":"Il GM della Viola traccia un bilancio del momento della squadra, lancia un appello al pubblico per il rush finale. Ecco le sue dichiarazioni","breadcrumb":{"@id":"https:\/\/progettotouring.it\/radiotouring104\/2026\/02\/20\/redel-gm-vita-dieci-vittorie-di-fila-la-citta-puo-fare-di-piu\/#breadcrumb"},"inLanguage":"it-IT","potentialAction":[{"@type":"ReadAction","target":["https:\/\/progettotouring.it\/radiotouring104\/2026\/02\/20\/redel-gm-vita-dieci-vittorie-di-fila-la-citta-puo-fare-di-piu\/"]}]},{"@type":"ImageObject","inLanguage":"it-IT","@id":"https:\/\/progettotouring.it\/radiotouring104\/2026\/02\/20\/redel-gm-vita-dieci-vittorie-di-fila-la-citta-puo-fare-di-piu\/#primaryimage","url":"https:\/\/progettotouring.it\/radiotouring104\/wp-content\/uploads\/sites\/6\/2026\/02\/Fortunato-Vita-GM-Redel-Viola.gif","contentUrl":"https:\/\/progettotouring.it\/radiotouring104\/wp-content\/uploads\/sites\/6\/2026\/02\/Fortunato-Vita-GM-Redel-Viola.gif","width":1131,"height":544},{"@type":"BreadcrumbList","@id":"https:\/\/progettotouring.it\/radiotouring104\/2026\/02\/20\/redel-gm-vita-dieci-vittorie-di-fila-la-citta-puo-fare-di-piu\/#breadcrumb","itemListElement":[{"@type":"ListItem","position":1,"name":"Home","item":"https:\/\/progettotouring.it\/radiotouring104\/"},{"@type":"ListItem","position":2,"name":"Redel, GM Vita: &#8220;Dieci vittorie di fila, la Citt\u00e0 pu\u00f2 fare di pi\u00f9&#8221;"}]},{"@type":"WebSite","@id":"https:\/\/progettotouring.it\/radiotouring104\/#website","url":"https:\/\/progettotouring.it\/radiotouring104\/","name":"Radio Touring 104","description":"La prima radio Reggina","publisher":{"@id":"https:\/\/progettotouring.it\/radiotouring104\/#organization"},"potentialAction":[{"@type":"SearchAction","target":{"@type":"EntryPoint","urlTemplate":"https:\/\/progettotouring.it\/radiotouring104\/?s={search_term_string}"},"query-input":{"@type":"PropertyValueSpecification","valueRequired":true,"valueName":"search_term_string"}}],"inLanguage":"it-IT"},{"@type":"Organization","@id":"https:\/\/progettotouring.it\/radiotouring104\/#organization","name":"Radio Touring 104","url":"https:\/\/progettotouring.it\/radiotouring104\/","logo":{"@type":"ImageObject","inLanguage":"it-IT","@id":"https:\/\/progettotouring.it\/radiotouring104\/#\/schema\/logo\/image\/","url":"https:\/\/progettotouring.it\/radiotouring104\/wp-content\/uploads\/sites\/6\/2022\/02\/cropped-logo-radio-touring-104.png","contentUrl":"https:\/\/progettotouring.it\/radiotouring104\/wp-content\/uploads\/sites\/6\/2022\/02\/cropped-logo-radio-touring-104.png","width":377,"height":182,"caption":"Radio Touring 104"},"image":{"@id":"https:\/\/progettotouring.it\/radiotouring104\/#\/schema\/logo\/image\/"}},{"@type":"Person","@id":"https:\/\/progettotouring.it\/radiotouring104\/#\/schema\/person\/1b3eb3c07c47136bc44c785c543e635f","name":"redazione","image":{"@type":"ImageObject","inLanguage":"it-IT","@id":"https:\/\/secure.gravatar.com\/avatar\/0b31605b49f100769e8b624b3e05de1b73e1692e9568a352f60f53fd072e6e11?s=96&d=mm&r=g","url":"https:\/\/secure.gravatar.com\/avatar\/0b31605b49f100769e8b624b3e05de1b73e1692e9568a352f60f53fd072e6e11?s=96&d=mm&r=g","contentUrl":"https:\/\/secure.gravatar.com\/avatar\/0b31605b49f100769e8b624b3e05de1b73e1692e9568a352f60f53fd072e6e11?s=96&d=mm&r=g","caption":"redazione"},"url":"https:\/\/progettotouring.it\/radiotouring104\/author\/redazione\/"}]}},"jetpack_publicize_connections":[],"jetpack_featured_media_url":"https:\/\/progettotouring.it\/radiotouring104\/wp-content\/uploads\/sites\/6\/2026\/02\/Fortunato-Vita-GM-Redel-Viola.gif","jetpack_sharing_enabled":true,"_links":{"self":[{"href":"https:\/\/progettotouring.it\/radiotouring104\/wp-json\/wp\/v2\/posts\/90846","targetHints":{"allow":["GET"]}}],"collection":[{"href":"https:\/\/progettotouring.it\/radiotouring104\/wp-json\/wp\/v2\/posts"}],"about":[{"href":"https:\/\/progettotouring.it\/radiotouring104\/wp-json\/wp\/v2\/types\/post"}],"author":[{"embeddable":true,"href":"https:\/\/progettotouring.it\/radiotouring104\/wp-json\/wp\/v2\/users\/5"}],"replies":[{"embeddable":true,"href":"https:\/\/progettotouring.it\/radiotouring104\/wp-json\/wp\/v2\/comments?post=90846"}],"version-history":[{"count":1,"href":"https:\/\/progettotouring.it\/radiotouring104\/wp-json\/wp\/v2\/posts\/90846\/revisions"}],"predecessor-version":[{"id":90848,"href":"https:\/\/progettotouring.it\/radiotouring104\/wp-json\/wp\/v2\/posts\/90846\/revisions\/90848"}],"wp:featuredmedia":[{"embeddable":true,"href":"https:\/\/progettotouring.it\/radiotouring104\/wp-json\/wp\/v2\/media\/90847"}],"wp:attachment":[{"href":"https:\/\/progettotouring.it\/radiotouring104\/wp-json\/wp\/v2\/media?parent=90846"}],"wp:term":[{"taxonomy":"category","embeddable":true,"href":"https:\/\/progettotouring.it\/radiotouring104\/wp-json\/wp\/v2\/categories?post=90846"},{"taxonomy":"post_tag","embeddable":true,"href":"https:\/\/progettotouring.it\/radiotouring104\/wp-json\/wp\/v2\/tags?post=90846"}],"curies":[{"name":"wp","href":"https:\/\/api.w.org\/{rel}","templated":true}]}}