{"id":90849,"date":"2026-02-20T12:06:41","date_gmt":"2026-02-20T11:06:41","guid":{"rendered":"https:\/\/progettotouring.it\/radiotouring104\/?p=90849"},"modified":"2026-02-20T12:30:34","modified_gmt":"2026-02-20T11:30:34","slug":"il-peperoncino-di-calabria-approda-in-gazzetta-ufficiale-ue","status":"publish","type":"post","link":"https:\/\/progettotouring.it\/radiotouring104\/2026\/02\/20\/il-peperoncino-di-calabria-approda-in-gazzetta-ufficiale-ue\/","title":{"rendered":"Il &#8220;Peperoncino di Calabria&#8221; approda in Gazzetta Ufficiale UE"},"content":{"rendered":"<p>Con la pubblicazione odierna sulla Gazzetta Ufficiale dell&#8217;Unione Europea della domanda di registrazione per la denominazione di origine e indicazione geografica, il \u201cPeperoncino di Calabria\u201d compie il passo decisivo verso il riconoscimento comunitario.<\/p>\n<p>Un impegno premiato<\/p>\n<p>Cia-Agricoltori Italiani accoglie con estrema soddisfazione questo risultato, frutto di un percorso avviato su proposta del Consorzio del Peperoncino e sostenuto con convinzione dall&#8217;Organizzazione sin dalle sue prime fasi. La pubblicazione rappresenta la validazione di un lavoro sinergico volto a tutelare l&#8217;autenticit\u00e0 e il valore di uno dei simboli pi\u00f9 iconici della produzione agricola calabrese.<\/p>\n<p>Nuova linfa per il comparto<\/p>\n<p>L\u2019ottenimento della certificazione non \u00e8 solo un atto formale, ma un motore di sviluppo per l\u2019intero comparto orticolo della regione. Grazie a questo nuovo sigillo di eccellenza, la filiera potr\u00e0 beneficiare di una maggiore competitivit\u00e0 sui mercati internazionali e di una protezione rafforzata contro le imitazioni.<\/p>\n<p>Il futuro: gestione e valorizzazione<\/p>\n<p>\u201cSiamo felici e orgogliosi di questo traguardo, ringraziamo il nostra nazionale per il supporto offerto\u201d dichiarano il Presidente regionale Nicodemo Podella e il Presidente di Cia Calabria Nord Luca Pignataro. \u201cMa il nostro lavoro non finisce qui. Continueremo a restare al fianco dei produttori per costruire gli strumenti necessari a governare il sistema di certificazione e, soprattutto, per attivare strategie di promozione e commercializzazione che trasformino questo riconoscimento in valore economico concreto per le aziende.\u201d<\/p>\n<p>L\u2019Organizzazione ribadisce il proprio impegno nel supportare ogni iniziativa utile a esaltare la distintivit\u00e0 del Peperoncino di Calabria, pilastro della biodiversit\u00e0 e dell&#8217;economia rurale calabrese.<\/p>\n<p>&nbsp;<\/p>\n<p>&nbsp;<\/p>\n<h3><strong>Il Peperoncino di Calabria verso il marchio IGP, Giusi Princi: \u201cRiconoscimento europeo di identit\u00e0, tradizione e sviluppo\u201d<\/strong><\/h3>\n<p>\u201cIl riconoscimento IGP del Peperoncino di Calabria, del quale ho seguito l\u2019iter in Europa su input dell\u2019Assessore regionale Gianluca Gallo, rappresenta un\u2019opportunit\u00e0 unica: promuovere la Calabria nel mondo, sostenere le aree rurali e valorizzare un simbolo che racconta la nostra storia e la nostra cultura\u201d. Lo afferma l\u2019europarlamentare calabrese Giusi Princi, dopo la pubblicazione nella Gazzetta ufficiale dell\u2019Unione europea (GUUE) della domanda di registrazione dell\u2019Indicazione Geografica Protetta (IGP) \u201cPeperoncino di Calabria\u201d, un passaggio fondamentale nel percorso verso il riconoscimento europeo del prodotto.<\/p>\n<p>\u201cContinuer\u00f2 a seguire con attenzione l\u2019iter europeo \u2013 prosegue l\u2019On. Princi &#8211; perch\u00e9 il riconoscimento dell\u2019IGP rappresenter\u00e0 un traguardo storico per la Calabria, per la sua cultura, per la sua economia e per i produttori locali. L\u2019IGP \u2013 prosegue &#8211; non \u00e8 soltanto un marchio di qualit\u00e0, ma uno strumento concreto di tutela dei produttori, di garanzia per i consumatori e di valorizzazione internazionale del brand Calabria. Significa maggiore protezione contro imitazioni, pi\u00f9 trasparenza per chi acquista e maggiore valore lungo tutta la filiera agroalimentare\u201d.<\/p>\n<p>La pubblicazione della domanda nella GUUE avvia la fase conclusiva: entro tre mesi, in assenza di rilievi, il percorso proseguir\u00e0 verso la registrazione definitiva dell\u2019IGP.<\/p>\n<p>\u201cDesidero rivolgere &#8211; afferma &#8211; un sentito ringraziamento all\u2019Assessore regionale all\u2019Agricoltura Gianluca Gallo che, sin dal primo momento, ha creduto in questa candidatura. Insieme al Presidente della Regione Calabria Roberto Occhiuto, stanno portando avanti una strategia concreta e lungimirante di valorizzazione dell\u2019agroalimentare e delle aree interne, sostenendo lo sviluppo e la promozione del territorio calabrese\u201d.<\/p>\n<p>\u201cIl peperoncino non \u00e8 solo un ingrediente gastronomico &#8211; continua l\u2019On. Princi &#8211; ma un vero simbolo identitario della Calabria. Accompagna la cucina quotidiana, le ricette tipiche e la vita sociale e culturale della nostra regione. La sua fama \u00e8 riconosciuta a livello nazionale e internazionale. Questo riconoscimento \u2013 conclude l\u2019europarlamentare calabrese &#8211; rafforzer\u00e0 la competitivit\u00e0 delle imprese calabresi, tuteler\u00e0 la produzione dalle imitazioni, garantir\u00e0 qualit\u00e0 e trasparenza ai consumatori e rappresenter\u00e0 una leva strategica di sviluppo per il territorio\u201d.<\/p>\n<p>&nbsp;<\/p>\n<p>&nbsp;<\/p>\n","protected":false},"excerpt":{"rendered":"<p>Con la pubblicazione odierna sulla Gazzetta Ufficiale dell&#8217;Unione Europea della domanda di registrazione per la denominazione di origine e indicazione geografica, il \u201cPeperoncino di Calabria\u201d compie il passo decisivo verso&hellip;<\/p>\n","protected":false},"author":5,"featured_media":90850,"comment_status":"closed","ping_status":"open","sticky":false,"template":"","format":"standard","meta":{"_jetpack_memberships_contains_paid_content":false,"footnotes":"","jetpack_publicize_message":"","jetpack_publicize_feature_enabled":true,"jetpack_social_post_already_shared":true,"jetpack_social_options":{"image_generator_settings":{"template":"highway","default_image_id":0,"font":"","enabled":false},"version":2}},"categories":[142,921,196],"tags":[7153,51182,587,51181,51183],"class_list":["post-90849","post","type-post","status-publish","format-standard","has-post-thumbnail","hentry","category-calabria","category-home","category-news","tag-cia-agricoltori-italiani","tag-gazzetta-ufficiale-ue","tag-giusi-princi","tag-peperoncino-di-calabria","tag-pubblicazione"],"yoast_head":"<!-- This site is optimized with the Yoast SEO plugin v27.2 - https:\/\/yoast.com\/product\/yoast-seo-wordpress\/ -->\n<title>Il &quot;Peperoncino di Calabria&quot; approda in Gazzetta Ufficiale UE - Radio Touring 104<\/title>\n<meta name=\"description\" content=\"Cia-Agricoltori Italiani celebra il traguardo della pubblicazione del Peperoncino di Calabria in Gazzetta Ufficiale UE\" \/>\n<meta name=\"robots\" content=\"index, follow, max-snippet:-1, max-image-preview:large, max-video-preview:-1\" \/>\n<link rel=\"canonical\" href=\"https:\/\/progettotouring.it\/radiotouring104\/2026\/02\/20\/il-peperoncino-di-calabria-approda-in-gazzetta-ufficiale-ue\/\" \/>\n<meta property=\"og:locale\" content=\"it_IT\" \/>\n<meta property=\"og:type\" content=\"article\" \/>\n<meta property=\"og:title\" content=\"Il &quot;Peperoncino di Calabria&quot; approda in Gazzetta Ufficiale UE - Radio Touring 104\" \/>\n<meta property=\"og:description\" content=\"Cia-Agricoltori Italiani celebra il traguardo della pubblicazione del Peperoncino di Calabria in Gazzetta Ufficiale UE\" \/>\n<meta property=\"og:url\" content=\"https:\/\/progettotouring.it\/radiotouring104\/2026\/02\/20\/il-peperoncino-di-calabria-approda-in-gazzetta-ufficiale-ue\/\" \/>\n<meta property=\"og:site_name\" content=\"Radio Touring 104\" \/>\n<meta property=\"article:published_time\" content=\"2026-02-20T11:06:41+00:00\" \/>\n<meta property=\"article:modified_time\" content=\"2026-02-20T11:30:34+00:00\" \/>\n<meta property=\"og:image\" content=\"https:\/\/progettotouring.it\/radiotouring104\/wp-content\/uploads\/sites\/6\/2026\/02\/peperoncinodicalabriaigp.jpeg\" \/>\n\t<meta property=\"og:image:width\" content=\"1656\" \/>\n\t<meta property=\"og:image:height\" content=\"1356\" \/>\n\t<meta property=\"og:image:type\" content=\"image\/jpeg\" \/>\n<meta name=\"author\" content=\"redazione\" \/>\n<meta name=\"twitter:card\" content=\"summary_large_image\" \/>\n<meta name=\"twitter:label1\" content=\"Scritto da\" \/>\n\t<meta name=\"twitter:data1\" content=\"redazione\" \/>\n\t<meta name=\"twitter:label2\" content=\"Tempo di lettura stimato\" \/>\n\t<meta name=\"twitter:data2\" content=\"3 minuti\" \/>\n<script type=\"application\/ld+json\" class=\"yoast-schema-graph\">{\"@context\":\"https:\/\/schema.org\",\"@graph\":[{\"@type\":\"Article\",\"@id\":\"https:\/\/progettotouring.it\/radiotouring104\/2026\/02\/20\/il-peperoncino-di-calabria-approda-in-gazzetta-ufficiale-ue\/#article\",\"isPartOf\":{\"@id\":\"https:\/\/progettotouring.it\/radiotouring104\/2026\/02\/20\/il-peperoncino-di-calabria-approda-in-gazzetta-ufficiale-ue\/\"},\"author\":{\"name\":\"redazione\",\"@id\":\"https:\/\/progettotouring.it\/radiotouring104\/#\/schema\/person\/1b3eb3c07c47136bc44c785c543e635f\"},\"headline\":\"Il &#8220;Peperoncino di Calabria&#8221; approda in Gazzetta Ufficiale UE\",\"datePublished\":\"2026-02-20T11:06:41+00:00\",\"dateModified\":\"2026-02-20T11:30:34+00:00\",\"mainEntityOfPage\":{\"@id\":\"https:\/\/progettotouring.it\/radiotouring104\/2026\/02\/20\/il-peperoncino-di-calabria-approda-in-gazzetta-ufficiale-ue\/\"},\"wordCount\":616,\"publisher\":{\"@id\":\"https:\/\/progettotouring.it\/radiotouring104\/#organization\"},\"image\":{\"@id\":\"https:\/\/progettotouring.it\/radiotouring104\/2026\/02\/20\/il-peperoncino-di-calabria-approda-in-gazzetta-ufficiale-ue\/#primaryimage\"},\"thumbnailUrl\":\"https:\/\/progettotouring.it\/radiotouring104\/wp-content\/uploads\/sites\/6\/2026\/02\/peperoncinodicalabriaigp.jpeg\",\"keywords\":[\"Cia Agricoltori italiani\",\"Gazzetta Ufficiale UE\",\"giusi princi\",\"Peperoncino di Calabria\",\"pubblicazione\"],\"articleSection\":[\"Calabria\",\"Home\",\"News\"],\"inLanguage\":\"it-IT\"},{\"@type\":\"WebPage\",\"@id\":\"https:\/\/progettotouring.it\/radiotouring104\/2026\/02\/20\/il-peperoncino-di-calabria-approda-in-gazzetta-ufficiale-ue\/\",\"url\":\"https:\/\/progettotouring.it\/radiotouring104\/2026\/02\/20\/il-peperoncino-di-calabria-approda-in-gazzetta-ufficiale-ue\/\",\"name\":\"Il \\\"Peperoncino di Calabria\\\" approda in Gazzetta Ufficiale UE - Radio Touring 104\",\"isPartOf\":{\"@id\":\"https:\/\/progettotouring.it\/radiotouring104\/#website\"},\"primaryImageOfPage\":{\"@id\":\"https:\/\/progettotouring.it\/radiotouring104\/2026\/02\/20\/il-peperoncino-di-calabria-approda-in-gazzetta-ufficiale-ue\/#primaryimage\"},\"image\":{\"@id\":\"https:\/\/progettotouring.it\/radiotouring104\/2026\/02\/20\/il-peperoncino-di-calabria-approda-in-gazzetta-ufficiale-ue\/#primaryimage\"},\"thumbnailUrl\":\"https:\/\/progettotouring.it\/radiotouring104\/wp-content\/uploads\/sites\/6\/2026\/02\/peperoncinodicalabriaigp.jpeg\",\"datePublished\":\"2026-02-20T11:06:41+00:00\",\"dateModified\":\"2026-02-20T11:30:34+00:00\",\"description\":\"Cia-Agricoltori Italiani celebra il traguardo della pubblicazione del Peperoncino di Calabria in Gazzetta Ufficiale UE\",\"breadcrumb\":{\"@id\":\"https:\/\/progettotouring.it\/radiotouring104\/2026\/02\/20\/il-peperoncino-di-calabria-approda-in-gazzetta-ufficiale-ue\/#breadcrumb\"},\"inLanguage\":\"it-IT\",\"potentialAction\":[{\"@type\":\"ReadAction\",\"target\":[\"https:\/\/progettotouring.it\/radiotouring104\/2026\/02\/20\/il-peperoncino-di-calabria-approda-in-gazzetta-ufficiale-ue\/\"]}]},{\"@type\":\"ImageObject\",\"inLanguage\":\"it-IT\",\"@id\":\"https:\/\/progettotouring.it\/radiotouring104\/2026\/02\/20\/il-peperoncino-di-calabria-approda-in-gazzetta-ufficiale-ue\/#primaryimage\",\"url\":\"https:\/\/progettotouring.it\/radiotouring104\/wp-content\/uploads\/sites\/6\/2026\/02\/peperoncinodicalabriaigp.jpeg\",\"contentUrl\":\"https:\/\/progettotouring.it\/radiotouring104\/wp-content\/uploads\/sites\/6\/2026\/02\/peperoncinodicalabriaigp.jpeg\",\"width\":1656,\"height\":1356},{\"@type\":\"BreadcrumbList\",\"@id\":\"https:\/\/progettotouring.it\/radiotouring104\/2026\/02\/20\/il-peperoncino-di-calabria-approda-in-gazzetta-ufficiale-ue\/#breadcrumb\",\"itemListElement\":[{\"@type\":\"ListItem\",\"position\":1,\"name\":\"Home\",\"item\":\"https:\/\/progettotouring.it\/radiotouring104\/\"},{\"@type\":\"ListItem\",\"position\":2,\"name\":\"Il &#8220;Peperoncino di Calabria&#8221; approda in Gazzetta Ufficiale UE\"}]},{\"@type\":\"WebSite\",\"@id\":\"https:\/\/progettotouring.it\/radiotouring104\/#website\",\"url\":\"https:\/\/progettotouring.it\/radiotouring104\/\",\"name\":\"Radio Touring 104\",\"description\":\"La prima radio Reggina\",\"publisher\":{\"@id\":\"https:\/\/progettotouring.it\/radiotouring104\/#organization\"},\"potentialAction\":[{\"@type\":\"SearchAction\",\"target\":{\"@type\":\"EntryPoint\",\"urlTemplate\":\"https:\/\/progettotouring.it\/radiotouring104\/?s={search_term_string}\"},\"query-input\":{\"@type\":\"PropertyValueSpecification\",\"valueRequired\":true,\"valueName\":\"search_term_string\"}}],\"inLanguage\":\"it-IT\"},{\"@type\":\"Organization\",\"@id\":\"https:\/\/progettotouring.it\/radiotouring104\/#organization\",\"name\":\"Radio Touring 104\",\"url\":\"https:\/\/progettotouring.it\/radiotouring104\/\",\"logo\":{\"@type\":\"ImageObject\",\"inLanguage\":\"it-IT\",\"@id\":\"https:\/\/progettotouring.it\/radiotouring104\/#\/schema\/logo\/image\/\",\"url\":\"https:\/\/progettotouring.it\/radiotouring104\/wp-content\/uploads\/sites\/6\/2022\/02\/cropped-logo-radio-touring-104.png\",\"contentUrl\":\"https:\/\/progettotouring.it\/radiotouring104\/wp-content\/uploads\/sites\/6\/2022\/02\/cropped-logo-radio-touring-104.png\",\"width\":377,\"height\":182,\"caption\":\"Radio Touring 104\"},\"image\":{\"@id\":\"https:\/\/progettotouring.it\/radiotouring104\/#\/schema\/logo\/image\/\"}},{\"@type\":\"Person\",\"@id\":\"https:\/\/progettotouring.it\/radiotouring104\/#\/schema\/person\/1b3eb3c07c47136bc44c785c543e635f\",\"name\":\"redazione\",\"image\":{\"@type\":\"ImageObject\",\"inLanguage\":\"it-IT\",\"@id\":\"https:\/\/secure.gravatar.com\/avatar\/0b31605b49f100769e8b624b3e05de1b73e1692e9568a352f60f53fd072e6e11?s=96&d=mm&r=g\",\"url\":\"https:\/\/secure.gravatar.com\/avatar\/0b31605b49f100769e8b624b3e05de1b73e1692e9568a352f60f53fd072e6e11?s=96&d=mm&r=g\",\"contentUrl\":\"https:\/\/secure.gravatar.com\/avatar\/0b31605b49f100769e8b624b3e05de1b73e1692e9568a352f60f53fd072e6e11?s=96&d=mm&r=g\",\"caption\":\"redazione\"},\"url\":\"https:\/\/progettotouring.it\/radiotouring104\/author\/redazione\/\"}]}<\/script>\n<!-- \/ Yoast SEO plugin. -->","yoast_head_json":{"title":"Il \"Peperoncino di Calabria\" approda in Gazzetta Ufficiale UE - Radio Touring 104","description":"Cia-Agricoltori Italiani celebra il traguardo della pubblicazione del Peperoncino di Calabria in Gazzetta Ufficiale UE","robots":{"index":"index","follow":"follow","max-snippet":"max-snippet:-1","max-image-preview":"max-image-preview:large","max-video-preview":"max-video-preview:-1"},"canonical":"https:\/\/progettotouring.it\/radiotouring104\/2026\/02\/20\/il-peperoncino-di-calabria-approda-in-gazzetta-ufficiale-ue\/","og_locale":"it_IT","og_type":"article","og_title":"Il \"Peperoncino di Calabria\" approda in Gazzetta Ufficiale UE - Radio Touring 104","og_description":"Cia-Agricoltori Italiani celebra il traguardo della pubblicazione del Peperoncino di Calabria in Gazzetta Ufficiale UE","og_url":"https:\/\/progettotouring.it\/radiotouring104\/2026\/02\/20\/il-peperoncino-di-calabria-approda-in-gazzetta-ufficiale-ue\/","og_site_name":"Radio Touring 104","article_published_time":"2026-02-20T11:06:41+00:00","article_modified_time":"2026-02-20T11:30:34+00:00","og_image":[{"width":1656,"height":1356,"url":"https:\/\/progettotouring.it\/radiotouring104\/wp-content\/uploads\/sites\/6\/2026\/02\/peperoncinodicalabriaigp.jpeg","type":"image\/jpeg"}],"author":"redazione","twitter_card":"summary_large_image","twitter_misc":{"Scritto da":"redazione","Tempo di lettura stimato":"3 minuti"},"schema":{"@context":"https:\/\/schema.org","@graph":[{"@type":"Article","@id":"https:\/\/progettotouring.it\/radiotouring104\/2026\/02\/20\/il-peperoncino-di-calabria-approda-in-gazzetta-ufficiale-ue\/#article","isPartOf":{"@id":"https:\/\/progettotouring.it\/radiotouring104\/2026\/02\/20\/il-peperoncino-di-calabria-approda-in-gazzetta-ufficiale-ue\/"},"author":{"name":"redazione","@id":"https:\/\/progettotouring.it\/radiotouring104\/#\/schema\/person\/1b3eb3c07c47136bc44c785c543e635f"},"headline":"Il &#8220;Peperoncino di Calabria&#8221; approda in Gazzetta Ufficiale UE","datePublished":"2026-02-20T11:06:41+00:00","dateModified":"2026-02-20T11:30:34+00:00","mainEntityOfPage":{"@id":"https:\/\/progettotouring.it\/radiotouring104\/2026\/02\/20\/il-peperoncino-di-calabria-approda-in-gazzetta-ufficiale-ue\/"},"wordCount":616,"publisher":{"@id":"https:\/\/progettotouring.it\/radiotouring104\/#organization"},"image":{"@id":"https:\/\/progettotouring.it\/radiotouring104\/2026\/02\/20\/il-peperoncino-di-calabria-approda-in-gazzetta-ufficiale-ue\/#primaryimage"},"thumbnailUrl":"https:\/\/progettotouring.it\/radiotouring104\/wp-content\/uploads\/sites\/6\/2026\/02\/peperoncinodicalabriaigp.jpeg","keywords":["Cia Agricoltori italiani","Gazzetta Ufficiale UE","giusi princi","Peperoncino di Calabria","pubblicazione"],"articleSection":["Calabria","Home","News"],"inLanguage":"it-IT"},{"@type":"WebPage","@id":"https:\/\/progettotouring.it\/radiotouring104\/2026\/02\/20\/il-peperoncino-di-calabria-approda-in-gazzetta-ufficiale-ue\/","url":"https:\/\/progettotouring.it\/radiotouring104\/2026\/02\/20\/il-peperoncino-di-calabria-approda-in-gazzetta-ufficiale-ue\/","name":"Il \"Peperoncino di Calabria\" approda in Gazzetta Ufficiale UE - Radio Touring 104","isPartOf":{"@id":"https:\/\/progettotouring.it\/radiotouring104\/#website"},"primaryImageOfPage":{"@id":"https:\/\/progettotouring.it\/radiotouring104\/2026\/02\/20\/il-peperoncino-di-calabria-approda-in-gazzetta-ufficiale-ue\/#primaryimage"},"image":{"@id":"https:\/\/progettotouring.it\/radiotouring104\/2026\/02\/20\/il-peperoncino-di-calabria-approda-in-gazzetta-ufficiale-ue\/#primaryimage"},"thumbnailUrl":"https:\/\/progettotouring.it\/radiotouring104\/wp-content\/uploads\/sites\/6\/2026\/02\/peperoncinodicalabriaigp.jpeg","datePublished":"2026-02-20T11:06:41+00:00","dateModified":"2026-02-20T11:30:34+00:00","description":"Cia-Agricoltori Italiani celebra il traguardo della pubblicazione del Peperoncino di Calabria in Gazzetta Ufficiale UE","breadcrumb":{"@id":"https:\/\/progettotouring.it\/radiotouring104\/2026\/02\/20\/il-peperoncino-di-calabria-approda-in-gazzetta-ufficiale-ue\/#breadcrumb"},"inLanguage":"it-IT","potentialAction":[{"@type":"ReadAction","target":["https:\/\/progettotouring.it\/radiotouring104\/2026\/02\/20\/il-peperoncino-di-calabria-approda-in-gazzetta-ufficiale-ue\/"]}]},{"@type":"ImageObject","inLanguage":"it-IT","@id":"https:\/\/progettotouring.it\/radiotouring104\/2026\/02\/20\/il-peperoncino-di-calabria-approda-in-gazzetta-ufficiale-ue\/#primaryimage","url":"https:\/\/progettotouring.it\/radiotouring104\/wp-content\/uploads\/sites\/6\/2026\/02\/peperoncinodicalabriaigp.jpeg","contentUrl":"https:\/\/progettotouring.it\/radiotouring104\/wp-content\/uploads\/sites\/6\/2026\/02\/peperoncinodicalabriaigp.jpeg","width":1656,"height":1356},{"@type":"BreadcrumbList","@id":"https:\/\/progettotouring.it\/radiotouring104\/2026\/02\/20\/il-peperoncino-di-calabria-approda-in-gazzetta-ufficiale-ue\/#breadcrumb","itemListElement":[{"@type":"ListItem","position":1,"name":"Home","item":"https:\/\/progettotouring.it\/radiotouring104\/"},{"@type":"ListItem","position":2,"name":"Il &#8220;Peperoncino di Calabria&#8221; approda in Gazzetta Ufficiale UE"}]},{"@type":"WebSite","@id":"https:\/\/progettotouring.it\/radiotouring104\/#website","url":"https:\/\/progettotouring.it\/radiotouring104\/","name":"Radio Touring 104","description":"La prima radio Reggina","publisher":{"@id":"https:\/\/progettotouring.it\/radiotouring104\/#organization"},"potentialAction":[{"@type":"SearchAction","target":{"@type":"EntryPoint","urlTemplate":"https:\/\/progettotouring.it\/radiotouring104\/?s={search_term_string}"},"query-input":{"@type":"PropertyValueSpecification","valueRequired":true,"valueName":"search_term_string"}}],"inLanguage":"it-IT"},{"@type":"Organization","@id":"https:\/\/progettotouring.it\/radiotouring104\/#organization","name":"Radio Touring 104","url":"https:\/\/progettotouring.it\/radiotouring104\/","logo":{"@type":"ImageObject","inLanguage":"it-IT","@id":"https:\/\/progettotouring.it\/radiotouring104\/#\/schema\/logo\/image\/","url":"https:\/\/progettotouring.it\/radiotouring104\/wp-content\/uploads\/sites\/6\/2022\/02\/cropped-logo-radio-touring-104.png","contentUrl":"https:\/\/progettotouring.it\/radiotouring104\/wp-content\/uploads\/sites\/6\/2022\/02\/cropped-logo-radio-touring-104.png","width":377,"height":182,"caption":"Radio Touring 104"},"image":{"@id":"https:\/\/progettotouring.it\/radiotouring104\/#\/schema\/logo\/image\/"}},{"@type":"Person","@id":"https:\/\/progettotouring.it\/radiotouring104\/#\/schema\/person\/1b3eb3c07c47136bc44c785c543e635f","name":"redazione","image":{"@type":"ImageObject","inLanguage":"it-IT","@id":"https:\/\/secure.gravatar.com\/avatar\/0b31605b49f100769e8b624b3e05de1b73e1692e9568a352f60f53fd072e6e11?s=96&d=mm&r=g","url":"https:\/\/secure.gravatar.com\/avatar\/0b31605b49f100769e8b624b3e05de1b73e1692e9568a352f60f53fd072e6e11?s=96&d=mm&r=g","contentUrl":"https:\/\/secure.gravatar.com\/avatar\/0b31605b49f100769e8b624b3e05de1b73e1692e9568a352f60f53fd072e6e11?s=96&d=mm&r=g","caption":"redazione"},"url":"https:\/\/progettotouring.it\/radiotouring104\/author\/redazione\/"}]}},"jetpack_publicize_connections":[],"jetpack_featured_media_url":"https:\/\/progettotouring.it\/radiotouring104\/wp-content\/uploads\/sites\/6\/2026\/02\/peperoncinodicalabriaigp.jpeg","jetpack_sharing_enabled":true,"_links":{"self":[{"href":"https:\/\/progettotouring.it\/radiotouring104\/wp-json\/wp\/v2\/posts\/90849","targetHints":{"allow":["GET"]}}],"collection":[{"href":"https:\/\/progettotouring.it\/radiotouring104\/wp-json\/wp\/v2\/posts"}],"about":[{"href":"https:\/\/progettotouring.it\/radiotouring104\/wp-json\/wp\/v2\/types\/post"}],"author":[{"embeddable":true,"href":"https:\/\/progettotouring.it\/radiotouring104\/wp-json\/wp\/v2\/users\/5"}],"replies":[{"embeddable":true,"href":"https:\/\/progettotouring.it\/radiotouring104\/wp-json\/wp\/v2\/comments?post=90849"}],"version-history":[{"count":1,"href":"https:\/\/progettotouring.it\/radiotouring104\/wp-json\/wp\/v2\/posts\/90849\/revisions"}],"predecessor-version":[{"id":90851,"href":"https:\/\/progettotouring.it\/radiotouring104\/wp-json\/wp\/v2\/posts\/90849\/revisions\/90851"}],"wp:featuredmedia":[{"embeddable":true,"href":"https:\/\/progettotouring.it\/radiotouring104\/wp-json\/wp\/v2\/media\/90850"}],"wp:attachment":[{"href":"https:\/\/progettotouring.it\/radiotouring104\/wp-json\/wp\/v2\/media?parent=90849"}],"wp:term":[{"taxonomy":"category","embeddable":true,"href":"https:\/\/progettotouring.it\/radiotouring104\/wp-json\/wp\/v2\/categories?post=90849"},{"taxonomy":"post_tag","embeddable":true,"href":"https:\/\/progettotouring.it\/radiotouring104\/wp-json\/wp\/v2\/tags?post=90849"}],"curies":[{"name":"wp","href":"https:\/\/api.w.org\/{rel}","templated":true}]}}