{"id":90852,"date":"2026-02-20T12:12:18","date_gmt":"2026-02-20T11:12:18","guid":{"rendered":"https:\/\/progettotouring.it\/radiotouring104\/?p=90852"},"modified":"2026-02-20T12:30:28","modified_gmt":"2026-02-20T11:30:28","slug":"dierre-domani-alle-18-la-sfida-contro-giarre","status":"publish","type":"post","link":"https:\/\/progettotouring.it\/radiotouring104\/2026\/02\/20\/dierre-domani-alle-18-la-sfida-contro-giarre\/","title":{"rendered":"Dierre: domani alle 18 la sfida contro Giarre"},"content":{"rendered":"<p>Settimana importante in casa Dierre Basketball Reggio Calabria, reduce dal successo interno contro Cus Catania e proiettata verso il prossimo impegno casalingo, in programma domenica alle ore 16 contro Giarre. L&#8217;assistant coach Filippo Marcian\u00f2 ha fatto il punto della situazione alla vigilia del match.<\/p>\n<p>&#8220;Stiamo meglio, ci stiamo riprendendo. Abbiamo avuto qualche problemino ma stiamo risolvendo in corsa. Non abbiamo gente ferma ai box, quindi siamo gi\u00e0 un passo avanti&#8221;, esordisce Marcian\u00f2, che poi analizza la vittoria contro Catania: &#8220;Rispecchia quello che ci eravamo detti. C&#8217;era curiosit\u00e0 di vederci in questa poule, visto che davano per scontato che il girone di l\u00e0 fosse molto pi\u00f9 forte del nostro. Invece si sta rivelando equilibrato: Nova che vince a Catania, Svincolati vincono a Giarre, risultati che testimoniano che non era cos\u00ec sbilanciato come si voleva far credere. Cus Catania \u00e8 una buona squadra, ma abbiamo dimostrato di essere un gradino sopra&#8221;.<\/p>\n<p>Domani al PalaCalafiore arriva Giarre, formazione che annovera alcune vecchie conoscenze del basket reggino &#8220;Mi aspetto una partita combattuta. Loro hanno sempre dimostrato di essere una buona squadra, che non si arrende mai. Noi vogliamo continuare la nostra corsa, dimostrare di valere anche un po&#8217; di pi\u00f9 di quello che stiamo dimostrando. Metteremo tutto quello che abbiamo per gestire la partita&#8221;.<\/p>\n<p>Per larga parte del campionato la Dierre \u00e8 stata prima nel girone Ovest. Ora la formula ha rimescolato le carte e i reggini si trovano in posizione di rincorsa: &#8220;Siamo sfidanti, assolutamente. Abbiamo dimostrato di poterci giocare la partita con tutti.. Abbiamo dimostrato che, nonostante qualche regalo, possiamo recuperare e giocare alla pari fino alla fine. Le qualit\u00e0 le abbiamo, sta a noi non regalare niente a nessuno e prenderci quello che ci spetta&#8221;.<\/p>\n<p>Infine, parole al miele per Lucas Gallardo, ultimo arrivato in casa Dierre: &#8220;Ci d\u00e0 la possibilit\u00e0 di ruotare su pi\u00f9 ruoli e avere tante soluzioni di gioco. Ci toglie anche qualche problema di gestione dei falli. \u00c8 un innesto assolutamente positivo, anche per come si \u00e8 proposto alla squadra nello spogliatoio. La fame vien mangiando, dipende anche da noi fargliene venire un po&#8217; di pi\u00f9&#8221;.<\/p>\n<p>Appuntamento domenica alle 16 al PalaCalafiore per Dierre Reggio Calabria &#8211; Giarre.<\/p>\n","protected":false},"excerpt":{"rendered":"<p>Settimana importante in casa Dierre Basketball Reggio Calabria, reduce dal successo interno contro Cus Catania e proiettata verso il prossimo impegno casalingo, in programma domenica alle ore 16 contro Giarre.&hellip;<\/p>\n","protected":false},"author":5,"featured_media":90665,"comment_status":"closed","ping_status":"open","sticky":false,"template":"","format":"standard","meta":{"_jetpack_memberships_contains_paid_content":false,"footnotes":"","jetpack_publicize_message":"","jetpack_publicize_feature_enabled":true,"jetpack_social_post_already_shared":true,"jetpack_social_options":{"image_generator_settings":{"template":"highway","default_image_id":0,"font":"","enabled":false},"version":2}},"categories":[196,140,144],"tags":[],"class_list":["post-90852","post","type-post","status-publish","format-standard","has-post-thumbnail","hentry","category-news","category-reggio-calabria","category-sport"],"yoast_head":"<!-- This site is optimized with the Yoast SEO plugin v27.2 - https:\/\/yoast.com\/product\/yoast-seo-wordpress\/ -->\n<title>Dierre: domani alle 18 la sfida contro Giarre<\/title>\n<meta name=\"description\" content=\"&quot;Contro Giarre per continuare la nostra corsa. Gallardo? Ci d\u00e0 tante soluzioni&quot;, dichiara il coach dei biancobl\u00f9, Filippo Marcian\u00f2\" \/>\n<meta name=\"robots\" content=\"index, follow, max-snippet:-1, max-image-preview:large, max-video-preview:-1\" \/>\n<link rel=\"canonical\" href=\"https:\/\/progettotouring.it\/radiotouring104\/2026\/02\/20\/dierre-domani-alle-18-la-sfida-contro-giarre\/\" \/>\n<meta property=\"og:locale\" content=\"it_IT\" \/>\n<meta property=\"og:type\" content=\"article\" \/>\n<meta property=\"og:title\" content=\"Dierre: domani alle 18 la sfida contro Giarre\" \/>\n<meta property=\"og:description\" content=\"&quot;Contro Giarre per continuare la nostra corsa. Gallardo? Ci d\u00e0 tante soluzioni&quot;, dichiara il coach dei biancobl\u00f9, Filippo Marcian\u00f2\" \/>\n<meta property=\"og:url\" content=\"https:\/\/progettotouring.it\/radiotouring104\/2026\/02\/20\/dierre-domani-alle-18-la-sfida-contro-giarre\/\" \/>\n<meta property=\"og:site_name\" content=\"Radio Touring 104\" \/>\n<meta property=\"article:published_time\" content=\"2026-02-20T11:12:18+00:00\" \/>\n<meta property=\"article:modified_time\" content=\"2026-02-20T11:30:28+00:00\" \/>\n<meta property=\"og:image\" content=\"https:\/\/progettotouring.it\/radiotouring104\/wp-content\/uploads\/sites\/6\/2026\/02\/Dierre-Cus-Catania-3-scaled.jpg\" \/>\n\t<meta property=\"og:image:width\" content=\"2560\" \/>\n\t<meta property=\"og:image:height\" content=\"1690\" \/>\n\t<meta property=\"og:image:type\" content=\"image\/jpeg\" \/>\n<meta name=\"author\" content=\"redazione\" \/>\n<meta name=\"twitter:card\" content=\"summary_large_image\" \/>\n<meta name=\"twitter:label1\" content=\"Scritto da\" \/>\n\t<meta name=\"twitter:data1\" content=\"redazione\" \/>\n\t<meta name=\"twitter:label2\" content=\"Tempo di lettura stimato\" \/>\n\t<meta name=\"twitter:data2\" content=\"2 minuti\" \/>\n<script type=\"application\/ld+json\" class=\"yoast-schema-graph\">{\"@context\":\"https:\/\/schema.org\",\"@graph\":[{\"@type\":\"Article\",\"@id\":\"https:\/\/progettotouring.it\/radiotouring104\/2026\/02\/20\/dierre-domani-alle-18-la-sfida-contro-giarre\/#article\",\"isPartOf\":{\"@id\":\"https:\/\/progettotouring.it\/radiotouring104\/2026\/02\/20\/dierre-domani-alle-18-la-sfida-contro-giarre\/\"},\"author\":{\"name\":\"redazione\",\"@id\":\"https:\/\/progettotouring.it\/radiotouring104\/#\/schema\/person\/1b3eb3c07c47136bc44c785c543e635f\"},\"headline\":\"Dierre: domani alle 18 la sfida contro Giarre\",\"datePublished\":\"2026-02-20T11:12:18+00:00\",\"dateModified\":\"2026-02-20T11:30:28+00:00\",\"mainEntityOfPage\":{\"@id\":\"https:\/\/progettotouring.it\/radiotouring104\/2026\/02\/20\/dierre-domani-alle-18-la-sfida-contro-giarre\/\"},\"wordCount\":362,\"publisher\":{\"@id\":\"https:\/\/progettotouring.it\/radiotouring104\/#organization\"},\"image\":{\"@id\":\"https:\/\/progettotouring.it\/radiotouring104\/2026\/02\/20\/dierre-domani-alle-18-la-sfida-contro-giarre\/#primaryimage\"},\"thumbnailUrl\":\"https:\/\/progettotouring.it\/radiotouring104\/wp-content\/uploads\/sites\/6\/2026\/02\/Dierre-Cus-Catania-3-scaled.jpg\",\"articleSection\":[\"News\",\"Reggio Calabria\",\"Sport\"],\"inLanguage\":\"it-IT\"},{\"@type\":\"WebPage\",\"@id\":\"https:\/\/progettotouring.it\/radiotouring104\/2026\/02\/20\/dierre-domani-alle-18-la-sfida-contro-giarre\/\",\"url\":\"https:\/\/progettotouring.it\/radiotouring104\/2026\/02\/20\/dierre-domani-alle-18-la-sfida-contro-giarre\/\",\"name\":\"Dierre: domani alle 18 la sfida contro Giarre\",\"isPartOf\":{\"@id\":\"https:\/\/progettotouring.it\/radiotouring104\/#website\"},\"primaryImageOfPage\":{\"@id\":\"https:\/\/progettotouring.it\/radiotouring104\/2026\/02\/20\/dierre-domani-alle-18-la-sfida-contro-giarre\/#primaryimage\"},\"image\":{\"@id\":\"https:\/\/progettotouring.it\/radiotouring104\/2026\/02\/20\/dierre-domani-alle-18-la-sfida-contro-giarre\/#primaryimage\"},\"thumbnailUrl\":\"https:\/\/progettotouring.it\/radiotouring104\/wp-content\/uploads\/sites\/6\/2026\/02\/Dierre-Cus-Catania-3-scaled.jpg\",\"datePublished\":\"2026-02-20T11:12:18+00:00\",\"dateModified\":\"2026-02-20T11:30:28+00:00\",\"description\":\"\\\"Contro Giarre per continuare la nostra corsa. Gallardo? Ci d\u00e0 tante soluzioni\\\", dichiara il coach dei biancobl\u00f9, Filippo Marcian\u00f2\",\"breadcrumb\":{\"@id\":\"https:\/\/progettotouring.it\/radiotouring104\/2026\/02\/20\/dierre-domani-alle-18-la-sfida-contro-giarre\/#breadcrumb\"},\"inLanguage\":\"it-IT\",\"potentialAction\":[{\"@type\":\"ReadAction\",\"target\":[\"https:\/\/progettotouring.it\/radiotouring104\/2026\/02\/20\/dierre-domani-alle-18-la-sfida-contro-giarre\/\"]}]},{\"@type\":\"ImageObject\",\"inLanguage\":\"it-IT\",\"@id\":\"https:\/\/progettotouring.it\/radiotouring104\/2026\/02\/20\/dierre-domani-alle-18-la-sfida-contro-giarre\/#primaryimage\",\"url\":\"https:\/\/progettotouring.it\/radiotouring104\/wp-content\/uploads\/sites\/6\/2026\/02\/Dierre-Cus-Catania-3-scaled.jpg\",\"contentUrl\":\"https:\/\/progettotouring.it\/radiotouring104\/wp-content\/uploads\/sites\/6\/2026\/02\/Dierre-Cus-Catania-3-scaled.jpg\",\"width\":2560,\"height\":1690},{\"@type\":\"BreadcrumbList\",\"@id\":\"https:\/\/progettotouring.it\/radiotouring104\/2026\/02\/20\/dierre-domani-alle-18-la-sfida-contro-giarre\/#breadcrumb\",\"itemListElement\":[{\"@type\":\"ListItem\",\"position\":1,\"name\":\"Home\",\"item\":\"https:\/\/progettotouring.it\/radiotouring104\/\"},{\"@type\":\"ListItem\",\"position\":2,\"name\":\"Dierre: domani alle 18 la sfida contro Giarre\"}]},{\"@type\":\"WebSite\",\"@id\":\"https:\/\/progettotouring.it\/radiotouring104\/#website\",\"url\":\"https:\/\/progettotouring.it\/radiotouring104\/\",\"name\":\"Radio Touring 104\",\"description\":\"La prima radio Reggina\",\"publisher\":{\"@id\":\"https:\/\/progettotouring.it\/radiotouring104\/#organization\"},\"potentialAction\":[{\"@type\":\"SearchAction\",\"target\":{\"@type\":\"EntryPoint\",\"urlTemplate\":\"https:\/\/progettotouring.it\/radiotouring104\/?s={search_term_string}\"},\"query-input\":{\"@type\":\"PropertyValueSpecification\",\"valueRequired\":true,\"valueName\":\"search_term_string\"}}],\"inLanguage\":\"it-IT\"},{\"@type\":\"Organization\",\"@id\":\"https:\/\/progettotouring.it\/radiotouring104\/#organization\",\"name\":\"Radio Touring 104\",\"url\":\"https:\/\/progettotouring.it\/radiotouring104\/\",\"logo\":{\"@type\":\"ImageObject\",\"inLanguage\":\"it-IT\",\"@id\":\"https:\/\/progettotouring.it\/radiotouring104\/#\/schema\/logo\/image\/\",\"url\":\"https:\/\/progettotouring.it\/radiotouring104\/wp-content\/uploads\/sites\/6\/2022\/02\/cropped-logo-radio-touring-104.png\",\"contentUrl\":\"https:\/\/progettotouring.it\/radiotouring104\/wp-content\/uploads\/sites\/6\/2022\/02\/cropped-logo-radio-touring-104.png\",\"width\":377,\"height\":182,\"caption\":\"Radio Touring 104\"},\"image\":{\"@id\":\"https:\/\/progettotouring.it\/radiotouring104\/#\/schema\/logo\/image\/\"}},{\"@type\":\"Person\",\"@id\":\"https:\/\/progettotouring.it\/radiotouring104\/#\/schema\/person\/1b3eb3c07c47136bc44c785c543e635f\",\"name\":\"redazione\",\"image\":{\"@type\":\"ImageObject\",\"inLanguage\":\"it-IT\",\"@id\":\"https:\/\/secure.gravatar.com\/avatar\/0b31605b49f100769e8b624b3e05de1b73e1692e9568a352f60f53fd072e6e11?s=96&d=mm&r=g\",\"url\":\"https:\/\/secure.gravatar.com\/avatar\/0b31605b49f100769e8b624b3e05de1b73e1692e9568a352f60f53fd072e6e11?s=96&d=mm&r=g\",\"contentUrl\":\"https:\/\/secure.gravatar.com\/avatar\/0b31605b49f100769e8b624b3e05de1b73e1692e9568a352f60f53fd072e6e11?s=96&d=mm&r=g\",\"caption\":\"redazione\"},\"url\":\"https:\/\/progettotouring.it\/radiotouring104\/author\/redazione\/\"}]}<\/script>\n<!-- \/ Yoast SEO plugin. -->","yoast_head_json":{"title":"Dierre: domani alle 18 la sfida contro Giarre","description":"\"Contro Giarre per continuare la nostra corsa. Gallardo? Ci d\u00e0 tante soluzioni\", dichiara il coach dei biancobl\u00f9, Filippo Marcian\u00f2","robots":{"index":"index","follow":"follow","max-snippet":"max-snippet:-1","max-image-preview":"max-image-preview:large","max-video-preview":"max-video-preview:-1"},"canonical":"https:\/\/progettotouring.it\/radiotouring104\/2026\/02\/20\/dierre-domani-alle-18-la-sfida-contro-giarre\/","og_locale":"it_IT","og_type":"article","og_title":"Dierre: domani alle 18 la sfida contro Giarre","og_description":"\"Contro Giarre per continuare la nostra corsa. Gallardo? Ci d\u00e0 tante soluzioni\", dichiara il coach dei biancobl\u00f9, Filippo Marcian\u00f2","og_url":"https:\/\/progettotouring.it\/radiotouring104\/2026\/02\/20\/dierre-domani-alle-18-la-sfida-contro-giarre\/","og_site_name":"Radio Touring 104","article_published_time":"2026-02-20T11:12:18+00:00","article_modified_time":"2026-02-20T11:30:28+00:00","og_image":[{"width":2560,"height":1690,"url":"https:\/\/progettotouring.it\/radiotouring104\/wp-content\/uploads\/sites\/6\/2026\/02\/Dierre-Cus-Catania-3-scaled.jpg","type":"image\/jpeg"}],"author":"redazione","twitter_card":"summary_large_image","twitter_misc":{"Scritto da":"redazione","Tempo di lettura stimato":"2 minuti"},"schema":{"@context":"https:\/\/schema.org","@graph":[{"@type":"Article","@id":"https:\/\/progettotouring.it\/radiotouring104\/2026\/02\/20\/dierre-domani-alle-18-la-sfida-contro-giarre\/#article","isPartOf":{"@id":"https:\/\/progettotouring.it\/radiotouring104\/2026\/02\/20\/dierre-domani-alle-18-la-sfida-contro-giarre\/"},"author":{"name":"redazione","@id":"https:\/\/progettotouring.it\/radiotouring104\/#\/schema\/person\/1b3eb3c07c47136bc44c785c543e635f"},"headline":"Dierre: domani alle 18 la sfida contro Giarre","datePublished":"2026-02-20T11:12:18+00:00","dateModified":"2026-02-20T11:30:28+00:00","mainEntityOfPage":{"@id":"https:\/\/progettotouring.it\/radiotouring104\/2026\/02\/20\/dierre-domani-alle-18-la-sfida-contro-giarre\/"},"wordCount":362,"publisher":{"@id":"https:\/\/progettotouring.it\/radiotouring104\/#organization"},"image":{"@id":"https:\/\/progettotouring.it\/radiotouring104\/2026\/02\/20\/dierre-domani-alle-18-la-sfida-contro-giarre\/#primaryimage"},"thumbnailUrl":"https:\/\/progettotouring.it\/radiotouring104\/wp-content\/uploads\/sites\/6\/2026\/02\/Dierre-Cus-Catania-3-scaled.jpg","articleSection":["News","Reggio Calabria","Sport"],"inLanguage":"it-IT"},{"@type":"WebPage","@id":"https:\/\/progettotouring.it\/radiotouring104\/2026\/02\/20\/dierre-domani-alle-18-la-sfida-contro-giarre\/","url":"https:\/\/progettotouring.it\/radiotouring104\/2026\/02\/20\/dierre-domani-alle-18-la-sfida-contro-giarre\/","name":"Dierre: domani alle 18 la sfida contro Giarre","isPartOf":{"@id":"https:\/\/progettotouring.it\/radiotouring104\/#website"},"primaryImageOfPage":{"@id":"https:\/\/progettotouring.it\/radiotouring104\/2026\/02\/20\/dierre-domani-alle-18-la-sfida-contro-giarre\/#primaryimage"},"image":{"@id":"https:\/\/progettotouring.it\/radiotouring104\/2026\/02\/20\/dierre-domani-alle-18-la-sfida-contro-giarre\/#primaryimage"},"thumbnailUrl":"https:\/\/progettotouring.it\/radiotouring104\/wp-content\/uploads\/sites\/6\/2026\/02\/Dierre-Cus-Catania-3-scaled.jpg","datePublished":"2026-02-20T11:12:18+00:00","dateModified":"2026-02-20T11:30:28+00:00","description":"\"Contro Giarre per continuare la nostra corsa. Gallardo? Ci d\u00e0 tante soluzioni\", dichiara il coach dei biancobl\u00f9, Filippo Marcian\u00f2","breadcrumb":{"@id":"https:\/\/progettotouring.it\/radiotouring104\/2026\/02\/20\/dierre-domani-alle-18-la-sfida-contro-giarre\/#breadcrumb"},"inLanguage":"it-IT","potentialAction":[{"@type":"ReadAction","target":["https:\/\/progettotouring.it\/radiotouring104\/2026\/02\/20\/dierre-domani-alle-18-la-sfida-contro-giarre\/"]}]},{"@type":"ImageObject","inLanguage":"it-IT","@id":"https:\/\/progettotouring.it\/radiotouring104\/2026\/02\/20\/dierre-domani-alle-18-la-sfida-contro-giarre\/#primaryimage","url":"https:\/\/progettotouring.it\/radiotouring104\/wp-content\/uploads\/sites\/6\/2026\/02\/Dierre-Cus-Catania-3-scaled.jpg","contentUrl":"https:\/\/progettotouring.it\/radiotouring104\/wp-content\/uploads\/sites\/6\/2026\/02\/Dierre-Cus-Catania-3-scaled.jpg","width":2560,"height":1690},{"@type":"BreadcrumbList","@id":"https:\/\/progettotouring.it\/radiotouring104\/2026\/02\/20\/dierre-domani-alle-18-la-sfida-contro-giarre\/#breadcrumb","itemListElement":[{"@type":"ListItem","position":1,"name":"Home","item":"https:\/\/progettotouring.it\/radiotouring104\/"},{"@type":"ListItem","position":2,"name":"Dierre: domani alle 18 la sfida contro Giarre"}]},{"@type":"WebSite","@id":"https:\/\/progettotouring.it\/radiotouring104\/#website","url":"https:\/\/progettotouring.it\/radiotouring104\/","name":"Radio Touring 104","description":"La prima radio Reggina","publisher":{"@id":"https:\/\/progettotouring.it\/radiotouring104\/#organization"},"potentialAction":[{"@type":"SearchAction","target":{"@type":"EntryPoint","urlTemplate":"https:\/\/progettotouring.it\/radiotouring104\/?s={search_term_string}"},"query-input":{"@type":"PropertyValueSpecification","valueRequired":true,"valueName":"search_term_string"}}],"inLanguage":"it-IT"},{"@type":"Organization","@id":"https:\/\/progettotouring.it\/radiotouring104\/#organization","name":"Radio Touring 104","url":"https:\/\/progettotouring.it\/radiotouring104\/","logo":{"@type":"ImageObject","inLanguage":"it-IT","@id":"https:\/\/progettotouring.it\/radiotouring104\/#\/schema\/logo\/image\/","url":"https:\/\/progettotouring.it\/radiotouring104\/wp-content\/uploads\/sites\/6\/2022\/02\/cropped-logo-radio-touring-104.png","contentUrl":"https:\/\/progettotouring.it\/radiotouring104\/wp-content\/uploads\/sites\/6\/2022\/02\/cropped-logo-radio-touring-104.png","width":377,"height":182,"caption":"Radio Touring 104"},"image":{"@id":"https:\/\/progettotouring.it\/radiotouring104\/#\/schema\/logo\/image\/"}},{"@type":"Person","@id":"https:\/\/progettotouring.it\/radiotouring104\/#\/schema\/person\/1b3eb3c07c47136bc44c785c543e635f","name":"redazione","image":{"@type":"ImageObject","inLanguage":"it-IT","@id":"https:\/\/secure.gravatar.com\/avatar\/0b31605b49f100769e8b624b3e05de1b73e1692e9568a352f60f53fd072e6e11?s=96&d=mm&r=g","url":"https:\/\/secure.gravatar.com\/avatar\/0b31605b49f100769e8b624b3e05de1b73e1692e9568a352f60f53fd072e6e11?s=96&d=mm&r=g","contentUrl":"https:\/\/secure.gravatar.com\/avatar\/0b31605b49f100769e8b624b3e05de1b73e1692e9568a352f60f53fd072e6e11?s=96&d=mm&r=g","caption":"redazione"},"url":"https:\/\/progettotouring.it\/radiotouring104\/author\/redazione\/"}]}},"jetpack_publicize_connections":[],"jetpack_featured_media_url":"https:\/\/progettotouring.it\/radiotouring104\/wp-content\/uploads\/sites\/6\/2026\/02\/Dierre-Cus-Catania-3-scaled.jpg","jetpack_sharing_enabled":true,"_links":{"self":[{"href":"https:\/\/progettotouring.it\/radiotouring104\/wp-json\/wp\/v2\/posts\/90852","targetHints":{"allow":["GET"]}}],"collection":[{"href":"https:\/\/progettotouring.it\/radiotouring104\/wp-json\/wp\/v2\/posts"}],"about":[{"href":"https:\/\/progettotouring.it\/radiotouring104\/wp-json\/wp\/v2\/types\/post"}],"author":[{"embeddable":true,"href":"https:\/\/progettotouring.it\/radiotouring104\/wp-json\/wp\/v2\/users\/5"}],"replies":[{"embeddable":true,"href":"https:\/\/progettotouring.it\/radiotouring104\/wp-json\/wp\/v2\/comments?post=90852"}],"version-history":[{"count":1,"href":"https:\/\/progettotouring.it\/radiotouring104\/wp-json\/wp\/v2\/posts\/90852\/revisions"}],"predecessor-version":[{"id":90854,"href":"https:\/\/progettotouring.it\/radiotouring104\/wp-json\/wp\/v2\/posts\/90852\/revisions\/90854"}],"wp:featuredmedia":[{"embeddable":true,"href":"https:\/\/progettotouring.it\/radiotouring104\/wp-json\/wp\/v2\/media\/90665"}],"wp:attachment":[{"href":"https:\/\/progettotouring.it\/radiotouring104\/wp-json\/wp\/v2\/media?parent=90852"}],"wp:term":[{"taxonomy":"category","embeddable":true,"href":"https:\/\/progettotouring.it\/radiotouring104\/wp-json\/wp\/v2\/categories?post=90852"},{"taxonomy":"post_tag","embeddable":true,"href":"https:\/\/progettotouring.it\/radiotouring104\/wp-json\/wp\/v2\/tags?post=90852"}],"curies":[{"name":"wp","href":"https:\/\/api.w.org\/{rel}","templated":true}]}}