{"id":91552,"date":"2026-03-05T11:40:56","date_gmt":"2026-03-05T10:40:56","guid":{"rendered":"https:\/\/progettotouring.it\/radiotouring104\/?p=91552"},"modified":"2026-03-05T12:42:14","modified_gmt":"2026-03-05T11:42:14","slug":"reggio-al-museo-la-presentazione-del-volume-corvino-multari-larchitettura-dialoga-con-la-citta","status":"publish","type":"post","link":"https:\/\/progettotouring.it\/radiotouring104\/2026\/03\/05\/reggio-al-museo-la-presentazione-del-volume-corvino-multari-larchitettura-dialoga-con-la-citta\/","title":{"rendered":"Reggio: al Museo la presentazione del volume &#8220;Corvino + Multari. L\u2019architettura dialoga con la citt\u00e0&#8221;"},"content":{"rendered":"<p>L\u2019Ordine degli Architetti PPC della Provincia di Reggio Calabria, nell\u2019ambito del ciclo annuale \u201cArchitetture e Paesaggi a Sud\u201d, promuove la presentazione del volume: Corvino + Multari. L\u2019architettura dialoga con la citt\u00e0 a cura di Pierre-Alain Croset, Marsilio Arte, 2025 L\u2019incontro si inserisce tra gli eventi speciali della rassegna, dedicati a ospiti di rilievo nazionale e internazionale e alla presentazione di monografie che rappresentano un contributo significativo al dibattito architettonico contemporaneo.<\/p>\n<p>Il volume, curato da Pierre-Alain Croset, ricostruisce trent\u2019anni di attivit\u00e0 degli architetti Vincenzo Corvino (1965) e Giovanni Multari (1963), attraverso una narrazione dialogica che intreccia opere realizzate, progetti premiati e riflessioni sul mestiere dell\u2019architetto.<\/p>\n<p>\u00abIl progetto deve riuscire a costruire luoghi prima ancora che edifici, spazi in cui consentire e facilitare l\u2019incontro tra le persone, la loro esigenza di stare insieme come le citt\u00e0 da sempre ci hanno insegnato\u00bb. L\u2019incontro rappresenta un\u2019importante occasione per gli iscritti e per la comunit\u00e0 professionale di confrontarsi con un\u2019esperienza progettuale che ha saputo misurarsi con la complessit\u00e0 urbana e con le trasformazioni contemporanee, mantenendo un forte radicamento etico e culturale. Attraverso iniziative come questa, il ciclo \u201cArchitetture e Paesaggi a Sud\u201d intende consolidare il ruolo dell\u2019Ordine come presidio culturale attivo, capace di creare luoghi di incontro e formazione, in dialogo con le esperienze dei Maestri dell\u2019architettura.<\/p>\n<p>Patrocinato dal DAED -Unirc e dal MaRC che ospita l\u2019evento, vedr\u00e0 gli interventi di: Fabrizio Sudano, Direttore MArRC; Santina Dattola, Presidente OAPPC RC; Consuelo Nava, Direttore DAED UNIRC; Michelangelo Pugliese, curatore dell\u2019evento per OAPPC RC La rassegna, che accompagna l\u2019intero biennio 2025\/2026, nasce per riflettere sul progetto nei contesti complessi e vitali del Sud e del Mediterraneo, intrecciandosi con gli Eventi Speciali dell\u2019Ordine ospitati nella suggestiva terrazza del Museo Archeologico Nazionale.<\/p>\n<p>Tra le finalit\u00e0 del ciclo: -valorizzare luoghi simbolici della citt\u00e0 come spazi di dialogo tra storia e contemporaneit\u00e0; -rafforzare l\u2019identit\u00e0 culturale dell\u2019Ordine come promotore di formazione di qualit\u00e0; -offrire occasioni di confronto diretto con Maestri dell\u2019architettura capaci di ispirare la pratica professionale; -costruire un calendario che unisca radicamento territoriale e apertura internazionale. Con questo terzo incontro, la terrazza del MArRC diventa palcoscenico di riflessioni cond<\/p>\n","protected":false},"excerpt":{"rendered":"<p>L\u2019Ordine degli Architetti PPC della Provincia di Reggio Calabria, nell\u2019ambito del ciclo annuale \u201cArchitetture e Paesaggi a Sud\u201d, promuove la presentazione del volume: Corvino + Multari. L\u2019architettura dialoga con la&hellip;<\/p>\n","protected":false},"author":5,"featured_media":91553,"comment_status":"closed","ping_status":"open","sticky":false,"template":"","format":"standard","meta":{"_jetpack_memberships_contains_paid_content":false,"footnotes":"","jetpack_publicize_message":"","jetpack_publicize_feature_enabled":true,"jetpack_social_post_already_shared":true,"jetpack_social_options":{"image_generator_settings":{"template":"highway","default_image_id":0,"font":"","enabled":false},"version":2}},"categories":[921,196,140],"tags":[51557,51558,33107,51556],"class_list":["post-91552","post","type-post","status-publish","format-standard","has-post-thumbnail","hentry","category-home","category-news","category-reggio-calabria","tag-corvino-multari-larchitettura-dialoga-con-la-citta","tag-ciclo-architetture-e-paesaggi-a-sud","tag-museo-archeologico-d-reggio-calabria","tag-presentazione-del-volume"],"yoast_head":"<!-- This site is optimized with the Yoast SEO plugin v27.2 - https:\/\/yoast.com\/product\/yoast-seo-wordpress\/ -->\n<title>Reggio: al Museo la presentazione del volume &quot;Corvino + Multari. L\u2019architettura dialoga con la citt\u00e0&quot; - Radio Touring 104<\/title>\n<meta name=\"description\" content=\"La presentazione, promossa dall&#039;Ordine degli Architetti di Reggio per il ciclo \u201cArchitetture e Paesaggi a Sud\u201d, si terr\u00e0 il 6 marzo alle 17:00\" \/>\n<meta name=\"robots\" content=\"index, follow, max-snippet:-1, max-image-preview:large, max-video-preview:-1\" \/>\n<link rel=\"canonical\" href=\"https:\/\/progettotouring.it\/radiotouring104\/2026\/03\/05\/reggio-al-museo-la-presentazione-del-volume-corvino-multari-larchitettura-dialoga-con-la-citta\/\" \/>\n<meta property=\"og:locale\" content=\"it_IT\" \/>\n<meta property=\"og:type\" content=\"article\" \/>\n<meta property=\"og:title\" content=\"Reggio: al Museo la presentazione del volume &quot;Corvino + Multari. L\u2019architettura dialoga con la citt\u00e0&quot; - Radio Touring 104\" \/>\n<meta property=\"og:description\" content=\"La presentazione, promossa dall&#039;Ordine degli Architetti di Reggio per il ciclo \u201cArchitetture e Paesaggi a Sud\u201d, si terr\u00e0 il 6 marzo alle 17:00\" \/>\n<meta property=\"og:url\" content=\"https:\/\/progettotouring.it\/radiotouring104\/2026\/03\/05\/reggio-al-museo-la-presentazione-del-volume-corvino-multari-larchitettura-dialoga-con-la-citta\/\" \/>\n<meta property=\"og:site_name\" content=\"Radio Touring 104\" \/>\n<meta property=\"article:published_time\" content=\"2026-03-05T10:40:56+00:00\" \/>\n<meta property=\"article:modified_time\" content=\"2026-03-05T11:42:14+00:00\" \/>\n<meta property=\"og:image\" content=\"https:\/\/progettotouring.it\/radiotouring104\/wp-content\/uploads\/sites\/6\/2026\/03\/Chiesa-Dresano.gif\" \/>\n\t<meta property=\"og:image:width\" content=\"364\" \/>\n\t<meta property=\"og:image:height\" content=\"417\" \/>\n\t<meta property=\"og:image:type\" content=\"image\/gif\" \/>\n<meta name=\"author\" content=\"redazione\" \/>\n<meta name=\"twitter:card\" content=\"summary_large_image\" \/>\n<meta name=\"twitter:label1\" content=\"Scritto da\" \/>\n\t<meta name=\"twitter:data1\" content=\"redazione\" \/>\n\t<meta name=\"twitter:label2\" content=\"Tempo di lettura stimato\" \/>\n\t<meta name=\"twitter:data2\" content=\"2 minuti\" \/>\n<script type=\"application\/ld+json\" class=\"yoast-schema-graph\">{\"@context\":\"https:\/\/schema.org\",\"@graph\":[{\"@type\":\"Article\",\"@id\":\"https:\/\/progettotouring.it\/radiotouring104\/2026\/03\/05\/reggio-al-museo-la-presentazione-del-volume-corvino-multari-larchitettura-dialoga-con-la-citta\/#article\",\"isPartOf\":{\"@id\":\"https:\/\/progettotouring.it\/radiotouring104\/2026\/03\/05\/reggio-al-museo-la-presentazione-del-volume-corvino-multari-larchitettura-dialoga-con-la-citta\/\"},\"author\":{\"name\":\"redazione\",\"@id\":\"https:\/\/progettotouring.it\/radiotouring104\/#\/schema\/person\/1b3eb3c07c47136bc44c785c543e635f\"},\"headline\":\"Reggio: al Museo la presentazione del volume &#8220;Corvino + Multari. L\u2019architettura dialoga con la citt\u00e0&#8221;\",\"datePublished\":\"2026-03-05T10:40:56+00:00\",\"dateModified\":\"2026-03-05T11:42:14+00:00\",\"mainEntityOfPage\":{\"@id\":\"https:\/\/progettotouring.it\/radiotouring104\/2026\/03\/05\/reggio-al-museo-la-presentazione-del-volume-corvino-multari-larchitettura-dialoga-con-la-citta\/\"},\"wordCount\":377,\"publisher\":{\"@id\":\"https:\/\/progettotouring.it\/radiotouring104\/#organization\"},\"image\":{\"@id\":\"https:\/\/progettotouring.it\/radiotouring104\/2026\/03\/05\/reggio-al-museo-la-presentazione-del-volume-corvino-multari-larchitettura-dialoga-con-la-citta\/#primaryimage\"},\"thumbnailUrl\":\"https:\/\/progettotouring.it\/radiotouring104\/wp-content\/uploads\/sites\/6\/2026\/03\/Chiesa-Dresano.gif\",\"keywords\":[\"\\\"Corvino + Multari. L\u2019architettura dialoga con la citt\u00e0\\\"\",\"ciclo \u201cArchitetture e Paesaggi a Sud\u201d\",\"Museo Archeologico d Reggio Calabria\",\"presentazione del volume\"],\"articleSection\":[\"Home\",\"News\",\"Reggio Calabria\"],\"inLanguage\":\"it-IT\"},{\"@type\":\"WebPage\",\"@id\":\"https:\/\/progettotouring.it\/radiotouring104\/2026\/03\/05\/reggio-al-museo-la-presentazione-del-volume-corvino-multari-larchitettura-dialoga-con-la-citta\/\",\"url\":\"https:\/\/progettotouring.it\/radiotouring104\/2026\/03\/05\/reggio-al-museo-la-presentazione-del-volume-corvino-multari-larchitettura-dialoga-con-la-citta\/\",\"name\":\"Reggio: al Museo la presentazione del volume \\\"Corvino + Multari. L\u2019architettura dialoga con la citt\u00e0\\\" - Radio Touring 104\",\"isPartOf\":{\"@id\":\"https:\/\/progettotouring.it\/radiotouring104\/#website\"},\"primaryImageOfPage\":{\"@id\":\"https:\/\/progettotouring.it\/radiotouring104\/2026\/03\/05\/reggio-al-museo-la-presentazione-del-volume-corvino-multari-larchitettura-dialoga-con-la-citta\/#primaryimage\"},\"image\":{\"@id\":\"https:\/\/progettotouring.it\/radiotouring104\/2026\/03\/05\/reggio-al-museo-la-presentazione-del-volume-corvino-multari-larchitettura-dialoga-con-la-citta\/#primaryimage\"},\"thumbnailUrl\":\"https:\/\/progettotouring.it\/radiotouring104\/wp-content\/uploads\/sites\/6\/2026\/03\/Chiesa-Dresano.gif\",\"datePublished\":\"2026-03-05T10:40:56+00:00\",\"dateModified\":\"2026-03-05T11:42:14+00:00\",\"description\":\"La presentazione, promossa dall'Ordine degli Architetti di Reggio per il ciclo \u201cArchitetture e Paesaggi a Sud\u201d, si terr\u00e0 il 6 marzo alle 17:00\",\"breadcrumb\":{\"@id\":\"https:\/\/progettotouring.it\/radiotouring104\/2026\/03\/05\/reggio-al-museo-la-presentazione-del-volume-corvino-multari-larchitettura-dialoga-con-la-citta\/#breadcrumb\"},\"inLanguage\":\"it-IT\",\"potentialAction\":[{\"@type\":\"ReadAction\",\"target\":[\"https:\/\/progettotouring.it\/radiotouring104\/2026\/03\/05\/reggio-al-museo-la-presentazione-del-volume-corvino-multari-larchitettura-dialoga-con-la-citta\/\"]}]},{\"@type\":\"ImageObject\",\"inLanguage\":\"it-IT\",\"@id\":\"https:\/\/progettotouring.it\/radiotouring104\/2026\/03\/05\/reggio-al-museo-la-presentazione-del-volume-corvino-multari-larchitettura-dialoga-con-la-citta\/#primaryimage\",\"url\":\"https:\/\/progettotouring.it\/radiotouring104\/wp-content\/uploads\/sites\/6\/2026\/03\/Chiesa-Dresano.gif\",\"contentUrl\":\"https:\/\/progettotouring.it\/radiotouring104\/wp-content\/uploads\/sites\/6\/2026\/03\/Chiesa-Dresano.gif\",\"width\":364,\"height\":417},{\"@type\":\"BreadcrumbList\",\"@id\":\"https:\/\/progettotouring.it\/radiotouring104\/2026\/03\/05\/reggio-al-museo-la-presentazione-del-volume-corvino-multari-larchitettura-dialoga-con-la-citta\/#breadcrumb\",\"itemListElement\":[{\"@type\":\"ListItem\",\"position\":1,\"name\":\"Home\",\"item\":\"https:\/\/progettotouring.it\/radiotouring104\/\"},{\"@type\":\"ListItem\",\"position\":2,\"name\":\"Reggio: al Museo la presentazione del volume &#8220;Corvino + Multari. L\u2019architettura dialoga con la citt\u00e0&#8221;\"}]},{\"@type\":\"WebSite\",\"@id\":\"https:\/\/progettotouring.it\/radiotouring104\/#website\",\"url\":\"https:\/\/progettotouring.it\/radiotouring104\/\",\"name\":\"Radio Touring 104\",\"description\":\"La prima radio Reggina\",\"publisher\":{\"@id\":\"https:\/\/progettotouring.it\/radiotouring104\/#organization\"},\"potentialAction\":[{\"@type\":\"SearchAction\",\"target\":{\"@type\":\"EntryPoint\",\"urlTemplate\":\"https:\/\/progettotouring.it\/radiotouring104\/?s={search_term_string}\"},\"query-input\":{\"@type\":\"PropertyValueSpecification\",\"valueRequired\":true,\"valueName\":\"search_term_string\"}}],\"inLanguage\":\"it-IT\"},{\"@type\":\"Organization\",\"@id\":\"https:\/\/progettotouring.it\/radiotouring104\/#organization\",\"name\":\"Radio Touring 104\",\"url\":\"https:\/\/progettotouring.it\/radiotouring104\/\",\"logo\":{\"@type\":\"ImageObject\",\"inLanguage\":\"it-IT\",\"@id\":\"https:\/\/progettotouring.it\/radiotouring104\/#\/schema\/logo\/image\/\",\"url\":\"https:\/\/progettotouring.it\/radiotouring104\/wp-content\/uploads\/sites\/6\/2022\/02\/cropped-logo-radio-touring-104.png\",\"contentUrl\":\"https:\/\/progettotouring.it\/radiotouring104\/wp-content\/uploads\/sites\/6\/2022\/02\/cropped-logo-radio-touring-104.png\",\"width\":377,\"height\":182,\"caption\":\"Radio Touring 104\"},\"image\":{\"@id\":\"https:\/\/progettotouring.it\/radiotouring104\/#\/schema\/logo\/image\/\"}},{\"@type\":\"Person\",\"@id\":\"https:\/\/progettotouring.it\/radiotouring104\/#\/schema\/person\/1b3eb3c07c47136bc44c785c543e635f\",\"name\":\"redazione\",\"image\":{\"@type\":\"ImageObject\",\"inLanguage\":\"it-IT\",\"@id\":\"https:\/\/secure.gravatar.com\/avatar\/0b31605b49f100769e8b624b3e05de1b73e1692e9568a352f60f53fd072e6e11?s=96&d=mm&r=g\",\"url\":\"https:\/\/secure.gravatar.com\/avatar\/0b31605b49f100769e8b624b3e05de1b73e1692e9568a352f60f53fd072e6e11?s=96&d=mm&r=g\",\"contentUrl\":\"https:\/\/secure.gravatar.com\/avatar\/0b31605b49f100769e8b624b3e05de1b73e1692e9568a352f60f53fd072e6e11?s=96&d=mm&r=g\",\"caption\":\"redazione\"},\"url\":\"https:\/\/progettotouring.it\/radiotouring104\/author\/redazione\/\"}]}<\/script>\n<!-- \/ Yoast SEO plugin. -->","yoast_head_json":{"title":"Reggio: al Museo la presentazione del volume \"Corvino + Multari. L\u2019architettura dialoga con la citt\u00e0\" - Radio Touring 104","description":"La presentazione, promossa dall'Ordine degli Architetti di Reggio per il ciclo \u201cArchitetture e Paesaggi a Sud\u201d, si terr\u00e0 il 6 marzo alle 17:00","robots":{"index":"index","follow":"follow","max-snippet":"max-snippet:-1","max-image-preview":"max-image-preview:large","max-video-preview":"max-video-preview:-1"},"canonical":"https:\/\/progettotouring.it\/radiotouring104\/2026\/03\/05\/reggio-al-museo-la-presentazione-del-volume-corvino-multari-larchitettura-dialoga-con-la-citta\/","og_locale":"it_IT","og_type":"article","og_title":"Reggio: al Museo la presentazione del volume \"Corvino + Multari. L\u2019architettura dialoga con la citt\u00e0\" - Radio Touring 104","og_description":"La presentazione, promossa dall'Ordine degli Architetti di Reggio per il ciclo \u201cArchitetture e Paesaggi a Sud\u201d, si terr\u00e0 il 6 marzo alle 17:00","og_url":"https:\/\/progettotouring.it\/radiotouring104\/2026\/03\/05\/reggio-al-museo-la-presentazione-del-volume-corvino-multari-larchitettura-dialoga-con-la-citta\/","og_site_name":"Radio Touring 104","article_published_time":"2026-03-05T10:40:56+00:00","article_modified_time":"2026-03-05T11:42:14+00:00","og_image":[{"width":364,"height":417,"url":"https:\/\/progettotouring.it\/radiotouring104\/wp-content\/uploads\/sites\/6\/2026\/03\/Chiesa-Dresano.gif","type":"image\/gif"}],"author":"redazione","twitter_card":"summary_large_image","twitter_misc":{"Scritto da":"redazione","Tempo di lettura stimato":"2 minuti"},"schema":{"@context":"https:\/\/schema.org","@graph":[{"@type":"Article","@id":"https:\/\/progettotouring.it\/radiotouring104\/2026\/03\/05\/reggio-al-museo-la-presentazione-del-volume-corvino-multari-larchitettura-dialoga-con-la-citta\/#article","isPartOf":{"@id":"https:\/\/progettotouring.it\/radiotouring104\/2026\/03\/05\/reggio-al-museo-la-presentazione-del-volume-corvino-multari-larchitettura-dialoga-con-la-citta\/"},"author":{"name":"redazione","@id":"https:\/\/progettotouring.it\/radiotouring104\/#\/schema\/person\/1b3eb3c07c47136bc44c785c543e635f"},"headline":"Reggio: al Museo la presentazione del volume &#8220;Corvino + Multari. L\u2019architettura dialoga con la citt\u00e0&#8221;","datePublished":"2026-03-05T10:40:56+00:00","dateModified":"2026-03-05T11:42:14+00:00","mainEntityOfPage":{"@id":"https:\/\/progettotouring.it\/radiotouring104\/2026\/03\/05\/reggio-al-museo-la-presentazione-del-volume-corvino-multari-larchitettura-dialoga-con-la-citta\/"},"wordCount":377,"publisher":{"@id":"https:\/\/progettotouring.it\/radiotouring104\/#organization"},"image":{"@id":"https:\/\/progettotouring.it\/radiotouring104\/2026\/03\/05\/reggio-al-museo-la-presentazione-del-volume-corvino-multari-larchitettura-dialoga-con-la-citta\/#primaryimage"},"thumbnailUrl":"https:\/\/progettotouring.it\/radiotouring104\/wp-content\/uploads\/sites\/6\/2026\/03\/Chiesa-Dresano.gif","keywords":["\"Corvino + Multari. L\u2019architettura dialoga con la citt\u00e0\"","ciclo \u201cArchitetture e Paesaggi a Sud\u201d","Museo Archeologico d Reggio Calabria","presentazione del volume"],"articleSection":["Home","News","Reggio Calabria"],"inLanguage":"it-IT"},{"@type":"WebPage","@id":"https:\/\/progettotouring.it\/radiotouring104\/2026\/03\/05\/reggio-al-museo-la-presentazione-del-volume-corvino-multari-larchitettura-dialoga-con-la-citta\/","url":"https:\/\/progettotouring.it\/radiotouring104\/2026\/03\/05\/reggio-al-museo-la-presentazione-del-volume-corvino-multari-larchitettura-dialoga-con-la-citta\/","name":"Reggio: al Museo la presentazione del volume \"Corvino + Multari. L\u2019architettura dialoga con la citt\u00e0\" - Radio Touring 104","isPartOf":{"@id":"https:\/\/progettotouring.it\/radiotouring104\/#website"},"primaryImageOfPage":{"@id":"https:\/\/progettotouring.it\/radiotouring104\/2026\/03\/05\/reggio-al-museo-la-presentazione-del-volume-corvino-multari-larchitettura-dialoga-con-la-citta\/#primaryimage"},"image":{"@id":"https:\/\/progettotouring.it\/radiotouring104\/2026\/03\/05\/reggio-al-museo-la-presentazione-del-volume-corvino-multari-larchitettura-dialoga-con-la-citta\/#primaryimage"},"thumbnailUrl":"https:\/\/progettotouring.it\/radiotouring104\/wp-content\/uploads\/sites\/6\/2026\/03\/Chiesa-Dresano.gif","datePublished":"2026-03-05T10:40:56+00:00","dateModified":"2026-03-05T11:42:14+00:00","description":"La presentazione, promossa dall'Ordine degli Architetti di Reggio per il ciclo \u201cArchitetture e Paesaggi a Sud\u201d, si terr\u00e0 il 6 marzo alle 17:00","breadcrumb":{"@id":"https:\/\/progettotouring.it\/radiotouring104\/2026\/03\/05\/reggio-al-museo-la-presentazione-del-volume-corvino-multari-larchitettura-dialoga-con-la-citta\/#breadcrumb"},"inLanguage":"it-IT","potentialAction":[{"@type":"ReadAction","target":["https:\/\/progettotouring.it\/radiotouring104\/2026\/03\/05\/reggio-al-museo-la-presentazione-del-volume-corvino-multari-larchitettura-dialoga-con-la-citta\/"]}]},{"@type":"ImageObject","inLanguage":"it-IT","@id":"https:\/\/progettotouring.it\/radiotouring104\/2026\/03\/05\/reggio-al-museo-la-presentazione-del-volume-corvino-multari-larchitettura-dialoga-con-la-citta\/#primaryimage","url":"https:\/\/progettotouring.it\/radiotouring104\/wp-content\/uploads\/sites\/6\/2026\/03\/Chiesa-Dresano.gif","contentUrl":"https:\/\/progettotouring.it\/radiotouring104\/wp-content\/uploads\/sites\/6\/2026\/03\/Chiesa-Dresano.gif","width":364,"height":417},{"@type":"BreadcrumbList","@id":"https:\/\/progettotouring.it\/radiotouring104\/2026\/03\/05\/reggio-al-museo-la-presentazione-del-volume-corvino-multari-larchitettura-dialoga-con-la-citta\/#breadcrumb","itemListElement":[{"@type":"ListItem","position":1,"name":"Home","item":"https:\/\/progettotouring.it\/radiotouring104\/"},{"@type":"ListItem","position":2,"name":"Reggio: al Museo la presentazione del volume &#8220;Corvino + Multari. L\u2019architettura dialoga con la citt\u00e0&#8221;"}]},{"@type":"WebSite","@id":"https:\/\/progettotouring.it\/radiotouring104\/#website","url":"https:\/\/progettotouring.it\/radiotouring104\/","name":"Radio Touring 104","description":"La prima radio Reggina","publisher":{"@id":"https:\/\/progettotouring.it\/radiotouring104\/#organization"},"potentialAction":[{"@type":"SearchAction","target":{"@type":"EntryPoint","urlTemplate":"https:\/\/progettotouring.it\/radiotouring104\/?s={search_term_string}"},"query-input":{"@type":"PropertyValueSpecification","valueRequired":true,"valueName":"search_term_string"}}],"inLanguage":"it-IT"},{"@type":"Organization","@id":"https:\/\/progettotouring.it\/radiotouring104\/#organization","name":"Radio Touring 104","url":"https:\/\/progettotouring.it\/radiotouring104\/","logo":{"@type":"ImageObject","inLanguage":"it-IT","@id":"https:\/\/progettotouring.it\/radiotouring104\/#\/schema\/logo\/image\/","url":"https:\/\/progettotouring.it\/radiotouring104\/wp-content\/uploads\/sites\/6\/2022\/02\/cropped-logo-radio-touring-104.png","contentUrl":"https:\/\/progettotouring.it\/radiotouring104\/wp-content\/uploads\/sites\/6\/2022\/02\/cropped-logo-radio-touring-104.png","width":377,"height":182,"caption":"Radio Touring 104"},"image":{"@id":"https:\/\/progettotouring.it\/radiotouring104\/#\/schema\/logo\/image\/"}},{"@type":"Person","@id":"https:\/\/progettotouring.it\/radiotouring104\/#\/schema\/person\/1b3eb3c07c47136bc44c785c543e635f","name":"redazione","image":{"@type":"ImageObject","inLanguage":"it-IT","@id":"https:\/\/secure.gravatar.com\/avatar\/0b31605b49f100769e8b624b3e05de1b73e1692e9568a352f60f53fd072e6e11?s=96&d=mm&r=g","url":"https:\/\/secure.gravatar.com\/avatar\/0b31605b49f100769e8b624b3e05de1b73e1692e9568a352f60f53fd072e6e11?s=96&d=mm&r=g","contentUrl":"https:\/\/secure.gravatar.com\/avatar\/0b31605b49f100769e8b624b3e05de1b73e1692e9568a352f60f53fd072e6e11?s=96&d=mm&r=g","caption":"redazione"},"url":"https:\/\/progettotouring.it\/radiotouring104\/author\/redazione\/"}]}},"jetpack_publicize_connections":[],"jetpack_featured_media_url":"https:\/\/progettotouring.it\/radiotouring104\/wp-content\/uploads\/sites\/6\/2026\/03\/Chiesa-Dresano.gif","jetpack_sharing_enabled":true,"_links":{"self":[{"href":"https:\/\/progettotouring.it\/radiotouring104\/wp-json\/wp\/v2\/posts\/91552","targetHints":{"allow":["GET"]}}],"collection":[{"href":"https:\/\/progettotouring.it\/radiotouring104\/wp-json\/wp\/v2\/posts"}],"about":[{"href":"https:\/\/progettotouring.it\/radiotouring104\/wp-json\/wp\/v2\/types\/post"}],"author":[{"embeddable":true,"href":"https:\/\/progettotouring.it\/radiotouring104\/wp-json\/wp\/v2\/users\/5"}],"replies":[{"embeddable":true,"href":"https:\/\/progettotouring.it\/radiotouring104\/wp-json\/wp\/v2\/comments?post=91552"}],"version-history":[{"count":1,"href":"https:\/\/progettotouring.it\/radiotouring104\/wp-json\/wp\/v2\/posts\/91552\/revisions"}],"predecessor-version":[{"id":91554,"href":"https:\/\/progettotouring.it\/radiotouring104\/wp-json\/wp\/v2\/posts\/91552\/revisions\/91554"}],"wp:featuredmedia":[{"embeddable":true,"href":"https:\/\/progettotouring.it\/radiotouring104\/wp-json\/wp\/v2\/media\/91553"}],"wp:attachment":[{"href":"https:\/\/progettotouring.it\/radiotouring104\/wp-json\/wp\/v2\/media?parent=91552"}],"wp:term":[{"taxonomy":"category","embeddable":true,"href":"https:\/\/progettotouring.it\/radiotouring104\/wp-json\/wp\/v2\/categories?post=91552"},{"taxonomy":"post_tag","embeddable":true,"href":"https:\/\/progettotouring.it\/radiotouring104\/wp-json\/wp\/v2\/tags?post=91552"}],"curies":[{"name":"wp","href":"https:\/\/api.w.org\/{rel}","templated":true}]}}