{"id":91556,"date":"2026-03-05T11:52:53","date_gmt":"2026-03-05T10:52:53","guid":{"rendered":"https:\/\/progettotouring.it\/radiotouring104\/?p=91556"},"modified":"2026-03-05T12:42:04","modified_gmt":"2026-03-05T11:42:04","slug":"villa-s-g-al-nostro-repaci-la-cerimonia-dellviii-edizione-del-premio-digitale-giovani","status":"publish","type":"post","link":"https:\/\/progettotouring.it\/radiotouring104\/2026\/03\/05\/villa-s-g-al-nostro-repaci-la-cerimonia-dellviii-edizione-del-premio-digitale-giovani\/","title":{"rendered":"Villa S.G.: al &#8220;Nostro-Repaci&#8221; la cerimonia dell&#8217;VIII edizione del \u201cPremio digitale giovani\u201d"},"content":{"rendered":"<p>C&#8217;\u00e8 un momento, durante le cerimonie che riescono davvero, in cui il silenzio e gli occhi incantati della platea dicono pi\u00f9 di qualsiasi discorso. \u00c8 successo marted\u00ec pomeriggio, 3 marzo, presso l&#8217;Aula Magna &#8220;G. Trecroci&#8221; dell&#8217;I.I.S. &#8220;L. Nostro \u2013 L. Repaci&#8221; di Villa San Giovanni, quando sul maxischermo hanno cominciato a scorrere le immagini dei lavori in concorso: fotografie digitali, composizioni visive, animazioni interamente realizzate da studenti.<\/p>\n<p>Giunto all&#8217;VIII edizione, il \u201cPremio digitale giovani\u201d, bandito dall\u2019Istituto villese e curato dalla prof.ssa Caterina Papalia, si conferma punto di riferimento per l&#8217;innovazione nel territorio, capace di coinvolgere scuole, istituzioni e famiglie in un dialogo sempre pi\u00f9 fecondo tra cultura e tecnologia. Il tema scelto per questa edizione \u2014 &#8220;<em>Immagini per scolpire il tempo<\/em>&#8221; \u2014 ha invitato i giovani partecipanti a interrogarsi sul rapporto tra immagine, memoria e scorrere del tempo attraverso il linguaggio della creativit\u00e0 digitale: un invito ambizioso, che gli studenti hanno saputo cogliere.<\/p>\n<p>Ad aprire la cerimonia, i saluti delle autorit\u00e0 presenti. La Dirigente scolastica dell\u2019Istituto ospitante, prof.ssa Maristella Spezzano, ha espresso grande soddisfazione per i risultati raggiunti dagli studenti, ribadendo l&#8217;impegno del \u201cNostro-Repaci\u201d nel coltivare sensibilit\u00e0 creativa, originalit\u00e0 e competenze digitali nelle nuove generazioni. Il vicesindaco di Villa San Giovanni, dott. Albino Rizzuto, ha portato il saluto dell&#8217;amministrazione comunale, sottolineando il valore civico di iniziative capaci di mettere al centro i giovani e il loro talento. A rappresentare l&#8217;Ufficio Scolastico Regionale di Reggio Calabria il dott. Ernesto Zizza, che ha definito il Premio un modello virtuoso di didattica innovativa. Presenti anche la Dirigente dell&#8217;I.C. &#8220;Giovanni XXIII&#8221; di Villa San Giovanni, prof.ssa Luisa Antonella Ottan\u00e0, e il Dirigente dell&#8217;I.C. di Campo Calabro\u2013San Roberto\u2013Scilla, prof. Leonardo Giuseppe Brunetto, insieme a rappresentanti di diverse associazioni del territorio.<\/p>\n<p>A dare profondit\u00e0 teorica alla giornata \u00e8 stato il prof. Gianluca Romeo, docente di Filosofia e Storia al Liceo Scientifico &#8220;A. Volta&#8221; di Reggio Calabria. Nel suo intervento, Romeo ha esplorato il nesso tra immagini e tempo, tra la fotografia come atto di sottrazione all&#8217;oblio e la filosofia come strumento di comprensione etico ed estetico dell&#8217;esistenza. Una <em>lectio<\/em> densa, accolta con attenzione da una platea composta in gran parte da adolescenti.<\/p>\n<p>Particolarmente apprezzato il video celebrativo che ha ripercorso otto anni di storia del Premio: un archivio visivo che ha, letteralmente, \u201cscolpito il tempo\u201d attraverso le immagini delle passate edizioni.<\/p>\n<p>Poi il momento pi\u00f9 atteso della premiazione. Nella categoria &#8220;interni\u201d, il primo premio \u00e8 andato a Jonas Navarra (classe 2\u00aa A), seguito da Girolamo Crea (5\u00aa A) e Francesca Corigliano (4\u00aa A), tutti dell\u2019ITE \u201cL. Repaci\u201d. Nella categoria &#8220;esterni&#8221; \u2014 aperta invece agli studenti delle scuole secondarie di primo grado \u2014 primo posto per Andrea Oliveri (3\u00aa B, I.C. di Villa San Giovanni), secondo per Angela Romeo (in rappresentanza della classe 3\u00aa A, I.C. Campo Calabro\u2013San Roberto, plesso di Solano), terzo per Linda Sergi (3\u00aa A, I.C. Campo Calabro).<\/p>\n<p>La giornata ha incluso anche la premiazione del X Torneo di Sumo Robot, coordinato dal prof. Antonino Calabr\u00f2, docente di Informatica del \u201cNostro-Repaci\u201d. La competizione &#8211; dove piccoli robot programmati dagli studenti si sfidano in duelli di spinta &#8211; \u00e8 ormai un appuntamento fisso nel calendario dell&#8217;Istituto. Quest&#8217;anno la vittoria \u00e8 andata alla squadra composta da Pietro Violante e Rossella Vita, entrambi della classe 3\u00aa C dell&#8217;I.C. di Villa San Giovanni.<\/p>\n<p>A chiudere la manifestazione, oltre agli applausi per un evento perfettamente riuscito, una promessa: quella di continuare a investire sulle competenze digitali come strumento di libert\u00e0 espressiva. L\u2019VIII edizione del \u201cPremio digitale giovani\u201d non ha solo premiato i vincitori che hanno \u201cscolpito il tempo\u201d, ma ha anche ribadito il ruolo del \u201cNostro-Repaci\u201d come punto di riferimento vivo per l&#8217;innovazione sullo Stretto, un&#8217;officina di futuro in cui originalit\u00e0 e pensiero critico non sono obiettivi astratti, ma risultati misurabili, visibili, applauditi.<\/p>\n<p>&nbsp;<\/p>\n","protected":false},"excerpt":{"rendered":"<p>C&#8217;\u00e8 un momento, durante le cerimonie che riescono davvero, in cui il silenzio e gli occhi incantati della platea dicono pi\u00f9 di qualsiasi discorso. \u00c8 successo marted\u00ec pomeriggio, 3 marzo,&hellip;<\/p>\n","protected":false},"author":5,"featured_media":91557,"comment_status":"closed","ping_status":"open","sticky":false,"template":"","format":"standard","meta":{"_jetpack_memberships_contains_paid_content":false,"footnotes":"","jetpack_publicize_message":"","jetpack_publicize_feature_enabled":true,"jetpack_social_post_already_shared":true,"jetpack_social_options":{"image_generator_settings":{"template":"highway","default_image_id":0,"font":"","enabled":false},"version":2}},"categories":[921,196,140],"tags":[51559,51560,11628,51561,39303,364],"class_list":["post-91556","post","type-post","status-publish","format-standard","has-post-thumbnail","hentry","category-home","category-news","category-reggio-calabria","tag-premio-digitale-giovani","tag-filosofia","tag-nostro-repaci","tag-tecnologia","tag-viii-edizione","tag-villa-san-giovanni"],"yoast_head":"<!-- This site is optimized with the Yoast SEO plugin v27.2 - https:\/\/yoast.com\/product\/yoast-seo-wordpress\/ -->\n<title>Al &quot;Nostro-Repaci&quot; di Villa cerimonia del \u201cPremio digitale giovani\u201d<\/title>\n<meta name=\"description\" content=\"Svoilta il 3 marzo, presso l&#039;Aula Magna dell&#039;istituto, la cerimonia che ha saputo intrecciare filosofia e tecnologia\" \/>\n<meta name=\"robots\" content=\"index, follow, max-snippet:-1, max-image-preview:large, max-video-preview:-1\" \/>\n<link rel=\"canonical\" href=\"https:\/\/progettotouring.it\/radiotouring104\/2026\/03\/05\/villa-s-g-al-nostro-repaci-la-cerimonia-dellviii-edizione-del-premio-digitale-giovani\/\" \/>\n<meta property=\"og:locale\" content=\"it_IT\" \/>\n<meta property=\"og:type\" content=\"article\" \/>\n<meta property=\"og:title\" content=\"Al &quot;Nostro-Repaci&quot; di Villa cerimonia del \u201cPremio digitale giovani\u201d\" \/>\n<meta property=\"og:description\" content=\"Svoilta il 3 marzo, presso l&#039;Aula Magna dell&#039;istituto, la cerimonia che ha saputo intrecciare filosofia e tecnologia\" \/>\n<meta property=\"og:url\" content=\"https:\/\/progettotouring.it\/radiotouring104\/2026\/03\/05\/villa-s-g-al-nostro-repaci-la-cerimonia-dellviii-edizione-del-premio-digitale-giovani\/\" \/>\n<meta property=\"og:site_name\" content=\"Radio Touring 104\" \/>\n<meta property=\"article:published_time\" content=\"2026-03-05T10:52:53+00:00\" \/>\n<meta property=\"article:modified_time\" content=\"2026-03-05T11:42:04+00:00\" \/>\n<meta property=\"og:image\" content=\"https:\/\/progettotouring.it\/radiotouring104\/wp-content\/uploads\/sites\/6\/2026\/03\/Nostro-Repaci-Premio-Digitale-Giovani.gif\" \/>\n\t<meta property=\"og:image:width\" content=\"631\" \/>\n\t<meta property=\"og:image:height\" content=\"419\" \/>\n\t<meta property=\"og:image:type\" content=\"image\/gif\" \/>\n<meta name=\"author\" content=\"redazione\" \/>\n<meta name=\"twitter:card\" content=\"summary_large_image\" \/>\n<meta name=\"twitter:label1\" content=\"Scritto da\" \/>\n\t<meta name=\"twitter:data1\" content=\"redazione\" \/>\n\t<meta name=\"twitter:label2\" content=\"Tempo di lettura stimato\" \/>\n\t<meta name=\"twitter:data2\" content=\"3 minuti\" \/>\n<script type=\"application\/ld+json\" class=\"yoast-schema-graph\">{\"@context\":\"https:\/\/schema.org\",\"@graph\":[{\"@type\":\"Article\",\"@id\":\"https:\/\/progettotouring.it\/radiotouring104\/2026\/03\/05\/villa-s-g-al-nostro-repaci-la-cerimonia-dellviii-edizione-del-premio-digitale-giovani\/#article\",\"isPartOf\":{\"@id\":\"https:\/\/progettotouring.it\/radiotouring104\/2026\/03\/05\/villa-s-g-al-nostro-repaci-la-cerimonia-dellviii-edizione-del-premio-digitale-giovani\/\"},\"author\":{\"name\":\"redazione\",\"@id\":\"https:\/\/progettotouring.it\/radiotouring104\/#\/schema\/person\/1b3eb3c07c47136bc44c785c543e635f\"},\"headline\":\"Villa S.G.: al &#8220;Nostro-Repaci&#8221; la cerimonia dell&#8217;VIII edizione del \u201cPremio digitale giovani\u201d\",\"datePublished\":\"2026-03-05T10:52:53+00:00\",\"dateModified\":\"2026-03-05T11:42:04+00:00\",\"mainEntityOfPage\":{\"@id\":\"https:\/\/progettotouring.it\/radiotouring104\/2026\/03\/05\/villa-s-g-al-nostro-repaci-la-cerimonia-dellviii-edizione-del-premio-digitale-giovani\/\"},\"wordCount\":638,\"publisher\":{\"@id\":\"https:\/\/progettotouring.it\/radiotouring104\/#organization\"},\"image\":{\"@id\":\"https:\/\/progettotouring.it\/radiotouring104\/2026\/03\/05\/villa-s-g-al-nostro-repaci-la-cerimonia-dellviii-edizione-del-premio-digitale-giovani\/#primaryimage\"},\"thumbnailUrl\":\"https:\/\/progettotouring.it\/radiotouring104\/wp-content\/uploads\/sites\/6\/2026\/03\/Nostro-Repaci-Premio-Digitale-Giovani.gif\",\"keywords\":[\"\u201cPremio digitale giovani\u201d\",\"filosofia\",\"Nostro \u2013 Repaci\",\"tecnologia\",\"VIII edizione\",\"villa san giovanni\"],\"articleSection\":[\"Home\",\"News\",\"Reggio Calabria\"],\"inLanguage\":\"it-IT\"},{\"@type\":\"WebPage\",\"@id\":\"https:\/\/progettotouring.it\/radiotouring104\/2026\/03\/05\/villa-s-g-al-nostro-repaci-la-cerimonia-dellviii-edizione-del-premio-digitale-giovani\/\",\"url\":\"https:\/\/progettotouring.it\/radiotouring104\/2026\/03\/05\/villa-s-g-al-nostro-repaci-la-cerimonia-dellviii-edizione-del-premio-digitale-giovani\/\",\"name\":\"Al \\\"Nostro-Repaci\\\" di Villa cerimonia del \u201cPremio digitale giovani\u201d\",\"isPartOf\":{\"@id\":\"https:\/\/progettotouring.it\/radiotouring104\/#website\"},\"primaryImageOfPage\":{\"@id\":\"https:\/\/progettotouring.it\/radiotouring104\/2026\/03\/05\/villa-s-g-al-nostro-repaci-la-cerimonia-dellviii-edizione-del-premio-digitale-giovani\/#primaryimage\"},\"image\":{\"@id\":\"https:\/\/progettotouring.it\/radiotouring104\/2026\/03\/05\/villa-s-g-al-nostro-repaci-la-cerimonia-dellviii-edizione-del-premio-digitale-giovani\/#primaryimage\"},\"thumbnailUrl\":\"https:\/\/progettotouring.it\/radiotouring104\/wp-content\/uploads\/sites\/6\/2026\/03\/Nostro-Repaci-Premio-Digitale-Giovani.gif\",\"datePublished\":\"2026-03-05T10:52:53+00:00\",\"dateModified\":\"2026-03-05T11:42:04+00:00\",\"description\":\"Svoilta il 3 marzo, presso l'Aula Magna dell'istituto, la cerimonia che ha saputo intrecciare filosofia e tecnologia\",\"breadcrumb\":{\"@id\":\"https:\/\/progettotouring.it\/radiotouring104\/2026\/03\/05\/villa-s-g-al-nostro-repaci-la-cerimonia-dellviii-edizione-del-premio-digitale-giovani\/#breadcrumb\"},\"inLanguage\":\"it-IT\",\"potentialAction\":[{\"@type\":\"ReadAction\",\"target\":[\"https:\/\/progettotouring.it\/radiotouring104\/2026\/03\/05\/villa-s-g-al-nostro-repaci-la-cerimonia-dellviii-edizione-del-premio-digitale-giovani\/\"]}]},{\"@type\":\"ImageObject\",\"inLanguage\":\"it-IT\",\"@id\":\"https:\/\/progettotouring.it\/radiotouring104\/2026\/03\/05\/villa-s-g-al-nostro-repaci-la-cerimonia-dellviii-edizione-del-premio-digitale-giovani\/#primaryimage\",\"url\":\"https:\/\/progettotouring.it\/radiotouring104\/wp-content\/uploads\/sites\/6\/2026\/03\/Nostro-Repaci-Premio-Digitale-Giovani.gif\",\"contentUrl\":\"https:\/\/progettotouring.it\/radiotouring104\/wp-content\/uploads\/sites\/6\/2026\/03\/Nostro-Repaci-Premio-Digitale-Giovani.gif\",\"width\":631,\"height\":419},{\"@type\":\"BreadcrumbList\",\"@id\":\"https:\/\/progettotouring.it\/radiotouring104\/2026\/03\/05\/villa-s-g-al-nostro-repaci-la-cerimonia-dellviii-edizione-del-premio-digitale-giovani\/#breadcrumb\",\"itemListElement\":[{\"@type\":\"ListItem\",\"position\":1,\"name\":\"Home\",\"item\":\"https:\/\/progettotouring.it\/radiotouring104\/\"},{\"@type\":\"ListItem\",\"position\":2,\"name\":\"Villa S.G.: al &#8220;Nostro-Repaci&#8221; la cerimonia dell&#8217;VIII edizione del \u201cPremio digitale giovani\u201d\"}]},{\"@type\":\"WebSite\",\"@id\":\"https:\/\/progettotouring.it\/radiotouring104\/#website\",\"url\":\"https:\/\/progettotouring.it\/radiotouring104\/\",\"name\":\"Radio Touring 104\",\"description\":\"La prima radio Reggina\",\"publisher\":{\"@id\":\"https:\/\/progettotouring.it\/radiotouring104\/#organization\"},\"potentialAction\":[{\"@type\":\"SearchAction\",\"target\":{\"@type\":\"EntryPoint\",\"urlTemplate\":\"https:\/\/progettotouring.it\/radiotouring104\/?s={search_term_string}\"},\"query-input\":{\"@type\":\"PropertyValueSpecification\",\"valueRequired\":true,\"valueName\":\"search_term_string\"}}],\"inLanguage\":\"it-IT\"},{\"@type\":\"Organization\",\"@id\":\"https:\/\/progettotouring.it\/radiotouring104\/#organization\",\"name\":\"Radio Touring 104\",\"url\":\"https:\/\/progettotouring.it\/radiotouring104\/\",\"logo\":{\"@type\":\"ImageObject\",\"inLanguage\":\"it-IT\",\"@id\":\"https:\/\/progettotouring.it\/radiotouring104\/#\/schema\/logo\/image\/\",\"url\":\"https:\/\/progettotouring.it\/radiotouring104\/wp-content\/uploads\/sites\/6\/2022\/02\/cropped-logo-radio-touring-104.png\",\"contentUrl\":\"https:\/\/progettotouring.it\/radiotouring104\/wp-content\/uploads\/sites\/6\/2022\/02\/cropped-logo-radio-touring-104.png\",\"width\":377,\"height\":182,\"caption\":\"Radio Touring 104\"},\"image\":{\"@id\":\"https:\/\/progettotouring.it\/radiotouring104\/#\/schema\/logo\/image\/\"}},{\"@type\":\"Person\",\"@id\":\"https:\/\/progettotouring.it\/radiotouring104\/#\/schema\/person\/1b3eb3c07c47136bc44c785c543e635f\",\"name\":\"redazione\",\"image\":{\"@type\":\"ImageObject\",\"inLanguage\":\"it-IT\",\"@id\":\"https:\/\/secure.gravatar.com\/avatar\/0b31605b49f100769e8b624b3e05de1b73e1692e9568a352f60f53fd072e6e11?s=96&d=mm&r=g\",\"url\":\"https:\/\/secure.gravatar.com\/avatar\/0b31605b49f100769e8b624b3e05de1b73e1692e9568a352f60f53fd072e6e11?s=96&d=mm&r=g\",\"contentUrl\":\"https:\/\/secure.gravatar.com\/avatar\/0b31605b49f100769e8b624b3e05de1b73e1692e9568a352f60f53fd072e6e11?s=96&d=mm&r=g\",\"caption\":\"redazione\"},\"url\":\"https:\/\/progettotouring.it\/radiotouring104\/author\/redazione\/\"}]}<\/script>\n<!-- \/ Yoast SEO plugin. -->","yoast_head_json":{"title":"Al \"Nostro-Repaci\" di Villa cerimonia del \u201cPremio digitale giovani\u201d","description":"Svoilta il 3 marzo, presso l'Aula Magna dell'istituto, la cerimonia che ha saputo intrecciare filosofia e tecnologia","robots":{"index":"index","follow":"follow","max-snippet":"max-snippet:-1","max-image-preview":"max-image-preview:large","max-video-preview":"max-video-preview:-1"},"canonical":"https:\/\/progettotouring.it\/radiotouring104\/2026\/03\/05\/villa-s-g-al-nostro-repaci-la-cerimonia-dellviii-edizione-del-premio-digitale-giovani\/","og_locale":"it_IT","og_type":"article","og_title":"Al \"Nostro-Repaci\" di Villa cerimonia del \u201cPremio digitale giovani\u201d","og_description":"Svoilta il 3 marzo, presso l'Aula Magna dell'istituto, la cerimonia che ha saputo intrecciare filosofia e tecnologia","og_url":"https:\/\/progettotouring.it\/radiotouring104\/2026\/03\/05\/villa-s-g-al-nostro-repaci-la-cerimonia-dellviii-edizione-del-premio-digitale-giovani\/","og_site_name":"Radio Touring 104","article_published_time":"2026-03-05T10:52:53+00:00","article_modified_time":"2026-03-05T11:42:04+00:00","og_image":[{"width":631,"height":419,"url":"https:\/\/progettotouring.it\/radiotouring104\/wp-content\/uploads\/sites\/6\/2026\/03\/Nostro-Repaci-Premio-Digitale-Giovani.gif","type":"image\/gif"}],"author":"redazione","twitter_card":"summary_large_image","twitter_misc":{"Scritto da":"redazione","Tempo di lettura stimato":"3 minuti"},"schema":{"@context":"https:\/\/schema.org","@graph":[{"@type":"Article","@id":"https:\/\/progettotouring.it\/radiotouring104\/2026\/03\/05\/villa-s-g-al-nostro-repaci-la-cerimonia-dellviii-edizione-del-premio-digitale-giovani\/#article","isPartOf":{"@id":"https:\/\/progettotouring.it\/radiotouring104\/2026\/03\/05\/villa-s-g-al-nostro-repaci-la-cerimonia-dellviii-edizione-del-premio-digitale-giovani\/"},"author":{"name":"redazione","@id":"https:\/\/progettotouring.it\/radiotouring104\/#\/schema\/person\/1b3eb3c07c47136bc44c785c543e635f"},"headline":"Villa S.G.: al &#8220;Nostro-Repaci&#8221; la cerimonia dell&#8217;VIII edizione del \u201cPremio digitale giovani\u201d","datePublished":"2026-03-05T10:52:53+00:00","dateModified":"2026-03-05T11:42:04+00:00","mainEntityOfPage":{"@id":"https:\/\/progettotouring.it\/radiotouring104\/2026\/03\/05\/villa-s-g-al-nostro-repaci-la-cerimonia-dellviii-edizione-del-premio-digitale-giovani\/"},"wordCount":638,"publisher":{"@id":"https:\/\/progettotouring.it\/radiotouring104\/#organization"},"image":{"@id":"https:\/\/progettotouring.it\/radiotouring104\/2026\/03\/05\/villa-s-g-al-nostro-repaci-la-cerimonia-dellviii-edizione-del-premio-digitale-giovani\/#primaryimage"},"thumbnailUrl":"https:\/\/progettotouring.it\/radiotouring104\/wp-content\/uploads\/sites\/6\/2026\/03\/Nostro-Repaci-Premio-Digitale-Giovani.gif","keywords":["\u201cPremio digitale giovani\u201d","filosofia","Nostro \u2013 Repaci","tecnologia","VIII edizione","villa san giovanni"],"articleSection":["Home","News","Reggio Calabria"],"inLanguage":"it-IT"},{"@type":"WebPage","@id":"https:\/\/progettotouring.it\/radiotouring104\/2026\/03\/05\/villa-s-g-al-nostro-repaci-la-cerimonia-dellviii-edizione-del-premio-digitale-giovani\/","url":"https:\/\/progettotouring.it\/radiotouring104\/2026\/03\/05\/villa-s-g-al-nostro-repaci-la-cerimonia-dellviii-edizione-del-premio-digitale-giovani\/","name":"Al \"Nostro-Repaci\" di Villa cerimonia del \u201cPremio digitale giovani\u201d","isPartOf":{"@id":"https:\/\/progettotouring.it\/radiotouring104\/#website"},"primaryImageOfPage":{"@id":"https:\/\/progettotouring.it\/radiotouring104\/2026\/03\/05\/villa-s-g-al-nostro-repaci-la-cerimonia-dellviii-edizione-del-premio-digitale-giovani\/#primaryimage"},"image":{"@id":"https:\/\/progettotouring.it\/radiotouring104\/2026\/03\/05\/villa-s-g-al-nostro-repaci-la-cerimonia-dellviii-edizione-del-premio-digitale-giovani\/#primaryimage"},"thumbnailUrl":"https:\/\/progettotouring.it\/radiotouring104\/wp-content\/uploads\/sites\/6\/2026\/03\/Nostro-Repaci-Premio-Digitale-Giovani.gif","datePublished":"2026-03-05T10:52:53+00:00","dateModified":"2026-03-05T11:42:04+00:00","description":"Svoilta il 3 marzo, presso l'Aula Magna dell'istituto, la cerimonia che ha saputo intrecciare filosofia e tecnologia","breadcrumb":{"@id":"https:\/\/progettotouring.it\/radiotouring104\/2026\/03\/05\/villa-s-g-al-nostro-repaci-la-cerimonia-dellviii-edizione-del-premio-digitale-giovani\/#breadcrumb"},"inLanguage":"it-IT","potentialAction":[{"@type":"ReadAction","target":["https:\/\/progettotouring.it\/radiotouring104\/2026\/03\/05\/villa-s-g-al-nostro-repaci-la-cerimonia-dellviii-edizione-del-premio-digitale-giovani\/"]}]},{"@type":"ImageObject","inLanguage":"it-IT","@id":"https:\/\/progettotouring.it\/radiotouring104\/2026\/03\/05\/villa-s-g-al-nostro-repaci-la-cerimonia-dellviii-edizione-del-premio-digitale-giovani\/#primaryimage","url":"https:\/\/progettotouring.it\/radiotouring104\/wp-content\/uploads\/sites\/6\/2026\/03\/Nostro-Repaci-Premio-Digitale-Giovani.gif","contentUrl":"https:\/\/progettotouring.it\/radiotouring104\/wp-content\/uploads\/sites\/6\/2026\/03\/Nostro-Repaci-Premio-Digitale-Giovani.gif","width":631,"height":419},{"@type":"BreadcrumbList","@id":"https:\/\/progettotouring.it\/radiotouring104\/2026\/03\/05\/villa-s-g-al-nostro-repaci-la-cerimonia-dellviii-edizione-del-premio-digitale-giovani\/#breadcrumb","itemListElement":[{"@type":"ListItem","position":1,"name":"Home","item":"https:\/\/progettotouring.it\/radiotouring104\/"},{"@type":"ListItem","position":2,"name":"Villa S.G.: al &#8220;Nostro-Repaci&#8221; la cerimonia dell&#8217;VIII edizione del \u201cPremio digitale giovani\u201d"}]},{"@type":"WebSite","@id":"https:\/\/progettotouring.it\/radiotouring104\/#website","url":"https:\/\/progettotouring.it\/radiotouring104\/","name":"Radio Touring 104","description":"La prima radio Reggina","publisher":{"@id":"https:\/\/progettotouring.it\/radiotouring104\/#organization"},"potentialAction":[{"@type":"SearchAction","target":{"@type":"EntryPoint","urlTemplate":"https:\/\/progettotouring.it\/radiotouring104\/?s={search_term_string}"},"query-input":{"@type":"PropertyValueSpecification","valueRequired":true,"valueName":"search_term_string"}}],"inLanguage":"it-IT"},{"@type":"Organization","@id":"https:\/\/progettotouring.it\/radiotouring104\/#organization","name":"Radio Touring 104","url":"https:\/\/progettotouring.it\/radiotouring104\/","logo":{"@type":"ImageObject","inLanguage":"it-IT","@id":"https:\/\/progettotouring.it\/radiotouring104\/#\/schema\/logo\/image\/","url":"https:\/\/progettotouring.it\/radiotouring104\/wp-content\/uploads\/sites\/6\/2022\/02\/cropped-logo-radio-touring-104.png","contentUrl":"https:\/\/progettotouring.it\/radiotouring104\/wp-content\/uploads\/sites\/6\/2022\/02\/cropped-logo-radio-touring-104.png","width":377,"height":182,"caption":"Radio Touring 104"},"image":{"@id":"https:\/\/progettotouring.it\/radiotouring104\/#\/schema\/logo\/image\/"}},{"@type":"Person","@id":"https:\/\/progettotouring.it\/radiotouring104\/#\/schema\/person\/1b3eb3c07c47136bc44c785c543e635f","name":"redazione","image":{"@type":"ImageObject","inLanguage":"it-IT","@id":"https:\/\/secure.gravatar.com\/avatar\/0b31605b49f100769e8b624b3e05de1b73e1692e9568a352f60f53fd072e6e11?s=96&d=mm&r=g","url":"https:\/\/secure.gravatar.com\/avatar\/0b31605b49f100769e8b624b3e05de1b73e1692e9568a352f60f53fd072e6e11?s=96&d=mm&r=g","contentUrl":"https:\/\/secure.gravatar.com\/avatar\/0b31605b49f100769e8b624b3e05de1b73e1692e9568a352f60f53fd072e6e11?s=96&d=mm&r=g","caption":"redazione"},"url":"https:\/\/progettotouring.it\/radiotouring104\/author\/redazione\/"}]}},"jetpack_publicize_connections":[],"jetpack_featured_media_url":"https:\/\/progettotouring.it\/radiotouring104\/wp-content\/uploads\/sites\/6\/2026\/03\/Nostro-Repaci-Premio-Digitale-Giovani.gif","jetpack_sharing_enabled":true,"_links":{"self":[{"href":"https:\/\/progettotouring.it\/radiotouring104\/wp-json\/wp\/v2\/posts\/91556","targetHints":{"allow":["GET"]}}],"collection":[{"href":"https:\/\/progettotouring.it\/radiotouring104\/wp-json\/wp\/v2\/posts"}],"about":[{"href":"https:\/\/progettotouring.it\/radiotouring104\/wp-json\/wp\/v2\/types\/post"}],"author":[{"embeddable":true,"href":"https:\/\/progettotouring.it\/radiotouring104\/wp-json\/wp\/v2\/users\/5"}],"replies":[{"embeddable":true,"href":"https:\/\/progettotouring.it\/radiotouring104\/wp-json\/wp\/v2\/comments?post=91556"}],"version-history":[{"count":1,"href":"https:\/\/progettotouring.it\/radiotouring104\/wp-json\/wp\/v2\/posts\/91556\/revisions"}],"predecessor-version":[{"id":91558,"href":"https:\/\/progettotouring.it\/radiotouring104\/wp-json\/wp\/v2\/posts\/91556\/revisions\/91558"}],"wp:featuredmedia":[{"embeddable":true,"href":"https:\/\/progettotouring.it\/radiotouring104\/wp-json\/wp\/v2\/media\/91557"}],"wp:attachment":[{"href":"https:\/\/progettotouring.it\/radiotouring104\/wp-json\/wp\/v2\/media?parent=91556"}],"wp:term":[{"taxonomy":"category","embeddable":true,"href":"https:\/\/progettotouring.it\/radiotouring104\/wp-json\/wp\/v2\/categories?post=91556"},{"taxonomy":"post_tag","embeddable":true,"href":"https:\/\/progettotouring.it\/radiotouring104\/wp-json\/wp\/v2\/tags?post=91556"}],"curies":[{"name":"wp","href":"https:\/\/api.w.org\/{rel}","templated":true}]}}