{"id":91559,"date":"2026-03-05T11:58:30","date_gmt":"2026-03-05T10:58:30","guid":{"rendered":"https:\/\/progettotouring.it\/radiotouring104\/?p=91559"},"modified":"2026-03-05T12:41:59","modified_gmt":"2026-03-05T11:41:59","slug":"nasce-a-san-ferdinando-la-fondazione-mask-its-academy","status":"publish","type":"post","link":"https:\/\/progettotouring.it\/radiotouring104\/2026\/03\/05\/nasce-a-san-ferdinando-la-fondazione-mask-its-academy\/","title":{"rendered":"Nasce a San Ferdinando la &#8220;Fondazione Mask ITS Academy&#8221;"},"content":{"rendered":"<p>Un percorso complementare tra formazione tecnica superiore e universitaria, che consente agli studenti ITS di proseguire gli studi con il riconoscimento dei crediti formativi universitari e di valorizzare le competenze acquisite nel biennio professionalizzante. Un modello, dunque, che supera l\u2019apparente alternativit\u00e0 tra ITS e laurea e offre ai giovani una continuit\u00e0 strutturata tra specializzazione tecnica, percorso accademico e inserimento qualificato nel mondo del lavoro.<\/p>\n<p>\u00c8 questo il cuore dell\u2019accordo sottoscritto tra la Fondazione Mask ITS Academy di San Ferdinando (Reggio Calabria) e l\u2019Universit\u00e0 Mercatorum \u2013 Universit\u00e0 Telematica delle Camere di Commercio Italiane, che avvia ufficialmente il progetto \u201cITS University\u201d.<\/p>\n<p>L\u2019intesa si inserisce in un pi\u00f9 ampio percorso di valorizzazione della Fondazione Mask ITS Academy sul territorio, gi\u00e0 protagonista dell\u2019iniziativa \u201cCalabria in Sviluppo\u201d, che ha promosso un roadshow nelle scuole della Calabria meridionale coinvolgendo oltre 250 studenti, con l\u2019obiettivo di far conoscere concretamente le opportunit\u00e0 offerte dai percorsi ITS e favorire scelte consapevoli orientate all\u2019occupabilit\u00e0.<\/p>\n<p>Grazie all\u2019accordo con l\u2019Universit\u00e0 Mercatorum, gli studenti ITS potranno proseguire il proprio iter accademico con il riconoscimento fino a 90\/120 CFU, accedendo ai corsi di laurea dell\u2019Ateneo tramite esami integrativi e piani di studio personalizzati. L\u2019intesa prevede inoltre co-progettazione didattica, sviluppo di progetti di ricerca congiunti, iniziative dedicate all\u2019occupazione giovanile, servizi di job placement e l\u2019istituzione di un tavolo permanente di confronto con il mondo del lavoro.<\/p>\n<p>Particolare rilievo assumono stage e tirocini presso aziende ed enti pubblici e privati, finalizzati all\u2019inserimento diretto dei giovani nel sistema produttivo, insieme ad agevolazioni economiche dedicate agli studenti ITS per facilitare l\u2019accesso alla formazione universitaria e contrastare le disuguaglianze. \u00c8 prevista anche l\u2019attivazione di sedi di orientamento didattico presso l\u2019ente convenzionato, rafforzando la presenza universitaria in Calabria e promuovendo un\u2019offerta formativa realmente accessibile.<\/p>\n<p>\u00abIl ruolo di un\u2019universit\u00e0 digitale \u00e8 innervare il tessuto formativo dei territori, portando conoscenza e opportunit\u00e0 ovunque e integrandosi con tutti gli strumenti della filiera educativa \u2013 sottolinea il professor\u00a0<strong>Giovanni Cannata<\/strong>, Rettore dell\u2019Universit\u00e0 Mercatorum \u2013. Gli ITS rappresentano un tassello fondamentale di questo sistema: la formazione deve essere continua, modulare e capace di rispondere ai fabbisogni emergenti, accompagnando i giovani lungo tutto l\u2019arco della vita professionale\u00bb.<\/p>\n<p>\u00abQuesta firma \u00e8 il punto di arrivo di un percorso condiviso tra Ateneo, ITS e territorio, ma anche un nuovo inizio \u2013 afferma\u00a0<strong>Gianpaolo Basile<\/strong>, docente di Economia e Gestione dell\u2019Impresa e Delegato alla Terza Missione dell\u2019Universit\u00e0 Mercatorum \u2013. Il riconoscimento dei crediti e l\u2019integrazione dei percorsi formativi rientrano in una pi\u00f9 ampia strategia di innovazione sociale, volta a sviluppare competenze per il mercato del lavoro e per l\u2019autoimprenditorialit\u00e0, rafforzando il legame tra formazione e sviluppo locale\u00bb.<\/p>\n<p>\u00abQuesto accordo, fortemente voluto e oggi formalizzato, offre la concreta possibilit\u00e0 di completare un percorso nato per garantire ai nostri giovani un\u2019opportunit\u00e0 reale di crescita nel territorio \u2013 afferma\u00a0<strong>Domenico Vecchio<\/strong>, Presidente della Fondazione Mask ITS Academy \u2013. Ringrazio il Rettore Cannata: Mercatorum \u00e8 un elemento chiave per connettere formazione e sistema delle imprese, contribuendo in modo decisivo all\u2019ingresso qualificato dei ragazzi nel mondo del lavoro\u00bb.<\/p>\n<p>\u00abPer i nostri studenti si apre una nuova prospettiva: al biennio ITS si affianca la possibilit\u00e0 di iscriversi al terzo anno universitario e conseguire la laurea triennale, con la flessibilit\u00e0 di lavorare e studiare grazie agli strumenti digitali dell\u2019Ateneo \u2013 sottolinea\u00a0<strong>Domenico Napoli<\/strong>, Direttore della Fondazione Mask ITS Academy \u2013. Per il territorio significa costruire un asse stabile tra ITS e Universit\u00e0 per promuovere ricerca, innovazione e sviluppo, soprattutto in un\u2019area strategica come Gioia Tauro, che necessita di competenze qualificate\u00bb.<\/p>\n<p>\u00abQuesto accordo consolida la convergenza tra istituzioni, mondo accademico e imprese \u2013 dichiara\u00a0<strong>Gianluca Gaetano<\/strong>, Sindaco di San Ferdinando \u2013. Siamo orgogliosi che il nostro ITS entri in una rete pi\u00f9 ampia: vogliamo un territorio capace di coltivare talenti attraverso cooperazione, innovazione e contaminazione di idee. Questa partnership rafforza la nostra visione a vantaggio delle comunit\u00e0 e dei giovani, che potranno presto beneficiare anche di un campus proprio a San Ferdinando\u00bb.<\/p>\n<p>L\u2019intesa rappresenta un passo strategico verso un sistema formativo integrato e orientato all\u2019occupabilit\u00e0, capace di collegare formazione tecnico-superiore, universit\u00e0 e mondo produttivo. Con \u201cITS University\u201d, Fondazione Mask e Universit\u00e0 Mercatorum rafforzano un\u2019alleanza finalizzata a generare sviluppo, valorizzare il capitale umano e costruire per i giovani percorsi flessibili, concreti e coerenti con le esigenze delle imprese.<\/p>\n<p><em>\u00a0<\/em><\/p>\n<p><strong>Ufficio Stampa Fondazione Mask ITS Academy<\/strong><\/p>\n","protected":false},"excerpt":{"rendered":"<p>Un percorso complementare tra formazione tecnica superiore e universitaria, che consente agli studenti ITS di proseguire gli studi con il riconoscimento dei crediti formativi universitari e di valorizzare le competenze&hellip;<\/p>\n","protected":false},"author":5,"featured_media":91560,"comment_status":"closed","ping_status":"open","sticky":false,"template":"","format":"standard","meta":{"_jetpack_memberships_contains_paid_content":false,"footnotes":"","jetpack_publicize_message":"","jetpack_publicize_feature_enabled":true,"jetpack_social_post_already_shared":true,"jetpack_social_options":{"image_generator_settings":{"template":"highway","default_image_id":0,"font":"","enabled":false},"version":2}},"categories":[921,196,140],"tags":[50797,51562,2506,51563],"class_list":["post-91559","post","type-post","status-publish","format-standard","has-post-thumbnail","hentry","category-home","category-news","category-reggio-calabria","tag-fondazione-mask-its-academy","tag-percorsi-integrati-its-universita","tag-san-ferdinando","tag-universita-mercatorum"],"yoast_head":"<!-- This site is optimized with the Yoast SEO plugin v27.2 - https:\/\/yoast.com\/product\/yoast-seo-wordpress\/ -->\n<title>Nasce a San Ferdinando la &quot;Fondazione Mask ITS Academy&quot;<\/title>\n<meta name=\"description\" content=\"L&#039;accordo tra Fondazione Mask ITS Academy e Universit\u00e0 Mercatorum volto verso percorsi integrati ITS\u2013Universit\u00e0\" \/>\n<meta name=\"robots\" content=\"index, follow, max-snippet:-1, max-image-preview:large, max-video-preview:-1\" \/>\n<link rel=\"canonical\" href=\"https:\/\/progettotouring.it\/radiotouring104\/2026\/03\/05\/nasce-a-san-ferdinando-la-fondazione-mask-its-academy\/\" \/>\n<meta property=\"og:locale\" content=\"it_IT\" \/>\n<meta property=\"og:type\" content=\"article\" \/>\n<meta property=\"og:title\" content=\"Nasce a San Ferdinando la &quot;Fondazione Mask ITS Academy&quot;\" \/>\n<meta property=\"og:description\" content=\"L&#039;accordo tra Fondazione Mask ITS Academy e Universit\u00e0 Mercatorum volto verso percorsi integrati ITS\u2013Universit\u00e0\" \/>\n<meta property=\"og:url\" content=\"https:\/\/progettotouring.it\/radiotouring104\/2026\/03\/05\/nasce-a-san-ferdinando-la-fondazione-mask-its-academy\/\" \/>\n<meta property=\"og:site_name\" content=\"Radio Touring 104\" \/>\n<meta property=\"article:published_time\" content=\"2026-03-05T10:58:30+00:00\" \/>\n<meta property=\"article:modified_time\" content=\"2026-03-05T11:41:59+00:00\" \/>\n<meta property=\"og:image\" content=\"https:\/\/progettotouring.it\/radiotouring104\/wp-content\/uploads\/sites\/6\/2026\/03\/foto-stretta-di-mano-fondazione-mask-mercatorum.jpeg\" \/>\n\t<meta property=\"og:image:width\" content=\"1600\" \/>\n\t<meta property=\"og:image:height\" content=\"1066\" \/>\n\t<meta property=\"og:image:type\" content=\"image\/jpeg\" \/>\n<meta name=\"author\" content=\"redazione\" \/>\n<meta name=\"twitter:card\" content=\"summary_large_image\" \/>\n<meta name=\"twitter:label1\" content=\"Scritto da\" \/>\n\t<meta name=\"twitter:data1\" content=\"redazione\" \/>\n\t<meta name=\"twitter:label2\" content=\"Tempo di lettura stimato\" \/>\n\t<meta name=\"twitter:data2\" content=\"4 minuti\" \/>\n<script type=\"application\/ld+json\" class=\"yoast-schema-graph\">{\"@context\":\"https:\/\/schema.org\",\"@graph\":[{\"@type\":\"Article\",\"@id\":\"https:\/\/progettotouring.it\/radiotouring104\/2026\/03\/05\/nasce-a-san-ferdinando-la-fondazione-mask-its-academy\/#article\",\"isPartOf\":{\"@id\":\"https:\/\/progettotouring.it\/radiotouring104\/2026\/03\/05\/nasce-a-san-ferdinando-la-fondazione-mask-its-academy\/\"},\"author\":{\"name\":\"redazione\",\"@id\":\"https:\/\/progettotouring.it\/radiotouring104\/#\/schema\/person\/1b3eb3c07c47136bc44c785c543e635f\"},\"headline\":\"Nasce a San Ferdinando la &#8220;Fondazione Mask ITS Academy&#8221;\",\"datePublished\":\"2026-03-05T10:58:30+00:00\",\"dateModified\":\"2026-03-05T11:41:59+00:00\",\"mainEntityOfPage\":{\"@id\":\"https:\/\/progettotouring.it\/radiotouring104\/2026\/03\/05\/nasce-a-san-ferdinando-la-fondazione-mask-its-academy\/\"},\"wordCount\":729,\"publisher\":{\"@id\":\"https:\/\/progettotouring.it\/radiotouring104\/#organization\"},\"image\":{\"@id\":\"https:\/\/progettotouring.it\/radiotouring104\/2026\/03\/05\/nasce-a-san-ferdinando-la-fondazione-mask-its-academy\/#primaryimage\"},\"thumbnailUrl\":\"https:\/\/progettotouring.it\/radiotouring104\/wp-content\/uploads\/sites\/6\/2026\/03\/foto-stretta-di-mano-fondazione-mask-mercatorum.jpeg\",\"keywords\":[\"Fondazione \\\"Mask ITS Academy\\\"\",\"percorsi integrati ITS\u2013Universit\u00e0\",\"san ferdinando\",\"Universit\u00e0 Mercatorum\"],\"articleSection\":[\"Home\",\"News\",\"Reggio Calabria\"],\"inLanguage\":\"it-IT\"},{\"@type\":\"WebPage\",\"@id\":\"https:\/\/progettotouring.it\/radiotouring104\/2026\/03\/05\/nasce-a-san-ferdinando-la-fondazione-mask-its-academy\/\",\"url\":\"https:\/\/progettotouring.it\/radiotouring104\/2026\/03\/05\/nasce-a-san-ferdinando-la-fondazione-mask-its-academy\/\",\"name\":\"Nasce a San Ferdinando la \\\"Fondazione Mask ITS Academy\\\"\",\"isPartOf\":{\"@id\":\"https:\/\/progettotouring.it\/radiotouring104\/#website\"},\"primaryImageOfPage\":{\"@id\":\"https:\/\/progettotouring.it\/radiotouring104\/2026\/03\/05\/nasce-a-san-ferdinando-la-fondazione-mask-its-academy\/#primaryimage\"},\"image\":{\"@id\":\"https:\/\/progettotouring.it\/radiotouring104\/2026\/03\/05\/nasce-a-san-ferdinando-la-fondazione-mask-its-academy\/#primaryimage\"},\"thumbnailUrl\":\"https:\/\/progettotouring.it\/radiotouring104\/wp-content\/uploads\/sites\/6\/2026\/03\/foto-stretta-di-mano-fondazione-mask-mercatorum.jpeg\",\"datePublished\":\"2026-03-05T10:58:30+00:00\",\"dateModified\":\"2026-03-05T11:41:59+00:00\",\"description\":\"L'accordo tra Fondazione Mask ITS Academy e Universit\u00e0 Mercatorum volto verso percorsi integrati ITS\u2013Universit\u00e0\",\"breadcrumb\":{\"@id\":\"https:\/\/progettotouring.it\/radiotouring104\/2026\/03\/05\/nasce-a-san-ferdinando-la-fondazione-mask-its-academy\/#breadcrumb\"},\"inLanguage\":\"it-IT\",\"potentialAction\":[{\"@type\":\"ReadAction\",\"target\":[\"https:\/\/progettotouring.it\/radiotouring104\/2026\/03\/05\/nasce-a-san-ferdinando-la-fondazione-mask-its-academy\/\"]}]},{\"@type\":\"ImageObject\",\"inLanguage\":\"it-IT\",\"@id\":\"https:\/\/progettotouring.it\/radiotouring104\/2026\/03\/05\/nasce-a-san-ferdinando-la-fondazione-mask-its-academy\/#primaryimage\",\"url\":\"https:\/\/progettotouring.it\/radiotouring104\/wp-content\/uploads\/sites\/6\/2026\/03\/foto-stretta-di-mano-fondazione-mask-mercatorum.jpeg\",\"contentUrl\":\"https:\/\/progettotouring.it\/radiotouring104\/wp-content\/uploads\/sites\/6\/2026\/03\/foto-stretta-di-mano-fondazione-mask-mercatorum.jpeg\",\"width\":1600,\"height\":1066},{\"@type\":\"BreadcrumbList\",\"@id\":\"https:\/\/progettotouring.it\/radiotouring104\/2026\/03\/05\/nasce-a-san-ferdinando-la-fondazione-mask-its-academy\/#breadcrumb\",\"itemListElement\":[{\"@type\":\"ListItem\",\"position\":1,\"name\":\"Home\",\"item\":\"https:\/\/progettotouring.it\/radiotouring104\/\"},{\"@type\":\"ListItem\",\"position\":2,\"name\":\"Nasce a San Ferdinando la &#8220;Fondazione Mask ITS Academy&#8221;\"}]},{\"@type\":\"WebSite\",\"@id\":\"https:\/\/progettotouring.it\/radiotouring104\/#website\",\"url\":\"https:\/\/progettotouring.it\/radiotouring104\/\",\"name\":\"Radio Touring 104\",\"description\":\"La prima radio Reggina\",\"publisher\":{\"@id\":\"https:\/\/progettotouring.it\/radiotouring104\/#organization\"},\"potentialAction\":[{\"@type\":\"SearchAction\",\"target\":{\"@type\":\"EntryPoint\",\"urlTemplate\":\"https:\/\/progettotouring.it\/radiotouring104\/?s={search_term_string}\"},\"query-input\":{\"@type\":\"PropertyValueSpecification\",\"valueRequired\":true,\"valueName\":\"search_term_string\"}}],\"inLanguage\":\"it-IT\"},{\"@type\":\"Organization\",\"@id\":\"https:\/\/progettotouring.it\/radiotouring104\/#organization\",\"name\":\"Radio Touring 104\",\"url\":\"https:\/\/progettotouring.it\/radiotouring104\/\",\"logo\":{\"@type\":\"ImageObject\",\"inLanguage\":\"it-IT\",\"@id\":\"https:\/\/progettotouring.it\/radiotouring104\/#\/schema\/logo\/image\/\",\"url\":\"https:\/\/progettotouring.it\/radiotouring104\/wp-content\/uploads\/sites\/6\/2022\/02\/cropped-logo-radio-touring-104.png\",\"contentUrl\":\"https:\/\/progettotouring.it\/radiotouring104\/wp-content\/uploads\/sites\/6\/2022\/02\/cropped-logo-radio-touring-104.png\",\"width\":377,\"height\":182,\"caption\":\"Radio Touring 104\"},\"image\":{\"@id\":\"https:\/\/progettotouring.it\/radiotouring104\/#\/schema\/logo\/image\/\"}},{\"@type\":\"Person\",\"@id\":\"https:\/\/progettotouring.it\/radiotouring104\/#\/schema\/person\/1b3eb3c07c47136bc44c785c543e635f\",\"name\":\"redazione\",\"image\":{\"@type\":\"ImageObject\",\"inLanguage\":\"it-IT\",\"@id\":\"https:\/\/secure.gravatar.com\/avatar\/0b31605b49f100769e8b624b3e05de1b73e1692e9568a352f60f53fd072e6e11?s=96&d=mm&r=g\",\"url\":\"https:\/\/secure.gravatar.com\/avatar\/0b31605b49f100769e8b624b3e05de1b73e1692e9568a352f60f53fd072e6e11?s=96&d=mm&r=g\",\"contentUrl\":\"https:\/\/secure.gravatar.com\/avatar\/0b31605b49f100769e8b624b3e05de1b73e1692e9568a352f60f53fd072e6e11?s=96&d=mm&r=g\",\"caption\":\"redazione\"},\"url\":\"https:\/\/progettotouring.it\/radiotouring104\/author\/redazione\/\"}]}<\/script>\n<!-- \/ Yoast SEO plugin. -->","yoast_head_json":{"title":"Nasce a San Ferdinando la \"Fondazione Mask ITS Academy\"","description":"L'accordo tra Fondazione Mask ITS Academy e Universit\u00e0 Mercatorum volto verso percorsi integrati ITS\u2013Universit\u00e0","robots":{"index":"index","follow":"follow","max-snippet":"max-snippet:-1","max-image-preview":"max-image-preview:large","max-video-preview":"max-video-preview:-1"},"canonical":"https:\/\/progettotouring.it\/radiotouring104\/2026\/03\/05\/nasce-a-san-ferdinando-la-fondazione-mask-its-academy\/","og_locale":"it_IT","og_type":"article","og_title":"Nasce a San Ferdinando la \"Fondazione Mask ITS Academy\"","og_description":"L'accordo tra Fondazione Mask ITS Academy e Universit\u00e0 Mercatorum volto verso percorsi integrati ITS\u2013Universit\u00e0","og_url":"https:\/\/progettotouring.it\/radiotouring104\/2026\/03\/05\/nasce-a-san-ferdinando-la-fondazione-mask-its-academy\/","og_site_name":"Radio Touring 104","article_published_time":"2026-03-05T10:58:30+00:00","article_modified_time":"2026-03-05T11:41:59+00:00","og_image":[{"width":1600,"height":1066,"url":"https:\/\/progettotouring.it\/radiotouring104\/wp-content\/uploads\/sites\/6\/2026\/03\/foto-stretta-di-mano-fondazione-mask-mercatorum.jpeg","type":"image\/jpeg"}],"author":"redazione","twitter_card":"summary_large_image","twitter_misc":{"Scritto da":"redazione","Tempo di lettura stimato":"4 minuti"},"schema":{"@context":"https:\/\/schema.org","@graph":[{"@type":"Article","@id":"https:\/\/progettotouring.it\/radiotouring104\/2026\/03\/05\/nasce-a-san-ferdinando-la-fondazione-mask-its-academy\/#article","isPartOf":{"@id":"https:\/\/progettotouring.it\/radiotouring104\/2026\/03\/05\/nasce-a-san-ferdinando-la-fondazione-mask-its-academy\/"},"author":{"name":"redazione","@id":"https:\/\/progettotouring.it\/radiotouring104\/#\/schema\/person\/1b3eb3c07c47136bc44c785c543e635f"},"headline":"Nasce a San Ferdinando la &#8220;Fondazione Mask ITS Academy&#8221;","datePublished":"2026-03-05T10:58:30+00:00","dateModified":"2026-03-05T11:41:59+00:00","mainEntityOfPage":{"@id":"https:\/\/progettotouring.it\/radiotouring104\/2026\/03\/05\/nasce-a-san-ferdinando-la-fondazione-mask-its-academy\/"},"wordCount":729,"publisher":{"@id":"https:\/\/progettotouring.it\/radiotouring104\/#organization"},"image":{"@id":"https:\/\/progettotouring.it\/radiotouring104\/2026\/03\/05\/nasce-a-san-ferdinando-la-fondazione-mask-its-academy\/#primaryimage"},"thumbnailUrl":"https:\/\/progettotouring.it\/radiotouring104\/wp-content\/uploads\/sites\/6\/2026\/03\/foto-stretta-di-mano-fondazione-mask-mercatorum.jpeg","keywords":["Fondazione \"Mask ITS Academy\"","percorsi integrati ITS\u2013Universit\u00e0","san ferdinando","Universit\u00e0 Mercatorum"],"articleSection":["Home","News","Reggio Calabria"],"inLanguage":"it-IT"},{"@type":"WebPage","@id":"https:\/\/progettotouring.it\/radiotouring104\/2026\/03\/05\/nasce-a-san-ferdinando-la-fondazione-mask-its-academy\/","url":"https:\/\/progettotouring.it\/radiotouring104\/2026\/03\/05\/nasce-a-san-ferdinando-la-fondazione-mask-its-academy\/","name":"Nasce a San Ferdinando la \"Fondazione Mask ITS Academy\"","isPartOf":{"@id":"https:\/\/progettotouring.it\/radiotouring104\/#website"},"primaryImageOfPage":{"@id":"https:\/\/progettotouring.it\/radiotouring104\/2026\/03\/05\/nasce-a-san-ferdinando-la-fondazione-mask-its-academy\/#primaryimage"},"image":{"@id":"https:\/\/progettotouring.it\/radiotouring104\/2026\/03\/05\/nasce-a-san-ferdinando-la-fondazione-mask-its-academy\/#primaryimage"},"thumbnailUrl":"https:\/\/progettotouring.it\/radiotouring104\/wp-content\/uploads\/sites\/6\/2026\/03\/foto-stretta-di-mano-fondazione-mask-mercatorum.jpeg","datePublished":"2026-03-05T10:58:30+00:00","dateModified":"2026-03-05T11:41:59+00:00","description":"L'accordo tra Fondazione Mask ITS Academy e Universit\u00e0 Mercatorum volto verso percorsi integrati ITS\u2013Universit\u00e0","breadcrumb":{"@id":"https:\/\/progettotouring.it\/radiotouring104\/2026\/03\/05\/nasce-a-san-ferdinando-la-fondazione-mask-its-academy\/#breadcrumb"},"inLanguage":"it-IT","potentialAction":[{"@type":"ReadAction","target":["https:\/\/progettotouring.it\/radiotouring104\/2026\/03\/05\/nasce-a-san-ferdinando-la-fondazione-mask-its-academy\/"]}]},{"@type":"ImageObject","inLanguage":"it-IT","@id":"https:\/\/progettotouring.it\/radiotouring104\/2026\/03\/05\/nasce-a-san-ferdinando-la-fondazione-mask-its-academy\/#primaryimage","url":"https:\/\/progettotouring.it\/radiotouring104\/wp-content\/uploads\/sites\/6\/2026\/03\/foto-stretta-di-mano-fondazione-mask-mercatorum.jpeg","contentUrl":"https:\/\/progettotouring.it\/radiotouring104\/wp-content\/uploads\/sites\/6\/2026\/03\/foto-stretta-di-mano-fondazione-mask-mercatorum.jpeg","width":1600,"height":1066},{"@type":"BreadcrumbList","@id":"https:\/\/progettotouring.it\/radiotouring104\/2026\/03\/05\/nasce-a-san-ferdinando-la-fondazione-mask-its-academy\/#breadcrumb","itemListElement":[{"@type":"ListItem","position":1,"name":"Home","item":"https:\/\/progettotouring.it\/radiotouring104\/"},{"@type":"ListItem","position":2,"name":"Nasce a San Ferdinando la &#8220;Fondazione Mask ITS Academy&#8221;"}]},{"@type":"WebSite","@id":"https:\/\/progettotouring.it\/radiotouring104\/#website","url":"https:\/\/progettotouring.it\/radiotouring104\/","name":"Radio Touring 104","description":"La prima radio Reggina","publisher":{"@id":"https:\/\/progettotouring.it\/radiotouring104\/#organization"},"potentialAction":[{"@type":"SearchAction","target":{"@type":"EntryPoint","urlTemplate":"https:\/\/progettotouring.it\/radiotouring104\/?s={search_term_string}"},"query-input":{"@type":"PropertyValueSpecification","valueRequired":true,"valueName":"search_term_string"}}],"inLanguage":"it-IT"},{"@type":"Organization","@id":"https:\/\/progettotouring.it\/radiotouring104\/#organization","name":"Radio Touring 104","url":"https:\/\/progettotouring.it\/radiotouring104\/","logo":{"@type":"ImageObject","inLanguage":"it-IT","@id":"https:\/\/progettotouring.it\/radiotouring104\/#\/schema\/logo\/image\/","url":"https:\/\/progettotouring.it\/radiotouring104\/wp-content\/uploads\/sites\/6\/2022\/02\/cropped-logo-radio-touring-104.png","contentUrl":"https:\/\/progettotouring.it\/radiotouring104\/wp-content\/uploads\/sites\/6\/2022\/02\/cropped-logo-radio-touring-104.png","width":377,"height":182,"caption":"Radio Touring 104"},"image":{"@id":"https:\/\/progettotouring.it\/radiotouring104\/#\/schema\/logo\/image\/"}},{"@type":"Person","@id":"https:\/\/progettotouring.it\/radiotouring104\/#\/schema\/person\/1b3eb3c07c47136bc44c785c543e635f","name":"redazione","image":{"@type":"ImageObject","inLanguage":"it-IT","@id":"https:\/\/secure.gravatar.com\/avatar\/0b31605b49f100769e8b624b3e05de1b73e1692e9568a352f60f53fd072e6e11?s=96&d=mm&r=g","url":"https:\/\/secure.gravatar.com\/avatar\/0b31605b49f100769e8b624b3e05de1b73e1692e9568a352f60f53fd072e6e11?s=96&d=mm&r=g","contentUrl":"https:\/\/secure.gravatar.com\/avatar\/0b31605b49f100769e8b624b3e05de1b73e1692e9568a352f60f53fd072e6e11?s=96&d=mm&r=g","caption":"redazione"},"url":"https:\/\/progettotouring.it\/radiotouring104\/author\/redazione\/"}]}},"jetpack_publicize_connections":[],"jetpack_featured_media_url":"https:\/\/progettotouring.it\/radiotouring104\/wp-content\/uploads\/sites\/6\/2026\/03\/foto-stretta-di-mano-fondazione-mask-mercatorum.jpeg","jetpack_sharing_enabled":true,"_links":{"self":[{"href":"https:\/\/progettotouring.it\/radiotouring104\/wp-json\/wp\/v2\/posts\/91559","targetHints":{"allow":["GET"]}}],"collection":[{"href":"https:\/\/progettotouring.it\/radiotouring104\/wp-json\/wp\/v2\/posts"}],"about":[{"href":"https:\/\/progettotouring.it\/radiotouring104\/wp-json\/wp\/v2\/types\/post"}],"author":[{"embeddable":true,"href":"https:\/\/progettotouring.it\/radiotouring104\/wp-json\/wp\/v2\/users\/5"}],"replies":[{"embeddable":true,"href":"https:\/\/progettotouring.it\/radiotouring104\/wp-json\/wp\/v2\/comments?post=91559"}],"version-history":[{"count":1,"href":"https:\/\/progettotouring.it\/radiotouring104\/wp-json\/wp\/v2\/posts\/91559\/revisions"}],"predecessor-version":[{"id":91561,"href":"https:\/\/progettotouring.it\/radiotouring104\/wp-json\/wp\/v2\/posts\/91559\/revisions\/91561"}],"wp:featuredmedia":[{"embeddable":true,"href":"https:\/\/progettotouring.it\/radiotouring104\/wp-json\/wp\/v2\/media\/91560"}],"wp:attachment":[{"href":"https:\/\/progettotouring.it\/radiotouring104\/wp-json\/wp\/v2\/media?parent=91559"}],"wp:term":[{"taxonomy":"category","embeddable":true,"href":"https:\/\/progettotouring.it\/radiotouring104\/wp-json\/wp\/v2\/categories?post=91559"},{"taxonomy":"post_tag","embeddable":true,"href":"https:\/\/progettotouring.it\/radiotouring104\/wp-json\/wp\/v2\/tags?post=91559"}],"curies":[{"name":"wp","href":"https:\/\/api.w.org\/{rel}","templated":true}]}}