{"id":91786,"date":"2026-03-10T10:31:36","date_gmt":"2026-03-10T09:31:36","guid":{"rendered":"https:\/\/progettotouring.it\/radiotouring104\/?p=91786"},"modified":"2026-03-10T12:52:01","modified_gmt":"2026-03-10T11:52:01","slug":"trionfo-della-domotek-in-coppa-italia-dal-monte-la-soddisfazione-di-versace-e-latella","status":"publish","type":"post","link":"https:\/\/progettotouring.it\/radiotouring104\/2026\/03\/10\/trionfo-della-domotek-in-coppa-italia-dal-monte-la-soddisfazione-di-versace-e-latella\/","title":{"rendered":"Trionfo della Domotek in Coppa Italia &#8220;Dal Monte&#8221;: la soddisfazione di Versace e Latella"},"content":{"rendered":"<div>\n<p>\u201cUna vittoria storica, che rende lustro alla nostra citt\u00e0 e che inorgoglisce la grande comunit\u00e0 sportiva che anima il nostro territorio metropolitano\u201d &#8211; sono le parole del Sindaco facente funzioni della Citt\u00e0 Metropolitana Carmelo Versace e del Consigliere delegato allo sport Giovanni Latella.<\/p>\n<p>\u201cComplimenti alla societ\u00e0, allo staff e soprattutto agli atleti &#8211; hanno aggiunto &#8211; che hanno saputo gettare il cuore oltre l\u2019ostacolo, rimontando di due set la finale che \u00e8 valsa il tetto d\u2019Italia, nella competizione di Coppa di Serie A3. Un traguardo incredibile, se si considera la giovane storia di una societ\u00e0 che sta facendo rinnamorare i reggini ad uno sport che, per la nostra citt\u00e0, per troppo tempo \u00e8 rimasto lontano dai riflettori importanti\u201d.<\/p>\n<p>\u201cIl nostro \u2018Grazie\u2019 dunque alla Domotek &#8211; hanno concluso Versace e Latella &#8211; per le emozioni che stanno regalando agli appassionati e non solo, con l\u2019assoluta consapevolezza che questi risultati sono il frutto di sacrificio, dedizione al lavoro e soprattutto di un\u2019attenta programmazione, degna di una grande societ\u00e0 sportiva\u201d.<\/p>\n<\/div>\n<div>\n<div class=\"gmail_signature\" dir=\"ltr\" data-smartmail=\"gmail_signature\">\n<div dir=\"ltr\">\n<div>\n<div><\/div>\n<\/div>\n<\/div>\n<\/div>\n<\/div>\n","protected":false},"excerpt":{"rendered":"<p>\u201cUna vittoria storica, che rende lustro alla nostra citt\u00e0 e che inorgoglisce la grande comunit\u00e0 sportiva che anima il nostro territorio metropolitano\u201d &#8211; sono le parole del Sindaco facente funzioni&hellip;<\/p>\n","protected":false},"author":5,"featured_media":91679,"comment_status":"closed","ping_status":"open","sticky":false,"template":"","format":"standard","meta":{"_jetpack_memberships_contains_paid_content":false,"footnotes":"","jetpack_publicize_message":"","jetpack_publicize_feature_enabled":true,"jetpack_social_post_already_shared":true,"jetpack_social_options":{"image_generator_settings":{"template":"highway","default_image_id":0,"font":"","enabled":false},"version":2}},"categories":[196,140,144],"tags":[239,16040,26780,51706,37694,51694,51705],"class_list":["post-91786","post","type-post","status-publish","format-standard","has-post-thumbnail","hentry","category-news","category-reggio-calabria","category-sport","tag-carmelo-versace","tag-consigliere-comunale-latella-giovanni","tag-domotek-volley-reggio-calabria","tag-lustro-reggio-sportiva","tag-soddisfazione","tag-vittoria-coppa-italia-dal-monte","tag-vittoria-storica"],"yoast_head":"<!-- This site is optimized with the Yoast SEO plugin v27.2 - https:\/\/yoast.com\/product\/yoast-seo-wordpress\/ -->\n<title>Vittoria in Coppa Italia della Domotek: Versace e Latella soddisfatti<\/title>\n<meta name=\"description\" content=\"\u201cVittoria storica, un lustro per la Reggio sportiva&quot;, dichiarano il Sindaco Metropolitano ff ed il Consigliere Delegato allo Sport\" \/>\n<meta name=\"robots\" content=\"index, follow, max-snippet:-1, max-image-preview:large, max-video-preview:-1\" \/>\n<link rel=\"canonical\" href=\"https:\/\/progettotouring.it\/radiotouring104\/2026\/03\/10\/trionfo-della-domotek-in-coppa-italia-dal-monte-la-soddisfazione-di-versace-e-latella\/\" \/>\n<meta property=\"og:locale\" content=\"it_IT\" \/>\n<meta property=\"og:type\" content=\"article\" \/>\n<meta property=\"og:title\" content=\"Vittoria in Coppa Italia della Domotek: Versace e Latella soddisfatti\" \/>\n<meta property=\"og:description\" content=\"\u201cVittoria storica, un lustro per la Reggio sportiva&quot;, dichiarano il Sindaco Metropolitano ff ed il Consigliere Delegato allo Sport\" \/>\n<meta property=\"og:url\" content=\"https:\/\/progettotouring.it\/radiotouring104\/2026\/03\/10\/trionfo-della-domotek-in-coppa-italia-dal-monte-la-soddisfazione-di-versace-e-latella\/\" \/>\n<meta property=\"og:site_name\" content=\"Radio Touring 104\" \/>\n<meta property=\"article:published_time\" content=\"2026-03-10T09:31:36+00:00\" \/>\n<meta property=\"article:modified_time\" content=\"2026-03-10T11:52:01+00:00\" \/>\n<meta property=\"og:image\" content=\"https:\/\/progettotouring.it\/radiotouring104\/wp-content\/uploads\/sites\/6\/2026\/03\/IMMAGINI-X-SITO-94.jpg\" \/>\n\t<meta property=\"og:image:width\" content=\"2000\" \/>\n\t<meta property=\"og:image:height\" content=\"1545\" \/>\n\t<meta property=\"og:image:type\" content=\"image\/jpeg\" \/>\n<meta name=\"author\" content=\"redazione\" \/>\n<meta name=\"twitter:card\" content=\"summary_large_image\" \/>\n<meta name=\"twitter:label1\" content=\"Scritto da\" \/>\n\t<meta name=\"twitter:data1\" content=\"redazione\" \/>\n\t<meta name=\"twitter:label2\" content=\"Tempo di lettura stimato\" \/>\n\t<meta name=\"twitter:data2\" content=\"1 minuto\" \/>\n<script type=\"application\/ld+json\" class=\"yoast-schema-graph\">{\"@context\":\"https:\/\/schema.org\",\"@graph\":[{\"@type\":\"Article\",\"@id\":\"https:\/\/progettotouring.it\/radiotouring104\/2026\/03\/10\/trionfo-della-domotek-in-coppa-italia-dal-monte-la-soddisfazione-di-versace-e-latella\/#article\",\"isPartOf\":{\"@id\":\"https:\/\/progettotouring.it\/radiotouring104\/2026\/03\/10\/trionfo-della-domotek-in-coppa-italia-dal-monte-la-soddisfazione-di-versace-e-latella\/\"},\"author\":{\"name\":\"redazione\",\"@id\":\"https:\/\/progettotouring.it\/radiotouring104\/#\/schema\/person\/1b3eb3c07c47136bc44c785c543e635f\"},\"headline\":\"Trionfo della Domotek in Coppa Italia &#8220;Dal Monte&#8221;: la soddisfazione di Versace e Latella\",\"datePublished\":\"2026-03-10T09:31:36+00:00\",\"dateModified\":\"2026-03-10T11:52:01+00:00\",\"mainEntityOfPage\":{\"@id\":\"https:\/\/progettotouring.it\/radiotouring104\/2026\/03\/10\/trionfo-della-domotek-in-coppa-italia-dal-monte-la-soddisfazione-di-versace-e-latella\/\"},\"wordCount\":183,\"publisher\":{\"@id\":\"https:\/\/progettotouring.it\/radiotouring104\/#organization\"},\"image\":{\"@id\":\"https:\/\/progettotouring.it\/radiotouring104\/2026\/03\/10\/trionfo-della-domotek-in-coppa-italia-dal-monte-la-soddisfazione-di-versace-e-latella\/#primaryimage\"},\"thumbnailUrl\":\"https:\/\/progettotouring.it\/radiotouring104\/wp-content\/uploads\/sites\/6\/2026\/03\/IMMAGINI-X-SITO-94.jpg\",\"keywords\":[\"carmelo versace\",\"Consigliere comunale Latella Giovanni\",\"Domotek Volley Reggio Calabria\",\"Lustro Reggio Sportiva\",\"soddisfazione\",\"vittoria Coppa Italia Dal Monte\",\"Vittoria storica\"],\"articleSection\":[\"News\",\"Reggio Calabria\",\"Sport\"],\"inLanguage\":\"it-IT\"},{\"@type\":\"WebPage\",\"@id\":\"https:\/\/progettotouring.it\/radiotouring104\/2026\/03\/10\/trionfo-della-domotek-in-coppa-italia-dal-monte-la-soddisfazione-di-versace-e-latella\/\",\"url\":\"https:\/\/progettotouring.it\/radiotouring104\/2026\/03\/10\/trionfo-della-domotek-in-coppa-italia-dal-monte-la-soddisfazione-di-versace-e-latella\/\",\"name\":\"Vittoria in Coppa Italia della Domotek: Versace e Latella soddisfatti\",\"isPartOf\":{\"@id\":\"https:\/\/progettotouring.it\/radiotouring104\/#website\"},\"primaryImageOfPage\":{\"@id\":\"https:\/\/progettotouring.it\/radiotouring104\/2026\/03\/10\/trionfo-della-domotek-in-coppa-italia-dal-monte-la-soddisfazione-di-versace-e-latella\/#primaryimage\"},\"image\":{\"@id\":\"https:\/\/progettotouring.it\/radiotouring104\/2026\/03\/10\/trionfo-della-domotek-in-coppa-italia-dal-monte-la-soddisfazione-di-versace-e-latella\/#primaryimage\"},\"thumbnailUrl\":\"https:\/\/progettotouring.it\/radiotouring104\/wp-content\/uploads\/sites\/6\/2026\/03\/IMMAGINI-X-SITO-94.jpg\",\"datePublished\":\"2026-03-10T09:31:36+00:00\",\"dateModified\":\"2026-03-10T11:52:01+00:00\",\"description\":\"\u201cVittoria storica, un lustro per la Reggio sportiva\\\", dichiarano il Sindaco Metropolitano ff ed il Consigliere Delegato allo Sport\",\"breadcrumb\":{\"@id\":\"https:\/\/progettotouring.it\/radiotouring104\/2026\/03\/10\/trionfo-della-domotek-in-coppa-italia-dal-monte-la-soddisfazione-di-versace-e-latella\/#breadcrumb\"},\"inLanguage\":\"it-IT\",\"potentialAction\":[{\"@type\":\"ReadAction\",\"target\":[\"https:\/\/progettotouring.it\/radiotouring104\/2026\/03\/10\/trionfo-della-domotek-in-coppa-italia-dal-monte-la-soddisfazione-di-versace-e-latella\/\"]}]},{\"@type\":\"ImageObject\",\"inLanguage\":\"it-IT\",\"@id\":\"https:\/\/progettotouring.it\/radiotouring104\/2026\/03\/10\/trionfo-della-domotek-in-coppa-italia-dal-monte-la-soddisfazione-di-versace-e-latella\/#primaryimage\",\"url\":\"https:\/\/progettotouring.it\/radiotouring104\/wp-content\/uploads\/sites\/6\/2026\/03\/IMMAGINI-X-SITO-94.jpg\",\"contentUrl\":\"https:\/\/progettotouring.it\/radiotouring104\/wp-content\/uploads\/sites\/6\/2026\/03\/IMMAGINI-X-SITO-94.jpg\",\"width\":2000,\"height\":1545},{\"@type\":\"BreadcrumbList\",\"@id\":\"https:\/\/progettotouring.it\/radiotouring104\/2026\/03\/10\/trionfo-della-domotek-in-coppa-italia-dal-monte-la-soddisfazione-di-versace-e-latella\/#breadcrumb\",\"itemListElement\":[{\"@type\":\"ListItem\",\"position\":1,\"name\":\"Home\",\"item\":\"https:\/\/progettotouring.it\/radiotouring104\/\"},{\"@type\":\"ListItem\",\"position\":2,\"name\":\"Trionfo della Domotek in Coppa Italia &#8220;Dal Monte&#8221;: la soddisfazione di Versace e Latella\"}]},{\"@type\":\"WebSite\",\"@id\":\"https:\/\/progettotouring.it\/radiotouring104\/#website\",\"url\":\"https:\/\/progettotouring.it\/radiotouring104\/\",\"name\":\"Radio Touring 104\",\"description\":\"La prima radio Reggina\",\"publisher\":{\"@id\":\"https:\/\/progettotouring.it\/radiotouring104\/#organization\"},\"potentialAction\":[{\"@type\":\"SearchAction\",\"target\":{\"@type\":\"EntryPoint\",\"urlTemplate\":\"https:\/\/progettotouring.it\/radiotouring104\/?s={search_term_string}\"},\"query-input\":{\"@type\":\"PropertyValueSpecification\",\"valueRequired\":true,\"valueName\":\"search_term_string\"}}],\"inLanguage\":\"it-IT\"},{\"@type\":\"Organization\",\"@id\":\"https:\/\/progettotouring.it\/radiotouring104\/#organization\",\"name\":\"Radio Touring 104\",\"url\":\"https:\/\/progettotouring.it\/radiotouring104\/\",\"logo\":{\"@type\":\"ImageObject\",\"inLanguage\":\"it-IT\",\"@id\":\"https:\/\/progettotouring.it\/radiotouring104\/#\/schema\/logo\/image\/\",\"url\":\"https:\/\/progettotouring.it\/radiotouring104\/wp-content\/uploads\/sites\/6\/2022\/02\/cropped-logo-radio-touring-104.png\",\"contentUrl\":\"https:\/\/progettotouring.it\/radiotouring104\/wp-content\/uploads\/sites\/6\/2022\/02\/cropped-logo-radio-touring-104.png\",\"width\":377,\"height\":182,\"caption\":\"Radio Touring 104\"},\"image\":{\"@id\":\"https:\/\/progettotouring.it\/radiotouring104\/#\/schema\/logo\/image\/\"}},{\"@type\":\"Person\",\"@id\":\"https:\/\/progettotouring.it\/radiotouring104\/#\/schema\/person\/1b3eb3c07c47136bc44c785c543e635f\",\"name\":\"redazione\",\"image\":{\"@type\":\"ImageObject\",\"inLanguage\":\"it-IT\",\"@id\":\"https:\/\/secure.gravatar.com\/avatar\/0b31605b49f100769e8b624b3e05de1b73e1692e9568a352f60f53fd072e6e11?s=96&d=mm&r=g\",\"url\":\"https:\/\/secure.gravatar.com\/avatar\/0b31605b49f100769e8b624b3e05de1b73e1692e9568a352f60f53fd072e6e11?s=96&d=mm&r=g\",\"contentUrl\":\"https:\/\/secure.gravatar.com\/avatar\/0b31605b49f100769e8b624b3e05de1b73e1692e9568a352f60f53fd072e6e11?s=96&d=mm&r=g\",\"caption\":\"redazione\"},\"url\":\"https:\/\/progettotouring.it\/radiotouring104\/author\/redazione\/\"}]}<\/script>\n<!-- \/ Yoast SEO plugin. -->","yoast_head_json":{"title":"Vittoria in Coppa Italia della Domotek: Versace e Latella soddisfatti","description":"\u201cVittoria storica, un lustro per la Reggio sportiva\", dichiarano il Sindaco Metropolitano ff ed il Consigliere Delegato allo Sport","robots":{"index":"index","follow":"follow","max-snippet":"max-snippet:-1","max-image-preview":"max-image-preview:large","max-video-preview":"max-video-preview:-1"},"canonical":"https:\/\/progettotouring.it\/radiotouring104\/2026\/03\/10\/trionfo-della-domotek-in-coppa-italia-dal-monte-la-soddisfazione-di-versace-e-latella\/","og_locale":"it_IT","og_type":"article","og_title":"Vittoria in Coppa Italia della Domotek: Versace e Latella soddisfatti","og_description":"\u201cVittoria storica, un lustro per la Reggio sportiva\", dichiarano il Sindaco Metropolitano ff ed il Consigliere Delegato allo Sport","og_url":"https:\/\/progettotouring.it\/radiotouring104\/2026\/03\/10\/trionfo-della-domotek-in-coppa-italia-dal-monte-la-soddisfazione-di-versace-e-latella\/","og_site_name":"Radio Touring 104","article_published_time":"2026-03-10T09:31:36+00:00","article_modified_time":"2026-03-10T11:52:01+00:00","og_image":[{"width":2000,"height":1545,"url":"https:\/\/progettotouring.it\/radiotouring104\/wp-content\/uploads\/sites\/6\/2026\/03\/IMMAGINI-X-SITO-94.jpg","type":"image\/jpeg"}],"author":"redazione","twitter_card":"summary_large_image","twitter_misc":{"Scritto da":"redazione","Tempo di lettura stimato":"1 minuto"},"schema":{"@context":"https:\/\/schema.org","@graph":[{"@type":"Article","@id":"https:\/\/progettotouring.it\/radiotouring104\/2026\/03\/10\/trionfo-della-domotek-in-coppa-italia-dal-monte-la-soddisfazione-di-versace-e-latella\/#article","isPartOf":{"@id":"https:\/\/progettotouring.it\/radiotouring104\/2026\/03\/10\/trionfo-della-domotek-in-coppa-italia-dal-monte-la-soddisfazione-di-versace-e-latella\/"},"author":{"name":"redazione","@id":"https:\/\/progettotouring.it\/radiotouring104\/#\/schema\/person\/1b3eb3c07c47136bc44c785c543e635f"},"headline":"Trionfo della Domotek in Coppa Italia &#8220;Dal Monte&#8221;: la soddisfazione di Versace e Latella","datePublished":"2026-03-10T09:31:36+00:00","dateModified":"2026-03-10T11:52:01+00:00","mainEntityOfPage":{"@id":"https:\/\/progettotouring.it\/radiotouring104\/2026\/03\/10\/trionfo-della-domotek-in-coppa-italia-dal-monte-la-soddisfazione-di-versace-e-latella\/"},"wordCount":183,"publisher":{"@id":"https:\/\/progettotouring.it\/radiotouring104\/#organization"},"image":{"@id":"https:\/\/progettotouring.it\/radiotouring104\/2026\/03\/10\/trionfo-della-domotek-in-coppa-italia-dal-monte-la-soddisfazione-di-versace-e-latella\/#primaryimage"},"thumbnailUrl":"https:\/\/progettotouring.it\/radiotouring104\/wp-content\/uploads\/sites\/6\/2026\/03\/IMMAGINI-X-SITO-94.jpg","keywords":["carmelo versace","Consigliere comunale Latella Giovanni","Domotek Volley Reggio Calabria","Lustro Reggio Sportiva","soddisfazione","vittoria Coppa Italia Dal Monte","Vittoria storica"],"articleSection":["News","Reggio Calabria","Sport"],"inLanguage":"it-IT"},{"@type":"WebPage","@id":"https:\/\/progettotouring.it\/radiotouring104\/2026\/03\/10\/trionfo-della-domotek-in-coppa-italia-dal-monte-la-soddisfazione-di-versace-e-latella\/","url":"https:\/\/progettotouring.it\/radiotouring104\/2026\/03\/10\/trionfo-della-domotek-in-coppa-italia-dal-monte-la-soddisfazione-di-versace-e-latella\/","name":"Vittoria in Coppa Italia della Domotek: Versace e Latella soddisfatti","isPartOf":{"@id":"https:\/\/progettotouring.it\/radiotouring104\/#website"},"primaryImageOfPage":{"@id":"https:\/\/progettotouring.it\/radiotouring104\/2026\/03\/10\/trionfo-della-domotek-in-coppa-italia-dal-monte-la-soddisfazione-di-versace-e-latella\/#primaryimage"},"image":{"@id":"https:\/\/progettotouring.it\/radiotouring104\/2026\/03\/10\/trionfo-della-domotek-in-coppa-italia-dal-monte-la-soddisfazione-di-versace-e-latella\/#primaryimage"},"thumbnailUrl":"https:\/\/progettotouring.it\/radiotouring104\/wp-content\/uploads\/sites\/6\/2026\/03\/IMMAGINI-X-SITO-94.jpg","datePublished":"2026-03-10T09:31:36+00:00","dateModified":"2026-03-10T11:52:01+00:00","description":"\u201cVittoria storica, un lustro per la Reggio sportiva\", dichiarano il Sindaco Metropolitano ff ed il Consigliere Delegato allo Sport","breadcrumb":{"@id":"https:\/\/progettotouring.it\/radiotouring104\/2026\/03\/10\/trionfo-della-domotek-in-coppa-italia-dal-monte-la-soddisfazione-di-versace-e-latella\/#breadcrumb"},"inLanguage":"it-IT","potentialAction":[{"@type":"ReadAction","target":["https:\/\/progettotouring.it\/radiotouring104\/2026\/03\/10\/trionfo-della-domotek-in-coppa-italia-dal-monte-la-soddisfazione-di-versace-e-latella\/"]}]},{"@type":"ImageObject","inLanguage":"it-IT","@id":"https:\/\/progettotouring.it\/radiotouring104\/2026\/03\/10\/trionfo-della-domotek-in-coppa-italia-dal-monte-la-soddisfazione-di-versace-e-latella\/#primaryimage","url":"https:\/\/progettotouring.it\/radiotouring104\/wp-content\/uploads\/sites\/6\/2026\/03\/IMMAGINI-X-SITO-94.jpg","contentUrl":"https:\/\/progettotouring.it\/radiotouring104\/wp-content\/uploads\/sites\/6\/2026\/03\/IMMAGINI-X-SITO-94.jpg","width":2000,"height":1545},{"@type":"BreadcrumbList","@id":"https:\/\/progettotouring.it\/radiotouring104\/2026\/03\/10\/trionfo-della-domotek-in-coppa-italia-dal-monte-la-soddisfazione-di-versace-e-latella\/#breadcrumb","itemListElement":[{"@type":"ListItem","position":1,"name":"Home","item":"https:\/\/progettotouring.it\/radiotouring104\/"},{"@type":"ListItem","position":2,"name":"Trionfo della Domotek in Coppa Italia &#8220;Dal Monte&#8221;: la soddisfazione di Versace e Latella"}]},{"@type":"WebSite","@id":"https:\/\/progettotouring.it\/radiotouring104\/#website","url":"https:\/\/progettotouring.it\/radiotouring104\/","name":"Radio Touring 104","description":"La prima radio Reggina","publisher":{"@id":"https:\/\/progettotouring.it\/radiotouring104\/#organization"},"potentialAction":[{"@type":"SearchAction","target":{"@type":"EntryPoint","urlTemplate":"https:\/\/progettotouring.it\/radiotouring104\/?s={search_term_string}"},"query-input":{"@type":"PropertyValueSpecification","valueRequired":true,"valueName":"search_term_string"}}],"inLanguage":"it-IT"},{"@type":"Organization","@id":"https:\/\/progettotouring.it\/radiotouring104\/#organization","name":"Radio Touring 104","url":"https:\/\/progettotouring.it\/radiotouring104\/","logo":{"@type":"ImageObject","inLanguage":"it-IT","@id":"https:\/\/progettotouring.it\/radiotouring104\/#\/schema\/logo\/image\/","url":"https:\/\/progettotouring.it\/radiotouring104\/wp-content\/uploads\/sites\/6\/2022\/02\/cropped-logo-radio-touring-104.png","contentUrl":"https:\/\/progettotouring.it\/radiotouring104\/wp-content\/uploads\/sites\/6\/2022\/02\/cropped-logo-radio-touring-104.png","width":377,"height":182,"caption":"Radio Touring 104"},"image":{"@id":"https:\/\/progettotouring.it\/radiotouring104\/#\/schema\/logo\/image\/"}},{"@type":"Person","@id":"https:\/\/progettotouring.it\/radiotouring104\/#\/schema\/person\/1b3eb3c07c47136bc44c785c543e635f","name":"redazione","image":{"@type":"ImageObject","inLanguage":"it-IT","@id":"https:\/\/secure.gravatar.com\/avatar\/0b31605b49f100769e8b624b3e05de1b73e1692e9568a352f60f53fd072e6e11?s=96&d=mm&r=g","url":"https:\/\/secure.gravatar.com\/avatar\/0b31605b49f100769e8b624b3e05de1b73e1692e9568a352f60f53fd072e6e11?s=96&d=mm&r=g","contentUrl":"https:\/\/secure.gravatar.com\/avatar\/0b31605b49f100769e8b624b3e05de1b73e1692e9568a352f60f53fd072e6e11?s=96&d=mm&r=g","caption":"redazione"},"url":"https:\/\/progettotouring.it\/radiotouring104\/author\/redazione\/"}]}},"jetpack_publicize_connections":[],"jetpack_featured_media_url":"https:\/\/progettotouring.it\/radiotouring104\/wp-content\/uploads\/sites\/6\/2026\/03\/IMMAGINI-X-SITO-94.jpg","jetpack_sharing_enabled":true,"_links":{"self":[{"href":"https:\/\/progettotouring.it\/radiotouring104\/wp-json\/wp\/v2\/posts\/91786","targetHints":{"allow":["GET"]}}],"collection":[{"href":"https:\/\/progettotouring.it\/radiotouring104\/wp-json\/wp\/v2\/posts"}],"about":[{"href":"https:\/\/progettotouring.it\/radiotouring104\/wp-json\/wp\/v2\/types\/post"}],"author":[{"embeddable":true,"href":"https:\/\/progettotouring.it\/radiotouring104\/wp-json\/wp\/v2\/users\/5"}],"replies":[{"embeddable":true,"href":"https:\/\/progettotouring.it\/radiotouring104\/wp-json\/wp\/v2\/comments?post=91786"}],"version-history":[{"count":2,"href":"https:\/\/progettotouring.it\/radiotouring104\/wp-json\/wp\/v2\/posts\/91786\/revisions"}],"predecessor-version":[{"id":91788,"href":"https:\/\/progettotouring.it\/radiotouring104\/wp-json\/wp\/v2\/posts\/91786\/revisions\/91788"}],"wp:featuredmedia":[{"embeddable":true,"href":"https:\/\/progettotouring.it\/radiotouring104\/wp-json\/wp\/v2\/media\/91679"}],"wp:attachment":[{"href":"https:\/\/progettotouring.it\/radiotouring104\/wp-json\/wp\/v2\/media?parent=91786"}],"wp:term":[{"taxonomy":"category","embeddable":true,"href":"https:\/\/progettotouring.it\/radiotouring104\/wp-json\/wp\/v2\/categories?post=91786"},{"taxonomy":"post_tag","embeddable":true,"href":"https:\/\/progettotouring.it\/radiotouring104\/wp-json\/wp\/v2\/tags?post=91786"}],"curies":[{"name":"wp","href":"https:\/\/api.w.org\/{rel}","templated":true}]}}