{"id":91790,"date":"2026-03-10T10:40:08","date_gmt":"2026-03-10T09:40:08","guid":{"rendered":"https:\/\/progettotouring.it\/radiotouring104\/?p=91790"},"modified":"2026-03-10T12:51:56","modified_gmt":"2026-03-10T11:51:56","slug":"reggio-focus-a-palazzo-alvaro-su-sfalassa-erosione-costiera-e-sicurezza-del-territorio-di-bagnara","status":"publish","type":"post","link":"https:\/\/progettotouring.it\/radiotouring104\/2026\/03\/10\/reggio-focus-a-palazzo-alvaro-su-sfalassa-erosione-costiera-e-sicurezza-del-territorio-di-bagnara\/","title":{"rendered":"Reggio: Focus a Palazzo Alvaro su Sfalass\u00e0, erosione costiera e sicurezza del territorio di Bagnara"},"content":{"rendered":"<div>Il viadotto Sfalass\u00e0 \u00e8 stato al centro di un incontro, svoltosi a Palazzo Alvaro, tra il sindaco metropolitano facente funzioni, Carmelo Versace, e una delegazione dell\u2019amministrazione comunale di Bagnara Calabra guidata dal sindaco Adone Pistolesi e dall\u2019assessore Paolo Gramuglia. Alla riunione hanno preso parte anche la dirigente del settore Tutela del territorio e dell&#8217;ambiente della Citt\u00e0 Metropolitana, Domenica Catalfamo, insieme ai tecnici dell\u2019ente e ai rappresentanti dell\u2019ufficio tecnico del Comune tirrenico.<\/p>\n<p>Nel corso dell\u2019incontro \u00e8 stato fatto il punto sulle schede progettuali trasmesse dalla Citt\u00e0 Metropolitana alla Regione Calabria relative a un finanziamento di 2 milioni di euro destinato al viadotto Sfalass\u00e0, infrastruttura strategica per la viabilit\u00e0 del comprensorio.<br \/>\nIl confronto si \u00e8, poi, concentrato sulla possibilit\u00e0 di realizzare alcune dighe foranee per contrastare il fenomeno dell\u2019erosione costiera. E&#8217; stata cos\u00ec valutata di inserire l\u2019ipotesi progettuale nella piattaforma della Protezione civile, con l\u2019obiettivo di individuare le opportune fonti di finanziamento per gli interventi necessari alla tutela del litorale.<\/p>\n<p>Nel corso della riunione \u00e8 emersa, infine, anche una preoccupazione legata alla demolizione del vecchio tracciato autostradale. In particolare, \u00e8 stata evidenziata la necessit\u00e0 di monitorare la possibile presenza di residui che, in caso di eventi meteorologici eccezionali, potrebbero determinare criticit\u00e0 per il territorio e per la sicurezza della cittadinanza. Il tavolo si \u00e8 concluso con l\u2019impegno condiviso a mantenere un costante coordinamento istituzionale per seguire l\u2019evoluzione dei progetti e individuare soluzioni efficaci a sostegno del territorio di Bagnara.<\/p><\/div>\n<div>\n<div class=\"gmail_signature\" dir=\"ltr\" data-smartmail=\"gmail_signature\">\n<div dir=\"ltr\">\n<div>\n<div><\/div>\n<\/div>\n<\/div>\n<\/div>\n<\/div>\n","protected":false},"excerpt":{"rendered":"<p>Il viadotto Sfalass\u00e0 \u00e8 stato al centro di un incontro, svoltosi a Palazzo Alvaro, tra il sindaco metropolitano facente funzioni, Carmelo Versace, e una delegazione dell\u2019amministrazione comunale di Bagnara Calabra&hellip;<\/p>\n","protected":false},"author":5,"featured_media":91791,"comment_status":"closed","ping_status":"open","sticky":false,"template":"","format":"standard","meta":{"_jetpack_memberships_contains_paid_content":false,"footnotes":"","jetpack_publicize_message":"","jetpack_publicize_feature_enabled":true,"jetpack_social_post_already_shared":true,"jetpack_social_options":{"image_generator_settings":{"template":"highway","default_image_id":0,"font":"","enabled":false},"version":2}},"categories":[921,196,140],"tags":[2657,5197,5737,50947,51707,42076,739,765],"class_list":["post-91790","post","type-post","status-publish","format-standard","has-post-thumbnail","hentry","category-home","category-news","category-reggio-calabria","tag-adone-pistolesi","tag-bagnara","tag-citta-metropolitana-reggio-calabria","tag-erosione-costiera","tag-finanziamento-regionale-da-2-milioni-di-euro-sul-viadotto","tag-focus","tag-palazzo-alvaro","tag-versace"],"yoast_head":"<!-- This site is optimized with the Yoast SEO plugin v27.2 - https:\/\/yoast.com\/product\/yoast-seo-wordpress\/ -->\n<title>Palazzo Alvaro: Focus su Sfalass\u00e0 e sicurezza territorio di Bagnara<\/title>\n<meta name=\"description\" content=\"Versace ha incontrato il Sindaco Pistolesi e l\u2019assessore Gramuglia. Fari puntati su finanziamento regionale da 2 milioni di euro sul viadotto\" \/>\n<meta name=\"robots\" content=\"index, follow, max-snippet:-1, max-image-preview:large, max-video-preview:-1\" \/>\n<link rel=\"canonical\" href=\"https:\/\/progettotouring.it\/radiotouring104\/2026\/03\/10\/reggio-focus-a-palazzo-alvaro-su-sfalassa-erosione-costiera-e-sicurezza-del-territorio-di-bagnara\/\" \/>\n<meta property=\"og:locale\" content=\"it_IT\" \/>\n<meta property=\"og:type\" content=\"article\" \/>\n<meta property=\"og:title\" content=\"Palazzo Alvaro: Focus su Sfalass\u00e0 e sicurezza territorio di Bagnara\" \/>\n<meta property=\"og:description\" content=\"Versace ha incontrato il Sindaco Pistolesi e l\u2019assessore Gramuglia. Fari puntati su finanziamento regionale da 2 milioni di euro sul viadotto\" \/>\n<meta property=\"og:url\" content=\"https:\/\/progettotouring.it\/radiotouring104\/2026\/03\/10\/reggio-focus-a-palazzo-alvaro-su-sfalassa-erosione-costiera-e-sicurezza-del-territorio-di-bagnara\/\" \/>\n<meta property=\"og:site_name\" content=\"Radio Touring 104\" \/>\n<meta property=\"article:published_time\" content=\"2026-03-10T09:40:08+00:00\" \/>\n<meta property=\"article:modified_time\" content=\"2026-03-10T11:51:56+00:00\" \/>\n<meta property=\"og:image\" content=\"https:\/\/progettotouring.it\/radiotouring104\/wp-content\/uploads\/sites\/6\/2026\/03\/Focus-Palazzo-Alvaro-erosione-costiera-Bagnara-riunione-viadotto-sfalassa.jpeg\" \/>\n\t<meta property=\"og:image:width\" content=\"2560\" \/>\n\t<meta property=\"og:image:height\" content=\"1441\" \/>\n\t<meta property=\"og:image:type\" content=\"image\/jpeg\" \/>\n<meta name=\"author\" content=\"redazione\" \/>\n<meta name=\"twitter:card\" content=\"summary_large_image\" \/>\n<meta name=\"twitter:label1\" content=\"Scritto da\" \/>\n\t<meta name=\"twitter:data1\" content=\"redazione\" \/>\n\t<meta name=\"twitter:label2\" content=\"Tempo di lettura stimato\" \/>\n\t<meta name=\"twitter:data2\" content=\"1 minuto\" \/>\n<script type=\"application\/ld+json\" class=\"yoast-schema-graph\">{\"@context\":\"https:\/\/schema.org\",\"@graph\":[{\"@type\":\"Article\",\"@id\":\"https:\/\/progettotouring.it\/radiotouring104\/2026\/03\/10\/reggio-focus-a-palazzo-alvaro-su-sfalassa-erosione-costiera-e-sicurezza-del-territorio-di-bagnara\/#article\",\"isPartOf\":{\"@id\":\"https:\/\/progettotouring.it\/radiotouring104\/2026\/03\/10\/reggio-focus-a-palazzo-alvaro-su-sfalassa-erosione-costiera-e-sicurezza-del-territorio-di-bagnara\/\"},\"author\":{\"name\":\"redazione\",\"@id\":\"https:\/\/progettotouring.it\/radiotouring104\/#\/schema\/person\/1b3eb3c07c47136bc44c785c543e635f\"},\"headline\":\"Reggio: Focus a Palazzo Alvaro su Sfalass\u00e0, erosione costiera e sicurezza del territorio di Bagnara\",\"datePublished\":\"2026-03-10T09:40:08+00:00\",\"dateModified\":\"2026-03-10T11:51:56+00:00\",\"mainEntityOfPage\":{\"@id\":\"https:\/\/progettotouring.it\/radiotouring104\/2026\/03\/10\/reggio-focus-a-palazzo-alvaro-su-sfalassa-erosione-costiera-e-sicurezza-del-territorio-di-bagnara\/\"},\"wordCount\":255,\"publisher\":{\"@id\":\"https:\/\/progettotouring.it\/radiotouring104\/#organization\"},\"image\":{\"@id\":\"https:\/\/progettotouring.it\/radiotouring104\/2026\/03\/10\/reggio-focus-a-palazzo-alvaro-su-sfalassa-erosione-costiera-e-sicurezza-del-territorio-di-bagnara\/#primaryimage\"},\"thumbnailUrl\":\"https:\/\/progettotouring.it\/radiotouring104\/wp-content\/uploads\/sites\/6\/2026\/03\/Focus-Palazzo-Alvaro-erosione-costiera-Bagnara-riunione-viadotto-sfalassa.jpeg\",\"keywords\":[\"adone pistolesi\",\"Bagnara\",\"citt\u00e0 metropolitana Reggio Calabria\",\"Erosione Costiera\",\"finanziamento regionale da 2 milioni di euro sul viadotto\",\"focus\",\"Palazzo Alvaro\",\"versace\"],\"articleSection\":[\"Home\",\"News\",\"Reggio Calabria\"],\"inLanguage\":\"it-IT\"},{\"@type\":\"WebPage\",\"@id\":\"https:\/\/progettotouring.it\/radiotouring104\/2026\/03\/10\/reggio-focus-a-palazzo-alvaro-su-sfalassa-erosione-costiera-e-sicurezza-del-territorio-di-bagnara\/\",\"url\":\"https:\/\/progettotouring.it\/radiotouring104\/2026\/03\/10\/reggio-focus-a-palazzo-alvaro-su-sfalassa-erosione-costiera-e-sicurezza-del-territorio-di-bagnara\/\",\"name\":\"Palazzo Alvaro: Focus su Sfalass\u00e0 e sicurezza territorio di Bagnara\",\"isPartOf\":{\"@id\":\"https:\/\/progettotouring.it\/radiotouring104\/#website\"},\"primaryImageOfPage\":{\"@id\":\"https:\/\/progettotouring.it\/radiotouring104\/2026\/03\/10\/reggio-focus-a-palazzo-alvaro-su-sfalassa-erosione-costiera-e-sicurezza-del-territorio-di-bagnara\/#primaryimage\"},\"image\":{\"@id\":\"https:\/\/progettotouring.it\/radiotouring104\/2026\/03\/10\/reggio-focus-a-palazzo-alvaro-su-sfalassa-erosione-costiera-e-sicurezza-del-territorio-di-bagnara\/#primaryimage\"},\"thumbnailUrl\":\"https:\/\/progettotouring.it\/radiotouring104\/wp-content\/uploads\/sites\/6\/2026\/03\/Focus-Palazzo-Alvaro-erosione-costiera-Bagnara-riunione-viadotto-sfalassa.jpeg\",\"datePublished\":\"2026-03-10T09:40:08+00:00\",\"dateModified\":\"2026-03-10T11:51:56+00:00\",\"description\":\"Versace ha incontrato il Sindaco Pistolesi e l\u2019assessore Gramuglia. Fari puntati su finanziamento regionale da 2 milioni di euro sul viadotto\",\"breadcrumb\":{\"@id\":\"https:\/\/progettotouring.it\/radiotouring104\/2026\/03\/10\/reggio-focus-a-palazzo-alvaro-su-sfalassa-erosione-costiera-e-sicurezza-del-territorio-di-bagnara\/#breadcrumb\"},\"inLanguage\":\"it-IT\",\"potentialAction\":[{\"@type\":\"ReadAction\",\"target\":[\"https:\/\/progettotouring.it\/radiotouring104\/2026\/03\/10\/reggio-focus-a-palazzo-alvaro-su-sfalassa-erosione-costiera-e-sicurezza-del-territorio-di-bagnara\/\"]}]},{\"@type\":\"ImageObject\",\"inLanguage\":\"it-IT\",\"@id\":\"https:\/\/progettotouring.it\/radiotouring104\/2026\/03\/10\/reggio-focus-a-palazzo-alvaro-su-sfalassa-erosione-costiera-e-sicurezza-del-territorio-di-bagnara\/#primaryimage\",\"url\":\"https:\/\/progettotouring.it\/radiotouring104\/wp-content\/uploads\/sites\/6\/2026\/03\/Focus-Palazzo-Alvaro-erosione-costiera-Bagnara-riunione-viadotto-sfalassa.jpeg\",\"contentUrl\":\"https:\/\/progettotouring.it\/radiotouring104\/wp-content\/uploads\/sites\/6\/2026\/03\/Focus-Palazzo-Alvaro-erosione-costiera-Bagnara-riunione-viadotto-sfalassa.jpeg\",\"width\":2560,\"height\":1441},{\"@type\":\"BreadcrumbList\",\"@id\":\"https:\/\/progettotouring.it\/radiotouring104\/2026\/03\/10\/reggio-focus-a-palazzo-alvaro-su-sfalassa-erosione-costiera-e-sicurezza-del-territorio-di-bagnara\/#breadcrumb\",\"itemListElement\":[{\"@type\":\"ListItem\",\"position\":1,\"name\":\"Home\",\"item\":\"https:\/\/progettotouring.it\/radiotouring104\/\"},{\"@type\":\"ListItem\",\"position\":2,\"name\":\"Reggio: Focus a Palazzo Alvaro su Sfalass\u00e0, erosione costiera e sicurezza del territorio di Bagnara\"}]},{\"@type\":\"WebSite\",\"@id\":\"https:\/\/progettotouring.it\/radiotouring104\/#website\",\"url\":\"https:\/\/progettotouring.it\/radiotouring104\/\",\"name\":\"Radio Touring 104\",\"description\":\"La prima radio Reggina\",\"publisher\":{\"@id\":\"https:\/\/progettotouring.it\/radiotouring104\/#organization\"},\"potentialAction\":[{\"@type\":\"SearchAction\",\"target\":{\"@type\":\"EntryPoint\",\"urlTemplate\":\"https:\/\/progettotouring.it\/radiotouring104\/?s={search_term_string}\"},\"query-input\":{\"@type\":\"PropertyValueSpecification\",\"valueRequired\":true,\"valueName\":\"search_term_string\"}}],\"inLanguage\":\"it-IT\"},{\"@type\":\"Organization\",\"@id\":\"https:\/\/progettotouring.it\/radiotouring104\/#organization\",\"name\":\"Radio Touring 104\",\"url\":\"https:\/\/progettotouring.it\/radiotouring104\/\",\"logo\":{\"@type\":\"ImageObject\",\"inLanguage\":\"it-IT\",\"@id\":\"https:\/\/progettotouring.it\/radiotouring104\/#\/schema\/logo\/image\/\",\"url\":\"https:\/\/progettotouring.it\/radiotouring104\/wp-content\/uploads\/sites\/6\/2022\/02\/cropped-logo-radio-touring-104.png\",\"contentUrl\":\"https:\/\/progettotouring.it\/radiotouring104\/wp-content\/uploads\/sites\/6\/2022\/02\/cropped-logo-radio-touring-104.png\",\"width\":377,\"height\":182,\"caption\":\"Radio Touring 104\"},\"image\":{\"@id\":\"https:\/\/progettotouring.it\/radiotouring104\/#\/schema\/logo\/image\/\"}},{\"@type\":\"Person\",\"@id\":\"https:\/\/progettotouring.it\/radiotouring104\/#\/schema\/person\/1b3eb3c07c47136bc44c785c543e635f\",\"name\":\"redazione\",\"image\":{\"@type\":\"ImageObject\",\"inLanguage\":\"it-IT\",\"@id\":\"https:\/\/secure.gravatar.com\/avatar\/0b31605b49f100769e8b624b3e05de1b73e1692e9568a352f60f53fd072e6e11?s=96&d=mm&r=g\",\"url\":\"https:\/\/secure.gravatar.com\/avatar\/0b31605b49f100769e8b624b3e05de1b73e1692e9568a352f60f53fd072e6e11?s=96&d=mm&r=g\",\"contentUrl\":\"https:\/\/secure.gravatar.com\/avatar\/0b31605b49f100769e8b624b3e05de1b73e1692e9568a352f60f53fd072e6e11?s=96&d=mm&r=g\",\"caption\":\"redazione\"},\"url\":\"https:\/\/progettotouring.it\/radiotouring104\/author\/redazione\/\"}]}<\/script>\n<!-- \/ Yoast SEO plugin. -->","yoast_head_json":{"title":"Palazzo Alvaro: Focus su Sfalass\u00e0 e sicurezza territorio di Bagnara","description":"Versace ha incontrato il Sindaco Pistolesi e l\u2019assessore Gramuglia. Fari puntati su finanziamento regionale da 2 milioni di euro sul viadotto","robots":{"index":"index","follow":"follow","max-snippet":"max-snippet:-1","max-image-preview":"max-image-preview:large","max-video-preview":"max-video-preview:-1"},"canonical":"https:\/\/progettotouring.it\/radiotouring104\/2026\/03\/10\/reggio-focus-a-palazzo-alvaro-su-sfalassa-erosione-costiera-e-sicurezza-del-territorio-di-bagnara\/","og_locale":"it_IT","og_type":"article","og_title":"Palazzo Alvaro: Focus su Sfalass\u00e0 e sicurezza territorio di Bagnara","og_description":"Versace ha incontrato il Sindaco Pistolesi e l\u2019assessore Gramuglia. Fari puntati su finanziamento regionale da 2 milioni di euro sul viadotto","og_url":"https:\/\/progettotouring.it\/radiotouring104\/2026\/03\/10\/reggio-focus-a-palazzo-alvaro-su-sfalassa-erosione-costiera-e-sicurezza-del-territorio-di-bagnara\/","og_site_name":"Radio Touring 104","article_published_time":"2026-03-10T09:40:08+00:00","article_modified_time":"2026-03-10T11:51:56+00:00","og_image":[{"width":2560,"height":1441,"url":"https:\/\/progettotouring.it\/radiotouring104\/wp-content\/uploads\/sites\/6\/2026\/03\/Focus-Palazzo-Alvaro-erosione-costiera-Bagnara-riunione-viadotto-sfalassa.jpeg","type":"image\/jpeg"}],"author":"redazione","twitter_card":"summary_large_image","twitter_misc":{"Scritto da":"redazione","Tempo di lettura stimato":"1 minuto"},"schema":{"@context":"https:\/\/schema.org","@graph":[{"@type":"Article","@id":"https:\/\/progettotouring.it\/radiotouring104\/2026\/03\/10\/reggio-focus-a-palazzo-alvaro-su-sfalassa-erosione-costiera-e-sicurezza-del-territorio-di-bagnara\/#article","isPartOf":{"@id":"https:\/\/progettotouring.it\/radiotouring104\/2026\/03\/10\/reggio-focus-a-palazzo-alvaro-su-sfalassa-erosione-costiera-e-sicurezza-del-territorio-di-bagnara\/"},"author":{"name":"redazione","@id":"https:\/\/progettotouring.it\/radiotouring104\/#\/schema\/person\/1b3eb3c07c47136bc44c785c543e635f"},"headline":"Reggio: Focus a Palazzo Alvaro su Sfalass\u00e0, erosione costiera e sicurezza del territorio di Bagnara","datePublished":"2026-03-10T09:40:08+00:00","dateModified":"2026-03-10T11:51:56+00:00","mainEntityOfPage":{"@id":"https:\/\/progettotouring.it\/radiotouring104\/2026\/03\/10\/reggio-focus-a-palazzo-alvaro-su-sfalassa-erosione-costiera-e-sicurezza-del-territorio-di-bagnara\/"},"wordCount":255,"publisher":{"@id":"https:\/\/progettotouring.it\/radiotouring104\/#organization"},"image":{"@id":"https:\/\/progettotouring.it\/radiotouring104\/2026\/03\/10\/reggio-focus-a-palazzo-alvaro-su-sfalassa-erosione-costiera-e-sicurezza-del-territorio-di-bagnara\/#primaryimage"},"thumbnailUrl":"https:\/\/progettotouring.it\/radiotouring104\/wp-content\/uploads\/sites\/6\/2026\/03\/Focus-Palazzo-Alvaro-erosione-costiera-Bagnara-riunione-viadotto-sfalassa.jpeg","keywords":["adone pistolesi","Bagnara","citt\u00e0 metropolitana Reggio Calabria","Erosione Costiera","finanziamento regionale da 2 milioni di euro sul viadotto","focus","Palazzo Alvaro","versace"],"articleSection":["Home","News","Reggio Calabria"],"inLanguage":"it-IT"},{"@type":"WebPage","@id":"https:\/\/progettotouring.it\/radiotouring104\/2026\/03\/10\/reggio-focus-a-palazzo-alvaro-su-sfalassa-erosione-costiera-e-sicurezza-del-territorio-di-bagnara\/","url":"https:\/\/progettotouring.it\/radiotouring104\/2026\/03\/10\/reggio-focus-a-palazzo-alvaro-su-sfalassa-erosione-costiera-e-sicurezza-del-territorio-di-bagnara\/","name":"Palazzo Alvaro: Focus su Sfalass\u00e0 e sicurezza territorio di Bagnara","isPartOf":{"@id":"https:\/\/progettotouring.it\/radiotouring104\/#website"},"primaryImageOfPage":{"@id":"https:\/\/progettotouring.it\/radiotouring104\/2026\/03\/10\/reggio-focus-a-palazzo-alvaro-su-sfalassa-erosione-costiera-e-sicurezza-del-territorio-di-bagnara\/#primaryimage"},"image":{"@id":"https:\/\/progettotouring.it\/radiotouring104\/2026\/03\/10\/reggio-focus-a-palazzo-alvaro-su-sfalassa-erosione-costiera-e-sicurezza-del-territorio-di-bagnara\/#primaryimage"},"thumbnailUrl":"https:\/\/progettotouring.it\/radiotouring104\/wp-content\/uploads\/sites\/6\/2026\/03\/Focus-Palazzo-Alvaro-erosione-costiera-Bagnara-riunione-viadotto-sfalassa.jpeg","datePublished":"2026-03-10T09:40:08+00:00","dateModified":"2026-03-10T11:51:56+00:00","description":"Versace ha incontrato il Sindaco Pistolesi e l\u2019assessore Gramuglia. Fari puntati su finanziamento regionale da 2 milioni di euro sul viadotto","breadcrumb":{"@id":"https:\/\/progettotouring.it\/radiotouring104\/2026\/03\/10\/reggio-focus-a-palazzo-alvaro-su-sfalassa-erosione-costiera-e-sicurezza-del-territorio-di-bagnara\/#breadcrumb"},"inLanguage":"it-IT","potentialAction":[{"@type":"ReadAction","target":["https:\/\/progettotouring.it\/radiotouring104\/2026\/03\/10\/reggio-focus-a-palazzo-alvaro-su-sfalassa-erosione-costiera-e-sicurezza-del-territorio-di-bagnara\/"]}]},{"@type":"ImageObject","inLanguage":"it-IT","@id":"https:\/\/progettotouring.it\/radiotouring104\/2026\/03\/10\/reggio-focus-a-palazzo-alvaro-su-sfalassa-erosione-costiera-e-sicurezza-del-territorio-di-bagnara\/#primaryimage","url":"https:\/\/progettotouring.it\/radiotouring104\/wp-content\/uploads\/sites\/6\/2026\/03\/Focus-Palazzo-Alvaro-erosione-costiera-Bagnara-riunione-viadotto-sfalassa.jpeg","contentUrl":"https:\/\/progettotouring.it\/radiotouring104\/wp-content\/uploads\/sites\/6\/2026\/03\/Focus-Palazzo-Alvaro-erosione-costiera-Bagnara-riunione-viadotto-sfalassa.jpeg","width":2560,"height":1441},{"@type":"BreadcrumbList","@id":"https:\/\/progettotouring.it\/radiotouring104\/2026\/03\/10\/reggio-focus-a-palazzo-alvaro-su-sfalassa-erosione-costiera-e-sicurezza-del-territorio-di-bagnara\/#breadcrumb","itemListElement":[{"@type":"ListItem","position":1,"name":"Home","item":"https:\/\/progettotouring.it\/radiotouring104\/"},{"@type":"ListItem","position":2,"name":"Reggio: Focus a Palazzo Alvaro su Sfalass\u00e0, erosione costiera e sicurezza del territorio di Bagnara"}]},{"@type":"WebSite","@id":"https:\/\/progettotouring.it\/radiotouring104\/#website","url":"https:\/\/progettotouring.it\/radiotouring104\/","name":"Radio Touring 104","description":"La prima radio Reggina","publisher":{"@id":"https:\/\/progettotouring.it\/radiotouring104\/#organization"},"potentialAction":[{"@type":"SearchAction","target":{"@type":"EntryPoint","urlTemplate":"https:\/\/progettotouring.it\/radiotouring104\/?s={search_term_string}"},"query-input":{"@type":"PropertyValueSpecification","valueRequired":true,"valueName":"search_term_string"}}],"inLanguage":"it-IT"},{"@type":"Organization","@id":"https:\/\/progettotouring.it\/radiotouring104\/#organization","name":"Radio Touring 104","url":"https:\/\/progettotouring.it\/radiotouring104\/","logo":{"@type":"ImageObject","inLanguage":"it-IT","@id":"https:\/\/progettotouring.it\/radiotouring104\/#\/schema\/logo\/image\/","url":"https:\/\/progettotouring.it\/radiotouring104\/wp-content\/uploads\/sites\/6\/2022\/02\/cropped-logo-radio-touring-104.png","contentUrl":"https:\/\/progettotouring.it\/radiotouring104\/wp-content\/uploads\/sites\/6\/2022\/02\/cropped-logo-radio-touring-104.png","width":377,"height":182,"caption":"Radio Touring 104"},"image":{"@id":"https:\/\/progettotouring.it\/radiotouring104\/#\/schema\/logo\/image\/"}},{"@type":"Person","@id":"https:\/\/progettotouring.it\/radiotouring104\/#\/schema\/person\/1b3eb3c07c47136bc44c785c543e635f","name":"redazione","image":{"@type":"ImageObject","inLanguage":"it-IT","@id":"https:\/\/secure.gravatar.com\/avatar\/0b31605b49f100769e8b624b3e05de1b73e1692e9568a352f60f53fd072e6e11?s=96&d=mm&r=g","url":"https:\/\/secure.gravatar.com\/avatar\/0b31605b49f100769e8b624b3e05de1b73e1692e9568a352f60f53fd072e6e11?s=96&d=mm&r=g","contentUrl":"https:\/\/secure.gravatar.com\/avatar\/0b31605b49f100769e8b624b3e05de1b73e1692e9568a352f60f53fd072e6e11?s=96&d=mm&r=g","caption":"redazione"},"url":"https:\/\/progettotouring.it\/radiotouring104\/author\/redazione\/"}]}},"jetpack_publicize_connections":[],"jetpack_featured_media_url":"https:\/\/progettotouring.it\/radiotouring104\/wp-content\/uploads\/sites\/6\/2026\/03\/Focus-Palazzo-Alvaro-erosione-costiera-Bagnara-riunione-viadotto-sfalassa.jpeg","jetpack_sharing_enabled":true,"_links":{"self":[{"href":"https:\/\/progettotouring.it\/radiotouring104\/wp-json\/wp\/v2\/posts\/91790","targetHints":{"allow":["GET"]}}],"collection":[{"href":"https:\/\/progettotouring.it\/radiotouring104\/wp-json\/wp\/v2\/posts"}],"about":[{"href":"https:\/\/progettotouring.it\/radiotouring104\/wp-json\/wp\/v2\/types\/post"}],"author":[{"embeddable":true,"href":"https:\/\/progettotouring.it\/radiotouring104\/wp-json\/wp\/v2\/users\/5"}],"replies":[{"embeddable":true,"href":"https:\/\/progettotouring.it\/radiotouring104\/wp-json\/wp\/v2\/comments?post=91790"}],"version-history":[{"count":1,"href":"https:\/\/progettotouring.it\/radiotouring104\/wp-json\/wp\/v2\/posts\/91790\/revisions"}],"predecessor-version":[{"id":91792,"href":"https:\/\/progettotouring.it\/radiotouring104\/wp-json\/wp\/v2\/posts\/91790\/revisions\/91792"}],"wp:featuredmedia":[{"embeddable":true,"href":"https:\/\/progettotouring.it\/radiotouring104\/wp-json\/wp\/v2\/media\/91791"}],"wp:attachment":[{"href":"https:\/\/progettotouring.it\/radiotouring104\/wp-json\/wp\/v2\/media?parent=91790"}],"wp:term":[{"taxonomy":"category","embeddable":true,"href":"https:\/\/progettotouring.it\/radiotouring104\/wp-json\/wp\/v2\/categories?post=91790"},{"taxonomy":"post_tag","embeddable":true,"href":"https:\/\/progettotouring.it\/radiotouring104\/wp-json\/wp\/v2\/tags?post=91790"}],"curies":[{"name":"wp","href":"https:\/\/api.w.org\/{rel}","templated":true}]}}