{"id":91795,"date":"2026-03-10T11:01:04","date_gmt":"2026-03-10T10:01:04","guid":{"rendered":"https:\/\/progettotouring.it\/radiotouring104\/?p=91795"},"modified":"2026-03-10T12:52:33","modified_gmt":"2026-03-10T11:52:33","slug":"reggio-a-palazzo-san-giorgio-la-tavola-rotonda-turismi-delle-radici","status":"publish","type":"post","link":"https:\/\/progettotouring.it\/radiotouring104\/2026\/03\/10\/reggio-a-palazzo-san-giorgio-la-tavola-rotonda-turismi-delle-radici\/","title":{"rendered":"Reggio: a Palazzo San Giorgio la Tavola Rotonda &#8220;Turismi delle Radici&#8221;"},"content":{"rendered":"<p>La riconnessione degli emigrati con le proprie origini, e le potenziali ricadute sullo sviluppo economico e sociale dei territori, sono state al centro della tavola rotonda sul Turismo delle Radici tenutasi nella Sala dei Lampadari \u201cItalo Falcomat\u00e0\u201d di Palazzo San Giorgio su iniziativa del Comune di Reggio Calabria e Aicotour (Associazione dei Comuni per il Turismo delle Radici).<\/p>\n<p>Un incontro partecipato e ricco di spunti, tra esempi di successo e di buone pratiche per implementare il turismo valorizzando le identit\u00e0 storiche delle comunit\u00e0, a cui hanno partecipato i sindaci facenti funzioni del Comune e della Citt\u00e0 metropolitana, Mimmo Battaglia e Carmelo Versace, il consigliere delegato al Turismo Giovanni Latella e i rappresentanti di Aicotour (il\u00a0presidente del Consiglio generale\u00a0Giuseppe Varacalli, il presidente Armando Bossio, il segretario generale Luisa La Colla).<\/p>\n<p>Il sindaco Battaglia ha esposto la visione di\u00a0\u00abReggio Calabria come destinazione, come un brand i cui primi fruitori non possono che essere i nostri concittadini sparsi in tutto il mondo che hanno contribuito a fare grandi i Paesi in cui sono andati\u00bb. Oltre che su un sistema di trasporti \u00abben consolidato\u00bb, il primo cittadino ha posto l\u2019attenzione sulle opportunit\u00e0 che offre \u00abl\u2019area integrata dello Stretto, un bacino di centinaia di migliaia di abitanti unito, e non diviso, dal mare. Chi pensa a questa destinazione come porta d&#8217;Europa \u2013 ha aggiunto Battaglia \u2013 deve vedere questa citt\u00e0 millenaria anche come opportunit\u00e0 di investimento, perch\u00e9 abbiamo attrattori unici da proporre. Possiamo integrare la blu economy del mare con le peculiarit\u00e0 dei borghi collinari e montani \u2013 ha concluso Battaglia \u2013 per costruire insieme un brand Reggio da portare in giro per il mondo stimolando il rientro di chi ha qui le sue radici\u00bb.<\/p>\n<p>Latella, dal canto suo, ha ricordato gli investimenti dell\u2019Amministrazione comunale sulla promozione del territorio. \u00abNon possiamo che sostenere e promuovere sinergie con altri Comuni e con chi si occupa di turismo, cultura e tradizione \u2013 ha detto il delegato al Turismo \u2013 per generare occasioni di ritorno e di riscoperta della terra d\u2019origine. \u00c8 una strategia vincente per favorire la crescita della comunit\u00e0 con l\u2019obiettivo di dare l\u2019opportunit\u00e0 ai nostri figli di rimanere, creando nello stesso tempo legami con il mondo\u00bb.<\/p>\n<p>Nel corso dell\u2019incontro sono intervenuti Giuseppe Polimeni (gi\u00e0 Console onorario di Springfield), Fabio Porta (deputato eletto nella Circoscrizione America Meridionale), Salvatore Circosta (presidente \u201cOrdine delle figlie e dei figli d\u2019Italia in America), Nicolas Moretti (presidente ACTIA Agencia de Coordinaci\u00f3n Territorial Italia Argentina), Gerardo Ferlaino (<a href=\"http:\/\/italiani.it\/\">italiani.it<\/a>), Tiziana Nicotera (docente di Turismo delle Radici all\u2019Universit\u00e0 degli Studi Internazionali di Roma), Rossana Tassone (sindaca di Brognaturo), Simona Argento (Atam) e Tour operator convenzionati Aicotour.<\/p>\n<p>&nbsp;<\/p>\n","protected":false},"excerpt":{"rendered":"<p>La riconnessione degli emigrati con le proprie origini, e le potenziali ricadute sullo sviluppo economico e sociale dei territori, sono state al centro della tavola rotonda sul Turismo delle Radici&hellip;<\/p>\n","protected":false},"author":5,"featured_media":91796,"comment_status":"closed","ping_status":"open","sticky":false,"template":"","format":"standard","meta":{"_jetpack_memberships_contains_paid_content":false,"footnotes":"","jetpack_publicize_message":"","jetpack_publicize_feature_enabled":true,"jetpack_social_post_already_shared":true,"jetpack_social_options":{"image_generator_settings":{"template":"highway","default_image_id":0,"font":"","enabled":false},"version":2}},"categories":[921,196,140],"tags":[51711,51710,26045,659,50310,51709],"class_list":["post-91795","post","type-post","status-publish","format-standard","has-post-thumbnail","hentry","category-home","category-news","category-reggio-calabria","tag-aicotour","tag-attrattori-unici-dal-mare-ai-borghi","tag-consigliere-giovanni-latella","tag-palazzo-san-giorgio","tag-sindaco-ff-mimmo-battaglia","tag-tavola-rotonda-turismi-delle-radici"],"yoast_head":"<!-- This site is optimized with the Yoast SEO plugin v27.2 - https:\/\/yoast.com\/product\/yoast-seo-wordpress\/ -->\n<title>Reggio: a Palazzo San Giorgio la Tavola Rotonda &quot;Turismi delle Radici&quot; - Radio Touring 104<\/title>\n<meta name=\"description\" content=\"\u00abAttrattori unici dal mare ai borghi, portiamo il \u201cbrand Reggio\u201d nel mondo\u00bb, ha dichiarato il Sindaco ff, Mimmo Battaglia\" \/>\n<meta name=\"robots\" content=\"index, follow, max-snippet:-1, max-image-preview:large, max-video-preview:-1\" \/>\n<link rel=\"canonical\" href=\"https:\/\/progettotouring.it\/radiotouring104\/2026\/03\/10\/reggio-a-palazzo-san-giorgio-la-tavola-rotonda-turismi-delle-radici\/\" \/>\n<meta property=\"og:locale\" content=\"it_IT\" \/>\n<meta property=\"og:type\" content=\"article\" \/>\n<meta property=\"og:title\" content=\"Reggio: a Palazzo San Giorgio la Tavola Rotonda &quot;Turismi delle Radici&quot; - Radio Touring 104\" \/>\n<meta property=\"og:description\" content=\"\u00abAttrattori unici dal mare ai borghi, portiamo il \u201cbrand Reggio\u201d nel mondo\u00bb, ha dichiarato il Sindaco ff, Mimmo Battaglia\" \/>\n<meta property=\"og:url\" content=\"https:\/\/progettotouring.it\/radiotouring104\/2026\/03\/10\/reggio-a-palazzo-san-giorgio-la-tavola-rotonda-turismi-delle-radici\/\" \/>\n<meta property=\"og:site_name\" content=\"Radio Touring 104\" \/>\n<meta property=\"article:published_time\" content=\"2026-03-10T10:01:04+00:00\" \/>\n<meta property=\"article:modified_time\" content=\"2026-03-10T11:52:33+00:00\" \/>\n<meta property=\"og:image\" content=\"https:\/\/progettotouring.it\/radiotouring104\/wp-content\/uploads\/sites\/6\/2026\/03\/Turismo-delle-Radici-Palazzo-San-Giorgio.jpeg\" \/>\n\t<meta property=\"og:image:width\" content=\"2048\" \/>\n\t<meta property=\"og:image:height\" content=\"1365\" \/>\n\t<meta property=\"og:image:type\" content=\"image\/jpeg\" \/>\n<meta name=\"author\" content=\"redazione\" \/>\n<meta name=\"twitter:card\" content=\"summary_large_image\" \/>\n<meta name=\"twitter:label1\" content=\"Scritto da\" \/>\n\t<meta name=\"twitter:data1\" content=\"redazione\" \/>\n\t<meta name=\"twitter:label2\" content=\"Tempo di lettura stimato\" \/>\n\t<meta name=\"twitter:data2\" content=\"2 minuti\" \/>\n<script type=\"application\/ld+json\" class=\"yoast-schema-graph\">{\"@context\":\"https:\/\/schema.org\",\"@graph\":[{\"@type\":\"Article\",\"@id\":\"https:\/\/progettotouring.it\/radiotouring104\/2026\/03\/10\/reggio-a-palazzo-san-giorgio-la-tavola-rotonda-turismi-delle-radici\/#article\",\"isPartOf\":{\"@id\":\"https:\/\/progettotouring.it\/radiotouring104\/2026\/03\/10\/reggio-a-palazzo-san-giorgio-la-tavola-rotonda-turismi-delle-radici\/\"},\"author\":{\"name\":\"redazione\",\"@id\":\"https:\/\/progettotouring.it\/radiotouring104\/#\/schema\/person\/1b3eb3c07c47136bc44c785c543e635f\"},\"headline\":\"Reggio: a Palazzo San Giorgio la Tavola Rotonda &#8220;Turismi delle Radici&#8221;\",\"datePublished\":\"2026-03-10T10:01:04+00:00\",\"dateModified\":\"2026-03-10T11:52:33+00:00\",\"mainEntityOfPage\":{\"@id\":\"https:\/\/progettotouring.it\/radiotouring104\/2026\/03\/10\/reggio-a-palazzo-san-giorgio-la-tavola-rotonda-turismi-delle-radici\/\"},\"wordCount\":451,\"publisher\":{\"@id\":\"https:\/\/progettotouring.it\/radiotouring104\/#organization\"},\"image\":{\"@id\":\"https:\/\/progettotouring.it\/radiotouring104\/2026\/03\/10\/reggio-a-palazzo-san-giorgio-la-tavola-rotonda-turismi-delle-radici\/#primaryimage\"},\"thumbnailUrl\":\"https:\/\/progettotouring.it\/radiotouring104\/wp-content\/uploads\/sites\/6\/2026\/03\/Turismo-delle-Radici-Palazzo-San-Giorgio.jpeg\",\"keywords\":[\"Aicotour\",\"Attrattori unici dal mare ai borghi\",\"Consigliere Giovanni Latella\",\"palazzo san giorgio\",\"Sindaco ff Mimmo Battaglia\",\"Tavola Rotonda \\\"Turismi delle Radici\\\"\"],\"articleSection\":[\"Home\",\"News\",\"Reggio Calabria\"],\"inLanguage\":\"it-IT\"},{\"@type\":\"WebPage\",\"@id\":\"https:\/\/progettotouring.it\/radiotouring104\/2026\/03\/10\/reggio-a-palazzo-san-giorgio-la-tavola-rotonda-turismi-delle-radici\/\",\"url\":\"https:\/\/progettotouring.it\/radiotouring104\/2026\/03\/10\/reggio-a-palazzo-san-giorgio-la-tavola-rotonda-turismi-delle-radici\/\",\"name\":\"Reggio: a Palazzo San Giorgio la Tavola Rotonda \\\"Turismi delle Radici\\\" - Radio Touring 104\",\"isPartOf\":{\"@id\":\"https:\/\/progettotouring.it\/radiotouring104\/#website\"},\"primaryImageOfPage\":{\"@id\":\"https:\/\/progettotouring.it\/radiotouring104\/2026\/03\/10\/reggio-a-palazzo-san-giorgio-la-tavola-rotonda-turismi-delle-radici\/#primaryimage\"},\"image\":{\"@id\":\"https:\/\/progettotouring.it\/radiotouring104\/2026\/03\/10\/reggio-a-palazzo-san-giorgio-la-tavola-rotonda-turismi-delle-radici\/#primaryimage\"},\"thumbnailUrl\":\"https:\/\/progettotouring.it\/radiotouring104\/wp-content\/uploads\/sites\/6\/2026\/03\/Turismo-delle-Radici-Palazzo-San-Giorgio.jpeg\",\"datePublished\":\"2026-03-10T10:01:04+00:00\",\"dateModified\":\"2026-03-10T11:52:33+00:00\",\"description\":\"\u00abAttrattori unici dal mare ai borghi, portiamo il \u201cbrand Reggio\u201d nel mondo\u00bb, ha dichiarato il Sindaco ff, Mimmo Battaglia\",\"breadcrumb\":{\"@id\":\"https:\/\/progettotouring.it\/radiotouring104\/2026\/03\/10\/reggio-a-palazzo-san-giorgio-la-tavola-rotonda-turismi-delle-radici\/#breadcrumb\"},\"inLanguage\":\"it-IT\",\"potentialAction\":[{\"@type\":\"ReadAction\",\"target\":[\"https:\/\/progettotouring.it\/radiotouring104\/2026\/03\/10\/reggio-a-palazzo-san-giorgio-la-tavola-rotonda-turismi-delle-radici\/\"]}]},{\"@type\":\"ImageObject\",\"inLanguage\":\"it-IT\",\"@id\":\"https:\/\/progettotouring.it\/radiotouring104\/2026\/03\/10\/reggio-a-palazzo-san-giorgio-la-tavola-rotonda-turismi-delle-radici\/#primaryimage\",\"url\":\"https:\/\/progettotouring.it\/radiotouring104\/wp-content\/uploads\/sites\/6\/2026\/03\/Turismo-delle-Radici-Palazzo-San-Giorgio.jpeg\",\"contentUrl\":\"https:\/\/progettotouring.it\/radiotouring104\/wp-content\/uploads\/sites\/6\/2026\/03\/Turismo-delle-Radici-Palazzo-San-Giorgio.jpeg\",\"width\":2048,\"height\":1365},{\"@type\":\"BreadcrumbList\",\"@id\":\"https:\/\/progettotouring.it\/radiotouring104\/2026\/03\/10\/reggio-a-palazzo-san-giorgio-la-tavola-rotonda-turismi-delle-radici\/#breadcrumb\",\"itemListElement\":[{\"@type\":\"ListItem\",\"position\":1,\"name\":\"Home\",\"item\":\"https:\/\/progettotouring.it\/radiotouring104\/\"},{\"@type\":\"ListItem\",\"position\":2,\"name\":\"Reggio: a Palazzo San Giorgio la Tavola Rotonda &#8220;Turismi delle Radici&#8221;\"}]},{\"@type\":\"WebSite\",\"@id\":\"https:\/\/progettotouring.it\/radiotouring104\/#website\",\"url\":\"https:\/\/progettotouring.it\/radiotouring104\/\",\"name\":\"Radio Touring 104\",\"description\":\"La prima radio Reggina\",\"publisher\":{\"@id\":\"https:\/\/progettotouring.it\/radiotouring104\/#organization\"},\"potentialAction\":[{\"@type\":\"SearchAction\",\"target\":{\"@type\":\"EntryPoint\",\"urlTemplate\":\"https:\/\/progettotouring.it\/radiotouring104\/?s={search_term_string}\"},\"query-input\":{\"@type\":\"PropertyValueSpecification\",\"valueRequired\":true,\"valueName\":\"search_term_string\"}}],\"inLanguage\":\"it-IT\"},{\"@type\":\"Organization\",\"@id\":\"https:\/\/progettotouring.it\/radiotouring104\/#organization\",\"name\":\"Radio Touring 104\",\"url\":\"https:\/\/progettotouring.it\/radiotouring104\/\",\"logo\":{\"@type\":\"ImageObject\",\"inLanguage\":\"it-IT\",\"@id\":\"https:\/\/progettotouring.it\/radiotouring104\/#\/schema\/logo\/image\/\",\"url\":\"https:\/\/progettotouring.it\/radiotouring104\/wp-content\/uploads\/sites\/6\/2022\/02\/cropped-logo-radio-touring-104.png\",\"contentUrl\":\"https:\/\/progettotouring.it\/radiotouring104\/wp-content\/uploads\/sites\/6\/2022\/02\/cropped-logo-radio-touring-104.png\",\"width\":377,\"height\":182,\"caption\":\"Radio Touring 104\"},\"image\":{\"@id\":\"https:\/\/progettotouring.it\/radiotouring104\/#\/schema\/logo\/image\/\"}},{\"@type\":\"Person\",\"@id\":\"https:\/\/progettotouring.it\/radiotouring104\/#\/schema\/person\/1b3eb3c07c47136bc44c785c543e635f\",\"name\":\"redazione\",\"image\":{\"@type\":\"ImageObject\",\"inLanguage\":\"it-IT\",\"@id\":\"https:\/\/secure.gravatar.com\/avatar\/0b31605b49f100769e8b624b3e05de1b73e1692e9568a352f60f53fd072e6e11?s=96&d=mm&r=g\",\"url\":\"https:\/\/secure.gravatar.com\/avatar\/0b31605b49f100769e8b624b3e05de1b73e1692e9568a352f60f53fd072e6e11?s=96&d=mm&r=g\",\"contentUrl\":\"https:\/\/secure.gravatar.com\/avatar\/0b31605b49f100769e8b624b3e05de1b73e1692e9568a352f60f53fd072e6e11?s=96&d=mm&r=g\",\"caption\":\"redazione\"},\"url\":\"https:\/\/progettotouring.it\/radiotouring104\/author\/redazione\/\"}]}<\/script>\n<!-- \/ Yoast SEO plugin. -->","yoast_head_json":{"title":"Reggio: a Palazzo San Giorgio la Tavola Rotonda \"Turismi delle Radici\" - Radio Touring 104","description":"\u00abAttrattori unici dal mare ai borghi, portiamo il \u201cbrand Reggio\u201d nel mondo\u00bb, ha dichiarato il Sindaco ff, Mimmo Battaglia","robots":{"index":"index","follow":"follow","max-snippet":"max-snippet:-1","max-image-preview":"max-image-preview:large","max-video-preview":"max-video-preview:-1"},"canonical":"https:\/\/progettotouring.it\/radiotouring104\/2026\/03\/10\/reggio-a-palazzo-san-giorgio-la-tavola-rotonda-turismi-delle-radici\/","og_locale":"it_IT","og_type":"article","og_title":"Reggio: a Palazzo San Giorgio la Tavola Rotonda \"Turismi delle Radici\" - Radio Touring 104","og_description":"\u00abAttrattori unici dal mare ai borghi, portiamo il \u201cbrand Reggio\u201d nel mondo\u00bb, ha dichiarato il Sindaco ff, Mimmo Battaglia","og_url":"https:\/\/progettotouring.it\/radiotouring104\/2026\/03\/10\/reggio-a-palazzo-san-giorgio-la-tavola-rotonda-turismi-delle-radici\/","og_site_name":"Radio Touring 104","article_published_time":"2026-03-10T10:01:04+00:00","article_modified_time":"2026-03-10T11:52:33+00:00","og_image":[{"width":2048,"height":1365,"url":"https:\/\/progettotouring.it\/radiotouring104\/wp-content\/uploads\/sites\/6\/2026\/03\/Turismo-delle-Radici-Palazzo-San-Giorgio.jpeg","type":"image\/jpeg"}],"author":"redazione","twitter_card":"summary_large_image","twitter_misc":{"Scritto da":"redazione","Tempo di lettura stimato":"2 minuti"},"schema":{"@context":"https:\/\/schema.org","@graph":[{"@type":"Article","@id":"https:\/\/progettotouring.it\/radiotouring104\/2026\/03\/10\/reggio-a-palazzo-san-giorgio-la-tavola-rotonda-turismi-delle-radici\/#article","isPartOf":{"@id":"https:\/\/progettotouring.it\/radiotouring104\/2026\/03\/10\/reggio-a-palazzo-san-giorgio-la-tavola-rotonda-turismi-delle-radici\/"},"author":{"name":"redazione","@id":"https:\/\/progettotouring.it\/radiotouring104\/#\/schema\/person\/1b3eb3c07c47136bc44c785c543e635f"},"headline":"Reggio: a Palazzo San Giorgio la Tavola Rotonda &#8220;Turismi delle Radici&#8221;","datePublished":"2026-03-10T10:01:04+00:00","dateModified":"2026-03-10T11:52:33+00:00","mainEntityOfPage":{"@id":"https:\/\/progettotouring.it\/radiotouring104\/2026\/03\/10\/reggio-a-palazzo-san-giorgio-la-tavola-rotonda-turismi-delle-radici\/"},"wordCount":451,"publisher":{"@id":"https:\/\/progettotouring.it\/radiotouring104\/#organization"},"image":{"@id":"https:\/\/progettotouring.it\/radiotouring104\/2026\/03\/10\/reggio-a-palazzo-san-giorgio-la-tavola-rotonda-turismi-delle-radici\/#primaryimage"},"thumbnailUrl":"https:\/\/progettotouring.it\/radiotouring104\/wp-content\/uploads\/sites\/6\/2026\/03\/Turismo-delle-Radici-Palazzo-San-Giorgio.jpeg","keywords":["Aicotour","Attrattori unici dal mare ai borghi","Consigliere Giovanni Latella","palazzo san giorgio","Sindaco ff Mimmo Battaglia","Tavola Rotonda \"Turismi delle Radici\""],"articleSection":["Home","News","Reggio Calabria"],"inLanguage":"it-IT"},{"@type":"WebPage","@id":"https:\/\/progettotouring.it\/radiotouring104\/2026\/03\/10\/reggio-a-palazzo-san-giorgio-la-tavola-rotonda-turismi-delle-radici\/","url":"https:\/\/progettotouring.it\/radiotouring104\/2026\/03\/10\/reggio-a-palazzo-san-giorgio-la-tavola-rotonda-turismi-delle-radici\/","name":"Reggio: a Palazzo San Giorgio la Tavola Rotonda \"Turismi delle Radici\" - Radio Touring 104","isPartOf":{"@id":"https:\/\/progettotouring.it\/radiotouring104\/#website"},"primaryImageOfPage":{"@id":"https:\/\/progettotouring.it\/radiotouring104\/2026\/03\/10\/reggio-a-palazzo-san-giorgio-la-tavola-rotonda-turismi-delle-radici\/#primaryimage"},"image":{"@id":"https:\/\/progettotouring.it\/radiotouring104\/2026\/03\/10\/reggio-a-palazzo-san-giorgio-la-tavola-rotonda-turismi-delle-radici\/#primaryimage"},"thumbnailUrl":"https:\/\/progettotouring.it\/radiotouring104\/wp-content\/uploads\/sites\/6\/2026\/03\/Turismo-delle-Radici-Palazzo-San-Giorgio.jpeg","datePublished":"2026-03-10T10:01:04+00:00","dateModified":"2026-03-10T11:52:33+00:00","description":"\u00abAttrattori unici dal mare ai borghi, portiamo il \u201cbrand Reggio\u201d nel mondo\u00bb, ha dichiarato il Sindaco ff, Mimmo Battaglia","breadcrumb":{"@id":"https:\/\/progettotouring.it\/radiotouring104\/2026\/03\/10\/reggio-a-palazzo-san-giorgio-la-tavola-rotonda-turismi-delle-radici\/#breadcrumb"},"inLanguage":"it-IT","potentialAction":[{"@type":"ReadAction","target":["https:\/\/progettotouring.it\/radiotouring104\/2026\/03\/10\/reggio-a-palazzo-san-giorgio-la-tavola-rotonda-turismi-delle-radici\/"]}]},{"@type":"ImageObject","inLanguage":"it-IT","@id":"https:\/\/progettotouring.it\/radiotouring104\/2026\/03\/10\/reggio-a-palazzo-san-giorgio-la-tavola-rotonda-turismi-delle-radici\/#primaryimage","url":"https:\/\/progettotouring.it\/radiotouring104\/wp-content\/uploads\/sites\/6\/2026\/03\/Turismo-delle-Radici-Palazzo-San-Giorgio.jpeg","contentUrl":"https:\/\/progettotouring.it\/radiotouring104\/wp-content\/uploads\/sites\/6\/2026\/03\/Turismo-delle-Radici-Palazzo-San-Giorgio.jpeg","width":2048,"height":1365},{"@type":"BreadcrumbList","@id":"https:\/\/progettotouring.it\/radiotouring104\/2026\/03\/10\/reggio-a-palazzo-san-giorgio-la-tavola-rotonda-turismi-delle-radici\/#breadcrumb","itemListElement":[{"@type":"ListItem","position":1,"name":"Home","item":"https:\/\/progettotouring.it\/radiotouring104\/"},{"@type":"ListItem","position":2,"name":"Reggio: a Palazzo San Giorgio la Tavola Rotonda &#8220;Turismi delle Radici&#8221;"}]},{"@type":"WebSite","@id":"https:\/\/progettotouring.it\/radiotouring104\/#website","url":"https:\/\/progettotouring.it\/radiotouring104\/","name":"Radio Touring 104","description":"La prima radio Reggina","publisher":{"@id":"https:\/\/progettotouring.it\/radiotouring104\/#organization"},"potentialAction":[{"@type":"SearchAction","target":{"@type":"EntryPoint","urlTemplate":"https:\/\/progettotouring.it\/radiotouring104\/?s={search_term_string}"},"query-input":{"@type":"PropertyValueSpecification","valueRequired":true,"valueName":"search_term_string"}}],"inLanguage":"it-IT"},{"@type":"Organization","@id":"https:\/\/progettotouring.it\/radiotouring104\/#organization","name":"Radio Touring 104","url":"https:\/\/progettotouring.it\/radiotouring104\/","logo":{"@type":"ImageObject","inLanguage":"it-IT","@id":"https:\/\/progettotouring.it\/radiotouring104\/#\/schema\/logo\/image\/","url":"https:\/\/progettotouring.it\/radiotouring104\/wp-content\/uploads\/sites\/6\/2022\/02\/cropped-logo-radio-touring-104.png","contentUrl":"https:\/\/progettotouring.it\/radiotouring104\/wp-content\/uploads\/sites\/6\/2022\/02\/cropped-logo-radio-touring-104.png","width":377,"height":182,"caption":"Radio Touring 104"},"image":{"@id":"https:\/\/progettotouring.it\/radiotouring104\/#\/schema\/logo\/image\/"}},{"@type":"Person","@id":"https:\/\/progettotouring.it\/radiotouring104\/#\/schema\/person\/1b3eb3c07c47136bc44c785c543e635f","name":"redazione","image":{"@type":"ImageObject","inLanguage":"it-IT","@id":"https:\/\/secure.gravatar.com\/avatar\/0b31605b49f100769e8b624b3e05de1b73e1692e9568a352f60f53fd072e6e11?s=96&d=mm&r=g","url":"https:\/\/secure.gravatar.com\/avatar\/0b31605b49f100769e8b624b3e05de1b73e1692e9568a352f60f53fd072e6e11?s=96&d=mm&r=g","contentUrl":"https:\/\/secure.gravatar.com\/avatar\/0b31605b49f100769e8b624b3e05de1b73e1692e9568a352f60f53fd072e6e11?s=96&d=mm&r=g","caption":"redazione"},"url":"https:\/\/progettotouring.it\/radiotouring104\/author\/redazione\/"}]}},"jetpack_publicize_connections":[],"jetpack_featured_media_url":"https:\/\/progettotouring.it\/radiotouring104\/wp-content\/uploads\/sites\/6\/2026\/03\/Turismo-delle-Radici-Palazzo-San-Giorgio.jpeg","jetpack_sharing_enabled":true,"_links":{"self":[{"href":"https:\/\/progettotouring.it\/radiotouring104\/wp-json\/wp\/v2\/posts\/91795","targetHints":{"allow":["GET"]}}],"collection":[{"href":"https:\/\/progettotouring.it\/radiotouring104\/wp-json\/wp\/v2\/posts"}],"about":[{"href":"https:\/\/progettotouring.it\/radiotouring104\/wp-json\/wp\/v2\/types\/post"}],"author":[{"embeddable":true,"href":"https:\/\/progettotouring.it\/radiotouring104\/wp-json\/wp\/v2\/users\/5"}],"replies":[{"embeddable":true,"href":"https:\/\/progettotouring.it\/radiotouring104\/wp-json\/wp\/v2\/comments?post=91795"}],"version-history":[{"count":1,"href":"https:\/\/progettotouring.it\/radiotouring104\/wp-json\/wp\/v2\/posts\/91795\/revisions"}],"predecessor-version":[{"id":91797,"href":"https:\/\/progettotouring.it\/radiotouring104\/wp-json\/wp\/v2\/posts\/91795\/revisions\/91797"}],"wp:featuredmedia":[{"embeddable":true,"href":"https:\/\/progettotouring.it\/radiotouring104\/wp-json\/wp\/v2\/media\/91796"}],"wp:attachment":[{"href":"https:\/\/progettotouring.it\/radiotouring104\/wp-json\/wp\/v2\/media?parent=91795"}],"wp:term":[{"taxonomy":"category","embeddable":true,"href":"https:\/\/progettotouring.it\/radiotouring104\/wp-json\/wp\/v2\/categories?post=91795"},{"taxonomy":"post_tag","embeddable":true,"href":"https:\/\/progettotouring.it\/radiotouring104\/wp-json\/wp\/v2\/tags?post=91795"}],"curies":[{"name":"wp","href":"https:\/\/api.w.org\/{rel}","templated":true}]}}