{"id":91802,"date":"2026-03-10T11:20:14","date_gmt":"2026-03-10T10:20:14","guid":{"rendered":"https:\/\/progettotouring.it\/radiotouring104\/?p=91802"},"modified":"2026-03-10T12:51:39","modified_gmt":"2026-03-10T11:51:39","slug":"reggio-le-muse-raccontano-il-rapporto-di-donne-invisibili-in-occasione-della-giornata-della-donna","status":"publish","type":"post","link":"https:\/\/progettotouring.it\/radiotouring104\/2026\/03\/10\/reggio-le-muse-raccontano-il-rapporto-di-donne-invisibili-in-occasione-della-giornata-della-donna\/","title":{"rendered":"Reggio: &#8220;Le Muse&#8221; raccontano il rapporto di &#8220;donne invisibili&#8221;, in occasione della Giornata della Donna"},"content":{"rendered":"<p>L\u2019 Associazione \u201cLe Muse &#8211; Laboratorio delle Arti e delle Lettere\u201d continua i suoi appuntamenti settimanali e la sua programmazione seguendo i principali avvenimenti e ricorrenze internazionali proponendo la quarta edizione \u201cDonne al centro\u2026tra servizio, tutela, introspezione e senso della Vita\u201d.<\/p>\n<p>Giuseppe Livoti in apertura dell\u2019evento, ha ricordato come oggi pi\u00f9 che mai si sente la necessit\u00e0 di raccontare storie di donne che vivono la loro vita in un mondo sommerso, non con modalit\u00e0 eclatanti ma, donne, che lavorano per il bene comune, nella societ\u00e0, nel mondo istituzionale e nel volontariato. Una conversazione che \u00e8 servita a raccontare cosa le donne oggi fanno, nel silenzio e con passione nell\u2019 area metropolitana e magari cosa si potrebbe fare ancora di pi\u00f9 con l\u2019aiuto della collettivit\u00e0.<\/p>\n<p>Il tema &#8220;Give to Gain&#8221; (Dare per Guadagnare), promuove l&#8217;impegno concreto per la parit\u00e0 di genere, l&#8217;empowerment femminile e il lavoro ed i punti salienti del 202 sono &#8220;dare per guadagnare&#8221; (Give to Gain), incoraggiando azioni concrete, volontariato e supporto per le cause femminili ed una forte enfasi sulla parit\u00e0 nel mondo del lavoro, l&#8217;emancipazione femminile (empowerment) e la necessit\u00e0 di creare un &#8220;pianeta 50-50&#8221;. La manifestazione ha commentato Livoti rientra nell\u2019ambito della Giornata Internazionale che nel 1977 vede un riconoscimento formale dell\u2019Onu, con l\u2019istituzione della Giornata delle Nazioni Unite per i diritti delle Donne e per la pace internazionale. Negli anni Ottanta in Italia, fino al 1996, lo stupro era considerato reato contro la morale e non contro la persona. Era quindi la violenza sessuale uno dei temi pi\u00f9 sentiti durante le giornate di lotta. Successivamente il senso sociale e simbolico di questa data sembr\u00f2 affievolirsi, ma, gli ultimi esiti di vari accadimenti hanno posto la donna al centro del dibattito sociale, politico, istituzionale. In anni pi\u00f9 recenti il movimento Non una di meno, nato in Argentina, ha restituito forza simbolica a questa data: nel 2017 \u00e8 stato proclamato per la prima volta uno sciopero globale e manifestazioni contro la violenza di genere, il machismo, le diseguaglianze che ancora sono vive nella societ\u00e0 e in modo differente in tutto il mondo.<\/p>\n<p>Anna Bellantoni Presidente AMI &#8211; Avvocati Matrimonialisti Italiani Distretto di Reggio Calabria e Consigliera Comitato Pari Opportunit\u00e0 presso il Consiglio dell&#8217;Ordine degli Avvocati di Rc sin da subito si \u00e8 soffermata sull\u2019AMI &#8211; Associazione Avvocati Matrimonialisti Italiani che \u00e8 l\u2019associazione italiana per la formazione professionale multidisciplinare, sia di base che di aggiornamento professionale pi\u00f9 attiva in Italia. Vanta di numerosi soci sostenitori come psicologi, medici psichiatri, mediatori familiari, sociologi, pedagogisti, assistenti sociali e insegnanti e oggi far parte dell\u2019AMI significa contribuire attivamente a questo grande progetto sempre pi\u00f9 in crescita ed importanza nazionale. In questi ultimi mesi ha continuato il noto avvocato, abbiamo siglato vari protocolli d\u2019intesa tra cui quello con il Comune di Villa San Giovanni, che \u00e8 anche capofila di molti comuni \u2013 ben 14 \u2013 con i quali cerchiamo di lavorare in rete affinch\u00e9, appunto, come associazione di categoria chiamata alla tutela delle vittime di violenza ed a dare un contributo fattivo all\u2019intera comunit\u00e0. Noi con questi sportelli aperti anche a S. Eufemia d\u2019Aspromonte e prossimamente a Reggio Calabria nei pressi di piazza Castello, offriremo un supporto di tipo legale e gratuito e di tipo psicologico attraverso dei professionisti specializzati e nei luoghi preposti anche all\u2019interno dell\u2019Ambito 14. Luoghi intimi e discreti che sono aperti in determinati giorni e con personale disponibile all\u2019utenza, garantendo un posto protetto e sicuro per tutti coloro che vorranno usufruire di questo servizio, cercando dove \u00e8 possibile di abbattere il muro del silenzio ma soprattutto incoraggiando le vittime a denunciare.<\/p>\n<p>Enza Pecora Dirigente Psicologa &#8211; Psicoterapeuta ASP RC e vice presidente\u00a0 Ass. Cuore di Medea ha parlato della sua esperienza nel territorio metropolitano rilevando come purtroppo le donne oggi iniziano a denunciare soprusi dai 35 anni in su, dato inversamente proporzionale ad un tempo in cui l\u2019et\u00e0 si alzava ai 50 anni. Tante denunce vengono fatte e ultimamente l\u2019area da dove ne arrivano di pi\u00f9 \u00e8 quella ionica. Inoltre la dottoressa Pecora si \u00e8 soffermata anche sul suo ruolo di vice presidente di una associazione che si rivolge alle donne e a tutti coloro che, vittime incolpevoli di questi abusi e comportamenti criminosi, sono alla ricerca di una giusta tutela che li possa far sentire protetti e nello stesso tempo permetta loro di uscire da quel limbo di anonimato che per troppo tempo ha nascosto una societ\u00e0 corrotta e malata. Oggi io testimonio con il mio lavoro su pi\u00f9 fronti molte situazioni di donne e delle loro problematiche, di valori ed aspetti di identit\u00e0 e di disagio, proprio per questo, ogni giorno sono a contatto con donne in difficolt\u00e0 che meritano di essere informate e di una presenza psicologica. Un servizio aperto a donne, mamme, figli, sorelle ad essere invisibili e smarriti che vivono anche di disagio socio economico e di vergogna.<\/p>\n<p>Intima e personale la storia di Caterina Filippone Muscatello presidente Associazione Donatori di Sangue per il Paziente Emopatico ADSPEM FIDAS la quale ha ricordato come all\u2019et\u00e0 di 40 anni entra in contatto con il mondo dell\u2019ematologia grazie al compianto prof. Alberto Neri ematologo di grande prestigio e fondatore anche della sezione AIL di Reggio Calabria e Vibo Valentia. Sono presidente storica dell\u2019Adspem che nasce da un primo nucleo di Donatori di sangue dell\u2019A.I.L. (Associazione Italiana contro le Leucemie) si costitui\u2019 legalmente, nel 1992, l\u2019A.D.S.P.E.M. (Associazione donatori di sangue per il paziente emopatico). L\u2019associazione ha continuato la Muscatello \u00e8 regolarmente iscritta al Registro Regionale del Volontariato e al Registro Comunale del Volontariato. Dal 1996 fa parte della F.I.D.A.S. (Federazione Italiana Associazioni Donatori di Sangue). Opera presso il S.I.T. (Servizio di Immunoematologia e Trasfusionale dell\u2019Azienda Ospedaliera Bianchi \u2013 Melacrino \u2013 Morelli di Reggio Calabria) ed i volontari Adspem Fidas sono costantemente impegnati in prima linea nella scrupolosa opera di: diffusione della cultura della donazione del sangue, tutela della salute del donatore, controllo del buon uso del sangue. Notevolissima nel tempo \u00e8 stata la crescita del numero di donatori periodici iscritti all\u2019Adspem Fidas dal 1992 ad oggi, cos\u00ec come il numero delle donazioni. Da un nucleo attivo iniziale di circa 300 donatori, sono oggi oltre 3000 coloro che periodicamente effettuano una donazione di sangue ma, purtroppo oggi pi\u00f9 che mai ha denunciato la presidente Muscatello c\u2019\u00e8 poca attenzione alla donazione. Occorre dunque costruire un nuovo senso del volontariato ma quello attivo che coinvolga i giovani e la societ\u00e0 comprese le istituzioni.<\/p>\n<p>Durante la serata anche un momento che ha visto una lettura \u201cpoetica, artistica e dunque simbolica della donna\u201d attraverso testimonianze poetiche visive ed artistiche con la presenza di poeti ed artisti delle Muse che hanno raccontato \u201cstorie caratteriali di donne\u201d trasportate su tela e descritte con versi attraverso l\u2019illusione della comunicazione. Ognuno di loro ha trasposto una parola per descrivere la donna oggi per una analisi condivisa di ruoli e diversit\u00e0. Hanno aderito Francesca Avenoso, Margherita Battaglia, Cristina Benedetto, Patrizia Crupi, Tina Nicolo\u2019, Francesca Perina, Francesca Triolo, Anna Frascati, Giovanni Milasi, Luigi Barberio, Teresa Celestino, Francesco Ravenda.<\/p>\n<p>&nbsp;<\/p>\n<p>&nbsp;<\/p>\n<p>&nbsp;<\/p>\n","protected":false},"excerpt":{"rendered":"<p>L\u2019 Associazione \u201cLe Muse &#8211; Laboratorio delle Arti e delle Lettere\u201d continua i suoi appuntamenti settimanali e la sua programmazione seguendo i principali avvenimenti e ricorrenze internazionali proponendo la quarta&hellip;<\/p>\n","protected":false},"author":5,"featured_media":91803,"comment_status":"closed","ping_status":"open","sticky":false,"template":"","format":"standard","meta":{"_jetpack_memberships_contains_paid_content":false,"footnotes":"","jetpack_publicize_message":"","jetpack_publicize_feature_enabled":true,"jetpack_social_post_already_shared":true,"jetpack_social_options":{"image_generator_settings":{"template":"highway","default_image_id":0,"font":"","enabled":false},"version":2}},"categories":[921,196,140],"tags":[49129,28695,5706,51712,51713,51714],"class_list":["post-91802","post","type-post","status-publish","format-standard","has-post-thumbnail","hentry","category-home","category-news","category-reggio-calabria","tag-associazione-le-muse","tag-giornata-della-donna","tag-giuseppe-livoti","tag-nicolo-tina","tag-rapporto-di-donne-invisibili","tag-tutela-donne-in-un-processo-istituzionale-in-espansione"],"yoast_head":"<!-- This site is optimized with the Yoast SEO plugin v27.2 - https:\/\/yoast.com\/product\/yoast-seo-wordpress\/ -->\n<title>Reggio: &quot;Le Muse&quot; raccontano il rapporto di &quot;donne invisibili&quot;, in occasione della Giornata della Donna - Radio Touring 104<\/title>\n<meta name=\"description\" content=\"L&#039;Associazione ha celebrato la Giornata della Donna raccontando &quot;le invisibili&quot; e la loro tutela in un processo istituzionale in espansione\" \/>\n<meta name=\"robots\" content=\"index, follow, max-snippet:-1, max-image-preview:large, max-video-preview:-1\" \/>\n<link rel=\"canonical\" href=\"https:\/\/progettotouring.it\/radiotouring104\/2026\/03\/10\/reggio-le-muse-raccontano-il-rapporto-di-donne-invisibili-in-occasione-della-giornata-della-donna\/\" \/>\n<meta property=\"og:locale\" content=\"it_IT\" \/>\n<meta property=\"og:type\" content=\"article\" \/>\n<meta property=\"og:title\" content=\"Reggio: &quot;Le Muse&quot; raccontano il rapporto di &quot;donne invisibili&quot;, in occasione della Giornata della Donna - Radio Touring 104\" \/>\n<meta property=\"og:description\" content=\"L&#039;Associazione ha celebrato la Giornata della Donna raccontando &quot;le invisibili&quot; e la loro tutela in un processo istituzionale in espansione\" \/>\n<meta property=\"og:url\" content=\"https:\/\/progettotouring.it\/radiotouring104\/2026\/03\/10\/reggio-le-muse-raccontano-il-rapporto-di-donne-invisibili-in-occasione-della-giornata-della-donna\/\" \/>\n<meta property=\"og:site_name\" content=\"Radio Touring 104\" \/>\n<meta property=\"article:published_time\" content=\"2026-03-10T10:20:14+00:00\" \/>\n<meta property=\"article:modified_time\" content=\"2026-03-10T11:51:39+00:00\" \/>\n<meta property=\"og:image\" content=\"https:\/\/progettotouring.it\/radiotouring104\/wp-content\/uploads\/sites\/6\/2026\/03\/Livoti-Festa-Donna.jpg\" \/>\n\t<meta property=\"og:image:width\" content=\"1037\" \/>\n\t<meta property=\"og:image:height\" content=\"746\" \/>\n\t<meta property=\"og:image:type\" content=\"image\/jpeg\" \/>\n<meta name=\"author\" content=\"redazione\" \/>\n<meta name=\"twitter:card\" content=\"summary_large_image\" \/>\n<meta name=\"twitter:label1\" content=\"Scritto da\" \/>\n\t<meta name=\"twitter:data1\" content=\"redazione\" \/>\n\t<meta name=\"twitter:label2\" content=\"Tempo di lettura stimato\" \/>\n\t<meta name=\"twitter:data2\" content=\"6 minuti\" \/>\n<script type=\"application\/ld+json\" class=\"yoast-schema-graph\">{\"@context\":\"https:\/\/schema.org\",\"@graph\":[{\"@type\":\"Article\",\"@id\":\"https:\/\/progettotouring.it\/radiotouring104\/2026\/03\/10\/reggio-le-muse-raccontano-il-rapporto-di-donne-invisibili-in-occasione-della-giornata-della-donna\/#article\",\"isPartOf\":{\"@id\":\"https:\/\/progettotouring.it\/radiotouring104\/2026\/03\/10\/reggio-le-muse-raccontano-il-rapporto-di-donne-invisibili-in-occasione-della-giornata-della-donna\/\"},\"author\":{\"name\":\"redazione\",\"@id\":\"https:\/\/progettotouring.it\/radiotouring104\/#\/schema\/person\/1b3eb3c07c47136bc44c785c543e635f\"},\"headline\":\"Reggio: &#8220;Le Muse&#8221; raccontano il rapporto di &#8220;donne invisibili&#8221;, in occasione della Giornata della Donna\",\"datePublished\":\"2026-03-10T10:20:14+00:00\",\"dateModified\":\"2026-03-10T11:51:39+00:00\",\"mainEntityOfPage\":{\"@id\":\"https:\/\/progettotouring.it\/radiotouring104\/2026\/03\/10\/reggio-le-muse-raccontano-il-rapporto-di-donne-invisibili-in-occasione-della-giornata-della-donna\/\"},\"wordCount\":1190,\"publisher\":{\"@id\":\"https:\/\/progettotouring.it\/radiotouring104\/#organization\"},\"image\":{\"@id\":\"https:\/\/progettotouring.it\/radiotouring104\/2026\/03\/10\/reggio-le-muse-raccontano-il-rapporto-di-donne-invisibili-in-occasione-della-giornata-della-donna\/#primaryimage\"},\"thumbnailUrl\":\"https:\/\/progettotouring.it\/radiotouring104\/wp-content\/uploads\/sites\/6\/2026\/03\/Livoti-Festa-Donna.jpg\",\"keywords\":[\"Associazione \\\"Le Muse\\\"\",\"Giornata della Donna\",\"Giuseppe Livoti\",\"nicol\u00f2 tina\",\"rapporto di \\\"donne invisibili\\\"\",\"tutela donne in un processo istituzionale in espansione\"],\"articleSection\":[\"Home\",\"News\",\"Reggio Calabria\"],\"inLanguage\":\"it-IT\"},{\"@type\":\"WebPage\",\"@id\":\"https:\/\/progettotouring.it\/radiotouring104\/2026\/03\/10\/reggio-le-muse-raccontano-il-rapporto-di-donne-invisibili-in-occasione-della-giornata-della-donna\/\",\"url\":\"https:\/\/progettotouring.it\/radiotouring104\/2026\/03\/10\/reggio-le-muse-raccontano-il-rapporto-di-donne-invisibili-in-occasione-della-giornata-della-donna\/\",\"name\":\"Reggio: \\\"Le Muse\\\" raccontano il rapporto di \\\"donne invisibili\\\", in occasione della Giornata della Donna - Radio Touring 104\",\"isPartOf\":{\"@id\":\"https:\/\/progettotouring.it\/radiotouring104\/#website\"},\"primaryImageOfPage\":{\"@id\":\"https:\/\/progettotouring.it\/radiotouring104\/2026\/03\/10\/reggio-le-muse-raccontano-il-rapporto-di-donne-invisibili-in-occasione-della-giornata-della-donna\/#primaryimage\"},\"image\":{\"@id\":\"https:\/\/progettotouring.it\/radiotouring104\/2026\/03\/10\/reggio-le-muse-raccontano-il-rapporto-di-donne-invisibili-in-occasione-della-giornata-della-donna\/#primaryimage\"},\"thumbnailUrl\":\"https:\/\/progettotouring.it\/radiotouring104\/wp-content\/uploads\/sites\/6\/2026\/03\/Livoti-Festa-Donna.jpg\",\"datePublished\":\"2026-03-10T10:20:14+00:00\",\"dateModified\":\"2026-03-10T11:51:39+00:00\",\"description\":\"L'Associazione ha celebrato la Giornata della Donna raccontando \\\"le invisibili\\\" e la loro tutela in un processo istituzionale in espansione\",\"breadcrumb\":{\"@id\":\"https:\/\/progettotouring.it\/radiotouring104\/2026\/03\/10\/reggio-le-muse-raccontano-il-rapporto-di-donne-invisibili-in-occasione-della-giornata-della-donna\/#breadcrumb\"},\"inLanguage\":\"it-IT\",\"potentialAction\":[{\"@type\":\"ReadAction\",\"target\":[\"https:\/\/progettotouring.it\/radiotouring104\/2026\/03\/10\/reggio-le-muse-raccontano-il-rapporto-di-donne-invisibili-in-occasione-della-giornata-della-donna\/\"]}]},{\"@type\":\"ImageObject\",\"inLanguage\":\"it-IT\",\"@id\":\"https:\/\/progettotouring.it\/radiotouring104\/2026\/03\/10\/reggio-le-muse-raccontano-il-rapporto-di-donne-invisibili-in-occasione-della-giornata-della-donna\/#primaryimage\",\"url\":\"https:\/\/progettotouring.it\/radiotouring104\/wp-content\/uploads\/sites\/6\/2026\/03\/Livoti-Festa-Donna.jpg\",\"contentUrl\":\"https:\/\/progettotouring.it\/radiotouring104\/wp-content\/uploads\/sites\/6\/2026\/03\/Livoti-Festa-Donna.jpg\",\"width\":1037,\"height\":746},{\"@type\":\"BreadcrumbList\",\"@id\":\"https:\/\/progettotouring.it\/radiotouring104\/2026\/03\/10\/reggio-le-muse-raccontano-il-rapporto-di-donne-invisibili-in-occasione-della-giornata-della-donna\/#breadcrumb\",\"itemListElement\":[{\"@type\":\"ListItem\",\"position\":1,\"name\":\"Home\",\"item\":\"https:\/\/progettotouring.it\/radiotouring104\/\"},{\"@type\":\"ListItem\",\"position\":2,\"name\":\"Reggio: &#8220;Le Muse&#8221; raccontano il rapporto di &#8220;donne invisibili&#8221;, in occasione della Giornata della Donna\"}]},{\"@type\":\"WebSite\",\"@id\":\"https:\/\/progettotouring.it\/radiotouring104\/#website\",\"url\":\"https:\/\/progettotouring.it\/radiotouring104\/\",\"name\":\"Radio Touring 104\",\"description\":\"La prima radio Reggina\",\"publisher\":{\"@id\":\"https:\/\/progettotouring.it\/radiotouring104\/#organization\"},\"potentialAction\":[{\"@type\":\"SearchAction\",\"target\":{\"@type\":\"EntryPoint\",\"urlTemplate\":\"https:\/\/progettotouring.it\/radiotouring104\/?s={search_term_string}\"},\"query-input\":{\"@type\":\"PropertyValueSpecification\",\"valueRequired\":true,\"valueName\":\"search_term_string\"}}],\"inLanguage\":\"it-IT\"},{\"@type\":\"Organization\",\"@id\":\"https:\/\/progettotouring.it\/radiotouring104\/#organization\",\"name\":\"Radio Touring 104\",\"url\":\"https:\/\/progettotouring.it\/radiotouring104\/\",\"logo\":{\"@type\":\"ImageObject\",\"inLanguage\":\"it-IT\",\"@id\":\"https:\/\/progettotouring.it\/radiotouring104\/#\/schema\/logo\/image\/\",\"url\":\"https:\/\/progettotouring.it\/radiotouring104\/wp-content\/uploads\/sites\/6\/2022\/02\/cropped-logo-radio-touring-104.png\",\"contentUrl\":\"https:\/\/progettotouring.it\/radiotouring104\/wp-content\/uploads\/sites\/6\/2022\/02\/cropped-logo-radio-touring-104.png\",\"width\":377,\"height\":182,\"caption\":\"Radio Touring 104\"},\"image\":{\"@id\":\"https:\/\/progettotouring.it\/radiotouring104\/#\/schema\/logo\/image\/\"}},{\"@type\":\"Person\",\"@id\":\"https:\/\/progettotouring.it\/radiotouring104\/#\/schema\/person\/1b3eb3c07c47136bc44c785c543e635f\",\"name\":\"redazione\",\"image\":{\"@type\":\"ImageObject\",\"inLanguage\":\"it-IT\",\"@id\":\"https:\/\/secure.gravatar.com\/avatar\/0b31605b49f100769e8b624b3e05de1b73e1692e9568a352f60f53fd072e6e11?s=96&d=mm&r=g\",\"url\":\"https:\/\/secure.gravatar.com\/avatar\/0b31605b49f100769e8b624b3e05de1b73e1692e9568a352f60f53fd072e6e11?s=96&d=mm&r=g\",\"contentUrl\":\"https:\/\/secure.gravatar.com\/avatar\/0b31605b49f100769e8b624b3e05de1b73e1692e9568a352f60f53fd072e6e11?s=96&d=mm&r=g\",\"caption\":\"redazione\"},\"url\":\"https:\/\/progettotouring.it\/radiotouring104\/author\/redazione\/\"}]}<\/script>\n<!-- \/ Yoast SEO plugin. -->","yoast_head_json":{"title":"Reggio: \"Le Muse\" raccontano il rapporto di \"donne invisibili\", in occasione della Giornata della Donna - Radio Touring 104","description":"L'Associazione ha celebrato la Giornata della Donna raccontando \"le invisibili\" e la loro tutela in un processo istituzionale in espansione","robots":{"index":"index","follow":"follow","max-snippet":"max-snippet:-1","max-image-preview":"max-image-preview:large","max-video-preview":"max-video-preview:-1"},"canonical":"https:\/\/progettotouring.it\/radiotouring104\/2026\/03\/10\/reggio-le-muse-raccontano-il-rapporto-di-donne-invisibili-in-occasione-della-giornata-della-donna\/","og_locale":"it_IT","og_type":"article","og_title":"Reggio: \"Le Muse\" raccontano il rapporto di \"donne invisibili\", in occasione della Giornata della Donna - Radio Touring 104","og_description":"L'Associazione ha celebrato la Giornata della Donna raccontando \"le invisibili\" e la loro tutela in un processo istituzionale in espansione","og_url":"https:\/\/progettotouring.it\/radiotouring104\/2026\/03\/10\/reggio-le-muse-raccontano-il-rapporto-di-donne-invisibili-in-occasione-della-giornata-della-donna\/","og_site_name":"Radio Touring 104","article_published_time":"2026-03-10T10:20:14+00:00","article_modified_time":"2026-03-10T11:51:39+00:00","og_image":[{"width":1037,"height":746,"url":"https:\/\/progettotouring.it\/radiotouring104\/wp-content\/uploads\/sites\/6\/2026\/03\/Livoti-Festa-Donna.jpg","type":"image\/jpeg"}],"author":"redazione","twitter_card":"summary_large_image","twitter_misc":{"Scritto da":"redazione","Tempo di lettura stimato":"6 minuti"},"schema":{"@context":"https:\/\/schema.org","@graph":[{"@type":"Article","@id":"https:\/\/progettotouring.it\/radiotouring104\/2026\/03\/10\/reggio-le-muse-raccontano-il-rapporto-di-donne-invisibili-in-occasione-della-giornata-della-donna\/#article","isPartOf":{"@id":"https:\/\/progettotouring.it\/radiotouring104\/2026\/03\/10\/reggio-le-muse-raccontano-il-rapporto-di-donne-invisibili-in-occasione-della-giornata-della-donna\/"},"author":{"name":"redazione","@id":"https:\/\/progettotouring.it\/radiotouring104\/#\/schema\/person\/1b3eb3c07c47136bc44c785c543e635f"},"headline":"Reggio: &#8220;Le Muse&#8221; raccontano il rapporto di &#8220;donne invisibili&#8221;, in occasione della Giornata della Donna","datePublished":"2026-03-10T10:20:14+00:00","dateModified":"2026-03-10T11:51:39+00:00","mainEntityOfPage":{"@id":"https:\/\/progettotouring.it\/radiotouring104\/2026\/03\/10\/reggio-le-muse-raccontano-il-rapporto-di-donne-invisibili-in-occasione-della-giornata-della-donna\/"},"wordCount":1190,"publisher":{"@id":"https:\/\/progettotouring.it\/radiotouring104\/#organization"},"image":{"@id":"https:\/\/progettotouring.it\/radiotouring104\/2026\/03\/10\/reggio-le-muse-raccontano-il-rapporto-di-donne-invisibili-in-occasione-della-giornata-della-donna\/#primaryimage"},"thumbnailUrl":"https:\/\/progettotouring.it\/radiotouring104\/wp-content\/uploads\/sites\/6\/2026\/03\/Livoti-Festa-Donna.jpg","keywords":["Associazione \"Le Muse\"","Giornata della Donna","Giuseppe Livoti","nicol\u00f2 tina","rapporto di \"donne invisibili\"","tutela donne in un processo istituzionale in espansione"],"articleSection":["Home","News","Reggio Calabria"],"inLanguage":"it-IT"},{"@type":"WebPage","@id":"https:\/\/progettotouring.it\/radiotouring104\/2026\/03\/10\/reggio-le-muse-raccontano-il-rapporto-di-donne-invisibili-in-occasione-della-giornata-della-donna\/","url":"https:\/\/progettotouring.it\/radiotouring104\/2026\/03\/10\/reggio-le-muse-raccontano-il-rapporto-di-donne-invisibili-in-occasione-della-giornata-della-donna\/","name":"Reggio: \"Le Muse\" raccontano il rapporto di \"donne invisibili\", in occasione della Giornata della Donna - Radio Touring 104","isPartOf":{"@id":"https:\/\/progettotouring.it\/radiotouring104\/#website"},"primaryImageOfPage":{"@id":"https:\/\/progettotouring.it\/radiotouring104\/2026\/03\/10\/reggio-le-muse-raccontano-il-rapporto-di-donne-invisibili-in-occasione-della-giornata-della-donna\/#primaryimage"},"image":{"@id":"https:\/\/progettotouring.it\/radiotouring104\/2026\/03\/10\/reggio-le-muse-raccontano-il-rapporto-di-donne-invisibili-in-occasione-della-giornata-della-donna\/#primaryimage"},"thumbnailUrl":"https:\/\/progettotouring.it\/radiotouring104\/wp-content\/uploads\/sites\/6\/2026\/03\/Livoti-Festa-Donna.jpg","datePublished":"2026-03-10T10:20:14+00:00","dateModified":"2026-03-10T11:51:39+00:00","description":"L'Associazione ha celebrato la Giornata della Donna raccontando \"le invisibili\" e la loro tutela in un processo istituzionale in espansione","breadcrumb":{"@id":"https:\/\/progettotouring.it\/radiotouring104\/2026\/03\/10\/reggio-le-muse-raccontano-il-rapporto-di-donne-invisibili-in-occasione-della-giornata-della-donna\/#breadcrumb"},"inLanguage":"it-IT","potentialAction":[{"@type":"ReadAction","target":["https:\/\/progettotouring.it\/radiotouring104\/2026\/03\/10\/reggio-le-muse-raccontano-il-rapporto-di-donne-invisibili-in-occasione-della-giornata-della-donna\/"]}]},{"@type":"ImageObject","inLanguage":"it-IT","@id":"https:\/\/progettotouring.it\/radiotouring104\/2026\/03\/10\/reggio-le-muse-raccontano-il-rapporto-di-donne-invisibili-in-occasione-della-giornata-della-donna\/#primaryimage","url":"https:\/\/progettotouring.it\/radiotouring104\/wp-content\/uploads\/sites\/6\/2026\/03\/Livoti-Festa-Donna.jpg","contentUrl":"https:\/\/progettotouring.it\/radiotouring104\/wp-content\/uploads\/sites\/6\/2026\/03\/Livoti-Festa-Donna.jpg","width":1037,"height":746},{"@type":"BreadcrumbList","@id":"https:\/\/progettotouring.it\/radiotouring104\/2026\/03\/10\/reggio-le-muse-raccontano-il-rapporto-di-donne-invisibili-in-occasione-della-giornata-della-donna\/#breadcrumb","itemListElement":[{"@type":"ListItem","position":1,"name":"Home","item":"https:\/\/progettotouring.it\/radiotouring104\/"},{"@type":"ListItem","position":2,"name":"Reggio: &#8220;Le Muse&#8221; raccontano il rapporto di &#8220;donne invisibili&#8221;, in occasione della Giornata della Donna"}]},{"@type":"WebSite","@id":"https:\/\/progettotouring.it\/radiotouring104\/#website","url":"https:\/\/progettotouring.it\/radiotouring104\/","name":"Radio Touring 104","description":"La prima radio Reggina","publisher":{"@id":"https:\/\/progettotouring.it\/radiotouring104\/#organization"},"potentialAction":[{"@type":"SearchAction","target":{"@type":"EntryPoint","urlTemplate":"https:\/\/progettotouring.it\/radiotouring104\/?s={search_term_string}"},"query-input":{"@type":"PropertyValueSpecification","valueRequired":true,"valueName":"search_term_string"}}],"inLanguage":"it-IT"},{"@type":"Organization","@id":"https:\/\/progettotouring.it\/radiotouring104\/#organization","name":"Radio Touring 104","url":"https:\/\/progettotouring.it\/radiotouring104\/","logo":{"@type":"ImageObject","inLanguage":"it-IT","@id":"https:\/\/progettotouring.it\/radiotouring104\/#\/schema\/logo\/image\/","url":"https:\/\/progettotouring.it\/radiotouring104\/wp-content\/uploads\/sites\/6\/2022\/02\/cropped-logo-radio-touring-104.png","contentUrl":"https:\/\/progettotouring.it\/radiotouring104\/wp-content\/uploads\/sites\/6\/2022\/02\/cropped-logo-radio-touring-104.png","width":377,"height":182,"caption":"Radio Touring 104"},"image":{"@id":"https:\/\/progettotouring.it\/radiotouring104\/#\/schema\/logo\/image\/"}},{"@type":"Person","@id":"https:\/\/progettotouring.it\/radiotouring104\/#\/schema\/person\/1b3eb3c07c47136bc44c785c543e635f","name":"redazione","image":{"@type":"ImageObject","inLanguage":"it-IT","@id":"https:\/\/secure.gravatar.com\/avatar\/0b31605b49f100769e8b624b3e05de1b73e1692e9568a352f60f53fd072e6e11?s=96&d=mm&r=g","url":"https:\/\/secure.gravatar.com\/avatar\/0b31605b49f100769e8b624b3e05de1b73e1692e9568a352f60f53fd072e6e11?s=96&d=mm&r=g","contentUrl":"https:\/\/secure.gravatar.com\/avatar\/0b31605b49f100769e8b624b3e05de1b73e1692e9568a352f60f53fd072e6e11?s=96&d=mm&r=g","caption":"redazione"},"url":"https:\/\/progettotouring.it\/radiotouring104\/author\/redazione\/"}]}},"jetpack_publicize_connections":[],"jetpack_featured_media_url":"https:\/\/progettotouring.it\/radiotouring104\/wp-content\/uploads\/sites\/6\/2026\/03\/Livoti-Festa-Donna.jpg","jetpack_sharing_enabled":true,"_links":{"self":[{"href":"https:\/\/progettotouring.it\/radiotouring104\/wp-json\/wp\/v2\/posts\/91802","targetHints":{"allow":["GET"]}}],"collection":[{"href":"https:\/\/progettotouring.it\/radiotouring104\/wp-json\/wp\/v2\/posts"}],"about":[{"href":"https:\/\/progettotouring.it\/radiotouring104\/wp-json\/wp\/v2\/types\/post"}],"author":[{"embeddable":true,"href":"https:\/\/progettotouring.it\/radiotouring104\/wp-json\/wp\/v2\/users\/5"}],"replies":[{"embeddable":true,"href":"https:\/\/progettotouring.it\/radiotouring104\/wp-json\/wp\/v2\/comments?post=91802"}],"version-history":[{"count":1,"href":"https:\/\/progettotouring.it\/radiotouring104\/wp-json\/wp\/v2\/posts\/91802\/revisions"}],"predecessor-version":[{"id":91804,"href":"https:\/\/progettotouring.it\/radiotouring104\/wp-json\/wp\/v2\/posts\/91802\/revisions\/91804"}],"wp:featuredmedia":[{"embeddable":true,"href":"https:\/\/progettotouring.it\/radiotouring104\/wp-json\/wp\/v2\/media\/91803"}],"wp:attachment":[{"href":"https:\/\/progettotouring.it\/radiotouring104\/wp-json\/wp\/v2\/media?parent=91802"}],"wp:term":[{"taxonomy":"category","embeddable":true,"href":"https:\/\/progettotouring.it\/radiotouring104\/wp-json\/wp\/v2\/categories?post=91802"},{"taxonomy":"post_tag","embeddable":true,"href":"https:\/\/progettotouring.it\/radiotouring104\/wp-json\/wp\/v2\/tags?post=91802"}],"curies":[{"name":"wp","href":"https:\/\/api.w.org\/{rel}","templated":true}]}}