{"id":91805,"date":"2026-03-10T11:25:18","date_gmt":"2026-03-10T10:25:18","guid":{"rendered":"https:\/\/progettotouring.it\/radiotouring104\/?p=91805"},"modified":"2026-03-10T12:51:34","modified_gmt":"2026-03-10T11:51:34","slug":"princi-invitata-al-quirinale-per-la-celebrazione-della-festa-della-donna","status":"publish","type":"post","link":"https:\/\/progettotouring.it\/radiotouring104\/2026\/03\/10\/princi-invitata-al-quirinale-per-la-celebrazione-della-festa-della-donna\/","title":{"rendered":"Princi invitata al Quirinale per la celebrazione della Festa della Donna"},"content":{"rendered":"<p>L\u2019europarlamentare calabrese Giusi Princi ha partecipato al Palazzo del Quirinale, a Roma, alla Celebrazione della \u201cGiornata Internazionale della Donna\u201d, su invito del Presidente della Repubblica Sergio Mattarella. Un invito che assume il valore di un riconoscimento istituzionale di particolare rilievo per un\u2019eurodeputata da sempre fortemente impegnata nella promozione concreta delle pari opportunit\u00e0, come gi\u00e0 dimostrato nei suoi precedenti incarichi nel mondo della scuola e alla Regione Calabria. Oggi, nel suo ruolo al Parlamento europeo, segue dossier strategici per la parit\u00e0 di genere, con l\u2019obiettivo di ridurre i divari salariali e pensionistici, sostenere l\u2019imprenditoria femminile e rafforzare la presenza delle donne nei settori economici pi\u00f9 dinamici e innovativi.<\/p>\n<p>Alla Celebrazione al Quirinale hanno presenziato le pi\u00f9 alte cariche dello Stato e donne che si sono affermate nel mondo della cultura, dello spettacolo e delle professioni. Una cerimonia densa di significato, ricca di emozioni e rilevanti momenti di riflessione.<\/p>\n<p>\u201cEssere stata invitata dal Presidente della Repubblica, Sergio Mattarella, al Quirinale insieme alle pi\u00f9 alte cariche istituzionali italiane per la Celebrazione della Giornata Internazionale della Donna \u00e8 stato per me un onore alto, che responsabilizza ulteriormente la mia attivit\u00e0 istituzionale\u201d, scrive l\u2019eurodeputata sui suoi canali social.<\/p>\n<p>Non \u00e8 la prima volta che l\u2019On. Princi viene invitata dal Presidente della Repubblica al Quirinale: nove anni fa proprio il Capo dello Stato le aveva conferito la Medaglia al Merito per il lavoro svolto da Dirigente scolastico.<\/p>\n<p>\u201cTornare al Quirinale dopo nove anni &#8211; afferma &#8211; rende questo passaggio ancora pi\u00f9 denso di significato. Allora fui invitata nel mio ruolo di Dirigente scolastico per aver promosso percorsi di educazione civica, educativi e altamente formativi per docenti e studenti, con il conferimento della Medaglia al Merito. E volli fortemente con me i miei ragazzi: perch\u00e9 il cambiamento non si invoca, si prepara. Si semina. Oggi &#8211; prosegue l\u2019On. Princi &#8211; torno in un ruolo istituzionale diverso, impegnata su pi\u00f9 fronti al Parlamento Europeo, con una responsabilit\u00e0 pi\u00f9 ampia e una convinzione ancora pi\u00f9 netta: la parit\u00e0 non \u00e8 un capitolo a parte, ma una lente attraverso cui leggere ogni politica pubblica.\u00a0E c\u2019\u00e8 un filo che non si \u00e8 spezzato: i giovani restano la mia bussola e il faro del mio agire. Perch\u00e9 l\u2019educazione \u00e8 la prima infrastruttura della parit\u00e0: forma coscienze, sradicando stereotipi, pregiudizi e abitudini consolidate\u201d, conclude l\u2019europarlamentare Giusi Princi.<\/p>\n","protected":false},"excerpt":{"rendered":"<p>L\u2019europarlamentare calabrese Giusi Princi ha partecipato al Palazzo del Quirinale, a Roma, alla Celebrazione della \u201cGiornata Internazionale della Donna\u201d, su invito del Presidente della Repubblica Sergio Mattarella. Un invito che&hellip;<\/p>\n","protected":false},"author":5,"featured_media":91806,"comment_status":"closed","ping_status":"open","sticky":false,"template":"","format":"standard","meta":{"_jetpack_memberships_contains_paid_content":false,"footnotes":"","jetpack_publicize_message":"","jetpack_publicize_feature_enabled":true,"jetpack_social_post_already_shared":true,"jetpack_social_options":{"image_generator_settings":{"template":"highway","default_image_id":0,"font":"","enabled":false},"version":2}},"categories":[921,196,140],"tags":[46521,28695,1839,51715,5516,2369],"class_list":["post-91805","post","type-post","status-publish","format-standard","has-post-thumbnail","hentry","category-home","category-news","category-reggio-calabria","tag-celebrazione","tag-giornata-della-donna","tag-giusy-princi","tag-invito","tag-palazzo-del-quirinale","tag-sergio-mattarella"],"yoast_head":"<!-- This site is optimized with the Yoast SEO plugin v27.2 - https:\/\/yoast.com\/product\/yoast-seo-wordpress\/ -->\n<title>Princi invitata al Quirinale per la celebrazione della Festa della Donna - Radio Touring 104<\/title>\n<meta name=\"description\" content=\"L&#039;europarlamentare reggina ha presenziato alla celebrazione, al Quirinale, per la Giornata della Donna, su invito del Presidente Mattarella\" \/>\n<meta name=\"robots\" content=\"index, follow, max-snippet:-1, max-image-preview:large, max-video-preview:-1\" \/>\n<link rel=\"canonical\" href=\"https:\/\/progettotouring.it\/radiotouring104\/2026\/03\/10\/princi-invitata-al-quirinale-per-la-celebrazione-della-festa-della-donna\/\" \/>\n<meta property=\"og:locale\" content=\"it_IT\" \/>\n<meta property=\"og:type\" content=\"article\" \/>\n<meta property=\"og:title\" content=\"Princi invitata al Quirinale per la celebrazione della Festa della Donna - Radio Touring 104\" \/>\n<meta property=\"og:description\" content=\"L&#039;europarlamentare reggina ha presenziato alla celebrazione, al Quirinale, per la Giornata della Donna, su invito del Presidente Mattarella\" \/>\n<meta property=\"og:url\" content=\"https:\/\/progettotouring.it\/radiotouring104\/2026\/03\/10\/princi-invitata-al-quirinale-per-la-celebrazione-della-festa-della-donna\/\" \/>\n<meta property=\"og:site_name\" content=\"Radio Touring 104\" \/>\n<meta property=\"article:published_time\" content=\"2026-03-10T10:25:18+00:00\" \/>\n<meta property=\"article:modified_time\" content=\"2026-03-10T11:51:34+00:00\" \/>\n<meta property=\"og:image\" content=\"https:\/\/progettotouring.it\/radiotouring104\/wp-content\/uploads\/sites\/6\/2026\/03\/Foto-On.-Giusi-Princi-al-Quirinale.jpeg\" \/>\n\t<meta property=\"og:image:width\" content=\"1093\" \/>\n\t<meta property=\"og:image:height\" content=\"1366\" \/>\n\t<meta property=\"og:image:type\" content=\"image\/jpeg\" \/>\n<meta name=\"author\" content=\"redazione\" \/>\n<meta name=\"twitter:card\" content=\"summary_large_image\" \/>\n<meta name=\"twitter:label1\" content=\"Scritto da\" \/>\n\t<meta name=\"twitter:data1\" content=\"redazione\" \/>\n\t<meta name=\"twitter:label2\" content=\"Tempo di lettura stimato\" \/>\n\t<meta name=\"twitter:data2\" content=\"2 minuti\" \/>\n<script type=\"application\/ld+json\" class=\"yoast-schema-graph\">{\"@context\":\"https:\/\/schema.org\",\"@graph\":[{\"@type\":\"Article\",\"@id\":\"https:\/\/progettotouring.it\/radiotouring104\/2026\/03\/10\/princi-invitata-al-quirinale-per-la-celebrazione-della-festa-della-donna\/#article\",\"isPartOf\":{\"@id\":\"https:\/\/progettotouring.it\/radiotouring104\/2026\/03\/10\/princi-invitata-al-quirinale-per-la-celebrazione-della-festa-della-donna\/\"},\"author\":{\"name\":\"redazione\",\"@id\":\"https:\/\/progettotouring.it\/radiotouring104\/#\/schema\/person\/1b3eb3c07c47136bc44c785c543e635f\"},\"headline\":\"Princi invitata al Quirinale per la celebrazione della Festa della Donna\",\"datePublished\":\"2026-03-10T10:25:18+00:00\",\"dateModified\":\"2026-03-10T11:51:34+00:00\",\"mainEntityOfPage\":{\"@id\":\"https:\/\/progettotouring.it\/radiotouring104\/2026\/03\/10\/princi-invitata-al-quirinale-per-la-celebrazione-della-festa-della-donna\/\"},\"wordCount\":400,\"publisher\":{\"@id\":\"https:\/\/progettotouring.it\/radiotouring104\/#organization\"},\"image\":{\"@id\":\"https:\/\/progettotouring.it\/radiotouring104\/2026\/03\/10\/princi-invitata-al-quirinale-per-la-celebrazione-della-festa-della-donna\/#primaryimage\"},\"thumbnailUrl\":\"https:\/\/progettotouring.it\/radiotouring104\/wp-content\/uploads\/sites\/6\/2026\/03\/Foto-On.-Giusi-Princi-al-Quirinale.jpeg\",\"keywords\":[\"celebrazione\",\"Giornata della Donna\",\"Giusy Princi\",\"invito\",\"Palazzo del Quirinale\",\"Sergio Mattarella\"],\"articleSection\":[\"Home\",\"News\",\"Reggio Calabria\"],\"inLanguage\":\"it-IT\"},{\"@type\":\"WebPage\",\"@id\":\"https:\/\/progettotouring.it\/radiotouring104\/2026\/03\/10\/princi-invitata-al-quirinale-per-la-celebrazione-della-festa-della-donna\/\",\"url\":\"https:\/\/progettotouring.it\/radiotouring104\/2026\/03\/10\/princi-invitata-al-quirinale-per-la-celebrazione-della-festa-della-donna\/\",\"name\":\"Princi invitata al Quirinale per la celebrazione della Festa della Donna - Radio Touring 104\",\"isPartOf\":{\"@id\":\"https:\/\/progettotouring.it\/radiotouring104\/#website\"},\"primaryImageOfPage\":{\"@id\":\"https:\/\/progettotouring.it\/radiotouring104\/2026\/03\/10\/princi-invitata-al-quirinale-per-la-celebrazione-della-festa-della-donna\/#primaryimage\"},\"image\":{\"@id\":\"https:\/\/progettotouring.it\/radiotouring104\/2026\/03\/10\/princi-invitata-al-quirinale-per-la-celebrazione-della-festa-della-donna\/#primaryimage\"},\"thumbnailUrl\":\"https:\/\/progettotouring.it\/radiotouring104\/wp-content\/uploads\/sites\/6\/2026\/03\/Foto-On.-Giusi-Princi-al-Quirinale.jpeg\",\"datePublished\":\"2026-03-10T10:25:18+00:00\",\"dateModified\":\"2026-03-10T11:51:34+00:00\",\"description\":\"L'europarlamentare reggina ha presenziato alla celebrazione, al Quirinale, per la Giornata della Donna, su invito del Presidente Mattarella\",\"breadcrumb\":{\"@id\":\"https:\/\/progettotouring.it\/radiotouring104\/2026\/03\/10\/princi-invitata-al-quirinale-per-la-celebrazione-della-festa-della-donna\/#breadcrumb\"},\"inLanguage\":\"it-IT\",\"potentialAction\":[{\"@type\":\"ReadAction\",\"target\":[\"https:\/\/progettotouring.it\/radiotouring104\/2026\/03\/10\/princi-invitata-al-quirinale-per-la-celebrazione-della-festa-della-donna\/\"]}]},{\"@type\":\"ImageObject\",\"inLanguage\":\"it-IT\",\"@id\":\"https:\/\/progettotouring.it\/radiotouring104\/2026\/03\/10\/princi-invitata-al-quirinale-per-la-celebrazione-della-festa-della-donna\/#primaryimage\",\"url\":\"https:\/\/progettotouring.it\/radiotouring104\/wp-content\/uploads\/sites\/6\/2026\/03\/Foto-On.-Giusi-Princi-al-Quirinale.jpeg\",\"contentUrl\":\"https:\/\/progettotouring.it\/radiotouring104\/wp-content\/uploads\/sites\/6\/2026\/03\/Foto-On.-Giusi-Princi-al-Quirinale.jpeg\",\"width\":1093,\"height\":1366},{\"@type\":\"BreadcrumbList\",\"@id\":\"https:\/\/progettotouring.it\/radiotouring104\/2026\/03\/10\/princi-invitata-al-quirinale-per-la-celebrazione-della-festa-della-donna\/#breadcrumb\",\"itemListElement\":[{\"@type\":\"ListItem\",\"position\":1,\"name\":\"Home\",\"item\":\"https:\/\/progettotouring.it\/radiotouring104\/\"},{\"@type\":\"ListItem\",\"position\":2,\"name\":\"Princi invitata al Quirinale per la celebrazione della Festa della Donna\"}]},{\"@type\":\"WebSite\",\"@id\":\"https:\/\/progettotouring.it\/radiotouring104\/#website\",\"url\":\"https:\/\/progettotouring.it\/radiotouring104\/\",\"name\":\"Radio Touring 104\",\"description\":\"La prima radio Reggina\",\"publisher\":{\"@id\":\"https:\/\/progettotouring.it\/radiotouring104\/#organization\"},\"potentialAction\":[{\"@type\":\"SearchAction\",\"target\":{\"@type\":\"EntryPoint\",\"urlTemplate\":\"https:\/\/progettotouring.it\/radiotouring104\/?s={search_term_string}\"},\"query-input\":{\"@type\":\"PropertyValueSpecification\",\"valueRequired\":true,\"valueName\":\"search_term_string\"}}],\"inLanguage\":\"it-IT\"},{\"@type\":\"Organization\",\"@id\":\"https:\/\/progettotouring.it\/radiotouring104\/#organization\",\"name\":\"Radio Touring 104\",\"url\":\"https:\/\/progettotouring.it\/radiotouring104\/\",\"logo\":{\"@type\":\"ImageObject\",\"inLanguage\":\"it-IT\",\"@id\":\"https:\/\/progettotouring.it\/radiotouring104\/#\/schema\/logo\/image\/\",\"url\":\"https:\/\/progettotouring.it\/radiotouring104\/wp-content\/uploads\/sites\/6\/2022\/02\/cropped-logo-radio-touring-104.png\",\"contentUrl\":\"https:\/\/progettotouring.it\/radiotouring104\/wp-content\/uploads\/sites\/6\/2022\/02\/cropped-logo-radio-touring-104.png\",\"width\":377,\"height\":182,\"caption\":\"Radio Touring 104\"},\"image\":{\"@id\":\"https:\/\/progettotouring.it\/radiotouring104\/#\/schema\/logo\/image\/\"}},{\"@type\":\"Person\",\"@id\":\"https:\/\/progettotouring.it\/radiotouring104\/#\/schema\/person\/1b3eb3c07c47136bc44c785c543e635f\",\"name\":\"redazione\",\"image\":{\"@type\":\"ImageObject\",\"inLanguage\":\"it-IT\",\"@id\":\"https:\/\/secure.gravatar.com\/avatar\/0b31605b49f100769e8b624b3e05de1b73e1692e9568a352f60f53fd072e6e11?s=96&d=mm&r=g\",\"url\":\"https:\/\/secure.gravatar.com\/avatar\/0b31605b49f100769e8b624b3e05de1b73e1692e9568a352f60f53fd072e6e11?s=96&d=mm&r=g\",\"contentUrl\":\"https:\/\/secure.gravatar.com\/avatar\/0b31605b49f100769e8b624b3e05de1b73e1692e9568a352f60f53fd072e6e11?s=96&d=mm&r=g\",\"caption\":\"redazione\"},\"url\":\"https:\/\/progettotouring.it\/radiotouring104\/author\/redazione\/\"}]}<\/script>\n<!-- \/ Yoast SEO plugin. -->","yoast_head_json":{"title":"Princi invitata al Quirinale per la celebrazione della Festa della Donna - Radio Touring 104","description":"L'europarlamentare reggina ha presenziato alla celebrazione, al Quirinale, per la Giornata della Donna, su invito del Presidente Mattarella","robots":{"index":"index","follow":"follow","max-snippet":"max-snippet:-1","max-image-preview":"max-image-preview:large","max-video-preview":"max-video-preview:-1"},"canonical":"https:\/\/progettotouring.it\/radiotouring104\/2026\/03\/10\/princi-invitata-al-quirinale-per-la-celebrazione-della-festa-della-donna\/","og_locale":"it_IT","og_type":"article","og_title":"Princi invitata al Quirinale per la celebrazione della Festa della Donna - Radio Touring 104","og_description":"L'europarlamentare reggina ha presenziato alla celebrazione, al Quirinale, per la Giornata della Donna, su invito del Presidente Mattarella","og_url":"https:\/\/progettotouring.it\/radiotouring104\/2026\/03\/10\/princi-invitata-al-quirinale-per-la-celebrazione-della-festa-della-donna\/","og_site_name":"Radio Touring 104","article_published_time":"2026-03-10T10:25:18+00:00","article_modified_time":"2026-03-10T11:51:34+00:00","og_image":[{"width":1093,"height":1366,"url":"https:\/\/progettotouring.it\/radiotouring104\/wp-content\/uploads\/sites\/6\/2026\/03\/Foto-On.-Giusi-Princi-al-Quirinale.jpeg","type":"image\/jpeg"}],"author":"redazione","twitter_card":"summary_large_image","twitter_misc":{"Scritto da":"redazione","Tempo di lettura stimato":"2 minuti"},"schema":{"@context":"https:\/\/schema.org","@graph":[{"@type":"Article","@id":"https:\/\/progettotouring.it\/radiotouring104\/2026\/03\/10\/princi-invitata-al-quirinale-per-la-celebrazione-della-festa-della-donna\/#article","isPartOf":{"@id":"https:\/\/progettotouring.it\/radiotouring104\/2026\/03\/10\/princi-invitata-al-quirinale-per-la-celebrazione-della-festa-della-donna\/"},"author":{"name":"redazione","@id":"https:\/\/progettotouring.it\/radiotouring104\/#\/schema\/person\/1b3eb3c07c47136bc44c785c543e635f"},"headline":"Princi invitata al Quirinale per la celebrazione della Festa della Donna","datePublished":"2026-03-10T10:25:18+00:00","dateModified":"2026-03-10T11:51:34+00:00","mainEntityOfPage":{"@id":"https:\/\/progettotouring.it\/radiotouring104\/2026\/03\/10\/princi-invitata-al-quirinale-per-la-celebrazione-della-festa-della-donna\/"},"wordCount":400,"publisher":{"@id":"https:\/\/progettotouring.it\/radiotouring104\/#organization"},"image":{"@id":"https:\/\/progettotouring.it\/radiotouring104\/2026\/03\/10\/princi-invitata-al-quirinale-per-la-celebrazione-della-festa-della-donna\/#primaryimage"},"thumbnailUrl":"https:\/\/progettotouring.it\/radiotouring104\/wp-content\/uploads\/sites\/6\/2026\/03\/Foto-On.-Giusi-Princi-al-Quirinale.jpeg","keywords":["celebrazione","Giornata della Donna","Giusy Princi","invito","Palazzo del Quirinale","Sergio Mattarella"],"articleSection":["Home","News","Reggio Calabria"],"inLanguage":"it-IT"},{"@type":"WebPage","@id":"https:\/\/progettotouring.it\/radiotouring104\/2026\/03\/10\/princi-invitata-al-quirinale-per-la-celebrazione-della-festa-della-donna\/","url":"https:\/\/progettotouring.it\/radiotouring104\/2026\/03\/10\/princi-invitata-al-quirinale-per-la-celebrazione-della-festa-della-donna\/","name":"Princi invitata al Quirinale per la celebrazione della Festa della Donna - Radio Touring 104","isPartOf":{"@id":"https:\/\/progettotouring.it\/radiotouring104\/#website"},"primaryImageOfPage":{"@id":"https:\/\/progettotouring.it\/radiotouring104\/2026\/03\/10\/princi-invitata-al-quirinale-per-la-celebrazione-della-festa-della-donna\/#primaryimage"},"image":{"@id":"https:\/\/progettotouring.it\/radiotouring104\/2026\/03\/10\/princi-invitata-al-quirinale-per-la-celebrazione-della-festa-della-donna\/#primaryimage"},"thumbnailUrl":"https:\/\/progettotouring.it\/radiotouring104\/wp-content\/uploads\/sites\/6\/2026\/03\/Foto-On.-Giusi-Princi-al-Quirinale.jpeg","datePublished":"2026-03-10T10:25:18+00:00","dateModified":"2026-03-10T11:51:34+00:00","description":"L'europarlamentare reggina ha presenziato alla celebrazione, al Quirinale, per la Giornata della Donna, su invito del Presidente Mattarella","breadcrumb":{"@id":"https:\/\/progettotouring.it\/radiotouring104\/2026\/03\/10\/princi-invitata-al-quirinale-per-la-celebrazione-della-festa-della-donna\/#breadcrumb"},"inLanguage":"it-IT","potentialAction":[{"@type":"ReadAction","target":["https:\/\/progettotouring.it\/radiotouring104\/2026\/03\/10\/princi-invitata-al-quirinale-per-la-celebrazione-della-festa-della-donna\/"]}]},{"@type":"ImageObject","inLanguage":"it-IT","@id":"https:\/\/progettotouring.it\/radiotouring104\/2026\/03\/10\/princi-invitata-al-quirinale-per-la-celebrazione-della-festa-della-donna\/#primaryimage","url":"https:\/\/progettotouring.it\/radiotouring104\/wp-content\/uploads\/sites\/6\/2026\/03\/Foto-On.-Giusi-Princi-al-Quirinale.jpeg","contentUrl":"https:\/\/progettotouring.it\/radiotouring104\/wp-content\/uploads\/sites\/6\/2026\/03\/Foto-On.-Giusi-Princi-al-Quirinale.jpeg","width":1093,"height":1366},{"@type":"BreadcrumbList","@id":"https:\/\/progettotouring.it\/radiotouring104\/2026\/03\/10\/princi-invitata-al-quirinale-per-la-celebrazione-della-festa-della-donna\/#breadcrumb","itemListElement":[{"@type":"ListItem","position":1,"name":"Home","item":"https:\/\/progettotouring.it\/radiotouring104\/"},{"@type":"ListItem","position":2,"name":"Princi invitata al Quirinale per la celebrazione della Festa della Donna"}]},{"@type":"WebSite","@id":"https:\/\/progettotouring.it\/radiotouring104\/#website","url":"https:\/\/progettotouring.it\/radiotouring104\/","name":"Radio Touring 104","description":"La prima radio Reggina","publisher":{"@id":"https:\/\/progettotouring.it\/radiotouring104\/#organization"},"potentialAction":[{"@type":"SearchAction","target":{"@type":"EntryPoint","urlTemplate":"https:\/\/progettotouring.it\/radiotouring104\/?s={search_term_string}"},"query-input":{"@type":"PropertyValueSpecification","valueRequired":true,"valueName":"search_term_string"}}],"inLanguage":"it-IT"},{"@type":"Organization","@id":"https:\/\/progettotouring.it\/radiotouring104\/#organization","name":"Radio Touring 104","url":"https:\/\/progettotouring.it\/radiotouring104\/","logo":{"@type":"ImageObject","inLanguage":"it-IT","@id":"https:\/\/progettotouring.it\/radiotouring104\/#\/schema\/logo\/image\/","url":"https:\/\/progettotouring.it\/radiotouring104\/wp-content\/uploads\/sites\/6\/2022\/02\/cropped-logo-radio-touring-104.png","contentUrl":"https:\/\/progettotouring.it\/radiotouring104\/wp-content\/uploads\/sites\/6\/2022\/02\/cropped-logo-radio-touring-104.png","width":377,"height":182,"caption":"Radio Touring 104"},"image":{"@id":"https:\/\/progettotouring.it\/radiotouring104\/#\/schema\/logo\/image\/"}},{"@type":"Person","@id":"https:\/\/progettotouring.it\/radiotouring104\/#\/schema\/person\/1b3eb3c07c47136bc44c785c543e635f","name":"redazione","image":{"@type":"ImageObject","inLanguage":"it-IT","@id":"https:\/\/secure.gravatar.com\/avatar\/0b31605b49f100769e8b624b3e05de1b73e1692e9568a352f60f53fd072e6e11?s=96&d=mm&r=g","url":"https:\/\/secure.gravatar.com\/avatar\/0b31605b49f100769e8b624b3e05de1b73e1692e9568a352f60f53fd072e6e11?s=96&d=mm&r=g","contentUrl":"https:\/\/secure.gravatar.com\/avatar\/0b31605b49f100769e8b624b3e05de1b73e1692e9568a352f60f53fd072e6e11?s=96&d=mm&r=g","caption":"redazione"},"url":"https:\/\/progettotouring.it\/radiotouring104\/author\/redazione\/"}]}},"jetpack_publicize_connections":[],"jetpack_featured_media_url":"https:\/\/progettotouring.it\/radiotouring104\/wp-content\/uploads\/sites\/6\/2026\/03\/Foto-On.-Giusi-Princi-al-Quirinale.jpeg","jetpack_sharing_enabled":true,"_links":{"self":[{"href":"https:\/\/progettotouring.it\/radiotouring104\/wp-json\/wp\/v2\/posts\/91805","targetHints":{"allow":["GET"]}}],"collection":[{"href":"https:\/\/progettotouring.it\/radiotouring104\/wp-json\/wp\/v2\/posts"}],"about":[{"href":"https:\/\/progettotouring.it\/radiotouring104\/wp-json\/wp\/v2\/types\/post"}],"author":[{"embeddable":true,"href":"https:\/\/progettotouring.it\/radiotouring104\/wp-json\/wp\/v2\/users\/5"}],"replies":[{"embeddable":true,"href":"https:\/\/progettotouring.it\/radiotouring104\/wp-json\/wp\/v2\/comments?post=91805"}],"version-history":[{"count":1,"href":"https:\/\/progettotouring.it\/radiotouring104\/wp-json\/wp\/v2\/posts\/91805\/revisions"}],"predecessor-version":[{"id":91807,"href":"https:\/\/progettotouring.it\/radiotouring104\/wp-json\/wp\/v2\/posts\/91805\/revisions\/91807"}],"wp:featuredmedia":[{"embeddable":true,"href":"https:\/\/progettotouring.it\/radiotouring104\/wp-json\/wp\/v2\/media\/91806"}],"wp:attachment":[{"href":"https:\/\/progettotouring.it\/radiotouring104\/wp-json\/wp\/v2\/media?parent=91805"}],"wp:term":[{"taxonomy":"category","embeddable":true,"href":"https:\/\/progettotouring.it\/radiotouring104\/wp-json\/wp\/v2\/categories?post=91805"},{"taxonomy":"post_tag","embeddable":true,"href":"https:\/\/progettotouring.it\/radiotouring104\/wp-json\/wp\/v2\/tags?post=91805"}],"curies":[{"name":"wp","href":"https:\/\/api.w.org\/{rel}","templated":true}]}}