{"id":91838,"date":"2026-03-11T20:48:45","date_gmt":"2026-03-11T19:48:45","guid":{"rendered":"https:\/\/progettotouring.it\/radiotouring104\/?p=91838"},"modified":"2026-03-11T21:14:27","modified_gmt":"2026-03-11T20:14:27","slug":"riforma-della-giustizia-magistrati-e-avvocati-a-confronto-nel-dibattito-pubblico","status":"publish","type":"post","link":"https:\/\/progettotouring.it\/radiotouring104\/2026\/03\/11\/riforma-della-giustizia-magistrati-e-avvocati-a-confronto-nel-dibattito-pubblico\/","title":{"rendered":"Riforma della Giustizia: Magistrati e Avvocati a confronto nel dibattito pubblico"},"content":{"rendered":"<p data-path-to-node=\"3\">Si \u00e8 tenuto un importante momento di approfondimento sulla <b data-path-to-node=\"3\" data-index-in-node=\"59\">riforma della giustizia<\/b>, un tema che continua a infiammare il dibattito politico e sociale a livello nazionale. L\u2019iniziativa \u00e8 stata concepita come uno spazio di discussione aperto e costruttivo, finalizzato a sviscerare le diverse sensibilit\u00e0 che vedono, spesso su fronti opposti, il mondo della magistratura e quello dell&#8217;avvocatura.<\/p>\n<p data-path-to-node=\"4\">L&#8217;obiettivo dell&#8217;incontro \u00e8 stato quello di fornire alla cittadinanza gli strumenti critici necessari per orientarsi tra i tecnicismi e le implicazioni pratiche di una riforma che promette di cambiare il volto dei tribunali italiani.<\/p>\n<p data-path-to-node=\"6\">I lavori sono stati aperti da <b data-path-to-node=\"6\" data-index-in-node=\"30\">Enzo Marra<\/b>, Presidente del Consiglio Comunale, che ha introdotto i temi della serata sottolineando l&#8217;importanza del confronto democratico su pilastri fondamentali dello Stato di diritto.<\/p>\n<p data-path-to-node=\"7\">Il cuore dell&#8217;evento \u00e8 stato il confronto diretto tra i relatori, moderato con equilibrio dalla giornalista <b data-path-to-node=\"7\" data-index-in-node=\"108\">Valeria Bonforte<\/b>:<\/p>\n<ul data-path-to-node=\"8\">\n<li>\n<p data-path-to-node=\"8,0,0\"><b data-path-to-node=\"8,0,0\" data-index-in-node=\"0\">Le ragioni del NO:<\/b> Sostenute dai magistrati <b data-path-to-node=\"8,0,0\" data-index-in-node=\"44\">Stefano Musolino<\/b> e <b data-path-to-node=\"8,0,0\" data-index-in-node=\"63\">Karin Catalano<\/b>, che hanno evidenziato i rischi di una possibile perdita di indipendenza della magistratura e le criticit\u00e0 organizzative della riforma.<\/p>\n<\/li>\n<li>\n<p data-path-to-node=\"8,1,0\"><b data-path-to-node=\"8,1,0\" data-index-in-node=\"0\">Le ragioni del S\u00cc:<\/b> Rappresentate dagli avvocati <b data-path-to-node=\"8,1,0\" data-index-in-node=\"48\">Pasquale Foti<\/b> e <b data-path-to-node=\"8,1,0\" data-index-in-node=\"64\">Francesco Siclari<\/b>, i quali hanno invece posto l&#8217;accento sulla necessit\u00e0 di una maggiore efficienza, sulla separazione delle carriere e sulla tutela delle garanzie difensive.<\/p>\n<\/li>\n<\/ul>\n<p data-path-to-node=\"10\">L\u2019incontro non \u00e8 rimasto un evento isolato, ma si inserisce in un pi\u00f9 ampio calendario di iniziative territoriali. In un momento in cui la giustizia \u00e8 al centro dell&#8217;agenda di governo, offrire un tavolo di confronto tra chi la giustizia &#8220;la abita&#8221; quotidianamente \u2014 magistrati e avvocati \u2014 rappresenta un valore aggiunto per il dibattito pubblico.<\/p>\n","protected":false},"excerpt":{"rendered":"<p>Si \u00e8 tenuto un importante momento di approfondimento sulla riforma della giustizia, un tema che continua a infiammare il dibattito politico e sociale a livello nazionale. L\u2019iniziativa \u00e8 stata concepita&hellip;<\/p>\n","protected":false},"author":22,"featured_media":91839,"comment_status":"closed","ping_status":"open","sticky":false,"template":"","format":"standard","meta":{"_jetpack_memberships_contains_paid_content":false,"footnotes":"","jetpack_publicize_message":"","jetpack_publicize_feature_enabled":true,"jetpack_social_post_already_shared":true,"jetpack_social_options":{"image_generator_settings":{"template":"highway","default_image_id":0,"font":"","enabled":false},"version":2}},"categories":[150,196],"tags":[],"class_list":["post-91838","post","type-post","status-publish","format-standard","has-post-thumbnail","hentry","category-in-primo-piano","category-news"],"yoast_head":"<!-- This site is optimized with the Yoast SEO plugin v27.2 - https:\/\/yoast.com\/product\/yoast-seo-wordpress\/ -->\n<title>Riforma della Giustizia: Magistrati e Avvocati a confronto nel dibattito pubblico - Radio Touring 104<\/title>\n<meta name=\"robots\" content=\"index, follow, max-snippet:-1, max-image-preview:large, max-video-preview:-1\" \/>\n<link rel=\"canonical\" href=\"https:\/\/progettotouring.it\/radiotouring104\/2026\/03\/11\/riforma-della-giustizia-magistrati-e-avvocati-a-confronto-nel-dibattito-pubblico\/\" \/>\n<meta property=\"og:locale\" content=\"it_IT\" \/>\n<meta property=\"og:type\" content=\"article\" \/>\n<meta property=\"og:title\" content=\"Riforma della Giustizia: Magistrati e Avvocati a confronto nel dibattito pubblico - Radio Touring 104\" \/>\n<meta property=\"og:description\" content=\"Si \u00e8 tenuto un importante momento di approfondimento sulla riforma della giustizia, un tema che continua a infiammare il dibattito politico e sociale a livello nazionale. L\u2019iniziativa \u00e8 stata concepita&hellip;\" \/>\n<meta property=\"og:url\" content=\"https:\/\/progettotouring.it\/radiotouring104\/2026\/03\/11\/riforma-della-giustizia-magistrati-e-avvocati-a-confronto-nel-dibattito-pubblico\/\" \/>\n<meta property=\"og:site_name\" content=\"Radio Touring 104\" \/>\n<meta property=\"article:published_time\" content=\"2026-03-11T19:48:45+00:00\" \/>\n<meta property=\"article:modified_time\" content=\"2026-03-11T20:14:27+00:00\" \/>\n<meta property=\"og:image\" content=\"https:\/\/progettotouring.it\/radiotouring104\/wp-content\/uploads\/sites\/6\/2026\/03\/00006_Sub_01.07_18_37_12.Immagine048.jpg\" \/>\n\t<meta property=\"og:image:width\" content=\"1920\" \/>\n\t<meta property=\"og:image:height\" content=\"1080\" \/>\n\t<meta property=\"og:image:type\" content=\"image\/jpeg\" \/>\n<meta name=\"author\" content=\"F M\" \/>\n<meta name=\"twitter:card\" content=\"summary_large_image\" \/>\n<meta name=\"twitter:label1\" content=\"Scritto da\" \/>\n\t<meta name=\"twitter:data1\" content=\"F M\" \/>\n\t<meta name=\"twitter:label2\" content=\"Tempo di lettura stimato\" \/>\n\t<meta name=\"twitter:data2\" content=\"1 minuto\" \/>\n<script type=\"application\/ld+json\" class=\"yoast-schema-graph\">{\"@context\":\"https:\/\/schema.org\",\"@graph\":[{\"@type\":\"Article\",\"@id\":\"https:\/\/progettotouring.it\/radiotouring104\/2026\/03\/11\/riforma-della-giustizia-magistrati-e-avvocati-a-confronto-nel-dibattito-pubblico\/#article\",\"isPartOf\":{\"@id\":\"https:\/\/progettotouring.it\/radiotouring104\/2026\/03\/11\/riforma-della-giustizia-magistrati-e-avvocati-a-confronto-nel-dibattito-pubblico\/\"},\"author\":{\"name\":\"F M\",\"@id\":\"https:\/\/progettotouring.it\/radiotouring104\/#\/schema\/person\/4aa1a366fd5456ded7bcb463cc0438cd\"},\"headline\":\"Riforma della Giustizia: Magistrati e Avvocati a confronto nel dibattito pubblico\",\"datePublished\":\"2026-03-11T19:48:45+00:00\",\"dateModified\":\"2026-03-11T20:14:27+00:00\",\"mainEntityOfPage\":{\"@id\":\"https:\/\/progettotouring.it\/radiotouring104\/2026\/03\/11\/riforma-della-giustizia-magistrati-e-avvocati-a-confronto-nel-dibattito-pubblico\/\"},\"wordCount\":266,\"publisher\":{\"@id\":\"https:\/\/progettotouring.it\/radiotouring104\/#organization\"},\"image\":{\"@id\":\"https:\/\/progettotouring.it\/radiotouring104\/2026\/03\/11\/riforma-della-giustizia-magistrati-e-avvocati-a-confronto-nel-dibattito-pubblico\/#primaryimage\"},\"thumbnailUrl\":\"https:\/\/progettotouring.it\/radiotouring104\/wp-content\/uploads\/sites\/6\/2026\/03\/00006_Sub_01.07_18_37_12.Immagine048.jpg\",\"articleSection\":[\"In primo piano\",\"News\"],\"inLanguage\":\"it-IT\"},{\"@type\":\"WebPage\",\"@id\":\"https:\/\/progettotouring.it\/radiotouring104\/2026\/03\/11\/riforma-della-giustizia-magistrati-e-avvocati-a-confronto-nel-dibattito-pubblico\/\",\"url\":\"https:\/\/progettotouring.it\/radiotouring104\/2026\/03\/11\/riforma-della-giustizia-magistrati-e-avvocati-a-confronto-nel-dibattito-pubblico\/\",\"name\":\"Riforma della Giustizia: Magistrati e Avvocati a confronto nel dibattito pubblico - Radio Touring 104\",\"isPartOf\":{\"@id\":\"https:\/\/progettotouring.it\/radiotouring104\/#website\"},\"primaryImageOfPage\":{\"@id\":\"https:\/\/progettotouring.it\/radiotouring104\/2026\/03\/11\/riforma-della-giustizia-magistrati-e-avvocati-a-confronto-nel-dibattito-pubblico\/#primaryimage\"},\"image\":{\"@id\":\"https:\/\/progettotouring.it\/radiotouring104\/2026\/03\/11\/riforma-della-giustizia-magistrati-e-avvocati-a-confronto-nel-dibattito-pubblico\/#primaryimage\"},\"thumbnailUrl\":\"https:\/\/progettotouring.it\/radiotouring104\/wp-content\/uploads\/sites\/6\/2026\/03\/00006_Sub_01.07_18_37_12.Immagine048.jpg\",\"datePublished\":\"2026-03-11T19:48:45+00:00\",\"dateModified\":\"2026-03-11T20:14:27+00:00\",\"breadcrumb\":{\"@id\":\"https:\/\/progettotouring.it\/radiotouring104\/2026\/03\/11\/riforma-della-giustizia-magistrati-e-avvocati-a-confronto-nel-dibattito-pubblico\/#breadcrumb\"},\"inLanguage\":\"it-IT\",\"potentialAction\":[{\"@type\":\"ReadAction\",\"target\":[\"https:\/\/progettotouring.it\/radiotouring104\/2026\/03\/11\/riforma-della-giustizia-magistrati-e-avvocati-a-confronto-nel-dibattito-pubblico\/\"]}]},{\"@type\":\"ImageObject\",\"inLanguage\":\"it-IT\",\"@id\":\"https:\/\/progettotouring.it\/radiotouring104\/2026\/03\/11\/riforma-della-giustizia-magistrati-e-avvocati-a-confronto-nel-dibattito-pubblico\/#primaryimage\",\"url\":\"https:\/\/progettotouring.it\/radiotouring104\/wp-content\/uploads\/sites\/6\/2026\/03\/00006_Sub_01.07_18_37_12.Immagine048.jpg\",\"contentUrl\":\"https:\/\/progettotouring.it\/radiotouring104\/wp-content\/uploads\/sites\/6\/2026\/03\/00006_Sub_01.07_18_37_12.Immagine048.jpg\",\"width\":1920,\"height\":1080},{\"@type\":\"BreadcrumbList\",\"@id\":\"https:\/\/progettotouring.it\/radiotouring104\/2026\/03\/11\/riforma-della-giustizia-magistrati-e-avvocati-a-confronto-nel-dibattito-pubblico\/#breadcrumb\",\"itemListElement\":[{\"@type\":\"ListItem\",\"position\":1,\"name\":\"Home\",\"item\":\"https:\/\/progettotouring.it\/radiotouring104\/\"},{\"@type\":\"ListItem\",\"position\":2,\"name\":\"Riforma della Giustizia: Magistrati e Avvocati a confronto nel dibattito pubblico\"}]},{\"@type\":\"WebSite\",\"@id\":\"https:\/\/progettotouring.it\/radiotouring104\/#website\",\"url\":\"https:\/\/progettotouring.it\/radiotouring104\/\",\"name\":\"Radio Touring 104\",\"description\":\"La prima radio Reggina\",\"publisher\":{\"@id\":\"https:\/\/progettotouring.it\/radiotouring104\/#organization\"},\"potentialAction\":[{\"@type\":\"SearchAction\",\"target\":{\"@type\":\"EntryPoint\",\"urlTemplate\":\"https:\/\/progettotouring.it\/radiotouring104\/?s={search_term_string}\"},\"query-input\":{\"@type\":\"PropertyValueSpecification\",\"valueRequired\":true,\"valueName\":\"search_term_string\"}}],\"inLanguage\":\"it-IT\"},{\"@type\":\"Organization\",\"@id\":\"https:\/\/progettotouring.it\/radiotouring104\/#organization\",\"name\":\"Radio Touring 104\",\"url\":\"https:\/\/progettotouring.it\/radiotouring104\/\",\"logo\":{\"@type\":\"ImageObject\",\"inLanguage\":\"it-IT\",\"@id\":\"https:\/\/progettotouring.it\/radiotouring104\/#\/schema\/logo\/image\/\",\"url\":\"https:\/\/progettotouring.it\/radiotouring104\/wp-content\/uploads\/sites\/6\/2022\/02\/cropped-logo-radio-touring-104.png\",\"contentUrl\":\"https:\/\/progettotouring.it\/radiotouring104\/wp-content\/uploads\/sites\/6\/2022\/02\/cropped-logo-radio-touring-104.png\",\"width\":377,\"height\":182,\"caption\":\"Radio Touring 104\"},\"image\":{\"@id\":\"https:\/\/progettotouring.it\/radiotouring104\/#\/schema\/logo\/image\/\"}},{\"@type\":\"Person\",\"@id\":\"https:\/\/progettotouring.it\/radiotouring104\/#\/schema\/person\/4aa1a366fd5456ded7bcb463cc0438cd\",\"name\":\"F M\",\"image\":{\"@type\":\"ImageObject\",\"inLanguage\":\"it-IT\",\"@id\":\"https:\/\/secure.gravatar.com\/avatar\/8dcc3ac03f7e2895a8c592a88788a9bc965e0a7cfd2972362b2a666a91cfa800?s=96&d=mm&r=g\",\"url\":\"https:\/\/secure.gravatar.com\/avatar\/8dcc3ac03f7e2895a8c592a88788a9bc965e0a7cfd2972362b2a666a91cfa800?s=96&d=mm&r=g\",\"contentUrl\":\"https:\/\/secure.gravatar.com\/avatar\/8dcc3ac03f7e2895a8c592a88788a9bc965e0a7cfd2972362b2a666a91cfa800?s=96&d=mm&r=g\",\"caption\":\"F M\"},\"url\":\"https:\/\/progettotouring.it\/radiotouring104\/author\/filippom\/\"}]}<\/script>\n<!-- \/ Yoast SEO plugin. -->","yoast_head_json":{"title":"Riforma della Giustizia: Magistrati e Avvocati a confronto nel dibattito pubblico - Radio Touring 104","robots":{"index":"index","follow":"follow","max-snippet":"max-snippet:-1","max-image-preview":"max-image-preview:large","max-video-preview":"max-video-preview:-1"},"canonical":"https:\/\/progettotouring.it\/radiotouring104\/2026\/03\/11\/riforma-della-giustizia-magistrati-e-avvocati-a-confronto-nel-dibattito-pubblico\/","og_locale":"it_IT","og_type":"article","og_title":"Riforma della Giustizia: Magistrati e Avvocati a confronto nel dibattito pubblico - Radio Touring 104","og_description":"Si \u00e8 tenuto un importante momento di approfondimento sulla riforma della giustizia, un tema che continua a infiammare il dibattito politico e sociale a livello nazionale. L\u2019iniziativa \u00e8 stata concepita&hellip;","og_url":"https:\/\/progettotouring.it\/radiotouring104\/2026\/03\/11\/riforma-della-giustizia-magistrati-e-avvocati-a-confronto-nel-dibattito-pubblico\/","og_site_name":"Radio Touring 104","article_published_time":"2026-03-11T19:48:45+00:00","article_modified_time":"2026-03-11T20:14:27+00:00","og_image":[{"width":1920,"height":1080,"url":"https:\/\/progettotouring.it\/radiotouring104\/wp-content\/uploads\/sites\/6\/2026\/03\/00006_Sub_01.07_18_37_12.Immagine048.jpg","type":"image\/jpeg"}],"author":"F M","twitter_card":"summary_large_image","twitter_misc":{"Scritto da":"F M","Tempo di lettura stimato":"1 minuto"},"schema":{"@context":"https:\/\/schema.org","@graph":[{"@type":"Article","@id":"https:\/\/progettotouring.it\/radiotouring104\/2026\/03\/11\/riforma-della-giustizia-magistrati-e-avvocati-a-confronto-nel-dibattito-pubblico\/#article","isPartOf":{"@id":"https:\/\/progettotouring.it\/radiotouring104\/2026\/03\/11\/riforma-della-giustizia-magistrati-e-avvocati-a-confronto-nel-dibattito-pubblico\/"},"author":{"name":"F M","@id":"https:\/\/progettotouring.it\/radiotouring104\/#\/schema\/person\/4aa1a366fd5456ded7bcb463cc0438cd"},"headline":"Riforma della Giustizia: Magistrati e Avvocati a confronto nel dibattito pubblico","datePublished":"2026-03-11T19:48:45+00:00","dateModified":"2026-03-11T20:14:27+00:00","mainEntityOfPage":{"@id":"https:\/\/progettotouring.it\/radiotouring104\/2026\/03\/11\/riforma-della-giustizia-magistrati-e-avvocati-a-confronto-nel-dibattito-pubblico\/"},"wordCount":266,"publisher":{"@id":"https:\/\/progettotouring.it\/radiotouring104\/#organization"},"image":{"@id":"https:\/\/progettotouring.it\/radiotouring104\/2026\/03\/11\/riforma-della-giustizia-magistrati-e-avvocati-a-confronto-nel-dibattito-pubblico\/#primaryimage"},"thumbnailUrl":"https:\/\/progettotouring.it\/radiotouring104\/wp-content\/uploads\/sites\/6\/2026\/03\/00006_Sub_01.07_18_37_12.Immagine048.jpg","articleSection":["In primo piano","News"],"inLanguage":"it-IT"},{"@type":"WebPage","@id":"https:\/\/progettotouring.it\/radiotouring104\/2026\/03\/11\/riforma-della-giustizia-magistrati-e-avvocati-a-confronto-nel-dibattito-pubblico\/","url":"https:\/\/progettotouring.it\/radiotouring104\/2026\/03\/11\/riforma-della-giustizia-magistrati-e-avvocati-a-confronto-nel-dibattito-pubblico\/","name":"Riforma della Giustizia: Magistrati e Avvocati a confronto nel dibattito pubblico - Radio Touring 104","isPartOf":{"@id":"https:\/\/progettotouring.it\/radiotouring104\/#website"},"primaryImageOfPage":{"@id":"https:\/\/progettotouring.it\/radiotouring104\/2026\/03\/11\/riforma-della-giustizia-magistrati-e-avvocati-a-confronto-nel-dibattito-pubblico\/#primaryimage"},"image":{"@id":"https:\/\/progettotouring.it\/radiotouring104\/2026\/03\/11\/riforma-della-giustizia-magistrati-e-avvocati-a-confronto-nel-dibattito-pubblico\/#primaryimage"},"thumbnailUrl":"https:\/\/progettotouring.it\/radiotouring104\/wp-content\/uploads\/sites\/6\/2026\/03\/00006_Sub_01.07_18_37_12.Immagine048.jpg","datePublished":"2026-03-11T19:48:45+00:00","dateModified":"2026-03-11T20:14:27+00:00","breadcrumb":{"@id":"https:\/\/progettotouring.it\/radiotouring104\/2026\/03\/11\/riforma-della-giustizia-magistrati-e-avvocati-a-confronto-nel-dibattito-pubblico\/#breadcrumb"},"inLanguage":"it-IT","potentialAction":[{"@type":"ReadAction","target":["https:\/\/progettotouring.it\/radiotouring104\/2026\/03\/11\/riforma-della-giustizia-magistrati-e-avvocati-a-confronto-nel-dibattito-pubblico\/"]}]},{"@type":"ImageObject","inLanguage":"it-IT","@id":"https:\/\/progettotouring.it\/radiotouring104\/2026\/03\/11\/riforma-della-giustizia-magistrati-e-avvocati-a-confronto-nel-dibattito-pubblico\/#primaryimage","url":"https:\/\/progettotouring.it\/radiotouring104\/wp-content\/uploads\/sites\/6\/2026\/03\/00006_Sub_01.07_18_37_12.Immagine048.jpg","contentUrl":"https:\/\/progettotouring.it\/radiotouring104\/wp-content\/uploads\/sites\/6\/2026\/03\/00006_Sub_01.07_18_37_12.Immagine048.jpg","width":1920,"height":1080},{"@type":"BreadcrumbList","@id":"https:\/\/progettotouring.it\/radiotouring104\/2026\/03\/11\/riforma-della-giustizia-magistrati-e-avvocati-a-confronto-nel-dibattito-pubblico\/#breadcrumb","itemListElement":[{"@type":"ListItem","position":1,"name":"Home","item":"https:\/\/progettotouring.it\/radiotouring104\/"},{"@type":"ListItem","position":2,"name":"Riforma della Giustizia: Magistrati e Avvocati a confronto nel dibattito pubblico"}]},{"@type":"WebSite","@id":"https:\/\/progettotouring.it\/radiotouring104\/#website","url":"https:\/\/progettotouring.it\/radiotouring104\/","name":"Radio Touring 104","description":"La prima radio Reggina","publisher":{"@id":"https:\/\/progettotouring.it\/radiotouring104\/#organization"},"potentialAction":[{"@type":"SearchAction","target":{"@type":"EntryPoint","urlTemplate":"https:\/\/progettotouring.it\/radiotouring104\/?s={search_term_string}"},"query-input":{"@type":"PropertyValueSpecification","valueRequired":true,"valueName":"search_term_string"}}],"inLanguage":"it-IT"},{"@type":"Organization","@id":"https:\/\/progettotouring.it\/radiotouring104\/#organization","name":"Radio Touring 104","url":"https:\/\/progettotouring.it\/radiotouring104\/","logo":{"@type":"ImageObject","inLanguage":"it-IT","@id":"https:\/\/progettotouring.it\/radiotouring104\/#\/schema\/logo\/image\/","url":"https:\/\/progettotouring.it\/radiotouring104\/wp-content\/uploads\/sites\/6\/2022\/02\/cropped-logo-radio-touring-104.png","contentUrl":"https:\/\/progettotouring.it\/radiotouring104\/wp-content\/uploads\/sites\/6\/2022\/02\/cropped-logo-radio-touring-104.png","width":377,"height":182,"caption":"Radio Touring 104"},"image":{"@id":"https:\/\/progettotouring.it\/radiotouring104\/#\/schema\/logo\/image\/"}},{"@type":"Person","@id":"https:\/\/progettotouring.it\/radiotouring104\/#\/schema\/person\/4aa1a366fd5456ded7bcb463cc0438cd","name":"F M","image":{"@type":"ImageObject","inLanguage":"it-IT","@id":"https:\/\/secure.gravatar.com\/avatar\/8dcc3ac03f7e2895a8c592a88788a9bc965e0a7cfd2972362b2a666a91cfa800?s=96&d=mm&r=g","url":"https:\/\/secure.gravatar.com\/avatar\/8dcc3ac03f7e2895a8c592a88788a9bc965e0a7cfd2972362b2a666a91cfa800?s=96&d=mm&r=g","contentUrl":"https:\/\/secure.gravatar.com\/avatar\/8dcc3ac03f7e2895a8c592a88788a9bc965e0a7cfd2972362b2a666a91cfa800?s=96&d=mm&r=g","caption":"F M"},"url":"https:\/\/progettotouring.it\/radiotouring104\/author\/filippom\/"}]}},"jetpack_publicize_connections":[],"jetpack_featured_media_url":"https:\/\/progettotouring.it\/radiotouring104\/wp-content\/uploads\/sites\/6\/2026\/03\/00006_Sub_01.07_18_37_12.Immagine048.jpg","jetpack_sharing_enabled":true,"_links":{"self":[{"href":"https:\/\/progettotouring.it\/radiotouring104\/wp-json\/wp\/v2\/posts\/91838","targetHints":{"allow":["GET"]}}],"collection":[{"href":"https:\/\/progettotouring.it\/radiotouring104\/wp-json\/wp\/v2\/posts"}],"about":[{"href":"https:\/\/progettotouring.it\/radiotouring104\/wp-json\/wp\/v2\/types\/post"}],"author":[{"embeddable":true,"href":"https:\/\/progettotouring.it\/radiotouring104\/wp-json\/wp\/v2\/users\/22"}],"replies":[{"embeddable":true,"href":"https:\/\/progettotouring.it\/radiotouring104\/wp-json\/wp\/v2\/comments?post=91838"}],"version-history":[{"count":1,"href":"https:\/\/progettotouring.it\/radiotouring104\/wp-json\/wp\/v2\/posts\/91838\/revisions"}],"predecessor-version":[{"id":91840,"href":"https:\/\/progettotouring.it\/radiotouring104\/wp-json\/wp\/v2\/posts\/91838\/revisions\/91840"}],"wp:featuredmedia":[{"embeddable":true,"href":"https:\/\/progettotouring.it\/radiotouring104\/wp-json\/wp\/v2\/media\/91839"}],"wp:attachment":[{"href":"https:\/\/progettotouring.it\/radiotouring104\/wp-json\/wp\/v2\/media?parent=91838"}],"wp:term":[{"taxonomy":"category","embeddable":true,"href":"https:\/\/progettotouring.it\/radiotouring104\/wp-json\/wp\/v2\/categories?post=91838"},{"taxonomy":"post_tag","embeddable":true,"href":"https:\/\/progettotouring.it\/radiotouring104\/wp-json\/wp\/v2\/tags?post=91838"}],"curies":[{"name":"wp","href":"https:\/\/api.w.org\/{rel}","templated":true}]}}