{"id":91841,"date":"2026-03-12T09:07:05","date_gmt":"2026-03-12T08:07:05","guid":{"rendered":"https:\/\/progettotouring.it\/radiotouring104\/?p=91841"},"modified":"2026-03-12T12:55:49","modified_gmt":"2026-03-12T11:55:49","slug":"melito-p-s-arrestati-i-presunti-responsabili-del-furto-di-medicinali-oncologici-allospedale-t-evoli","status":"publish","type":"post","link":"https:\/\/progettotouring.it\/radiotouring104\/2026\/03\/12\/melito-p-s-arrestati-i-presunti-responsabili-del-furto-di-medicinali-oncologici-allospedale-t-evoli\/","title":{"rendered":"Furti milionari alla Farmacia ospedaliera di Melito Porto Salvo: a Napoli la base della rete criminale. 4 arresti"},"content":{"rendered":"<p>Un gruppo di soggetti specializzati nei furti di farmaci oncologici e salvavita ad altissimo costo \u00e8 stato individuato e colpito dai Carabinieri della Compagnia di Melito Porto Salvo al termine di una complessa attivit\u00e0 investigativa coordinata dalla Procura della Repubblica di Reggio Calabria.<\/p>\n<p>Nelle scorse ore i militari hanno dato esecuzione a un\u2019ordinanza di custodia cautelare in carcere, emessa dal G.I.P. del Tribunale di Reggio Calabria su richiesta della locale Procura, nei confronti di quattro soggetti originari di Napoli e provincia, ritenuti responsabili \u2013 a vario titolo e in concorso tra loro \u2013 del reato di furto aggravato di farmaci oncologici, chemioterapici e biologici ad altissimo costo, per un valore complessivo stimato in oltre un milione e duecentomila euro.<\/p>\n<p>Il provvedimento rappresenta l\u2019esito di una lunga e articolata indagine condotta dalla Sezione Operativa della Compagnia Carabinieri di Melito Porto Salvo, sviluppata tra aprile 2024 e febbraio 2025 a seguito di una serie di furti perpetrati presso la farmacia ospedaliera dell\u2019Ospedale \u201cTiberio Evoli\u201d di Melito Porto Salvo, avvenuti nei mesi di aprile, maggio e luglio 2024.<\/p>\n<p>Le investigazioni hanno preso avvio dall\u2019analisi delle immagini dei sistemi di videosorveglianza nei pressi della struttura sanitaria e sono state successivamente approfondite attraverso complesse attivit\u00e0 tecniche, tra cui intercettazioni telefoniche e l\u2019analisi di una vasta mole di dati di traffico telefonico, consentendo ai Carabinieri di individuare i presunti responsabili di tutti gli episodi.<\/p>\n<p>Dalle indagini \u00e8 emersa l\u2019operativit\u00e0 di una ramificata rete criminale con base logistica nella citt\u00e0 di Napoli, specializzata nell\u2019esecuzione di furti ai danni delle farmacie ospedaliere su tutto il territorio nazionale, in particolare di quelle autorizzate alla detenzione di farmaci antitumorali e biologici destinati a terapie salvavita.<\/p>\n<p>Il sodalizio avrebbe agito secondo un modus operandi accuratamente pianificato: selezione preventiva delle strutture sanitarie da colpire, sopralluoghi preliminari per studiare accessi e sistemi di sicurezza, utilizzo di veicoli a noleggio e impiego di utenze telefoniche dedicate, spesso intestate fittiziamente a cittadini extracomunitari, cos\u00ec da ridurre il rischio di essere identificati.<\/p>\n<p>L\u2019attivit\u00e0 investigativa che ha portato all\u2019odierno risultato ha inoltre rappresentato il punto di partenza di ulteriori indagini svolte in coordinamento con le Procure di Napoli e Benevento, sfociate nell\u2019emissione di ulteriori provvedimenti restrittivi nei confronti di soggetti ritenuti responsabili di analoghi reati.<\/p>\n<p>Il procedimento penale si trova attualmente nella fase delle indagini preliminari e, pertanto, gli indagati devono ritenersi presunti innocenti fino a eventuale sentenza definitiva di condanna.<\/p>\n<p>&nbsp;<\/p>\n<h3><b>Arrestati presunti responsabili del furto dei medicinali oncologici all&#8217;Ospedale &#8220;Evoli&#8221; di Melito, Versace ringrazia le Istituzioni: &#8220;Grazie ai Carabinieri e Procura della Repubblica per arresti furto farmaci all\u2019Ospedale \u2018Evoli\u2019 di Melito Porto Salvo&#8221;<\/b><\/h3>\n<p>\u201cUn ringraziamento all\u2019Arma dei Carabinieri e alla Procura della Repubblica di Reggio Calabria per aver individuato ed arrestato gli autori del furto alla farmacia dell\u2019Ospedale \u2018Tiberio Evoli\u2019 di Melito Porto Salvo. Sottrarre farmaci vitali quali quelli oncologici, molto costosi e destinati ai malati di cancro, \u00e8 un atto gravissimo che oltre a minare le casse della sanit\u00e0 pubblica, priva chi \u00e8 in forte difficolt\u00e0 della possibilit\u00e0 di curarsi nel migliore dei modi e vicino casa\u201d. Cos\u00ec il sindaco metropolitano facente funzioni di Reggio Calabria, Carmelo Versace.<\/p>\n<p><strong>\u00a0<\/strong><\/p>\n<p>&nbsp;<\/p>\n","protected":false},"excerpt":{"rendered":"<p>Un gruppo di soggetti specializzati nei furti di farmaci oncologici e salvavita ad altissimo costo \u00e8 stato individuato e colpito dai Carabinieri della Compagnia di Melito Porto Salvo al termine&hellip;<\/p>\n","protected":false},"author":5,"featured_media":91901,"comment_status":"closed","ping_status":"open","sticky":false,"template":"","format":"standard","meta":{"_jetpack_memberships_contains_paid_content":false,"footnotes":"","jetpack_publicize_message":"","jetpack_publicize_feature_enabled":true,"jetpack_social_post_already_shared":true,"jetpack_social_options":{"image_generator_settings":{"template":"highway","default_image_id":0,"font":"","enabled":false},"version":2}},"categories":[921,150,196,140],"tags":[51732,16424,212,51733,47827,23983],"class_list":["post-91841","post","type-post","status-publish","format-standard","has-post-thumbnail","hentry","category-home","category-in-primo-piano","category-news","category-reggio-calabria","tag-arrestati-i-presunti-responsabili","tag-comando-provinciale-carabinieri","tag-conferenza-stampa","tag-furto-di-medicinali-oncologici","tag-ospedale-t-evoli","tag-reggio"],"yoast_head":"<!-- This site is optimized with the Yoast SEO plugin v27.2 - https:\/\/yoast.com\/product\/yoast-seo-wordpress\/ -->\n<title>Furti farmaci all&#039;ospedale di Melito a Napoli la base criminale<\/title>\n<meta name=\"description\" content=\"L&#039;indagine sviluppata tra aprile 2024 e febbraio 2025 a seguito di una serie di furti perpetrati presso la farmacia ospedaliera dell\u2019Ospedale\" \/>\n<meta name=\"robots\" content=\"index, follow, max-snippet:-1, max-image-preview:large, max-video-preview:-1\" \/>\n<link rel=\"canonical\" href=\"https:\/\/progettotouring.it\/radiotouring104\/2026\/03\/12\/melito-p-s-arrestati-i-presunti-responsabili-del-furto-di-medicinali-oncologici-allospedale-t-evoli\/\" \/>\n<meta property=\"og:locale\" content=\"it_IT\" \/>\n<meta property=\"og:type\" content=\"article\" \/>\n<meta property=\"og:title\" content=\"Furti farmaci all&#039;ospedale di Melito a Napoli la base criminale\" \/>\n<meta property=\"og:description\" content=\"L&#039;indagine sviluppata tra aprile 2024 e febbraio 2025 a seguito di una serie di furti perpetrati presso la farmacia ospedaliera dell\u2019Ospedale\" \/>\n<meta property=\"og:url\" content=\"https:\/\/progettotouring.it\/radiotouring104\/2026\/03\/12\/melito-p-s-arrestati-i-presunti-responsabili-del-furto-di-medicinali-oncologici-allospedale-t-evoli\/\" \/>\n<meta property=\"og:site_name\" content=\"Radio Touring 104\" \/>\n<meta property=\"article:published_time\" content=\"2026-03-12T08:07:05+00:00\" \/>\n<meta property=\"article:modified_time\" content=\"2026-03-12T11:55:49+00:00\" \/>\n<meta property=\"og:image\" content=\"https:\/\/progettotouring.it\/radiotouring104\/wp-content\/uploads\/sites\/6\/2026\/03\/Carabinieri-Moto-Reggio.jpeg\" \/>\n\t<meta property=\"og:image:width\" content=\"963\" \/>\n\t<meta property=\"og:image:height\" content=\"555\" \/>\n\t<meta property=\"og:image:type\" content=\"image\/jpeg\" \/>\n<meta name=\"author\" content=\"redazione\" \/>\n<meta name=\"twitter:card\" content=\"summary_large_image\" \/>\n<meta name=\"twitter:label1\" content=\"Scritto da\" \/>\n\t<meta name=\"twitter:data1\" content=\"redazione\" \/>\n\t<meta name=\"twitter:label2\" content=\"Tempo di lettura stimato\" \/>\n\t<meta name=\"twitter:data2\" content=\"3 minuti\" \/>\n<script type=\"application\/ld+json\" class=\"yoast-schema-graph\">{\"@context\":\"https:\/\/schema.org\",\"@graph\":[{\"@type\":\"Article\",\"@id\":\"https:\/\/progettotouring.it\/radiotouring104\/2026\/03\/12\/melito-p-s-arrestati-i-presunti-responsabili-del-furto-di-medicinali-oncologici-allospedale-t-evoli\/#article\",\"isPartOf\":{\"@id\":\"https:\/\/progettotouring.it\/radiotouring104\/2026\/03\/12\/melito-p-s-arrestati-i-presunti-responsabili-del-furto-di-medicinali-oncologici-allospedale-t-evoli\/\"},\"author\":{\"name\":\"redazione\",\"@id\":\"https:\/\/progettotouring.it\/radiotouring104\/#\/schema\/person\/1b3eb3c07c47136bc44c785c543e635f\"},\"headline\":\"Furti milionari alla Farmacia ospedaliera di Melito Porto Salvo: a Napoli la base della rete criminale. 4 arresti\",\"datePublished\":\"2026-03-12T08:07:05+00:00\",\"dateModified\":\"2026-03-12T11:55:49+00:00\",\"mainEntityOfPage\":{\"@id\":\"https:\/\/progettotouring.it\/radiotouring104\/2026\/03\/12\/melito-p-s-arrestati-i-presunti-responsabili-del-furto-di-medicinali-oncologici-allospedale-t-evoli\/\"},\"wordCount\":538,\"publisher\":{\"@id\":\"https:\/\/progettotouring.it\/radiotouring104\/#organization\"},\"image\":{\"@id\":\"https:\/\/progettotouring.it\/radiotouring104\/2026\/03\/12\/melito-p-s-arrestati-i-presunti-responsabili-del-furto-di-medicinali-oncologici-allospedale-t-evoli\/#primaryimage\"},\"thumbnailUrl\":\"https:\/\/progettotouring.it\/radiotouring104\/wp-content\/uploads\/sites\/6\/2026\/03\/Carabinieri-Moto-Reggio.jpeg\",\"keywords\":[\"arrestati i presunti responsabili\",\"Comando provinciale Carabinieri\",\"conferenza stampa\",\"furto di medicinali oncologici\",\"Ospedale T.Evoli\",\"Reggio\"],\"articleSection\":[\"Home\",\"In primo piano\",\"News\",\"Reggio Calabria\"],\"inLanguage\":\"it-IT\"},{\"@type\":\"WebPage\",\"@id\":\"https:\/\/progettotouring.it\/radiotouring104\/2026\/03\/12\/melito-p-s-arrestati-i-presunti-responsabili-del-furto-di-medicinali-oncologici-allospedale-t-evoli\/\",\"url\":\"https:\/\/progettotouring.it\/radiotouring104\/2026\/03\/12\/melito-p-s-arrestati-i-presunti-responsabili-del-furto-di-medicinali-oncologici-allospedale-t-evoli\/\",\"name\":\"Furti farmaci all'ospedale di Melito a Napoli la base criminale\",\"isPartOf\":{\"@id\":\"https:\/\/progettotouring.it\/radiotouring104\/#website\"},\"primaryImageOfPage\":{\"@id\":\"https:\/\/progettotouring.it\/radiotouring104\/2026\/03\/12\/melito-p-s-arrestati-i-presunti-responsabili-del-furto-di-medicinali-oncologici-allospedale-t-evoli\/#primaryimage\"},\"image\":{\"@id\":\"https:\/\/progettotouring.it\/radiotouring104\/2026\/03\/12\/melito-p-s-arrestati-i-presunti-responsabili-del-furto-di-medicinali-oncologici-allospedale-t-evoli\/#primaryimage\"},\"thumbnailUrl\":\"https:\/\/progettotouring.it\/radiotouring104\/wp-content\/uploads\/sites\/6\/2026\/03\/Carabinieri-Moto-Reggio.jpeg\",\"datePublished\":\"2026-03-12T08:07:05+00:00\",\"dateModified\":\"2026-03-12T11:55:49+00:00\",\"description\":\"L'indagine sviluppata tra aprile 2024 e febbraio 2025 a seguito di una serie di furti perpetrati presso la farmacia ospedaliera dell\u2019Ospedale\",\"breadcrumb\":{\"@id\":\"https:\/\/progettotouring.it\/radiotouring104\/2026\/03\/12\/melito-p-s-arrestati-i-presunti-responsabili-del-furto-di-medicinali-oncologici-allospedale-t-evoli\/#breadcrumb\"},\"inLanguage\":\"it-IT\",\"potentialAction\":[{\"@type\":\"ReadAction\",\"target\":[\"https:\/\/progettotouring.it\/radiotouring104\/2026\/03\/12\/melito-p-s-arrestati-i-presunti-responsabili-del-furto-di-medicinali-oncologici-allospedale-t-evoli\/\"]}]},{\"@type\":\"ImageObject\",\"inLanguage\":\"it-IT\",\"@id\":\"https:\/\/progettotouring.it\/radiotouring104\/2026\/03\/12\/melito-p-s-arrestati-i-presunti-responsabili-del-furto-di-medicinali-oncologici-allospedale-t-evoli\/#primaryimage\",\"url\":\"https:\/\/progettotouring.it\/radiotouring104\/wp-content\/uploads\/sites\/6\/2026\/03\/Carabinieri-Moto-Reggio.jpeg\",\"contentUrl\":\"https:\/\/progettotouring.it\/radiotouring104\/wp-content\/uploads\/sites\/6\/2026\/03\/Carabinieri-Moto-Reggio.jpeg\",\"width\":963,\"height\":555},{\"@type\":\"BreadcrumbList\",\"@id\":\"https:\/\/progettotouring.it\/radiotouring104\/2026\/03\/12\/melito-p-s-arrestati-i-presunti-responsabili-del-furto-di-medicinali-oncologici-allospedale-t-evoli\/#breadcrumb\",\"itemListElement\":[{\"@type\":\"ListItem\",\"position\":1,\"name\":\"Home\",\"item\":\"https:\/\/progettotouring.it\/radiotouring104\/\"},{\"@type\":\"ListItem\",\"position\":2,\"name\":\"Furti milionari alla Farmacia ospedaliera di Melito Porto Salvo: a Napoli la base della rete criminale. 4 arresti\"}]},{\"@type\":\"WebSite\",\"@id\":\"https:\/\/progettotouring.it\/radiotouring104\/#website\",\"url\":\"https:\/\/progettotouring.it\/radiotouring104\/\",\"name\":\"Radio Touring 104\",\"description\":\"La prima radio Reggina\",\"publisher\":{\"@id\":\"https:\/\/progettotouring.it\/radiotouring104\/#organization\"},\"potentialAction\":[{\"@type\":\"SearchAction\",\"target\":{\"@type\":\"EntryPoint\",\"urlTemplate\":\"https:\/\/progettotouring.it\/radiotouring104\/?s={search_term_string}\"},\"query-input\":{\"@type\":\"PropertyValueSpecification\",\"valueRequired\":true,\"valueName\":\"search_term_string\"}}],\"inLanguage\":\"it-IT\"},{\"@type\":\"Organization\",\"@id\":\"https:\/\/progettotouring.it\/radiotouring104\/#organization\",\"name\":\"Radio Touring 104\",\"url\":\"https:\/\/progettotouring.it\/radiotouring104\/\",\"logo\":{\"@type\":\"ImageObject\",\"inLanguage\":\"it-IT\",\"@id\":\"https:\/\/progettotouring.it\/radiotouring104\/#\/schema\/logo\/image\/\",\"url\":\"https:\/\/progettotouring.it\/radiotouring104\/wp-content\/uploads\/sites\/6\/2022\/02\/cropped-logo-radio-touring-104.png\",\"contentUrl\":\"https:\/\/progettotouring.it\/radiotouring104\/wp-content\/uploads\/sites\/6\/2022\/02\/cropped-logo-radio-touring-104.png\",\"width\":377,\"height\":182,\"caption\":\"Radio Touring 104\"},\"image\":{\"@id\":\"https:\/\/progettotouring.it\/radiotouring104\/#\/schema\/logo\/image\/\"}},{\"@type\":\"Person\",\"@id\":\"https:\/\/progettotouring.it\/radiotouring104\/#\/schema\/person\/1b3eb3c07c47136bc44c785c543e635f\",\"name\":\"redazione\",\"image\":{\"@type\":\"ImageObject\",\"inLanguage\":\"it-IT\",\"@id\":\"https:\/\/secure.gravatar.com\/avatar\/0b31605b49f100769e8b624b3e05de1b73e1692e9568a352f60f53fd072e6e11?s=96&d=mm&r=g\",\"url\":\"https:\/\/secure.gravatar.com\/avatar\/0b31605b49f100769e8b624b3e05de1b73e1692e9568a352f60f53fd072e6e11?s=96&d=mm&r=g\",\"contentUrl\":\"https:\/\/secure.gravatar.com\/avatar\/0b31605b49f100769e8b624b3e05de1b73e1692e9568a352f60f53fd072e6e11?s=96&d=mm&r=g\",\"caption\":\"redazione\"},\"url\":\"https:\/\/progettotouring.it\/radiotouring104\/author\/redazione\/\"}]}<\/script>\n<!-- \/ Yoast SEO plugin. -->","yoast_head_json":{"title":"Furti farmaci all'ospedale di Melito a Napoli la base criminale","description":"L'indagine sviluppata tra aprile 2024 e febbraio 2025 a seguito di una serie di furti perpetrati presso la farmacia ospedaliera dell\u2019Ospedale","robots":{"index":"index","follow":"follow","max-snippet":"max-snippet:-1","max-image-preview":"max-image-preview:large","max-video-preview":"max-video-preview:-1"},"canonical":"https:\/\/progettotouring.it\/radiotouring104\/2026\/03\/12\/melito-p-s-arrestati-i-presunti-responsabili-del-furto-di-medicinali-oncologici-allospedale-t-evoli\/","og_locale":"it_IT","og_type":"article","og_title":"Furti farmaci all'ospedale di Melito a Napoli la base criminale","og_description":"L'indagine sviluppata tra aprile 2024 e febbraio 2025 a seguito di una serie di furti perpetrati presso la farmacia ospedaliera dell\u2019Ospedale","og_url":"https:\/\/progettotouring.it\/radiotouring104\/2026\/03\/12\/melito-p-s-arrestati-i-presunti-responsabili-del-furto-di-medicinali-oncologici-allospedale-t-evoli\/","og_site_name":"Radio Touring 104","article_published_time":"2026-03-12T08:07:05+00:00","article_modified_time":"2026-03-12T11:55:49+00:00","og_image":[{"width":963,"height":555,"url":"https:\/\/progettotouring.it\/radiotouring104\/wp-content\/uploads\/sites\/6\/2026\/03\/Carabinieri-Moto-Reggio.jpeg","type":"image\/jpeg"}],"author":"redazione","twitter_card":"summary_large_image","twitter_misc":{"Scritto da":"redazione","Tempo di lettura stimato":"3 minuti"},"schema":{"@context":"https:\/\/schema.org","@graph":[{"@type":"Article","@id":"https:\/\/progettotouring.it\/radiotouring104\/2026\/03\/12\/melito-p-s-arrestati-i-presunti-responsabili-del-furto-di-medicinali-oncologici-allospedale-t-evoli\/#article","isPartOf":{"@id":"https:\/\/progettotouring.it\/radiotouring104\/2026\/03\/12\/melito-p-s-arrestati-i-presunti-responsabili-del-furto-di-medicinali-oncologici-allospedale-t-evoli\/"},"author":{"name":"redazione","@id":"https:\/\/progettotouring.it\/radiotouring104\/#\/schema\/person\/1b3eb3c07c47136bc44c785c543e635f"},"headline":"Furti milionari alla Farmacia ospedaliera di Melito Porto Salvo: a Napoli la base della rete criminale. 4 arresti","datePublished":"2026-03-12T08:07:05+00:00","dateModified":"2026-03-12T11:55:49+00:00","mainEntityOfPage":{"@id":"https:\/\/progettotouring.it\/radiotouring104\/2026\/03\/12\/melito-p-s-arrestati-i-presunti-responsabili-del-furto-di-medicinali-oncologici-allospedale-t-evoli\/"},"wordCount":538,"publisher":{"@id":"https:\/\/progettotouring.it\/radiotouring104\/#organization"},"image":{"@id":"https:\/\/progettotouring.it\/radiotouring104\/2026\/03\/12\/melito-p-s-arrestati-i-presunti-responsabili-del-furto-di-medicinali-oncologici-allospedale-t-evoli\/#primaryimage"},"thumbnailUrl":"https:\/\/progettotouring.it\/radiotouring104\/wp-content\/uploads\/sites\/6\/2026\/03\/Carabinieri-Moto-Reggio.jpeg","keywords":["arrestati i presunti responsabili","Comando provinciale Carabinieri","conferenza stampa","furto di medicinali oncologici","Ospedale T.Evoli","Reggio"],"articleSection":["Home","In primo piano","News","Reggio Calabria"],"inLanguage":"it-IT"},{"@type":"WebPage","@id":"https:\/\/progettotouring.it\/radiotouring104\/2026\/03\/12\/melito-p-s-arrestati-i-presunti-responsabili-del-furto-di-medicinali-oncologici-allospedale-t-evoli\/","url":"https:\/\/progettotouring.it\/radiotouring104\/2026\/03\/12\/melito-p-s-arrestati-i-presunti-responsabili-del-furto-di-medicinali-oncologici-allospedale-t-evoli\/","name":"Furti farmaci all'ospedale di Melito a Napoli la base criminale","isPartOf":{"@id":"https:\/\/progettotouring.it\/radiotouring104\/#website"},"primaryImageOfPage":{"@id":"https:\/\/progettotouring.it\/radiotouring104\/2026\/03\/12\/melito-p-s-arrestati-i-presunti-responsabili-del-furto-di-medicinali-oncologici-allospedale-t-evoli\/#primaryimage"},"image":{"@id":"https:\/\/progettotouring.it\/radiotouring104\/2026\/03\/12\/melito-p-s-arrestati-i-presunti-responsabili-del-furto-di-medicinali-oncologici-allospedale-t-evoli\/#primaryimage"},"thumbnailUrl":"https:\/\/progettotouring.it\/radiotouring104\/wp-content\/uploads\/sites\/6\/2026\/03\/Carabinieri-Moto-Reggio.jpeg","datePublished":"2026-03-12T08:07:05+00:00","dateModified":"2026-03-12T11:55:49+00:00","description":"L'indagine sviluppata tra aprile 2024 e febbraio 2025 a seguito di una serie di furti perpetrati presso la farmacia ospedaliera dell\u2019Ospedale","breadcrumb":{"@id":"https:\/\/progettotouring.it\/radiotouring104\/2026\/03\/12\/melito-p-s-arrestati-i-presunti-responsabili-del-furto-di-medicinali-oncologici-allospedale-t-evoli\/#breadcrumb"},"inLanguage":"it-IT","potentialAction":[{"@type":"ReadAction","target":["https:\/\/progettotouring.it\/radiotouring104\/2026\/03\/12\/melito-p-s-arrestati-i-presunti-responsabili-del-furto-di-medicinali-oncologici-allospedale-t-evoli\/"]}]},{"@type":"ImageObject","inLanguage":"it-IT","@id":"https:\/\/progettotouring.it\/radiotouring104\/2026\/03\/12\/melito-p-s-arrestati-i-presunti-responsabili-del-furto-di-medicinali-oncologici-allospedale-t-evoli\/#primaryimage","url":"https:\/\/progettotouring.it\/radiotouring104\/wp-content\/uploads\/sites\/6\/2026\/03\/Carabinieri-Moto-Reggio.jpeg","contentUrl":"https:\/\/progettotouring.it\/radiotouring104\/wp-content\/uploads\/sites\/6\/2026\/03\/Carabinieri-Moto-Reggio.jpeg","width":963,"height":555},{"@type":"BreadcrumbList","@id":"https:\/\/progettotouring.it\/radiotouring104\/2026\/03\/12\/melito-p-s-arrestati-i-presunti-responsabili-del-furto-di-medicinali-oncologici-allospedale-t-evoli\/#breadcrumb","itemListElement":[{"@type":"ListItem","position":1,"name":"Home","item":"https:\/\/progettotouring.it\/radiotouring104\/"},{"@type":"ListItem","position":2,"name":"Furti milionari alla Farmacia ospedaliera di Melito Porto Salvo: a Napoli la base della rete criminale. 4 arresti"}]},{"@type":"WebSite","@id":"https:\/\/progettotouring.it\/radiotouring104\/#website","url":"https:\/\/progettotouring.it\/radiotouring104\/","name":"Radio Touring 104","description":"La prima radio Reggina","publisher":{"@id":"https:\/\/progettotouring.it\/radiotouring104\/#organization"},"potentialAction":[{"@type":"SearchAction","target":{"@type":"EntryPoint","urlTemplate":"https:\/\/progettotouring.it\/radiotouring104\/?s={search_term_string}"},"query-input":{"@type":"PropertyValueSpecification","valueRequired":true,"valueName":"search_term_string"}}],"inLanguage":"it-IT"},{"@type":"Organization","@id":"https:\/\/progettotouring.it\/radiotouring104\/#organization","name":"Radio Touring 104","url":"https:\/\/progettotouring.it\/radiotouring104\/","logo":{"@type":"ImageObject","inLanguage":"it-IT","@id":"https:\/\/progettotouring.it\/radiotouring104\/#\/schema\/logo\/image\/","url":"https:\/\/progettotouring.it\/radiotouring104\/wp-content\/uploads\/sites\/6\/2022\/02\/cropped-logo-radio-touring-104.png","contentUrl":"https:\/\/progettotouring.it\/radiotouring104\/wp-content\/uploads\/sites\/6\/2022\/02\/cropped-logo-radio-touring-104.png","width":377,"height":182,"caption":"Radio Touring 104"},"image":{"@id":"https:\/\/progettotouring.it\/radiotouring104\/#\/schema\/logo\/image\/"}},{"@type":"Person","@id":"https:\/\/progettotouring.it\/radiotouring104\/#\/schema\/person\/1b3eb3c07c47136bc44c785c543e635f","name":"redazione","image":{"@type":"ImageObject","inLanguage":"it-IT","@id":"https:\/\/secure.gravatar.com\/avatar\/0b31605b49f100769e8b624b3e05de1b73e1692e9568a352f60f53fd072e6e11?s=96&d=mm&r=g","url":"https:\/\/secure.gravatar.com\/avatar\/0b31605b49f100769e8b624b3e05de1b73e1692e9568a352f60f53fd072e6e11?s=96&d=mm&r=g","contentUrl":"https:\/\/secure.gravatar.com\/avatar\/0b31605b49f100769e8b624b3e05de1b73e1692e9568a352f60f53fd072e6e11?s=96&d=mm&r=g","caption":"redazione"},"url":"https:\/\/progettotouring.it\/radiotouring104\/author\/redazione\/"}]}},"jetpack_publicize_connections":[],"jetpack_featured_media_url":"https:\/\/progettotouring.it\/radiotouring104\/wp-content\/uploads\/sites\/6\/2026\/03\/Carabinieri-Moto-Reggio.jpeg","jetpack_sharing_enabled":true,"_links":{"self":[{"href":"https:\/\/progettotouring.it\/radiotouring104\/wp-json\/wp\/v2\/posts\/91841","targetHints":{"allow":["GET"]}}],"collection":[{"href":"https:\/\/progettotouring.it\/radiotouring104\/wp-json\/wp\/v2\/posts"}],"about":[{"href":"https:\/\/progettotouring.it\/radiotouring104\/wp-json\/wp\/v2\/types\/post"}],"author":[{"embeddable":true,"href":"https:\/\/progettotouring.it\/radiotouring104\/wp-json\/wp\/v2\/users\/5"}],"replies":[{"embeddable":true,"href":"https:\/\/progettotouring.it\/radiotouring104\/wp-json\/wp\/v2\/comments?post=91841"}],"version-history":[{"count":5,"href":"https:\/\/progettotouring.it\/radiotouring104\/wp-json\/wp\/v2\/posts\/91841\/revisions"}],"predecessor-version":[{"id":91884,"href":"https:\/\/progettotouring.it\/radiotouring104\/wp-json\/wp\/v2\/posts\/91841\/revisions\/91884"}],"wp:featuredmedia":[{"embeddable":true,"href":"https:\/\/progettotouring.it\/radiotouring104\/wp-json\/wp\/v2\/media\/91901"}],"wp:attachment":[{"href":"https:\/\/progettotouring.it\/radiotouring104\/wp-json\/wp\/v2\/media?parent=91841"}],"wp:term":[{"taxonomy":"category","embeddable":true,"href":"https:\/\/progettotouring.it\/radiotouring104\/wp-json\/wp\/v2\/categories?post=91841"},{"taxonomy":"post_tag","embeddable":true,"href":"https:\/\/progettotouring.it\/radiotouring104\/wp-json\/wp\/v2\/tags?post=91841"}],"curies":[{"name":"wp","href":"https:\/\/api.w.org\/{rel}","templated":true}]}}