{"id":91843,"date":"2026-03-12T09:19:39","date_gmt":"2026-03-12T08:19:39","guid":{"rendered":"https:\/\/progettotouring.it\/radiotouring104\/?p=91843"},"modified":"2026-03-12T12:55:45","modified_gmt":"2026-03-12T11:55:45","slug":"arghilla-rc-le-famiglie-del-comparto-6-scrivono-al-sindaco-battaglia","status":"publish","type":"post","link":"https:\/\/progettotouring.it\/radiotouring104\/2026\/03\/12\/arghilla-rc-le-famiglie-del-comparto-6-scrivono-al-sindaco-battaglia\/","title":{"rendered":"Arghill\u00e0 (RC): le famiglie del Comparto 6 scrivono al Sindaco Battaglia"},"content":{"rendered":"<p style=\"font-weight: 400\">Pubblichiamo la lettera aperta delle famiglie del Comparto 6 del quartiere di Aeghill\u00e0 al Sindaco ff di Reggio, Mimmo Battaglia:<\/p>\n<p style=\"font-weight: 400\">&#8220;C\u2019\u00e8 un silenzio assordante tra i vialetti del Comparto 6 di Arghill\u00e0, interrotto solo dal rumore dei battiti di cuori che vivono sospesi. Molti se ne sono gi\u00e0 andati, spinti dalla rassegnazione o dal terrore di vedere le proprie poche cose ammassate su un marciapiede. Ma noi che siamo rimasti, non lo abbiamo fatto per sfida: siamo rimasti perch\u00e9 non abbiamo dove andare. Siamo rimasti perch\u00e9, fuori da queste mura segnate dal tempo e dai lavori mai finiti, per noi c\u2019\u00e8 solo il vuoto.<\/p>\n<p style=\"font-weight: 400\">Oggi viviamo nell\u2019incertezza pi\u00f9 assoluta, un limbo che logora l\u2019anima. Ogni sirena in lontananza, ogni passo pesante nel corridoio, scuote le madri e irrigidisce i padri. Viviamo con il fiato corto, nell&#8217;attesa di una ripresa degli interventi delle Forze dell\u2019Ordine. Sappiamo che quegli uomini in divisa devono compiere il loro dovere, che rispondono a un\u2019ordinanza e a una legge. Ma provate a spiegarlo ai nostri figli.<\/p>\n<p style=\"font-weight: 400\">Per i bambini che abitano questi alloggi, quegli uomini non sono i rappresentanti dello Stato che protegge. In questi momenti di tensione, negli occhi grandi e spaventati dei nostri piccoli, le divise diventano i &#8220;mostri cattivi&#8221; che vengono a portarli via dalla loro cameretta, dai loro giochi, dalla loro unica sicurezza. Nessun bambino dovrebbe crescere con la paura dello Stato. Nessuna infanzia dovrebbe essere segnata dal trauma di uno sfratto senza una meta.<\/p>\n<p style=\"font-weight: 400\"><strong>Al Sindaco f.f. Domenico Battaglia e ai membri del Tavolo Tecnico chiediamo un atto di coraggio umano.<\/strong>\u00a0Non lasciateci soli in questo abisso. Il Tavolo Tecnico deve concludersi ora, con urgenza estrema, non con altre relazioni, ma con soluzioni. Abbiamo bisogno di un\u2019alternativa dignitosa, anche provvisoria, che ci permetta di uscire da qui non come fuggiaschi, ma come cittadini accompagnati verso una nuova vita. La legge lo permette: la Corte Costituzionale e il Consiglio di Stato dicono che il diritto alla casa, per chi \u00e8 fragile, per chi ha disabili o anziani, non pu\u00f2 essere calpestato dalla &#8220;mera regolarit\u00e0 amministrativa&#8221;.<\/p>\n<p style=\"font-weight: 400\">La nostra vulnerabilit\u00e0 non \u00e8 una colpa. L&#8217;impossibilit\u00e0 oggettiva di trovare un tetto con le nostre sole forze \u00e8 una prigione da cui non possiamo uscire senza la mano dell&#8217;Amministrazione. Se lo sgombero proseguir\u00e0 senza un&#8217;alternativa in deroga, non si star\u00e0 ripristinando la legalit\u00e0, si star\u00e0 solo distruggendo la coesione di famiglie che non hanno pi\u00f9 nulla, se non l&#8217;unione tra loro.<\/p>\n<p style=\"font-weight: 400\">Vi preghiamo: non murate i nostri sogni mentre murate le porte. Dateci una speranza concreta che non sia fatta di carta, ma di un luogo dove i nostri figli possano smettere di guardare alla porta con terrore e ricominciare a guardare al futuro con un sorriso.&#8221;, scrivono nel comunicato le famiglie del Comparto 6 del quartiere di Arghill\u00e0.<\/p>\n<p style=\"font-weight: 400\">\n<p style=\"font-weight: 400\">\n","protected":false},"excerpt":{"rendered":"<p>Pubblichiamo la lettera aperta delle famiglie del Comparto 6 del quartiere di Aeghill\u00e0 al Sindaco ff di Reggio, Mimmo Battaglia: &#8220;C\u2019\u00e8 un silenzio assordante tra i vialetti del Comparto 6&hellip;<\/p>\n","protected":false},"author":5,"featured_media":91844,"comment_status":"closed","ping_status":"open","sticky":false,"template":"","format":"standard","meta":{"_jetpack_memberships_contains_paid_content":false,"footnotes":"","jetpack_publicize_message":"","jetpack_publicize_feature_enabled":true,"jetpack_social_post_already_shared":true,"jetpack_social_options":{"image_generator_settings":{"template":"highway","default_image_id":0,"font":"","enabled":false},"version":2}},"categories":[921,196,140],"tags":[51735,26792,51734,7788,50310],"class_list":["post-91843","post","type-post","status-publish","format-standard","has-post-thumbnail","hentry","category-home","category-news","category-reggio-calabria","tag-la-legalita-non-diventi-il-mostro-dei-nostri-bambini","tag-noi-siamo-arghilla","tag-famiglie-comparto-6","tag-lettera-aperta","tag-sindaco-ff-mimmo-battaglia"],"yoast_head":"<!-- This site is optimized with the Yoast SEO plugin v27.2 - https:\/\/yoast.com\/product\/yoast-seo-wordpress\/ -->\n<title>Arghill\u00e0: il Comparto 6 scrive al Sindaco Battaglia<\/title>\n<meta name=\"description\" content=\"&quot;La legalit\u00e0 non diventi il mostro dei nostri bambini&quot;, si legge nella lettera delle famiglie del Comparto 6, al Sindaco ff, Battaglia\" \/>\n<meta name=\"robots\" content=\"index, follow, max-snippet:-1, max-image-preview:large, max-video-preview:-1\" \/>\n<link rel=\"canonical\" href=\"https:\/\/progettotouring.it\/radiotouring104\/2026\/03\/12\/arghilla-rc-le-famiglie-del-comparto-6-scrivono-al-sindaco-battaglia\/\" \/>\n<meta property=\"og:locale\" content=\"it_IT\" \/>\n<meta property=\"og:type\" content=\"article\" \/>\n<meta property=\"og:title\" content=\"Arghill\u00e0: il Comparto 6 scrive al Sindaco Battaglia\" \/>\n<meta property=\"og:description\" content=\"&quot;La legalit\u00e0 non diventi il mostro dei nostri bambini&quot;, si legge nella lettera delle famiglie del Comparto 6, al Sindaco ff, Battaglia\" \/>\n<meta property=\"og:url\" content=\"https:\/\/progettotouring.it\/radiotouring104\/2026\/03\/12\/arghilla-rc-le-famiglie-del-comparto-6-scrivono-al-sindaco-battaglia\/\" \/>\n<meta property=\"og:site_name\" content=\"Radio Touring 104\" \/>\n<meta property=\"article:published_time\" content=\"2026-03-12T08:19:39+00:00\" \/>\n<meta property=\"article:modified_time\" content=\"2026-03-12T11:55:45+00:00\" \/>\n<meta property=\"og:image\" content=\"https:\/\/progettotouring.it\/radiotouring104\/wp-content\/uploads\/sites\/6\/2026\/03\/famiglie-comparto-6-arghilla.jpeg\" \/>\n\t<meta property=\"og:image:width\" content=\"1600\" \/>\n\t<meta property=\"og:image:height\" content=\"899\" \/>\n\t<meta property=\"og:image:type\" content=\"image\/jpeg\" \/>\n<meta name=\"author\" content=\"redazione\" \/>\n<meta name=\"twitter:card\" content=\"summary_large_image\" \/>\n<meta name=\"twitter:label1\" content=\"Scritto da\" \/>\n\t<meta name=\"twitter:data1\" content=\"redazione\" \/>\n\t<meta name=\"twitter:label2\" content=\"Tempo di lettura stimato\" \/>\n\t<meta name=\"twitter:data2\" content=\"2 minuti\" \/>\n<script type=\"application\/ld+json\" class=\"yoast-schema-graph\">{\"@context\":\"https:\/\/schema.org\",\"@graph\":[{\"@type\":\"Article\",\"@id\":\"https:\/\/progettotouring.it\/radiotouring104\/2026\/03\/12\/arghilla-rc-le-famiglie-del-comparto-6-scrivono-al-sindaco-battaglia\/#article\",\"isPartOf\":{\"@id\":\"https:\/\/progettotouring.it\/radiotouring104\/2026\/03\/12\/arghilla-rc-le-famiglie-del-comparto-6-scrivono-al-sindaco-battaglia\/\"},\"author\":{\"name\":\"redazione\",\"@id\":\"https:\/\/progettotouring.it\/radiotouring104\/#\/schema\/person\/1b3eb3c07c47136bc44c785c543e635f\"},\"headline\":\"Arghill\u00e0 (RC): le famiglie del Comparto 6 scrivono al Sindaco Battaglia\",\"datePublished\":\"2026-03-12T08:19:39+00:00\",\"dateModified\":\"2026-03-12T11:55:45+00:00\",\"mainEntityOfPage\":{\"@id\":\"https:\/\/progettotouring.it\/radiotouring104\/2026\/03\/12\/arghilla-rc-le-famiglie-del-comparto-6-scrivono-al-sindaco-battaglia\/\"},\"wordCount\":473,\"publisher\":{\"@id\":\"https:\/\/progettotouring.it\/radiotouring104\/#organization\"},\"image\":{\"@id\":\"https:\/\/progettotouring.it\/radiotouring104\/2026\/03\/12\/arghilla-rc-le-famiglie-del-comparto-6-scrivono-al-sindaco-battaglia\/#primaryimage\"},\"thumbnailUrl\":\"https:\/\/progettotouring.it\/radiotouring104\/wp-content\/uploads\/sites\/6\/2026\/03\/famiglie-comparto-6-arghilla.jpeg\",\"keywords\":[\"\\\"La legalit\u00e0 non diventi il mostro dei nostri bambini\",\"\u201cNOI SIAMO ARGHILLA\u2019\u201d\",\"famiglie comparto 6\",\"lettera aperta\",\"Sindaco ff Mimmo Battaglia\"],\"articleSection\":[\"Home\",\"News\",\"Reggio Calabria\"],\"inLanguage\":\"it-IT\"},{\"@type\":\"WebPage\",\"@id\":\"https:\/\/progettotouring.it\/radiotouring104\/2026\/03\/12\/arghilla-rc-le-famiglie-del-comparto-6-scrivono-al-sindaco-battaglia\/\",\"url\":\"https:\/\/progettotouring.it\/radiotouring104\/2026\/03\/12\/arghilla-rc-le-famiglie-del-comparto-6-scrivono-al-sindaco-battaglia\/\",\"name\":\"Arghill\u00e0: il Comparto 6 scrive al Sindaco Battaglia\",\"isPartOf\":{\"@id\":\"https:\/\/progettotouring.it\/radiotouring104\/#website\"},\"primaryImageOfPage\":{\"@id\":\"https:\/\/progettotouring.it\/radiotouring104\/2026\/03\/12\/arghilla-rc-le-famiglie-del-comparto-6-scrivono-al-sindaco-battaglia\/#primaryimage\"},\"image\":{\"@id\":\"https:\/\/progettotouring.it\/radiotouring104\/2026\/03\/12\/arghilla-rc-le-famiglie-del-comparto-6-scrivono-al-sindaco-battaglia\/#primaryimage\"},\"thumbnailUrl\":\"https:\/\/progettotouring.it\/radiotouring104\/wp-content\/uploads\/sites\/6\/2026\/03\/famiglie-comparto-6-arghilla.jpeg\",\"datePublished\":\"2026-03-12T08:19:39+00:00\",\"dateModified\":\"2026-03-12T11:55:45+00:00\",\"description\":\"\\\"La legalit\u00e0 non diventi il mostro dei nostri bambini\\\", si legge nella lettera delle famiglie del Comparto 6, al Sindaco ff, Battaglia\",\"breadcrumb\":{\"@id\":\"https:\/\/progettotouring.it\/radiotouring104\/2026\/03\/12\/arghilla-rc-le-famiglie-del-comparto-6-scrivono-al-sindaco-battaglia\/#breadcrumb\"},\"inLanguage\":\"it-IT\",\"potentialAction\":[{\"@type\":\"ReadAction\",\"target\":[\"https:\/\/progettotouring.it\/radiotouring104\/2026\/03\/12\/arghilla-rc-le-famiglie-del-comparto-6-scrivono-al-sindaco-battaglia\/\"]}]},{\"@type\":\"ImageObject\",\"inLanguage\":\"it-IT\",\"@id\":\"https:\/\/progettotouring.it\/radiotouring104\/2026\/03\/12\/arghilla-rc-le-famiglie-del-comparto-6-scrivono-al-sindaco-battaglia\/#primaryimage\",\"url\":\"https:\/\/progettotouring.it\/radiotouring104\/wp-content\/uploads\/sites\/6\/2026\/03\/famiglie-comparto-6-arghilla.jpeg\",\"contentUrl\":\"https:\/\/progettotouring.it\/radiotouring104\/wp-content\/uploads\/sites\/6\/2026\/03\/famiglie-comparto-6-arghilla.jpeg\",\"width\":1600,\"height\":899},{\"@type\":\"BreadcrumbList\",\"@id\":\"https:\/\/progettotouring.it\/radiotouring104\/2026\/03\/12\/arghilla-rc-le-famiglie-del-comparto-6-scrivono-al-sindaco-battaglia\/#breadcrumb\",\"itemListElement\":[{\"@type\":\"ListItem\",\"position\":1,\"name\":\"Home\",\"item\":\"https:\/\/progettotouring.it\/radiotouring104\/\"},{\"@type\":\"ListItem\",\"position\":2,\"name\":\"Arghill\u00e0 (RC): le famiglie del Comparto 6 scrivono al Sindaco Battaglia\"}]},{\"@type\":\"WebSite\",\"@id\":\"https:\/\/progettotouring.it\/radiotouring104\/#website\",\"url\":\"https:\/\/progettotouring.it\/radiotouring104\/\",\"name\":\"Radio Touring 104\",\"description\":\"La prima radio Reggina\",\"publisher\":{\"@id\":\"https:\/\/progettotouring.it\/radiotouring104\/#organization\"},\"potentialAction\":[{\"@type\":\"SearchAction\",\"target\":{\"@type\":\"EntryPoint\",\"urlTemplate\":\"https:\/\/progettotouring.it\/radiotouring104\/?s={search_term_string}\"},\"query-input\":{\"@type\":\"PropertyValueSpecification\",\"valueRequired\":true,\"valueName\":\"search_term_string\"}}],\"inLanguage\":\"it-IT\"},{\"@type\":\"Organization\",\"@id\":\"https:\/\/progettotouring.it\/radiotouring104\/#organization\",\"name\":\"Radio Touring 104\",\"url\":\"https:\/\/progettotouring.it\/radiotouring104\/\",\"logo\":{\"@type\":\"ImageObject\",\"inLanguage\":\"it-IT\",\"@id\":\"https:\/\/progettotouring.it\/radiotouring104\/#\/schema\/logo\/image\/\",\"url\":\"https:\/\/progettotouring.it\/radiotouring104\/wp-content\/uploads\/sites\/6\/2022\/02\/cropped-logo-radio-touring-104.png\",\"contentUrl\":\"https:\/\/progettotouring.it\/radiotouring104\/wp-content\/uploads\/sites\/6\/2022\/02\/cropped-logo-radio-touring-104.png\",\"width\":377,\"height\":182,\"caption\":\"Radio Touring 104\"},\"image\":{\"@id\":\"https:\/\/progettotouring.it\/radiotouring104\/#\/schema\/logo\/image\/\"}},{\"@type\":\"Person\",\"@id\":\"https:\/\/progettotouring.it\/radiotouring104\/#\/schema\/person\/1b3eb3c07c47136bc44c785c543e635f\",\"name\":\"redazione\",\"image\":{\"@type\":\"ImageObject\",\"inLanguage\":\"it-IT\",\"@id\":\"https:\/\/secure.gravatar.com\/avatar\/0b31605b49f100769e8b624b3e05de1b73e1692e9568a352f60f53fd072e6e11?s=96&d=mm&r=g\",\"url\":\"https:\/\/secure.gravatar.com\/avatar\/0b31605b49f100769e8b624b3e05de1b73e1692e9568a352f60f53fd072e6e11?s=96&d=mm&r=g\",\"contentUrl\":\"https:\/\/secure.gravatar.com\/avatar\/0b31605b49f100769e8b624b3e05de1b73e1692e9568a352f60f53fd072e6e11?s=96&d=mm&r=g\",\"caption\":\"redazione\"},\"url\":\"https:\/\/progettotouring.it\/radiotouring104\/author\/redazione\/\"}]}<\/script>\n<!-- \/ Yoast SEO plugin. -->","yoast_head_json":{"title":"Arghill\u00e0: il Comparto 6 scrive al Sindaco Battaglia","description":"\"La legalit\u00e0 non diventi il mostro dei nostri bambini\", si legge nella lettera delle famiglie del Comparto 6, al Sindaco ff, Battaglia","robots":{"index":"index","follow":"follow","max-snippet":"max-snippet:-1","max-image-preview":"max-image-preview:large","max-video-preview":"max-video-preview:-1"},"canonical":"https:\/\/progettotouring.it\/radiotouring104\/2026\/03\/12\/arghilla-rc-le-famiglie-del-comparto-6-scrivono-al-sindaco-battaglia\/","og_locale":"it_IT","og_type":"article","og_title":"Arghill\u00e0: il Comparto 6 scrive al Sindaco Battaglia","og_description":"\"La legalit\u00e0 non diventi il mostro dei nostri bambini\", si legge nella lettera delle famiglie del Comparto 6, al Sindaco ff, Battaglia","og_url":"https:\/\/progettotouring.it\/radiotouring104\/2026\/03\/12\/arghilla-rc-le-famiglie-del-comparto-6-scrivono-al-sindaco-battaglia\/","og_site_name":"Radio Touring 104","article_published_time":"2026-03-12T08:19:39+00:00","article_modified_time":"2026-03-12T11:55:45+00:00","og_image":[{"width":1600,"height":899,"url":"https:\/\/progettotouring.it\/radiotouring104\/wp-content\/uploads\/sites\/6\/2026\/03\/famiglie-comparto-6-arghilla.jpeg","type":"image\/jpeg"}],"author":"redazione","twitter_card":"summary_large_image","twitter_misc":{"Scritto da":"redazione","Tempo di lettura stimato":"2 minuti"},"schema":{"@context":"https:\/\/schema.org","@graph":[{"@type":"Article","@id":"https:\/\/progettotouring.it\/radiotouring104\/2026\/03\/12\/arghilla-rc-le-famiglie-del-comparto-6-scrivono-al-sindaco-battaglia\/#article","isPartOf":{"@id":"https:\/\/progettotouring.it\/radiotouring104\/2026\/03\/12\/arghilla-rc-le-famiglie-del-comparto-6-scrivono-al-sindaco-battaglia\/"},"author":{"name":"redazione","@id":"https:\/\/progettotouring.it\/radiotouring104\/#\/schema\/person\/1b3eb3c07c47136bc44c785c543e635f"},"headline":"Arghill\u00e0 (RC): le famiglie del Comparto 6 scrivono al Sindaco Battaglia","datePublished":"2026-03-12T08:19:39+00:00","dateModified":"2026-03-12T11:55:45+00:00","mainEntityOfPage":{"@id":"https:\/\/progettotouring.it\/radiotouring104\/2026\/03\/12\/arghilla-rc-le-famiglie-del-comparto-6-scrivono-al-sindaco-battaglia\/"},"wordCount":473,"publisher":{"@id":"https:\/\/progettotouring.it\/radiotouring104\/#organization"},"image":{"@id":"https:\/\/progettotouring.it\/radiotouring104\/2026\/03\/12\/arghilla-rc-le-famiglie-del-comparto-6-scrivono-al-sindaco-battaglia\/#primaryimage"},"thumbnailUrl":"https:\/\/progettotouring.it\/radiotouring104\/wp-content\/uploads\/sites\/6\/2026\/03\/famiglie-comparto-6-arghilla.jpeg","keywords":["\"La legalit\u00e0 non diventi il mostro dei nostri bambini","\u201cNOI SIAMO ARGHILLA\u2019\u201d","famiglie comparto 6","lettera aperta","Sindaco ff Mimmo Battaglia"],"articleSection":["Home","News","Reggio Calabria"],"inLanguage":"it-IT"},{"@type":"WebPage","@id":"https:\/\/progettotouring.it\/radiotouring104\/2026\/03\/12\/arghilla-rc-le-famiglie-del-comparto-6-scrivono-al-sindaco-battaglia\/","url":"https:\/\/progettotouring.it\/radiotouring104\/2026\/03\/12\/arghilla-rc-le-famiglie-del-comparto-6-scrivono-al-sindaco-battaglia\/","name":"Arghill\u00e0: il Comparto 6 scrive al Sindaco Battaglia","isPartOf":{"@id":"https:\/\/progettotouring.it\/radiotouring104\/#website"},"primaryImageOfPage":{"@id":"https:\/\/progettotouring.it\/radiotouring104\/2026\/03\/12\/arghilla-rc-le-famiglie-del-comparto-6-scrivono-al-sindaco-battaglia\/#primaryimage"},"image":{"@id":"https:\/\/progettotouring.it\/radiotouring104\/2026\/03\/12\/arghilla-rc-le-famiglie-del-comparto-6-scrivono-al-sindaco-battaglia\/#primaryimage"},"thumbnailUrl":"https:\/\/progettotouring.it\/radiotouring104\/wp-content\/uploads\/sites\/6\/2026\/03\/famiglie-comparto-6-arghilla.jpeg","datePublished":"2026-03-12T08:19:39+00:00","dateModified":"2026-03-12T11:55:45+00:00","description":"\"La legalit\u00e0 non diventi il mostro dei nostri bambini\", si legge nella lettera delle famiglie del Comparto 6, al Sindaco ff, Battaglia","breadcrumb":{"@id":"https:\/\/progettotouring.it\/radiotouring104\/2026\/03\/12\/arghilla-rc-le-famiglie-del-comparto-6-scrivono-al-sindaco-battaglia\/#breadcrumb"},"inLanguage":"it-IT","potentialAction":[{"@type":"ReadAction","target":["https:\/\/progettotouring.it\/radiotouring104\/2026\/03\/12\/arghilla-rc-le-famiglie-del-comparto-6-scrivono-al-sindaco-battaglia\/"]}]},{"@type":"ImageObject","inLanguage":"it-IT","@id":"https:\/\/progettotouring.it\/radiotouring104\/2026\/03\/12\/arghilla-rc-le-famiglie-del-comparto-6-scrivono-al-sindaco-battaglia\/#primaryimage","url":"https:\/\/progettotouring.it\/radiotouring104\/wp-content\/uploads\/sites\/6\/2026\/03\/famiglie-comparto-6-arghilla.jpeg","contentUrl":"https:\/\/progettotouring.it\/radiotouring104\/wp-content\/uploads\/sites\/6\/2026\/03\/famiglie-comparto-6-arghilla.jpeg","width":1600,"height":899},{"@type":"BreadcrumbList","@id":"https:\/\/progettotouring.it\/radiotouring104\/2026\/03\/12\/arghilla-rc-le-famiglie-del-comparto-6-scrivono-al-sindaco-battaglia\/#breadcrumb","itemListElement":[{"@type":"ListItem","position":1,"name":"Home","item":"https:\/\/progettotouring.it\/radiotouring104\/"},{"@type":"ListItem","position":2,"name":"Arghill\u00e0 (RC): le famiglie del Comparto 6 scrivono al Sindaco Battaglia"}]},{"@type":"WebSite","@id":"https:\/\/progettotouring.it\/radiotouring104\/#website","url":"https:\/\/progettotouring.it\/radiotouring104\/","name":"Radio Touring 104","description":"La prima radio Reggina","publisher":{"@id":"https:\/\/progettotouring.it\/radiotouring104\/#organization"},"potentialAction":[{"@type":"SearchAction","target":{"@type":"EntryPoint","urlTemplate":"https:\/\/progettotouring.it\/radiotouring104\/?s={search_term_string}"},"query-input":{"@type":"PropertyValueSpecification","valueRequired":true,"valueName":"search_term_string"}}],"inLanguage":"it-IT"},{"@type":"Organization","@id":"https:\/\/progettotouring.it\/radiotouring104\/#organization","name":"Radio Touring 104","url":"https:\/\/progettotouring.it\/radiotouring104\/","logo":{"@type":"ImageObject","inLanguage":"it-IT","@id":"https:\/\/progettotouring.it\/radiotouring104\/#\/schema\/logo\/image\/","url":"https:\/\/progettotouring.it\/radiotouring104\/wp-content\/uploads\/sites\/6\/2022\/02\/cropped-logo-radio-touring-104.png","contentUrl":"https:\/\/progettotouring.it\/radiotouring104\/wp-content\/uploads\/sites\/6\/2022\/02\/cropped-logo-radio-touring-104.png","width":377,"height":182,"caption":"Radio Touring 104"},"image":{"@id":"https:\/\/progettotouring.it\/radiotouring104\/#\/schema\/logo\/image\/"}},{"@type":"Person","@id":"https:\/\/progettotouring.it\/radiotouring104\/#\/schema\/person\/1b3eb3c07c47136bc44c785c543e635f","name":"redazione","image":{"@type":"ImageObject","inLanguage":"it-IT","@id":"https:\/\/secure.gravatar.com\/avatar\/0b31605b49f100769e8b624b3e05de1b73e1692e9568a352f60f53fd072e6e11?s=96&d=mm&r=g","url":"https:\/\/secure.gravatar.com\/avatar\/0b31605b49f100769e8b624b3e05de1b73e1692e9568a352f60f53fd072e6e11?s=96&d=mm&r=g","contentUrl":"https:\/\/secure.gravatar.com\/avatar\/0b31605b49f100769e8b624b3e05de1b73e1692e9568a352f60f53fd072e6e11?s=96&d=mm&r=g","caption":"redazione"},"url":"https:\/\/progettotouring.it\/radiotouring104\/author\/redazione\/"}]}},"jetpack_publicize_connections":[],"jetpack_featured_media_url":"https:\/\/progettotouring.it\/radiotouring104\/wp-content\/uploads\/sites\/6\/2026\/03\/famiglie-comparto-6-arghilla.jpeg","jetpack_sharing_enabled":true,"_links":{"self":[{"href":"https:\/\/progettotouring.it\/radiotouring104\/wp-json\/wp\/v2\/posts\/91843","targetHints":{"allow":["GET"]}}],"collection":[{"href":"https:\/\/progettotouring.it\/radiotouring104\/wp-json\/wp\/v2\/posts"}],"about":[{"href":"https:\/\/progettotouring.it\/radiotouring104\/wp-json\/wp\/v2\/types\/post"}],"author":[{"embeddable":true,"href":"https:\/\/progettotouring.it\/radiotouring104\/wp-json\/wp\/v2\/users\/5"}],"replies":[{"embeddable":true,"href":"https:\/\/progettotouring.it\/radiotouring104\/wp-json\/wp\/v2\/comments?post=91843"}],"version-history":[{"count":1,"href":"https:\/\/progettotouring.it\/radiotouring104\/wp-json\/wp\/v2\/posts\/91843\/revisions"}],"predecessor-version":[{"id":91845,"href":"https:\/\/progettotouring.it\/radiotouring104\/wp-json\/wp\/v2\/posts\/91843\/revisions\/91845"}],"wp:featuredmedia":[{"embeddable":true,"href":"https:\/\/progettotouring.it\/radiotouring104\/wp-json\/wp\/v2\/media\/91844"}],"wp:attachment":[{"href":"https:\/\/progettotouring.it\/radiotouring104\/wp-json\/wp\/v2\/media?parent=91843"}],"wp:term":[{"taxonomy":"category","embeddable":true,"href":"https:\/\/progettotouring.it\/radiotouring104\/wp-json\/wp\/v2\/categories?post=91843"},{"taxonomy":"post_tag","embeddable":true,"href":"https:\/\/progettotouring.it\/radiotouring104\/wp-json\/wp\/v2\/tags?post=91843"}],"curies":[{"name":"wp","href":"https:\/\/api.w.org\/{rel}","templated":true}]}}