{"id":91846,"date":"2026-03-12T09:27:23","date_gmt":"2026-03-12T08:27:23","guid":{"rendered":"https:\/\/progettotouring.it\/radiotouring104\/?p=91846"},"modified":"2026-03-12T12:55:39","modified_gmt":"2026-03-12T11:55:39","slug":"porto-di-gioia-tauro-accolta-a-palazzo-campanella-una-delegazione-brasiliana-di-santa-catarina-per-lo-sviluppo-dello-scalo","status":"publish","type":"post","link":"https:\/\/progettotouring.it\/radiotouring104\/2026\/03\/12\/porto-di-gioia-tauro-accolta-a-palazzo-campanella-una-delegazione-brasiliana-di-santa-catarina-per-lo-sviluppo-dello-scalo\/","title":{"rendered":"Porto di Gioia Tauro: accolta a Palazzo Campanella una delegazione brasiliana di Santa Catarina per lo sviluppo dello scalo"},"content":{"rendered":"<div class=\"elementToProof\">Il presidente del Consiglio regionale della Calabria,\u00a0<b>Salvatore Cirillo<\/b>, ha accolto oggi a\u00a0<b>Palazzo Campanella<\/b>\u00a0la delegazione governativa della\u00a0<b>Regione di Santa Catarina<\/b>, in Brasile, in visita istituzionale in Calabria nell\u2019ambito di un percorso di dialogo e collaborazione finalizzato a rafforzare i rapporti, non solo economici e commerciali, ma anche culturali tra i due territori.<\/div>\n<div><\/div>\n<div class=\"elementToProof\">La delegazione era composta da\u00a0<b>Jo\u00e3o Paulo Tavares Bastos<\/b>, sovrintendente del\u00a0<b>Porto di Itaja\u00ed<\/b>, da\u00a0<b>Thiago Morastoni<\/b>, avvocato e assessore esecutivo del\u00a0<b>Porto di Itaja\u00ed<\/b>, e da\u00a0<b>Dayane Nunes<\/b>, responsabile dell\u2019<b>Ufficio Comunicazione del Porto di Itaja\u00ed<\/b>. Ad accompagnare la delegazione erano Veronica Salgado, avvocata che coordina la presenza istituzionale del gruppo brasiliano, e il professor Nicodemo Misiti. All\u2019incontro, al quale ha preso parte una rappresentanza dei sindaci della Piana di Gioia Tauro, \u00e8 intervenuto anche il consigliere regionale\u00a0<b>Domenico Giannetta<\/b>.<\/div>\n<div><\/div>\n<div class=\"elementToProof\">L\u2019incontro ha rappresentato un\u2019importante occasione per\u00a0<b>rinsaldare e concretizzare i rapporti istituzionali, economici e commerciali<\/b>\u00a0avviati in questi\u00a0giorni, con particolare attenzione alle prospettive di cooperazione tra il\u00a0<b>porto di Gioia Tauro<\/b>\u00a0e il\u00a0<b>porto di Itaja\u00ed<\/b>, due realt\u00e0 strategiche nei rispettivi contesti territoriali e logistici.<\/div>\n<div><\/div>\n<div class=\"elementToProof\">Nel corso del confronto, ospitato presso il Polo Culturale del Consiglio regionale, \u00e8 stata condivisa la volont\u00e0 di proseguire lungo un percorso comune capace di favorire\u00a0<b>scambi, relazioni e opportunit\u00e0 di sviluppo<\/b>, valorizzando il ruolo della Calabria nel Mediterraneo e quello di Santa Catarina nello scenario economico brasiliano.<\/div>\n<div><\/div>\n<div class=\"elementToProof\">\u00abAccogliere a Palazzo Campanella la delegazione della Regione di Santa Catarina \u2013 ha dichiarato il presidente del Consiglio regionale della Calabria,\u00a0<b>Salvatore Cirillo<\/b>\u00a0\u2013 significa confermare la volont\u00e0 della Calabria di aprirsi sempre di pi\u00f9 al dialogo internazionale e di costruire relazioni concrete, capaci di produrre sviluppo e nuove opportunit\u00e0 per il nostro territorio. Il confronto avviato in queste ore rappresenta un passaggio significativo per rafforzare il legame con una realt\u00e0 importante del Brasile e per valorizzare la centralit\u00e0 strategica del porto di Gioia Tauro\u00bb.<\/div>\n<div><\/div>\n<div class=\"elementToProof\">Il presidente Cirillo ha quindi ribadito l\u2019importanza di proseguire nel solco della collaborazione istituzionale, favorendo occasioni di confronto utili a trasformare i rapporti avviati in\u00a0<b>progetti e percorsi condivisi<\/b>.<\/div>\n<div><\/div>\n<div class=\"elementToProof\">(<i>foto stretta di mano: Il presidente del Consiglio regionale Salvatore Cirillo e Jo\u00e3o Paulo Tavares Bastos sovrintendente del Porto di Itaja\u00ed<\/i>)<\/div>\n","protected":false},"excerpt":{"rendered":"<p>Il presidente del Consiglio regionale della Calabria,\u00a0Salvatore Cirillo, ha accolto oggi a\u00a0Palazzo Campanella\u00a0la delegazione governativa della\u00a0Regione di Santa Catarina, in Brasile, in visita istituzionale in Calabria nell\u2019ambito di un percorso&hellip;<\/p>\n","protected":false},"author":5,"featured_media":91847,"comment_status":"closed","ping_status":"open","sticky":false,"template":"","format":"standard","meta":{"_jetpack_memberships_contains_paid_content":false,"footnotes":"","jetpack_publicize_message":"","jetpack_publicize_feature_enabled":true,"jetpack_social_post_already_shared":true,"jetpack_social_options":{"image_generator_settings":{"template":"highway","default_image_id":0,"font":"","enabled":false},"version":2}},"categories":[921,196,140],"tags":[51736,3538,988,51737],"class_list":["post-91846","post","type-post","status-publish","format-standard","has-post-thumbnail","hentry","category-home","category-news","category-reggio-calabria","tag-accolta-delegazione-brasiliana-di-santa-catarina","tag-palazzo-campanella","tag-porto-di-gioia-tauro","tag-sviluppo-scalo-reggino"],"yoast_head":"<!-- This site is optimized with the Yoast SEO plugin v27.2 - https:\/\/yoast.com\/product\/yoast-seo-wordpress\/ -->\n<title>Porto Gioia Tauro: accolta delegazione brasiliana di Santa Catarina<\/title>\n<meta name=\"description\" content=\"Una delegazione brasiliana di Santa Catarina ha incontrato, a Palazzo Campanella, il presidente Cirillo per l&#039;attivazione di nuove sinergie\" \/>\n<meta name=\"robots\" content=\"index, follow, max-snippet:-1, max-image-preview:large, max-video-preview:-1\" \/>\n<link rel=\"canonical\" href=\"https:\/\/progettotouring.it\/radiotouring104\/2026\/03\/12\/porto-di-gioia-tauro-accolta-a-palazzo-campanella-una-delegazione-brasiliana-di-santa-catarina-per-lo-sviluppo-dello-scalo\/\" \/>\n<meta property=\"og:locale\" content=\"it_IT\" \/>\n<meta property=\"og:type\" content=\"article\" \/>\n<meta property=\"og:title\" content=\"Porto Gioia Tauro: accolta delegazione brasiliana di Santa Catarina\" \/>\n<meta property=\"og:description\" content=\"Una delegazione brasiliana di Santa Catarina ha incontrato, a Palazzo Campanella, il presidente Cirillo per l&#039;attivazione di nuove sinergie\" \/>\n<meta property=\"og:url\" content=\"https:\/\/progettotouring.it\/radiotouring104\/2026\/03\/12\/porto-di-gioia-tauro-accolta-a-palazzo-campanella-una-delegazione-brasiliana-di-santa-catarina-per-lo-sviluppo-dello-scalo\/\" \/>\n<meta property=\"og:site_name\" content=\"Radio Touring 104\" \/>\n<meta property=\"article:published_time\" content=\"2026-03-12T08:27:23+00:00\" \/>\n<meta property=\"article:modified_time\" content=\"2026-03-12T11:55:39+00:00\" \/>\n<meta property=\"og:image\" content=\"https:\/\/progettotouring.it\/radiotouring104\/wp-content\/uploads\/sites\/6\/2026\/03\/Incontro-delegazione-brasilana-Santa-Catarina-Palazzo-Campanella.jpeg\" \/>\n\t<meta property=\"og:image:width\" content=\"1600\" \/>\n\t<meta property=\"og:image:height\" content=\"900\" \/>\n\t<meta property=\"og:image:type\" content=\"image\/jpeg\" \/>\n<meta name=\"author\" content=\"redazione\" \/>\n<meta name=\"twitter:card\" content=\"summary_large_image\" \/>\n<meta name=\"twitter:label1\" content=\"Scritto da\" \/>\n\t<meta name=\"twitter:data1\" content=\"redazione\" \/>\n\t<meta name=\"twitter:label2\" content=\"Tempo di lettura stimato\" \/>\n\t<meta name=\"twitter:data2\" content=\"2 minuti\" \/>\n<script type=\"application\/ld+json\" class=\"yoast-schema-graph\">{\"@context\":\"https:\/\/schema.org\",\"@graph\":[{\"@type\":\"Article\",\"@id\":\"https:\/\/progettotouring.it\/radiotouring104\/2026\/03\/12\/porto-di-gioia-tauro-accolta-a-palazzo-campanella-una-delegazione-brasiliana-di-santa-catarina-per-lo-sviluppo-dello-scalo\/#article\",\"isPartOf\":{\"@id\":\"https:\/\/progettotouring.it\/radiotouring104\/2026\/03\/12\/porto-di-gioia-tauro-accolta-a-palazzo-campanella-una-delegazione-brasiliana-di-santa-catarina-per-lo-sviluppo-dello-scalo\/\"},\"author\":{\"name\":\"redazione\",\"@id\":\"https:\/\/progettotouring.it\/radiotouring104\/#\/schema\/person\/1b3eb3c07c47136bc44c785c543e635f\"},\"headline\":\"Porto di Gioia Tauro: accolta a Palazzo Campanella una delegazione brasiliana di Santa Catarina per lo sviluppo dello scalo\",\"datePublished\":\"2026-03-12T08:27:23+00:00\",\"dateModified\":\"2026-03-12T11:55:39+00:00\",\"mainEntityOfPage\":{\"@id\":\"https:\/\/progettotouring.it\/radiotouring104\/2026\/03\/12\/porto-di-gioia-tauro-accolta-a-palazzo-campanella-una-delegazione-brasiliana-di-santa-catarina-per-lo-sviluppo-dello-scalo\/\"},\"wordCount\":387,\"publisher\":{\"@id\":\"https:\/\/progettotouring.it\/radiotouring104\/#organization\"},\"image\":{\"@id\":\"https:\/\/progettotouring.it\/radiotouring104\/2026\/03\/12\/porto-di-gioia-tauro-accolta-a-palazzo-campanella-una-delegazione-brasiliana-di-santa-catarina-per-lo-sviluppo-dello-scalo\/#primaryimage\"},\"thumbnailUrl\":\"https:\/\/progettotouring.it\/radiotouring104\/wp-content\/uploads\/sites\/6\/2026\/03\/Incontro-delegazione-brasilana-Santa-Catarina-Palazzo-Campanella.jpeg\",\"keywords\":[\"accolta delegazione brasiliana di Santa Catarina\",\"palazzo campanella\",\"porto di Gioia Tauro\",\"sviluppo scalo reggino\"],\"articleSection\":[\"Home\",\"News\",\"Reggio Calabria\"],\"inLanguage\":\"it-IT\"},{\"@type\":\"WebPage\",\"@id\":\"https:\/\/progettotouring.it\/radiotouring104\/2026\/03\/12\/porto-di-gioia-tauro-accolta-a-palazzo-campanella-una-delegazione-brasiliana-di-santa-catarina-per-lo-sviluppo-dello-scalo\/\",\"url\":\"https:\/\/progettotouring.it\/radiotouring104\/2026\/03\/12\/porto-di-gioia-tauro-accolta-a-palazzo-campanella-una-delegazione-brasiliana-di-santa-catarina-per-lo-sviluppo-dello-scalo\/\",\"name\":\"Porto Gioia Tauro: accolta delegazione brasiliana di Santa Catarina\",\"isPartOf\":{\"@id\":\"https:\/\/progettotouring.it\/radiotouring104\/#website\"},\"primaryImageOfPage\":{\"@id\":\"https:\/\/progettotouring.it\/radiotouring104\/2026\/03\/12\/porto-di-gioia-tauro-accolta-a-palazzo-campanella-una-delegazione-brasiliana-di-santa-catarina-per-lo-sviluppo-dello-scalo\/#primaryimage\"},\"image\":{\"@id\":\"https:\/\/progettotouring.it\/radiotouring104\/2026\/03\/12\/porto-di-gioia-tauro-accolta-a-palazzo-campanella-una-delegazione-brasiliana-di-santa-catarina-per-lo-sviluppo-dello-scalo\/#primaryimage\"},\"thumbnailUrl\":\"https:\/\/progettotouring.it\/radiotouring104\/wp-content\/uploads\/sites\/6\/2026\/03\/Incontro-delegazione-brasilana-Santa-Catarina-Palazzo-Campanella.jpeg\",\"datePublished\":\"2026-03-12T08:27:23+00:00\",\"dateModified\":\"2026-03-12T11:55:39+00:00\",\"description\":\"Una delegazione brasiliana di Santa Catarina ha incontrato, a Palazzo Campanella, il presidente Cirillo per l'attivazione di nuove sinergie\",\"breadcrumb\":{\"@id\":\"https:\/\/progettotouring.it\/radiotouring104\/2026\/03\/12\/porto-di-gioia-tauro-accolta-a-palazzo-campanella-una-delegazione-brasiliana-di-santa-catarina-per-lo-sviluppo-dello-scalo\/#breadcrumb\"},\"inLanguage\":\"it-IT\",\"potentialAction\":[{\"@type\":\"ReadAction\",\"target\":[\"https:\/\/progettotouring.it\/radiotouring104\/2026\/03\/12\/porto-di-gioia-tauro-accolta-a-palazzo-campanella-una-delegazione-brasiliana-di-santa-catarina-per-lo-sviluppo-dello-scalo\/\"]}]},{\"@type\":\"ImageObject\",\"inLanguage\":\"it-IT\",\"@id\":\"https:\/\/progettotouring.it\/radiotouring104\/2026\/03\/12\/porto-di-gioia-tauro-accolta-a-palazzo-campanella-una-delegazione-brasiliana-di-santa-catarina-per-lo-sviluppo-dello-scalo\/#primaryimage\",\"url\":\"https:\/\/progettotouring.it\/radiotouring104\/wp-content\/uploads\/sites\/6\/2026\/03\/Incontro-delegazione-brasilana-Santa-Catarina-Palazzo-Campanella.jpeg\",\"contentUrl\":\"https:\/\/progettotouring.it\/radiotouring104\/wp-content\/uploads\/sites\/6\/2026\/03\/Incontro-delegazione-brasilana-Santa-Catarina-Palazzo-Campanella.jpeg\",\"width\":1600,\"height\":900},{\"@type\":\"BreadcrumbList\",\"@id\":\"https:\/\/progettotouring.it\/radiotouring104\/2026\/03\/12\/porto-di-gioia-tauro-accolta-a-palazzo-campanella-una-delegazione-brasiliana-di-santa-catarina-per-lo-sviluppo-dello-scalo\/#breadcrumb\",\"itemListElement\":[{\"@type\":\"ListItem\",\"position\":1,\"name\":\"Home\",\"item\":\"https:\/\/progettotouring.it\/radiotouring104\/\"},{\"@type\":\"ListItem\",\"position\":2,\"name\":\"Porto di Gioia Tauro: accolta a Palazzo Campanella una delegazione brasiliana di Santa Catarina per lo sviluppo dello scalo\"}]},{\"@type\":\"WebSite\",\"@id\":\"https:\/\/progettotouring.it\/radiotouring104\/#website\",\"url\":\"https:\/\/progettotouring.it\/radiotouring104\/\",\"name\":\"Radio Touring 104\",\"description\":\"La prima radio Reggina\",\"publisher\":{\"@id\":\"https:\/\/progettotouring.it\/radiotouring104\/#organization\"},\"potentialAction\":[{\"@type\":\"SearchAction\",\"target\":{\"@type\":\"EntryPoint\",\"urlTemplate\":\"https:\/\/progettotouring.it\/radiotouring104\/?s={search_term_string}\"},\"query-input\":{\"@type\":\"PropertyValueSpecification\",\"valueRequired\":true,\"valueName\":\"search_term_string\"}}],\"inLanguage\":\"it-IT\"},{\"@type\":\"Organization\",\"@id\":\"https:\/\/progettotouring.it\/radiotouring104\/#organization\",\"name\":\"Radio Touring 104\",\"url\":\"https:\/\/progettotouring.it\/radiotouring104\/\",\"logo\":{\"@type\":\"ImageObject\",\"inLanguage\":\"it-IT\",\"@id\":\"https:\/\/progettotouring.it\/radiotouring104\/#\/schema\/logo\/image\/\",\"url\":\"https:\/\/progettotouring.it\/radiotouring104\/wp-content\/uploads\/sites\/6\/2022\/02\/cropped-logo-radio-touring-104.png\",\"contentUrl\":\"https:\/\/progettotouring.it\/radiotouring104\/wp-content\/uploads\/sites\/6\/2022\/02\/cropped-logo-radio-touring-104.png\",\"width\":377,\"height\":182,\"caption\":\"Radio Touring 104\"},\"image\":{\"@id\":\"https:\/\/progettotouring.it\/radiotouring104\/#\/schema\/logo\/image\/\"}},{\"@type\":\"Person\",\"@id\":\"https:\/\/progettotouring.it\/radiotouring104\/#\/schema\/person\/1b3eb3c07c47136bc44c785c543e635f\",\"name\":\"redazione\",\"image\":{\"@type\":\"ImageObject\",\"inLanguage\":\"it-IT\",\"@id\":\"https:\/\/secure.gravatar.com\/avatar\/0b31605b49f100769e8b624b3e05de1b73e1692e9568a352f60f53fd072e6e11?s=96&d=mm&r=g\",\"url\":\"https:\/\/secure.gravatar.com\/avatar\/0b31605b49f100769e8b624b3e05de1b73e1692e9568a352f60f53fd072e6e11?s=96&d=mm&r=g\",\"contentUrl\":\"https:\/\/secure.gravatar.com\/avatar\/0b31605b49f100769e8b624b3e05de1b73e1692e9568a352f60f53fd072e6e11?s=96&d=mm&r=g\",\"caption\":\"redazione\"},\"url\":\"https:\/\/progettotouring.it\/radiotouring104\/author\/redazione\/\"}]}<\/script>\n<!-- \/ Yoast SEO plugin. -->","yoast_head_json":{"title":"Porto Gioia Tauro: accolta delegazione brasiliana di Santa Catarina","description":"Una delegazione brasiliana di Santa Catarina ha incontrato, a Palazzo Campanella, il presidente Cirillo per l'attivazione di nuove sinergie","robots":{"index":"index","follow":"follow","max-snippet":"max-snippet:-1","max-image-preview":"max-image-preview:large","max-video-preview":"max-video-preview:-1"},"canonical":"https:\/\/progettotouring.it\/radiotouring104\/2026\/03\/12\/porto-di-gioia-tauro-accolta-a-palazzo-campanella-una-delegazione-brasiliana-di-santa-catarina-per-lo-sviluppo-dello-scalo\/","og_locale":"it_IT","og_type":"article","og_title":"Porto Gioia Tauro: accolta delegazione brasiliana di Santa Catarina","og_description":"Una delegazione brasiliana di Santa Catarina ha incontrato, a Palazzo Campanella, il presidente Cirillo per l'attivazione di nuove sinergie","og_url":"https:\/\/progettotouring.it\/radiotouring104\/2026\/03\/12\/porto-di-gioia-tauro-accolta-a-palazzo-campanella-una-delegazione-brasiliana-di-santa-catarina-per-lo-sviluppo-dello-scalo\/","og_site_name":"Radio Touring 104","article_published_time":"2026-03-12T08:27:23+00:00","article_modified_time":"2026-03-12T11:55:39+00:00","og_image":[{"width":1600,"height":900,"url":"https:\/\/progettotouring.it\/radiotouring104\/wp-content\/uploads\/sites\/6\/2026\/03\/Incontro-delegazione-brasilana-Santa-Catarina-Palazzo-Campanella.jpeg","type":"image\/jpeg"}],"author":"redazione","twitter_card":"summary_large_image","twitter_misc":{"Scritto da":"redazione","Tempo di lettura stimato":"2 minuti"},"schema":{"@context":"https:\/\/schema.org","@graph":[{"@type":"Article","@id":"https:\/\/progettotouring.it\/radiotouring104\/2026\/03\/12\/porto-di-gioia-tauro-accolta-a-palazzo-campanella-una-delegazione-brasiliana-di-santa-catarina-per-lo-sviluppo-dello-scalo\/#article","isPartOf":{"@id":"https:\/\/progettotouring.it\/radiotouring104\/2026\/03\/12\/porto-di-gioia-tauro-accolta-a-palazzo-campanella-una-delegazione-brasiliana-di-santa-catarina-per-lo-sviluppo-dello-scalo\/"},"author":{"name":"redazione","@id":"https:\/\/progettotouring.it\/radiotouring104\/#\/schema\/person\/1b3eb3c07c47136bc44c785c543e635f"},"headline":"Porto di Gioia Tauro: accolta a Palazzo Campanella una delegazione brasiliana di Santa Catarina per lo sviluppo dello scalo","datePublished":"2026-03-12T08:27:23+00:00","dateModified":"2026-03-12T11:55:39+00:00","mainEntityOfPage":{"@id":"https:\/\/progettotouring.it\/radiotouring104\/2026\/03\/12\/porto-di-gioia-tauro-accolta-a-palazzo-campanella-una-delegazione-brasiliana-di-santa-catarina-per-lo-sviluppo-dello-scalo\/"},"wordCount":387,"publisher":{"@id":"https:\/\/progettotouring.it\/radiotouring104\/#organization"},"image":{"@id":"https:\/\/progettotouring.it\/radiotouring104\/2026\/03\/12\/porto-di-gioia-tauro-accolta-a-palazzo-campanella-una-delegazione-brasiliana-di-santa-catarina-per-lo-sviluppo-dello-scalo\/#primaryimage"},"thumbnailUrl":"https:\/\/progettotouring.it\/radiotouring104\/wp-content\/uploads\/sites\/6\/2026\/03\/Incontro-delegazione-brasilana-Santa-Catarina-Palazzo-Campanella.jpeg","keywords":["accolta delegazione brasiliana di Santa Catarina","palazzo campanella","porto di Gioia Tauro","sviluppo scalo reggino"],"articleSection":["Home","News","Reggio Calabria"],"inLanguage":"it-IT"},{"@type":"WebPage","@id":"https:\/\/progettotouring.it\/radiotouring104\/2026\/03\/12\/porto-di-gioia-tauro-accolta-a-palazzo-campanella-una-delegazione-brasiliana-di-santa-catarina-per-lo-sviluppo-dello-scalo\/","url":"https:\/\/progettotouring.it\/radiotouring104\/2026\/03\/12\/porto-di-gioia-tauro-accolta-a-palazzo-campanella-una-delegazione-brasiliana-di-santa-catarina-per-lo-sviluppo-dello-scalo\/","name":"Porto Gioia Tauro: accolta delegazione brasiliana di Santa Catarina","isPartOf":{"@id":"https:\/\/progettotouring.it\/radiotouring104\/#website"},"primaryImageOfPage":{"@id":"https:\/\/progettotouring.it\/radiotouring104\/2026\/03\/12\/porto-di-gioia-tauro-accolta-a-palazzo-campanella-una-delegazione-brasiliana-di-santa-catarina-per-lo-sviluppo-dello-scalo\/#primaryimage"},"image":{"@id":"https:\/\/progettotouring.it\/radiotouring104\/2026\/03\/12\/porto-di-gioia-tauro-accolta-a-palazzo-campanella-una-delegazione-brasiliana-di-santa-catarina-per-lo-sviluppo-dello-scalo\/#primaryimage"},"thumbnailUrl":"https:\/\/progettotouring.it\/radiotouring104\/wp-content\/uploads\/sites\/6\/2026\/03\/Incontro-delegazione-brasilana-Santa-Catarina-Palazzo-Campanella.jpeg","datePublished":"2026-03-12T08:27:23+00:00","dateModified":"2026-03-12T11:55:39+00:00","description":"Una delegazione brasiliana di Santa Catarina ha incontrato, a Palazzo Campanella, il presidente Cirillo per l'attivazione di nuove sinergie","breadcrumb":{"@id":"https:\/\/progettotouring.it\/radiotouring104\/2026\/03\/12\/porto-di-gioia-tauro-accolta-a-palazzo-campanella-una-delegazione-brasiliana-di-santa-catarina-per-lo-sviluppo-dello-scalo\/#breadcrumb"},"inLanguage":"it-IT","potentialAction":[{"@type":"ReadAction","target":["https:\/\/progettotouring.it\/radiotouring104\/2026\/03\/12\/porto-di-gioia-tauro-accolta-a-palazzo-campanella-una-delegazione-brasiliana-di-santa-catarina-per-lo-sviluppo-dello-scalo\/"]}]},{"@type":"ImageObject","inLanguage":"it-IT","@id":"https:\/\/progettotouring.it\/radiotouring104\/2026\/03\/12\/porto-di-gioia-tauro-accolta-a-palazzo-campanella-una-delegazione-brasiliana-di-santa-catarina-per-lo-sviluppo-dello-scalo\/#primaryimage","url":"https:\/\/progettotouring.it\/radiotouring104\/wp-content\/uploads\/sites\/6\/2026\/03\/Incontro-delegazione-brasilana-Santa-Catarina-Palazzo-Campanella.jpeg","contentUrl":"https:\/\/progettotouring.it\/radiotouring104\/wp-content\/uploads\/sites\/6\/2026\/03\/Incontro-delegazione-brasilana-Santa-Catarina-Palazzo-Campanella.jpeg","width":1600,"height":900},{"@type":"BreadcrumbList","@id":"https:\/\/progettotouring.it\/radiotouring104\/2026\/03\/12\/porto-di-gioia-tauro-accolta-a-palazzo-campanella-una-delegazione-brasiliana-di-santa-catarina-per-lo-sviluppo-dello-scalo\/#breadcrumb","itemListElement":[{"@type":"ListItem","position":1,"name":"Home","item":"https:\/\/progettotouring.it\/radiotouring104\/"},{"@type":"ListItem","position":2,"name":"Porto di Gioia Tauro: accolta a Palazzo Campanella una delegazione brasiliana di Santa Catarina per lo sviluppo dello scalo"}]},{"@type":"WebSite","@id":"https:\/\/progettotouring.it\/radiotouring104\/#website","url":"https:\/\/progettotouring.it\/radiotouring104\/","name":"Radio Touring 104","description":"La prima radio Reggina","publisher":{"@id":"https:\/\/progettotouring.it\/radiotouring104\/#organization"},"potentialAction":[{"@type":"SearchAction","target":{"@type":"EntryPoint","urlTemplate":"https:\/\/progettotouring.it\/radiotouring104\/?s={search_term_string}"},"query-input":{"@type":"PropertyValueSpecification","valueRequired":true,"valueName":"search_term_string"}}],"inLanguage":"it-IT"},{"@type":"Organization","@id":"https:\/\/progettotouring.it\/radiotouring104\/#organization","name":"Radio Touring 104","url":"https:\/\/progettotouring.it\/radiotouring104\/","logo":{"@type":"ImageObject","inLanguage":"it-IT","@id":"https:\/\/progettotouring.it\/radiotouring104\/#\/schema\/logo\/image\/","url":"https:\/\/progettotouring.it\/radiotouring104\/wp-content\/uploads\/sites\/6\/2022\/02\/cropped-logo-radio-touring-104.png","contentUrl":"https:\/\/progettotouring.it\/radiotouring104\/wp-content\/uploads\/sites\/6\/2022\/02\/cropped-logo-radio-touring-104.png","width":377,"height":182,"caption":"Radio Touring 104"},"image":{"@id":"https:\/\/progettotouring.it\/radiotouring104\/#\/schema\/logo\/image\/"}},{"@type":"Person","@id":"https:\/\/progettotouring.it\/radiotouring104\/#\/schema\/person\/1b3eb3c07c47136bc44c785c543e635f","name":"redazione","image":{"@type":"ImageObject","inLanguage":"it-IT","@id":"https:\/\/secure.gravatar.com\/avatar\/0b31605b49f100769e8b624b3e05de1b73e1692e9568a352f60f53fd072e6e11?s=96&d=mm&r=g","url":"https:\/\/secure.gravatar.com\/avatar\/0b31605b49f100769e8b624b3e05de1b73e1692e9568a352f60f53fd072e6e11?s=96&d=mm&r=g","contentUrl":"https:\/\/secure.gravatar.com\/avatar\/0b31605b49f100769e8b624b3e05de1b73e1692e9568a352f60f53fd072e6e11?s=96&d=mm&r=g","caption":"redazione"},"url":"https:\/\/progettotouring.it\/radiotouring104\/author\/redazione\/"}]}},"jetpack_publicize_connections":[],"jetpack_featured_media_url":"https:\/\/progettotouring.it\/radiotouring104\/wp-content\/uploads\/sites\/6\/2026\/03\/Incontro-delegazione-brasilana-Santa-Catarina-Palazzo-Campanella.jpeg","jetpack_sharing_enabled":true,"_links":{"self":[{"href":"https:\/\/progettotouring.it\/radiotouring104\/wp-json\/wp\/v2\/posts\/91846","targetHints":{"allow":["GET"]}}],"collection":[{"href":"https:\/\/progettotouring.it\/radiotouring104\/wp-json\/wp\/v2\/posts"}],"about":[{"href":"https:\/\/progettotouring.it\/radiotouring104\/wp-json\/wp\/v2\/types\/post"}],"author":[{"embeddable":true,"href":"https:\/\/progettotouring.it\/radiotouring104\/wp-json\/wp\/v2\/users\/5"}],"replies":[{"embeddable":true,"href":"https:\/\/progettotouring.it\/radiotouring104\/wp-json\/wp\/v2\/comments?post=91846"}],"version-history":[{"count":1,"href":"https:\/\/progettotouring.it\/radiotouring104\/wp-json\/wp\/v2\/posts\/91846\/revisions"}],"predecessor-version":[{"id":91848,"href":"https:\/\/progettotouring.it\/radiotouring104\/wp-json\/wp\/v2\/posts\/91846\/revisions\/91848"}],"wp:featuredmedia":[{"embeddable":true,"href":"https:\/\/progettotouring.it\/radiotouring104\/wp-json\/wp\/v2\/media\/91847"}],"wp:attachment":[{"href":"https:\/\/progettotouring.it\/radiotouring104\/wp-json\/wp\/v2\/media?parent=91846"}],"wp:term":[{"taxonomy":"category","embeddable":true,"href":"https:\/\/progettotouring.it\/radiotouring104\/wp-json\/wp\/v2\/categories?post=91846"},{"taxonomy":"post_tag","embeddable":true,"href":"https:\/\/progettotouring.it\/radiotouring104\/wp-json\/wp\/v2\/tags?post=91846"}],"curies":[{"name":"wp","href":"https:\/\/api.w.org\/{rel}","templated":true}]}}