{"id":91849,"date":"2026-03-12T09:36:19","date_gmt":"2026-03-12T08:36:19","guid":{"rendered":"https:\/\/progettotouring.it\/radiotouring104\/?p=91849"},"modified":"2026-03-12T12:55:33","modified_gmt":"2026-03-12T11:55:33","slug":"polistena-conia-partecipera-alla-fiaccolata-per-la-sanita-pubblica","status":"publish","type":"post","link":"https:\/\/progettotouring.it\/radiotouring104\/2026\/03\/12\/polistena-conia-partecipera-alla-fiaccolata-per-la-sanita-pubblica\/","title":{"rendered":"Polistena: Conia parteciper\u00e0 alla fiaccolata per la Sanit\u00e0 Pubblica"},"content":{"rendered":"<p>\u00abLa situazione della sanit\u00e0 in Calabria e, soprattutto, nella Piana di Gioia Tauro \u00e8 ormai oltre ogni limite di sopportazione. Per questo sar\u00f2 in piazza, sabato prossimo a Polistena, al fianco dei cittadini e delle cittadine del Comitato spontaneo a tutela della salute\u00bb. E\u2019 quanto afferma Michele Conia, consigliere metropolitano delegato alla Sanit\u00e0, che, in una nota stampa, spiega i motivi che lo vedranno, sabato prossimo, alla Fiaccolata a difesa della Sanit\u00e0 pubblica. \u00abDa anni &#8211; sostiene &#8211; cittadini, operatori sanitari e amministratori locali denunciano una condizione che definire critica \u00e8 ormai riduttivo. Il diritto alla salute viene quotidianamente messo in discussione da carenze strutturali, reparti sotto organico, servizi ridotti e tempi di attesa incompatibili con le esigenze delle persone\u00bb.<\/p>\n<p>Conia, nella sua disamina, affronta le gravi difficolt\u00e0 dell\u2019ospedale di Polistena, presidio fondamentale per l\u2019intero territorio: \u00abPolistena rappresenta un punto di riferimento imprescindibile per la Piana, ma medici, infermieri e personale sanitario sono costretti a lavorare in condizioni estremamente difficili con organici insufficienti e reparti sotto pressione costante. Nonostante la straordinaria professionalit\u00e0 degli operatori, il sistema viene lasciato senza il necessario supporto\u00bb.<br \/>\nL\u2019attenzione del consigliere metropolitano si sposta, quindi, sul tema del nuovo Ospedale della Piana di Palmi: \u00abE\u2019 diventato, ormai, una pantomima da campagna elettorale. Si sono sprecati proclami, promesse, conferenze stampa, video su un presunto cantiere in movimento che, di fatto, non esiste. Esistono, invece, cittadini che continuano a vedere calpestati i propri diritti. La sanit\u00e0 non pu\u00f2 essere utilizzata come terreno di consenso politico\u00bb.<\/p>\n<p>L\u2019affondo \u00e8, dunque, per la Regione ed il Supercommissario Roberto Occhiuto: \u00abChi oggi governa la sanit\u00e0 calabrese non pu\u00f2 continuare a scaricare responsabilit\u00e0 o limitarsi alla comunicazione spicciola e patinata via social. Il Governatore e Supercommissario Roberto Occhiuto ha concentrati su di s\u00e9 poteri straordinari e deve assumersi la piena responsabilit\u00e0 dei propri fallimenti e di risultati del tutto insufficienti\u00bb.<\/p>\n<p>Michele Conia sottolinea, per questo, l\u2019importanza della Fiaccolata a difesa della Sanit\u00e0 pubblica organizzata dal Comitato spontaneo: \u00abQuesta mobilitazione rappresenta una risposta civile e necessaria. Difendere la sanit\u00e0 pubblica significa difendere un diritto fondamentale dei cittadini ed \u00e8 giusto che la comunit\u00e0 faccia sentire la propria voce\u00bb.<\/p>\n<p>\u00abSabato sar\u00f2 presente al fianco di quanti chiedono una Sanit\u00e0 pubblica di tutti e per tutti &#8211; conclude il consigliere Conia &#8211; perch\u00e9 la difesa della Salute pubblica non \u00e8 una battaglia di parte, ma una questione di dignit\u00e0 e di diritti\u00bb.<\/p>\n","protected":false},"excerpt":{"rendered":"<p>\u00abLa situazione della sanit\u00e0 in Calabria e, soprattutto, nella Piana di Gioia Tauro \u00e8 ormai oltre ogni limite di sopportazione. Per questo sar\u00f2 in piazza, sabato prossimo a Polistena, al&hellip;<\/p>\n","protected":false},"author":5,"featured_media":91850,"comment_status":"closed","ping_status":"open","sticky":false,"template":"","format":"standard","meta":{"_jetpack_memberships_contains_paid_content":false,"footnotes":"","jetpack_publicize_message":"","jetpack_publicize_feature_enabled":true,"jetpack_social_post_already_shared":true,"jetpack_social_options":{"image_generator_settings":{"template":"highway","default_image_id":0,"font":"","enabled":false},"version":2}},"categories":[921,196,140],"tags":[51738,230,2446,464,37866,828,47993],"class_list":["post-91849","post","type-post","status-publish","format-standard","has-post-thumbnail","hentry","category-home","category-news","category-reggio-calabria","tag-fiaccolata","tag-michele-conia","tag-ospedale-della-piana","tag-palmi","tag-partecipazione","tag-polistena","tag-sanita-pubblica"],"yoast_head":"<!-- This site is optimized with the Yoast SEO plugin v27.2 - https:\/\/yoast.com\/product\/yoast-seo-wordpress\/ -->\n<title>Polistena: Conia parteciper\u00e0 alla fiaccolata per la Sanit\u00e0 Pubblica<\/title>\n<meta name=\"description\" content=\"\u00abSituazione oltre ogni limite di sopportazione. In piazza contro le promesse su Polistena e le pantomime su Palmi&quot;, dichiara il Consigliere\" \/>\n<meta name=\"robots\" content=\"index, follow, max-snippet:-1, max-image-preview:large, max-video-preview:-1\" \/>\n<link rel=\"canonical\" href=\"https:\/\/progettotouring.it\/radiotouring104\/2026\/03\/12\/polistena-conia-partecipera-alla-fiaccolata-per-la-sanita-pubblica\/\" \/>\n<meta property=\"og:locale\" content=\"it_IT\" \/>\n<meta property=\"og:type\" content=\"article\" \/>\n<meta property=\"og:title\" content=\"Polistena: Conia parteciper\u00e0 alla fiaccolata per la Sanit\u00e0 Pubblica\" \/>\n<meta property=\"og:description\" content=\"\u00abSituazione oltre ogni limite di sopportazione. In piazza contro le promesse su Polistena e le pantomime su Palmi&quot;, dichiara il Consigliere\" \/>\n<meta property=\"og:url\" content=\"https:\/\/progettotouring.it\/radiotouring104\/2026\/03\/12\/polistena-conia-partecipera-alla-fiaccolata-per-la-sanita-pubblica\/\" \/>\n<meta property=\"og:site_name\" content=\"Radio Touring 104\" \/>\n<meta property=\"article:published_time\" content=\"2026-03-12T08:36:19+00:00\" \/>\n<meta property=\"article:modified_time\" content=\"2026-03-12T11:55:33+00:00\" \/>\n<meta property=\"og:image\" content=\"https:\/\/progettotouring.it\/radiotouring104\/wp-content\/uploads\/sites\/6\/2026\/03\/FIACCOLATA-Polistena-ospedale-della-Piana.jpeg\" \/>\n\t<meta property=\"og:image:width\" content=\"1119\" \/>\n\t<meta property=\"og:image:height\" content=\"1600\" \/>\n\t<meta property=\"og:image:type\" content=\"image\/jpeg\" \/>\n<meta name=\"author\" content=\"redazione\" \/>\n<meta name=\"twitter:card\" content=\"summary_large_image\" \/>\n<meta name=\"twitter:label1\" content=\"Scritto da\" \/>\n\t<meta name=\"twitter:data1\" content=\"redazione\" \/>\n\t<meta name=\"twitter:label2\" content=\"Tempo di lettura stimato\" \/>\n\t<meta name=\"twitter:data2\" content=\"2 minuti\" \/>\n<script type=\"application\/ld+json\" class=\"yoast-schema-graph\">{\"@context\":\"https:\/\/schema.org\",\"@graph\":[{\"@type\":\"Article\",\"@id\":\"https:\/\/progettotouring.it\/radiotouring104\/2026\/03\/12\/polistena-conia-partecipera-alla-fiaccolata-per-la-sanita-pubblica\/#article\",\"isPartOf\":{\"@id\":\"https:\/\/progettotouring.it\/radiotouring104\/2026\/03\/12\/polistena-conia-partecipera-alla-fiaccolata-per-la-sanita-pubblica\/\"},\"author\":{\"name\":\"redazione\",\"@id\":\"https:\/\/progettotouring.it\/radiotouring104\/#\/schema\/person\/1b3eb3c07c47136bc44c785c543e635f\"},\"headline\":\"Polistena: Conia parteciper\u00e0 alla fiaccolata per la Sanit\u00e0 Pubblica\",\"datePublished\":\"2026-03-12T08:36:19+00:00\",\"dateModified\":\"2026-03-12T11:55:33+00:00\",\"mainEntityOfPage\":{\"@id\":\"https:\/\/progettotouring.it\/radiotouring104\/2026\/03\/12\/polistena-conia-partecipera-alla-fiaccolata-per-la-sanita-pubblica\/\"},\"wordCount\":405,\"publisher\":{\"@id\":\"https:\/\/progettotouring.it\/radiotouring104\/#organization\"},\"image\":{\"@id\":\"https:\/\/progettotouring.it\/radiotouring104\/2026\/03\/12\/polistena-conia-partecipera-alla-fiaccolata-per-la-sanita-pubblica\/#primaryimage\"},\"thumbnailUrl\":\"https:\/\/progettotouring.it\/radiotouring104\/wp-content\/uploads\/sites\/6\/2026\/03\/FIACCOLATA-Polistena-ospedale-della-Piana.jpeg\",\"keywords\":[\"fiaccolata\",\"michele conia\",\"ospedale della piana\",\"Palmi\",\"partecipazione\",\"Polistena\",\"Sanit\u00e0 Pubblica\"],\"articleSection\":[\"Home\",\"News\",\"Reggio Calabria\"],\"inLanguage\":\"it-IT\"},{\"@type\":\"WebPage\",\"@id\":\"https:\/\/progettotouring.it\/radiotouring104\/2026\/03\/12\/polistena-conia-partecipera-alla-fiaccolata-per-la-sanita-pubblica\/\",\"url\":\"https:\/\/progettotouring.it\/radiotouring104\/2026\/03\/12\/polistena-conia-partecipera-alla-fiaccolata-per-la-sanita-pubblica\/\",\"name\":\"Polistena: Conia parteciper\u00e0 alla fiaccolata per la Sanit\u00e0 Pubblica\",\"isPartOf\":{\"@id\":\"https:\/\/progettotouring.it\/radiotouring104\/#website\"},\"primaryImageOfPage\":{\"@id\":\"https:\/\/progettotouring.it\/radiotouring104\/2026\/03\/12\/polistena-conia-partecipera-alla-fiaccolata-per-la-sanita-pubblica\/#primaryimage\"},\"image\":{\"@id\":\"https:\/\/progettotouring.it\/radiotouring104\/2026\/03\/12\/polistena-conia-partecipera-alla-fiaccolata-per-la-sanita-pubblica\/#primaryimage\"},\"thumbnailUrl\":\"https:\/\/progettotouring.it\/radiotouring104\/wp-content\/uploads\/sites\/6\/2026\/03\/FIACCOLATA-Polistena-ospedale-della-Piana.jpeg\",\"datePublished\":\"2026-03-12T08:36:19+00:00\",\"dateModified\":\"2026-03-12T11:55:33+00:00\",\"description\":\"\u00abSituazione oltre ogni limite di sopportazione. In piazza contro le promesse su Polistena e le pantomime su Palmi\\\", dichiara il Consigliere\",\"breadcrumb\":{\"@id\":\"https:\/\/progettotouring.it\/radiotouring104\/2026\/03\/12\/polistena-conia-partecipera-alla-fiaccolata-per-la-sanita-pubblica\/#breadcrumb\"},\"inLanguage\":\"it-IT\",\"potentialAction\":[{\"@type\":\"ReadAction\",\"target\":[\"https:\/\/progettotouring.it\/radiotouring104\/2026\/03\/12\/polistena-conia-partecipera-alla-fiaccolata-per-la-sanita-pubblica\/\"]}]},{\"@type\":\"ImageObject\",\"inLanguage\":\"it-IT\",\"@id\":\"https:\/\/progettotouring.it\/radiotouring104\/2026\/03\/12\/polistena-conia-partecipera-alla-fiaccolata-per-la-sanita-pubblica\/#primaryimage\",\"url\":\"https:\/\/progettotouring.it\/radiotouring104\/wp-content\/uploads\/sites\/6\/2026\/03\/FIACCOLATA-Polistena-ospedale-della-Piana.jpeg\",\"contentUrl\":\"https:\/\/progettotouring.it\/radiotouring104\/wp-content\/uploads\/sites\/6\/2026\/03\/FIACCOLATA-Polistena-ospedale-della-Piana.jpeg\",\"width\":1119,\"height\":1600},{\"@type\":\"BreadcrumbList\",\"@id\":\"https:\/\/progettotouring.it\/radiotouring104\/2026\/03\/12\/polistena-conia-partecipera-alla-fiaccolata-per-la-sanita-pubblica\/#breadcrumb\",\"itemListElement\":[{\"@type\":\"ListItem\",\"position\":1,\"name\":\"Home\",\"item\":\"https:\/\/progettotouring.it\/radiotouring104\/\"},{\"@type\":\"ListItem\",\"position\":2,\"name\":\"Polistena: Conia parteciper\u00e0 alla fiaccolata per la Sanit\u00e0 Pubblica\"}]},{\"@type\":\"WebSite\",\"@id\":\"https:\/\/progettotouring.it\/radiotouring104\/#website\",\"url\":\"https:\/\/progettotouring.it\/radiotouring104\/\",\"name\":\"Radio Touring 104\",\"description\":\"La prima radio Reggina\",\"publisher\":{\"@id\":\"https:\/\/progettotouring.it\/radiotouring104\/#organization\"},\"potentialAction\":[{\"@type\":\"SearchAction\",\"target\":{\"@type\":\"EntryPoint\",\"urlTemplate\":\"https:\/\/progettotouring.it\/radiotouring104\/?s={search_term_string}\"},\"query-input\":{\"@type\":\"PropertyValueSpecification\",\"valueRequired\":true,\"valueName\":\"search_term_string\"}}],\"inLanguage\":\"it-IT\"},{\"@type\":\"Organization\",\"@id\":\"https:\/\/progettotouring.it\/radiotouring104\/#organization\",\"name\":\"Radio Touring 104\",\"url\":\"https:\/\/progettotouring.it\/radiotouring104\/\",\"logo\":{\"@type\":\"ImageObject\",\"inLanguage\":\"it-IT\",\"@id\":\"https:\/\/progettotouring.it\/radiotouring104\/#\/schema\/logo\/image\/\",\"url\":\"https:\/\/progettotouring.it\/radiotouring104\/wp-content\/uploads\/sites\/6\/2022\/02\/cropped-logo-radio-touring-104.png\",\"contentUrl\":\"https:\/\/progettotouring.it\/radiotouring104\/wp-content\/uploads\/sites\/6\/2022\/02\/cropped-logo-radio-touring-104.png\",\"width\":377,\"height\":182,\"caption\":\"Radio Touring 104\"},\"image\":{\"@id\":\"https:\/\/progettotouring.it\/radiotouring104\/#\/schema\/logo\/image\/\"}},{\"@type\":\"Person\",\"@id\":\"https:\/\/progettotouring.it\/radiotouring104\/#\/schema\/person\/1b3eb3c07c47136bc44c785c543e635f\",\"name\":\"redazione\",\"image\":{\"@type\":\"ImageObject\",\"inLanguage\":\"it-IT\",\"@id\":\"https:\/\/secure.gravatar.com\/avatar\/0b31605b49f100769e8b624b3e05de1b73e1692e9568a352f60f53fd072e6e11?s=96&d=mm&r=g\",\"url\":\"https:\/\/secure.gravatar.com\/avatar\/0b31605b49f100769e8b624b3e05de1b73e1692e9568a352f60f53fd072e6e11?s=96&d=mm&r=g\",\"contentUrl\":\"https:\/\/secure.gravatar.com\/avatar\/0b31605b49f100769e8b624b3e05de1b73e1692e9568a352f60f53fd072e6e11?s=96&d=mm&r=g\",\"caption\":\"redazione\"},\"url\":\"https:\/\/progettotouring.it\/radiotouring104\/author\/redazione\/\"}]}<\/script>\n<!-- \/ Yoast SEO plugin. -->","yoast_head_json":{"title":"Polistena: Conia parteciper\u00e0 alla fiaccolata per la Sanit\u00e0 Pubblica","description":"\u00abSituazione oltre ogni limite di sopportazione. In piazza contro le promesse su Polistena e le pantomime su Palmi\", dichiara il Consigliere","robots":{"index":"index","follow":"follow","max-snippet":"max-snippet:-1","max-image-preview":"max-image-preview:large","max-video-preview":"max-video-preview:-1"},"canonical":"https:\/\/progettotouring.it\/radiotouring104\/2026\/03\/12\/polistena-conia-partecipera-alla-fiaccolata-per-la-sanita-pubblica\/","og_locale":"it_IT","og_type":"article","og_title":"Polistena: Conia parteciper\u00e0 alla fiaccolata per la Sanit\u00e0 Pubblica","og_description":"\u00abSituazione oltre ogni limite di sopportazione. In piazza contro le promesse su Polistena e le pantomime su Palmi\", dichiara il Consigliere","og_url":"https:\/\/progettotouring.it\/radiotouring104\/2026\/03\/12\/polistena-conia-partecipera-alla-fiaccolata-per-la-sanita-pubblica\/","og_site_name":"Radio Touring 104","article_published_time":"2026-03-12T08:36:19+00:00","article_modified_time":"2026-03-12T11:55:33+00:00","og_image":[{"width":1119,"height":1600,"url":"https:\/\/progettotouring.it\/radiotouring104\/wp-content\/uploads\/sites\/6\/2026\/03\/FIACCOLATA-Polistena-ospedale-della-Piana.jpeg","type":"image\/jpeg"}],"author":"redazione","twitter_card":"summary_large_image","twitter_misc":{"Scritto da":"redazione","Tempo di lettura stimato":"2 minuti"},"schema":{"@context":"https:\/\/schema.org","@graph":[{"@type":"Article","@id":"https:\/\/progettotouring.it\/radiotouring104\/2026\/03\/12\/polistena-conia-partecipera-alla-fiaccolata-per-la-sanita-pubblica\/#article","isPartOf":{"@id":"https:\/\/progettotouring.it\/radiotouring104\/2026\/03\/12\/polistena-conia-partecipera-alla-fiaccolata-per-la-sanita-pubblica\/"},"author":{"name":"redazione","@id":"https:\/\/progettotouring.it\/radiotouring104\/#\/schema\/person\/1b3eb3c07c47136bc44c785c543e635f"},"headline":"Polistena: Conia parteciper\u00e0 alla fiaccolata per la Sanit\u00e0 Pubblica","datePublished":"2026-03-12T08:36:19+00:00","dateModified":"2026-03-12T11:55:33+00:00","mainEntityOfPage":{"@id":"https:\/\/progettotouring.it\/radiotouring104\/2026\/03\/12\/polistena-conia-partecipera-alla-fiaccolata-per-la-sanita-pubblica\/"},"wordCount":405,"publisher":{"@id":"https:\/\/progettotouring.it\/radiotouring104\/#organization"},"image":{"@id":"https:\/\/progettotouring.it\/radiotouring104\/2026\/03\/12\/polistena-conia-partecipera-alla-fiaccolata-per-la-sanita-pubblica\/#primaryimage"},"thumbnailUrl":"https:\/\/progettotouring.it\/radiotouring104\/wp-content\/uploads\/sites\/6\/2026\/03\/FIACCOLATA-Polistena-ospedale-della-Piana.jpeg","keywords":["fiaccolata","michele conia","ospedale della piana","Palmi","partecipazione","Polistena","Sanit\u00e0 Pubblica"],"articleSection":["Home","News","Reggio Calabria"],"inLanguage":"it-IT"},{"@type":"WebPage","@id":"https:\/\/progettotouring.it\/radiotouring104\/2026\/03\/12\/polistena-conia-partecipera-alla-fiaccolata-per-la-sanita-pubblica\/","url":"https:\/\/progettotouring.it\/radiotouring104\/2026\/03\/12\/polistena-conia-partecipera-alla-fiaccolata-per-la-sanita-pubblica\/","name":"Polistena: Conia parteciper\u00e0 alla fiaccolata per la Sanit\u00e0 Pubblica","isPartOf":{"@id":"https:\/\/progettotouring.it\/radiotouring104\/#website"},"primaryImageOfPage":{"@id":"https:\/\/progettotouring.it\/radiotouring104\/2026\/03\/12\/polistena-conia-partecipera-alla-fiaccolata-per-la-sanita-pubblica\/#primaryimage"},"image":{"@id":"https:\/\/progettotouring.it\/radiotouring104\/2026\/03\/12\/polistena-conia-partecipera-alla-fiaccolata-per-la-sanita-pubblica\/#primaryimage"},"thumbnailUrl":"https:\/\/progettotouring.it\/radiotouring104\/wp-content\/uploads\/sites\/6\/2026\/03\/FIACCOLATA-Polistena-ospedale-della-Piana.jpeg","datePublished":"2026-03-12T08:36:19+00:00","dateModified":"2026-03-12T11:55:33+00:00","description":"\u00abSituazione oltre ogni limite di sopportazione. In piazza contro le promesse su Polistena e le pantomime su Palmi\", dichiara il Consigliere","breadcrumb":{"@id":"https:\/\/progettotouring.it\/radiotouring104\/2026\/03\/12\/polistena-conia-partecipera-alla-fiaccolata-per-la-sanita-pubblica\/#breadcrumb"},"inLanguage":"it-IT","potentialAction":[{"@type":"ReadAction","target":["https:\/\/progettotouring.it\/radiotouring104\/2026\/03\/12\/polistena-conia-partecipera-alla-fiaccolata-per-la-sanita-pubblica\/"]}]},{"@type":"ImageObject","inLanguage":"it-IT","@id":"https:\/\/progettotouring.it\/radiotouring104\/2026\/03\/12\/polistena-conia-partecipera-alla-fiaccolata-per-la-sanita-pubblica\/#primaryimage","url":"https:\/\/progettotouring.it\/radiotouring104\/wp-content\/uploads\/sites\/6\/2026\/03\/FIACCOLATA-Polistena-ospedale-della-Piana.jpeg","contentUrl":"https:\/\/progettotouring.it\/radiotouring104\/wp-content\/uploads\/sites\/6\/2026\/03\/FIACCOLATA-Polistena-ospedale-della-Piana.jpeg","width":1119,"height":1600},{"@type":"BreadcrumbList","@id":"https:\/\/progettotouring.it\/radiotouring104\/2026\/03\/12\/polistena-conia-partecipera-alla-fiaccolata-per-la-sanita-pubblica\/#breadcrumb","itemListElement":[{"@type":"ListItem","position":1,"name":"Home","item":"https:\/\/progettotouring.it\/radiotouring104\/"},{"@type":"ListItem","position":2,"name":"Polistena: Conia parteciper\u00e0 alla fiaccolata per la Sanit\u00e0 Pubblica"}]},{"@type":"WebSite","@id":"https:\/\/progettotouring.it\/radiotouring104\/#website","url":"https:\/\/progettotouring.it\/radiotouring104\/","name":"Radio Touring 104","description":"La prima radio Reggina","publisher":{"@id":"https:\/\/progettotouring.it\/radiotouring104\/#organization"},"potentialAction":[{"@type":"SearchAction","target":{"@type":"EntryPoint","urlTemplate":"https:\/\/progettotouring.it\/radiotouring104\/?s={search_term_string}"},"query-input":{"@type":"PropertyValueSpecification","valueRequired":true,"valueName":"search_term_string"}}],"inLanguage":"it-IT"},{"@type":"Organization","@id":"https:\/\/progettotouring.it\/radiotouring104\/#organization","name":"Radio Touring 104","url":"https:\/\/progettotouring.it\/radiotouring104\/","logo":{"@type":"ImageObject","inLanguage":"it-IT","@id":"https:\/\/progettotouring.it\/radiotouring104\/#\/schema\/logo\/image\/","url":"https:\/\/progettotouring.it\/radiotouring104\/wp-content\/uploads\/sites\/6\/2022\/02\/cropped-logo-radio-touring-104.png","contentUrl":"https:\/\/progettotouring.it\/radiotouring104\/wp-content\/uploads\/sites\/6\/2022\/02\/cropped-logo-radio-touring-104.png","width":377,"height":182,"caption":"Radio Touring 104"},"image":{"@id":"https:\/\/progettotouring.it\/radiotouring104\/#\/schema\/logo\/image\/"}},{"@type":"Person","@id":"https:\/\/progettotouring.it\/radiotouring104\/#\/schema\/person\/1b3eb3c07c47136bc44c785c543e635f","name":"redazione","image":{"@type":"ImageObject","inLanguage":"it-IT","@id":"https:\/\/secure.gravatar.com\/avatar\/0b31605b49f100769e8b624b3e05de1b73e1692e9568a352f60f53fd072e6e11?s=96&d=mm&r=g","url":"https:\/\/secure.gravatar.com\/avatar\/0b31605b49f100769e8b624b3e05de1b73e1692e9568a352f60f53fd072e6e11?s=96&d=mm&r=g","contentUrl":"https:\/\/secure.gravatar.com\/avatar\/0b31605b49f100769e8b624b3e05de1b73e1692e9568a352f60f53fd072e6e11?s=96&d=mm&r=g","caption":"redazione"},"url":"https:\/\/progettotouring.it\/radiotouring104\/author\/redazione\/"}]}},"jetpack_publicize_connections":[],"jetpack_featured_media_url":"https:\/\/progettotouring.it\/radiotouring104\/wp-content\/uploads\/sites\/6\/2026\/03\/FIACCOLATA-Polistena-ospedale-della-Piana.jpeg","jetpack_sharing_enabled":true,"_links":{"self":[{"href":"https:\/\/progettotouring.it\/radiotouring104\/wp-json\/wp\/v2\/posts\/91849","targetHints":{"allow":["GET"]}}],"collection":[{"href":"https:\/\/progettotouring.it\/radiotouring104\/wp-json\/wp\/v2\/posts"}],"about":[{"href":"https:\/\/progettotouring.it\/radiotouring104\/wp-json\/wp\/v2\/types\/post"}],"author":[{"embeddable":true,"href":"https:\/\/progettotouring.it\/radiotouring104\/wp-json\/wp\/v2\/users\/5"}],"replies":[{"embeddable":true,"href":"https:\/\/progettotouring.it\/radiotouring104\/wp-json\/wp\/v2\/comments?post=91849"}],"version-history":[{"count":1,"href":"https:\/\/progettotouring.it\/radiotouring104\/wp-json\/wp\/v2\/posts\/91849\/revisions"}],"predecessor-version":[{"id":91851,"href":"https:\/\/progettotouring.it\/radiotouring104\/wp-json\/wp\/v2\/posts\/91849\/revisions\/91851"}],"wp:featuredmedia":[{"embeddable":true,"href":"https:\/\/progettotouring.it\/radiotouring104\/wp-json\/wp\/v2\/media\/91850"}],"wp:attachment":[{"href":"https:\/\/progettotouring.it\/radiotouring104\/wp-json\/wp\/v2\/media?parent=91849"}],"wp:term":[{"taxonomy":"category","embeddable":true,"href":"https:\/\/progettotouring.it\/radiotouring104\/wp-json\/wp\/v2\/categories?post=91849"},{"taxonomy":"post_tag","embeddable":true,"href":"https:\/\/progettotouring.it\/radiotouring104\/wp-json\/wp\/v2\/tags?post=91849"}],"curies":[{"name":"wp","href":"https:\/\/api.w.org\/{rel}","templated":true}]}}