{"id":91855,"date":"2026-03-12T09:57:19","date_gmt":"2026-03-12T08:57:19","guid":{"rendered":"https:\/\/progettotouring.it\/radiotouring104\/?p=91855"},"modified":"2026-03-12T12:55:24","modified_gmt":"2026-03-12T11:55:24","slug":"reggio-valorizzazione-del-bergamotto-tramontana-audito-in-commissione-attivita-produttive","status":"publish","type":"post","link":"https:\/\/progettotouring.it\/radiotouring104\/2026\/03\/12\/reggio-valorizzazione-del-bergamotto-tramontana-audito-in-commissione-attivita-produttive\/","title":{"rendered":"Reggio, &#8220;Valorizzazione del Bergamotto&#8221;: Tramontana audito in Commissione &#8220;Attivit\u00e0 Produttive&#8221;"},"content":{"rendered":"<p>La VI Commissione consiliare (Sviluppo economico, Attivit\u00e0 produttive e Turismo), presieduta da Carmelo Versace, ha affrontato il tema della valorizzazione del bergamotto con l\u2019audizione del presidente della Camera di Commercio di Reggio Calabria Antonino Tramontana.<\/p>\n<p>Tramontana ha espresso gratitudine per l\u2019opportunit\u00e0 di condividere il percorso di tutela e promozione di un prodotto fortemente identitario per l\u2019area metropolitana di Reggio Calabria, illustrando l\u2019evoluzione dell\u2019evento Bergar\u00e8, festival che coinvolge oltre 100 aziende del territorio che entrano in contatto con buyer esteri e che quest\u2019anno \u2013 ha annunciato il presidente della Camera di Commercio \u2013 sar\u00e0 organizzato anche a Milano, dove \u00e8 previsto un doppio appuntamento. Tramontana ha inoltre parlato della promozione dell\u2019agrumiturismo attraverso il lancio del progetto \u201cLe vie del Bergamotto\u201d con itinerari dedicati, nonch\u00e9 del rilancio della Stazione Sperimentale delle Essenze e degli Agrumi, progetto che prevede la creazione del primo orto botanico in Italia dedicato agli agrumi, i cui lavori dovrebbero concludersi entro luglio, e che a breve sar\u00e0 presentato anche in un&#8217;iniziativa bilaterale di approfondimento e studio con l\u2019Universit\u00e0 Bocconi.<\/p>\n<p>\u00abValorizzare il tessuto economico legato al Bergamotto, puntando su quello che fa parte della nostra identit\u00e0 \u2013 ha commentato il presidente Versace \u2013 significa promuovere la storia del territorio di Reggio Calabria. Il benessere economico, sociale e culturale legato al nostro \u201cOro verde\u201d e all&#8217;intera filiera produttiva e commerciale \u2013 ha aggiunto Versace \u2013 \u00e8 frutto della capacit\u00e0 di fare rete tra istituzioni, e il progetto di esportare a Milano un modello vincente come Bergar\u00e8, non pu\u00f2 che trovarci favorevoli ed entusiasti. Perch\u00e9 parliamo di un qualcosa che ci identifica a 360 gradi, e ci presenta in maniera diversa in Italia e nel mondo, grazie ad un&#8217;eccellenza in grado di rappresentare una matrice identitaria e il simbolo di unicit\u00e0 che contraddistingue il Bergamotto di Reggio Calabria\u00bb.<\/p>\n<p>Nel corso dei lavori della Commissione hanno chiesto chiarimenti e offerto spunti di discussione i consiglieri Giuseppe Giordano, Giuseppe Marino, Franco Barreca e Giovanni Latella. Rispondendo alle loro domande Tramontana ha, tra le altre cose, chiarito che la produzione \u00e8 aumentata notevolmente negli ultimi anni, aggiungendo che circa il 90% del prodotto \u00e8 ancora destinato alla produzione di essenze per l\u2019industria dei profumi e che la Camera di Commercio sta cercando di implementare l\u2019utilizzo del bergamotto in altri settori, come la cosmesi e il consumo di prodotto fresco, per creare nuovi mercati e contrastare la riduzione dei prezzi causata dalla crescita esponenziale della produzione.<\/p>\n","protected":false},"excerpt":{"rendered":"<p>La VI Commissione consiliare (Sviluppo economico, Attivit\u00e0 produttive e Turismo), presieduta da Carmelo Versace, ha affrontato il tema della valorizzazione del bergamotto con l\u2019audizione del presidente della Camera di Commercio&hellip;<\/p>\n","protected":false},"author":5,"featured_media":91856,"comment_status":"closed","ping_status":"open","sticky":false,"template":"","format":"standard","meta":{"_jetpack_memberships_contains_paid_content":false,"footnotes":"","jetpack_publicize_message":"","jetpack_publicize_feature_enabled":true,"jetpack_social_post_already_shared":true,"jetpack_social_options":{"image_generator_settings":{"template":"highway","default_image_id":0,"font":"","enabled":false},"version":2}},"categories":[921,196,140],"tags":[51741,38287,4962,51742,9778,51743],"class_list":["post-91855","post","type-post","status-publish","format-standard","has-post-thumbnail","hentry","category-home","category-news","category-reggio-calabria","tag-valorizzazione-del-bergamotto","tag-audizione","tag-bergare","tag-commissione-attivita-produttive","tag-comune-di-reggio","tag-festival-milanese"],"yoast_head":"<!-- This site is optimized with the Yoast SEO plugin v27.2 - https:\/\/yoast.com\/product\/yoast-seo-wordpress\/ -->\n<title>Comune RC: Tramontana audito in Commissione sul Bergamotto<\/title>\n<meta name=\"description\" content=\"Il presidente Camera di Commercio ha illustrato lo sviluppo del prodotto annunciando un doppio appuntamento milanese per il festival Bergar\u00e8\" \/>\n<meta name=\"robots\" content=\"index, follow, max-snippet:-1, max-image-preview:large, max-video-preview:-1\" \/>\n<link rel=\"canonical\" href=\"https:\/\/progettotouring.it\/radiotouring104\/2026\/03\/12\/reggio-valorizzazione-del-bergamotto-tramontana-audito-in-commissione-attivita-produttive\/\" \/>\n<meta property=\"og:locale\" content=\"it_IT\" \/>\n<meta property=\"og:type\" content=\"article\" \/>\n<meta property=\"og:title\" content=\"Comune RC: Tramontana audito in Commissione sul Bergamotto\" \/>\n<meta property=\"og:description\" content=\"Il presidente Camera di Commercio ha illustrato lo sviluppo del prodotto annunciando un doppio appuntamento milanese per il festival Bergar\u00e8\" \/>\n<meta property=\"og:url\" content=\"https:\/\/progettotouring.it\/radiotouring104\/2026\/03\/12\/reggio-valorizzazione-del-bergamotto-tramontana-audito-in-commissione-attivita-produttive\/\" \/>\n<meta property=\"og:site_name\" content=\"Radio Touring 104\" \/>\n<meta property=\"article:published_time\" content=\"2026-03-12T08:57:19+00:00\" \/>\n<meta property=\"article:modified_time\" content=\"2026-03-12T11:55:24+00:00\" \/>\n<meta property=\"og:image\" content=\"https:\/\/progettotouring.it\/radiotouring104\/wp-content\/uploads\/sites\/6\/2026\/03\/commissione-attivita-produttive-reggio-Bergamotto-Tramontana.jpeg\" \/>\n\t<meta property=\"og:image:width\" content=\"1600\" \/>\n\t<meta property=\"og:image:height\" content=\"900\" \/>\n\t<meta property=\"og:image:type\" content=\"image\/jpeg\" \/>\n<meta name=\"author\" content=\"redazione\" \/>\n<meta name=\"twitter:card\" content=\"summary_large_image\" \/>\n<meta name=\"twitter:label1\" content=\"Scritto da\" \/>\n\t<meta name=\"twitter:data1\" content=\"redazione\" \/>\n\t<meta name=\"twitter:label2\" content=\"Tempo di lettura stimato\" \/>\n\t<meta name=\"twitter:data2\" content=\"2 minuti\" \/>\n<script type=\"application\/ld+json\" class=\"yoast-schema-graph\">{\"@context\":\"https:\/\/schema.org\",\"@graph\":[{\"@type\":\"Article\",\"@id\":\"https:\/\/progettotouring.it\/radiotouring104\/2026\/03\/12\/reggio-valorizzazione-del-bergamotto-tramontana-audito-in-commissione-attivita-produttive\/#article\",\"isPartOf\":{\"@id\":\"https:\/\/progettotouring.it\/radiotouring104\/2026\/03\/12\/reggio-valorizzazione-del-bergamotto-tramontana-audito-in-commissione-attivita-produttive\/\"},\"author\":{\"name\":\"redazione\",\"@id\":\"https:\/\/progettotouring.it\/radiotouring104\/#\/schema\/person\/1b3eb3c07c47136bc44c785c543e635f\"},\"headline\":\"Reggio, &#8220;Valorizzazione del Bergamotto&#8221;: Tramontana audito in Commissione &#8220;Attivit\u00e0 Produttive&#8221;\",\"datePublished\":\"2026-03-12T08:57:19+00:00\",\"dateModified\":\"2026-03-12T11:55:24+00:00\",\"mainEntityOfPage\":{\"@id\":\"https:\/\/progettotouring.it\/radiotouring104\/2026\/03\/12\/reggio-valorizzazione-del-bergamotto-tramontana-audito-in-commissione-attivita-produttive\/\"},\"wordCount\":408,\"publisher\":{\"@id\":\"https:\/\/progettotouring.it\/radiotouring104\/#organization\"},\"image\":{\"@id\":\"https:\/\/progettotouring.it\/radiotouring104\/2026\/03\/12\/reggio-valorizzazione-del-bergamotto-tramontana-audito-in-commissione-attivita-produttive\/#primaryimage\"},\"thumbnailUrl\":\"https:\/\/progettotouring.it\/radiotouring104\/wp-content\/uploads\/sites\/6\/2026\/03\/commissione-attivita-produttive-reggio-Bergamotto-Tramontana.jpeg\",\"keywords\":[\"\\\"Valorizzazione del Bergamotto\\\"\",\"audizione\",\"bergar\u00e9\",\"Commissione attivit\u00e0 produttive\",\"Comune di Reggio\",\"festival milanese\"],\"articleSection\":[\"Home\",\"News\",\"Reggio Calabria\"],\"inLanguage\":\"it-IT\"},{\"@type\":\"WebPage\",\"@id\":\"https:\/\/progettotouring.it\/radiotouring104\/2026\/03\/12\/reggio-valorizzazione-del-bergamotto-tramontana-audito-in-commissione-attivita-produttive\/\",\"url\":\"https:\/\/progettotouring.it\/radiotouring104\/2026\/03\/12\/reggio-valorizzazione-del-bergamotto-tramontana-audito-in-commissione-attivita-produttive\/\",\"name\":\"Comune RC: Tramontana audito in Commissione sul Bergamotto\",\"isPartOf\":{\"@id\":\"https:\/\/progettotouring.it\/radiotouring104\/#website\"},\"primaryImageOfPage\":{\"@id\":\"https:\/\/progettotouring.it\/radiotouring104\/2026\/03\/12\/reggio-valorizzazione-del-bergamotto-tramontana-audito-in-commissione-attivita-produttive\/#primaryimage\"},\"image\":{\"@id\":\"https:\/\/progettotouring.it\/radiotouring104\/2026\/03\/12\/reggio-valorizzazione-del-bergamotto-tramontana-audito-in-commissione-attivita-produttive\/#primaryimage\"},\"thumbnailUrl\":\"https:\/\/progettotouring.it\/radiotouring104\/wp-content\/uploads\/sites\/6\/2026\/03\/commissione-attivita-produttive-reggio-Bergamotto-Tramontana.jpeg\",\"datePublished\":\"2026-03-12T08:57:19+00:00\",\"dateModified\":\"2026-03-12T11:55:24+00:00\",\"description\":\"Il presidente Camera di Commercio ha illustrato lo sviluppo del prodotto annunciando un doppio appuntamento milanese per il festival Bergar\u00e8\",\"breadcrumb\":{\"@id\":\"https:\/\/progettotouring.it\/radiotouring104\/2026\/03\/12\/reggio-valorizzazione-del-bergamotto-tramontana-audito-in-commissione-attivita-produttive\/#breadcrumb\"},\"inLanguage\":\"it-IT\",\"potentialAction\":[{\"@type\":\"ReadAction\",\"target\":[\"https:\/\/progettotouring.it\/radiotouring104\/2026\/03\/12\/reggio-valorizzazione-del-bergamotto-tramontana-audito-in-commissione-attivita-produttive\/\"]}]},{\"@type\":\"ImageObject\",\"inLanguage\":\"it-IT\",\"@id\":\"https:\/\/progettotouring.it\/radiotouring104\/2026\/03\/12\/reggio-valorizzazione-del-bergamotto-tramontana-audito-in-commissione-attivita-produttive\/#primaryimage\",\"url\":\"https:\/\/progettotouring.it\/radiotouring104\/wp-content\/uploads\/sites\/6\/2026\/03\/commissione-attivita-produttive-reggio-Bergamotto-Tramontana.jpeg\",\"contentUrl\":\"https:\/\/progettotouring.it\/radiotouring104\/wp-content\/uploads\/sites\/6\/2026\/03\/commissione-attivita-produttive-reggio-Bergamotto-Tramontana.jpeg\",\"width\":1600,\"height\":900},{\"@type\":\"BreadcrumbList\",\"@id\":\"https:\/\/progettotouring.it\/radiotouring104\/2026\/03\/12\/reggio-valorizzazione-del-bergamotto-tramontana-audito-in-commissione-attivita-produttive\/#breadcrumb\",\"itemListElement\":[{\"@type\":\"ListItem\",\"position\":1,\"name\":\"Home\",\"item\":\"https:\/\/progettotouring.it\/radiotouring104\/\"},{\"@type\":\"ListItem\",\"position\":2,\"name\":\"Reggio, &#8220;Valorizzazione del Bergamotto&#8221;: Tramontana audito in Commissione &#8220;Attivit\u00e0 Produttive&#8221;\"}]},{\"@type\":\"WebSite\",\"@id\":\"https:\/\/progettotouring.it\/radiotouring104\/#website\",\"url\":\"https:\/\/progettotouring.it\/radiotouring104\/\",\"name\":\"Radio Touring 104\",\"description\":\"La prima radio Reggina\",\"publisher\":{\"@id\":\"https:\/\/progettotouring.it\/radiotouring104\/#organization\"},\"potentialAction\":[{\"@type\":\"SearchAction\",\"target\":{\"@type\":\"EntryPoint\",\"urlTemplate\":\"https:\/\/progettotouring.it\/radiotouring104\/?s={search_term_string}\"},\"query-input\":{\"@type\":\"PropertyValueSpecification\",\"valueRequired\":true,\"valueName\":\"search_term_string\"}}],\"inLanguage\":\"it-IT\"},{\"@type\":\"Organization\",\"@id\":\"https:\/\/progettotouring.it\/radiotouring104\/#organization\",\"name\":\"Radio Touring 104\",\"url\":\"https:\/\/progettotouring.it\/radiotouring104\/\",\"logo\":{\"@type\":\"ImageObject\",\"inLanguage\":\"it-IT\",\"@id\":\"https:\/\/progettotouring.it\/radiotouring104\/#\/schema\/logo\/image\/\",\"url\":\"https:\/\/progettotouring.it\/radiotouring104\/wp-content\/uploads\/sites\/6\/2022\/02\/cropped-logo-radio-touring-104.png\",\"contentUrl\":\"https:\/\/progettotouring.it\/radiotouring104\/wp-content\/uploads\/sites\/6\/2022\/02\/cropped-logo-radio-touring-104.png\",\"width\":377,\"height\":182,\"caption\":\"Radio Touring 104\"},\"image\":{\"@id\":\"https:\/\/progettotouring.it\/radiotouring104\/#\/schema\/logo\/image\/\"}},{\"@type\":\"Person\",\"@id\":\"https:\/\/progettotouring.it\/radiotouring104\/#\/schema\/person\/1b3eb3c07c47136bc44c785c543e635f\",\"name\":\"redazione\",\"image\":{\"@type\":\"ImageObject\",\"inLanguage\":\"it-IT\",\"@id\":\"https:\/\/secure.gravatar.com\/avatar\/0b31605b49f100769e8b624b3e05de1b73e1692e9568a352f60f53fd072e6e11?s=96&d=mm&r=g\",\"url\":\"https:\/\/secure.gravatar.com\/avatar\/0b31605b49f100769e8b624b3e05de1b73e1692e9568a352f60f53fd072e6e11?s=96&d=mm&r=g\",\"contentUrl\":\"https:\/\/secure.gravatar.com\/avatar\/0b31605b49f100769e8b624b3e05de1b73e1692e9568a352f60f53fd072e6e11?s=96&d=mm&r=g\",\"caption\":\"redazione\"},\"url\":\"https:\/\/progettotouring.it\/radiotouring104\/author\/redazione\/\"}]}<\/script>\n<!-- \/ Yoast SEO plugin. -->","yoast_head_json":{"title":"Comune RC: Tramontana audito in Commissione sul Bergamotto","description":"Il presidente Camera di Commercio ha illustrato lo sviluppo del prodotto annunciando un doppio appuntamento milanese per il festival Bergar\u00e8","robots":{"index":"index","follow":"follow","max-snippet":"max-snippet:-1","max-image-preview":"max-image-preview:large","max-video-preview":"max-video-preview:-1"},"canonical":"https:\/\/progettotouring.it\/radiotouring104\/2026\/03\/12\/reggio-valorizzazione-del-bergamotto-tramontana-audito-in-commissione-attivita-produttive\/","og_locale":"it_IT","og_type":"article","og_title":"Comune RC: Tramontana audito in Commissione sul Bergamotto","og_description":"Il presidente Camera di Commercio ha illustrato lo sviluppo del prodotto annunciando un doppio appuntamento milanese per il festival Bergar\u00e8","og_url":"https:\/\/progettotouring.it\/radiotouring104\/2026\/03\/12\/reggio-valorizzazione-del-bergamotto-tramontana-audito-in-commissione-attivita-produttive\/","og_site_name":"Radio Touring 104","article_published_time":"2026-03-12T08:57:19+00:00","article_modified_time":"2026-03-12T11:55:24+00:00","og_image":[{"width":1600,"height":900,"url":"https:\/\/progettotouring.it\/radiotouring104\/wp-content\/uploads\/sites\/6\/2026\/03\/commissione-attivita-produttive-reggio-Bergamotto-Tramontana.jpeg","type":"image\/jpeg"}],"author":"redazione","twitter_card":"summary_large_image","twitter_misc":{"Scritto da":"redazione","Tempo di lettura stimato":"2 minuti"},"schema":{"@context":"https:\/\/schema.org","@graph":[{"@type":"Article","@id":"https:\/\/progettotouring.it\/radiotouring104\/2026\/03\/12\/reggio-valorizzazione-del-bergamotto-tramontana-audito-in-commissione-attivita-produttive\/#article","isPartOf":{"@id":"https:\/\/progettotouring.it\/radiotouring104\/2026\/03\/12\/reggio-valorizzazione-del-bergamotto-tramontana-audito-in-commissione-attivita-produttive\/"},"author":{"name":"redazione","@id":"https:\/\/progettotouring.it\/radiotouring104\/#\/schema\/person\/1b3eb3c07c47136bc44c785c543e635f"},"headline":"Reggio, &#8220;Valorizzazione del Bergamotto&#8221;: Tramontana audito in Commissione &#8220;Attivit\u00e0 Produttive&#8221;","datePublished":"2026-03-12T08:57:19+00:00","dateModified":"2026-03-12T11:55:24+00:00","mainEntityOfPage":{"@id":"https:\/\/progettotouring.it\/radiotouring104\/2026\/03\/12\/reggio-valorizzazione-del-bergamotto-tramontana-audito-in-commissione-attivita-produttive\/"},"wordCount":408,"publisher":{"@id":"https:\/\/progettotouring.it\/radiotouring104\/#organization"},"image":{"@id":"https:\/\/progettotouring.it\/radiotouring104\/2026\/03\/12\/reggio-valorizzazione-del-bergamotto-tramontana-audito-in-commissione-attivita-produttive\/#primaryimage"},"thumbnailUrl":"https:\/\/progettotouring.it\/radiotouring104\/wp-content\/uploads\/sites\/6\/2026\/03\/commissione-attivita-produttive-reggio-Bergamotto-Tramontana.jpeg","keywords":["\"Valorizzazione del Bergamotto\"","audizione","bergar\u00e9","Commissione attivit\u00e0 produttive","Comune di Reggio","festival milanese"],"articleSection":["Home","News","Reggio Calabria"],"inLanguage":"it-IT"},{"@type":"WebPage","@id":"https:\/\/progettotouring.it\/radiotouring104\/2026\/03\/12\/reggio-valorizzazione-del-bergamotto-tramontana-audito-in-commissione-attivita-produttive\/","url":"https:\/\/progettotouring.it\/radiotouring104\/2026\/03\/12\/reggio-valorizzazione-del-bergamotto-tramontana-audito-in-commissione-attivita-produttive\/","name":"Comune RC: Tramontana audito in Commissione sul Bergamotto","isPartOf":{"@id":"https:\/\/progettotouring.it\/radiotouring104\/#website"},"primaryImageOfPage":{"@id":"https:\/\/progettotouring.it\/radiotouring104\/2026\/03\/12\/reggio-valorizzazione-del-bergamotto-tramontana-audito-in-commissione-attivita-produttive\/#primaryimage"},"image":{"@id":"https:\/\/progettotouring.it\/radiotouring104\/2026\/03\/12\/reggio-valorizzazione-del-bergamotto-tramontana-audito-in-commissione-attivita-produttive\/#primaryimage"},"thumbnailUrl":"https:\/\/progettotouring.it\/radiotouring104\/wp-content\/uploads\/sites\/6\/2026\/03\/commissione-attivita-produttive-reggio-Bergamotto-Tramontana.jpeg","datePublished":"2026-03-12T08:57:19+00:00","dateModified":"2026-03-12T11:55:24+00:00","description":"Il presidente Camera di Commercio ha illustrato lo sviluppo del prodotto annunciando un doppio appuntamento milanese per il festival Bergar\u00e8","breadcrumb":{"@id":"https:\/\/progettotouring.it\/radiotouring104\/2026\/03\/12\/reggio-valorizzazione-del-bergamotto-tramontana-audito-in-commissione-attivita-produttive\/#breadcrumb"},"inLanguage":"it-IT","potentialAction":[{"@type":"ReadAction","target":["https:\/\/progettotouring.it\/radiotouring104\/2026\/03\/12\/reggio-valorizzazione-del-bergamotto-tramontana-audito-in-commissione-attivita-produttive\/"]}]},{"@type":"ImageObject","inLanguage":"it-IT","@id":"https:\/\/progettotouring.it\/radiotouring104\/2026\/03\/12\/reggio-valorizzazione-del-bergamotto-tramontana-audito-in-commissione-attivita-produttive\/#primaryimage","url":"https:\/\/progettotouring.it\/radiotouring104\/wp-content\/uploads\/sites\/6\/2026\/03\/commissione-attivita-produttive-reggio-Bergamotto-Tramontana.jpeg","contentUrl":"https:\/\/progettotouring.it\/radiotouring104\/wp-content\/uploads\/sites\/6\/2026\/03\/commissione-attivita-produttive-reggio-Bergamotto-Tramontana.jpeg","width":1600,"height":900},{"@type":"BreadcrumbList","@id":"https:\/\/progettotouring.it\/radiotouring104\/2026\/03\/12\/reggio-valorizzazione-del-bergamotto-tramontana-audito-in-commissione-attivita-produttive\/#breadcrumb","itemListElement":[{"@type":"ListItem","position":1,"name":"Home","item":"https:\/\/progettotouring.it\/radiotouring104\/"},{"@type":"ListItem","position":2,"name":"Reggio, &#8220;Valorizzazione del Bergamotto&#8221;: Tramontana audito in Commissione &#8220;Attivit\u00e0 Produttive&#8221;"}]},{"@type":"WebSite","@id":"https:\/\/progettotouring.it\/radiotouring104\/#website","url":"https:\/\/progettotouring.it\/radiotouring104\/","name":"Radio Touring 104","description":"La prima radio Reggina","publisher":{"@id":"https:\/\/progettotouring.it\/radiotouring104\/#organization"},"potentialAction":[{"@type":"SearchAction","target":{"@type":"EntryPoint","urlTemplate":"https:\/\/progettotouring.it\/radiotouring104\/?s={search_term_string}"},"query-input":{"@type":"PropertyValueSpecification","valueRequired":true,"valueName":"search_term_string"}}],"inLanguage":"it-IT"},{"@type":"Organization","@id":"https:\/\/progettotouring.it\/radiotouring104\/#organization","name":"Radio Touring 104","url":"https:\/\/progettotouring.it\/radiotouring104\/","logo":{"@type":"ImageObject","inLanguage":"it-IT","@id":"https:\/\/progettotouring.it\/radiotouring104\/#\/schema\/logo\/image\/","url":"https:\/\/progettotouring.it\/radiotouring104\/wp-content\/uploads\/sites\/6\/2022\/02\/cropped-logo-radio-touring-104.png","contentUrl":"https:\/\/progettotouring.it\/radiotouring104\/wp-content\/uploads\/sites\/6\/2022\/02\/cropped-logo-radio-touring-104.png","width":377,"height":182,"caption":"Radio Touring 104"},"image":{"@id":"https:\/\/progettotouring.it\/radiotouring104\/#\/schema\/logo\/image\/"}},{"@type":"Person","@id":"https:\/\/progettotouring.it\/radiotouring104\/#\/schema\/person\/1b3eb3c07c47136bc44c785c543e635f","name":"redazione","image":{"@type":"ImageObject","inLanguage":"it-IT","@id":"https:\/\/secure.gravatar.com\/avatar\/0b31605b49f100769e8b624b3e05de1b73e1692e9568a352f60f53fd072e6e11?s=96&d=mm&r=g","url":"https:\/\/secure.gravatar.com\/avatar\/0b31605b49f100769e8b624b3e05de1b73e1692e9568a352f60f53fd072e6e11?s=96&d=mm&r=g","contentUrl":"https:\/\/secure.gravatar.com\/avatar\/0b31605b49f100769e8b624b3e05de1b73e1692e9568a352f60f53fd072e6e11?s=96&d=mm&r=g","caption":"redazione"},"url":"https:\/\/progettotouring.it\/radiotouring104\/author\/redazione\/"}]}},"jetpack_publicize_connections":[],"jetpack_featured_media_url":"https:\/\/progettotouring.it\/radiotouring104\/wp-content\/uploads\/sites\/6\/2026\/03\/commissione-attivita-produttive-reggio-Bergamotto-Tramontana.jpeg","jetpack_sharing_enabled":true,"_links":{"self":[{"href":"https:\/\/progettotouring.it\/radiotouring104\/wp-json\/wp\/v2\/posts\/91855","targetHints":{"allow":["GET"]}}],"collection":[{"href":"https:\/\/progettotouring.it\/radiotouring104\/wp-json\/wp\/v2\/posts"}],"about":[{"href":"https:\/\/progettotouring.it\/radiotouring104\/wp-json\/wp\/v2\/types\/post"}],"author":[{"embeddable":true,"href":"https:\/\/progettotouring.it\/radiotouring104\/wp-json\/wp\/v2\/users\/5"}],"replies":[{"embeddable":true,"href":"https:\/\/progettotouring.it\/radiotouring104\/wp-json\/wp\/v2\/comments?post=91855"}],"version-history":[{"count":1,"href":"https:\/\/progettotouring.it\/radiotouring104\/wp-json\/wp\/v2\/posts\/91855\/revisions"}],"predecessor-version":[{"id":91857,"href":"https:\/\/progettotouring.it\/radiotouring104\/wp-json\/wp\/v2\/posts\/91855\/revisions\/91857"}],"wp:featuredmedia":[{"embeddable":true,"href":"https:\/\/progettotouring.it\/radiotouring104\/wp-json\/wp\/v2\/media\/91856"}],"wp:attachment":[{"href":"https:\/\/progettotouring.it\/radiotouring104\/wp-json\/wp\/v2\/media?parent=91855"}],"wp:term":[{"taxonomy":"category","embeddable":true,"href":"https:\/\/progettotouring.it\/radiotouring104\/wp-json\/wp\/v2\/categories?post=91855"},{"taxonomy":"post_tag","embeddable":true,"href":"https:\/\/progettotouring.it\/radiotouring104\/wp-json\/wp\/v2\/tags?post=91855"}],"curies":[{"name":"wp","href":"https:\/\/api.w.org\/{rel}","templated":true}]}}