{"id":91858,"date":"2026-03-12T10:02:53","date_gmt":"2026-03-12T09:02:53","guid":{"rendered":"https:\/\/progettotouring.it\/radiotouring104\/?p=91858"},"modified":"2026-03-12T12:55:19","modified_gmt":"2026-03-12T11:55:19","slug":"arghilla-torna-al-centro-dellattenzione-limpegno-del-gruppo-civico-noi-siamo-arghilla-rompe-anni-di-silenzio","status":"publish","type":"post","link":"https:\/\/progettotouring.it\/radiotouring104\/2026\/03\/12\/arghilla-torna-al-centro-dellattenzione-limpegno-del-gruppo-civico-noi-siamo-arghilla-rompe-anni-di-silenzio\/","title":{"rendered":"Arghill\u00e0 torna al centro dell\u2019attenzione: l\u2019impegno del Gruppo Civico NOI SIAMO ARGHILLA\u2019 rompe anni di silenzio"},"content":{"rendered":"<p style=\"font-weight: 400\">Il gruppo civico\u00a0<strong>NOI SIAMO ARGHILL\u00c0 \u2013 La Rinascita<\/strong>, guidato dalla presidente\u00a0<strong>Patrizia D\u2019Agu\u00ec<\/strong>, continua la propria azione di denuncia e vigilanza sulle gravi condizioni ambientali e igienico-sanitarie che interessano il quartiere, in particolare nell\u2019area Nord di Arghill\u00e0 e nella zona di\u00a0<strong>Modenelle<\/strong>.<\/p>\n<p style=\"font-weight: 400\">La presenza di\u00a0<strong>rifiuti speciali, ingombranti e di vario tipo accumulati nelle aree limitrofe alle abitazioni e alla Piazza Don Italo Calabr\u00f2<\/strong>\u00a0rappresenta da tempo un serio rischio per la salute pubblica, gi\u00e0 fortemente compromessa negli anni passati dalle esalazioni tossiche provocate dai roghi di rifiuti che hanno interessato il quartiere. Di fronte a una situazione che per troppo tempo \u00e8 stata tollerata nel silenzio generale, il gruppo civico ha deciso di compiere un passo formale,\u00a0<strong>presentando una denuncia alla Procura della Repubblica<\/strong>, affinch\u00e9 venisse fatta piena luce su una condizione che mette a rischio la salute dei cittadini.<\/p>\n<p style=\"font-weight: 400\">A seguito di questa iniziativa, il\u00a0<strong>responsabile del Settore Ambiente del Comune di Reggio Calabria, dott. Bonocore<\/strong>, ha comunicato che\u00a0<strong>\u00e8 stata programmata una bonifica straordinaria dell\u2019area entro la fine del mese<\/strong>.<\/p>\n<p style=\"font-weight: 400\">\u00abQuesto risultato \u2013 dichiara\u00a0<strong>Patrizia D\u2019Agu\u00ec<\/strong>\u00a0\u2013 dimostra che quando i cittadini si organizzano, denunciano e mantengono alta l\u2019attenzione pubblica, le istituzioni non possono pi\u00f9 ignorare i problemi\u00bb.<\/p>\n<p style=\"font-weight: 400\">Negli ultimi anni l\u2019azione del gruppo civico\u00a0<strong>NOI SIAMO ARGHILL\u00c0 \u2013 La Rinascita<\/strong>\u00a0ha contribuito a\u00a0<strong>rompere il muro di silenzio che per troppo tempo ha avvolto il quartiere<\/strong>, portando alla luce situazioni di degrado ambientale, emergenze sanitarie e criticit\u00e0 sociali che erano rimaste invisibili.<\/p>\n<p style=\"font-weight: 400\">Le proteste civiche, le segnalazioni formali, le audizioni nelle sedi istituzionali e il monitoraggio costante del territorio hanno prodotto un effetto concreto:\u00a0<strong>i roghi di rifiuti, che per anni hanno rappresentato una delle emergenze pi\u00f9 gravi di Arghill\u00e0, si sono drasticamente ridotti<\/strong>. Parallelamente, l\u2019attenzione mediatica sul quartiere \u00e8 cresciuta in maniera significativa.\u00a0<strong>Testate giornalistiche e televisioni nazionali hanno acceso i riflettori sulle condizioni di Arghill\u00e0<\/strong>, contribuendo a portare il tema delle periferie e delle criticit\u00e0 del quartiere al centro del dibattito pubblico.<\/p>\n<p style=\"font-weight: 400\">La situazione di Arghill\u00e0 \u00e8 arrivata anche\u00a0<strong>all\u2019attenzione del Parlamento<\/strong>, grazie alle segnalazioni che hanno trovato ascolto nell\u2019intervento dell\u2019<strong>onorevole Francesco Cannizzaro<\/strong>, contribuendo a dare ulteriore visibilit\u00e0 a una realt\u00e0 che per anni era rimasta ai margini.<\/p>\n<p style=\"font-weight: 400\">\u00abPer troppo tempo \u2013 prosegue D\u2019Agu\u00ec \u2013 Arghill\u00e0 \u00e8 stata ignorata. Oggi non \u00e8 pi\u00f9 cos\u00ec. Le istituzioni sanno che esiste una comunit\u00e0 attenta, che controlla e che non esita a denunciare le inadempienze\u00bb.<\/p>\n<p style=\"font-weight: 400\">Il gruppo civico conferma che continuer\u00e0 a\u00a0<strong>seguire con attenzione l\u2019attuazione della bonifica annunciata<\/strong>, mantenendo alta la vigilanza sulle condizioni ambientali e sanitarie del quartiere.<\/p>\n<p style=\"font-weight: 400\">\u00abIl nostro impegno nasce dall\u2019amore per Arghill\u00e0 e dalla volont\u00e0 di restituire dignit\u00e0 a questo territorio \u2013 conclude la presidente \u2013. Dopo anni di silenzio qualcosa si sta finalmente muovendo, ma la strada \u00e8 ancora lunga. Continueremo a far sentire la voce dei cittadini finch\u00e9 Arghill\u00e0 non ricever\u00e0 l\u2019attenzione e il rispetto che merita\u00bb.<\/p>\n<p style=\"font-weight: 400\"><strong>Non perdiamo la speranza: insieme si vince.<\/strong><\/p>\n","protected":false},"excerpt":{"rendered":"<p>Il gruppo civico\u00a0NOI SIAMO ARGHILL\u00c0 \u2013 La Rinascita, guidato dalla presidente\u00a0Patrizia D\u2019Agu\u00ec, continua la propria azione di denuncia e vigilanza sulle gravi condizioni ambientali e igienico-sanitarie che interessano il quartiere,&hellip;<\/p>\n","protected":false},"author":5,"featured_media":91859,"comment_status":"closed","ping_status":"open","sticky":false,"template":"","format":"standard","meta":{"_jetpack_memberships_contains_paid_content":false,"footnotes":"","jetpack_publicize_message":"","jetpack_publicize_feature_enabled":true,"jetpack_social_post_already_shared":true,"jetpack_social_options":{"image_generator_settings":{"template":"highway","default_image_id":0,"font":"","enabled":false},"version":2}},"categories":[921,196,140],"tags":[990,12159,4361,51744,51745],"class_list":["post-91858","post","type-post","status-publish","format-standard","has-post-thumbnail","hentry","category-home","category-news","category-reggio-calabria","tag-arghilla","tag-comitato-civico","tag-patrizia-dagui","tag-piazza-don-italo-calabro","tag-segnalazione-criticita"],"yoast_head":"<!-- This site is optimized with the Yoast SEO plugin v27.2 - https:\/\/yoast.com\/product\/yoast-seo-wordpress\/ -->\n<title>Arghill\u00e0 torna al centro dell\u2019attenzione: l\u2019impegno del Gruppo Civico NOI SIAMO ARGHILLA\u2019 rompe anni di silenzio - Radio Touring 104<\/title>\n<meta name=\"description\" content=\"La presidente del Comitato Civico ha marcato la necessit\u00e0 continuare a segnalare le criticit\u00e0 del quartiere\" \/>\n<meta name=\"robots\" content=\"index, follow, max-snippet:-1, max-image-preview:large, max-video-preview:-1\" \/>\n<link rel=\"canonical\" href=\"https:\/\/progettotouring.it\/radiotouring104\/2026\/03\/12\/arghilla-torna-al-centro-dellattenzione-limpegno-del-gruppo-civico-noi-siamo-arghilla-rompe-anni-di-silenzio\/\" \/>\n<meta property=\"og:locale\" content=\"it_IT\" \/>\n<meta property=\"og:type\" content=\"article\" \/>\n<meta property=\"og:title\" content=\"Arghill\u00e0 torna al centro dell\u2019attenzione: l\u2019impegno del Gruppo Civico NOI SIAMO ARGHILLA\u2019 rompe anni di silenzio - Radio Touring 104\" \/>\n<meta property=\"og:description\" content=\"La presidente del Comitato Civico ha marcato la necessit\u00e0 continuare a segnalare le criticit\u00e0 del quartiere\" \/>\n<meta property=\"og:url\" content=\"https:\/\/progettotouring.it\/radiotouring104\/2026\/03\/12\/arghilla-torna-al-centro-dellattenzione-limpegno-del-gruppo-civico-noi-siamo-arghilla-rompe-anni-di-silenzio\/\" \/>\n<meta property=\"og:site_name\" content=\"Radio Touring 104\" \/>\n<meta property=\"article:published_time\" content=\"2026-03-12T09:02:53+00:00\" \/>\n<meta property=\"article:modified_time\" content=\"2026-03-12T11:55:19+00:00\" \/>\n<meta property=\"og:image\" content=\"https:\/\/progettotouring.it\/radiotouring104\/wp-content\/uploads\/sites\/6\/2026\/03\/Patrizia-DAgui.jpeg\" \/>\n\t<meta property=\"og:image:width\" content=\"1600\" \/>\n\t<meta property=\"og:image:height\" content=\"899\" \/>\n\t<meta property=\"og:image:type\" content=\"image\/jpeg\" \/>\n<meta name=\"author\" content=\"redazione\" \/>\n<meta name=\"twitter:card\" content=\"summary_large_image\" \/>\n<meta name=\"twitter:label1\" content=\"Scritto da\" \/>\n\t<meta name=\"twitter:data1\" content=\"redazione\" \/>\n\t<meta name=\"twitter:label2\" content=\"Tempo di lettura stimato\" \/>\n\t<meta name=\"twitter:data2\" content=\"2 minuti\" \/>\n<script type=\"application\/ld+json\" class=\"yoast-schema-graph\">{\"@context\":\"https:\/\/schema.org\",\"@graph\":[{\"@type\":\"Article\",\"@id\":\"https:\/\/progettotouring.it\/radiotouring104\/2026\/03\/12\/arghilla-torna-al-centro-dellattenzione-limpegno-del-gruppo-civico-noi-siamo-arghilla-rompe-anni-di-silenzio\/#article\",\"isPartOf\":{\"@id\":\"https:\/\/progettotouring.it\/radiotouring104\/2026\/03\/12\/arghilla-torna-al-centro-dellattenzione-limpegno-del-gruppo-civico-noi-siamo-arghilla-rompe-anni-di-silenzio\/\"},\"author\":{\"name\":\"redazione\",\"@id\":\"https:\/\/progettotouring.it\/radiotouring104\/#\/schema\/person\/1b3eb3c07c47136bc44c785c543e635f\"},\"headline\":\"Arghill\u00e0 torna al centro dell\u2019attenzione: l\u2019impegno del Gruppo Civico NOI SIAMO ARGHILLA\u2019 rompe anni di silenzio\",\"datePublished\":\"2026-03-12T09:02:53+00:00\",\"dateModified\":\"2026-03-12T11:55:19+00:00\",\"mainEntityOfPage\":{\"@id\":\"https:\/\/progettotouring.it\/radiotouring104\/2026\/03\/12\/arghilla-torna-al-centro-dellattenzione-limpegno-del-gruppo-civico-noi-siamo-arghilla-rompe-anni-di-silenzio\/\"},\"wordCount\":502,\"publisher\":{\"@id\":\"https:\/\/progettotouring.it\/radiotouring104\/#organization\"},\"image\":{\"@id\":\"https:\/\/progettotouring.it\/radiotouring104\/2026\/03\/12\/arghilla-torna-al-centro-dellattenzione-limpegno-del-gruppo-civico-noi-siamo-arghilla-rompe-anni-di-silenzio\/#primaryimage\"},\"thumbnailUrl\":\"https:\/\/progettotouring.it\/radiotouring104\/wp-content\/uploads\/sites\/6\/2026\/03\/Patrizia-DAgui.jpeg\",\"keywords\":[\"Arghill\u00e0\",\"Comitato civico\",\"Patrizia D'Agu\u00ec\",\"piazza Don Italo Calabr\u00f2\",\"segnalazione criticit\u00e0\"],\"articleSection\":[\"Home\",\"News\",\"Reggio Calabria\"],\"inLanguage\":\"it-IT\"},{\"@type\":\"WebPage\",\"@id\":\"https:\/\/progettotouring.it\/radiotouring104\/2026\/03\/12\/arghilla-torna-al-centro-dellattenzione-limpegno-del-gruppo-civico-noi-siamo-arghilla-rompe-anni-di-silenzio\/\",\"url\":\"https:\/\/progettotouring.it\/radiotouring104\/2026\/03\/12\/arghilla-torna-al-centro-dellattenzione-limpegno-del-gruppo-civico-noi-siamo-arghilla-rompe-anni-di-silenzio\/\",\"name\":\"Arghill\u00e0 torna al centro dell\u2019attenzione: l\u2019impegno del Gruppo Civico NOI SIAMO ARGHILLA\u2019 rompe anni di silenzio - Radio Touring 104\",\"isPartOf\":{\"@id\":\"https:\/\/progettotouring.it\/radiotouring104\/#website\"},\"primaryImageOfPage\":{\"@id\":\"https:\/\/progettotouring.it\/radiotouring104\/2026\/03\/12\/arghilla-torna-al-centro-dellattenzione-limpegno-del-gruppo-civico-noi-siamo-arghilla-rompe-anni-di-silenzio\/#primaryimage\"},\"image\":{\"@id\":\"https:\/\/progettotouring.it\/radiotouring104\/2026\/03\/12\/arghilla-torna-al-centro-dellattenzione-limpegno-del-gruppo-civico-noi-siamo-arghilla-rompe-anni-di-silenzio\/#primaryimage\"},\"thumbnailUrl\":\"https:\/\/progettotouring.it\/radiotouring104\/wp-content\/uploads\/sites\/6\/2026\/03\/Patrizia-DAgui.jpeg\",\"datePublished\":\"2026-03-12T09:02:53+00:00\",\"dateModified\":\"2026-03-12T11:55:19+00:00\",\"description\":\"La presidente del Comitato Civico ha marcato la necessit\u00e0 continuare a segnalare le criticit\u00e0 del quartiere\",\"breadcrumb\":{\"@id\":\"https:\/\/progettotouring.it\/radiotouring104\/2026\/03\/12\/arghilla-torna-al-centro-dellattenzione-limpegno-del-gruppo-civico-noi-siamo-arghilla-rompe-anni-di-silenzio\/#breadcrumb\"},\"inLanguage\":\"it-IT\",\"potentialAction\":[{\"@type\":\"ReadAction\",\"target\":[\"https:\/\/progettotouring.it\/radiotouring104\/2026\/03\/12\/arghilla-torna-al-centro-dellattenzione-limpegno-del-gruppo-civico-noi-siamo-arghilla-rompe-anni-di-silenzio\/\"]}]},{\"@type\":\"ImageObject\",\"inLanguage\":\"it-IT\",\"@id\":\"https:\/\/progettotouring.it\/radiotouring104\/2026\/03\/12\/arghilla-torna-al-centro-dellattenzione-limpegno-del-gruppo-civico-noi-siamo-arghilla-rompe-anni-di-silenzio\/#primaryimage\",\"url\":\"https:\/\/progettotouring.it\/radiotouring104\/wp-content\/uploads\/sites\/6\/2026\/03\/Patrizia-DAgui.jpeg\",\"contentUrl\":\"https:\/\/progettotouring.it\/radiotouring104\/wp-content\/uploads\/sites\/6\/2026\/03\/Patrizia-DAgui.jpeg\",\"width\":1600,\"height\":899},{\"@type\":\"BreadcrumbList\",\"@id\":\"https:\/\/progettotouring.it\/radiotouring104\/2026\/03\/12\/arghilla-torna-al-centro-dellattenzione-limpegno-del-gruppo-civico-noi-siamo-arghilla-rompe-anni-di-silenzio\/#breadcrumb\",\"itemListElement\":[{\"@type\":\"ListItem\",\"position\":1,\"name\":\"Home\",\"item\":\"https:\/\/progettotouring.it\/radiotouring104\/\"},{\"@type\":\"ListItem\",\"position\":2,\"name\":\"Arghill\u00e0 torna al centro dell\u2019attenzione: l\u2019impegno del Gruppo Civico NOI SIAMO ARGHILLA\u2019 rompe anni di silenzio\"}]},{\"@type\":\"WebSite\",\"@id\":\"https:\/\/progettotouring.it\/radiotouring104\/#website\",\"url\":\"https:\/\/progettotouring.it\/radiotouring104\/\",\"name\":\"Radio Touring 104\",\"description\":\"La prima radio Reggina\",\"publisher\":{\"@id\":\"https:\/\/progettotouring.it\/radiotouring104\/#organization\"},\"potentialAction\":[{\"@type\":\"SearchAction\",\"target\":{\"@type\":\"EntryPoint\",\"urlTemplate\":\"https:\/\/progettotouring.it\/radiotouring104\/?s={search_term_string}\"},\"query-input\":{\"@type\":\"PropertyValueSpecification\",\"valueRequired\":true,\"valueName\":\"search_term_string\"}}],\"inLanguage\":\"it-IT\"},{\"@type\":\"Organization\",\"@id\":\"https:\/\/progettotouring.it\/radiotouring104\/#organization\",\"name\":\"Radio Touring 104\",\"url\":\"https:\/\/progettotouring.it\/radiotouring104\/\",\"logo\":{\"@type\":\"ImageObject\",\"inLanguage\":\"it-IT\",\"@id\":\"https:\/\/progettotouring.it\/radiotouring104\/#\/schema\/logo\/image\/\",\"url\":\"https:\/\/progettotouring.it\/radiotouring104\/wp-content\/uploads\/sites\/6\/2022\/02\/cropped-logo-radio-touring-104.png\",\"contentUrl\":\"https:\/\/progettotouring.it\/radiotouring104\/wp-content\/uploads\/sites\/6\/2022\/02\/cropped-logo-radio-touring-104.png\",\"width\":377,\"height\":182,\"caption\":\"Radio Touring 104\"},\"image\":{\"@id\":\"https:\/\/progettotouring.it\/radiotouring104\/#\/schema\/logo\/image\/\"}},{\"@type\":\"Person\",\"@id\":\"https:\/\/progettotouring.it\/radiotouring104\/#\/schema\/person\/1b3eb3c07c47136bc44c785c543e635f\",\"name\":\"redazione\",\"image\":{\"@type\":\"ImageObject\",\"inLanguage\":\"it-IT\",\"@id\":\"https:\/\/secure.gravatar.com\/avatar\/0b31605b49f100769e8b624b3e05de1b73e1692e9568a352f60f53fd072e6e11?s=96&d=mm&r=g\",\"url\":\"https:\/\/secure.gravatar.com\/avatar\/0b31605b49f100769e8b624b3e05de1b73e1692e9568a352f60f53fd072e6e11?s=96&d=mm&r=g\",\"contentUrl\":\"https:\/\/secure.gravatar.com\/avatar\/0b31605b49f100769e8b624b3e05de1b73e1692e9568a352f60f53fd072e6e11?s=96&d=mm&r=g\",\"caption\":\"redazione\"},\"url\":\"https:\/\/progettotouring.it\/radiotouring104\/author\/redazione\/\"}]}<\/script>\n<!-- \/ Yoast SEO plugin. -->","yoast_head_json":{"title":"Arghill\u00e0 torna al centro dell\u2019attenzione: l\u2019impegno del Gruppo Civico NOI SIAMO ARGHILLA\u2019 rompe anni di silenzio - Radio Touring 104","description":"La presidente del Comitato Civico ha marcato la necessit\u00e0 continuare a segnalare le criticit\u00e0 del quartiere","robots":{"index":"index","follow":"follow","max-snippet":"max-snippet:-1","max-image-preview":"max-image-preview:large","max-video-preview":"max-video-preview:-1"},"canonical":"https:\/\/progettotouring.it\/radiotouring104\/2026\/03\/12\/arghilla-torna-al-centro-dellattenzione-limpegno-del-gruppo-civico-noi-siamo-arghilla-rompe-anni-di-silenzio\/","og_locale":"it_IT","og_type":"article","og_title":"Arghill\u00e0 torna al centro dell\u2019attenzione: l\u2019impegno del Gruppo Civico NOI SIAMO ARGHILLA\u2019 rompe anni di silenzio - Radio Touring 104","og_description":"La presidente del Comitato Civico ha marcato la necessit\u00e0 continuare a segnalare le criticit\u00e0 del quartiere","og_url":"https:\/\/progettotouring.it\/radiotouring104\/2026\/03\/12\/arghilla-torna-al-centro-dellattenzione-limpegno-del-gruppo-civico-noi-siamo-arghilla-rompe-anni-di-silenzio\/","og_site_name":"Radio Touring 104","article_published_time":"2026-03-12T09:02:53+00:00","article_modified_time":"2026-03-12T11:55:19+00:00","og_image":[{"width":1600,"height":899,"url":"https:\/\/progettotouring.it\/radiotouring104\/wp-content\/uploads\/sites\/6\/2026\/03\/Patrizia-DAgui.jpeg","type":"image\/jpeg"}],"author":"redazione","twitter_card":"summary_large_image","twitter_misc":{"Scritto da":"redazione","Tempo di lettura stimato":"2 minuti"},"schema":{"@context":"https:\/\/schema.org","@graph":[{"@type":"Article","@id":"https:\/\/progettotouring.it\/radiotouring104\/2026\/03\/12\/arghilla-torna-al-centro-dellattenzione-limpegno-del-gruppo-civico-noi-siamo-arghilla-rompe-anni-di-silenzio\/#article","isPartOf":{"@id":"https:\/\/progettotouring.it\/radiotouring104\/2026\/03\/12\/arghilla-torna-al-centro-dellattenzione-limpegno-del-gruppo-civico-noi-siamo-arghilla-rompe-anni-di-silenzio\/"},"author":{"name":"redazione","@id":"https:\/\/progettotouring.it\/radiotouring104\/#\/schema\/person\/1b3eb3c07c47136bc44c785c543e635f"},"headline":"Arghill\u00e0 torna al centro dell\u2019attenzione: l\u2019impegno del Gruppo Civico NOI SIAMO ARGHILLA\u2019 rompe anni di silenzio","datePublished":"2026-03-12T09:02:53+00:00","dateModified":"2026-03-12T11:55:19+00:00","mainEntityOfPage":{"@id":"https:\/\/progettotouring.it\/radiotouring104\/2026\/03\/12\/arghilla-torna-al-centro-dellattenzione-limpegno-del-gruppo-civico-noi-siamo-arghilla-rompe-anni-di-silenzio\/"},"wordCount":502,"publisher":{"@id":"https:\/\/progettotouring.it\/radiotouring104\/#organization"},"image":{"@id":"https:\/\/progettotouring.it\/radiotouring104\/2026\/03\/12\/arghilla-torna-al-centro-dellattenzione-limpegno-del-gruppo-civico-noi-siamo-arghilla-rompe-anni-di-silenzio\/#primaryimage"},"thumbnailUrl":"https:\/\/progettotouring.it\/radiotouring104\/wp-content\/uploads\/sites\/6\/2026\/03\/Patrizia-DAgui.jpeg","keywords":["Arghill\u00e0","Comitato civico","Patrizia D'Agu\u00ec","piazza Don Italo Calabr\u00f2","segnalazione criticit\u00e0"],"articleSection":["Home","News","Reggio Calabria"],"inLanguage":"it-IT"},{"@type":"WebPage","@id":"https:\/\/progettotouring.it\/radiotouring104\/2026\/03\/12\/arghilla-torna-al-centro-dellattenzione-limpegno-del-gruppo-civico-noi-siamo-arghilla-rompe-anni-di-silenzio\/","url":"https:\/\/progettotouring.it\/radiotouring104\/2026\/03\/12\/arghilla-torna-al-centro-dellattenzione-limpegno-del-gruppo-civico-noi-siamo-arghilla-rompe-anni-di-silenzio\/","name":"Arghill\u00e0 torna al centro dell\u2019attenzione: l\u2019impegno del Gruppo Civico NOI SIAMO ARGHILLA\u2019 rompe anni di silenzio - Radio Touring 104","isPartOf":{"@id":"https:\/\/progettotouring.it\/radiotouring104\/#website"},"primaryImageOfPage":{"@id":"https:\/\/progettotouring.it\/radiotouring104\/2026\/03\/12\/arghilla-torna-al-centro-dellattenzione-limpegno-del-gruppo-civico-noi-siamo-arghilla-rompe-anni-di-silenzio\/#primaryimage"},"image":{"@id":"https:\/\/progettotouring.it\/radiotouring104\/2026\/03\/12\/arghilla-torna-al-centro-dellattenzione-limpegno-del-gruppo-civico-noi-siamo-arghilla-rompe-anni-di-silenzio\/#primaryimage"},"thumbnailUrl":"https:\/\/progettotouring.it\/radiotouring104\/wp-content\/uploads\/sites\/6\/2026\/03\/Patrizia-DAgui.jpeg","datePublished":"2026-03-12T09:02:53+00:00","dateModified":"2026-03-12T11:55:19+00:00","description":"La presidente del Comitato Civico ha marcato la necessit\u00e0 continuare a segnalare le criticit\u00e0 del quartiere","breadcrumb":{"@id":"https:\/\/progettotouring.it\/radiotouring104\/2026\/03\/12\/arghilla-torna-al-centro-dellattenzione-limpegno-del-gruppo-civico-noi-siamo-arghilla-rompe-anni-di-silenzio\/#breadcrumb"},"inLanguage":"it-IT","potentialAction":[{"@type":"ReadAction","target":["https:\/\/progettotouring.it\/radiotouring104\/2026\/03\/12\/arghilla-torna-al-centro-dellattenzione-limpegno-del-gruppo-civico-noi-siamo-arghilla-rompe-anni-di-silenzio\/"]}]},{"@type":"ImageObject","inLanguage":"it-IT","@id":"https:\/\/progettotouring.it\/radiotouring104\/2026\/03\/12\/arghilla-torna-al-centro-dellattenzione-limpegno-del-gruppo-civico-noi-siamo-arghilla-rompe-anni-di-silenzio\/#primaryimage","url":"https:\/\/progettotouring.it\/radiotouring104\/wp-content\/uploads\/sites\/6\/2026\/03\/Patrizia-DAgui.jpeg","contentUrl":"https:\/\/progettotouring.it\/radiotouring104\/wp-content\/uploads\/sites\/6\/2026\/03\/Patrizia-DAgui.jpeg","width":1600,"height":899},{"@type":"BreadcrumbList","@id":"https:\/\/progettotouring.it\/radiotouring104\/2026\/03\/12\/arghilla-torna-al-centro-dellattenzione-limpegno-del-gruppo-civico-noi-siamo-arghilla-rompe-anni-di-silenzio\/#breadcrumb","itemListElement":[{"@type":"ListItem","position":1,"name":"Home","item":"https:\/\/progettotouring.it\/radiotouring104\/"},{"@type":"ListItem","position":2,"name":"Arghill\u00e0 torna al centro dell\u2019attenzione: l\u2019impegno del Gruppo Civico NOI SIAMO ARGHILLA\u2019 rompe anni di silenzio"}]},{"@type":"WebSite","@id":"https:\/\/progettotouring.it\/radiotouring104\/#website","url":"https:\/\/progettotouring.it\/radiotouring104\/","name":"Radio Touring 104","description":"La prima radio Reggina","publisher":{"@id":"https:\/\/progettotouring.it\/radiotouring104\/#organization"},"potentialAction":[{"@type":"SearchAction","target":{"@type":"EntryPoint","urlTemplate":"https:\/\/progettotouring.it\/radiotouring104\/?s={search_term_string}"},"query-input":{"@type":"PropertyValueSpecification","valueRequired":true,"valueName":"search_term_string"}}],"inLanguage":"it-IT"},{"@type":"Organization","@id":"https:\/\/progettotouring.it\/radiotouring104\/#organization","name":"Radio Touring 104","url":"https:\/\/progettotouring.it\/radiotouring104\/","logo":{"@type":"ImageObject","inLanguage":"it-IT","@id":"https:\/\/progettotouring.it\/radiotouring104\/#\/schema\/logo\/image\/","url":"https:\/\/progettotouring.it\/radiotouring104\/wp-content\/uploads\/sites\/6\/2022\/02\/cropped-logo-radio-touring-104.png","contentUrl":"https:\/\/progettotouring.it\/radiotouring104\/wp-content\/uploads\/sites\/6\/2022\/02\/cropped-logo-radio-touring-104.png","width":377,"height":182,"caption":"Radio Touring 104"},"image":{"@id":"https:\/\/progettotouring.it\/radiotouring104\/#\/schema\/logo\/image\/"}},{"@type":"Person","@id":"https:\/\/progettotouring.it\/radiotouring104\/#\/schema\/person\/1b3eb3c07c47136bc44c785c543e635f","name":"redazione","image":{"@type":"ImageObject","inLanguage":"it-IT","@id":"https:\/\/secure.gravatar.com\/avatar\/0b31605b49f100769e8b624b3e05de1b73e1692e9568a352f60f53fd072e6e11?s=96&d=mm&r=g","url":"https:\/\/secure.gravatar.com\/avatar\/0b31605b49f100769e8b624b3e05de1b73e1692e9568a352f60f53fd072e6e11?s=96&d=mm&r=g","contentUrl":"https:\/\/secure.gravatar.com\/avatar\/0b31605b49f100769e8b624b3e05de1b73e1692e9568a352f60f53fd072e6e11?s=96&d=mm&r=g","caption":"redazione"},"url":"https:\/\/progettotouring.it\/radiotouring104\/author\/redazione\/"}]}},"jetpack_publicize_connections":[],"jetpack_featured_media_url":"https:\/\/progettotouring.it\/radiotouring104\/wp-content\/uploads\/sites\/6\/2026\/03\/Patrizia-DAgui.jpeg","jetpack_sharing_enabled":true,"_links":{"self":[{"href":"https:\/\/progettotouring.it\/radiotouring104\/wp-json\/wp\/v2\/posts\/91858","targetHints":{"allow":["GET"]}}],"collection":[{"href":"https:\/\/progettotouring.it\/radiotouring104\/wp-json\/wp\/v2\/posts"}],"about":[{"href":"https:\/\/progettotouring.it\/radiotouring104\/wp-json\/wp\/v2\/types\/post"}],"author":[{"embeddable":true,"href":"https:\/\/progettotouring.it\/radiotouring104\/wp-json\/wp\/v2\/users\/5"}],"replies":[{"embeddable":true,"href":"https:\/\/progettotouring.it\/radiotouring104\/wp-json\/wp\/v2\/comments?post=91858"}],"version-history":[{"count":1,"href":"https:\/\/progettotouring.it\/radiotouring104\/wp-json\/wp\/v2\/posts\/91858\/revisions"}],"predecessor-version":[{"id":91860,"href":"https:\/\/progettotouring.it\/radiotouring104\/wp-json\/wp\/v2\/posts\/91858\/revisions\/91860"}],"wp:featuredmedia":[{"embeddable":true,"href":"https:\/\/progettotouring.it\/radiotouring104\/wp-json\/wp\/v2\/media\/91859"}],"wp:attachment":[{"href":"https:\/\/progettotouring.it\/radiotouring104\/wp-json\/wp\/v2\/media?parent=91858"}],"wp:term":[{"taxonomy":"category","embeddable":true,"href":"https:\/\/progettotouring.it\/radiotouring104\/wp-json\/wp\/v2\/categories?post=91858"},{"taxonomy":"post_tag","embeddable":true,"href":"https:\/\/progettotouring.it\/radiotouring104\/wp-json\/wp\/v2\/tags?post=91858"}],"curies":[{"name":"wp","href":"https:\/\/api.w.org\/{rel}","templated":true}]}}