{"id":91863,"date":"2026-03-12T10:21:45","date_gmt":"2026-03-12T09:21:45","guid":{"rendered":"https:\/\/progettotouring.it\/radiotouring104\/?p=91863"},"modified":"2026-03-12T12:55:11","modified_gmt":"2026-03-12T11:55:11","slug":"arangea-rc-camminata-urbana-in-occasione-della-giornata-nazionale-del-paesaggio","status":"publish","type":"post","link":"https:\/\/progettotouring.it\/radiotouring104\/2026\/03\/12\/arangea-rc-camminata-urbana-in-occasione-della-giornata-nazionale-del-paesaggio\/","title":{"rendered":"Arangea (RC): camminata urbana in occasione della &#8220;Giornata Nazionale del Paesaggio&#8221;"},"content":{"rendered":"<p>Di Anna Arcudi: &#8220;Il movimento politico La Strada celebra la Giornata Nazionale del paesaggio con un <strong>cammino urbano <\/strong>organizzato per<strong> giorno 14 marzo<\/strong> nel <strong>quartiere di Arangea<\/strong>, nella immediata periferia sud di Reggio Calabria, dove esiste ancora un prezioso frammento di paesaggio agricolo storico: un<strong> agrumeto<\/strong> dedicato alla coltivazione del <strong>bergamotto. <\/strong>Un\u2019estesa area coltivata che continua a rappresentare un importante <strong>polmone verde per la citt\u00e0<\/strong>, caratterizzato da una specie arborea divenuta nel tempo simbolo della tradizione agricola reggina.<\/p>\n<p>L\u2019area si ritrova in un contesto urbano che nel corso degli anni \u00e8 stato oggetto di una notevole <strong>pressione edilizia<\/strong> con una progressiva riduzione degli spazi naturali. Un tema che come \u00e8 noto riguarda in maniera estensiva la gran parte della cintura periurbana della citt\u00e0 di Reggio Calabria. Se osserviamo il caotico sviluppo urbanistico delle nostre periferie non possiamo non accorgerci di quanto la <strong>salvaguardia di questo patrimonio agricolo e paesaggistico<\/strong> diventi sempre pi\u00f9 importante e possa assumere un valore strategico. Esiste un <strong>quadro normativo<\/strong> di riferimento che non solo detta le linee guida per uno <strong>sviluppo ecologicamente sostenibile <\/strong>degli ambienti urbani del futuro ma offre anche <strong>strumenti di programmazione<\/strong> per i Comuni, allo scopo di scongiurare scelte dettate dall\u2019improvvisazione.\u00a0 La <strong>Legge n. 10\/2013 <\/strong>promuove la tutela e lo sviluppo del verde nelle citt\u00e0, riconoscendo il valore del patrimonio arboreo e incoraggiando i Comuni a pianificare e <strong>incrementare le aree verdi urbane<\/strong>. A livello locale, in Calabria la <strong>Legge regionale n. 7\/2024<\/strong> rafforza questi principi introducendo strumenti di pianificazione e gestione del verde che includono anche <strong>forme di collaborazione con i proprietari di aree private<\/strong>. In questo quadro<strong>, l\u2019agrumeto di Villa Arangea <\/strong>potrebbe costituire un esempio per lo sviluppo e la <strong>valorizzazione del verde pubblico-privato<\/strong> con l\u2018attivazione di <strong>convenzioni tra amministrazione e proprietari<\/strong>, defiscalizzazioni e incentivi per la manutenzione delle coltivazioni tradizionali, inserimento dell\u2019area nel Piano comunale del verde e nella rete dell\u2019infrastruttura verde urbana. Tali strumenti permetterebbero di conservare il paesaggio agricolo esistente e, al tempo stesso, di renderlo una <strong>risorsa ambientale, culturale e sociale per la citt\u00e0<\/strong>.<\/p>\n<p>Interessanti sono alcuni esempi virtuosi nel rapporto pubblico e verde privato. Presso Comuni dell\u2019Italia settentrionale, \u00e8 il caso ad esempio di Livorno, si prevedono\u00a0 misure di <strong>defiscalizzazione per i privati<\/strong> in virt\u00f9 dei servizi eco-sistemici generati dal verde di loro propriet\u00e0; ancora, nel Comune di Bologna <strong>il Piano del verde<\/strong> promuove e incentiva l\u2019incremento delle coperture vegetali e il rinverdimento degli involucri edilizi ( <strong>tetti verdi, verde pensile alberato<\/strong> ecc.); il piano del verde della Regione Emilia Romagna\u00a0 promuove invece la possibilit\u00e0 di realizzare e <strong>gestire il verde lungo i margini della citt\u00e0<\/strong> compatta da parte di soggetti privati.<\/p>\n<p>Con il cammino urbano del 14 marzo, nell\u2019ambito del percorso \u201cDecentriamo\u201d del movimento La Strada, vogliamo portare l\u2019attenzione sulle aree coltivate a bergamotto di Arangea, che, pur essendo in gran parte suddivise in lotti di propriet\u00e0 privata, possono costituire un elemento fondamentale di una pi\u00f9 ampia infrastruttura verde cittadina, contribuendo a mantenere continuit\u00e0 ecologica e qualit\u00e0 paesaggistica. L\u2019area di Arangea potrebbe essere infatti considerata una potenziale infrastruttura verde urbana, capace di collegare agricoltura, paesaggio e spazio pubblico. L\u2019idea ad esempio di un <strong>Parco del bergamotto<\/strong> che non preveda l\u2019esproprio dei terreni, ma si basi su un modello di <strong>collaborazione tra il Comune e i proprietari dei lotti agricoli<\/strong>, attraverso convenzioni che consentano di mantenere la coltivazione del bergamotto e allo stesso tempo <strong>rendere alcune parti dell\u2019area accessibili ai cittadini <\/strong>mediante <strong>percorsi pedonali, spazi didattici e aree di sosta<\/strong>. In un contesto urbano in cui gli spazi verdi sono sempre pi\u00f9 preziosi, l\u2019area di Arangea rappresenta un\u2019opportunit\u00e0 per dare forze alla possibilit\u00e0 di una rete ecologica e diventare un luogo per attivit\u00e0 educative, percorsi turistici e iniziative culturali dedicate alla valorizzazione di una tra le coltivazioni pi\u00f9 riconoscibili e identitarie del territorio.<\/p>\n<p>Immaginare che queste aree verdi private, derivanti dalla parcellizzazione (polverizzazione) di ex latifondi, possano essere convertite, anche solo parzialmente, in spazi a fruizione pubblica, pu\u00f2 suonare utopico. Ma \u00e8 proprio questa visione utopica che oggi torna a ispirare urbanisti e architetti che progettano l\u2019urbano, ripensando l\u2019esistente, immaginando <strong>citt\u00e0 pi\u00f9 vivibili<\/strong> e pi\u00f9 vicine alle persone. Reggio Calabria, prima che la grande conurbazione la cambiasse per sempre, era una <strong>\u201ccitt\u00e0 giardino\u201d<\/strong>: un luogo dove urbano e rurale convivevano in equilibrio. Oggi, in quartieri come Villa Arangea, qualche traccia di quell\u2019armonia resiste ancora, un richiamo a come si possa reinventare il rapporto con il verde, con lo spazio pubblico e con la vita di quartiere.<\/p>\n<p>Il cammino si terr\u00e0 <strong>sabato 14 marzo a Villa Arangea<\/strong>, con raduno <strong>alle ore 16:00<\/strong> presso Vico Sant\u2019Antonio.&#8221;<\/p>\n","protected":false},"excerpt":{"rendered":"<p>Di Anna Arcudi: &#8220;Il movimento politico La Strada celebra la Giornata Nazionale del paesaggio con un cammino urbano organizzato per giorno 14 marzo nel quartiere di Arangea, nella immediata periferia&hellip;<\/p>\n","protected":false},"author":5,"featured_media":91864,"comment_status":"closed","ping_status":"open","sticky":false,"template":"","format":"standard","meta":{"_jetpack_memberships_contains_paid_content":false,"footnotes":"","jetpack_publicize_message":"","jetpack_publicize_feature_enabled":true,"jetpack_social_post_already_shared":true,"jetpack_social_options":{"image_generator_settings":{"template":"highway","default_image_id":0,"font":"","enabled":false},"version":2}},"categories":[921,196,140],"tags":[51752,51750,31975,51751,5647],"class_list":["post-91863","post","type-post","status-publish","format-standard","has-post-thumbnail","hentry","category-home","category-news","category-reggio-calabria","tag-giornata-nazionale-del-paesaggio","tag-anna-arcudi","tag-arangea","tag-camminata-urbana","tag-movimento-la-strada"],"yoast_head":"<!-- This site is optimized with the Yoast SEO plugin v27.2 - https:\/\/yoast.com\/product\/yoast-seo-wordpress\/ -->\n<title>Arangea (RC): camminata urbana in occasione della &quot;Giornata Nazionale del Paesaggio&quot; - Radio Touring 104<\/title>\n<meta name=\"description\" content=\"La camminata, organizzata dal &quot;Movimento La Strada&quot;, per riscoprire il paesaggio tra memoria rurale e citt\u00e0 giardino, si terra il 14 marzo\" \/>\n<meta name=\"robots\" content=\"index, follow, max-snippet:-1, max-image-preview:large, max-video-preview:-1\" \/>\n<link rel=\"canonical\" href=\"https:\/\/progettotouring.it\/radiotouring104\/2026\/03\/12\/arangea-rc-camminata-urbana-in-occasione-della-giornata-nazionale-del-paesaggio\/\" \/>\n<meta property=\"og:locale\" content=\"it_IT\" \/>\n<meta property=\"og:type\" content=\"article\" \/>\n<meta property=\"og:title\" content=\"Arangea (RC): camminata urbana in occasione della &quot;Giornata Nazionale del Paesaggio&quot; - Radio Touring 104\" \/>\n<meta property=\"og:description\" content=\"La camminata, organizzata dal &quot;Movimento La Strada&quot;, per riscoprire il paesaggio tra memoria rurale e citt\u00e0 giardino, si terra il 14 marzo\" \/>\n<meta property=\"og:url\" content=\"https:\/\/progettotouring.it\/radiotouring104\/2026\/03\/12\/arangea-rc-camminata-urbana-in-occasione-della-giornata-nazionale-del-paesaggio\/\" \/>\n<meta property=\"og:site_name\" content=\"Radio Touring 104\" \/>\n<meta property=\"article:published_time\" content=\"2026-03-12T09:21:45+00:00\" \/>\n<meta property=\"article:modified_time\" content=\"2026-03-12T11:55:11+00:00\" \/>\n<meta property=\"og:image\" content=\"https:\/\/progettotouring.it\/radiotouring104\/wp-content\/uploads\/sites\/6\/2026\/03\/cammini-urbani.png\" \/>\n\t<meta property=\"og:image:width\" content=\"1079\" \/>\n\t<meta property=\"og:image:height\" content=\"1349\" \/>\n\t<meta property=\"og:image:type\" content=\"image\/png\" \/>\n<meta name=\"author\" content=\"redazione\" \/>\n<meta name=\"twitter:card\" content=\"summary_large_image\" \/>\n<meta name=\"twitter:label1\" content=\"Scritto da\" \/>\n\t<meta name=\"twitter:data1\" content=\"redazione\" \/>\n\t<meta name=\"twitter:label2\" content=\"Tempo di lettura stimato\" \/>\n\t<meta name=\"twitter:data2\" content=\"4 minuti\" \/>\n<script type=\"application\/ld+json\" class=\"yoast-schema-graph\">{\"@context\":\"https:\/\/schema.org\",\"@graph\":[{\"@type\":\"Article\",\"@id\":\"https:\/\/progettotouring.it\/radiotouring104\/2026\/03\/12\/arangea-rc-camminata-urbana-in-occasione-della-giornata-nazionale-del-paesaggio\/#article\",\"isPartOf\":{\"@id\":\"https:\/\/progettotouring.it\/radiotouring104\/2026\/03\/12\/arangea-rc-camminata-urbana-in-occasione-della-giornata-nazionale-del-paesaggio\/\"},\"author\":{\"name\":\"redazione\",\"@id\":\"https:\/\/progettotouring.it\/radiotouring104\/#\/schema\/person\/1b3eb3c07c47136bc44c785c543e635f\"},\"headline\":\"Arangea (RC): camminata urbana in occasione della &#8220;Giornata Nazionale del Paesaggio&#8221;\",\"datePublished\":\"2026-03-12T09:21:45+00:00\",\"dateModified\":\"2026-03-12T11:55:11+00:00\",\"mainEntityOfPage\":{\"@id\":\"https:\/\/progettotouring.it\/radiotouring104\/2026\/03\/12\/arangea-rc-camminata-urbana-in-occasione-della-giornata-nazionale-del-paesaggio\/\"},\"wordCount\":779,\"publisher\":{\"@id\":\"https:\/\/progettotouring.it\/radiotouring104\/#organization\"},\"image\":{\"@id\":\"https:\/\/progettotouring.it\/radiotouring104\/2026\/03\/12\/arangea-rc-camminata-urbana-in-occasione-della-giornata-nazionale-del-paesaggio\/#primaryimage\"},\"thumbnailUrl\":\"https:\/\/progettotouring.it\/radiotouring104\/wp-content\/uploads\/sites\/6\/2026\/03\/cammini-urbani.png\",\"keywords\":[\"\\\"Giornata Nazionale del Paesaggio\\\"\",\"Anna Arcudi\",\"Arangea\",\"camminata urbana\",\"Movimento \\\"La Strada\\\"\"],\"articleSection\":[\"Home\",\"News\",\"Reggio Calabria\"],\"inLanguage\":\"it-IT\"},{\"@type\":\"WebPage\",\"@id\":\"https:\/\/progettotouring.it\/radiotouring104\/2026\/03\/12\/arangea-rc-camminata-urbana-in-occasione-della-giornata-nazionale-del-paesaggio\/\",\"url\":\"https:\/\/progettotouring.it\/radiotouring104\/2026\/03\/12\/arangea-rc-camminata-urbana-in-occasione-della-giornata-nazionale-del-paesaggio\/\",\"name\":\"Arangea (RC): camminata urbana in occasione della \\\"Giornata Nazionale del Paesaggio\\\" - Radio Touring 104\",\"isPartOf\":{\"@id\":\"https:\/\/progettotouring.it\/radiotouring104\/#website\"},\"primaryImageOfPage\":{\"@id\":\"https:\/\/progettotouring.it\/radiotouring104\/2026\/03\/12\/arangea-rc-camminata-urbana-in-occasione-della-giornata-nazionale-del-paesaggio\/#primaryimage\"},\"image\":{\"@id\":\"https:\/\/progettotouring.it\/radiotouring104\/2026\/03\/12\/arangea-rc-camminata-urbana-in-occasione-della-giornata-nazionale-del-paesaggio\/#primaryimage\"},\"thumbnailUrl\":\"https:\/\/progettotouring.it\/radiotouring104\/wp-content\/uploads\/sites\/6\/2026\/03\/cammini-urbani.png\",\"datePublished\":\"2026-03-12T09:21:45+00:00\",\"dateModified\":\"2026-03-12T11:55:11+00:00\",\"description\":\"La camminata, organizzata dal \\\"Movimento La Strada\\\", per riscoprire il paesaggio tra memoria rurale e citt\u00e0 giardino, si terra il 14 marzo\",\"breadcrumb\":{\"@id\":\"https:\/\/progettotouring.it\/radiotouring104\/2026\/03\/12\/arangea-rc-camminata-urbana-in-occasione-della-giornata-nazionale-del-paesaggio\/#breadcrumb\"},\"inLanguage\":\"it-IT\",\"potentialAction\":[{\"@type\":\"ReadAction\",\"target\":[\"https:\/\/progettotouring.it\/radiotouring104\/2026\/03\/12\/arangea-rc-camminata-urbana-in-occasione-della-giornata-nazionale-del-paesaggio\/\"]}]},{\"@type\":\"ImageObject\",\"inLanguage\":\"it-IT\",\"@id\":\"https:\/\/progettotouring.it\/radiotouring104\/2026\/03\/12\/arangea-rc-camminata-urbana-in-occasione-della-giornata-nazionale-del-paesaggio\/#primaryimage\",\"url\":\"https:\/\/progettotouring.it\/radiotouring104\/wp-content\/uploads\/sites\/6\/2026\/03\/cammini-urbani.png\",\"contentUrl\":\"https:\/\/progettotouring.it\/radiotouring104\/wp-content\/uploads\/sites\/6\/2026\/03\/cammini-urbani.png\",\"width\":1079,\"height\":1349},{\"@type\":\"BreadcrumbList\",\"@id\":\"https:\/\/progettotouring.it\/radiotouring104\/2026\/03\/12\/arangea-rc-camminata-urbana-in-occasione-della-giornata-nazionale-del-paesaggio\/#breadcrumb\",\"itemListElement\":[{\"@type\":\"ListItem\",\"position\":1,\"name\":\"Home\",\"item\":\"https:\/\/progettotouring.it\/radiotouring104\/\"},{\"@type\":\"ListItem\",\"position\":2,\"name\":\"Arangea (RC): camminata urbana in occasione della &#8220;Giornata Nazionale del Paesaggio&#8221;\"}]},{\"@type\":\"WebSite\",\"@id\":\"https:\/\/progettotouring.it\/radiotouring104\/#website\",\"url\":\"https:\/\/progettotouring.it\/radiotouring104\/\",\"name\":\"Radio Touring 104\",\"description\":\"La prima radio Reggina\",\"publisher\":{\"@id\":\"https:\/\/progettotouring.it\/radiotouring104\/#organization\"},\"potentialAction\":[{\"@type\":\"SearchAction\",\"target\":{\"@type\":\"EntryPoint\",\"urlTemplate\":\"https:\/\/progettotouring.it\/radiotouring104\/?s={search_term_string}\"},\"query-input\":{\"@type\":\"PropertyValueSpecification\",\"valueRequired\":true,\"valueName\":\"search_term_string\"}}],\"inLanguage\":\"it-IT\"},{\"@type\":\"Organization\",\"@id\":\"https:\/\/progettotouring.it\/radiotouring104\/#organization\",\"name\":\"Radio Touring 104\",\"url\":\"https:\/\/progettotouring.it\/radiotouring104\/\",\"logo\":{\"@type\":\"ImageObject\",\"inLanguage\":\"it-IT\",\"@id\":\"https:\/\/progettotouring.it\/radiotouring104\/#\/schema\/logo\/image\/\",\"url\":\"https:\/\/progettotouring.it\/radiotouring104\/wp-content\/uploads\/sites\/6\/2022\/02\/cropped-logo-radio-touring-104.png\",\"contentUrl\":\"https:\/\/progettotouring.it\/radiotouring104\/wp-content\/uploads\/sites\/6\/2022\/02\/cropped-logo-radio-touring-104.png\",\"width\":377,\"height\":182,\"caption\":\"Radio Touring 104\"},\"image\":{\"@id\":\"https:\/\/progettotouring.it\/radiotouring104\/#\/schema\/logo\/image\/\"}},{\"@type\":\"Person\",\"@id\":\"https:\/\/progettotouring.it\/radiotouring104\/#\/schema\/person\/1b3eb3c07c47136bc44c785c543e635f\",\"name\":\"redazione\",\"image\":{\"@type\":\"ImageObject\",\"inLanguage\":\"it-IT\",\"@id\":\"https:\/\/secure.gravatar.com\/avatar\/0b31605b49f100769e8b624b3e05de1b73e1692e9568a352f60f53fd072e6e11?s=96&d=mm&r=g\",\"url\":\"https:\/\/secure.gravatar.com\/avatar\/0b31605b49f100769e8b624b3e05de1b73e1692e9568a352f60f53fd072e6e11?s=96&d=mm&r=g\",\"contentUrl\":\"https:\/\/secure.gravatar.com\/avatar\/0b31605b49f100769e8b624b3e05de1b73e1692e9568a352f60f53fd072e6e11?s=96&d=mm&r=g\",\"caption\":\"redazione\"},\"url\":\"https:\/\/progettotouring.it\/radiotouring104\/author\/redazione\/\"}]}<\/script>\n<!-- \/ Yoast SEO plugin. -->","yoast_head_json":{"title":"Arangea (RC): camminata urbana in occasione della \"Giornata Nazionale del Paesaggio\" - Radio Touring 104","description":"La camminata, organizzata dal \"Movimento La Strada\", per riscoprire il paesaggio tra memoria rurale e citt\u00e0 giardino, si terra il 14 marzo","robots":{"index":"index","follow":"follow","max-snippet":"max-snippet:-1","max-image-preview":"max-image-preview:large","max-video-preview":"max-video-preview:-1"},"canonical":"https:\/\/progettotouring.it\/radiotouring104\/2026\/03\/12\/arangea-rc-camminata-urbana-in-occasione-della-giornata-nazionale-del-paesaggio\/","og_locale":"it_IT","og_type":"article","og_title":"Arangea (RC): camminata urbana in occasione della \"Giornata Nazionale del Paesaggio\" - Radio Touring 104","og_description":"La camminata, organizzata dal \"Movimento La Strada\", per riscoprire il paesaggio tra memoria rurale e citt\u00e0 giardino, si terra il 14 marzo","og_url":"https:\/\/progettotouring.it\/radiotouring104\/2026\/03\/12\/arangea-rc-camminata-urbana-in-occasione-della-giornata-nazionale-del-paesaggio\/","og_site_name":"Radio Touring 104","article_published_time":"2026-03-12T09:21:45+00:00","article_modified_time":"2026-03-12T11:55:11+00:00","og_image":[{"width":1079,"height":1349,"url":"https:\/\/progettotouring.it\/radiotouring104\/wp-content\/uploads\/sites\/6\/2026\/03\/cammini-urbani.png","type":"image\/png"}],"author":"redazione","twitter_card":"summary_large_image","twitter_misc":{"Scritto da":"redazione","Tempo di lettura stimato":"4 minuti"},"schema":{"@context":"https:\/\/schema.org","@graph":[{"@type":"Article","@id":"https:\/\/progettotouring.it\/radiotouring104\/2026\/03\/12\/arangea-rc-camminata-urbana-in-occasione-della-giornata-nazionale-del-paesaggio\/#article","isPartOf":{"@id":"https:\/\/progettotouring.it\/radiotouring104\/2026\/03\/12\/arangea-rc-camminata-urbana-in-occasione-della-giornata-nazionale-del-paesaggio\/"},"author":{"name":"redazione","@id":"https:\/\/progettotouring.it\/radiotouring104\/#\/schema\/person\/1b3eb3c07c47136bc44c785c543e635f"},"headline":"Arangea (RC): camminata urbana in occasione della &#8220;Giornata Nazionale del Paesaggio&#8221;","datePublished":"2026-03-12T09:21:45+00:00","dateModified":"2026-03-12T11:55:11+00:00","mainEntityOfPage":{"@id":"https:\/\/progettotouring.it\/radiotouring104\/2026\/03\/12\/arangea-rc-camminata-urbana-in-occasione-della-giornata-nazionale-del-paesaggio\/"},"wordCount":779,"publisher":{"@id":"https:\/\/progettotouring.it\/radiotouring104\/#organization"},"image":{"@id":"https:\/\/progettotouring.it\/radiotouring104\/2026\/03\/12\/arangea-rc-camminata-urbana-in-occasione-della-giornata-nazionale-del-paesaggio\/#primaryimage"},"thumbnailUrl":"https:\/\/progettotouring.it\/radiotouring104\/wp-content\/uploads\/sites\/6\/2026\/03\/cammini-urbani.png","keywords":["\"Giornata Nazionale del Paesaggio\"","Anna Arcudi","Arangea","camminata urbana","Movimento \"La Strada\""],"articleSection":["Home","News","Reggio Calabria"],"inLanguage":"it-IT"},{"@type":"WebPage","@id":"https:\/\/progettotouring.it\/radiotouring104\/2026\/03\/12\/arangea-rc-camminata-urbana-in-occasione-della-giornata-nazionale-del-paesaggio\/","url":"https:\/\/progettotouring.it\/radiotouring104\/2026\/03\/12\/arangea-rc-camminata-urbana-in-occasione-della-giornata-nazionale-del-paesaggio\/","name":"Arangea (RC): camminata urbana in occasione della \"Giornata Nazionale del Paesaggio\" - Radio Touring 104","isPartOf":{"@id":"https:\/\/progettotouring.it\/radiotouring104\/#website"},"primaryImageOfPage":{"@id":"https:\/\/progettotouring.it\/radiotouring104\/2026\/03\/12\/arangea-rc-camminata-urbana-in-occasione-della-giornata-nazionale-del-paesaggio\/#primaryimage"},"image":{"@id":"https:\/\/progettotouring.it\/radiotouring104\/2026\/03\/12\/arangea-rc-camminata-urbana-in-occasione-della-giornata-nazionale-del-paesaggio\/#primaryimage"},"thumbnailUrl":"https:\/\/progettotouring.it\/radiotouring104\/wp-content\/uploads\/sites\/6\/2026\/03\/cammini-urbani.png","datePublished":"2026-03-12T09:21:45+00:00","dateModified":"2026-03-12T11:55:11+00:00","description":"La camminata, organizzata dal \"Movimento La Strada\", per riscoprire il paesaggio tra memoria rurale e citt\u00e0 giardino, si terra il 14 marzo","breadcrumb":{"@id":"https:\/\/progettotouring.it\/radiotouring104\/2026\/03\/12\/arangea-rc-camminata-urbana-in-occasione-della-giornata-nazionale-del-paesaggio\/#breadcrumb"},"inLanguage":"it-IT","potentialAction":[{"@type":"ReadAction","target":["https:\/\/progettotouring.it\/radiotouring104\/2026\/03\/12\/arangea-rc-camminata-urbana-in-occasione-della-giornata-nazionale-del-paesaggio\/"]}]},{"@type":"ImageObject","inLanguage":"it-IT","@id":"https:\/\/progettotouring.it\/radiotouring104\/2026\/03\/12\/arangea-rc-camminata-urbana-in-occasione-della-giornata-nazionale-del-paesaggio\/#primaryimage","url":"https:\/\/progettotouring.it\/radiotouring104\/wp-content\/uploads\/sites\/6\/2026\/03\/cammini-urbani.png","contentUrl":"https:\/\/progettotouring.it\/radiotouring104\/wp-content\/uploads\/sites\/6\/2026\/03\/cammini-urbani.png","width":1079,"height":1349},{"@type":"BreadcrumbList","@id":"https:\/\/progettotouring.it\/radiotouring104\/2026\/03\/12\/arangea-rc-camminata-urbana-in-occasione-della-giornata-nazionale-del-paesaggio\/#breadcrumb","itemListElement":[{"@type":"ListItem","position":1,"name":"Home","item":"https:\/\/progettotouring.it\/radiotouring104\/"},{"@type":"ListItem","position":2,"name":"Arangea (RC): camminata urbana in occasione della &#8220;Giornata Nazionale del Paesaggio&#8221;"}]},{"@type":"WebSite","@id":"https:\/\/progettotouring.it\/radiotouring104\/#website","url":"https:\/\/progettotouring.it\/radiotouring104\/","name":"Radio Touring 104","description":"La prima radio Reggina","publisher":{"@id":"https:\/\/progettotouring.it\/radiotouring104\/#organization"},"potentialAction":[{"@type":"SearchAction","target":{"@type":"EntryPoint","urlTemplate":"https:\/\/progettotouring.it\/radiotouring104\/?s={search_term_string}"},"query-input":{"@type":"PropertyValueSpecification","valueRequired":true,"valueName":"search_term_string"}}],"inLanguage":"it-IT"},{"@type":"Organization","@id":"https:\/\/progettotouring.it\/radiotouring104\/#organization","name":"Radio Touring 104","url":"https:\/\/progettotouring.it\/radiotouring104\/","logo":{"@type":"ImageObject","inLanguage":"it-IT","@id":"https:\/\/progettotouring.it\/radiotouring104\/#\/schema\/logo\/image\/","url":"https:\/\/progettotouring.it\/radiotouring104\/wp-content\/uploads\/sites\/6\/2022\/02\/cropped-logo-radio-touring-104.png","contentUrl":"https:\/\/progettotouring.it\/radiotouring104\/wp-content\/uploads\/sites\/6\/2022\/02\/cropped-logo-radio-touring-104.png","width":377,"height":182,"caption":"Radio Touring 104"},"image":{"@id":"https:\/\/progettotouring.it\/radiotouring104\/#\/schema\/logo\/image\/"}},{"@type":"Person","@id":"https:\/\/progettotouring.it\/radiotouring104\/#\/schema\/person\/1b3eb3c07c47136bc44c785c543e635f","name":"redazione","image":{"@type":"ImageObject","inLanguage":"it-IT","@id":"https:\/\/secure.gravatar.com\/avatar\/0b31605b49f100769e8b624b3e05de1b73e1692e9568a352f60f53fd072e6e11?s=96&d=mm&r=g","url":"https:\/\/secure.gravatar.com\/avatar\/0b31605b49f100769e8b624b3e05de1b73e1692e9568a352f60f53fd072e6e11?s=96&d=mm&r=g","contentUrl":"https:\/\/secure.gravatar.com\/avatar\/0b31605b49f100769e8b624b3e05de1b73e1692e9568a352f60f53fd072e6e11?s=96&d=mm&r=g","caption":"redazione"},"url":"https:\/\/progettotouring.it\/radiotouring104\/author\/redazione\/"}]}},"jetpack_publicize_connections":[],"jetpack_featured_media_url":"https:\/\/progettotouring.it\/radiotouring104\/wp-content\/uploads\/sites\/6\/2026\/03\/cammini-urbani.png","jetpack_sharing_enabled":true,"_links":{"self":[{"href":"https:\/\/progettotouring.it\/radiotouring104\/wp-json\/wp\/v2\/posts\/91863","targetHints":{"allow":["GET"]}}],"collection":[{"href":"https:\/\/progettotouring.it\/radiotouring104\/wp-json\/wp\/v2\/posts"}],"about":[{"href":"https:\/\/progettotouring.it\/radiotouring104\/wp-json\/wp\/v2\/types\/post"}],"author":[{"embeddable":true,"href":"https:\/\/progettotouring.it\/radiotouring104\/wp-json\/wp\/v2\/users\/5"}],"replies":[{"embeddable":true,"href":"https:\/\/progettotouring.it\/radiotouring104\/wp-json\/wp\/v2\/comments?post=91863"}],"version-history":[{"count":1,"href":"https:\/\/progettotouring.it\/radiotouring104\/wp-json\/wp\/v2\/posts\/91863\/revisions"}],"predecessor-version":[{"id":91865,"href":"https:\/\/progettotouring.it\/radiotouring104\/wp-json\/wp\/v2\/posts\/91863\/revisions\/91865"}],"wp:featuredmedia":[{"embeddable":true,"href":"https:\/\/progettotouring.it\/radiotouring104\/wp-json\/wp\/v2\/media\/91864"}],"wp:attachment":[{"href":"https:\/\/progettotouring.it\/radiotouring104\/wp-json\/wp\/v2\/media?parent=91863"}],"wp:term":[{"taxonomy":"category","embeddable":true,"href":"https:\/\/progettotouring.it\/radiotouring104\/wp-json\/wp\/v2\/categories?post=91863"},{"taxonomy":"post_tag","embeddable":true,"href":"https:\/\/progettotouring.it\/radiotouring104\/wp-json\/wp\/v2\/tags?post=91863"}],"curies":[{"name":"wp","href":"https:\/\/api.w.org\/{rel}","templated":true}]}}