{"id":91890,"date":"2026-03-12T11:42:17","date_gmt":"2026-03-12T10:42:17","guid":{"rendered":"https:\/\/progettotouring.it\/radiotouring104\/?p=91890"},"modified":"2026-03-12T12:54:36","modified_gmt":"2026-03-12T11:54:36","slug":"reggio-cisl-fp-il-comune-intervenga-su-cooperative-baby-garden-e-abu","status":"publish","type":"post","link":"https:\/\/progettotouring.it\/radiotouring104\/2026\/03\/12\/reggio-cisl-fp-il-comune-intervenga-su-cooperative-baby-garden-e-abu\/","title":{"rendered":"Reggio, CISL FP: &#8220;Il Comune intervenga su Cooperative Baby Garden e ABU&#8221;"},"content":{"rendered":"<p>&#8220;La Segreteria Territoriale della CISL FP di Reggio Calabria, guidata dal Segretario Generale Vincenzo Sera, esprime profonda preoccupazione per il perdurare dei ritardi nei pagamenti degli stipendi dei lavoratori impiegati in servizi sociali essenziali per la comunit\u00e0 reggina.<\/p>\n<p>Nello specifico, l&#8217;organizzazione sindacale denuncia il mancato versamento delle mensilit\u00e0 di dicembre 2025 e gennaio 2026 &#8211;\u00a0 per gli Assistenti Educativi (Lotto 4) dipendenti della Cooperativa Baby Garden.<\/p>\n<p>Analoghi ritardi si registrano per il personale della Cooperativa ABU, impegnato nella gestione dell&#8217;Asilo nido &#8220;Piccolo Principe&#8221; al Gebbione.<\/p>\n<p>Non \u00e8 solo una questione contrattuale, ma di dignit\u00e0. Il ritardo nel pagamento delle spettanze costringe i dipendenti a rincorrere le scadenze di bollette e mutui, esponendoli a interessi di mora e a un grave stato di insicurezza materiale e psicologica&#8221; \u2013 dichiara la CISL FP.<\/p>\n<p>Diverse sono le criticit\u00e0 che si verificano con il mancato pagamento degli stipendi per le famiglie oltre che comportano la Violazione dei diritti costituzionali: Il sindacato richiama l&#8217;Art. 36 della Costituzione, sottolineando che la retribuzione deve garantire un&#8217;esistenza libera e dignitosa.<\/p>\n<p>Si corre il rischio dell\u2019 interruzione dei servizi, l&#8217;inadempienza delle cooperative mette a rischio l&#8217;erogazione di prestazioni fondamentali rivolte alle fasce pi\u00f9 deboli del territorio.<\/p>\n<p>Si sottolinea la responsabilit\u00e0 dell&#8217;Ente Committente il Comune di Reggio Calabria, che \u00e8 stata pi\u00f9 volte informata con\u00a0 una formale richiesta (Sindaco, Segretario Generale e Assessorato al Welfare) affinch\u00e9 verifichi immediatamente l&#8217;operato delle cooperative e intervenga a tutela dei lavoratori.<\/p>\n<p>La CISL FP ha gi\u00e0 preannunciato che, in assenza di un accreditamento tempestivo delle somme dovute (comprensive di interessi e risarcimento danni), verranno intraprese tutte le azioni necessarie, inclusa la proclamazione dello stato di agitazione, per evitare che il peso di queste inefficienze gestionali ricada interamente sulle spalle dei lavoratori e delle loro famiglie.&#8221;, scrive il Segretario Generale, Vincenzo Sera.<\/p>\n","protected":false},"excerpt":{"rendered":"<p>&#8220;La Segreteria Territoriale della CISL FP di Reggio Calabria, guidata dal Segretario Generale Vincenzo Sera, esprime profonda preoccupazione per il perdurare dei ritardi nei pagamenti degli stipendi dei lavoratori impiegati&hellip;<\/p>\n","protected":false},"author":5,"featured_media":45906,"comment_status":"closed","ping_status":"open","sticky":false,"template":"","format":"standard","meta":{"_jetpack_memberships_contains_paid_content":false,"footnotes":"","jetpack_publicize_message":"","jetpack_publicize_feature_enabled":true,"jetpack_social_post_already_shared":true,"jetpack_social_options":{"image_generator_settings":{"template":"highway","default_image_id":0,"font":"","enabled":false},"version":2}},"categories":[921,196,140],"tags":[51775,51608,51777,51774,51776,40451],"class_list":["post-91890","post","type-post","status-publish","format-standard","has-post-thumbnail","hentry","category-home","category-news","category-reggio-calabria","tag-abu","tag-cisl-fp-di-reggio-calabria","tag-comune-intervenga","tag-cooperative-baby-garden","tag-stipendi-non-pagati","tag-vincenzo-sera"],"yoast_head":"<!-- This site is optimized with the Yoast SEO plugin v27.2 - https:\/\/yoast.com\/product\/yoast-seo-wordpress\/ -->\n<title>Reggio, CISL FP: &quot;Il Comune intervenga su Cooperative Baby Garden e ABU&quot; - Radio Touring 104<\/title>\n<meta name=\"description\" content=\"Il Segretario, Vincenzo Sera, esprime profonda preoccupazione per il perdurare dei ritardi nei pagamenti degli stipendi dei lavoratori\" \/>\n<meta name=\"robots\" content=\"index, follow, max-snippet:-1, max-image-preview:large, max-video-preview:-1\" \/>\n<link rel=\"canonical\" href=\"https:\/\/progettotouring.it\/radiotouring104\/2026\/03\/12\/reggio-cisl-fp-il-comune-intervenga-su-cooperative-baby-garden-e-abu\/\" \/>\n<meta property=\"og:locale\" content=\"it_IT\" \/>\n<meta property=\"og:type\" content=\"article\" \/>\n<meta property=\"og:title\" content=\"Reggio, CISL FP: &quot;Il Comune intervenga su Cooperative Baby Garden e ABU&quot; - Radio Touring 104\" \/>\n<meta property=\"og:description\" content=\"Il Segretario, Vincenzo Sera, esprime profonda preoccupazione per il perdurare dei ritardi nei pagamenti degli stipendi dei lavoratori\" \/>\n<meta property=\"og:url\" content=\"https:\/\/progettotouring.it\/radiotouring104\/2026\/03\/12\/reggio-cisl-fp-il-comune-intervenga-su-cooperative-baby-garden-e-abu\/\" \/>\n<meta property=\"og:site_name\" content=\"Radio Touring 104\" \/>\n<meta property=\"article:published_time\" content=\"2026-03-12T10:42:17+00:00\" \/>\n<meta property=\"article:modified_time\" content=\"2026-03-12T11:54:36+00:00\" \/>\n<meta property=\"og:image\" content=\"https:\/\/progettotouring.it\/radiotouring104\/wp-content\/uploads\/sites\/6\/2024\/02\/Palazzo-San-Giorgio.jpeg\" \/>\n\t<meta property=\"og:image:width\" content=\"2048\" \/>\n\t<meta property=\"og:image:height\" content=\"1152\" \/>\n\t<meta property=\"og:image:type\" content=\"image\/jpeg\" \/>\n<meta name=\"author\" content=\"redazione\" \/>\n<meta name=\"twitter:card\" content=\"summary_large_image\" \/>\n<meta name=\"twitter:label1\" content=\"Scritto da\" \/>\n\t<meta name=\"twitter:data1\" content=\"redazione\" \/>\n\t<meta name=\"twitter:label2\" content=\"Tempo di lettura stimato\" \/>\n\t<meta name=\"twitter:data2\" content=\"1 minuto\" \/>\n<script type=\"application\/ld+json\" class=\"yoast-schema-graph\">{\"@context\":\"https:\/\/schema.org\",\"@graph\":[{\"@type\":\"Article\",\"@id\":\"https:\/\/progettotouring.it\/radiotouring104\/2026\/03\/12\/reggio-cisl-fp-il-comune-intervenga-su-cooperative-baby-garden-e-abu\/#article\",\"isPartOf\":{\"@id\":\"https:\/\/progettotouring.it\/radiotouring104\/2026\/03\/12\/reggio-cisl-fp-il-comune-intervenga-su-cooperative-baby-garden-e-abu\/\"},\"author\":{\"name\":\"redazione\",\"@id\":\"https:\/\/progettotouring.it\/radiotouring104\/#\/schema\/person\/1b3eb3c07c47136bc44c785c543e635f\"},\"headline\":\"Reggio, CISL FP: &#8220;Il Comune intervenga su Cooperative Baby Garden e ABU&#8221;\",\"datePublished\":\"2026-03-12T10:42:17+00:00\",\"dateModified\":\"2026-03-12T11:54:36+00:00\",\"mainEntityOfPage\":{\"@id\":\"https:\/\/progettotouring.it\/radiotouring104\/2026\/03\/12\/reggio-cisl-fp-il-comune-intervenga-su-cooperative-baby-garden-e-abu\/\"},\"wordCount\":302,\"publisher\":{\"@id\":\"https:\/\/progettotouring.it\/radiotouring104\/#organization\"},\"image\":{\"@id\":\"https:\/\/progettotouring.it\/radiotouring104\/2026\/03\/12\/reggio-cisl-fp-il-comune-intervenga-su-cooperative-baby-garden-e-abu\/#primaryimage\"},\"thumbnailUrl\":\"https:\/\/progettotouring.it\/radiotouring104\/wp-content\/uploads\/sites\/6\/2024\/02\/Palazzo-San-Giorgio.jpeg\",\"keywords\":[\"ABU\",\"CISL FP di Reggio Calabria\",\"comune intervenga\",\"Cooperative Baby Garden\",\"stipendi non pagati\",\"Vincenzo Sera\"],\"articleSection\":[\"Home\",\"News\",\"Reggio Calabria\"],\"inLanguage\":\"it-IT\"},{\"@type\":\"WebPage\",\"@id\":\"https:\/\/progettotouring.it\/radiotouring104\/2026\/03\/12\/reggio-cisl-fp-il-comune-intervenga-su-cooperative-baby-garden-e-abu\/\",\"url\":\"https:\/\/progettotouring.it\/radiotouring104\/2026\/03\/12\/reggio-cisl-fp-il-comune-intervenga-su-cooperative-baby-garden-e-abu\/\",\"name\":\"Reggio, CISL FP: \\\"Il Comune intervenga su Cooperative Baby Garden e ABU\\\" - Radio Touring 104\",\"isPartOf\":{\"@id\":\"https:\/\/progettotouring.it\/radiotouring104\/#website\"},\"primaryImageOfPage\":{\"@id\":\"https:\/\/progettotouring.it\/radiotouring104\/2026\/03\/12\/reggio-cisl-fp-il-comune-intervenga-su-cooperative-baby-garden-e-abu\/#primaryimage\"},\"image\":{\"@id\":\"https:\/\/progettotouring.it\/radiotouring104\/2026\/03\/12\/reggio-cisl-fp-il-comune-intervenga-su-cooperative-baby-garden-e-abu\/#primaryimage\"},\"thumbnailUrl\":\"https:\/\/progettotouring.it\/radiotouring104\/wp-content\/uploads\/sites\/6\/2024\/02\/Palazzo-San-Giorgio.jpeg\",\"datePublished\":\"2026-03-12T10:42:17+00:00\",\"dateModified\":\"2026-03-12T11:54:36+00:00\",\"description\":\"Il Segretario, Vincenzo Sera, esprime profonda preoccupazione per il perdurare dei ritardi nei pagamenti degli stipendi dei lavoratori\",\"breadcrumb\":{\"@id\":\"https:\/\/progettotouring.it\/radiotouring104\/2026\/03\/12\/reggio-cisl-fp-il-comune-intervenga-su-cooperative-baby-garden-e-abu\/#breadcrumb\"},\"inLanguage\":\"it-IT\",\"potentialAction\":[{\"@type\":\"ReadAction\",\"target\":[\"https:\/\/progettotouring.it\/radiotouring104\/2026\/03\/12\/reggio-cisl-fp-il-comune-intervenga-su-cooperative-baby-garden-e-abu\/\"]}]},{\"@type\":\"ImageObject\",\"inLanguage\":\"it-IT\",\"@id\":\"https:\/\/progettotouring.it\/radiotouring104\/2026\/03\/12\/reggio-cisl-fp-il-comune-intervenga-su-cooperative-baby-garden-e-abu\/#primaryimage\",\"url\":\"https:\/\/progettotouring.it\/radiotouring104\/wp-content\/uploads\/sites\/6\/2024\/02\/Palazzo-San-Giorgio.jpeg\",\"contentUrl\":\"https:\/\/progettotouring.it\/radiotouring104\/wp-content\/uploads\/sites\/6\/2024\/02\/Palazzo-San-Giorgio.jpeg\",\"width\":2048,\"height\":1152},{\"@type\":\"BreadcrumbList\",\"@id\":\"https:\/\/progettotouring.it\/radiotouring104\/2026\/03\/12\/reggio-cisl-fp-il-comune-intervenga-su-cooperative-baby-garden-e-abu\/#breadcrumb\",\"itemListElement\":[{\"@type\":\"ListItem\",\"position\":1,\"name\":\"Home\",\"item\":\"https:\/\/progettotouring.it\/radiotouring104\/\"},{\"@type\":\"ListItem\",\"position\":2,\"name\":\"Reggio, CISL FP: &#8220;Il Comune intervenga su Cooperative Baby Garden e ABU&#8221;\"}]},{\"@type\":\"WebSite\",\"@id\":\"https:\/\/progettotouring.it\/radiotouring104\/#website\",\"url\":\"https:\/\/progettotouring.it\/radiotouring104\/\",\"name\":\"Radio Touring 104\",\"description\":\"La prima radio Reggina\",\"publisher\":{\"@id\":\"https:\/\/progettotouring.it\/radiotouring104\/#organization\"},\"potentialAction\":[{\"@type\":\"SearchAction\",\"target\":{\"@type\":\"EntryPoint\",\"urlTemplate\":\"https:\/\/progettotouring.it\/radiotouring104\/?s={search_term_string}\"},\"query-input\":{\"@type\":\"PropertyValueSpecification\",\"valueRequired\":true,\"valueName\":\"search_term_string\"}}],\"inLanguage\":\"it-IT\"},{\"@type\":\"Organization\",\"@id\":\"https:\/\/progettotouring.it\/radiotouring104\/#organization\",\"name\":\"Radio Touring 104\",\"url\":\"https:\/\/progettotouring.it\/radiotouring104\/\",\"logo\":{\"@type\":\"ImageObject\",\"inLanguage\":\"it-IT\",\"@id\":\"https:\/\/progettotouring.it\/radiotouring104\/#\/schema\/logo\/image\/\",\"url\":\"https:\/\/progettotouring.it\/radiotouring104\/wp-content\/uploads\/sites\/6\/2022\/02\/cropped-logo-radio-touring-104.png\",\"contentUrl\":\"https:\/\/progettotouring.it\/radiotouring104\/wp-content\/uploads\/sites\/6\/2022\/02\/cropped-logo-radio-touring-104.png\",\"width\":377,\"height\":182,\"caption\":\"Radio Touring 104\"},\"image\":{\"@id\":\"https:\/\/progettotouring.it\/radiotouring104\/#\/schema\/logo\/image\/\"}},{\"@type\":\"Person\",\"@id\":\"https:\/\/progettotouring.it\/radiotouring104\/#\/schema\/person\/1b3eb3c07c47136bc44c785c543e635f\",\"name\":\"redazione\",\"image\":{\"@type\":\"ImageObject\",\"inLanguage\":\"it-IT\",\"@id\":\"https:\/\/secure.gravatar.com\/avatar\/0b31605b49f100769e8b624b3e05de1b73e1692e9568a352f60f53fd072e6e11?s=96&d=mm&r=g\",\"url\":\"https:\/\/secure.gravatar.com\/avatar\/0b31605b49f100769e8b624b3e05de1b73e1692e9568a352f60f53fd072e6e11?s=96&d=mm&r=g\",\"contentUrl\":\"https:\/\/secure.gravatar.com\/avatar\/0b31605b49f100769e8b624b3e05de1b73e1692e9568a352f60f53fd072e6e11?s=96&d=mm&r=g\",\"caption\":\"redazione\"},\"url\":\"https:\/\/progettotouring.it\/radiotouring104\/author\/redazione\/\"}]}<\/script>\n<!-- \/ Yoast SEO plugin. -->","yoast_head_json":{"title":"Reggio, CISL FP: \"Il Comune intervenga su Cooperative Baby Garden e ABU\" - Radio Touring 104","description":"Il Segretario, Vincenzo Sera, esprime profonda preoccupazione per il perdurare dei ritardi nei pagamenti degli stipendi dei lavoratori","robots":{"index":"index","follow":"follow","max-snippet":"max-snippet:-1","max-image-preview":"max-image-preview:large","max-video-preview":"max-video-preview:-1"},"canonical":"https:\/\/progettotouring.it\/radiotouring104\/2026\/03\/12\/reggio-cisl-fp-il-comune-intervenga-su-cooperative-baby-garden-e-abu\/","og_locale":"it_IT","og_type":"article","og_title":"Reggio, CISL FP: \"Il Comune intervenga su Cooperative Baby Garden e ABU\" - Radio Touring 104","og_description":"Il Segretario, Vincenzo Sera, esprime profonda preoccupazione per il perdurare dei ritardi nei pagamenti degli stipendi dei lavoratori","og_url":"https:\/\/progettotouring.it\/radiotouring104\/2026\/03\/12\/reggio-cisl-fp-il-comune-intervenga-su-cooperative-baby-garden-e-abu\/","og_site_name":"Radio Touring 104","article_published_time":"2026-03-12T10:42:17+00:00","article_modified_time":"2026-03-12T11:54:36+00:00","og_image":[{"width":2048,"height":1152,"url":"https:\/\/progettotouring.it\/radiotouring104\/wp-content\/uploads\/sites\/6\/2024\/02\/Palazzo-San-Giorgio.jpeg","type":"image\/jpeg"}],"author":"redazione","twitter_card":"summary_large_image","twitter_misc":{"Scritto da":"redazione","Tempo di lettura stimato":"1 minuto"},"schema":{"@context":"https:\/\/schema.org","@graph":[{"@type":"Article","@id":"https:\/\/progettotouring.it\/radiotouring104\/2026\/03\/12\/reggio-cisl-fp-il-comune-intervenga-su-cooperative-baby-garden-e-abu\/#article","isPartOf":{"@id":"https:\/\/progettotouring.it\/radiotouring104\/2026\/03\/12\/reggio-cisl-fp-il-comune-intervenga-su-cooperative-baby-garden-e-abu\/"},"author":{"name":"redazione","@id":"https:\/\/progettotouring.it\/radiotouring104\/#\/schema\/person\/1b3eb3c07c47136bc44c785c543e635f"},"headline":"Reggio, CISL FP: &#8220;Il Comune intervenga su Cooperative Baby Garden e ABU&#8221;","datePublished":"2026-03-12T10:42:17+00:00","dateModified":"2026-03-12T11:54:36+00:00","mainEntityOfPage":{"@id":"https:\/\/progettotouring.it\/radiotouring104\/2026\/03\/12\/reggio-cisl-fp-il-comune-intervenga-su-cooperative-baby-garden-e-abu\/"},"wordCount":302,"publisher":{"@id":"https:\/\/progettotouring.it\/radiotouring104\/#organization"},"image":{"@id":"https:\/\/progettotouring.it\/radiotouring104\/2026\/03\/12\/reggio-cisl-fp-il-comune-intervenga-su-cooperative-baby-garden-e-abu\/#primaryimage"},"thumbnailUrl":"https:\/\/progettotouring.it\/radiotouring104\/wp-content\/uploads\/sites\/6\/2024\/02\/Palazzo-San-Giorgio.jpeg","keywords":["ABU","CISL FP di Reggio Calabria","comune intervenga","Cooperative Baby Garden","stipendi non pagati","Vincenzo Sera"],"articleSection":["Home","News","Reggio Calabria"],"inLanguage":"it-IT"},{"@type":"WebPage","@id":"https:\/\/progettotouring.it\/radiotouring104\/2026\/03\/12\/reggio-cisl-fp-il-comune-intervenga-su-cooperative-baby-garden-e-abu\/","url":"https:\/\/progettotouring.it\/radiotouring104\/2026\/03\/12\/reggio-cisl-fp-il-comune-intervenga-su-cooperative-baby-garden-e-abu\/","name":"Reggio, CISL FP: \"Il Comune intervenga su Cooperative Baby Garden e ABU\" - Radio Touring 104","isPartOf":{"@id":"https:\/\/progettotouring.it\/radiotouring104\/#website"},"primaryImageOfPage":{"@id":"https:\/\/progettotouring.it\/radiotouring104\/2026\/03\/12\/reggio-cisl-fp-il-comune-intervenga-su-cooperative-baby-garden-e-abu\/#primaryimage"},"image":{"@id":"https:\/\/progettotouring.it\/radiotouring104\/2026\/03\/12\/reggio-cisl-fp-il-comune-intervenga-su-cooperative-baby-garden-e-abu\/#primaryimage"},"thumbnailUrl":"https:\/\/progettotouring.it\/radiotouring104\/wp-content\/uploads\/sites\/6\/2024\/02\/Palazzo-San-Giorgio.jpeg","datePublished":"2026-03-12T10:42:17+00:00","dateModified":"2026-03-12T11:54:36+00:00","description":"Il Segretario, Vincenzo Sera, esprime profonda preoccupazione per il perdurare dei ritardi nei pagamenti degli stipendi dei lavoratori","breadcrumb":{"@id":"https:\/\/progettotouring.it\/radiotouring104\/2026\/03\/12\/reggio-cisl-fp-il-comune-intervenga-su-cooperative-baby-garden-e-abu\/#breadcrumb"},"inLanguage":"it-IT","potentialAction":[{"@type":"ReadAction","target":["https:\/\/progettotouring.it\/radiotouring104\/2026\/03\/12\/reggio-cisl-fp-il-comune-intervenga-su-cooperative-baby-garden-e-abu\/"]}]},{"@type":"ImageObject","inLanguage":"it-IT","@id":"https:\/\/progettotouring.it\/radiotouring104\/2026\/03\/12\/reggio-cisl-fp-il-comune-intervenga-su-cooperative-baby-garden-e-abu\/#primaryimage","url":"https:\/\/progettotouring.it\/radiotouring104\/wp-content\/uploads\/sites\/6\/2024\/02\/Palazzo-San-Giorgio.jpeg","contentUrl":"https:\/\/progettotouring.it\/radiotouring104\/wp-content\/uploads\/sites\/6\/2024\/02\/Palazzo-San-Giorgio.jpeg","width":2048,"height":1152},{"@type":"BreadcrumbList","@id":"https:\/\/progettotouring.it\/radiotouring104\/2026\/03\/12\/reggio-cisl-fp-il-comune-intervenga-su-cooperative-baby-garden-e-abu\/#breadcrumb","itemListElement":[{"@type":"ListItem","position":1,"name":"Home","item":"https:\/\/progettotouring.it\/radiotouring104\/"},{"@type":"ListItem","position":2,"name":"Reggio, CISL FP: &#8220;Il Comune intervenga su Cooperative Baby Garden e ABU&#8221;"}]},{"@type":"WebSite","@id":"https:\/\/progettotouring.it\/radiotouring104\/#website","url":"https:\/\/progettotouring.it\/radiotouring104\/","name":"Radio Touring 104","description":"La prima radio Reggina","publisher":{"@id":"https:\/\/progettotouring.it\/radiotouring104\/#organization"},"potentialAction":[{"@type":"SearchAction","target":{"@type":"EntryPoint","urlTemplate":"https:\/\/progettotouring.it\/radiotouring104\/?s={search_term_string}"},"query-input":{"@type":"PropertyValueSpecification","valueRequired":true,"valueName":"search_term_string"}}],"inLanguage":"it-IT"},{"@type":"Organization","@id":"https:\/\/progettotouring.it\/radiotouring104\/#organization","name":"Radio Touring 104","url":"https:\/\/progettotouring.it\/radiotouring104\/","logo":{"@type":"ImageObject","inLanguage":"it-IT","@id":"https:\/\/progettotouring.it\/radiotouring104\/#\/schema\/logo\/image\/","url":"https:\/\/progettotouring.it\/radiotouring104\/wp-content\/uploads\/sites\/6\/2022\/02\/cropped-logo-radio-touring-104.png","contentUrl":"https:\/\/progettotouring.it\/radiotouring104\/wp-content\/uploads\/sites\/6\/2022\/02\/cropped-logo-radio-touring-104.png","width":377,"height":182,"caption":"Radio Touring 104"},"image":{"@id":"https:\/\/progettotouring.it\/radiotouring104\/#\/schema\/logo\/image\/"}},{"@type":"Person","@id":"https:\/\/progettotouring.it\/radiotouring104\/#\/schema\/person\/1b3eb3c07c47136bc44c785c543e635f","name":"redazione","image":{"@type":"ImageObject","inLanguage":"it-IT","@id":"https:\/\/secure.gravatar.com\/avatar\/0b31605b49f100769e8b624b3e05de1b73e1692e9568a352f60f53fd072e6e11?s=96&d=mm&r=g","url":"https:\/\/secure.gravatar.com\/avatar\/0b31605b49f100769e8b624b3e05de1b73e1692e9568a352f60f53fd072e6e11?s=96&d=mm&r=g","contentUrl":"https:\/\/secure.gravatar.com\/avatar\/0b31605b49f100769e8b624b3e05de1b73e1692e9568a352f60f53fd072e6e11?s=96&d=mm&r=g","caption":"redazione"},"url":"https:\/\/progettotouring.it\/radiotouring104\/author\/redazione\/"}]}},"jetpack_publicize_connections":[],"jetpack_featured_media_url":"https:\/\/progettotouring.it\/radiotouring104\/wp-content\/uploads\/sites\/6\/2024\/02\/Palazzo-San-Giorgio.jpeg","jetpack_sharing_enabled":true,"_links":{"self":[{"href":"https:\/\/progettotouring.it\/radiotouring104\/wp-json\/wp\/v2\/posts\/91890","targetHints":{"allow":["GET"]}}],"collection":[{"href":"https:\/\/progettotouring.it\/radiotouring104\/wp-json\/wp\/v2\/posts"}],"about":[{"href":"https:\/\/progettotouring.it\/radiotouring104\/wp-json\/wp\/v2\/types\/post"}],"author":[{"embeddable":true,"href":"https:\/\/progettotouring.it\/radiotouring104\/wp-json\/wp\/v2\/users\/5"}],"replies":[{"embeddable":true,"href":"https:\/\/progettotouring.it\/radiotouring104\/wp-json\/wp\/v2\/comments?post=91890"}],"version-history":[{"count":1,"href":"https:\/\/progettotouring.it\/radiotouring104\/wp-json\/wp\/v2\/posts\/91890\/revisions"}],"predecessor-version":[{"id":91891,"href":"https:\/\/progettotouring.it\/radiotouring104\/wp-json\/wp\/v2\/posts\/91890\/revisions\/91891"}],"wp:featuredmedia":[{"embeddable":true,"href":"https:\/\/progettotouring.it\/radiotouring104\/wp-json\/wp\/v2\/media\/45906"}],"wp:attachment":[{"href":"https:\/\/progettotouring.it\/radiotouring104\/wp-json\/wp\/v2\/media?parent=91890"}],"wp:term":[{"taxonomy":"category","embeddable":true,"href":"https:\/\/progettotouring.it\/radiotouring104\/wp-json\/wp\/v2\/categories?post=91890"},{"taxonomy":"post_tag","embeddable":true,"href":"https:\/\/progettotouring.it\/radiotouring104\/wp-json\/wp\/v2\/tags?post=91890"}],"curies":[{"name":"wp","href":"https:\/\/api.w.org\/{rel}","templated":true}]}}