{"id":91892,"date":"2026-03-12T11:50:50","date_gmt":"2026-03-12T10:50:50","guid":{"rendered":"https:\/\/progettotouring.it\/radiotouring104\/?p=91892"},"modified":"2026-03-12T12:54:32","modified_gmt":"2026-03-12T11:54:32","slug":"reggio-giuseppe-bellamena-eletto-nuovo-presidente-metropolitano-dei-panificatori","status":"publish","type":"post","link":"https:\/\/progettotouring.it\/radiotouring104\/2026\/03\/12\/reggio-giuseppe-bellamena-eletto-nuovo-presidente-metropolitano-dei-panificatori\/","title":{"rendered":"Reggio: Giuseppe Bellamena eletto nuovo Presidente Metropolitano dei Panificatori"},"content":{"rendered":"<p>La <strong>CLAAI<\/strong> (Confederazione delle Libere Associazioni Artigiane Italiane) annuncia con soddisfazione il rinnovo del vertice per la categoria dei panificatori.<\/p>\n<p>Nel corso della riunione del direttivo tenutasi lo scorso 10 marzo 2026 presso l&#8217;<strong>Hotel Mommo di Polistena<\/strong>, <strong>Giuseppe Bellamena<\/strong> \u00e8 stato proposto ed eletto all\u2019unanimit\u00e0 Presidente di categoria e referente di settore per il territorio della Citt\u00e0 Metropolitana di Reggio Calabria.<\/p>\n<p><strong>Il profilo del nuovo Presidente.<\/strong><\/p>\n<p>Classe 1965, Bellamena \u00e8 un imprenditore artigiano di comprovata esperienza, con una carriera quarantennale dedicata all\u2019<strong>&#8220;Arte Bianca&#8221;<\/strong>. Dopo aver mosso i primi passi nel 1990 all\u2019interno dell\u2019attivit\u00e0 di famiglia, dal 2000 guida con successo la propria impresa a Polistena, in via Veneto, e Cinquefrondi ,\u00a0 rappresentando un punto di riferimento per la qualit\u00e0 e la tradizione del territorio.<\/p>\n<p>Il neo-eletto Presidente succede ad <strong>Antonio Tavilla<\/strong>, che ha guidato la categoria con dedizione e professionalit\u00e0 negli ultimi anni.<\/p>\n<p><em>&#8220;Sono onorato della fiducia riposta in me dai colleghi&#8221;<\/em>, ha dichiarato <strong>Giuseppe Bellamena<\/strong> subito dopo l&#8217;elezione. <em>&#8220;Questo incarico rappresenta il primo passo per fare squadra e dare voce alle esigenze reali dei panificatori. Il mio impegno sar\u00e0 rivolto alla creazione di relazioni costruttive e allo sviluppo di convenzioni vantaggiose per tutta la categoria. Sono certo che, con la collaborazione di tutti, raggiungeremo traguardi importanti&#8221;<\/em>.<\/p>\n<p>All\u2019incontro hanno preso parte il Segretario Regionale CLAAI, <strong>Dott. Antonio Guerrieri<\/strong> e il Segretario della Citt\u00e0 Metropolitana di Reggio Calabria, <strong>Rosario Antipasqua<\/strong>. Quest&#8217;ultimo, nel ringraziare calorosamente il Presidente uscente Tavilla per il lavoro svolto, ha sottolineato l&#8217;importanza della recente vittoria legislativa ottenuta dalla Confederazione: l\u2019approvazione definitiva in Senato (avvenuta il 4 marzo 2026) della <strong>Legge annuale sulle piccole imprese <\/strong>che con il suo art.16 ha sancito precise regole per la tutela dell\u2019artigianato.<\/p>\n<p><em>&#8220;Si tratta di una vittoria storica per il vero artigianato&#8221;<\/em>, ha ribadito Antipasqua, <em>&#8220;una norma che mette finalmente fine alla piaga dei &#8216;falsi artigiani&#8217; e tutela chi lavora con qualit\u00e0, sacrificio e nel rispetto delle regole&#8221;<\/em>.<\/p>\n<p>Il mandato di Bellamena Giuseppe\u00a0 si svilupper\u00e0 attorno a pilastri strategici volti a potenziare la competitivit\u00e0 delle imprese associate attraverso <strong>servizi sempre pi\u00f9 efficienti e mirati<\/strong>:<\/p>\n<ul>\n<li><strong>Formazione:<\/strong> incentivare il ricambio generazionale, promuovendo percorsi formativi che avvicinino i giovani all\u2019arte della panificazione.<\/li>\n<li><strong>Accesso al Credito:<\/strong> supportare le imprese nell&#8217;orientamento verso agevolazioni, bandi e strumenti finanziari su misura.<\/li>\n<li><strong>Tutela Legislativa:<\/strong> promuovere attivamente una Legge Regionale di settore che valorizzi e protegga le specificit\u00e0 delle attivit\u00e0 artigiane calabresi.<\/li>\n<li><strong>Servizi Integrati:<\/strong> potenziare l&#8217;assistenza tecnica, fiscale e burocratica per semplificare la gestione quotidiana delle aziende e favorirne la crescita.<\/li>\n<\/ul>\n<p>Il programma prevede gi\u00e0 una serie di incontri capillari su tutto il territorio della Citt\u00e0 Metropolitana per coinvolgere attivamente la base associativa e consolidare la presenza della CLAAI come partner strategico del comparto dell\u2019arte Bianca.<\/p>\n","protected":false},"excerpt":{"rendered":"<p>La CLAAI (Confederazione delle Libere Associazioni Artigiane Italiane) annuncia con soddisfazione il rinnovo del vertice per la categoria dei panificatori. Nel corso della riunione del direttivo tenutasi lo scorso 10&hellip;<\/p>\n","protected":false},"author":5,"featured_media":91893,"comment_status":"closed","ping_status":"open","sticky":false,"template":"","format":"standard","meta":{"_jetpack_memberships_contains_paid_content":false,"footnotes":"","jetpack_publicize_message":"","jetpack_publicize_feature_enabled":true,"jetpack_social_post_already_shared":true,"jetpack_social_options":{"image_generator_settings":{"template":"highway","default_image_id":0,"font":"","enabled":false},"version":2}},"categories":[921,196,140],"tags":[51778,760,38046,51779,51781,51780],"class_list":["post-91892","post","type-post","status-publish","format-standard","has-post-thumbnail","hentry","category-home","category-news","category-reggio-calabria","tag-claai-confederazione-delle-libere-associazioni-artigiane-italiane","tag-direttivo","tag-elezione","tag-giuseppe-bellamena","tag-hotel-mommo-di-polistena","tag-nuovo-presidente-metropolitano-di-reggio"],"yoast_head":"<!-- This site is optimized with the Yoast SEO plugin v27.2 - https:\/\/yoast.com\/product\/yoast-seo-wordpress\/ -->\n<title>Reggio: Giuseppe Bellamena eletto nuovo Presidente Metropolitano dei Panificatori - Radio Touring 104<\/title>\n<meta name=\"description\" content=\"L&#039;elezione di Giuseppe Bellamena avvenuta nel corso del direttivo tenutosi lo scorso 10 marzo, presso l&#039;Hotel &quot;Mommo&quot;, a Polistena\" \/>\n<meta name=\"robots\" content=\"index, follow, max-snippet:-1, max-image-preview:large, max-video-preview:-1\" \/>\n<link rel=\"canonical\" href=\"https:\/\/progettotouring.it\/radiotouring104\/2026\/03\/12\/reggio-giuseppe-bellamena-eletto-nuovo-presidente-metropolitano-dei-panificatori\/\" \/>\n<meta property=\"og:locale\" content=\"it_IT\" \/>\n<meta property=\"og:type\" content=\"article\" \/>\n<meta property=\"og:title\" content=\"Reggio: Giuseppe Bellamena eletto nuovo Presidente Metropolitano dei Panificatori - Radio Touring 104\" \/>\n<meta property=\"og:description\" content=\"L&#039;elezione di Giuseppe Bellamena avvenuta nel corso del direttivo tenutosi lo scorso 10 marzo, presso l&#039;Hotel &quot;Mommo&quot;, a Polistena\" \/>\n<meta property=\"og:url\" content=\"https:\/\/progettotouring.it\/radiotouring104\/2026\/03\/12\/reggio-giuseppe-bellamena-eletto-nuovo-presidente-metropolitano-dei-panificatori\/\" \/>\n<meta property=\"og:site_name\" content=\"Radio Touring 104\" \/>\n<meta property=\"article:published_time\" content=\"2026-03-12T10:50:50+00:00\" \/>\n<meta property=\"article:modified_time\" content=\"2026-03-12T11:54:32+00:00\" \/>\n<meta property=\"og:image\" content=\"https:\/\/progettotouring.it\/radiotouring104\/wp-content\/uploads\/sites\/6\/2026\/03\/giuseppe-bellamena-claai-panificatori-rc.jpeg\" \/>\n\t<meta property=\"og:image:width\" content=\"845\" \/>\n\t<meta property=\"og:image:height\" content=\"1004\" \/>\n\t<meta property=\"og:image:type\" content=\"image\/jpeg\" \/>\n<meta name=\"author\" content=\"redazione\" \/>\n<meta name=\"twitter:card\" content=\"summary_large_image\" \/>\n<meta name=\"twitter:label1\" content=\"Scritto da\" \/>\n\t<meta name=\"twitter:data1\" content=\"redazione\" \/>\n\t<meta name=\"twitter:label2\" content=\"Tempo di lettura stimato\" \/>\n\t<meta name=\"twitter:data2\" content=\"2 minuti\" \/>\n<script type=\"application\/ld+json\" class=\"yoast-schema-graph\">{\"@context\":\"https:\/\/schema.org\",\"@graph\":[{\"@type\":\"Article\",\"@id\":\"https:\/\/progettotouring.it\/radiotouring104\/2026\/03\/12\/reggio-giuseppe-bellamena-eletto-nuovo-presidente-metropolitano-dei-panificatori\/#article\",\"isPartOf\":{\"@id\":\"https:\/\/progettotouring.it\/radiotouring104\/2026\/03\/12\/reggio-giuseppe-bellamena-eletto-nuovo-presidente-metropolitano-dei-panificatori\/\"},\"author\":{\"name\":\"redazione\",\"@id\":\"https:\/\/progettotouring.it\/radiotouring104\/#\/schema\/person\/1b3eb3c07c47136bc44c785c543e635f\"},\"headline\":\"Reggio: Giuseppe Bellamena eletto nuovo Presidente Metropolitano dei Panificatori\",\"datePublished\":\"2026-03-12T10:50:50+00:00\",\"dateModified\":\"2026-03-12T11:54:32+00:00\",\"mainEntityOfPage\":{\"@id\":\"https:\/\/progettotouring.it\/radiotouring104\/2026\/03\/12\/reggio-giuseppe-bellamena-eletto-nuovo-presidente-metropolitano-dei-panificatori\/\"},\"wordCount\":452,\"publisher\":{\"@id\":\"https:\/\/progettotouring.it\/radiotouring104\/#organization\"},\"image\":{\"@id\":\"https:\/\/progettotouring.it\/radiotouring104\/2026\/03\/12\/reggio-giuseppe-bellamena-eletto-nuovo-presidente-metropolitano-dei-panificatori\/#primaryimage\"},\"thumbnailUrl\":\"https:\/\/progettotouring.it\/radiotouring104\/wp-content\/uploads\/sites\/6\/2026\/03\/giuseppe-bellamena-claai-panificatori-rc.jpeg\",\"keywords\":[\"CLAAI (Confederazione delle Libere Associazioni Artigiane Italiane)\",\"direttivo\",\"elezione\",\"Giuseppe Bellamena\",\"Hotel \\\"Mommo\\\" di Polistena\",\"nuovo presidente metropolitano di Reggio\"],\"articleSection\":[\"Home\",\"News\",\"Reggio Calabria\"],\"inLanguage\":\"it-IT\"},{\"@type\":\"WebPage\",\"@id\":\"https:\/\/progettotouring.it\/radiotouring104\/2026\/03\/12\/reggio-giuseppe-bellamena-eletto-nuovo-presidente-metropolitano-dei-panificatori\/\",\"url\":\"https:\/\/progettotouring.it\/radiotouring104\/2026\/03\/12\/reggio-giuseppe-bellamena-eletto-nuovo-presidente-metropolitano-dei-panificatori\/\",\"name\":\"Reggio: Giuseppe Bellamena eletto nuovo Presidente Metropolitano dei Panificatori - Radio Touring 104\",\"isPartOf\":{\"@id\":\"https:\/\/progettotouring.it\/radiotouring104\/#website\"},\"primaryImageOfPage\":{\"@id\":\"https:\/\/progettotouring.it\/radiotouring104\/2026\/03\/12\/reggio-giuseppe-bellamena-eletto-nuovo-presidente-metropolitano-dei-panificatori\/#primaryimage\"},\"image\":{\"@id\":\"https:\/\/progettotouring.it\/radiotouring104\/2026\/03\/12\/reggio-giuseppe-bellamena-eletto-nuovo-presidente-metropolitano-dei-panificatori\/#primaryimage\"},\"thumbnailUrl\":\"https:\/\/progettotouring.it\/radiotouring104\/wp-content\/uploads\/sites\/6\/2026\/03\/giuseppe-bellamena-claai-panificatori-rc.jpeg\",\"datePublished\":\"2026-03-12T10:50:50+00:00\",\"dateModified\":\"2026-03-12T11:54:32+00:00\",\"description\":\"L'elezione di Giuseppe Bellamena avvenuta nel corso del direttivo tenutosi lo scorso 10 marzo, presso l'Hotel \\\"Mommo\\\", a Polistena\",\"breadcrumb\":{\"@id\":\"https:\/\/progettotouring.it\/radiotouring104\/2026\/03\/12\/reggio-giuseppe-bellamena-eletto-nuovo-presidente-metropolitano-dei-panificatori\/#breadcrumb\"},\"inLanguage\":\"it-IT\",\"potentialAction\":[{\"@type\":\"ReadAction\",\"target\":[\"https:\/\/progettotouring.it\/radiotouring104\/2026\/03\/12\/reggio-giuseppe-bellamena-eletto-nuovo-presidente-metropolitano-dei-panificatori\/\"]}]},{\"@type\":\"ImageObject\",\"inLanguage\":\"it-IT\",\"@id\":\"https:\/\/progettotouring.it\/radiotouring104\/2026\/03\/12\/reggio-giuseppe-bellamena-eletto-nuovo-presidente-metropolitano-dei-panificatori\/#primaryimage\",\"url\":\"https:\/\/progettotouring.it\/radiotouring104\/wp-content\/uploads\/sites\/6\/2026\/03\/giuseppe-bellamena-claai-panificatori-rc.jpeg\",\"contentUrl\":\"https:\/\/progettotouring.it\/radiotouring104\/wp-content\/uploads\/sites\/6\/2026\/03\/giuseppe-bellamena-claai-panificatori-rc.jpeg\",\"width\":845,\"height\":1004},{\"@type\":\"BreadcrumbList\",\"@id\":\"https:\/\/progettotouring.it\/radiotouring104\/2026\/03\/12\/reggio-giuseppe-bellamena-eletto-nuovo-presidente-metropolitano-dei-panificatori\/#breadcrumb\",\"itemListElement\":[{\"@type\":\"ListItem\",\"position\":1,\"name\":\"Home\",\"item\":\"https:\/\/progettotouring.it\/radiotouring104\/\"},{\"@type\":\"ListItem\",\"position\":2,\"name\":\"Reggio: Giuseppe Bellamena eletto nuovo Presidente Metropolitano dei Panificatori\"}]},{\"@type\":\"WebSite\",\"@id\":\"https:\/\/progettotouring.it\/radiotouring104\/#website\",\"url\":\"https:\/\/progettotouring.it\/radiotouring104\/\",\"name\":\"Radio Touring 104\",\"description\":\"La prima radio Reggina\",\"publisher\":{\"@id\":\"https:\/\/progettotouring.it\/radiotouring104\/#organization\"},\"potentialAction\":[{\"@type\":\"SearchAction\",\"target\":{\"@type\":\"EntryPoint\",\"urlTemplate\":\"https:\/\/progettotouring.it\/radiotouring104\/?s={search_term_string}\"},\"query-input\":{\"@type\":\"PropertyValueSpecification\",\"valueRequired\":true,\"valueName\":\"search_term_string\"}}],\"inLanguage\":\"it-IT\"},{\"@type\":\"Organization\",\"@id\":\"https:\/\/progettotouring.it\/radiotouring104\/#organization\",\"name\":\"Radio Touring 104\",\"url\":\"https:\/\/progettotouring.it\/radiotouring104\/\",\"logo\":{\"@type\":\"ImageObject\",\"inLanguage\":\"it-IT\",\"@id\":\"https:\/\/progettotouring.it\/radiotouring104\/#\/schema\/logo\/image\/\",\"url\":\"https:\/\/progettotouring.it\/radiotouring104\/wp-content\/uploads\/sites\/6\/2022\/02\/cropped-logo-radio-touring-104.png\",\"contentUrl\":\"https:\/\/progettotouring.it\/radiotouring104\/wp-content\/uploads\/sites\/6\/2022\/02\/cropped-logo-radio-touring-104.png\",\"width\":377,\"height\":182,\"caption\":\"Radio Touring 104\"},\"image\":{\"@id\":\"https:\/\/progettotouring.it\/radiotouring104\/#\/schema\/logo\/image\/\"}},{\"@type\":\"Person\",\"@id\":\"https:\/\/progettotouring.it\/radiotouring104\/#\/schema\/person\/1b3eb3c07c47136bc44c785c543e635f\",\"name\":\"redazione\",\"image\":{\"@type\":\"ImageObject\",\"inLanguage\":\"it-IT\",\"@id\":\"https:\/\/secure.gravatar.com\/avatar\/0b31605b49f100769e8b624b3e05de1b73e1692e9568a352f60f53fd072e6e11?s=96&d=mm&r=g\",\"url\":\"https:\/\/secure.gravatar.com\/avatar\/0b31605b49f100769e8b624b3e05de1b73e1692e9568a352f60f53fd072e6e11?s=96&d=mm&r=g\",\"contentUrl\":\"https:\/\/secure.gravatar.com\/avatar\/0b31605b49f100769e8b624b3e05de1b73e1692e9568a352f60f53fd072e6e11?s=96&d=mm&r=g\",\"caption\":\"redazione\"},\"url\":\"https:\/\/progettotouring.it\/radiotouring104\/author\/redazione\/\"}]}<\/script>\n<!-- \/ Yoast SEO plugin. -->","yoast_head_json":{"title":"Reggio: Giuseppe Bellamena eletto nuovo Presidente Metropolitano dei Panificatori - Radio Touring 104","description":"L'elezione di Giuseppe Bellamena avvenuta nel corso del direttivo tenutosi lo scorso 10 marzo, presso l'Hotel \"Mommo\", a Polistena","robots":{"index":"index","follow":"follow","max-snippet":"max-snippet:-1","max-image-preview":"max-image-preview:large","max-video-preview":"max-video-preview:-1"},"canonical":"https:\/\/progettotouring.it\/radiotouring104\/2026\/03\/12\/reggio-giuseppe-bellamena-eletto-nuovo-presidente-metropolitano-dei-panificatori\/","og_locale":"it_IT","og_type":"article","og_title":"Reggio: Giuseppe Bellamena eletto nuovo Presidente Metropolitano dei Panificatori - Radio Touring 104","og_description":"L'elezione di Giuseppe Bellamena avvenuta nel corso del direttivo tenutosi lo scorso 10 marzo, presso l'Hotel \"Mommo\", a Polistena","og_url":"https:\/\/progettotouring.it\/radiotouring104\/2026\/03\/12\/reggio-giuseppe-bellamena-eletto-nuovo-presidente-metropolitano-dei-panificatori\/","og_site_name":"Radio Touring 104","article_published_time":"2026-03-12T10:50:50+00:00","article_modified_time":"2026-03-12T11:54:32+00:00","og_image":[{"width":845,"height":1004,"url":"https:\/\/progettotouring.it\/radiotouring104\/wp-content\/uploads\/sites\/6\/2026\/03\/giuseppe-bellamena-claai-panificatori-rc.jpeg","type":"image\/jpeg"}],"author":"redazione","twitter_card":"summary_large_image","twitter_misc":{"Scritto da":"redazione","Tempo di lettura stimato":"2 minuti"},"schema":{"@context":"https:\/\/schema.org","@graph":[{"@type":"Article","@id":"https:\/\/progettotouring.it\/radiotouring104\/2026\/03\/12\/reggio-giuseppe-bellamena-eletto-nuovo-presidente-metropolitano-dei-panificatori\/#article","isPartOf":{"@id":"https:\/\/progettotouring.it\/radiotouring104\/2026\/03\/12\/reggio-giuseppe-bellamena-eletto-nuovo-presidente-metropolitano-dei-panificatori\/"},"author":{"name":"redazione","@id":"https:\/\/progettotouring.it\/radiotouring104\/#\/schema\/person\/1b3eb3c07c47136bc44c785c543e635f"},"headline":"Reggio: Giuseppe Bellamena eletto nuovo Presidente Metropolitano dei Panificatori","datePublished":"2026-03-12T10:50:50+00:00","dateModified":"2026-03-12T11:54:32+00:00","mainEntityOfPage":{"@id":"https:\/\/progettotouring.it\/radiotouring104\/2026\/03\/12\/reggio-giuseppe-bellamena-eletto-nuovo-presidente-metropolitano-dei-panificatori\/"},"wordCount":452,"publisher":{"@id":"https:\/\/progettotouring.it\/radiotouring104\/#organization"},"image":{"@id":"https:\/\/progettotouring.it\/radiotouring104\/2026\/03\/12\/reggio-giuseppe-bellamena-eletto-nuovo-presidente-metropolitano-dei-panificatori\/#primaryimage"},"thumbnailUrl":"https:\/\/progettotouring.it\/radiotouring104\/wp-content\/uploads\/sites\/6\/2026\/03\/giuseppe-bellamena-claai-panificatori-rc.jpeg","keywords":["CLAAI (Confederazione delle Libere Associazioni Artigiane Italiane)","direttivo","elezione","Giuseppe Bellamena","Hotel \"Mommo\" di Polistena","nuovo presidente metropolitano di Reggio"],"articleSection":["Home","News","Reggio Calabria"],"inLanguage":"it-IT"},{"@type":"WebPage","@id":"https:\/\/progettotouring.it\/radiotouring104\/2026\/03\/12\/reggio-giuseppe-bellamena-eletto-nuovo-presidente-metropolitano-dei-panificatori\/","url":"https:\/\/progettotouring.it\/radiotouring104\/2026\/03\/12\/reggio-giuseppe-bellamena-eletto-nuovo-presidente-metropolitano-dei-panificatori\/","name":"Reggio: Giuseppe Bellamena eletto nuovo Presidente Metropolitano dei Panificatori - Radio Touring 104","isPartOf":{"@id":"https:\/\/progettotouring.it\/radiotouring104\/#website"},"primaryImageOfPage":{"@id":"https:\/\/progettotouring.it\/radiotouring104\/2026\/03\/12\/reggio-giuseppe-bellamena-eletto-nuovo-presidente-metropolitano-dei-panificatori\/#primaryimage"},"image":{"@id":"https:\/\/progettotouring.it\/radiotouring104\/2026\/03\/12\/reggio-giuseppe-bellamena-eletto-nuovo-presidente-metropolitano-dei-panificatori\/#primaryimage"},"thumbnailUrl":"https:\/\/progettotouring.it\/radiotouring104\/wp-content\/uploads\/sites\/6\/2026\/03\/giuseppe-bellamena-claai-panificatori-rc.jpeg","datePublished":"2026-03-12T10:50:50+00:00","dateModified":"2026-03-12T11:54:32+00:00","description":"L'elezione di Giuseppe Bellamena avvenuta nel corso del direttivo tenutosi lo scorso 10 marzo, presso l'Hotel \"Mommo\", a Polistena","breadcrumb":{"@id":"https:\/\/progettotouring.it\/radiotouring104\/2026\/03\/12\/reggio-giuseppe-bellamena-eletto-nuovo-presidente-metropolitano-dei-panificatori\/#breadcrumb"},"inLanguage":"it-IT","potentialAction":[{"@type":"ReadAction","target":["https:\/\/progettotouring.it\/radiotouring104\/2026\/03\/12\/reggio-giuseppe-bellamena-eletto-nuovo-presidente-metropolitano-dei-panificatori\/"]}]},{"@type":"ImageObject","inLanguage":"it-IT","@id":"https:\/\/progettotouring.it\/radiotouring104\/2026\/03\/12\/reggio-giuseppe-bellamena-eletto-nuovo-presidente-metropolitano-dei-panificatori\/#primaryimage","url":"https:\/\/progettotouring.it\/radiotouring104\/wp-content\/uploads\/sites\/6\/2026\/03\/giuseppe-bellamena-claai-panificatori-rc.jpeg","contentUrl":"https:\/\/progettotouring.it\/radiotouring104\/wp-content\/uploads\/sites\/6\/2026\/03\/giuseppe-bellamena-claai-panificatori-rc.jpeg","width":845,"height":1004},{"@type":"BreadcrumbList","@id":"https:\/\/progettotouring.it\/radiotouring104\/2026\/03\/12\/reggio-giuseppe-bellamena-eletto-nuovo-presidente-metropolitano-dei-panificatori\/#breadcrumb","itemListElement":[{"@type":"ListItem","position":1,"name":"Home","item":"https:\/\/progettotouring.it\/radiotouring104\/"},{"@type":"ListItem","position":2,"name":"Reggio: Giuseppe Bellamena eletto nuovo Presidente Metropolitano dei Panificatori"}]},{"@type":"WebSite","@id":"https:\/\/progettotouring.it\/radiotouring104\/#website","url":"https:\/\/progettotouring.it\/radiotouring104\/","name":"Radio Touring 104","description":"La prima radio Reggina","publisher":{"@id":"https:\/\/progettotouring.it\/radiotouring104\/#organization"},"potentialAction":[{"@type":"SearchAction","target":{"@type":"EntryPoint","urlTemplate":"https:\/\/progettotouring.it\/radiotouring104\/?s={search_term_string}"},"query-input":{"@type":"PropertyValueSpecification","valueRequired":true,"valueName":"search_term_string"}}],"inLanguage":"it-IT"},{"@type":"Organization","@id":"https:\/\/progettotouring.it\/radiotouring104\/#organization","name":"Radio Touring 104","url":"https:\/\/progettotouring.it\/radiotouring104\/","logo":{"@type":"ImageObject","inLanguage":"it-IT","@id":"https:\/\/progettotouring.it\/radiotouring104\/#\/schema\/logo\/image\/","url":"https:\/\/progettotouring.it\/radiotouring104\/wp-content\/uploads\/sites\/6\/2022\/02\/cropped-logo-radio-touring-104.png","contentUrl":"https:\/\/progettotouring.it\/radiotouring104\/wp-content\/uploads\/sites\/6\/2022\/02\/cropped-logo-radio-touring-104.png","width":377,"height":182,"caption":"Radio Touring 104"},"image":{"@id":"https:\/\/progettotouring.it\/radiotouring104\/#\/schema\/logo\/image\/"}},{"@type":"Person","@id":"https:\/\/progettotouring.it\/radiotouring104\/#\/schema\/person\/1b3eb3c07c47136bc44c785c543e635f","name":"redazione","image":{"@type":"ImageObject","inLanguage":"it-IT","@id":"https:\/\/secure.gravatar.com\/avatar\/0b31605b49f100769e8b624b3e05de1b73e1692e9568a352f60f53fd072e6e11?s=96&d=mm&r=g","url":"https:\/\/secure.gravatar.com\/avatar\/0b31605b49f100769e8b624b3e05de1b73e1692e9568a352f60f53fd072e6e11?s=96&d=mm&r=g","contentUrl":"https:\/\/secure.gravatar.com\/avatar\/0b31605b49f100769e8b624b3e05de1b73e1692e9568a352f60f53fd072e6e11?s=96&d=mm&r=g","caption":"redazione"},"url":"https:\/\/progettotouring.it\/radiotouring104\/author\/redazione\/"}]}},"jetpack_publicize_connections":[],"jetpack_featured_media_url":"https:\/\/progettotouring.it\/radiotouring104\/wp-content\/uploads\/sites\/6\/2026\/03\/giuseppe-bellamena-claai-panificatori-rc.jpeg","jetpack_sharing_enabled":true,"_links":{"self":[{"href":"https:\/\/progettotouring.it\/radiotouring104\/wp-json\/wp\/v2\/posts\/91892","targetHints":{"allow":["GET"]}}],"collection":[{"href":"https:\/\/progettotouring.it\/radiotouring104\/wp-json\/wp\/v2\/posts"}],"about":[{"href":"https:\/\/progettotouring.it\/radiotouring104\/wp-json\/wp\/v2\/types\/post"}],"author":[{"embeddable":true,"href":"https:\/\/progettotouring.it\/radiotouring104\/wp-json\/wp\/v2\/users\/5"}],"replies":[{"embeddable":true,"href":"https:\/\/progettotouring.it\/radiotouring104\/wp-json\/wp\/v2\/comments?post=91892"}],"version-history":[{"count":2,"href":"https:\/\/progettotouring.it\/radiotouring104\/wp-json\/wp\/v2\/posts\/91892\/revisions"}],"predecessor-version":[{"id":91895,"href":"https:\/\/progettotouring.it\/radiotouring104\/wp-json\/wp\/v2\/posts\/91892\/revisions\/91895"}],"wp:featuredmedia":[{"embeddable":true,"href":"https:\/\/progettotouring.it\/radiotouring104\/wp-json\/wp\/v2\/media\/91893"}],"wp:attachment":[{"href":"https:\/\/progettotouring.it\/radiotouring104\/wp-json\/wp\/v2\/media?parent=91892"}],"wp:term":[{"taxonomy":"category","embeddable":true,"href":"https:\/\/progettotouring.it\/radiotouring104\/wp-json\/wp\/v2\/categories?post=91892"},{"taxonomy":"post_tag","embeddable":true,"href":"https:\/\/progettotouring.it\/radiotouring104\/wp-json\/wp\/v2\/tags?post=91892"}],"curies":[{"name":"wp","href":"https:\/\/api.w.org\/{rel}","templated":true}]}}