{"id":91907,"date":"2026-03-13T09:00:05","date_gmt":"2026-03-13T08:00:05","guid":{"rendered":"https:\/\/progettotouring.it\/radiotouring104\/?p=91907"},"modified":"2026-03-13T09:21:38","modified_gmt":"2026-03-13T08:21:38","slug":"la-redel-viola-pronta-al-big-match-contro-virtus-ragusa","status":"publish","type":"post","link":"https:\/\/progettotouring.it\/radiotouring104\/2026\/03\/13\/la-redel-viola-pronta-al-big-match-contro-virtus-ragusa\/","title":{"rendered":"La Redel Viola pronta al Big Match contro Virtus Ragusa"},"content":{"rendered":"<p>Uno scontro diretto fra due squadre che puntano alla promozione.<\/p>\n<p>Questa pu\u00f2 essere la presentazione semplice della sfida di domenica prossima, 15 marzo, fra la Redel e la Virtus Ragusa che si giocher\u00e0 in terra siciliana, alle 18:00.<\/p>\n<p>Nel match di Reggio Calabria, si \u00e8 registrata una sonora vittoria dei ragazzi di coach Cadeo che sfoderano una delle migliori prestazioni stagionali e chiudono con 30 punti di scarto, differenza che sar\u00e0 quasi impossibile ribaltare per Ragusa nel prossimo match.<\/p>\n<p>Ma la Virtus cercher\u00e0 comunque la vittoria con l\u2019obiettivo di riscattare un girone di ritorno decisamente di livello inferiore rispetto alla prima parte di stagione.<\/p>\n<p>I Ragazzi di coach Di Gregorio hanno incassato una serie di sconfitte che hanno permesso alla Viola di agganciare e superare in classifica la battistrada delle prime giornate.<\/p>\n<p>Ma Fernandez e compagni non dovranno fare l\u2019errore di sottovalutare un gruppo che ha delle individualit\u00e0 di altissimo livello come l\u2019ex neroarancio Augustin Fabi, uomo di punta di un roster che sfoggia il super cannoniere Marcus Brown.<\/p>\n<p>Lanzi, Peterson ed Adeola sono altri tre atleti che hanno solidit\u00e0 e punti nelle mani con il centro Piscietta che fa il lavoro sporco.<\/p>\n<p>Sar\u00e0 un match che si giocher\u00e0 ad alta intensit\u00e0 fra due protagoniste che lotteranno fino alla fine per il salto di categoria.<\/p>\n","protected":false},"excerpt":{"rendered":"<p>Uno scontro diretto fra due squadre che puntano alla promozione. Questa pu\u00f2 essere la presentazione semplice della sfida di domenica prossima, 15 marzo, fra la Redel e la Virtus Ragusa&hellip;<\/p>\n","protected":false},"author":21,"featured_media":87120,"comment_status":"closed","ping_status":"open","sticky":false,"template":"","format":"standard","meta":{"_jetpack_memberships_contains_paid_content":false,"footnotes":"","jetpack_publicize_message":"","jetpack_publicize_feature_enabled":true,"jetpack_social_post_already_shared":true,"jetpack_social_options":{"image_generator_settings":{"template":"highway","default_image_id":0,"font":"","enabled":false},"version":2}},"categories":[196,140,144],"tags":[37080,34365,13171,3634],"class_list":["post-91907","post","type-post","status-publish","format-standard","has-post-thumbnail","hentry","category-news","category-reggio-calabria","category-sport","tag-big-match","tag-redel-viola","tag-trasferta","tag-virtus-ragusa"],"yoast_head":"<!-- This site is optimized with the Yoast SEO plugin v27.2 - https:\/\/yoast.com\/product\/yoast-seo-wordpress\/ -->\n<title>La Redel Viola pronta al Big Match contro Virtus Ragusa<\/title>\n<meta name=\"description\" content=\"I neroarancio si preparano ad affrontare, in trasferta, il roster siciliano, domenica 15 marzo, alle 18:, che vorrebbe riscattare l&#039;andata\" \/>\n<meta name=\"robots\" content=\"index, follow, max-snippet:-1, max-image-preview:large, max-video-preview:-1\" \/>\n<link rel=\"canonical\" href=\"https:\/\/progettotouring.it\/radiotouring104\/2026\/03\/13\/la-redel-viola-pronta-al-big-match-contro-virtus-ragusa\/\" \/>\n<meta property=\"og:locale\" content=\"it_IT\" \/>\n<meta property=\"og:type\" content=\"article\" \/>\n<meta property=\"og:title\" content=\"La Redel Viola pronta al Big Match contro Virtus Ragusa\" \/>\n<meta property=\"og:description\" content=\"I neroarancio si preparano ad affrontare, in trasferta, il roster siciliano, domenica 15 marzo, alle 18:, che vorrebbe riscattare l&#039;andata\" \/>\n<meta property=\"og:url\" content=\"https:\/\/progettotouring.it\/radiotouring104\/2026\/03\/13\/la-redel-viola-pronta-al-big-match-contro-virtus-ragusa\/\" \/>\n<meta property=\"og:site_name\" content=\"Radio Touring 104\" \/>\n<meta property=\"article:published_time\" content=\"2026-03-13T08:00:05+00:00\" \/>\n<meta property=\"article:modified_time\" content=\"2026-03-13T08:21:38+00:00\" \/>\n<meta property=\"og:image\" content=\"https:\/\/progettotouring.it\/radiotouring104\/wp-content\/uploads\/sites\/6\/2025\/12\/IMMAGINI-X-SITO-2025-12-08T160706.463.jpg\" \/>\n\t<meta property=\"og:image:width\" content=\"2000\" \/>\n\t<meta property=\"og:image:height\" content=\"1545\" \/>\n\t<meta property=\"og:image:type\" content=\"image\/jpeg\" \/>\n<meta name=\"author\" content=\"Giuseppe Dattola\" \/>\n<meta name=\"twitter:card\" content=\"summary_large_image\" \/>\n<meta name=\"twitter:label1\" content=\"Scritto da\" \/>\n\t<meta name=\"twitter:data1\" content=\"Giuseppe Dattola\" \/>\n\t<meta name=\"twitter:label2\" content=\"Tempo di lettura stimato\" \/>\n\t<meta name=\"twitter:data2\" content=\"1 minuto\" \/>\n<script type=\"application\/ld+json\" class=\"yoast-schema-graph\">{\"@context\":\"https:\/\/schema.org\",\"@graph\":[{\"@type\":\"Article\",\"@id\":\"https:\/\/progettotouring.it\/radiotouring104\/2026\/03\/13\/la-redel-viola-pronta-al-big-match-contro-virtus-ragusa\/#article\",\"isPartOf\":{\"@id\":\"https:\/\/progettotouring.it\/radiotouring104\/2026\/03\/13\/la-redel-viola-pronta-al-big-match-contro-virtus-ragusa\/\"},\"author\":{\"name\":\"Giuseppe Dattola\",\"@id\":\"https:\/\/progettotouring.it\/radiotouring104\/#\/schema\/person\/c0e800756c839eae8c93153858959084\"},\"headline\":\"La Redel Viola pronta al Big Match contro Virtus Ragusa\",\"datePublished\":\"2026-03-13T08:00:05+00:00\",\"dateModified\":\"2026-03-13T08:21:38+00:00\",\"mainEntityOfPage\":{\"@id\":\"https:\/\/progettotouring.it\/radiotouring104\/2026\/03\/13\/la-redel-viola-pronta-al-big-match-contro-virtus-ragusa\/\"},\"wordCount\":224,\"publisher\":{\"@id\":\"https:\/\/progettotouring.it\/radiotouring104\/#organization\"},\"image\":{\"@id\":\"https:\/\/progettotouring.it\/radiotouring104\/2026\/03\/13\/la-redel-viola-pronta-al-big-match-contro-virtus-ragusa\/#primaryimage\"},\"thumbnailUrl\":\"https:\/\/progettotouring.it\/radiotouring104\/wp-content\/uploads\/sites\/6\/2025\/12\/IMMAGINI-X-SITO-2025-12-08T160706.463.jpg\",\"keywords\":[\"big match\",\"Redel Viola\",\"Trasferta\",\"Virtus Ragusa\"],\"articleSection\":[\"News\",\"Reggio Calabria\",\"Sport\"],\"inLanguage\":\"it-IT\"},{\"@type\":\"WebPage\",\"@id\":\"https:\/\/progettotouring.it\/radiotouring104\/2026\/03\/13\/la-redel-viola-pronta-al-big-match-contro-virtus-ragusa\/\",\"url\":\"https:\/\/progettotouring.it\/radiotouring104\/2026\/03\/13\/la-redel-viola-pronta-al-big-match-contro-virtus-ragusa\/\",\"name\":\"La Redel Viola pronta al Big Match contro Virtus Ragusa\",\"isPartOf\":{\"@id\":\"https:\/\/progettotouring.it\/radiotouring104\/#website\"},\"primaryImageOfPage\":{\"@id\":\"https:\/\/progettotouring.it\/radiotouring104\/2026\/03\/13\/la-redel-viola-pronta-al-big-match-contro-virtus-ragusa\/#primaryimage\"},\"image\":{\"@id\":\"https:\/\/progettotouring.it\/radiotouring104\/2026\/03\/13\/la-redel-viola-pronta-al-big-match-contro-virtus-ragusa\/#primaryimage\"},\"thumbnailUrl\":\"https:\/\/progettotouring.it\/radiotouring104\/wp-content\/uploads\/sites\/6\/2025\/12\/IMMAGINI-X-SITO-2025-12-08T160706.463.jpg\",\"datePublished\":\"2026-03-13T08:00:05+00:00\",\"dateModified\":\"2026-03-13T08:21:38+00:00\",\"description\":\"I neroarancio si preparano ad affrontare, in trasferta, il roster siciliano, domenica 15 marzo, alle 18:, che vorrebbe riscattare l'andata\",\"breadcrumb\":{\"@id\":\"https:\/\/progettotouring.it\/radiotouring104\/2026\/03\/13\/la-redel-viola-pronta-al-big-match-contro-virtus-ragusa\/#breadcrumb\"},\"inLanguage\":\"it-IT\",\"potentialAction\":[{\"@type\":\"ReadAction\",\"target\":[\"https:\/\/progettotouring.it\/radiotouring104\/2026\/03\/13\/la-redel-viola-pronta-al-big-match-contro-virtus-ragusa\/\"]}]},{\"@type\":\"ImageObject\",\"inLanguage\":\"it-IT\",\"@id\":\"https:\/\/progettotouring.it\/radiotouring104\/2026\/03\/13\/la-redel-viola-pronta-al-big-match-contro-virtus-ragusa\/#primaryimage\",\"url\":\"https:\/\/progettotouring.it\/radiotouring104\/wp-content\/uploads\/sites\/6\/2025\/12\/IMMAGINI-X-SITO-2025-12-08T160706.463.jpg\",\"contentUrl\":\"https:\/\/progettotouring.it\/radiotouring104\/wp-content\/uploads\/sites\/6\/2025\/12\/IMMAGINI-X-SITO-2025-12-08T160706.463.jpg\",\"width\":2000,\"height\":1545},{\"@type\":\"BreadcrumbList\",\"@id\":\"https:\/\/progettotouring.it\/radiotouring104\/2026\/03\/13\/la-redel-viola-pronta-al-big-match-contro-virtus-ragusa\/#breadcrumb\",\"itemListElement\":[{\"@type\":\"ListItem\",\"position\":1,\"name\":\"Home\",\"item\":\"https:\/\/progettotouring.it\/radiotouring104\/\"},{\"@type\":\"ListItem\",\"position\":2,\"name\":\"La Redel Viola pronta al Big Match contro Virtus Ragusa\"}]},{\"@type\":\"WebSite\",\"@id\":\"https:\/\/progettotouring.it\/radiotouring104\/#website\",\"url\":\"https:\/\/progettotouring.it\/radiotouring104\/\",\"name\":\"Radio Touring 104\",\"description\":\"La prima radio Reggina\",\"publisher\":{\"@id\":\"https:\/\/progettotouring.it\/radiotouring104\/#organization\"},\"potentialAction\":[{\"@type\":\"SearchAction\",\"target\":{\"@type\":\"EntryPoint\",\"urlTemplate\":\"https:\/\/progettotouring.it\/radiotouring104\/?s={search_term_string}\"},\"query-input\":{\"@type\":\"PropertyValueSpecification\",\"valueRequired\":true,\"valueName\":\"search_term_string\"}}],\"inLanguage\":\"it-IT\"},{\"@type\":\"Organization\",\"@id\":\"https:\/\/progettotouring.it\/radiotouring104\/#organization\",\"name\":\"Radio Touring 104\",\"url\":\"https:\/\/progettotouring.it\/radiotouring104\/\",\"logo\":{\"@type\":\"ImageObject\",\"inLanguage\":\"it-IT\",\"@id\":\"https:\/\/progettotouring.it\/radiotouring104\/#\/schema\/logo\/image\/\",\"url\":\"https:\/\/progettotouring.it\/radiotouring104\/wp-content\/uploads\/sites\/6\/2022\/02\/cropped-logo-radio-touring-104.png\",\"contentUrl\":\"https:\/\/progettotouring.it\/radiotouring104\/wp-content\/uploads\/sites\/6\/2022\/02\/cropped-logo-radio-touring-104.png\",\"width\":377,\"height\":182,\"caption\":\"Radio Touring 104\"},\"image\":{\"@id\":\"https:\/\/progettotouring.it\/radiotouring104\/#\/schema\/logo\/image\/\"}},{\"@type\":\"Person\",\"@id\":\"https:\/\/progettotouring.it\/radiotouring104\/#\/schema\/person\/c0e800756c839eae8c93153858959084\",\"name\":\"Giuseppe Dattola\",\"image\":{\"@type\":\"ImageObject\",\"inLanguage\":\"it-IT\",\"@id\":\"https:\/\/secure.gravatar.com\/avatar\/c5771b35d04c75debcca6c29ddd4741e6a8276b8c8f1598b29c8fba52c35e758?s=96&d=mm&r=g\",\"url\":\"https:\/\/secure.gravatar.com\/avatar\/c5771b35d04c75debcca6c29ddd4741e6a8276b8c8f1598b29c8fba52c35e758?s=96&d=mm&r=g\",\"contentUrl\":\"https:\/\/secure.gravatar.com\/avatar\/c5771b35d04c75debcca6c29ddd4741e6a8276b8c8f1598b29c8fba52c35e758?s=96&d=mm&r=g\",\"caption\":\"Giuseppe Dattola\"},\"url\":\"https:\/\/progettotouring.it\/radiotouring104\/author\/gdattola\/\"}]}<\/script>\n<!-- \/ Yoast SEO plugin. -->","yoast_head_json":{"title":"La Redel Viola pronta al Big Match contro Virtus Ragusa","description":"I neroarancio si preparano ad affrontare, in trasferta, il roster siciliano, domenica 15 marzo, alle 18:, che vorrebbe riscattare l'andata","robots":{"index":"index","follow":"follow","max-snippet":"max-snippet:-1","max-image-preview":"max-image-preview:large","max-video-preview":"max-video-preview:-1"},"canonical":"https:\/\/progettotouring.it\/radiotouring104\/2026\/03\/13\/la-redel-viola-pronta-al-big-match-contro-virtus-ragusa\/","og_locale":"it_IT","og_type":"article","og_title":"La Redel Viola pronta al Big Match contro Virtus Ragusa","og_description":"I neroarancio si preparano ad affrontare, in trasferta, il roster siciliano, domenica 15 marzo, alle 18:, che vorrebbe riscattare l'andata","og_url":"https:\/\/progettotouring.it\/radiotouring104\/2026\/03\/13\/la-redel-viola-pronta-al-big-match-contro-virtus-ragusa\/","og_site_name":"Radio Touring 104","article_published_time":"2026-03-13T08:00:05+00:00","article_modified_time":"2026-03-13T08:21:38+00:00","og_image":[{"width":2000,"height":1545,"url":"https:\/\/progettotouring.it\/radiotouring104\/wp-content\/uploads\/sites\/6\/2025\/12\/IMMAGINI-X-SITO-2025-12-08T160706.463.jpg","type":"image\/jpeg"}],"author":"Giuseppe Dattola","twitter_card":"summary_large_image","twitter_misc":{"Scritto da":"Giuseppe Dattola","Tempo di lettura stimato":"1 minuto"},"schema":{"@context":"https:\/\/schema.org","@graph":[{"@type":"Article","@id":"https:\/\/progettotouring.it\/radiotouring104\/2026\/03\/13\/la-redel-viola-pronta-al-big-match-contro-virtus-ragusa\/#article","isPartOf":{"@id":"https:\/\/progettotouring.it\/radiotouring104\/2026\/03\/13\/la-redel-viola-pronta-al-big-match-contro-virtus-ragusa\/"},"author":{"name":"Giuseppe Dattola","@id":"https:\/\/progettotouring.it\/radiotouring104\/#\/schema\/person\/c0e800756c839eae8c93153858959084"},"headline":"La Redel Viola pronta al Big Match contro Virtus Ragusa","datePublished":"2026-03-13T08:00:05+00:00","dateModified":"2026-03-13T08:21:38+00:00","mainEntityOfPage":{"@id":"https:\/\/progettotouring.it\/radiotouring104\/2026\/03\/13\/la-redel-viola-pronta-al-big-match-contro-virtus-ragusa\/"},"wordCount":224,"publisher":{"@id":"https:\/\/progettotouring.it\/radiotouring104\/#organization"},"image":{"@id":"https:\/\/progettotouring.it\/radiotouring104\/2026\/03\/13\/la-redel-viola-pronta-al-big-match-contro-virtus-ragusa\/#primaryimage"},"thumbnailUrl":"https:\/\/progettotouring.it\/radiotouring104\/wp-content\/uploads\/sites\/6\/2025\/12\/IMMAGINI-X-SITO-2025-12-08T160706.463.jpg","keywords":["big match","Redel Viola","Trasferta","Virtus Ragusa"],"articleSection":["News","Reggio Calabria","Sport"],"inLanguage":"it-IT"},{"@type":"WebPage","@id":"https:\/\/progettotouring.it\/radiotouring104\/2026\/03\/13\/la-redel-viola-pronta-al-big-match-contro-virtus-ragusa\/","url":"https:\/\/progettotouring.it\/radiotouring104\/2026\/03\/13\/la-redel-viola-pronta-al-big-match-contro-virtus-ragusa\/","name":"La Redel Viola pronta al Big Match contro Virtus Ragusa","isPartOf":{"@id":"https:\/\/progettotouring.it\/radiotouring104\/#website"},"primaryImageOfPage":{"@id":"https:\/\/progettotouring.it\/radiotouring104\/2026\/03\/13\/la-redel-viola-pronta-al-big-match-contro-virtus-ragusa\/#primaryimage"},"image":{"@id":"https:\/\/progettotouring.it\/radiotouring104\/2026\/03\/13\/la-redel-viola-pronta-al-big-match-contro-virtus-ragusa\/#primaryimage"},"thumbnailUrl":"https:\/\/progettotouring.it\/radiotouring104\/wp-content\/uploads\/sites\/6\/2025\/12\/IMMAGINI-X-SITO-2025-12-08T160706.463.jpg","datePublished":"2026-03-13T08:00:05+00:00","dateModified":"2026-03-13T08:21:38+00:00","description":"I neroarancio si preparano ad affrontare, in trasferta, il roster siciliano, domenica 15 marzo, alle 18:, che vorrebbe riscattare l'andata","breadcrumb":{"@id":"https:\/\/progettotouring.it\/radiotouring104\/2026\/03\/13\/la-redel-viola-pronta-al-big-match-contro-virtus-ragusa\/#breadcrumb"},"inLanguage":"it-IT","potentialAction":[{"@type":"ReadAction","target":["https:\/\/progettotouring.it\/radiotouring104\/2026\/03\/13\/la-redel-viola-pronta-al-big-match-contro-virtus-ragusa\/"]}]},{"@type":"ImageObject","inLanguage":"it-IT","@id":"https:\/\/progettotouring.it\/radiotouring104\/2026\/03\/13\/la-redel-viola-pronta-al-big-match-contro-virtus-ragusa\/#primaryimage","url":"https:\/\/progettotouring.it\/radiotouring104\/wp-content\/uploads\/sites\/6\/2025\/12\/IMMAGINI-X-SITO-2025-12-08T160706.463.jpg","contentUrl":"https:\/\/progettotouring.it\/radiotouring104\/wp-content\/uploads\/sites\/6\/2025\/12\/IMMAGINI-X-SITO-2025-12-08T160706.463.jpg","width":2000,"height":1545},{"@type":"BreadcrumbList","@id":"https:\/\/progettotouring.it\/radiotouring104\/2026\/03\/13\/la-redel-viola-pronta-al-big-match-contro-virtus-ragusa\/#breadcrumb","itemListElement":[{"@type":"ListItem","position":1,"name":"Home","item":"https:\/\/progettotouring.it\/radiotouring104\/"},{"@type":"ListItem","position":2,"name":"La Redel Viola pronta al Big Match contro Virtus Ragusa"}]},{"@type":"WebSite","@id":"https:\/\/progettotouring.it\/radiotouring104\/#website","url":"https:\/\/progettotouring.it\/radiotouring104\/","name":"Radio Touring 104","description":"La prima radio Reggina","publisher":{"@id":"https:\/\/progettotouring.it\/radiotouring104\/#organization"},"potentialAction":[{"@type":"SearchAction","target":{"@type":"EntryPoint","urlTemplate":"https:\/\/progettotouring.it\/radiotouring104\/?s={search_term_string}"},"query-input":{"@type":"PropertyValueSpecification","valueRequired":true,"valueName":"search_term_string"}}],"inLanguage":"it-IT"},{"@type":"Organization","@id":"https:\/\/progettotouring.it\/radiotouring104\/#organization","name":"Radio Touring 104","url":"https:\/\/progettotouring.it\/radiotouring104\/","logo":{"@type":"ImageObject","inLanguage":"it-IT","@id":"https:\/\/progettotouring.it\/radiotouring104\/#\/schema\/logo\/image\/","url":"https:\/\/progettotouring.it\/radiotouring104\/wp-content\/uploads\/sites\/6\/2022\/02\/cropped-logo-radio-touring-104.png","contentUrl":"https:\/\/progettotouring.it\/radiotouring104\/wp-content\/uploads\/sites\/6\/2022\/02\/cropped-logo-radio-touring-104.png","width":377,"height":182,"caption":"Radio Touring 104"},"image":{"@id":"https:\/\/progettotouring.it\/radiotouring104\/#\/schema\/logo\/image\/"}},{"@type":"Person","@id":"https:\/\/progettotouring.it\/radiotouring104\/#\/schema\/person\/c0e800756c839eae8c93153858959084","name":"Giuseppe Dattola","image":{"@type":"ImageObject","inLanguage":"it-IT","@id":"https:\/\/secure.gravatar.com\/avatar\/c5771b35d04c75debcca6c29ddd4741e6a8276b8c8f1598b29c8fba52c35e758?s=96&d=mm&r=g","url":"https:\/\/secure.gravatar.com\/avatar\/c5771b35d04c75debcca6c29ddd4741e6a8276b8c8f1598b29c8fba52c35e758?s=96&d=mm&r=g","contentUrl":"https:\/\/secure.gravatar.com\/avatar\/c5771b35d04c75debcca6c29ddd4741e6a8276b8c8f1598b29c8fba52c35e758?s=96&d=mm&r=g","caption":"Giuseppe Dattola"},"url":"https:\/\/progettotouring.it\/radiotouring104\/author\/gdattola\/"}]}},"jetpack_publicize_connections":[],"jetpack_featured_media_url":"https:\/\/progettotouring.it\/radiotouring104\/wp-content\/uploads\/sites\/6\/2025\/12\/IMMAGINI-X-SITO-2025-12-08T160706.463.jpg","jetpack_sharing_enabled":true,"_links":{"self":[{"href":"https:\/\/progettotouring.it\/radiotouring104\/wp-json\/wp\/v2\/posts\/91907","targetHints":{"allow":["GET"]}}],"collection":[{"href":"https:\/\/progettotouring.it\/radiotouring104\/wp-json\/wp\/v2\/posts"}],"about":[{"href":"https:\/\/progettotouring.it\/radiotouring104\/wp-json\/wp\/v2\/types\/post"}],"author":[{"embeddable":true,"href":"https:\/\/progettotouring.it\/radiotouring104\/wp-json\/wp\/v2\/users\/21"}],"replies":[{"embeddable":true,"href":"https:\/\/progettotouring.it\/radiotouring104\/wp-json\/wp\/v2\/comments?post=91907"}],"version-history":[{"count":3,"href":"https:\/\/progettotouring.it\/radiotouring104\/wp-json\/wp\/v2\/posts\/91907\/revisions"}],"predecessor-version":[{"id":91910,"href":"https:\/\/progettotouring.it\/radiotouring104\/wp-json\/wp\/v2\/posts\/91907\/revisions\/91910"}],"wp:featuredmedia":[{"embeddable":true,"href":"https:\/\/progettotouring.it\/radiotouring104\/wp-json\/wp\/v2\/media\/87120"}],"wp:attachment":[{"href":"https:\/\/progettotouring.it\/radiotouring104\/wp-json\/wp\/v2\/media?parent=91907"}],"wp:term":[{"taxonomy":"category","embeddable":true,"href":"https:\/\/progettotouring.it\/radiotouring104\/wp-json\/wp\/v2\/categories?post=91907"},{"taxonomy":"post_tag","embeddable":true,"href":"https:\/\/progettotouring.it\/radiotouring104\/wp-json\/wp\/v2\/tags?post=91907"}],"curies":[{"name":"wp","href":"https:\/\/api.w.org\/{rel}","templated":true}]}}