{"id":91916,"date":"2026-03-13T09:35:21","date_gmt":"2026-03-13T08:35:21","guid":{"rendered":"https:\/\/progettotouring.it\/radiotouring104\/?p=91916"},"modified":"2026-03-13T11:44:37","modified_gmt":"2026-03-13T10:44:37","slug":"reggio-inaugurato-lo-spazio-funzionale-per-adolescenti-desteenazione","status":"publish","type":"post","link":"https:\/\/progettotouring.it\/radiotouring104\/2026\/03\/13\/reggio-inaugurato-lo-spazio-funzionale-per-adolescenti-desteenazione\/","title":{"rendered":"Reggio: inaugurato lo Spazio funzionale per Adolescenti \u201cDesTEENazione\u201d"},"content":{"rendered":"<p><span style=\"font-size: large\">Inaugurato alla presenza delle istituzioni, delle scuole e di numerosi rappresentanti del mondo educativo e sociale del territorio, lo Spazio Multifunzionale per Adolescenti \u201cDesTEENazione\u201d.<\/span><\/p>\n<p><span style=\"font-size: large\">L\u2019iniziativa del Settore Politiche Sociali del Comune rappresenta un investimento sul futuro dei giovani del territorio; con l\u2019obiettivo di creare un luogo dedicato all\u2019incontro, all\u2019interscambio socio-culturale, alla crescita e alla partecipazione attiva degli adolescenti.<\/span><\/p>\n<p><span style=\"font-size: large\">Lo spazio -situato in via Cardinale G. Portanova 184- ospiter\u00e0 attivit\u00e0 educative, laboratori creativi e percorsi di accompagnamento rivolti ai giovani, promuovendo relazioni positive e opportunit\u00e0 di sviluppo personale.<\/span><\/p>\n<p><span style=\"font-size: large\">All\u2019inaugurazione hanno preso parte il sindaco ff della Citt\u00e0 di Reggio Calabria Domenico Battaglia; il procuratore presso il Tribunale per i Minorenni di Reggio Calabria Roberto Di Palma; il rettore dell\u2019Universit\u00e0 Mediterranea di Reggio Calabria Giuseppe Zimbalatti; l\u2019assessora comunale al Welfare Lucia Anita Nucera; l\u2019assessora all\u2019Istruzione ed alle Pari Opportunit\u00e0 Anna Maria Curatola; il dirigente del Settore Welfare Francesco Barreca; la coordinatrice strategico-programmatica del progetto Elena Mundo; la coordinatrice tecnica Linea 2 Maria Angela Cuzzola e il coordinatore tecnico Linee 3-6 Saverio Sergi.<\/span><\/p>\n<p><span style=\"font-size: large\">Particolare attenzione \u00e8 stata dedicata al coinvolgimento delle scuole e dei giovani, protagonisti dell\u2019iniziativa attraverso qualificati e significativi interventi e attivit\u00e0 artistiche; con la partecipazione degli studenti e dei docenti delle scuole coinvolte nei progetti Get-Up: Liceo Artistico \u201cPreti-Frangipane\u201d, guidato dalla dirigente scolastica Lucia Zavettieri; Liceo Scientifico \u201cL. Da Vinci\u201d, guidato dalla dirigente scolastica Antonella Borrello; P.T.P. \u201cRighi &#8211; Boccioni &#8211; Fermi\u201d, guidato dalla dirigente scolastica Anna Maria Cama; Convitto Nazionale \u201cT. Campanella\u201d, guidato dalla dirigente scolastica Francesca Arena.<\/span><\/p>\n<p><span style=\"font-size: large\">Lo Spazio Multifunzionale per Adolescenti rappresenta un nuovo punto di riferimento per il territorio non solo dei quartieri in cui \u00e8 nato ( San Giovannello-Eremo-Condera) ma per tutta la citt\u00e0; pensato per valorizzare le energie e i talenti delle nuove generazioni.<\/span><\/p>\n<p><span style=\"font-size: large\">Nel corso dell\u2019iniziativa sono intervenuti i rappresentanti delle istituzioni presenti.<\/span><\/p>\n<p><span style=\"font-size: large\">Il procuratore Roberto Di Palma ha sottolineato il valore della collaborazione tra istituzioni, scuole e operatori sociali nella gestione delle problematiche che riguardano le nuove generazioni.<br \/>\n<\/span><\/p>\n<p><span style=\"font-size: large\">Ha evidenziato l\u2019importanza di luoghi di aggregazione come questi capaci di offrire ai ragazzi occasioni concrete di incontro e socialit\u00e0; ricordando come la relazione diretta e il confronto umano restino elementi fondamentali della crescita.<br \/>\n<\/span><\/p>\n<p><span style=\"font-size: large\">Il procuratore ha inoltre manifestato la disponibilit\u00e0 a sviluppare collaborazioni con il Tribunale e con la Procura, anche nell\u2019ambito di percorsi di messa alla prova rivolti ai giovani coinvolti nel circuito penale.<\/span><\/p>\n<p><span style=\"font-size: large\">Nel suo intervento, il rettore dell\u2019Universit\u00e0 Mediterranea Giuseppe Zimbalatti, ha richiamato il valore della socialit\u00e0 e della collaborazione interistituzionale come elementi centrali nella crescita delle comunit\u00e0. Secondo il rettore lo spazio inaugurato rappresenta un\u2019opportunit\u00e0 importante per favorire la partecipazione dei giovani alla vita sociale della citt\u00e0.<br \/>\nZimbalatti ha inoltre ricordato il contributo che l\u2019Universit\u00e0 pu\u00f2 offrire attraverso le proprie attivit\u00e0 formative e scientifiche dedicate all\u2019educazione e alla formazione delle nuove generazioni; sottolineando anche il ruolo fondamentale svolto dalle scuole e dal personale docente e garantendo un supporto fattivo a questa nuova realt\u00e0.<\/span><\/p>\n<p><span style=\"font-size: large\">Il sindaco ff Domenico Battaglia ha espresso grande soddisfazione definendo quella odierna &#8220;una giornata di festa per la citt\u00e0&#8221;; ringraziando le istituzioni presenti, le scuole, i ragazzi e tutte le realt\u00e0 coinvolte nel progetto.<br \/>\n<\/span><\/p>\n<p><span style=\"font-size: large\">Il primo cittadino ha espresso un particolare riconoscimento all\u2019assessora Lucia Anita Nucera, al dirigente Francesco Barreca, alla responsabile unica del procedimento Maria Grazia Marcian\u00f2 e all\u2019intero Settore Welfare per il lavoro svolto nella progettazione e nella realizzazione dell\u2019iniziativa; attivit\u00e0 che ci ha consentito di aver riconosciuto a livello nazionale un ruolo di primato rispetto a questo progetto. Battaglia ha ricordato come l\u2019amministrazione comunale abbia investito negli ultimi anni in diverse politiche dedicate ai giovani; tra cui l\u2019apertura di nuovi asili nido e la realizzazione di servizi rivolti alle famiglie. &#8220;Questo spazio -ha dichiarato- sar\u00e0 dedicato ai ragazzi tra gli 11 e i 18 anni con una proiezione fino ai 21; offrendo luoghi di ascolto e opportunit\u00e0 di crescita&#8221;.<br \/>\n<\/span><\/p>\n<p><span style=\"font-size: large\">Il sindaco ha inoltre sottolineato che all\u2019interno dello spazio saranno promosse attivit\u00e0 musicali, teatrali e culturali, insieme a iniziative aperte al territorio. &#8220;Vogliamo che questo luogo diventi un incubatore di idee e di sogni&#8221;; \u201cl\u2019obiettivo -ha aggiunto- \u00e8 quello di accompagnare i giovani nel loro percorso di crescita e creare le condizioni affinch\u00e9 possano costruire il proprio futuro nella loro citt\u00e0\u201d.<\/span><\/p>\n<p><span style=\"font-size: large\">L\u2019assessora comunale al Welfare -Lucia Anita Nucera- ha evidenziato l\u2019importanza del percorso che ha portato alla realizzazione dello spazio; definendolo &#8220;un sogno che oggi diventa realt\u00e0&#8221;. Nel suo intervento ha ricordato il percorso lungo e complesso che ha coinvolto l\u2019amministrazione comunale, il Settore Welfare, i funzionari e le diverse realt\u00e0 istituzionali e sociali del territorio.<br \/>\n<\/span><\/p>\n<p><span style=\"font-size: large\">L\u2019assessora ha pertanto ringraziato il dirigente Francesco Barreca, la responsabile del procedimento Maria Grazia Marcian\u00f2, le tutor del progetto Elena Mundo e Chirico; oltre alle cooperative che gestiranno il servizio attraverso il bando pubblico. Nucera ha inoltre espresso gratitudine nei confronti delle scuole e delle dirigenti scolastiche presenti, sottolineando il ruolo fondamentale del sistema educativo nella crescita dei giovani e nella costruzione di una comunit\u00e0 pi\u00f9 inclusiva. L\u2019assessora ha ricordato che il progetto DesTEENazione fa parte di una rete nazionale che coinvolge numerose citt\u00e0 italiane e che prevede momenti di confronto e collaborazione tra i territori. Rivolgendosi infine ai ragazzi, ha sottolineato che lo spazio nasce per essere prima di tutto un luogo di incontro e di ascolto: &#8220;Questo \u00e8 il vostro luogo -ha affermato- un luogo di emozioni, di idee e di potenzialit\u00e0, che crescer\u00e0 e si arricchir\u00e0 anche grazie al contributo dei giovani e della comunit\u00e0&#8221;.<\/span><\/p>\n<p><span style=\"font-size: large\">L\u2019iniziativa si \u00e8 svolta in un clima di partecipazione e condivisione ed \u00e8 stata accompagnata dalle note della Banda musicale \u201cCitt\u00e0 di Reggio Calabria\u201d, diretta dal maestro Roberto Caridi.<br \/>\nGli studenti hanno colorato la giornata con performance artistiche di varie tipologie.<br \/>\nDesTEENazione \u00e8 gi\u00e0 operativo da oggi stesso.<\/span><\/p>\n","protected":false},"excerpt":{"rendered":"<p>Inaugurato alla presenza delle istituzioni, delle scuole e di numerosi rappresentanti del mondo educativo e sociale del territorio, lo Spazio Multifunzionale per Adolescenti \u201cDesTEENazione\u201d. L\u2019iniziativa del Settore Politiche Sociali del&hellip;<\/p>\n","protected":false},"author":5,"featured_media":91917,"comment_status":"closed","ping_status":"open","sticky":false,"template":"","format":"standard","meta":{"_jetpack_memberships_contains_paid_content":false,"footnotes":"","jetpack_publicize_message":"","jetpack_publicize_feature_enabled":true,"jetpack_social_post_already_shared":true,"jetpack_social_options":{"image_generator_settings":{"template":"highway","default_image_id":0,"font":"","enabled":false},"version":2}},"categories":[921,150,196,140],"tags":[51790,51793,51142,51791,51792],"class_list":["post-91916","post","type-post","status-publish","format-standard","has-post-thumbnail","hentry","category-home","category-in-primo-piano","category-news","category-reggio-calabria","tag-desteenazione","tag-settore-politiche-sociali-del-comune","tag-sindaco-battaglia","tag-spazio-per-adolescenti","tag-via-cardinale-g-portanova"],"yoast_head":"<!-- This site is optimized with the Yoast SEO plugin v27.2 - https:\/\/yoast.com\/product\/yoast-seo-wordpress\/ -->\n<title>Reggio: inaugurato lo Spazio per Adolescenti \u201cDesTEENazione\u201d<\/title>\n<meta name=\"description\" content=\"&quot;Spazio per creare condizioni affinch\u00e9 possano costruire il futuro in citt\u00e0&quot;, dichiara il Sindaco Battaglia\" \/>\n<meta name=\"robots\" content=\"index, follow, max-snippet:-1, max-image-preview:large, max-video-preview:-1\" \/>\n<link rel=\"canonical\" href=\"https:\/\/progettotouring.it\/radiotouring104\/2026\/03\/13\/reggio-inaugurato-lo-spazio-funzionale-per-adolescenti-desteenazione\/\" \/>\n<meta property=\"og:locale\" content=\"it_IT\" \/>\n<meta property=\"og:type\" content=\"article\" \/>\n<meta property=\"og:title\" content=\"Reggio: inaugurato lo Spazio per Adolescenti \u201cDesTEENazione\u201d\" \/>\n<meta property=\"og:description\" content=\"&quot;Spazio per creare condizioni affinch\u00e9 possano costruire il futuro in citt\u00e0&quot;, dichiara il Sindaco Battaglia\" \/>\n<meta property=\"og:url\" content=\"https:\/\/progettotouring.it\/radiotouring104\/2026\/03\/13\/reggio-inaugurato-lo-spazio-funzionale-per-adolescenti-desteenazione\/\" \/>\n<meta property=\"og:site_name\" content=\"Radio Touring 104\" \/>\n<meta property=\"article:published_time\" content=\"2026-03-13T08:35:21+00:00\" \/>\n<meta property=\"article:modified_time\" content=\"2026-03-13T10:44:37+00:00\" \/>\n<meta property=\"og:image\" content=\"https:\/\/progettotouring.it\/radiotouring104\/wp-content\/uploads\/sites\/6\/2026\/03\/Spazio-per-adolescenti-Deestenazione.jpeg\" \/>\n\t<meta property=\"og:image:width\" content=\"2048\" \/>\n\t<meta property=\"og:image:height\" content=\"1365\" \/>\n\t<meta property=\"og:image:type\" content=\"image\/jpeg\" \/>\n<meta name=\"author\" content=\"redazione\" \/>\n<meta name=\"twitter:card\" content=\"summary_large_image\" \/>\n<meta name=\"twitter:label1\" content=\"Scritto da\" \/>\n\t<meta name=\"twitter:data1\" content=\"redazione\" \/>\n\t<meta name=\"twitter:label2\" content=\"Tempo di lettura stimato\" \/>\n\t<meta name=\"twitter:data2\" content=\"5 minuti\" \/>\n<script type=\"application\/ld+json\" class=\"yoast-schema-graph\">{\"@context\":\"https:\/\/schema.org\",\"@graph\":[{\"@type\":\"Article\",\"@id\":\"https:\/\/progettotouring.it\/radiotouring104\/2026\/03\/13\/reggio-inaugurato-lo-spazio-funzionale-per-adolescenti-desteenazione\/#article\",\"isPartOf\":{\"@id\":\"https:\/\/progettotouring.it\/radiotouring104\/2026\/03\/13\/reggio-inaugurato-lo-spazio-funzionale-per-adolescenti-desteenazione\/\"},\"author\":{\"name\":\"redazione\",\"@id\":\"https:\/\/progettotouring.it\/radiotouring104\/#\/schema\/person\/1b3eb3c07c47136bc44c785c543e635f\"},\"headline\":\"Reggio: inaugurato lo Spazio funzionale per Adolescenti \u201cDesTEENazione\u201d\",\"datePublished\":\"2026-03-13T08:35:21+00:00\",\"dateModified\":\"2026-03-13T10:44:37+00:00\",\"mainEntityOfPage\":{\"@id\":\"https:\/\/progettotouring.it\/radiotouring104\/2026\/03\/13\/reggio-inaugurato-lo-spazio-funzionale-per-adolescenti-desteenazione\/\"},\"wordCount\":976,\"publisher\":{\"@id\":\"https:\/\/progettotouring.it\/radiotouring104\/#organization\"},\"image\":{\"@id\":\"https:\/\/progettotouring.it\/radiotouring104\/2026\/03\/13\/reggio-inaugurato-lo-spazio-funzionale-per-adolescenti-desteenazione\/#primaryimage\"},\"thumbnailUrl\":\"https:\/\/progettotouring.it\/radiotouring104\/wp-content\/uploads\/sites\/6\/2026\/03\/Spazio-per-adolescenti-Deestenazione.jpeg\",\"keywords\":[\"\u201cDesTEENazione\u201d\",\"Settore Politiche Sociali del Comune\",\"sindaco battaglia\",\"Spazio per Adolescenti\",\"via Cardinale G. Portanova\"],\"articleSection\":[\"Home\",\"In primo piano\",\"News\",\"Reggio Calabria\"],\"inLanguage\":\"it-IT\"},{\"@type\":\"WebPage\",\"@id\":\"https:\/\/progettotouring.it\/radiotouring104\/2026\/03\/13\/reggio-inaugurato-lo-spazio-funzionale-per-adolescenti-desteenazione\/\",\"url\":\"https:\/\/progettotouring.it\/radiotouring104\/2026\/03\/13\/reggio-inaugurato-lo-spazio-funzionale-per-adolescenti-desteenazione\/\",\"name\":\"Reggio: inaugurato lo Spazio per Adolescenti \u201cDesTEENazione\u201d\",\"isPartOf\":{\"@id\":\"https:\/\/progettotouring.it\/radiotouring104\/#website\"},\"primaryImageOfPage\":{\"@id\":\"https:\/\/progettotouring.it\/radiotouring104\/2026\/03\/13\/reggio-inaugurato-lo-spazio-funzionale-per-adolescenti-desteenazione\/#primaryimage\"},\"image\":{\"@id\":\"https:\/\/progettotouring.it\/radiotouring104\/2026\/03\/13\/reggio-inaugurato-lo-spazio-funzionale-per-adolescenti-desteenazione\/#primaryimage\"},\"thumbnailUrl\":\"https:\/\/progettotouring.it\/radiotouring104\/wp-content\/uploads\/sites\/6\/2026\/03\/Spazio-per-adolescenti-Deestenazione.jpeg\",\"datePublished\":\"2026-03-13T08:35:21+00:00\",\"dateModified\":\"2026-03-13T10:44:37+00:00\",\"description\":\"\\\"Spazio per creare condizioni affinch\u00e9 possano costruire il futuro in citt\u00e0\\\", dichiara il Sindaco Battaglia\",\"breadcrumb\":{\"@id\":\"https:\/\/progettotouring.it\/radiotouring104\/2026\/03\/13\/reggio-inaugurato-lo-spazio-funzionale-per-adolescenti-desteenazione\/#breadcrumb\"},\"inLanguage\":\"it-IT\",\"potentialAction\":[{\"@type\":\"ReadAction\",\"target\":[\"https:\/\/progettotouring.it\/radiotouring104\/2026\/03\/13\/reggio-inaugurato-lo-spazio-funzionale-per-adolescenti-desteenazione\/\"]}]},{\"@type\":\"ImageObject\",\"inLanguage\":\"it-IT\",\"@id\":\"https:\/\/progettotouring.it\/radiotouring104\/2026\/03\/13\/reggio-inaugurato-lo-spazio-funzionale-per-adolescenti-desteenazione\/#primaryimage\",\"url\":\"https:\/\/progettotouring.it\/radiotouring104\/wp-content\/uploads\/sites\/6\/2026\/03\/Spazio-per-adolescenti-Deestenazione.jpeg\",\"contentUrl\":\"https:\/\/progettotouring.it\/radiotouring104\/wp-content\/uploads\/sites\/6\/2026\/03\/Spazio-per-adolescenti-Deestenazione.jpeg\",\"width\":2048,\"height\":1365},{\"@type\":\"BreadcrumbList\",\"@id\":\"https:\/\/progettotouring.it\/radiotouring104\/2026\/03\/13\/reggio-inaugurato-lo-spazio-funzionale-per-adolescenti-desteenazione\/#breadcrumb\",\"itemListElement\":[{\"@type\":\"ListItem\",\"position\":1,\"name\":\"Home\",\"item\":\"https:\/\/progettotouring.it\/radiotouring104\/\"},{\"@type\":\"ListItem\",\"position\":2,\"name\":\"Reggio: inaugurato lo Spazio funzionale per Adolescenti \u201cDesTEENazione\u201d\"}]},{\"@type\":\"WebSite\",\"@id\":\"https:\/\/progettotouring.it\/radiotouring104\/#website\",\"url\":\"https:\/\/progettotouring.it\/radiotouring104\/\",\"name\":\"Radio Touring 104\",\"description\":\"La prima radio Reggina\",\"publisher\":{\"@id\":\"https:\/\/progettotouring.it\/radiotouring104\/#organization\"},\"potentialAction\":[{\"@type\":\"SearchAction\",\"target\":{\"@type\":\"EntryPoint\",\"urlTemplate\":\"https:\/\/progettotouring.it\/radiotouring104\/?s={search_term_string}\"},\"query-input\":{\"@type\":\"PropertyValueSpecification\",\"valueRequired\":true,\"valueName\":\"search_term_string\"}}],\"inLanguage\":\"it-IT\"},{\"@type\":\"Organization\",\"@id\":\"https:\/\/progettotouring.it\/radiotouring104\/#organization\",\"name\":\"Radio Touring 104\",\"url\":\"https:\/\/progettotouring.it\/radiotouring104\/\",\"logo\":{\"@type\":\"ImageObject\",\"inLanguage\":\"it-IT\",\"@id\":\"https:\/\/progettotouring.it\/radiotouring104\/#\/schema\/logo\/image\/\",\"url\":\"https:\/\/progettotouring.it\/radiotouring104\/wp-content\/uploads\/sites\/6\/2022\/02\/cropped-logo-radio-touring-104.png\",\"contentUrl\":\"https:\/\/progettotouring.it\/radiotouring104\/wp-content\/uploads\/sites\/6\/2022\/02\/cropped-logo-radio-touring-104.png\",\"width\":377,\"height\":182,\"caption\":\"Radio Touring 104\"},\"image\":{\"@id\":\"https:\/\/progettotouring.it\/radiotouring104\/#\/schema\/logo\/image\/\"}},{\"@type\":\"Person\",\"@id\":\"https:\/\/progettotouring.it\/radiotouring104\/#\/schema\/person\/1b3eb3c07c47136bc44c785c543e635f\",\"name\":\"redazione\",\"image\":{\"@type\":\"ImageObject\",\"inLanguage\":\"it-IT\",\"@id\":\"https:\/\/secure.gravatar.com\/avatar\/0b31605b49f100769e8b624b3e05de1b73e1692e9568a352f60f53fd072e6e11?s=96&d=mm&r=g\",\"url\":\"https:\/\/secure.gravatar.com\/avatar\/0b31605b49f100769e8b624b3e05de1b73e1692e9568a352f60f53fd072e6e11?s=96&d=mm&r=g\",\"contentUrl\":\"https:\/\/secure.gravatar.com\/avatar\/0b31605b49f100769e8b624b3e05de1b73e1692e9568a352f60f53fd072e6e11?s=96&d=mm&r=g\",\"caption\":\"redazione\"},\"url\":\"https:\/\/progettotouring.it\/radiotouring104\/author\/redazione\/\"}]}<\/script>\n<!-- \/ Yoast SEO plugin. -->","yoast_head_json":{"title":"Reggio: inaugurato lo Spazio per Adolescenti \u201cDesTEENazione\u201d","description":"\"Spazio per creare condizioni affinch\u00e9 possano costruire il futuro in citt\u00e0\", dichiara il Sindaco Battaglia","robots":{"index":"index","follow":"follow","max-snippet":"max-snippet:-1","max-image-preview":"max-image-preview:large","max-video-preview":"max-video-preview:-1"},"canonical":"https:\/\/progettotouring.it\/radiotouring104\/2026\/03\/13\/reggio-inaugurato-lo-spazio-funzionale-per-adolescenti-desteenazione\/","og_locale":"it_IT","og_type":"article","og_title":"Reggio: inaugurato lo Spazio per Adolescenti \u201cDesTEENazione\u201d","og_description":"\"Spazio per creare condizioni affinch\u00e9 possano costruire il futuro in citt\u00e0\", dichiara il Sindaco Battaglia","og_url":"https:\/\/progettotouring.it\/radiotouring104\/2026\/03\/13\/reggio-inaugurato-lo-spazio-funzionale-per-adolescenti-desteenazione\/","og_site_name":"Radio Touring 104","article_published_time":"2026-03-13T08:35:21+00:00","article_modified_time":"2026-03-13T10:44:37+00:00","og_image":[{"width":2048,"height":1365,"url":"https:\/\/progettotouring.it\/radiotouring104\/wp-content\/uploads\/sites\/6\/2026\/03\/Spazio-per-adolescenti-Deestenazione.jpeg","type":"image\/jpeg"}],"author":"redazione","twitter_card":"summary_large_image","twitter_misc":{"Scritto da":"redazione","Tempo di lettura stimato":"5 minuti"},"schema":{"@context":"https:\/\/schema.org","@graph":[{"@type":"Article","@id":"https:\/\/progettotouring.it\/radiotouring104\/2026\/03\/13\/reggio-inaugurato-lo-spazio-funzionale-per-adolescenti-desteenazione\/#article","isPartOf":{"@id":"https:\/\/progettotouring.it\/radiotouring104\/2026\/03\/13\/reggio-inaugurato-lo-spazio-funzionale-per-adolescenti-desteenazione\/"},"author":{"name":"redazione","@id":"https:\/\/progettotouring.it\/radiotouring104\/#\/schema\/person\/1b3eb3c07c47136bc44c785c543e635f"},"headline":"Reggio: inaugurato lo Spazio funzionale per Adolescenti \u201cDesTEENazione\u201d","datePublished":"2026-03-13T08:35:21+00:00","dateModified":"2026-03-13T10:44:37+00:00","mainEntityOfPage":{"@id":"https:\/\/progettotouring.it\/radiotouring104\/2026\/03\/13\/reggio-inaugurato-lo-spazio-funzionale-per-adolescenti-desteenazione\/"},"wordCount":976,"publisher":{"@id":"https:\/\/progettotouring.it\/radiotouring104\/#organization"},"image":{"@id":"https:\/\/progettotouring.it\/radiotouring104\/2026\/03\/13\/reggio-inaugurato-lo-spazio-funzionale-per-adolescenti-desteenazione\/#primaryimage"},"thumbnailUrl":"https:\/\/progettotouring.it\/radiotouring104\/wp-content\/uploads\/sites\/6\/2026\/03\/Spazio-per-adolescenti-Deestenazione.jpeg","keywords":["\u201cDesTEENazione\u201d","Settore Politiche Sociali del Comune","sindaco battaglia","Spazio per Adolescenti","via Cardinale G. Portanova"],"articleSection":["Home","In primo piano","News","Reggio Calabria"],"inLanguage":"it-IT"},{"@type":"WebPage","@id":"https:\/\/progettotouring.it\/radiotouring104\/2026\/03\/13\/reggio-inaugurato-lo-spazio-funzionale-per-adolescenti-desteenazione\/","url":"https:\/\/progettotouring.it\/radiotouring104\/2026\/03\/13\/reggio-inaugurato-lo-spazio-funzionale-per-adolescenti-desteenazione\/","name":"Reggio: inaugurato lo Spazio per Adolescenti \u201cDesTEENazione\u201d","isPartOf":{"@id":"https:\/\/progettotouring.it\/radiotouring104\/#website"},"primaryImageOfPage":{"@id":"https:\/\/progettotouring.it\/radiotouring104\/2026\/03\/13\/reggio-inaugurato-lo-spazio-funzionale-per-adolescenti-desteenazione\/#primaryimage"},"image":{"@id":"https:\/\/progettotouring.it\/radiotouring104\/2026\/03\/13\/reggio-inaugurato-lo-spazio-funzionale-per-adolescenti-desteenazione\/#primaryimage"},"thumbnailUrl":"https:\/\/progettotouring.it\/radiotouring104\/wp-content\/uploads\/sites\/6\/2026\/03\/Spazio-per-adolescenti-Deestenazione.jpeg","datePublished":"2026-03-13T08:35:21+00:00","dateModified":"2026-03-13T10:44:37+00:00","description":"\"Spazio per creare condizioni affinch\u00e9 possano costruire il futuro in citt\u00e0\", dichiara il Sindaco Battaglia","breadcrumb":{"@id":"https:\/\/progettotouring.it\/radiotouring104\/2026\/03\/13\/reggio-inaugurato-lo-spazio-funzionale-per-adolescenti-desteenazione\/#breadcrumb"},"inLanguage":"it-IT","potentialAction":[{"@type":"ReadAction","target":["https:\/\/progettotouring.it\/radiotouring104\/2026\/03\/13\/reggio-inaugurato-lo-spazio-funzionale-per-adolescenti-desteenazione\/"]}]},{"@type":"ImageObject","inLanguage":"it-IT","@id":"https:\/\/progettotouring.it\/radiotouring104\/2026\/03\/13\/reggio-inaugurato-lo-spazio-funzionale-per-adolescenti-desteenazione\/#primaryimage","url":"https:\/\/progettotouring.it\/radiotouring104\/wp-content\/uploads\/sites\/6\/2026\/03\/Spazio-per-adolescenti-Deestenazione.jpeg","contentUrl":"https:\/\/progettotouring.it\/radiotouring104\/wp-content\/uploads\/sites\/6\/2026\/03\/Spazio-per-adolescenti-Deestenazione.jpeg","width":2048,"height":1365},{"@type":"BreadcrumbList","@id":"https:\/\/progettotouring.it\/radiotouring104\/2026\/03\/13\/reggio-inaugurato-lo-spazio-funzionale-per-adolescenti-desteenazione\/#breadcrumb","itemListElement":[{"@type":"ListItem","position":1,"name":"Home","item":"https:\/\/progettotouring.it\/radiotouring104\/"},{"@type":"ListItem","position":2,"name":"Reggio: inaugurato lo Spazio funzionale per Adolescenti \u201cDesTEENazione\u201d"}]},{"@type":"WebSite","@id":"https:\/\/progettotouring.it\/radiotouring104\/#website","url":"https:\/\/progettotouring.it\/radiotouring104\/","name":"Radio Touring 104","description":"La prima radio Reggina","publisher":{"@id":"https:\/\/progettotouring.it\/radiotouring104\/#organization"},"potentialAction":[{"@type":"SearchAction","target":{"@type":"EntryPoint","urlTemplate":"https:\/\/progettotouring.it\/radiotouring104\/?s={search_term_string}"},"query-input":{"@type":"PropertyValueSpecification","valueRequired":true,"valueName":"search_term_string"}}],"inLanguage":"it-IT"},{"@type":"Organization","@id":"https:\/\/progettotouring.it\/radiotouring104\/#organization","name":"Radio Touring 104","url":"https:\/\/progettotouring.it\/radiotouring104\/","logo":{"@type":"ImageObject","inLanguage":"it-IT","@id":"https:\/\/progettotouring.it\/radiotouring104\/#\/schema\/logo\/image\/","url":"https:\/\/progettotouring.it\/radiotouring104\/wp-content\/uploads\/sites\/6\/2022\/02\/cropped-logo-radio-touring-104.png","contentUrl":"https:\/\/progettotouring.it\/radiotouring104\/wp-content\/uploads\/sites\/6\/2022\/02\/cropped-logo-radio-touring-104.png","width":377,"height":182,"caption":"Radio Touring 104"},"image":{"@id":"https:\/\/progettotouring.it\/radiotouring104\/#\/schema\/logo\/image\/"}},{"@type":"Person","@id":"https:\/\/progettotouring.it\/radiotouring104\/#\/schema\/person\/1b3eb3c07c47136bc44c785c543e635f","name":"redazione","image":{"@type":"ImageObject","inLanguage":"it-IT","@id":"https:\/\/secure.gravatar.com\/avatar\/0b31605b49f100769e8b624b3e05de1b73e1692e9568a352f60f53fd072e6e11?s=96&d=mm&r=g","url":"https:\/\/secure.gravatar.com\/avatar\/0b31605b49f100769e8b624b3e05de1b73e1692e9568a352f60f53fd072e6e11?s=96&d=mm&r=g","contentUrl":"https:\/\/secure.gravatar.com\/avatar\/0b31605b49f100769e8b624b3e05de1b73e1692e9568a352f60f53fd072e6e11?s=96&d=mm&r=g","caption":"redazione"},"url":"https:\/\/progettotouring.it\/radiotouring104\/author\/redazione\/"}]}},"jetpack_publicize_connections":[],"jetpack_featured_media_url":"https:\/\/progettotouring.it\/radiotouring104\/wp-content\/uploads\/sites\/6\/2026\/03\/Spazio-per-adolescenti-Deestenazione.jpeg","jetpack_sharing_enabled":true,"_links":{"self":[{"href":"https:\/\/progettotouring.it\/radiotouring104\/wp-json\/wp\/v2\/posts\/91916","targetHints":{"allow":["GET"]}}],"collection":[{"href":"https:\/\/progettotouring.it\/radiotouring104\/wp-json\/wp\/v2\/posts"}],"about":[{"href":"https:\/\/progettotouring.it\/radiotouring104\/wp-json\/wp\/v2\/types\/post"}],"author":[{"embeddable":true,"href":"https:\/\/progettotouring.it\/radiotouring104\/wp-json\/wp\/v2\/users\/5"}],"replies":[{"embeddable":true,"href":"https:\/\/progettotouring.it\/radiotouring104\/wp-json\/wp\/v2\/comments?post=91916"}],"version-history":[{"count":1,"href":"https:\/\/progettotouring.it\/radiotouring104\/wp-json\/wp\/v2\/posts\/91916\/revisions"}],"predecessor-version":[{"id":91918,"href":"https:\/\/progettotouring.it\/radiotouring104\/wp-json\/wp\/v2\/posts\/91916\/revisions\/91918"}],"wp:featuredmedia":[{"embeddable":true,"href":"https:\/\/progettotouring.it\/radiotouring104\/wp-json\/wp\/v2\/media\/91917"}],"wp:attachment":[{"href":"https:\/\/progettotouring.it\/radiotouring104\/wp-json\/wp\/v2\/media?parent=91916"}],"wp:term":[{"taxonomy":"category","embeddable":true,"href":"https:\/\/progettotouring.it\/radiotouring104\/wp-json\/wp\/v2\/categories?post=91916"},{"taxonomy":"post_tag","embeddable":true,"href":"https:\/\/progettotouring.it\/radiotouring104\/wp-json\/wp\/v2\/tags?post=91916"}],"curies":[{"name":"wp","href":"https:\/\/api.w.org\/{rel}","templated":true}]}}