{"id":91924,"date":"2026-03-13T09:58:44","date_gmt":"2026-03-13T08:58:44","guid":{"rendered":"https:\/\/progettotouring.it\/radiotouring104\/?p=91924"},"modified":"2026-03-13T11:44:17","modified_gmt":"2026-03-13T10:44:17","slug":"reggio-pubblicati-sul-sito-del-comune-i-bandi-di-dammi-il-5","status":"publish","type":"post","link":"https:\/\/progettotouring.it\/radiotouring104\/2026\/03\/13\/reggio-pubblicati-sul-sito-del-comune-i-bandi-di-dammi-il-5\/","title":{"rendered":"Reggio: pubblicati sul sito del Comune i bandi di &#8220;Dammi il 5&#8221;"},"content":{"rendered":"<p style=\"font-weight: 400\">\n<p style=\"font-weight: 400\">Sono stati pubblicati sul sito istituzionale del Comune di Reggio Calabria quattro bandi del pacchetto \u201cDammi il 5!\u201d illustrato nel corso di una conferenza stampa tenutasi nei giorni scorsi a Palazzo San Giorgio. Si tratta degli avvisi pubblici relativi alle misure dedicate a occupazione, sviluppo economico e sostegno all\u2019imprenditorialit\u00e0 a valere sul PN Metro Plus e citt\u00e0 medie Sud 2021 \u2013 2027.<\/p>\n<p style=\"font-weight: 400\">In particolare, sono stati pubblicati i bandi finalizzati all\u2019attivazione di percorsi di inserimento\/reinserimento lavorativo di soggetti a rischio di esclusione dal mercato del lavoro (\u201cAttivazione lavoro\u201d) e alla concessione di incentivi in favore delle imprese per l\u2019inclusione nel mondo del lavoro dei soggetti appartenenti alle categorie svantaggiate (\u201cImpact\u201d), la cui documentazione \u00e8 consultabile e scaricabile\u00a0<a href=\"https:\/\/www.reggiocal.it\/Notizie\/Details\/7537\">a questo link<\/a>.<\/p>\n<p style=\"font-weight: 400\">Inoltre sono stati pubblicati gli avvisi relativi all\u2019assegnazione di contributi a fondo perduto alle micro e piccole imprese per la riqualificazione e valorizzazione del centro storico (\u201cReggio Valore\u201d &#8211; Avviso A) e alla concessione di contributi a fondo perduto per la valorizzazione e promozione del patrimonio culturale e turistico della citt\u00e0 (\u201cReggio Valore\u201d &#8211; Avviso B), la cui documentazione \u00e8 consultabile e scaricabile\u00a0<a href=\"https:\/\/www.reggiocal.it\/Notizie\/Details\/7541\">a questo link<\/a>.<\/p>\n<p style=\"font-weight: 400\">Il sindaco facente funzioni, Mimmo Battaglia, ha dichiarato:\u00a0\u00abCreare sviluppo, sostenibile e inclusivo, \u00e8 il modo per migliorare stabilmente economia, qualit\u00e0 della vita, servizi e opportunit\u00e0 per la Citt\u00e0. Il lavoro \u2013 ha concluso Battaglia \u2013 non \u00e8 solo il mezzo per guadagnarsi da vivere ma anche fonte identitaria, strumento di realizzazione personale e riconoscimento sociale\u00bb.<\/p>\n<p style=\"font-weight: 400\">Soddisfazione \u00e8 stata espressa dagli assessori comunali Carmelo Romeo e Alex Tripodi, rispettivamente con delega al Pon Metro ed allo Sviluppo Economico. Romeo ha rilevato che \u00absi tratta di misure dirette a consentire ai giovani di scegliere se partire, tornare e, soprattutto, restare in citt\u00e0, e alle imprese di svilupparsi\u00bb. Tripodi ha ricordato che \u00abl\u2019Amministrazione ha deciso di intervenire attraverso il sostegno alle attivit\u00e0 imprenditoriali e dell\u2019occupazione, riconoscendo un ruolo centrale ai soggetti pi\u00f9 fragili, dai giovani NEET alle persone con disabilit\u00e0, senza tralasciare le pari opportunit\u00e0\u00bb.<\/p>\n","protected":false},"excerpt":{"rendered":"<p>Sono stati pubblicati sul sito istituzionale del Comune di Reggio Calabria quattro bandi del pacchetto \u201cDammi il 5!\u201d illustrato nel corso di una conferenza stampa tenutasi nei giorni scorsi a&hellip;<\/p>\n","protected":false},"author":5,"featured_media":91925,"comment_status":"closed","ping_status":"open","sticky":false,"template":"","format":"standard","meta":{"_jetpack_memberships_contains_paid_content":false,"footnotes":"","jetpack_publicize_message":"","jetpack_publicize_feature_enabled":true,"jetpack_social_post_already_shared":true,"jetpack_social_options":{"image_generator_settings":{"template":"highway","default_image_id":0,"font":"","enabled":false},"version":2}},"categories":[921,196,140],"tags":[51798,9778,51799,51553,51800],"class_list":["post-91924","post","type-post","status-publish","format-standard","has-post-thumbnail","hentry","category-home","category-news","category-reggio-calabria","tag-dammi-il-5","tag-comune-di-reggio","tag-pubblicati-4-bandi","tag-sito-del-comune-di-reggio","tag-sostegno-a-imprese"],"yoast_head":"<!-- This site is optimized with the Yoast SEO plugin v27.2 - https:\/\/yoast.com\/product\/yoast-seo-wordpress\/ -->\n<title>Reggio: pubblicati sul sito del Comune i bandi di &quot;Dammi il 5&quot;<\/title>\n<meta name=\"description\" content=\"Pubblicati sul sito dell&#039;Ente i 4 bandi del pacchetto \u201cDammi il 5!\u201d, a sostegno dell\u2019occupazione e delle imprese. Tutte le info\" \/>\n<meta name=\"robots\" content=\"index, follow, max-snippet:-1, max-image-preview:large, max-video-preview:-1\" \/>\n<link rel=\"canonical\" href=\"https:\/\/progettotouring.it\/radiotouring104\/2026\/03\/13\/reggio-pubblicati-sul-sito-del-comune-i-bandi-di-dammi-il-5\/\" \/>\n<meta property=\"og:locale\" content=\"it_IT\" \/>\n<meta property=\"og:type\" content=\"article\" \/>\n<meta property=\"og:title\" content=\"Reggio: pubblicati sul sito del Comune i bandi di &quot;Dammi il 5&quot;\" \/>\n<meta property=\"og:description\" content=\"Pubblicati sul sito dell&#039;Ente i 4 bandi del pacchetto \u201cDammi il 5!\u201d, a sostegno dell\u2019occupazione e delle imprese. Tutte le info\" \/>\n<meta property=\"og:url\" content=\"https:\/\/progettotouring.it\/radiotouring104\/2026\/03\/13\/reggio-pubblicati-sul-sito-del-comune-i-bandi-di-dammi-il-5\/\" \/>\n<meta property=\"og:site_name\" content=\"Radio Touring 104\" \/>\n<meta property=\"article:published_time\" content=\"2026-03-13T08:58:44+00:00\" \/>\n<meta property=\"article:modified_time\" content=\"2026-03-13T10:44:17+00:00\" \/>\n<meta property=\"og:image\" content=\"https:\/\/progettotouring.it\/radiotouring104\/wp-content\/uploads\/sites\/6\/2026\/03\/Romeo_Battaglia_Tripodi-Dammi-il-5.jpeg\" \/>\n\t<meta property=\"og:image:width\" content=\"2048\" \/>\n\t<meta property=\"og:image:height\" content=\"1365\" \/>\n\t<meta property=\"og:image:type\" content=\"image\/jpeg\" \/>\n<meta name=\"author\" content=\"redazione\" \/>\n<meta name=\"twitter:card\" content=\"summary_large_image\" \/>\n<meta name=\"twitter:label1\" content=\"Scritto da\" \/>\n\t<meta name=\"twitter:data1\" content=\"redazione\" \/>\n\t<meta name=\"twitter:label2\" content=\"Tempo di lettura stimato\" \/>\n\t<meta name=\"twitter:data2\" content=\"2 minuti\" \/>\n<script type=\"application\/ld+json\" class=\"yoast-schema-graph\">{\"@context\":\"https:\/\/schema.org\",\"@graph\":[{\"@type\":\"Article\",\"@id\":\"https:\/\/progettotouring.it\/radiotouring104\/2026\/03\/13\/reggio-pubblicati-sul-sito-del-comune-i-bandi-di-dammi-il-5\/#article\",\"isPartOf\":{\"@id\":\"https:\/\/progettotouring.it\/radiotouring104\/2026\/03\/13\/reggio-pubblicati-sul-sito-del-comune-i-bandi-di-dammi-il-5\/\"},\"author\":{\"name\":\"redazione\",\"@id\":\"https:\/\/progettotouring.it\/radiotouring104\/#\/schema\/person\/1b3eb3c07c47136bc44c785c543e635f\"},\"headline\":\"Reggio: pubblicati sul sito del Comune i bandi di &#8220;Dammi il 5&#8221;\",\"datePublished\":\"2026-03-13T08:58:44+00:00\",\"dateModified\":\"2026-03-13T10:44:17+00:00\",\"mainEntityOfPage\":{\"@id\":\"https:\/\/progettotouring.it\/radiotouring104\/2026\/03\/13\/reggio-pubblicati-sul-sito-del-comune-i-bandi-di-dammi-il-5\/\"},\"wordCount\":336,\"publisher\":{\"@id\":\"https:\/\/progettotouring.it\/radiotouring104\/#organization\"},\"image\":{\"@id\":\"https:\/\/progettotouring.it\/radiotouring104\/2026\/03\/13\/reggio-pubblicati-sul-sito-del-comune-i-bandi-di-dammi-il-5\/#primaryimage\"},\"thumbnailUrl\":\"https:\/\/progettotouring.it\/radiotouring104\/wp-content\/uploads\/sites\/6\/2026\/03\/Romeo_Battaglia_Tripodi-Dammi-il-5.jpeg\",\"keywords\":[\"\\\"Dammi il 5\\\"\",\"Comune di Reggio\",\"pubblicati 4 bandi\",\"sito del Comune di Reggio\",\"sostegno a imprese\"],\"articleSection\":[\"Home\",\"News\",\"Reggio Calabria\"],\"inLanguage\":\"it-IT\"},{\"@type\":\"WebPage\",\"@id\":\"https:\/\/progettotouring.it\/radiotouring104\/2026\/03\/13\/reggio-pubblicati-sul-sito-del-comune-i-bandi-di-dammi-il-5\/\",\"url\":\"https:\/\/progettotouring.it\/radiotouring104\/2026\/03\/13\/reggio-pubblicati-sul-sito-del-comune-i-bandi-di-dammi-il-5\/\",\"name\":\"Reggio: pubblicati sul sito del Comune i bandi di \\\"Dammi il 5\\\"\",\"isPartOf\":{\"@id\":\"https:\/\/progettotouring.it\/radiotouring104\/#website\"},\"primaryImageOfPage\":{\"@id\":\"https:\/\/progettotouring.it\/radiotouring104\/2026\/03\/13\/reggio-pubblicati-sul-sito-del-comune-i-bandi-di-dammi-il-5\/#primaryimage\"},\"image\":{\"@id\":\"https:\/\/progettotouring.it\/radiotouring104\/2026\/03\/13\/reggio-pubblicati-sul-sito-del-comune-i-bandi-di-dammi-il-5\/#primaryimage\"},\"thumbnailUrl\":\"https:\/\/progettotouring.it\/radiotouring104\/wp-content\/uploads\/sites\/6\/2026\/03\/Romeo_Battaglia_Tripodi-Dammi-il-5.jpeg\",\"datePublished\":\"2026-03-13T08:58:44+00:00\",\"dateModified\":\"2026-03-13T10:44:17+00:00\",\"description\":\"Pubblicati sul sito dell'Ente i 4 bandi del pacchetto \u201cDammi il 5!\u201d, a sostegno dell\u2019occupazione e delle imprese. Tutte le info\",\"breadcrumb\":{\"@id\":\"https:\/\/progettotouring.it\/radiotouring104\/2026\/03\/13\/reggio-pubblicati-sul-sito-del-comune-i-bandi-di-dammi-il-5\/#breadcrumb\"},\"inLanguage\":\"it-IT\",\"potentialAction\":[{\"@type\":\"ReadAction\",\"target\":[\"https:\/\/progettotouring.it\/radiotouring104\/2026\/03\/13\/reggio-pubblicati-sul-sito-del-comune-i-bandi-di-dammi-il-5\/\"]}]},{\"@type\":\"ImageObject\",\"inLanguage\":\"it-IT\",\"@id\":\"https:\/\/progettotouring.it\/radiotouring104\/2026\/03\/13\/reggio-pubblicati-sul-sito-del-comune-i-bandi-di-dammi-il-5\/#primaryimage\",\"url\":\"https:\/\/progettotouring.it\/radiotouring104\/wp-content\/uploads\/sites\/6\/2026\/03\/Romeo_Battaglia_Tripodi-Dammi-il-5.jpeg\",\"contentUrl\":\"https:\/\/progettotouring.it\/radiotouring104\/wp-content\/uploads\/sites\/6\/2026\/03\/Romeo_Battaglia_Tripodi-Dammi-il-5.jpeg\",\"width\":2048,\"height\":1365},{\"@type\":\"BreadcrumbList\",\"@id\":\"https:\/\/progettotouring.it\/radiotouring104\/2026\/03\/13\/reggio-pubblicati-sul-sito-del-comune-i-bandi-di-dammi-il-5\/#breadcrumb\",\"itemListElement\":[{\"@type\":\"ListItem\",\"position\":1,\"name\":\"Home\",\"item\":\"https:\/\/progettotouring.it\/radiotouring104\/\"},{\"@type\":\"ListItem\",\"position\":2,\"name\":\"Reggio: pubblicati sul sito del Comune i bandi di &#8220;Dammi il 5&#8221;\"}]},{\"@type\":\"WebSite\",\"@id\":\"https:\/\/progettotouring.it\/radiotouring104\/#website\",\"url\":\"https:\/\/progettotouring.it\/radiotouring104\/\",\"name\":\"Radio Touring 104\",\"description\":\"La prima radio Reggina\",\"publisher\":{\"@id\":\"https:\/\/progettotouring.it\/radiotouring104\/#organization\"},\"potentialAction\":[{\"@type\":\"SearchAction\",\"target\":{\"@type\":\"EntryPoint\",\"urlTemplate\":\"https:\/\/progettotouring.it\/radiotouring104\/?s={search_term_string}\"},\"query-input\":{\"@type\":\"PropertyValueSpecification\",\"valueRequired\":true,\"valueName\":\"search_term_string\"}}],\"inLanguage\":\"it-IT\"},{\"@type\":\"Organization\",\"@id\":\"https:\/\/progettotouring.it\/radiotouring104\/#organization\",\"name\":\"Radio Touring 104\",\"url\":\"https:\/\/progettotouring.it\/radiotouring104\/\",\"logo\":{\"@type\":\"ImageObject\",\"inLanguage\":\"it-IT\",\"@id\":\"https:\/\/progettotouring.it\/radiotouring104\/#\/schema\/logo\/image\/\",\"url\":\"https:\/\/progettotouring.it\/radiotouring104\/wp-content\/uploads\/sites\/6\/2022\/02\/cropped-logo-radio-touring-104.png\",\"contentUrl\":\"https:\/\/progettotouring.it\/radiotouring104\/wp-content\/uploads\/sites\/6\/2022\/02\/cropped-logo-radio-touring-104.png\",\"width\":377,\"height\":182,\"caption\":\"Radio Touring 104\"},\"image\":{\"@id\":\"https:\/\/progettotouring.it\/radiotouring104\/#\/schema\/logo\/image\/\"}},{\"@type\":\"Person\",\"@id\":\"https:\/\/progettotouring.it\/radiotouring104\/#\/schema\/person\/1b3eb3c07c47136bc44c785c543e635f\",\"name\":\"redazione\",\"image\":{\"@type\":\"ImageObject\",\"inLanguage\":\"it-IT\",\"@id\":\"https:\/\/secure.gravatar.com\/avatar\/0b31605b49f100769e8b624b3e05de1b73e1692e9568a352f60f53fd072e6e11?s=96&d=mm&r=g\",\"url\":\"https:\/\/secure.gravatar.com\/avatar\/0b31605b49f100769e8b624b3e05de1b73e1692e9568a352f60f53fd072e6e11?s=96&d=mm&r=g\",\"contentUrl\":\"https:\/\/secure.gravatar.com\/avatar\/0b31605b49f100769e8b624b3e05de1b73e1692e9568a352f60f53fd072e6e11?s=96&d=mm&r=g\",\"caption\":\"redazione\"},\"url\":\"https:\/\/progettotouring.it\/radiotouring104\/author\/redazione\/\"}]}<\/script>\n<!-- \/ Yoast SEO plugin. -->","yoast_head_json":{"title":"Reggio: pubblicati sul sito del Comune i bandi di \"Dammi il 5\"","description":"Pubblicati sul sito dell'Ente i 4 bandi del pacchetto \u201cDammi il 5!\u201d, a sostegno dell\u2019occupazione e delle imprese. Tutte le info","robots":{"index":"index","follow":"follow","max-snippet":"max-snippet:-1","max-image-preview":"max-image-preview:large","max-video-preview":"max-video-preview:-1"},"canonical":"https:\/\/progettotouring.it\/radiotouring104\/2026\/03\/13\/reggio-pubblicati-sul-sito-del-comune-i-bandi-di-dammi-il-5\/","og_locale":"it_IT","og_type":"article","og_title":"Reggio: pubblicati sul sito del Comune i bandi di \"Dammi il 5\"","og_description":"Pubblicati sul sito dell'Ente i 4 bandi del pacchetto \u201cDammi il 5!\u201d, a sostegno dell\u2019occupazione e delle imprese. Tutte le info","og_url":"https:\/\/progettotouring.it\/radiotouring104\/2026\/03\/13\/reggio-pubblicati-sul-sito-del-comune-i-bandi-di-dammi-il-5\/","og_site_name":"Radio Touring 104","article_published_time":"2026-03-13T08:58:44+00:00","article_modified_time":"2026-03-13T10:44:17+00:00","og_image":[{"width":2048,"height":1365,"url":"https:\/\/progettotouring.it\/radiotouring104\/wp-content\/uploads\/sites\/6\/2026\/03\/Romeo_Battaglia_Tripodi-Dammi-il-5.jpeg","type":"image\/jpeg"}],"author":"redazione","twitter_card":"summary_large_image","twitter_misc":{"Scritto da":"redazione","Tempo di lettura stimato":"2 minuti"},"schema":{"@context":"https:\/\/schema.org","@graph":[{"@type":"Article","@id":"https:\/\/progettotouring.it\/radiotouring104\/2026\/03\/13\/reggio-pubblicati-sul-sito-del-comune-i-bandi-di-dammi-il-5\/#article","isPartOf":{"@id":"https:\/\/progettotouring.it\/radiotouring104\/2026\/03\/13\/reggio-pubblicati-sul-sito-del-comune-i-bandi-di-dammi-il-5\/"},"author":{"name":"redazione","@id":"https:\/\/progettotouring.it\/radiotouring104\/#\/schema\/person\/1b3eb3c07c47136bc44c785c543e635f"},"headline":"Reggio: pubblicati sul sito del Comune i bandi di &#8220;Dammi il 5&#8221;","datePublished":"2026-03-13T08:58:44+00:00","dateModified":"2026-03-13T10:44:17+00:00","mainEntityOfPage":{"@id":"https:\/\/progettotouring.it\/radiotouring104\/2026\/03\/13\/reggio-pubblicati-sul-sito-del-comune-i-bandi-di-dammi-il-5\/"},"wordCount":336,"publisher":{"@id":"https:\/\/progettotouring.it\/radiotouring104\/#organization"},"image":{"@id":"https:\/\/progettotouring.it\/radiotouring104\/2026\/03\/13\/reggio-pubblicati-sul-sito-del-comune-i-bandi-di-dammi-il-5\/#primaryimage"},"thumbnailUrl":"https:\/\/progettotouring.it\/radiotouring104\/wp-content\/uploads\/sites\/6\/2026\/03\/Romeo_Battaglia_Tripodi-Dammi-il-5.jpeg","keywords":["\"Dammi il 5\"","Comune di Reggio","pubblicati 4 bandi","sito del Comune di Reggio","sostegno a imprese"],"articleSection":["Home","News","Reggio Calabria"],"inLanguage":"it-IT"},{"@type":"WebPage","@id":"https:\/\/progettotouring.it\/radiotouring104\/2026\/03\/13\/reggio-pubblicati-sul-sito-del-comune-i-bandi-di-dammi-il-5\/","url":"https:\/\/progettotouring.it\/radiotouring104\/2026\/03\/13\/reggio-pubblicati-sul-sito-del-comune-i-bandi-di-dammi-il-5\/","name":"Reggio: pubblicati sul sito del Comune i bandi di \"Dammi il 5\"","isPartOf":{"@id":"https:\/\/progettotouring.it\/radiotouring104\/#website"},"primaryImageOfPage":{"@id":"https:\/\/progettotouring.it\/radiotouring104\/2026\/03\/13\/reggio-pubblicati-sul-sito-del-comune-i-bandi-di-dammi-il-5\/#primaryimage"},"image":{"@id":"https:\/\/progettotouring.it\/radiotouring104\/2026\/03\/13\/reggio-pubblicati-sul-sito-del-comune-i-bandi-di-dammi-il-5\/#primaryimage"},"thumbnailUrl":"https:\/\/progettotouring.it\/radiotouring104\/wp-content\/uploads\/sites\/6\/2026\/03\/Romeo_Battaglia_Tripodi-Dammi-il-5.jpeg","datePublished":"2026-03-13T08:58:44+00:00","dateModified":"2026-03-13T10:44:17+00:00","description":"Pubblicati sul sito dell'Ente i 4 bandi del pacchetto \u201cDammi il 5!\u201d, a sostegno dell\u2019occupazione e delle imprese. Tutte le info","breadcrumb":{"@id":"https:\/\/progettotouring.it\/radiotouring104\/2026\/03\/13\/reggio-pubblicati-sul-sito-del-comune-i-bandi-di-dammi-il-5\/#breadcrumb"},"inLanguage":"it-IT","potentialAction":[{"@type":"ReadAction","target":["https:\/\/progettotouring.it\/radiotouring104\/2026\/03\/13\/reggio-pubblicati-sul-sito-del-comune-i-bandi-di-dammi-il-5\/"]}]},{"@type":"ImageObject","inLanguage":"it-IT","@id":"https:\/\/progettotouring.it\/radiotouring104\/2026\/03\/13\/reggio-pubblicati-sul-sito-del-comune-i-bandi-di-dammi-il-5\/#primaryimage","url":"https:\/\/progettotouring.it\/radiotouring104\/wp-content\/uploads\/sites\/6\/2026\/03\/Romeo_Battaglia_Tripodi-Dammi-il-5.jpeg","contentUrl":"https:\/\/progettotouring.it\/radiotouring104\/wp-content\/uploads\/sites\/6\/2026\/03\/Romeo_Battaglia_Tripodi-Dammi-il-5.jpeg","width":2048,"height":1365},{"@type":"BreadcrumbList","@id":"https:\/\/progettotouring.it\/radiotouring104\/2026\/03\/13\/reggio-pubblicati-sul-sito-del-comune-i-bandi-di-dammi-il-5\/#breadcrumb","itemListElement":[{"@type":"ListItem","position":1,"name":"Home","item":"https:\/\/progettotouring.it\/radiotouring104\/"},{"@type":"ListItem","position":2,"name":"Reggio: pubblicati sul sito del Comune i bandi di &#8220;Dammi il 5&#8221;"}]},{"@type":"WebSite","@id":"https:\/\/progettotouring.it\/radiotouring104\/#website","url":"https:\/\/progettotouring.it\/radiotouring104\/","name":"Radio Touring 104","description":"La prima radio Reggina","publisher":{"@id":"https:\/\/progettotouring.it\/radiotouring104\/#organization"},"potentialAction":[{"@type":"SearchAction","target":{"@type":"EntryPoint","urlTemplate":"https:\/\/progettotouring.it\/radiotouring104\/?s={search_term_string}"},"query-input":{"@type":"PropertyValueSpecification","valueRequired":true,"valueName":"search_term_string"}}],"inLanguage":"it-IT"},{"@type":"Organization","@id":"https:\/\/progettotouring.it\/radiotouring104\/#organization","name":"Radio Touring 104","url":"https:\/\/progettotouring.it\/radiotouring104\/","logo":{"@type":"ImageObject","inLanguage":"it-IT","@id":"https:\/\/progettotouring.it\/radiotouring104\/#\/schema\/logo\/image\/","url":"https:\/\/progettotouring.it\/radiotouring104\/wp-content\/uploads\/sites\/6\/2022\/02\/cropped-logo-radio-touring-104.png","contentUrl":"https:\/\/progettotouring.it\/radiotouring104\/wp-content\/uploads\/sites\/6\/2022\/02\/cropped-logo-radio-touring-104.png","width":377,"height":182,"caption":"Radio Touring 104"},"image":{"@id":"https:\/\/progettotouring.it\/radiotouring104\/#\/schema\/logo\/image\/"}},{"@type":"Person","@id":"https:\/\/progettotouring.it\/radiotouring104\/#\/schema\/person\/1b3eb3c07c47136bc44c785c543e635f","name":"redazione","image":{"@type":"ImageObject","inLanguage":"it-IT","@id":"https:\/\/secure.gravatar.com\/avatar\/0b31605b49f100769e8b624b3e05de1b73e1692e9568a352f60f53fd072e6e11?s=96&d=mm&r=g","url":"https:\/\/secure.gravatar.com\/avatar\/0b31605b49f100769e8b624b3e05de1b73e1692e9568a352f60f53fd072e6e11?s=96&d=mm&r=g","contentUrl":"https:\/\/secure.gravatar.com\/avatar\/0b31605b49f100769e8b624b3e05de1b73e1692e9568a352f60f53fd072e6e11?s=96&d=mm&r=g","caption":"redazione"},"url":"https:\/\/progettotouring.it\/radiotouring104\/author\/redazione\/"}]}},"jetpack_publicize_connections":[],"jetpack_featured_media_url":"https:\/\/progettotouring.it\/radiotouring104\/wp-content\/uploads\/sites\/6\/2026\/03\/Romeo_Battaglia_Tripodi-Dammi-il-5.jpeg","jetpack_sharing_enabled":true,"_links":{"self":[{"href":"https:\/\/progettotouring.it\/radiotouring104\/wp-json\/wp\/v2\/posts\/91924","targetHints":{"allow":["GET"]}}],"collection":[{"href":"https:\/\/progettotouring.it\/radiotouring104\/wp-json\/wp\/v2\/posts"}],"about":[{"href":"https:\/\/progettotouring.it\/radiotouring104\/wp-json\/wp\/v2\/types\/post"}],"author":[{"embeddable":true,"href":"https:\/\/progettotouring.it\/radiotouring104\/wp-json\/wp\/v2\/users\/5"}],"replies":[{"embeddable":true,"href":"https:\/\/progettotouring.it\/radiotouring104\/wp-json\/wp\/v2\/comments?post=91924"}],"version-history":[{"count":1,"href":"https:\/\/progettotouring.it\/radiotouring104\/wp-json\/wp\/v2\/posts\/91924\/revisions"}],"predecessor-version":[{"id":91926,"href":"https:\/\/progettotouring.it\/radiotouring104\/wp-json\/wp\/v2\/posts\/91924\/revisions\/91926"}],"wp:featuredmedia":[{"embeddable":true,"href":"https:\/\/progettotouring.it\/radiotouring104\/wp-json\/wp\/v2\/media\/91925"}],"wp:attachment":[{"href":"https:\/\/progettotouring.it\/radiotouring104\/wp-json\/wp\/v2\/media?parent=91924"}],"wp:term":[{"taxonomy":"category","embeddable":true,"href":"https:\/\/progettotouring.it\/radiotouring104\/wp-json\/wp\/v2\/categories?post=91924"},{"taxonomy":"post_tag","embeddable":true,"href":"https:\/\/progettotouring.it\/radiotouring104\/wp-json\/wp\/v2\/tags?post=91924"}],"curies":[{"name":"wp","href":"https:\/\/api.w.org\/{rel}","templated":true}]}}