{"id":91927,"date":"2026-03-13T10:04:50","date_gmt":"2026-03-13T09:04:50","guid":{"rendered":"https:\/\/progettotouring.it\/radiotouring104\/?p=91927"},"modified":"2026-03-13T11:44:08","modified_gmt":"2026-03-13T10:44:08","slug":"reggio-cna-federmoda-calabria-approda-alla-mediterranea-con-il-workshop-cantami-o-musa","status":"publish","type":"post","link":"https:\/\/progettotouring.it\/radiotouring104\/2026\/03\/13\/reggio-cna-federmoda-calabria-approda-alla-mediterranea-con-il-workshop-cantami-o-musa\/","title":{"rendered":"Reggio: CNA Federmoda Calabria approda alla &#8220;Mediterranea&#8221; con il workshop \u201cCantami O Musa&#8221;"},"content":{"rendered":"<p>Avvicinare gli studenti al mondo del design e della moda, offrendo loro un approccio concreto con il \u201csaper fare\u201d e il talento, ma anche con una visione d\u2019impresa. All\u2019interno della cornice di eventi della manifestazione nazionale \u201cBenvenuti in Atelier\u201d, CNA Federmoda Calabria ha offerto agli studenti del corso di Laurea in Design e a due classi dell\u2019ultimo anno del Liceo Gull\u00ec di Reggio Calabria la possibilit\u00e0 di partecipare al workshop \u201cCantami o Musa\u201d.<\/p>\n<p><strong>La presidente di CNA Federmoda Calabria, la designer Gios\u00ec Vittoria Barbaro,<\/strong>\u00a0ha condotto gli studenti in una giornata di immersione nella sua realt\u00e0 aziendale, all\u2019insegna della creativit\u00e0.<\/p>\n<p>\u201cUn\u2019idea che nasce dal nostro territorio e guarda al futuro &#8211; ha spiegato la Presidente -.\u00a0<strong>Un\u2019esperienza che mette in dialogo generazioni diverse, competenze e visioni, creando uno spazio dove imparare e sperimentare<\/strong>\u00a0\u2013 ha commentato Barbaro -. Questo progetto \u00e8 proprio questo:\u00a0<strong>un ponte tra presente e futuro, tra formazione e impresa, tra territorio e innovazione.<\/strong>\u00a0Perch\u00e9 \u00e8 dalle nostre origini che nascono le prospettive pi\u00f9 forti per il domani\u201d.<\/p>\n<p>Al workshop sono intervenuti Alberto De Capua, docente del corso di Laurea in Design della UniRc e responsabile del progetto, Giulia Speranza, Brand &amp; Pattern Designer, Alessandro Fratto, studente UniRC e vice presidente Associazione Musa.<\/p>\n<p>Accompagnati dai professionisti del team della presidente Barbaro, i ragazzi hanno avuto l\u2019opportunit\u00e0 di scoprire da vicino come nasce un progetto creativo, seguendo passo dopo passo tutte le fasi che portano dall\u2019idea iniziale al prodotto finale, toccando con mano l\u2019intreccio costante tra creativit\u00e0, ricerca e competenze tecniche.<\/p>\n<p>Il momento pi\u00f9 coinvolgente della giornata \u00e8 stato il laboratorio creativo. Divisi in gruppi misti, studenti del liceo e universitari hanno lavorato insieme per ricreare le fasi principali del processo progettuale. Guidati da esperti i ragazzi hanno iniziato con una fase di brainstorming, trasformando idee e suggestioni in primi schizzi e concept. Successivamente hanno sviluppato le proposte progettuali, riflettendo su funzionalit\u00e0, estetica e sostenibilit\u00e0 dei materiali.<\/p>\n<p>\u201cL\u2019esperienza &#8211; ha concluso la presidente CNA Federmoda Calabria &#8211; si \u00e8 rivelata un\u2019occasione preziosa di apprendimento e orientamento: un ponte tra scuola, universit\u00e0 e mondo del lavoro, pensato per stimolare curiosit\u00e0, consapevolezza e spirito imprenditoriale. Un modo per far comprendere ai giovani come il proprio territorio possa diventare una risorsa e una possibilit\u00e0 concreta di futuro, dimostrando che innovazione, creativit\u00e0 e impresa possono nascere e crescere anche restando in Calabria\u201d.<\/p>\n","protected":false},"excerpt":{"rendered":"<p>Avvicinare gli studenti al mondo del design e della moda, offrendo loro un approccio concreto con il \u201csaper fare\u201d e il talento, ma anche con una visione d\u2019impresa. All\u2019interno della&hellip;<\/p>\n","protected":false},"author":5,"featured_media":91928,"comment_status":"closed","ping_status":"open","sticky":false,"template":"","format":"standard","meta":{"_jetpack_memberships_contains_paid_content":false,"footnotes":"","jetpack_publicize_message":"","jetpack_publicize_feature_enabled":true,"jetpack_social_post_already_shared":true,"jetpack_social_options":{"image_generator_settings":{"template":"highway","default_image_id":0,"font":"","enabled":false},"version":2}},"categories":[921,196,140],"tags":[51802,51801,1835,369,51803],"class_list":["post-91927","post","type-post","status-publish","format-standard","has-post-thumbnail","hentry","category-home","category-news","category-reggio-calabria","tag-cna-federmoda-calabria","tag-designer-giosi-vittoria-barbaro","tag-liceo-delle-scienze-umane-tommaso-gulli","tag-universita-mediterranea","tag-workshop-cantami-o-musa"],"yoast_head":"<!-- This site is optimized with the Yoast SEO plugin v27.2 - https:\/\/yoast.com\/product\/yoast-seo-wordpress\/ -->\n<title>Reggio: CNA Federmoda Calabria approda alla &quot;Mediterranea&quot; con il workshop \u201cCantami O Musa&quot; - Radio Touring 104<\/title>\n<meta name=\"description\" content=\"La Pesidente Barbaro\u00a0ha condotto gli studenti in una giornata di immersione nella sua realt\u00e0 aziendale, all\u2019insegna della creativit\u00e0\" \/>\n<meta name=\"robots\" content=\"index, follow, max-snippet:-1, max-image-preview:large, max-video-preview:-1\" \/>\n<link rel=\"canonical\" href=\"https:\/\/progettotouring.it\/radiotouring104\/2026\/03\/13\/reggio-cna-federmoda-calabria-approda-alla-mediterranea-con-il-workshop-cantami-o-musa\/\" \/>\n<meta property=\"og:locale\" content=\"it_IT\" \/>\n<meta property=\"og:type\" content=\"article\" \/>\n<meta property=\"og:title\" content=\"Reggio: CNA Federmoda Calabria approda alla &quot;Mediterranea&quot; con il workshop \u201cCantami O Musa&quot; - Radio Touring 104\" \/>\n<meta property=\"og:description\" content=\"La Pesidente Barbaro\u00a0ha condotto gli studenti in una giornata di immersione nella sua realt\u00e0 aziendale, all\u2019insegna della creativit\u00e0\" \/>\n<meta property=\"og:url\" content=\"https:\/\/progettotouring.it\/radiotouring104\/2026\/03\/13\/reggio-cna-federmoda-calabria-approda-alla-mediterranea-con-il-workshop-cantami-o-musa\/\" \/>\n<meta property=\"og:site_name\" content=\"Radio Touring 104\" \/>\n<meta property=\"article:published_time\" content=\"2026-03-13T09:04:50+00:00\" \/>\n<meta property=\"article:modified_time\" content=\"2026-03-13T10:44:08+00:00\" \/>\n<meta property=\"og:image\" content=\"https:\/\/progettotouring.it\/radiotouring104\/wp-content\/uploads\/sites\/6\/2026\/03\/CNA-MEDITERRANEA-WORKSHOP-CANTAMI-O-MUSA.jpeg\" \/>\n\t<meta property=\"og:image:width\" content=\"1200\" \/>\n\t<meta property=\"og:image:height\" content=\"1600\" \/>\n\t<meta property=\"og:image:type\" content=\"image\/jpeg\" \/>\n<meta name=\"author\" content=\"redazione\" \/>\n<meta name=\"twitter:card\" content=\"summary_large_image\" \/>\n<meta name=\"twitter:label1\" content=\"Scritto da\" \/>\n\t<meta name=\"twitter:data1\" content=\"redazione\" \/>\n\t<meta name=\"twitter:label2\" content=\"Tempo di lettura stimato\" \/>\n\t<meta name=\"twitter:data2\" content=\"2 minuti\" \/>\n<script type=\"application\/ld+json\" class=\"yoast-schema-graph\">{\"@context\":\"https:\/\/schema.org\",\"@graph\":[{\"@type\":\"Article\",\"@id\":\"https:\/\/progettotouring.it\/radiotouring104\/2026\/03\/13\/reggio-cna-federmoda-calabria-approda-alla-mediterranea-con-il-workshop-cantami-o-musa\/#article\",\"isPartOf\":{\"@id\":\"https:\/\/progettotouring.it\/radiotouring104\/2026\/03\/13\/reggio-cna-federmoda-calabria-approda-alla-mediterranea-con-il-workshop-cantami-o-musa\/\"},\"author\":{\"name\":\"redazione\",\"@id\":\"https:\/\/progettotouring.it\/radiotouring104\/#\/schema\/person\/1b3eb3c07c47136bc44c785c543e635f\"},\"headline\":\"Reggio: CNA Federmoda Calabria approda alla &#8220;Mediterranea&#8221; con il workshop \u201cCantami O Musa&#8221;\",\"datePublished\":\"2026-03-13T09:04:50+00:00\",\"dateModified\":\"2026-03-13T10:44:08+00:00\",\"mainEntityOfPage\":{\"@id\":\"https:\/\/progettotouring.it\/radiotouring104\/2026\/03\/13\/reggio-cna-federmoda-calabria-approda-alla-mediterranea-con-il-workshop-cantami-o-musa\/\"},\"wordCount\":409,\"publisher\":{\"@id\":\"https:\/\/progettotouring.it\/radiotouring104\/#organization\"},\"image\":{\"@id\":\"https:\/\/progettotouring.it\/radiotouring104\/2026\/03\/13\/reggio-cna-federmoda-calabria-approda-alla-mediterranea-con-il-workshop-cantami-o-musa\/#primaryimage\"},\"thumbnailUrl\":\"https:\/\/progettotouring.it\/radiotouring104\/wp-content\/uploads\/sites\/6\/2026\/03\/CNA-MEDITERRANEA-WORKSHOP-CANTAMI-O-MUSA.jpeg\",\"keywords\":[\"CNA Federmoda Calabria\",\"designer Gios\u00ec Vittoria Barbaro\",\"Liceo delle Scienze Umane Tommaso Gull\u00ec\",\"universit\u00e0 mediterranea\",\"workshop \u201cCantami O Musa\\\"\"],\"articleSection\":[\"Home\",\"News\",\"Reggio Calabria\"],\"inLanguage\":\"it-IT\"},{\"@type\":\"WebPage\",\"@id\":\"https:\/\/progettotouring.it\/radiotouring104\/2026\/03\/13\/reggio-cna-federmoda-calabria-approda-alla-mediterranea-con-il-workshop-cantami-o-musa\/\",\"url\":\"https:\/\/progettotouring.it\/radiotouring104\/2026\/03\/13\/reggio-cna-federmoda-calabria-approda-alla-mediterranea-con-il-workshop-cantami-o-musa\/\",\"name\":\"Reggio: CNA Federmoda Calabria approda alla \\\"Mediterranea\\\" con il workshop \u201cCantami O Musa\\\" - Radio Touring 104\",\"isPartOf\":{\"@id\":\"https:\/\/progettotouring.it\/radiotouring104\/#website\"},\"primaryImageOfPage\":{\"@id\":\"https:\/\/progettotouring.it\/radiotouring104\/2026\/03\/13\/reggio-cna-federmoda-calabria-approda-alla-mediterranea-con-il-workshop-cantami-o-musa\/#primaryimage\"},\"image\":{\"@id\":\"https:\/\/progettotouring.it\/radiotouring104\/2026\/03\/13\/reggio-cna-federmoda-calabria-approda-alla-mediterranea-con-il-workshop-cantami-o-musa\/#primaryimage\"},\"thumbnailUrl\":\"https:\/\/progettotouring.it\/radiotouring104\/wp-content\/uploads\/sites\/6\/2026\/03\/CNA-MEDITERRANEA-WORKSHOP-CANTAMI-O-MUSA.jpeg\",\"datePublished\":\"2026-03-13T09:04:50+00:00\",\"dateModified\":\"2026-03-13T10:44:08+00:00\",\"description\":\"La Pesidente Barbaro\u00a0ha condotto gli studenti in una giornata di immersione nella sua realt\u00e0 aziendale, all\u2019insegna della creativit\u00e0\",\"breadcrumb\":{\"@id\":\"https:\/\/progettotouring.it\/radiotouring104\/2026\/03\/13\/reggio-cna-federmoda-calabria-approda-alla-mediterranea-con-il-workshop-cantami-o-musa\/#breadcrumb\"},\"inLanguage\":\"it-IT\",\"potentialAction\":[{\"@type\":\"ReadAction\",\"target\":[\"https:\/\/progettotouring.it\/radiotouring104\/2026\/03\/13\/reggio-cna-federmoda-calabria-approda-alla-mediterranea-con-il-workshop-cantami-o-musa\/\"]}]},{\"@type\":\"ImageObject\",\"inLanguage\":\"it-IT\",\"@id\":\"https:\/\/progettotouring.it\/radiotouring104\/2026\/03\/13\/reggio-cna-federmoda-calabria-approda-alla-mediterranea-con-il-workshop-cantami-o-musa\/#primaryimage\",\"url\":\"https:\/\/progettotouring.it\/radiotouring104\/wp-content\/uploads\/sites\/6\/2026\/03\/CNA-MEDITERRANEA-WORKSHOP-CANTAMI-O-MUSA.jpeg\",\"contentUrl\":\"https:\/\/progettotouring.it\/radiotouring104\/wp-content\/uploads\/sites\/6\/2026\/03\/CNA-MEDITERRANEA-WORKSHOP-CANTAMI-O-MUSA.jpeg\",\"width\":1200,\"height\":1600},{\"@type\":\"BreadcrumbList\",\"@id\":\"https:\/\/progettotouring.it\/radiotouring104\/2026\/03\/13\/reggio-cna-federmoda-calabria-approda-alla-mediterranea-con-il-workshop-cantami-o-musa\/#breadcrumb\",\"itemListElement\":[{\"@type\":\"ListItem\",\"position\":1,\"name\":\"Home\",\"item\":\"https:\/\/progettotouring.it\/radiotouring104\/\"},{\"@type\":\"ListItem\",\"position\":2,\"name\":\"Reggio: CNA Federmoda Calabria approda alla &#8220;Mediterranea&#8221; con il workshop \u201cCantami O Musa&#8221;\"}]},{\"@type\":\"WebSite\",\"@id\":\"https:\/\/progettotouring.it\/radiotouring104\/#website\",\"url\":\"https:\/\/progettotouring.it\/radiotouring104\/\",\"name\":\"Radio Touring 104\",\"description\":\"La prima radio Reggina\",\"publisher\":{\"@id\":\"https:\/\/progettotouring.it\/radiotouring104\/#organization\"},\"potentialAction\":[{\"@type\":\"SearchAction\",\"target\":{\"@type\":\"EntryPoint\",\"urlTemplate\":\"https:\/\/progettotouring.it\/radiotouring104\/?s={search_term_string}\"},\"query-input\":{\"@type\":\"PropertyValueSpecification\",\"valueRequired\":true,\"valueName\":\"search_term_string\"}}],\"inLanguage\":\"it-IT\"},{\"@type\":\"Organization\",\"@id\":\"https:\/\/progettotouring.it\/radiotouring104\/#organization\",\"name\":\"Radio Touring 104\",\"url\":\"https:\/\/progettotouring.it\/radiotouring104\/\",\"logo\":{\"@type\":\"ImageObject\",\"inLanguage\":\"it-IT\",\"@id\":\"https:\/\/progettotouring.it\/radiotouring104\/#\/schema\/logo\/image\/\",\"url\":\"https:\/\/progettotouring.it\/radiotouring104\/wp-content\/uploads\/sites\/6\/2022\/02\/cropped-logo-radio-touring-104.png\",\"contentUrl\":\"https:\/\/progettotouring.it\/radiotouring104\/wp-content\/uploads\/sites\/6\/2022\/02\/cropped-logo-radio-touring-104.png\",\"width\":377,\"height\":182,\"caption\":\"Radio Touring 104\"},\"image\":{\"@id\":\"https:\/\/progettotouring.it\/radiotouring104\/#\/schema\/logo\/image\/\"}},{\"@type\":\"Person\",\"@id\":\"https:\/\/progettotouring.it\/radiotouring104\/#\/schema\/person\/1b3eb3c07c47136bc44c785c543e635f\",\"name\":\"redazione\",\"image\":{\"@type\":\"ImageObject\",\"inLanguage\":\"it-IT\",\"@id\":\"https:\/\/secure.gravatar.com\/avatar\/0b31605b49f100769e8b624b3e05de1b73e1692e9568a352f60f53fd072e6e11?s=96&d=mm&r=g\",\"url\":\"https:\/\/secure.gravatar.com\/avatar\/0b31605b49f100769e8b624b3e05de1b73e1692e9568a352f60f53fd072e6e11?s=96&d=mm&r=g\",\"contentUrl\":\"https:\/\/secure.gravatar.com\/avatar\/0b31605b49f100769e8b624b3e05de1b73e1692e9568a352f60f53fd072e6e11?s=96&d=mm&r=g\",\"caption\":\"redazione\"},\"url\":\"https:\/\/progettotouring.it\/radiotouring104\/author\/redazione\/\"}]}<\/script>\n<!-- \/ Yoast SEO plugin. -->","yoast_head_json":{"title":"Reggio: CNA Federmoda Calabria approda alla \"Mediterranea\" con il workshop \u201cCantami O Musa\" - Radio Touring 104","description":"La Pesidente Barbaro\u00a0ha condotto gli studenti in una giornata di immersione nella sua realt\u00e0 aziendale, all\u2019insegna della creativit\u00e0","robots":{"index":"index","follow":"follow","max-snippet":"max-snippet:-1","max-image-preview":"max-image-preview:large","max-video-preview":"max-video-preview:-1"},"canonical":"https:\/\/progettotouring.it\/radiotouring104\/2026\/03\/13\/reggio-cna-federmoda-calabria-approda-alla-mediterranea-con-il-workshop-cantami-o-musa\/","og_locale":"it_IT","og_type":"article","og_title":"Reggio: CNA Federmoda Calabria approda alla \"Mediterranea\" con il workshop \u201cCantami O Musa\" - Radio Touring 104","og_description":"La Pesidente Barbaro\u00a0ha condotto gli studenti in una giornata di immersione nella sua realt\u00e0 aziendale, all\u2019insegna della creativit\u00e0","og_url":"https:\/\/progettotouring.it\/radiotouring104\/2026\/03\/13\/reggio-cna-federmoda-calabria-approda-alla-mediterranea-con-il-workshop-cantami-o-musa\/","og_site_name":"Radio Touring 104","article_published_time":"2026-03-13T09:04:50+00:00","article_modified_time":"2026-03-13T10:44:08+00:00","og_image":[{"width":1200,"height":1600,"url":"https:\/\/progettotouring.it\/radiotouring104\/wp-content\/uploads\/sites\/6\/2026\/03\/CNA-MEDITERRANEA-WORKSHOP-CANTAMI-O-MUSA.jpeg","type":"image\/jpeg"}],"author":"redazione","twitter_card":"summary_large_image","twitter_misc":{"Scritto da":"redazione","Tempo di lettura stimato":"2 minuti"},"schema":{"@context":"https:\/\/schema.org","@graph":[{"@type":"Article","@id":"https:\/\/progettotouring.it\/radiotouring104\/2026\/03\/13\/reggio-cna-federmoda-calabria-approda-alla-mediterranea-con-il-workshop-cantami-o-musa\/#article","isPartOf":{"@id":"https:\/\/progettotouring.it\/radiotouring104\/2026\/03\/13\/reggio-cna-federmoda-calabria-approda-alla-mediterranea-con-il-workshop-cantami-o-musa\/"},"author":{"name":"redazione","@id":"https:\/\/progettotouring.it\/radiotouring104\/#\/schema\/person\/1b3eb3c07c47136bc44c785c543e635f"},"headline":"Reggio: CNA Federmoda Calabria approda alla &#8220;Mediterranea&#8221; con il workshop \u201cCantami O Musa&#8221;","datePublished":"2026-03-13T09:04:50+00:00","dateModified":"2026-03-13T10:44:08+00:00","mainEntityOfPage":{"@id":"https:\/\/progettotouring.it\/radiotouring104\/2026\/03\/13\/reggio-cna-federmoda-calabria-approda-alla-mediterranea-con-il-workshop-cantami-o-musa\/"},"wordCount":409,"publisher":{"@id":"https:\/\/progettotouring.it\/radiotouring104\/#organization"},"image":{"@id":"https:\/\/progettotouring.it\/radiotouring104\/2026\/03\/13\/reggio-cna-federmoda-calabria-approda-alla-mediterranea-con-il-workshop-cantami-o-musa\/#primaryimage"},"thumbnailUrl":"https:\/\/progettotouring.it\/radiotouring104\/wp-content\/uploads\/sites\/6\/2026\/03\/CNA-MEDITERRANEA-WORKSHOP-CANTAMI-O-MUSA.jpeg","keywords":["CNA Federmoda Calabria","designer Gios\u00ec Vittoria Barbaro","Liceo delle Scienze Umane Tommaso Gull\u00ec","universit\u00e0 mediterranea","workshop \u201cCantami O Musa\""],"articleSection":["Home","News","Reggio Calabria"],"inLanguage":"it-IT"},{"@type":"WebPage","@id":"https:\/\/progettotouring.it\/radiotouring104\/2026\/03\/13\/reggio-cna-federmoda-calabria-approda-alla-mediterranea-con-il-workshop-cantami-o-musa\/","url":"https:\/\/progettotouring.it\/radiotouring104\/2026\/03\/13\/reggio-cna-federmoda-calabria-approda-alla-mediterranea-con-il-workshop-cantami-o-musa\/","name":"Reggio: CNA Federmoda Calabria approda alla \"Mediterranea\" con il workshop \u201cCantami O Musa\" - Radio Touring 104","isPartOf":{"@id":"https:\/\/progettotouring.it\/radiotouring104\/#website"},"primaryImageOfPage":{"@id":"https:\/\/progettotouring.it\/radiotouring104\/2026\/03\/13\/reggio-cna-federmoda-calabria-approda-alla-mediterranea-con-il-workshop-cantami-o-musa\/#primaryimage"},"image":{"@id":"https:\/\/progettotouring.it\/radiotouring104\/2026\/03\/13\/reggio-cna-federmoda-calabria-approda-alla-mediterranea-con-il-workshop-cantami-o-musa\/#primaryimage"},"thumbnailUrl":"https:\/\/progettotouring.it\/radiotouring104\/wp-content\/uploads\/sites\/6\/2026\/03\/CNA-MEDITERRANEA-WORKSHOP-CANTAMI-O-MUSA.jpeg","datePublished":"2026-03-13T09:04:50+00:00","dateModified":"2026-03-13T10:44:08+00:00","description":"La Pesidente Barbaro\u00a0ha condotto gli studenti in una giornata di immersione nella sua realt\u00e0 aziendale, all\u2019insegna della creativit\u00e0","breadcrumb":{"@id":"https:\/\/progettotouring.it\/radiotouring104\/2026\/03\/13\/reggio-cna-federmoda-calabria-approda-alla-mediterranea-con-il-workshop-cantami-o-musa\/#breadcrumb"},"inLanguage":"it-IT","potentialAction":[{"@type":"ReadAction","target":["https:\/\/progettotouring.it\/radiotouring104\/2026\/03\/13\/reggio-cna-federmoda-calabria-approda-alla-mediterranea-con-il-workshop-cantami-o-musa\/"]}]},{"@type":"ImageObject","inLanguage":"it-IT","@id":"https:\/\/progettotouring.it\/radiotouring104\/2026\/03\/13\/reggio-cna-federmoda-calabria-approda-alla-mediterranea-con-il-workshop-cantami-o-musa\/#primaryimage","url":"https:\/\/progettotouring.it\/radiotouring104\/wp-content\/uploads\/sites\/6\/2026\/03\/CNA-MEDITERRANEA-WORKSHOP-CANTAMI-O-MUSA.jpeg","contentUrl":"https:\/\/progettotouring.it\/radiotouring104\/wp-content\/uploads\/sites\/6\/2026\/03\/CNA-MEDITERRANEA-WORKSHOP-CANTAMI-O-MUSA.jpeg","width":1200,"height":1600},{"@type":"BreadcrumbList","@id":"https:\/\/progettotouring.it\/radiotouring104\/2026\/03\/13\/reggio-cna-federmoda-calabria-approda-alla-mediterranea-con-il-workshop-cantami-o-musa\/#breadcrumb","itemListElement":[{"@type":"ListItem","position":1,"name":"Home","item":"https:\/\/progettotouring.it\/radiotouring104\/"},{"@type":"ListItem","position":2,"name":"Reggio: CNA Federmoda Calabria approda alla &#8220;Mediterranea&#8221; con il workshop \u201cCantami O Musa&#8221;"}]},{"@type":"WebSite","@id":"https:\/\/progettotouring.it\/radiotouring104\/#website","url":"https:\/\/progettotouring.it\/radiotouring104\/","name":"Radio Touring 104","description":"La prima radio Reggina","publisher":{"@id":"https:\/\/progettotouring.it\/radiotouring104\/#organization"},"potentialAction":[{"@type":"SearchAction","target":{"@type":"EntryPoint","urlTemplate":"https:\/\/progettotouring.it\/radiotouring104\/?s={search_term_string}"},"query-input":{"@type":"PropertyValueSpecification","valueRequired":true,"valueName":"search_term_string"}}],"inLanguage":"it-IT"},{"@type":"Organization","@id":"https:\/\/progettotouring.it\/radiotouring104\/#organization","name":"Radio Touring 104","url":"https:\/\/progettotouring.it\/radiotouring104\/","logo":{"@type":"ImageObject","inLanguage":"it-IT","@id":"https:\/\/progettotouring.it\/radiotouring104\/#\/schema\/logo\/image\/","url":"https:\/\/progettotouring.it\/radiotouring104\/wp-content\/uploads\/sites\/6\/2022\/02\/cropped-logo-radio-touring-104.png","contentUrl":"https:\/\/progettotouring.it\/radiotouring104\/wp-content\/uploads\/sites\/6\/2022\/02\/cropped-logo-radio-touring-104.png","width":377,"height":182,"caption":"Radio Touring 104"},"image":{"@id":"https:\/\/progettotouring.it\/radiotouring104\/#\/schema\/logo\/image\/"}},{"@type":"Person","@id":"https:\/\/progettotouring.it\/radiotouring104\/#\/schema\/person\/1b3eb3c07c47136bc44c785c543e635f","name":"redazione","image":{"@type":"ImageObject","inLanguage":"it-IT","@id":"https:\/\/secure.gravatar.com\/avatar\/0b31605b49f100769e8b624b3e05de1b73e1692e9568a352f60f53fd072e6e11?s=96&d=mm&r=g","url":"https:\/\/secure.gravatar.com\/avatar\/0b31605b49f100769e8b624b3e05de1b73e1692e9568a352f60f53fd072e6e11?s=96&d=mm&r=g","contentUrl":"https:\/\/secure.gravatar.com\/avatar\/0b31605b49f100769e8b624b3e05de1b73e1692e9568a352f60f53fd072e6e11?s=96&d=mm&r=g","caption":"redazione"},"url":"https:\/\/progettotouring.it\/radiotouring104\/author\/redazione\/"}]}},"jetpack_publicize_connections":[],"jetpack_featured_media_url":"https:\/\/progettotouring.it\/radiotouring104\/wp-content\/uploads\/sites\/6\/2026\/03\/CNA-MEDITERRANEA-WORKSHOP-CANTAMI-O-MUSA.jpeg","jetpack_sharing_enabled":true,"_links":{"self":[{"href":"https:\/\/progettotouring.it\/radiotouring104\/wp-json\/wp\/v2\/posts\/91927","targetHints":{"allow":["GET"]}}],"collection":[{"href":"https:\/\/progettotouring.it\/radiotouring104\/wp-json\/wp\/v2\/posts"}],"about":[{"href":"https:\/\/progettotouring.it\/radiotouring104\/wp-json\/wp\/v2\/types\/post"}],"author":[{"embeddable":true,"href":"https:\/\/progettotouring.it\/radiotouring104\/wp-json\/wp\/v2\/users\/5"}],"replies":[{"embeddable":true,"href":"https:\/\/progettotouring.it\/radiotouring104\/wp-json\/wp\/v2\/comments?post=91927"}],"version-history":[{"count":1,"href":"https:\/\/progettotouring.it\/radiotouring104\/wp-json\/wp\/v2\/posts\/91927\/revisions"}],"predecessor-version":[{"id":91929,"href":"https:\/\/progettotouring.it\/radiotouring104\/wp-json\/wp\/v2\/posts\/91927\/revisions\/91929"}],"wp:featuredmedia":[{"embeddable":true,"href":"https:\/\/progettotouring.it\/radiotouring104\/wp-json\/wp\/v2\/media\/91928"}],"wp:attachment":[{"href":"https:\/\/progettotouring.it\/radiotouring104\/wp-json\/wp\/v2\/media?parent=91927"}],"wp:term":[{"taxonomy":"category","embeddable":true,"href":"https:\/\/progettotouring.it\/radiotouring104\/wp-json\/wp\/v2\/categories?post=91927"},{"taxonomy":"post_tag","embeddable":true,"href":"https:\/\/progettotouring.it\/radiotouring104\/wp-json\/wp\/v2\/tags?post=91927"}],"curies":[{"name":"wp","href":"https:\/\/api.w.org\/{rel}","templated":true}]}}