{"id":91930,"date":"2026-03-13T10:16:21","date_gmt":"2026-03-13T09:16:21","guid":{"rendered":"https:\/\/progettotouring.it\/radiotouring104\/?p=91930"},"modified":"2026-03-13T11:43:38","modified_gmt":"2026-03-13T10:43:38","slug":"big-match-virtus-ragusa-redel-lagana-scalpita-andiamo-per-vincere-e-dimostrare-chi-siamo","status":"publish","type":"post","link":"https:\/\/progettotouring.it\/radiotouring104\/2026\/03\/13\/big-match-virtus-ragusa-redel-lagana-scalpita-andiamo-per-vincere-e-dimostrare-chi-siamo\/","title":{"rendered":"Big Match Virtus Ragusa &#8211; Redel, Lagan\u00e0 scalpita: &#8220;Andiamo per vincere e dimostrare chi siamo&#8221;"},"content":{"rendered":"<p>Archiviato il successo di gioved\u00ec scorso contro Corato e sfruttato il meritato weekend di riposo, la Redel Reggio Calabria \u00e8 gi\u00e0 tornata al lavoro con la mente rivolta al big-match di domenica prossima. Sul parquet del PalaPadua, infatti, andr\u00e0 in scena la sfida al vertice del campionato di Serie B Interregionale contro la Virtus Ragusa, diretta concorrente insieme all\u2019altra capolista il Matera.<\/p>\n<p>A presentare questa attesissima gara \u00e8 stato il cestista reggino, Marco Lagan\u00e0, intervenuto ai canali ufficiali del club. Lagan\u00e0 ha fatto il punto sulla condizione del gruppo e sull\u2019importanza di uno scontro che vale doppio.<\/p>\n<p>\u201cSiamo le due prime in classifica insieme a Matera, quindi sar\u00e0 uno scontro diretto fondamentale. Il nostro obiettivo \u00e8 chiaro: andiamo a Ragusa per vincere. Dobbiamo dimostrare che quanto fatto finora non \u00e8 frutto di un entusiasmo passeggero, ma della consapevolezza che questa squadra \u00e8 forte e sa giocare a pallacanestro\u201d.<\/p>\n<p>Lagan\u00e0 ha poi analizzato le insidie di questo finale di stagione, soffermandosi sulle difficolt\u00e0 incontrate contro squadre sulla carta meno quotate, come Mola e la stessa Corato.<\/p>\n<p>\u201cMancano tre mesi e tutte le squadre hanno obiettivi da raggiungere. Chi lotta per salvarsi viene qui senza nulla da perdere e gioca con grande agonismo, come ha fatto bene il Corato gioved\u00ec scorso\u201d.<\/p>\n<p>Essere in vetta alla classifica, per\u00f2, cambia la prospettiva.<\/p>\n<p>\u201cAdesso siamo primi, tutti ci rincorrono e tutti vogliono batterci. Da qui alla fine non ci saranno partite scontate, sia contro l\u2019ultima che contro la prima. Dovremo affrontare ogni impegno con il miglior approccio possibile\u201d.<\/p>\n","protected":false},"excerpt":{"rendered":"<p>Archiviato il successo di gioved\u00ec scorso contro Corato e sfruttato il meritato weekend di riposo, la Redel Reggio Calabria \u00e8 gi\u00e0 tornata al lavoro con la mente rivolta al big-match&hellip;<\/p>\n","protected":false},"author":5,"featured_media":91931,"comment_status":"closed","ping_status":"open","sticky":false,"template":"","format":"standard","meta":{"_jetpack_memberships_contains_paid_content":false,"footnotes":"","jetpack_publicize_message":"","jetpack_publicize_feature_enabled":true,"jetpack_social_post_already_shared":true,"jetpack_social_options":{"image_generator_settings":{"template":"highway","default_image_id":0,"font":"","enabled":false},"version":2}},"categories":[196,140,144],"tags":[51804,37080,51805,18524,34365,3634],"class_list":["post-91930","post","type-post","status-publish","format-standard","has-post-thumbnail","hentry","category-news","category-reggio-calabria","category-sport","tag-andiamo-per-vincere","tag-big-match","tag-dimostrare-chi-siamo","tag-marco-lagana","tag-redel-viola","tag-virtus-ragusa"],"yoast_head":"<!-- This site is optimized with the Yoast SEO plugin v27.2 - https:\/\/yoast.com\/product\/yoast-seo-wordpress\/ -->\n<title>Virtus Ragusa-Redel, Lagan\u00e0: &quot;Andiamo per vincere&quot;<\/title>\n<meta name=\"description\" content=\"Ecco le dichiarazioni del cestista reggino, in vista del Big Match in trasferta a Ragusa di domenica 15 marzo, alle 18:00\" \/>\n<meta name=\"robots\" content=\"index, follow, max-snippet:-1, max-image-preview:large, max-video-preview:-1\" \/>\n<link rel=\"canonical\" href=\"https:\/\/progettotouring.it\/radiotouring104\/2026\/03\/13\/big-match-virtus-ragusa-redel-lagana-scalpita-andiamo-per-vincere-e-dimostrare-chi-siamo\/\" \/>\n<meta property=\"og:locale\" content=\"it_IT\" \/>\n<meta property=\"og:type\" content=\"article\" \/>\n<meta property=\"og:title\" content=\"Virtus Ragusa-Redel, Lagan\u00e0: &quot;Andiamo per vincere&quot;\" \/>\n<meta property=\"og:description\" content=\"Ecco le dichiarazioni del cestista reggino, in vista del Big Match in trasferta a Ragusa di domenica 15 marzo, alle 18:00\" \/>\n<meta property=\"og:url\" content=\"https:\/\/progettotouring.it\/radiotouring104\/2026\/03\/13\/big-match-virtus-ragusa-redel-lagana-scalpita-andiamo-per-vincere-e-dimostrare-chi-siamo\/\" \/>\n<meta property=\"og:site_name\" content=\"Radio Touring 104\" \/>\n<meta property=\"article:published_time\" content=\"2026-03-13T09:16:21+00:00\" \/>\n<meta property=\"article:modified_time\" content=\"2026-03-13T10:43:38+00:00\" \/>\n<meta property=\"og:image\" content=\"https:\/\/progettotouring.it\/radiotouring104\/wp-content\/uploads\/sites\/6\/2026\/03\/marco-lagana-redel-viola.jpg\" \/>\n\t<meta property=\"og:image:width\" content=\"2048\" \/>\n\t<meta property=\"og:image:height\" content=\"1380\" \/>\n\t<meta property=\"og:image:type\" content=\"image\/jpeg\" \/>\n<meta name=\"author\" content=\"redazione\" \/>\n<meta name=\"twitter:card\" content=\"summary_large_image\" \/>\n<meta name=\"twitter:label1\" content=\"Scritto da\" \/>\n\t<meta name=\"twitter:data1\" content=\"redazione\" \/>\n\t<meta name=\"twitter:label2\" content=\"Tempo di lettura stimato\" \/>\n\t<meta name=\"twitter:data2\" content=\"1 minuto\" \/>\n<script type=\"application\/ld+json\" class=\"yoast-schema-graph\">{\"@context\":\"https:\/\/schema.org\",\"@graph\":[{\"@type\":\"Article\",\"@id\":\"https:\/\/progettotouring.it\/radiotouring104\/2026\/03\/13\/big-match-virtus-ragusa-redel-lagana-scalpita-andiamo-per-vincere-e-dimostrare-chi-siamo\/#article\",\"isPartOf\":{\"@id\":\"https:\/\/progettotouring.it\/radiotouring104\/2026\/03\/13\/big-match-virtus-ragusa-redel-lagana-scalpita-andiamo-per-vincere-e-dimostrare-chi-siamo\/\"},\"author\":{\"name\":\"redazione\",\"@id\":\"https:\/\/progettotouring.it\/radiotouring104\/#\/schema\/person\/1b3eb3c07c47136bc44c785c543e635f\"},\"headline\":\"Big Match Virtus Ragusa &#8211; Redel, Lagan\u00e0 scalpita: &#8220;Andiamo per vincere e dimostrare chi siamo&#8221;\",\"datePublished\":\"2026-03-13T09:16:21+00:00\",\"dateModified\":\"2026-03-13T10:43:38+00:00\",\"mainEntityOfPage\":{\"@id\":\"https:\/\/progettotouring.it\/radiotouring104\/2026\/03\/13\/big-match-virtus-ragusa-redel-lagana-scalpita-andiamo-per-vincere-e-dimostrare-chi-siamo\/\"},\"wordCount\":266,\"publisher\":{\"@id\":\"https:\/\/progettotouring.it\/radiotouring104\/#organization\"},\"image\":{\"@id\":\"https:\/\/progettotouring.it\/radiotouring104\/2026\/03\/13\/big-match-virtus-ragusa-redel-lagana-scalpita-andiamo-per-vincere-e-dimostrare-chi-siamo\/#primaryimage\"},\"thumbnailUrl\":\"https:\/\/progettotouring.it\/radiotouring104\/wp-content\/uploads\/sites\/6\/2026\/03\/marco-lagana-redel-viola.jpg\",\"keywords\":[\"andiamo per vincere\",\"big match\",\"dimostrare chi siamo\",\"Marco Lagan\u00e0\",\"Redel Viola\",\"Virtus Ragusa\"],\"articleSection\":[\"News\",\"Reggio Calabria\",\"Sport\"],\"inLanguage\":\"it-IT\"},{\"@type\":\"WebPage\",\"@id\":\"https:\/\/progettotouring.it\/radiotouring104\/2026\/03\/13\/big-match-virtus-ragusa-redel-lagana-scalpita-andiamo-per-vincere-e-dimostrare-chi-siamo\/\",\"url\":\"https:\/\/progettotouring.it\/radiotouring104\/2026\/03\/13\/big-match-virtus-ragusa-redel-lagana-scalpita-andiamo-per-vincere-e-dimostrare-chi-siamo\/\",\"name\":\"Virtus Ragusa-Redel, Lagan\u00e0: \\\"Andiamo per vincere\\\"\",\"isPartOf\":{\"@id\":\"https:\/\/progettotouring.it\/radiotouring104\/#website\"},\"primaryImageOfPage\":{\"@id\":\"https:\/\/progettotouring.it\/radiotouring104\/2026\/03\/13\/big-match-virtus-ragusa-redel-lagana-scalpita-andiamo-per-vincere-e-dimostrare-chi-siamo\/#primaryimage\"},\"image\":{\"@id\":\"https:\/\/progettotouring.it\/radiotouring104\/2026\/03\/13\/big-match-virtus-ragusa-redel-lagana-scalpita-andiamo-per-vincere-e-dimostrare-chi-siamo\/#primaryimage\"},\"thumbnailUrl\":\"https:\/\/progettotouring.it\/radiotouring104\/wp-content\/uploads\/sites\/6\/2026\/03\/marco-lagana-redel-viola.jpg\",\"datePublished\":\"2026-03-13T09:16:21+00:00\",\"dateModified\":\"2026-03-13T10:43:38+00:00\",\"description\":\"Ecco le dichiarazioni del cestista reggino, in vista del Big Match in trasferta a Ragusa di domenica 15 marzo, alle 18:00\",\"breadcrumb\":{\"@id\":\"https:\/\/progettotouring.it\/radiotouring104\/2026\/03\/13\/big-match-virtus-ragusa-redel-lagana-scalpita-andiamo-per-vincere-e-dimostrare-chi-siamo\/#breadcrumb\"},\"inLanguage\":\"it-IT\",\"potentialAction\":[{\"@type\":\"ReadAction\",\"target\":[\"https:\/\/progettotouring.it\/radiotouring104\/2026\/03\/13\/big-match-virtus-ragusa-redel-lagana-scalpita-andiamo-per-vincere-e-dimostrare-chi-siamo\/\"]}]},{\"@type\":\"ImageObject\",\"inLanguage\":\"it-IT\",\"@id\":\"https:\/\/progettotouring.it\/radiotouring104\/2026\/03\/13\/big-match-virtus-ragusa-redel-lagana-scalpita-andiamo-per-vincere-e-dimostrare-chi-siamo\/#primaryimage\",\"url\":\"https:\/\/progettotouring.it\/radiotouring104\/wp-content\/uploads\/sites\/6\/2026\/03\/marco-lagana-redel-viola.jpg\",\"contentUrl\":\"https:\/\/progettotouring.it\/radiotouring104\/wp-content\/uploads\/sites\/6\/2026\/03\/marco-lagana-redel-viola.jpg\",\"width\":2048,\"height\":1380},{\"@type\":\"BreadcrumbList\",\"@id\":\"https:\/\/progettotouring.it\/radiotouring104\/2026\/03\/13\/big-match-virtus-ragusa-redel-lagana-scalpita-andiamo-per-vincere-e-dimostrare-chi-siamo\/#breadcrumb\",\"itemListElement\":[{\"@type\":\"ListItem\",\"position\":1,\"name\":\"Home\",\"item\":\"https:\/\/progettotouring.it\/radiotouring104\/\"},{\"@type\":\"ListItem\",\"position\":2,\"name\":\"Big Match Virtus Ragusa &#8211; Redel, Lagan\u00e0 scalpita: &#8220;Andiamo per vincere e dimostrare chi siamo&#8221;\"}]},{\"@type\":\"WebSite\",\"@id\":\"https:\/\/progettotouring.it\/radiotouring104\/#website\",\"url\":\"https:\/\/progettotouring.it\/radiotouring104\/\",\"name\":\"Radio Touring 104\",\"description\":\"La prima radio Reggina\",\"publisher\":{\"@id\":\"https:\/\/progettotouring.it\/radiotouring104\/#organization\"},\"potentialAction\":[{\"@type\":\"SearchAction\",\"target\":{\"@type\":\"EntryPoint\",\"urlTemplate\":\"https:\/\/progettotouring.it\/radiotouring104\/?s={search_term_string}\"},\"query-input\":{\"@type\":\"PropertyValueSpecification\",\"valueRequired\":true,\"valueName\":\"search_term_string\"}}],\"inLanguage\":\"it-IT\"},{\"@type\":\"Organization\",\"@id\":\"https:\/\/progettotouring.it\/radiotouring104\/#organization\",\"name\":\"Radio Touring 104\",\"url\":\"https:\/\/progettotouring.it\/radiotouring104\/\",\"logo\":{\"@type\":\"ImageObject\",\"inLanguage\":\"it-IT\",\"@id\":\"https:\/\/progettotouring.it\/radiotouring104\/#\/schema\/logo\/image\/\",\"url\":\"https:\/\/progettotouring.it\/radiotouring104\/wp-content\/uploads\/sites\/6\/2022\/02\/cropped-logo-radio-touring-104.png\",\"contentUrl\":\"https:\/\/progettotouring.it\/radiotouring104\/wp-content\/uploads\/sites\/6\/2022\/02\/cropped-logo-radio-touring-104.png\",\"width\":377,\"height\":182,\"caption\":\"Radio Touring 104\"},\"image\":{\"@id\":\"https:\/\/progettotouring.it\/radiotouring104\/#\/schema\/logo\/image\/\"}},{\"@type\":\"Person\",\"@id\":\"https:\/\/progettotouring.it\/radiotouring104\/#\/schema\/person\/1b3eb3c07c47136bc44c785c543e635f\",\"name\":\"redazione\",\"image\":{\"@type\":\"ImageObject\",\"inLanguage\":\"it-IT\",\"@id\":\"https:\/\/secure.gravatar.com\/avatar\/0b31605b49f100769e8b624b3e05de1b73e1692e9568a352f60f53fd072e6e11?s=96&d=mm&r=g\",\"url\":\"https:\/\/secure.gravatar.com\/avatar\/0b31605b49f100769e8b624b3e05de1b73e1692e9568a352f60f53fd072e6e11?s=96&d=mm&r=g\",\"contentUrl\":\"https:\/\/secure.gravatar.com\/avatar\/0b31605b49f100769e8b624b3e05de1b73e1692e9568a352f60f53fd072e6e11?s=96&d=mm&r=g\",\"caption\":\"redazione\"},\"url\":\"https:\/\/progettotouring.it\/radiotouring104\/author\/redazione\/\"}]}<\/script>\n<!-- \/ Yoast SEO plugin. -->","yoast_head_json":{"title":"Virtus Ragusa-Redel, Lagan\u00e0: \"Andiamo per vincere\"","description":"Ecco le dichiarazioni del cestista reggino, in vista del Big Match in trasferta a Ragusa di domenica 15 marzo, alle 18:00","robots":{"index":"index","follow":"follow","max-snippet":"max-snippet:-1","max-image-preview":"max-image-preview:large","max-video-preview":"max-video-preview:-1"},"canonical":"https:\/\/progettotouring.it\/radiotouring104\/2026\/03\/13\/big-match-virtus-ragusa-redel-lagana-scalpita-andiamo-per-vincere-e-dimostrare-chi-siamo\/","og_locale":"it_IT","og_type":"article","og_title":"Virtus Ragusa-Redel, Lagan\u00e0: \"Andiamo per vincere\"","og_description":"Ecco le dichiarazioni del cestista reggino, in vista del Big Match in trasferta a Ragusa di domenica 15 marzo, alle 18:00","og_url":"https:\/\/progettotouring.it\/radiotouring104\/2026\/03\/13\/big-match-virtus-ragusa-redel-lagana-scalpita-andiamo-per-vincere-e-dimostrare-chi-siamo\/","og_site_name":"Radio Touring 104","article_published_time":"2026-03-13T09:16:21+00:00","article_modified_time":"2026-03-13T10:43:38+00:00","og_image":[{"width":2048,"height":1380,"url":"https:\/\/progettotouring.it\/radiotouring104\/wp-content\/uploads\/sites\/6\/2026\/03\/marco-lagana-redel-viola.jpg","type":"image\/jpeg"}],"author":"redazione","twitter_card":"summary_large_image","twitter_misc":{"Scritto da":"redazione","Tempo di lettura stimato":"1 minuto"},"schema":{"@context":"https:\/\/schema.org","@graph":[{"@type":"Article","@id":"https:\/\/progettotouring.it\/radiotouring104\/2026\/03\/13\/big-match-virtus-ragusa-redel-lagana-scalpita-andiamo-per-vincere-e-dimostrare-chi-siamo\/#article","isPartOf":{"@id":"https:\/\/progettotouring.it\/radiotouring104\/2026\/03\/13\/big-match-virtus-ragusa-redel-lagana-scalpita-andiamo-per-vincere-e-dimostrare-chi-siamo\/"},"author":{"name":"redazione","@id":"https:\/\/progettotouring.it\/radiotouring104\/#\/schema\/person\/1b3eb3c07c47136bc44c785c543e635f"},"headline":"Big Match Virtus Ragusa &#8211; Redel, Lagan\u00e0 scalpita: &#8220;Andiamo per vincere e dimostrare chi siamo&#8221;","datePublished":"2026-03-13T09:16:21+00:00","dateModified":"2026-03-13T10:43:38+00:00","mainEntityOfPage":{"@id":"https:\/\/progettotouring.it\/radiotouring104\/2026\/03\/13\/big-match-virtus-ragusa-redel-lagana-scalpita-andiamo-per-vincere-e-dimostrare-chi-siamo\/"},"wordCount":266,"publisher":{"@id":"https:\/\/progettotouring.it\/radiotouring104\/#organization"},"image":{"@id":"https:\/\/progettotouring.it\/radiotouring104\/2026\/03\/13\/big-match-virtus-ragusa-redel-lagana-scalpita-andiamo-per-vincere-e-dimostrare-chi-siamo\/#primaryimage"},"thumbnailUrl":"https:\/\/progettotouring.it\/radiotouring104\/wp-content\/uploads\/sites\/6\/2026\/03\/marco-lagana-redel-viola.jpg","keywords":["andiamo per vincere","big match","dimostrare chi siamo","Marco Lagan\u00e0","Redel Viola","Virtus Ragusa"],"articleSection":["News","Reggio Calabria","Sport"],"inLanguage":"it-IT"},{"@type":"WebPage","@id":"https:\/\/progettotouring.it\/radiotouring104\/2026\/03\/13\/big-match-virtus-ragusa-redel-lagana-scalpita-andiamo-per-vincere-e-dimostrare-chi-siamo\/","url":"https:\/\/progettotouring.it\/radiotouring104\/2026\/03\/13\/big-match-virtus-ragusa-redel-lagana-scalpita-andiamo-per-vincere-e-dimostrare-chi-siamo\/","name":"Virtus Ragusa-Redel, Lagan\u00e0: \"Andiamo per vincere\"","isPartOf":{"@id":"https:\/\/progettotouring.it\/radiotouring104\/#website"},"primaryImageOfPage":{"@id":"https:\/\/progettotouring.it\/radiotouring104\/2026\/03\/13\/big-match-virtus-ragusa-redel-lagana-scalpita-andiamo-per-vincere-e-dimostrare-chi-siamo\/#primaryimage"},"image":{"@id":"https:\/\/progettotouring.it\/radiotouring104\/2026\/03\/13\/big-match-virtus-ragusa-redel-lagana-scalpita-andiamo-per-vincere-e-dimostrare-chi-siamo\/#primaryimage"},"thumbnailUrl":"https:\/\/progettotouring.it\/radiotouring104\/wp-content\/uploads\/sites\/6\/2026\/03\/marco-lagana-redel-viola.jpg","datePublished":"2026-03-13T09:16:21+00:00","dateModified":"2026-03-13T10:43:38+00:00","description":"Ecco le dichiarazioni del cestista reggino, in vista del Big Match in trasferta a Ragusa di domenica 15 marzo, alle 18:00","breadcrumb":{"@id":"https:\/\/progettotouring.it\/radiotouring104\/2026\/03\/13\/big-match-virtus-ragusa-redel-lagana-scalpita-andiamo-per-vincere-e-dimostrare-chi-siamo\/#breadcrumb"},"inLanguage":"it-IT","potentialAction":[{"@type":"ReadAction","target":["https:\/\/progettotouring.it\/radiotouring104\/2026\/03\/13\/big-match-virtus-ragusa-redel-lagana-scalpita-andiamo-per-vincere-e-dimostrare-chi-siamo\/"]}]},{"@type":"ImageObject","inLanguage":"it-IT","@id":"https:\/\/progettotouring.it\/radiotouring104\/2026\/03\/13\/big-match-virtus-ragusa-redel-lagana-scalpita-andiamo-per-vincere-e-dimostrare-chi-siamo\/#primaryimage","url":"https:\/\/progettotouring.it\/radiotouring104\/wp-content\/uploads\/sites\/6\/2026\/03\/marco-lagana-redel-viola.jpg","contentUrl":"https:\/\/progettotouring.it\/radiotouring104\/wp-content\/uploads\/sites\/6\/2026\/03\/marco-lagana-redel-viola.jpg","width":2048,"height":1380},{"@type":"BreadcrumbList","@id":"https:\/\/progettotouring.it\/radiotouring104\/2026\/03\/13\/big-match-virtus-ragusa-redel-lagana-scalpita-andiamo-per-vincere-e-dimostrare-chi-siamo\/#breadcrumb","itemListElement":[{"@type":"ListItem","position":1,"name":"Home","item":"https:\/\/progettotouring.it\/radiotouring104\/"},{"@type":"ListItem","position":2,"name":"Big Match Virtus Ragusa &#8211; Redel, Lagan\u00e0 scalpita: &#8220;Andiamo per vincere e dimostrare chi siamo&#8221;"}]},{"@type":"WebSite","@id":"https:\/\/progettotouring.it\/radiotouring104\/#website","url":"https:\/\/progettotouring.it\/radiotouring104\/","name":"Radio Touring 104","description":"La prima radio Reggina","publisher":{"@id":"https:\/\/progettotouring.it\/radiotouring104\/#organization"},"potentialAction":[{"@type":"SearchAction","target":{"@type":"EntryPoint","urlTemplate":"https:\/\/progettotouring.it\/radiotouring104\/?s={search_term_string}"},"query-input":{"@type":"PropertyValueSpecification","valueRequired":true,"valueName":"search_term_string"}}],"inLanguage":"it-IT"},{"@type":"Organization","@id":"https:\/\/progettotouring.it\/radiotouring104\/#organization","name":"Radio Touring 104","url":"https:\/\/progettotouring.it\/radiotouring104\/","logo":{"@type":"ImageObject","inLanguage":"it-IT","@id":"https:\/\/progettotouring.it\/radiotouring104\/#\/schema\/logo\/image\/","url":"https:\/\/progettotouring.it\/radiotouring104\/wp-content\/uploads\/sites\/6\/2022\/02\/cropped-logo-radio-touring-104.png","contentUrl":"https:\/\/progettotouring.it\/radiotouring104\/wp-content\/uploads\/sites\/6\/2022\/02\/cropped-logo-radio-touring-104.png","width":377,"height":182,"caption":"Radio Touring 104"},"image":{"@id":"https:\/\/progettotouring.it\/radiotouring104\/#\/schema\/logo\/image\/"}},{"@type":"Person","@id":"https:\/\/progettotouring.it\/radiotouring104\/#\/schema\/person\/1b3eb3c07c47136bc44c785c543e635f","name":"redazione","image":{"@type":"ImageObject","inLanguage":"it-IT","@id":"https:\/\/secure.gravatar.com\/avatar\/0b31605b49f100769e8b624b3e05de1b73e1692e9568a352f60f53fd072e6e11?s=96&d=mm&r=g","url":"https:\/\/secure.gravatar.com\/avatar\/0b31605b49f100769e8b624b3e05de1b73e1692e9568a352f60f53fd072e6e11?s=96&d=mm&r=g","contentUrl":"https:\/\/secure.gravatar.com\/avatar\/0b31605b49f100769e8b624b3e05de1b73e1692e9568a352f60f53fd072e6e11?s=96&d=mm&r=g","caption":"redazione"},"url":"https:\/\/progettotouring.it\/radiotouring104\/author\/redazione\/"}]}},"jetpack_publicize_connections":[],"jetpack_featured_media_url":"https:\/\/progettotouring.it\/radiotouring104\/wp-content\/uploads\/sites\/6\/2026\/03\/marco-lagana-redel-viola.jpg","jetpack_sharing_enabled":true,"_links":{"self":[{"href":"https:\/\/progettotouring.it\/radiotouring104\/wp-json\/wp\/v2\/posts\/91930","targetHints":{"allow":["GET"]}}],"collection":[{"href":"https:\/\/progettotouring.it\/radiotouring104\/wp-json\/wp\/v2\/posts"}],"about":[{"href":"https:\/\/progettotouring.it\/radiotouring104\/wp-json\/wp\/v2\/types\/post"}],"author":[{"embeddable":true,"href":"https:\/\/progettotouring.it\/radiotouring104\/wp-json\/wp\/v2\/users\/5"}],"replies":[{"embeddable":true,"href":"https:\/\/progettotouring.it\/radiotouring104\/wp-json\/wp\/v2\/comments?post=91930"}],"version-history":[{"count":1,"href":"https:\/\/progettotouring.it\/radiotouring104\/wp-json\/wp\/v2\/posts\/91930\/revisions"}],"predecessor-version":[{"id":91932,"href":"https:\/\/progettotouring.it\/radiotouring104\/wp-json\/wp\/v2\/posts\/91930\/revisions\/91932"}],"wp:featuredmedia":[{"embeddable":true,"href":"https:\/\/progettotouring.it\/radiotouring104\/wp-json\/wp\/v2\/media\/91931"}],"wp:attachment":[{"href":"https:\/\/progettotouring.it\/radiotouring104\/wp-json\/wp\/v2\/media?parent=91930"}],"wp:term":[{"taxonomy":"category","embeddable":true,"href":"https:\/\/progettotouring.it\/radiotouring104\/wp-json\/wp\/v2\/categories?post=91930"},{"taxonomy":"post_tag","embeddable":true,"href":"https:\/\/progettotouring.it\/radiotouring104\/wp-json\/wp\/v2\/tags?post=91930"}],"curies":[{"name":"wp","href":"https:\/\/api.w.org\/{rel}","templated":true}]}}