{"id":91939,"date":"2026-03-13T10:51:45","date_gmt":"2026-03-13T09:51:45","guid":{"rendered":"https:\/\/progettotouring.it\/radiotouring104\/?p=91939"},"modified":"2026-03-13T11:43:26","modified_gmt":"2026-03-13T10:43:26","slug":"al-via-le-final-four-di-coppa-calabria-per-la-sportspecialist","status":"publish","type":"post","link":"https:\/\/progettotouring.it\/radiotouring104\/2026\/03\/13\/al-via-le-final-four-di-coppa-calabria-per-la-sportspecialist\/","title":{"rendered":"Al via le Final Four di Coppa Calabria per la SportSpecialist"},"content":{"rendered":"<p>Per l\u2019edizione 2026, la manifestazione che assegner\u00e0 i titoli regionali di Coppa nelle categorie Serie C e D (sia maschili che femminili), porta con s\u00e9 una grande novit\u00e0: la denominazione ufficiale \u201cCoppa Calabria powered by Sensation Profumerie\u201d.<\/p>\n<p>A fare da apripista a questo mese e mezzo di grandi emozioni saranno le formazioni di Serie C Femminile, pronte a darsi battaglia in uno scenario d&#8217;eccezione: il PalaCalafiore di Reggio Calabria.<\/p>\n<p>La SportSpecialist, orgogliosa host dell&#8217;evento, \u00e8 lieta di invitare appassionati e stampa a quello che si preannuncia come un weekend di sport e spettacolo, impreziosito dalla cornice della partita di Serie A3 contro l\u2019Aurispa DFV Lecce.<\/p>\n<p>Il sipario si alza sabato 14 marzo con un doppio, emozionante appuntamento: il pomeriggio si aprir\u00e0 alle ore 17:00 con la prima semifinale, un derby tutto reggino tra la Puliservice, squadra appartenente proprio alla societ\u00e0 Sportspecialist, e la New Teosidos Pediatrica. Una sfida che promette scintille e che mette in palio un posto per la finale. A seguire, non prima delle 19:00, scenderanno in campo per la seconda semifinale la Pallavolo Rossano e la L. Sc. Scorte Tecniche Cutro, pronte a giocarsi l&#8217;accesso all&#8217;atto conclusivo in una gara che si preannuncia altrettanto emozionante e ricca di talento.<\/p>\n<p>Il momento clou sar\u00e0 domenica 15 marzo, con una vera e propria \u201cdomenica sottorete\u201d per gli amanti della pallavolo. Il programma prevede un pomeriggio di grande sport che prender\u00e0 il via alle ore 18:00 con il match valevole per l\u2019ultima giornata del campionato regolare di Serie A3 tra la Domotek Reggio Calabria, fresca vincitrice della Coppa Italia Del Monte di categoria, e l&#8217;Aurispa DFV Lecce. La squadra di casa, reduce dal trionfo nazionale, scender\u00e0 in campo di fronte al proprio pubblico per un confronto di cartello contro i salentini, decisivo per conquistare la vetta della classifica in vista dei playoff promozione, offrendo ai tifosi l&#8217;occasione unica per applaudire i propri campioni.<br \/>\nA prendere il testimone della festa, al termine della gara di A3 (intorno alle ore 20:30), saranno le due finaliste della Coppa Calabria di serie C femminile, che si contenderanno il primo trofeo stagionale davanti a un pubblico gi\u00e0 calorosamente riscaldato dalla sfida precedente.<\/p>\n<p>Per chi non potesse essere presente sugli spalti, l&#8217;intera manifestazione godr\u00e0 di un&#8217;ampia copertura mediatica: tutti i match delle Final Four di Coppa Calabria saranno trasmessi in diretta streaming sul canale YouTube della Fipav Calabria, con aggiornamenti costanti sui canali social del Comitato Regionale FIPAV, presieduto da Carmelo Sestito.<\/p>\n<p>&nbsp;<\/p>\n","protected":false},"excerpt":{"rendered":"<p>Per l\u2019edizione 2026, la manifestazione che assegner\u00e0 i titoli regionali di Coppa nelle categorie Serie C e D (sia maschili che femminili), porta con s\u00e9 una grande novit\u00e0: la denominazione&hellip;<\/p>\n","protected":false},"author":5,"featured_media":91940,"comment_status":"closed","ping_status":"open","sticky":false,"template":"","format":"standard","meta":{"_jetpack_memberships_contains_paid_content":false,"footnotes":"","jetpack_publicize_message":"","jetpack_publicize_feature_enabled":true,"jetpack_social_post_already_shared":true,"jetpack_social_options":{"image_generator_settings":{"template":"highway","default_image_id":0,"font":"","enabled":false},"version":2}},"categories":[196,140,144],"tags":[418,51809,12192,48267,51810],"class_list":["post-91939","post","type-post","status-publish","format-standard","has-post-thumbnail","hentry","category-news","category-reggio-calabria","category-sport","tag-derby","tag-final-four-di-coppa-calabria","tag-palacalafiore-reggio-calabria","tag-sportspecialist","tag-super-sfida-di-a3"],"yoast_head":"<!-- This site is optimized with the Yoast SEO plugin v27.2 - https:\/\/yoast.com\/product\/yoast-seo-wordpress\/ -->\n<title>Al via le Final Four di Coppa Calabria per la SportSpecialist<\/title>\n<meta name=\"description\" content=\"La grande manifestazione sportiva si svolger\u00e0 al PalaCalafiore di Reggio Calabria con il derby e la super sfida di A3\" \/>\n<meta name=\"robots\" content=\"index, follow, max-snippet:-1, max-image-preview:large, max-video-preview:-1\" \/>\n<link rel=\"canonical\" href=\"https:\/\/progettotouring.it\/radiotouring104\/2026\/03\/13\/al-via-le-final-four-di-coppa-calabria-per-la-sportspecialist\/\" \/>\n<meta property=\"og:locale\" content=\"it_IT\" \/>\n<meta property=\"og:type\" content=\"article\" \/>\n<meta property=\"og:title\" content=\"Al via le Final Four di Coppa Calabria per la SportSpecialist\" \/>\n<meta property=\"og:description\" content=\"La grande manifestazione sportiva si svolger\u00e0 al PalaCalafiore di Reggio Calabria con il derby e la super sfida di A3\" \/>\n<meta property=\"og:url\" content=\"https:\/\/progettotouring.it\/radiotouring104\/2026\/03\/13\/al-via-le-final-four-di-coppa-calabria-per-la-sportspecialist\/\" \/>\n<meta property=\"og:site_name\" content=\"Radio Touring 104\" \/>\n<meta property=\"article:published_time\" content=\"2026-03-13T09:51:45+00:00\" \/>\n<meta property=\"article:modified_time\" content=\"2026-03-13T10:43:26+00:00\" \/>\n<meta property=\"og:image\" content=\"https:\/\/progettotouring.it\/radiotouring104\/wp-content\/uploads\/sites\/6\/2026\/03\/Sportspecialist.jpg\" \/>\n\t<meta property=\"og:image:width\" content=\"1440\" \/>\n\t<meta property=\"og:image:height\" content=\"942\" \/>\n\t<meta property=\"og:image:type\" content=\"image\/jpeg\" \/>\n<meta name=\"author\" content=\"redazione\" \/>\n<meta name=\"twitter:card\" content=\"summary_large_image\" \/>\n<meta name=\"twitter:label1\" content=\"Scritto da\" \/>\n\t<meta name=\"twitter:data1\" content=\"redazione\" \/>\n\t<meta name=\"twitter:label2\" content=\"Tempo di lettura stimato\" \/>\n\t<meta name=\"twitter:data2\" content=\"2 minuti\" \/>\n<script type=\"application\/ld+json\" class=\"yoast-schema-graph\">{\"@context\":\"https:\/\/schema.org\",\"@graph\":[{\"@type\":\"Article\",\"@id\":\"https:\/\/progettotouring.it\/radiotouring104\/2026\/03\/13\/al-via-le-final-four-di-coppa-calabria-per-la-sportspecialist\/#article\",\"isPartOf\":{\"@id\":\"https:\/\/progettotouring.it\/radiotouring104\/2026\/03\/13\/al-via-le-final-four-di-coppa-calabria-per-la-sportspecialist\/\"},\"author\":{\"name\":\"redazione\",\"@id\":\"https:\/\/progettotouring.it\/radiotouring104\/#\/schema\/person\/1b3eb3c07c47136bc44c785c543e635f\"},\"headline\":\"Al via le Final Four di Coppa Calabria per la SportSpecialist\",\"datePublished\":\"2026-03-13T09:51:45+00:00\",\"dateModified\":\"2026-03-13T10:43:26+00:00\",\"mainEntityOfPage\":{\"@id\":\"https:\/\/progettotouring.it\/radiotouring104\/2026\/03\/13\/al-via-le-final-four-di-coppa-calabria-per-la-sportspecialist\/\"},\"wordCount\":413,\"publisher\":{\"@id\":\"https:\/\/progettotouring.it\/radiotouring104\/#organization\"},\"image\":{\"@id\":\"https:\/\/progettotouring.it\/radiotouring104\/2026\/03\/13\/al-via-le-final-four-di-coppa-calabria-per-la-sportspecialist\/#primaryimage\"},\"thumbnailUrl\":\"https:\/\/progettotouring.it\/radiotouring104\/wp-content\/uploads\/sites\/6\/2026\/03\/Sportspecialist.jpg\",\"keywords\":[\"derby\",\"Final Four di Coppa Calabria\",\"Palacalafiore Reggio Calabria\",\"Sportspecialist\",\"super sfida di A3\"],\"articleSection\":[\"News\",\"Reggio Calabria\",\"Sport\"],\"inLanguage\":\"it-IT\"},{\"@type\":\"WebPage\",\"@id\":\"https:\/\/progettotouring.it\/radiotouring104\/2026\/03\/13\/al-via-le-final-four-di-coppa-calabria-per-la-sportspecialist\/\",\"url\":\"https:\/\/progettotouring.it\/radiotouring104\/2026\/03\/13\/al-via-le-final-four-di-coppa-calabria-per-la-sportspecialist\/\",\"name\":\"Al via le Final Four di Coppa Calabria per la SportSpecialist\",\"isPartOf\":{\"@id\":\"https:\/\/progettotouring.it\/radiotouring104\/#website\"},\"primaryImageOfPage\":{\"@id\":\"https:\/\/progettotouring.it\/radiotouring104\/2026\/03\/13\/al-via-le-final-four-di-coppa-calabria-per-la-sportspecialist\/#primaryimage\"},\"image\":{\"@id\":\"https:\/\/progettotouring.it\/radiotouring104\/2026\/03\/13\/al-via-le-final-four-di-coppa-calabria-per-la-sportspecialist\/#primaryimage\"},\"thumbnailUrl\":\"https:\/\/progettotouring.it\/radiotouring104\/wp-content\/uploads\/sites\/6\/2026\/03\/Sportspecialist.jpg\",\"datePublished\":\"2026-03-13T09:51:45+00:00\",\"dateModified\":\"2026-03-13T10:43:26+00:00\",\"description\":\"La grande manifestazione sportiva si svolger\u00e0 al PalaCalafiore di Reggio Calabria con il derby e la super sfida di A3\",\"breadcrumb\":{\"@id\":\"https:\/\/progettotouring.it\/radiotouring104\/2026\/03\/13\/al-via-le-final-four-di-coppa-calabria-per-la-sportspecialist\/#breadcrumb\"},\"inLanguage\":\"it-IT\",\"potentialAction\":[{\"@type\":\"ReadAction\",\"target\":[\"https:\/\/progettotouring.it\/radiotouring104\/2026\/03\/13\/al-via-le-final-four-di-coppa-calabria-per-la-sportspecialist\/\"]}]},{\"@type\":\"ImageObject\",\"inLanguage\":\"it-IT\",\"@id\":\"https:\/\/progettotouring.it\/radiotouring104\/2026\/03\/13\/al-via-le-final-four-di-coppa-calabria-per-la-sportspecialist\/#primaryimage\",\"url\":\"https:\/\/progettotouring.it\/radiotouring104\/wp-content\/uploads\/sites\/6\/2026\/03\/Sportspecialist.jpg\",\"contentUrl\":\"https:\/\/progettotouring.it\/radiotouring104\/wp-content\/uploads\/sites\/6\/2026\/03\/Sportspecialist.jpg\",\"width\":1440,\"height\":942},{\"@type\":\"BreadcrumbList\",\"@id\":\"https:\/\/progettotouring.it\/radiotouring104\/2026\/03\/13\/al-via-le-final-four-di-coppa-calabria-per-la-sportspecialist\/#breadcrumb\",\"itemListElement\":[{\"@type\":\"ListItem\",\"position\":1,\"name\":\"Home\",\"item\":\"https:\/\/progettotouring.it\/radiotouring104\/\"},{\"@type\":\"ListItem\",\"position\":2,\"name\":\"Al via le Final Four di Coppa Calabria per la SportSpecialist\"}]},{\"@type\":\"WebSite\",\"@id\":\"https:\/\/progettotouring.it\/radiotouring104\/#website\",\"url\":\"https:\/\/progettotouring.it\/radiotouring104\/\",\"name\":\"Radio Touring 104\",\"description\":\"La prima radio Reggina\",\"publisher\":{\"@id\":\"https:\/\/progettotouring.it\/radiotouring104\/#organization\"},\"potentialAction\":[{\"@type\":\"SearchAction\",\"target\":{\"@type\":\"EntryPoint\",\"urlTemplate\":\"https:\/\/progettotouring.it\/radiotouring104\/?s={search_term_string}\"},\"query-input\":{\"@type\":\"PropertyValueSpecification\",\"valueRequired\":true,\"valueName\":\"search_term_string\"}}],\"inLanguage\":\"it-IT\"},{\"@type\":\"Organization\",\"@id\":\"https:\/\/progettotouring.it\/radiotouring104\/#organization\",\"name\":\"Radio Touring 104\",\"url\":\"https:\/\/progettotouring.it\/radiotouring104\/\",\"logo\":{\"@type\":\"ImageObject\",\"inLanguage\":\"it-IT\",\"@id\":\"https:\/\/progettotouring.it\/radiotouring104\/#\/schema\/logo\/image\/\",\"url\":\"https:\/\/progettotouring.it\/radiotouring104\/wp-content\/uploads\/sites\/6\/2022\/02\/cropped-logo-radio-touring-104.png\",\"contentUrl\":\"https:\/\/progettotouring.it\/radiotouring104\/wp-content\/uploads\/sites\/6\/2022\/02\/cropped-logo-radio-touring-104.png\",\"width\":377,\"height\":182,\"caption\":\"Radio Touring 104\"},\"image\":{\"@id\":\"https:\/\/progettotouring.it\/radiotouring104\/#\/schema\/logo\/image\/\"}},{\"@type\":\"Person\",\"@id\":\"https:\/\/progettotouring.it\/radiotouring104\/#\/schema\/person\/1b3eb3c07c47136bc44c785c543e635f\",\"name\":\"redazione\",\"image\":{\"@type\":\"ImageObject\",\"inLanguage\":\"it-IT\",\"@id\":\"https:\/\/secure.gravatar.com\/avatar\/0b31605b49f100769e8b624b3e05de1b73e1692e9568a352f60f53fd072e6e11?s=96&d=mm&r=g\",\"url\":\"https:\/\/secure.gravatar.com\/avatar\/0b31605b49f100769e8b624b3e05de1b73e1692e9568a352f60f53fd072e6e11?s=96&d=mm&r=g\",\"contentUrl\":\"https:\/\/secure.gravatar.com\/avatar\/0b31605b49f100769e8b624b3e05de1b73e1692e9568a352f60f53fd072e6e11?s=96&d=mm&r=g\",\"caption\":\"redazione\"},\"url\":\"https:\/\/progettotouring.it\/radiotouring104\/author\/redazione\/\"}]}<\/script>\n<!-- \/ Yoast SEO plugin. -->","yoast_head_json":{"title":"Al via le Final Four di Coppa Calabria per la SportSpecialist","description":"La grande manifestazione sportiva si svolger\u00e0 al PalaCalafiore di Reggio Calabria con il derby e la super sfida di A3","robots":{"index":"index","follow":"follow","max-snippet":"max-snippet:-1","max-image-preview":"max-image-preview:large","max-video-preview":"max-video-preview:-1"},"canonical":"https:\/\/progettotouring.it\/radiotouring104\/2026\/03\/13\/al-via-le-final-four-di-coppa-calabria-per-la-sportspecialist\/","og_locale":"it_IT","og_type":"article","og_title":"Al via le Final Four di Coppa Calabria per la SportSpecialist","og_description":"La grande manifestazione sportiva si svolger\u00e0 al PalaCalafiore di Reggio Calabria con il derby e la super sfida di A3","og_url":"https:\/\/progettotouring.it\/radiotouring104\/2026\/03\/13\/al-via-le-final-four-di-coppa-calabria-per-la-sportspecialist\/","og_site_name":"Radio Touring 104","article_published_time":"2026-03-13T09:51:45+00:00","article_modified_time":"2026-03-13T10:43:26+00:00","og_image":[{"width":1440,"height":942,"url":"https:\/\/progettotouring.it\/radiotouring104\/wp-content\/uploads\/sites\/6\/2026\/03\/Sportspecialist.jpg","type":"image\/jpeg"}],"author":"redazione","twitter_card":"summary_large_image","twitter_misc":{"Scritto da":"redazione","Tempo di lettura stimato":"2 minuti"},"schema":{"@context":"https:\/\/schema.org","@graph":[{"@type":"Article","@id":"https:\/\/progettotouring.it\/radiotouring104\/2026\/03\/13\/al-via-le-final-four-di-coppa-calabria-per-la-sportspecialist\/#article","isPartOf":{"@id":"https:\/\/progettotouring.it\/radiotouring104\/2026\/03\/13\/al-via-le-final-four-di-coppa-calabria-per-la-sportspecialist\/"},"author":{"name":"redazione","@id":"https:\/\/progettotouring.it\/radiotouring104\/#\/schema\/person\/1b3eb3c07c47136bc44c785c543e635f"},"headline":"Al via le Final Four di Coppa Calabria per la SportSpecialist","datePublished":"2026-03-13T09:51:45+00:00","dateModified":"2026-03-13T10:43:26+00:00","mainEntityOfPage":{"@id":"https:\/\/progettotouring.it\/radiotouring104\/2026\/03\/13\/al-via-le-final-four-di-coppa-calabria-per-la-sportspecialist\/"},"wordCount":413,"publisher":{"@id":"https:\/\/progettotouring.it\/radiotouring104\/#organization"},"image":{"@id":"https:\/\/progettotouring.it\/radiotouring104\/2026\/03\/13\/al-via-le-final-four-di-coppa-calabria-per-la-sportspecialist\/#primaryimage"},"thumbnailUrl":"https:\/\/progettotouring.it\/radiotouring104\/wp-content\/uploads\/sites\/6\/2026\/03\/Sportspecialist.jpg","keywords":["derby","Final Four di Coppa Calabria","Palacalafiore Reggio Calabria","Sportspecialist","super sfida di A3"],"articleSection":["News","Reggio Calabria","Sport"],"inLanguage":"it-IT"},{"@type":"WebPage","@id":"https:\/\/progettotouring.it\/radiotouring104\/2026\/03\/13\/al-via-le-final-four-di-coppa-calabria-per-la-sportspecialist\/","url":"https:\/\/progettotouring.it\/radiotouring104\/2026\/03\/13\/al-via-le-final-four-di-coppa-calabria-per-la-sportspecialist\/","name":"Al via le Final Four di Coppa Calabria per la SportSpecialist","isPartOf":{"@id":"https:\/\/progettotouring.it\/radiotouring104\/#website"},"primaryImageOfPage":{"@id":"https:\/\/progettotouring.it\/radiotouring104\/2026\/03\/13\/al-via-le-final-four-di-coppa-calabria-per-la-sportspecialist\/#primaryimage"},"image":{"@id":"https:\/\/progettotouring.it\/radiotouring104\/2026\/03\/13\/al-via-le-final-four-di-coppa-calabria-per-la-sportspecialist\/#primaryimage"},"thumbnailUrl":"https:\/\/progettotouring.it\/radiotouring104\/wp-content\/uploads\/sites\/6\/2026\/03\/Sportspecialist.jpg","datePublished":"2026-03-13T09:51:45+00:00","dateModified":"2026-03-13T10:43:26+00:00","description":"La grande manifestazione sportiva si svolger\u00e0 al PalaCalafiore di Reggio Calabria con il derby e la super sfida di A3","breadcrumb":{"@id":"https:\/\/progettotouring.it\/radiotouring104\/2026\/03\/13\/al-via-le-final-four-di-coppa-calabria-per-la-sportspecialist\/#breadcrumb"},"inLanguage":"it-IT","potentialAction":[{"@type":"ReadAction","target":["https:\/\/progettotouring.it\/radiotouring104\/2026\/03\/13\/al-via-le-final-four-di-coppa-calabria-per-la-sportspecialist\/"]}]},{"@type":"ImageObject","inLanguage":"it-IT","@id":"https:\/\/progettotouring.it\/radiotouring104\/2026\/03\/13\/al-via-le-final-four-di-coppa-calabria-per-la-sportspecialist\/#primaryimage","url":"https:\/\/progettotouring.it\/radiotouring104\/wp-content\/uploads\/sites\/6\/2026\/03\/Sportspecialist.jpg","contentUrl":"https:\/\/progettotouring.it\/radiotouring104\/wp-content\/uploads\/sites\/6\/2026\/03\/Sportspecialist.jpg","width":1440,"height":942},{"@type":"BreadcrumbList","@id":"https:\/\/progettotouring.it\/radiotouring104\/2026\/03\/13\/al-via-le-final-four-di-coppa-calabria-per-la-sportspecialist\/#breadcrumb","itemListElement":[{"@type":"ListItem","position":1,"name":"Home","item":"https:\/\/progettotouring.it\/radiotouring104\/"},{"@type":"ListItem","position":2,"name":"Al via le Final Four di Coppa Calabria per la SportSpecialist"}]},{"@type":"WebSite","@id":"https:\/\/progettotouring.it\/radiotouring104\/#website","url":"https:\/\/progettotouring.it\/radiotouring104\/","name":"Radio Touring 104","description":"La prima radio Reggina","publisher":{"@id":"https:\/\/progettotouring.it\/radiotouring104\/#organization"},"potentialAction":[{"@type":"SearchAction","target":{"@type":"EntryPoint","urlTemplate":"https:\/\/progettotouring.it\/radiotouring104\/?s={search_term_string}"},"query-input":{"@type":"PropertyValueSpecification","valueRequired":true,"valueName":"search_term_string"}}],"inLanguage":"it-IT"},{"@type":"Organization","@id":"https:\/\/progettotouring.it\/radiotouring104\/#organization","name":"Radio Touring 104","url":"https:\/\/progettotouring.it\/radiotouring104\/","logo":{"@type":"ImageObject","inLanguage":"it-IT","@id":"https:\/\/progettotouring.it\/radiotouring104\/#\/schema\/logo\/image\/","url":"https:\/\/progettotouring.it\/radiotouring104\/wp-content\/uploads\/sites\/6\/2022\/02\/cropped-logo-radio-touring-104.png","contentUrl":"https:\/\/progettotouring.it\/radiotouring104\/wp-content\/uploads\/sites\/6\/2022\/02\/cropped-logo-radio-touring-104.png","width":377,"height":182,"caption":"Radio Touring 104"},"image":{"@id":"https:\/\/progettotouring.it\/radiotouring104\/#\/schema\/logo\/image\/"}},{"@type":"Person","@id":"https:\/\/progettotouring.it\/radiotouring104\/#\/schema\/person\/1b3eb3c07c47136bc44c785c543e635f","name":"redazione","image":{"@type":"ImageObject","inLanguage":"it-IT","@id":"https:\/\/secure.gravatar.com\/avatar\/0b31605b49f100769e8b624b3e05de1b73e1692e9568a352f60f53fd072e6e11?s=96&d=mm&r=g","url":"https:\/\/secure.gravatar.com\/avatar\/0b31605b49f100769e8b624b3e05de1b73e1692e9568a352f60f53fd072e6e11?s=96&d=mm&r=g","contentUrl":"https:\/\/secure.gravatar.com\/avatar\/0b31605b49f100769e8b624b3e05de1b73e1692e9568a352f60f53fd072e6e11?s=96&d=mm&r=g","caption":"redazione"},"url":"https:\/\/progettotouring.it\/radiotouring104\/author\/redazione\/"}]}},"jetpack_publicize_connections":[],"jetpack_featured_media_url":"https:\/\/progettotouring.it\/radiotouring104\/wp-content\/uploads\/sites\/6\/2026\/03\/Sportspecialist.jpg","jetpack_sharing_enabled":true,"_links":{"self":[{"href":"https:\/\/progettotouring.it\/radiotouring104\/wp-json\/wp\/v2\/posts\/91939","targetHints":{"allow":["GET"]}}],"collection":[{"href":"https:\/\/progettotouring.it\/radiotouring104\/wp-json\/wp\/v2\/posts"}],"about":[{"href":"https:\/\/progettotouring.it\/radiotouring104\/wp-json\/wp\/v2\/types\/post"}],"author":[{"embeddable":true,"href":"https:\/\/progettotouring.it\/radiotouring104\/wp-json\/wp\/v2\/users\/5"}],"replies":[{"embeddable":true,"href":"https:\/\/progettotouring.it\/radiotouring104\/wp-json\/wp\/v2\/comments?post=91939"}],"version-history":[{"count":1,"href":"https:\/\/progettotouring.it\/radiotouring104\/wp-json\/wp\/v2\/posts\/91939\/revisions"}],"predecessor-version":[{"id":91941,"href":"https:\/\/progettotouring.it\/radiotouring104\/wp-json\/wp\/v2\/posts\/91939\/revisions\/91941"}],"wp:featuredmedia":[{"embeddable":true,"href":"https:\/\/progettotouring.it\/radiotouring104\/wp-json\/wp\/v2\/media\/91940"}],"wp:attachment":[{"href":"https:\/\/progettotouring.it\/radiotouring104\/wp-json\/wp\/v2\/media?parent=91939"}],"wp:term":[{"taxonomy":"category","embeddable":true,"href":"https:\/\/progettotouring.it\/radiotouring104\/wp-json\/wp\/v2\/categories?post=91939"},{"taxonomy":"post_tag","embeddable":true,"href":"https:\/\/progettotouring.it\/radiotouring104\/wp-json\/wp\/v2\/tags?post=91939"}],"curies":[{"name":"wp","href":"https:\/\/api.w.org\/{rel}","templated":true}]}}