{"id":91948,"date":"2026-03-13T11:31:45","date_gmt":"2026-03-13T10:31:45","guid":{"rendered":"https:\/\/progettotouring.it\/radiotouring104\/?p=91948"},"modified":"2026-03-13T11:43:07","modified_gmt":"2026-03-13T10:43:07","slug":"palmi-arrestato-il-presunto-responsabile-dellincendio-al-sunset-beach-club","status":"publish","type":"post","link":"https:\/\/progettotouring.it\/radiotouring104\/2026\/03\/13\/palmi-arrestato-il-presunto-responsabile-dellincendio-al-sunset-beach-club\/","title":{"rendered":"Palmi: arrestato il presunto responsabile dell&#8217;incendio al &#8220;Sunset Beach Club&#8221;"},"content":{"rendered":"<p>E&#8217; stato arrestato dalle Forza dell&#8217;ordine, dopo indagini serrate, il presunto responsabile dell&#8217;attentato incendiario, dei giorni scorsi, al &#8220;Sunset Beach Club&#8221;, locale andato distrutto dalle fiamme.<\/p>\n<p>Il rogo \u00e8 avvenuto la sera dell&#8217;8 marzo, alle 20:30 circa e, nonostante il celere intervento dei vigili del fuoco che hanno eseguito lo sgombero della clientela nello stabile, il locale ha subito gravi danneggiamenti, che hanno smosso la sensibilit\u00e0 della comunit\u00e0, attivatasi per una partecipata raccolta fondi.<\/p>\n<p>L&#8217;episodio ha causato, per fortuna, solo molta paura tra i presenti, ma non \u00e8 stato registrato nessun ferito.<\/p>\n<p>L&#8217;uomo \u00e8 accusato di causato l&#8217;attentato incendiario nell&#8217;attivit\u00e0 ristoratrice, secondo quanto si apprende dalle prime indagini, sarebbe un soggetto gi\u00e0 noto agli inquirenti e, a quanto sembra, il movente potrebbe essere riconducibile ad un diverbio avuto con i titolari del locale e quindi, per vendetta, avrebbe appiccato il fuoco, poi propagatosi all&#8217;interno della struttura, danneggiando uno dei punti di ritrovo pi\u00f9 gettonati dell&#8217;area.<\/p>\n<p>&nbsp;<\/p>\n","protected":false},"excerpt":{"rendered":"<p>E&#8217; stato arrestato dalle Forza dell&#8217;ordine, dopo indagini serrate, il presunto responsabile dell&#8217;attentato incendiario, dei giorni scorsi, al &#8220;Sunset Beach Club&#8221;, locale andato distrutto dalle fiamme. Il rogo \u00e8 avvenuto&hellip;<\/p>\n","protected":false},"author":12,"featured_media":91725,"comment_status":"closed","ping_status":"open","sticky":false,"template":"","format":"standard","meta":{"_jetpack_memberships_contains_paid_content":false,"footnotes":"","jetpack_publicize_message":"","jetpack_publicize_feature_enabled":true,"jetpack_social_post_already_shared":true,"jetpack_social_options":{"image_generator_settings":{"template":"highway","default_image_id":0,"font":"","enabled":false},"version":2}},"categories":[921,150,196,140],"tags":[42299,51815,2422,51817,464,51816,14650],"class_list":["post-91948","post","type-post","status-publish","format-standard","has-post-thumbnail","hentry","category-home","category-in-primo-piano","category-news","category-reggio-calabria","tag-attentato-incendiario","tag-fermato-un-uomo","tag-forze-dellordine","tag-lite-coi-titolari","tag-palmi","tag-precedenti-di-polizia","tag-sunset-beach-club"],"yoast_head":"<!-- This site is optimized with the Yoast SEO plugin v27.2 - https:\/\/yoast.com\/product\/yoast-seo-wordpress\/ -->\n<title>Arrestato il responsabile dell&#039;incendio al &quot;Sunset Beach Club&quot;<\/title>\n<meta name=\"description\" content=\"Fermato dalle Forze dell&#039;ordine l&#039;uomo che avrebbe appiccato l&#039;incendio, la sera dell&#039;8 marzo. Il movente sarebbe una lite coi titolari\" \/>\n<meta name=\"robots\" content=\"index, follow, max-snippet:-1, max-image-preview:large, max-video-preview:-1\" \/>\n<link rel=\"canonical\" href=\"https:\/\/progettotouring.it\/radiotouring104\/2026\/03\/13\/palmi-arrestato-il-presunto-responsabile-dellincendio-al-sunset-beach-club\/\" \/>\n<meta property=\"og:locale\" content=\"it_IT\" \/>\n<meta property=\"og:type\" content=\"article\" \/>\n<meta property=\"og:title\" content=\"Arrestato il responsabile dell&#039;incendio al &quot;Sunset Beach Club&quot;\" \/>\n<meta property=\"og:description\" content=\"Fermato dalle Forze dell&#039;ordine l&#039;uomo che avrebbe appiccato l&#039;incendio, la sera dell&#039;8 marzo. Il movente sarebbe una lite coi titolari\" \/>\n<meta property=\"og:url\" content=\"https:\/\/progettotouring.it\/radiotouring104\/2026\/03\/13\/palmi-arrestato-il-presunto-responsabile-dellincendio-al-sunset-beach-club\/\" \/>\n<meta property=\"og:site_name\" content=\"Radio Touring 104\" \/>\n<meta property=\"article:published_time\" content=\"2026-03-13T10:31:45+00:00\" \/>\n<meta property=\"article:modified_time\" content=\"2026-03-13T10:43:07+00:00\" \/>\n<meta property=\"og:image\" content=\"https:\/\/progettotouring.it\/radiotouring104\/wp-content\/uploads\/sites\/6\/2026\/03\/Incendiato-Sunset-Beach-Club-Tonnara-di-Palmi.jpeg\" \/>\n\t<meta property=\"og:image:width\" content=\"1016\" \/>\n\t<meta property=\"og:image:height\" content=\"916\" \/>\n\t<meta property=\"og:image:type\" content=\"image\/jpeg\" \/>\n<meta name=\"author\" content=\"Sebastiano Plutino\" \/>\n<meta name=\"twitter:card\" content=\"summary_large_image\" \/>\n<meta name=\"twitter:label1\" content=\"Scritto da\" \/>\n\t<meta name=\"twitter:data1\" content=\"Sebastiano Plutino\" \/>\n\t<meta name=\"twitter:label2\" content=\"Tempo di lettura stimato\" \/>\n\t<meta name=\"twitter:data2\" content=\"1 minuto\" \/>\n<script type=\"application\/ld+json\" class=\"yoast-schema-graph\">{\"@context\":\"https:\/\/schema.org\",\"@graph\":[{\"@type\":\"Article\",\"@id\":\"https:\/\/progettotouring.it\/radiotouring104\/2026\/03\/13\/palmi-arrestato-il-presunto-responsabile-dellincendio-al-sunset-beach-club\/#article\",\"isPartOf\":{\"@id\":\"https:\/\/progettotouring.it\/radiotouring104\/2026\/03\/13\/palmi-arrestato-il-presunto-responsabile-dellincendio-al-sunset-beach-club\/\"},\"author\":{\"name\":\"Sebastiano Plutino\",\"@id\":\"https:\/\/progettotouring.it\/radiotouring104\/#\/schema\/person\/78613917f1851f041f7483f5af1d422e\"},\"headline\":\"Palmi: arrestato il presunto responsabile dell&#8217;incendio al &#8220;Sunset Beach Club&#8221;\",\"datePublished\":\"2026-03-13T10:31:45+00:00\",\"dateModified\":\"2026-03-13T10:43:07+00:00\",\"mainEntityOfPage\":{\"@id\":\"https:\/\/progettotouring.it\/radiotouring104\/2026\/03\/13\/palmi-arrestato-il-presunto-responsabile-dellincendio-al-sunset-beach-club\/\"},\"wordCount\":162,\"publisher\":{\"@id\":\"https:\/\/progettotouring.it\/radiotouring104\/#organization\"},\"image\":{\"@id\":\"https:\/\/progettotouring.it\/radiotouring104\/2026\/03\/13\/palmi-arrestato-il-presunto-responsabile-dellincendio-al-sunset-beach-club\/#primaryimage\"},\"thumbnailUrl\":\"https:\/\/progettotouring.it\/radiotouring104\/wp-content\/uploads\/sites\/6\/2026\/03\/Incendiato-Sunset-Beach-Club-Tonnara-di-Palmi.jpeg\",\"keywords\":[\"attentato incendiario\",\"fermato un uomo\",\"Forze dell'Ordine\",\"lite coi titolari\",\"Palmi\",\"precedenti di polizia\",\"Sunset Beach Club\"],\"articleSection\":[\"Home\",\"In primo piano\",\"News\",\"Reggio Calabria\"],\"inLanguage\":\"it-IT\"},{\"@type\":\"WebPage\",\"@id\":\"https:\/\/progettotouring.it\/radiotouring104\/2026\/03\/13\/palmi-arrestato-il-presunto-responsabile-dellincendio-al-sunset-beach-club\/\",\"url\":\"https:\/\/progettotouring.it\/radiotouring104\/2026\/03\/13\/palmi-arrestato-il-presunto-responsabile-dellincendio-al-sunset-beach-club\/\",\"name\":\"Arrestato il responsabile dell'incendio al \\\"Sunset Beach Club\\\"\",\"isPartOf\":{\"@id\":\"https:\/\/progettotouring.it\/radiotouring104\/#website\"},\"primaryImageOfPage\":{\"@id\":\"https:\/\/progettotouring.it\/radiotouring104\/2026\/03\/13\/palmi-arrestato-il-presunto-responsabile-dellincendio-al-sunset-beach-club\/#primaryimage\"},\"image\":{\"@id\":\"https:\/\/progettotouring.it\/radiotouring104\/2026\/03\/13\/palmi-arrestato-il-presunto-responsabile-dellincendio-al-sunset-beach-club\/#primaryimage\"},\"thumbnailUrl\":\"https:\/\/progettotouring.it\/radiotouring104\/wp-content\/uploads\/sites\/6\/2026\/03\/Incendiato-Sunset-Beach-Club-Tonnara-di-Palmi.jpeg\",\"datePublished\":\"2026-03-13T10:31:45+00:00\",\"dateModified\":\"2026-03-13T10:43:07+00:00\",\"description\":\"Fermato dalle Forze dell'ordine l'uomo che avrebbe appiccato l'incendio, la sera dell'8 marzo. Il movente sarebbe una lite coi titolari\",\"breadcrumb\":{\"@id\":\"https:\/\/progettotouring.it\/radiotouring104\/2026\/03\/13\/palmi-arrestato-il-presunto-responsabile-dellincendio-al-sunset-beach-club\/#breadcrumb\"},\"inLanguage\":\"it-IT\",\"potentialAction\":[{\"@type\":\"ReadAction\",\"target\":[\"https:\/\/progettotouring.it\/radiotouring104\/2026\/03\/13\/palmi-arrestato-il-presunto-responsabile-dellincendio-al-sunset-beach-club\/\"]}]},{\"@type\":\"ImageObject\",\"inLanguage\":\"it-IT\",\"@id\":\"https:\/\/progettotouring.it\/radiotouring104\/2026\/03\/13\/palmi-arrestato-il-presunto-responsabile-dellincendio-al-sunset-beach-club\/#primaryimage\",\"url\":\"https:\/\/progettotouring.it\/radiotouring104\/wp-content\/uploads\/sites\/6\/2026\/03\/Incendiato-Sunset-Beach-Club-Tonnara-di-Palmi.jpeg\",\"contentUrl\":\"https:\/\/progettotouring.it\/radiotouring104\/wp-content\/uploads\/sites\/6\/2026\/03\/Incendiato-Sunset-Beach-Club-Tonnara-di-Palmi.jpeg\",\"width\":1016,\"height\":916},{\"@type\":\"BreadcrumbList\",\"@id\":\"https:\/\/progettotouring.it\/radiotouring104\/2026\/03\/13\/palmi-arrestato-il-presunto-responsabile-dellincendio-al-sunset-beach-club\/#breadcrumb\",\"itemListElement\":[{\"@type\":\"ListItem\",\"position\":1,\"name\":\"Home\",\"item\":\"https:\/\/progettotouring.it\/radiotouring104\/\"},{\"@type\":\"ListItem\",\"position\":2,\"name\":\"Palmi: arrestato il presunto responsabile dell&#8217;incendio al &#8220;Sunset Beach Club&#8221;\"}]},{\"@type\":\"WebSite\",\"@id\":\"https:\/\/progettotouring.it\/radiotouring104\/#website\",\"url\":\"https:\/\/progettotouring.it\/radiotouring104\/\",\"name\":\"Radio Touring 104\",\"description\":\"La prima radio Reggina\",\"publisher\":{\"@id\":\"https:\/\/progettotouring.it\/radiotouring104\/#organization\"},\"potentialAction\":[{\"@type\":\"SearchAction\",\"target\":{\"@type\":\"EntryPoint\",\"urlTemplate\":\"https:\/\/progettotouring.it\/radiotouring104\/?s={search_term_string}\"},\"query-input\":{\"@type\":\"PropertyValueSpecification\",\"valueRequired\":true,\"valueName\":\"search_term_string\"}}],\"inLanguage\":\"it-IT\"},{\"@type\":\"Organization\",\"@id\":\"https:\/\/progettotouring.it\/radiotouring104\/#organization\",\"name\":\"Radio Touring 104\",\"url\":\"https:\/\/progettotouring.it\/radiotouring104\/\",\"logo\":{\"@type\":\"ImageObject\",\"inLanguage\":\"it-IT\",\"@id\":\"https:\/\/progettotouring.it\/radiotouring104\/#\/schema\/logo\/image\/\",\"url\":\"https:\/\/progettotouring.it\/radiotouring104\/wp-content\/uploads\/sites\/6\/2022\/02\/cropped-logo-radio-touring-104.png\",\"contentUrl\":\"https:\/\/progettotouring.it\/radiotouring104\/wp-content\/uploads\/sites\/6\/2022\/02\/cropped-logo-radio-touring-104.png\",\"width\":377,\"height\":182,\"caption\":\"Radio Touring 104\"},\"image\":{\"@id\":\"https:\/\/progettotouring.it\/radiotouring104\/#\/schema\/logo\/image\/\"}},{\"@type\":\"Person\",\"@id\":\"https:\/\/progettotouring.it\/radiotouring104\/#\/schema\/person\/78613917f1851f041f7483f5af1d422e\",\"name\":\"Sebastiano Plutino\",\"image\":{\"@type\":\"ImageObject\",\"inLanguage\":\"it-IT\",\"@id\":\"https:\/\/secure.gravatar.com\/avatar\/0546ffaa9b79224faf9f2a156b67a529ae861d3287c66c1d8ccfdf909bcba78d?s=96&d=mm&r=g\",\"url\":\"https:\/\/secure.gravatar.com\/avatar\/0546ffaa9b79224faf9f2a156b67a529ae861d3287c66c1d8ccfdf909bcba78d?s=96&d=mm&r=g\",\"contentUrl\":\"https:\/\/secure.gravatar.com\/avatar\/0546ffaa9b79224faf9f2a156b67a529ae861d3287c66c1d8ccfdf909bcba78d?s=96&d=mm&r=g\",\"caption\":\"Sebastiano Plutino\"},\"url\":\"https:\/\/progettotouring.it\/radiotouring104\/author\/sebastiano\/\"}]}<\/script>\n<!-- \/ Yoast SEO plugin. -->","yoast_head_json":{"title":"Arrestato il responsabile dell'incendio al \"Sunset Beach Club\"","description":"Fermato dalle Forze dell'ordine l'uomo che avrebbe appiccato l'incendio, la sera dell'8 marzo. Il movente sarebbe una lite coi titolari","robots":{"index":"index","follow":"follow","max-snippet":"max-snippet:-1","max-image-preview":"max-image-preview:large","max-video-preview":"max-video-preview:-1"},"canonical":"https:\/\/progettotouring.it\/radiotouring104\/2026\/03\/13\/palmi-arrestato-il-presunto-responsabile-dellincendio-al-sunset-beach-club\/","og_locale":"it_IT","og_type":"article","og_title":"Arrestato il responsabile dell'incendio al \"Sunset Beach Club\"","og_description":"Fermato dalle Forze dell'ordine l'uomo che avrebbe appiccato l'incendio, la sera dell'8 marzo. Il movente sarebbe una lite coi titolari","og_url":"https:\/\/progettotouring.it\/radiotouring104\/2026\/03\/13\/palmi-arrestato-il-presunto-responsabile-dellincendio-al-sunset-beach-club\/","og_site_name":"Radio Touring 104","article_published_time":"2026-03-13T10:31:45+00:00","article_modified_time":"2026-03-13T10:43:07+00:00","og_image":[{"width":1016,"height":916,"url":"https:\/\/progettotouring.it\/radiotouring104\/wp-content\/uploads\/sites\/6\/2026\/03\/Incendiato-Sunset-Beach-Club-Tonnara-di-Palmi.jpeg","type":"image\/jpeg"}],"author":"Sebastiano Plutino","twitter_card":"summary_large_image","twitter_misc":{"Scritto da":"Sebastiano Plutino","Tempo di lettura stimato":"1 minuto"},"schema":{"@context":"https:\/\/schema.org","@graph":[{"@type":"Article","@id":"https:\/\/progettotouring.it\/radiotouring104\/2026\/03\/13\/palmi-arrestato-il-presunto-responsabile-dellincendio-al-sunset-beach-club\/#article","isPartOf":{"@id":"https:\/\/progettotouring.it\/radiotouring104\/2026\/03\/13\/palmi-arrestato-il-presunto-responsabile-dellincendio-al-sunset-beach-club\/"},"author":{"name":"Sebastiano Plutino","@id":"https:\/\/progettotouring.it\/radiotouring104\/#\/schema\/person\/78613917f1851f041f7483f5af1d422e"},"headline":"Palmi: arrestato il presunto responsabile dell&#8217;incendio al &#8220;Sunset Beach Club&#8221;","datePublished":"2026-03-13T10:31:45+00:00","dateModified":"2026-03-13T10:43:07+00:00","mainEntityOfPage":{"@id":"https:\/\/progettotouring.it\/radiotouring104\/2026\/03\/13\/palmi-arrestato-il-presunto-responsabile-dellincendio-al-sunset-beach-club\/"},"wordCount":162,"publisher":{"@id":"https:\/\/progettotouring.it\/radiotouring104\/#organization"},"image":{"@id":"https:\/\/progettotouring.it\/radiotouring104\/2026\/03\/13\/palmi-arrestato-il-presunto-responsabile-dellincendio-al-sunset-beach-club\/#primaryimage"},"thumbnailUrl":"https:\/\/progettotouring.it\/radiotouring104\/wp-content\/uploads\/sites\/6\/2026\/03\/Incendiato-Sunset-Beach-Club-Tonnara-di-Palmi.jpeg","keywords":["attentato incendiario","fermato un uomo","Forze dell'Ordine","lite coi titolari","Palmi","precedenti di polizia","Sunset Beach Club"],"articleSection":["Home","In primo piano","News","Reggio Calabria"],"inLanguage":"it-IT"},{"@type":"WebPage","@id":"https:\/\/progettotouring.it\/radiotouring104\/2026\/03\/13\/palmi-arrestato-il-presunto-responsabile-dellincendio-al-sunset-beach-club\/","url":"https:\/\/progettotouring.it\/radiotouring104\/2026\/03\/13\/palmi-arrestato-il-presunto-responsabile-dellincendio-al-sunset-beach-club\/","name":"Arrestato il responsabile dell'incendio al \"Sunset Beach Club\"","isPartOf":{"@id":"https:\/\/progettotouring.it\/radiotouring104\/#website"},"primaryImageOfPage":{"@id":"https:\/\/progettotouring.it\/radiotouring104\/2026\/03\/13\/palmi-arrestato-il-presunto-responsabile-dellincendio-al-sunset-beach-club\/#primaryimage"},"image":{"@id":"https:\/\/progettotouring.it\/radiotouring104\/2026\/03\/13\/palmi-arrestato-il-presunto-responsabile-dellincendio-al-sunset-beach-club\/#primaryimage"},"thumbnailUrl":"https:\/\/progettotouring.it\/radiotouring104\/wp-content\/uploads\/sites\/6\/2026\/03\/Incendiato-Sunset-Beach-Club-Tonnara-di-Palmi.jpeg","datePublished":"2026-03-13T10:31:45+00:00","dateModified":"2026-03-13T10:43:07+00:00","description":"Fermato dalle Forze dell'ordine l'uomo che avrebbe appiccato l'incendio, la sera dell'8 marzo. Il movente sarebbe una lite coi titolari","breadcrumb":{"@id":"https:\/\/progettotouring.it\/radiotouring104\/2026\/03\/13\/palmi-arrestato-il-presunto-responsabile-dellincendio-al-sunset-beach-club\/#breadcrumb"},"inLanguage":"it-IT","potentialAction":[{"@type":"ReadAction","target":["https:\/\/progettotouring.it\/radiotouring104\/2026\/03\/13\/palmi-arrestato-il-presunto-responsabile-dellincendio-al-sunset-beach-club\/"]}]},{"@type":"ImageObject","inLanguage":"it-IT","@id":"https:\/\/progettotouring.it\/radiotouring104\/2026\/03\/13\/palmi-arrestato-il-presunto-responsabile-dellincendio-al-sunset-beach-club\/#primaryimage","url":"https:\/\/progettotouring.it\/radiotouring104\/wp-content\/uploads\/sites\/6\/2026\/03\/Incendiato-Sunset-Beach-Club-Tonnara-di-Palmi.jpeg","contentUrl":"https:\/\/progettotouring.it\/radiotouring104\/wp-content\/uploads\/sites\/6\/2026\/03\/Incendiato-Sunset-Beach-Club-Tonnara-di-Palmi.jpeg","width":1016,"height":916},{"@type":"BreadcrumbList","@id":"https:\/\/progettotouring.it\/radiotouring104\/2026\/03\/13\/palmi-arrestato-il-presunto-responsabile-dellincendio-al-sunset-beach-club\/#breadcrumb","itemListElement":[{"@type":"ListItem","position":1,"name":"Home","item":"https:\/\/progettotouring.it\/radiotouring104\/"},{"@type":"ListItem","position":2,"name":"Palmi: arrestato il presunto responsabile dell&#8217;incendio al &#8220;Sunset Beach Club&#8221;"}]},{"@type":"WebSite","@id":"https:\/\/progettotouring.it\/radiotouring104\/#website","url":"https:\/\/progettotouring.it\/radiotouring104\/","name":"Radio Touring 104","description":"La prima radio Reggina","publisher":{"@id":"https:\/\/progettotouring.it\/radiotouring104\/#organization"},"potentialAction":[{"@type":"SearchAction","target":{"@type":"EntryPoint","urlTemplate":"https:\/\/progettotouring.it\/radiotouring104\/?s={search_term_string}"},"query-input":{"@type":"PropertyValueSpecification","valueRequired":true,"valueName":"search_term_string"}}],"inLanguage":"it-IT"},{"@type":"Organization","@id":"https:\/\/progettotouring.it\/radiotouring104\/#organization","name":"Radio Touring 104","url":"https:\/\/progettotouring.it\/radiotouring104\/","logo":{"@type":"ImageObject","inLanguage":"it-IT","@id":"https:\/\/progettotouring.it\/radiotouring104\/#\/schema\/logo\/image\/","url":"https:\/\/progettotouring.it\/radiotouring104\/wp-content\/uploads\/sites\/6\/2022\/02\/cropped-logo-radio-touring-104.png","contentUrl":"https:\/\/progettotouring.it\/radiotouring104\/wp-content\/uploads\/sites\/6\/2022\/02\/cropped-logo-radio-touring-104.png","width":377,"height":182,"caption":"Radio Touring 104"},"image":{"@id":"https:\/\/progettotouring.it\/radiotouring104\/#\/schema\/logo\/image\/"}},{"@type":"Person","@id":"https:\/\/progettotouring.it\/radiotouring104\/#\/schema\/person\/78613917f1851f041f7483f5af1d422e","name":"Sebastiano Plutino","image":{"@type":"ImageObject","inLanguage":"it-IT","@id":"https:\/\/secure.gravatar.com\/avatar\/0546ffaa9b79224faf9f2a156b67a529ae861d3287c66c1d8ccfdf909bcba78d?s=96&d=mm&r=g","url":"https:\/\/secure.gravatar.com\/avatar\/0546ffaa9b79224faf9f2a156b67a529ae861d3287c66c1d8ccfdf909bcba78d?s=96&d=mm&r=g","contentUrl":"https:\/\/secure.gravatar.com\/avatar\/0546ffaa9b79224faf9f2a156b67a529ae861d3287c66c1d8ccfdf909bcba78d?s=96&d=mm&r=g","caption":"Sebastiano Plutino"},"url":"https:\/\/progettotouring.it\/radiotouring104\/author\/sebastiano\/"}]}},"jetpack_publicize_connections":[],"jetpack_featured_media_url":"https:\/\/progettotouring.it\/radiotouring104\/wp-content\/uploads\/sites\/6\/2026\/03\/Incendiato-Sunset-Beach-Club-Tonnara-di-Palmi.jpeg","jetpack_sharing_enabled":true,"_links":{"self":[{"href":"https:\/\/progettotouring.it\/radiotouring104\/wp-json\/wp\/v2\/posts\/91948","targetHints":{"allow":["GET"]}}],"collection":[{"href":"https:\/\/progettotouring.it\/radiotouring104\/wp-json\/wp\/v2\/posts"}],"about":[{"href":"https:\/\/progettotouring.it\/radiotouring104\/wp-json\/wp\/v2\/types\/post"}],"author":[{"embeddable":true,"href":"https:\/\/progettotouring.it\/radiotouring104\/wp-json\/wp\/v2\/users\/12"}],"replies":[{"embeddable":true,"href":"https:\/\/progettotouring.it\/radiotouring104\/wp-json\/wp\/v2\/comments?post=91948"}],"version-history":[{"count":1,"href":"https:\/\/progettotouring.it\/radiotouring104\/wp-json\/wp\/v2\/posts\/91948\/revisions"}],"predecessor-version":[{"id":91949,"href":"https:\/\/progettotouring.it\/radiotouring104\/wp-json\/wp\/v2\/posts\/91948\/revisions\/91949"}],"wp:featuredmedia":[{"embeddable":true,"href":"https:\/\/progettotouring.it\/radiotouring104\/wp-json\/wp\/v2\/media\/91725"}],"wp:attachment":[{"href":"https:\/\/progettotouring.it\/radiotouring104\/wp-json\/wp\/v2\/media?parent=91948"}],"wp:term":[{"taxonomy":"category","embeddable":true,"href":"https:\/\/progettotouring.it\/radiotouring104\/wp-json\/wp\/v2\/categories?post=91948"},{"taxonomy":"post_tag","embeddable":true,"href":"https:\/\/progettotouring.it\/radiotouring104\/wp-json\/wp\/v2\/tags?post=91948"}],"curies":[{"name":"wp","href":"https:\/\/api.w.org\/{rel}","templated":true}]}}