{"id":91950,"date":"2026-03-13T11:38:43","date_gmt":"2026-03-13T10:38:43","guid":{"rendered":"https:\/\/progettotouring.it\/radiotouring104\/?p=91950"},"modified":"2026-03-13T11:42:40","modified_gmt":"2026-03-13T10:42:40","slug":"raccolta-differenziata-a-taurianova-al-via-il-ciclo-di-giornate-ecologiche-dopo-il-potenziamento-del-servizio","status":"publish","type":"post","link":"https:\/\/progettotouring.it\/radiotouring104\/2026\/03\/13\/raccolta-differenziata-a-taurianova-al-via-il-ciclo-di-giornate-ecologiche-dopo-il-potenziamento-del-servizio\/","title":{"rendered":"Raccolta differenziata a Taurianova: al via il ciclo di Giornate ecologiche dopo il potenziamento del servizio"},"content":{"rendered":"<p>Incrementare ancora di pi\u00f9 il gi\u00e0 considerevole balzo in avanti fatto dalla raccolta differenziata in questi anni, approfittando della quotidiana consegna dei rifiuti <strong>nell\u2019isola ecologica anche per dare nuove informazioni ai cittadini<\/strong>. Sono questi gli obiettivi e i modi scelti dall\u2019Amministrazione Comunale guidata dal sindaco <strong>Roy Biasi<\/strong> per incentivare la partecipazione al <strong>ciclo di 3 \u201cgiornate ecologiche\u201d<\/strong> pianificate \u2013 assieme agli operatori della Muraca Srl \u2013 nel mese di marzo.<\/p>\n<p>Il primo appuntamento con le sempre utili delucidazioni per perfezionare il porta a porta e l\u2019accesso alla struttura di localit\u00e0 Storta \u00e8 stato mercoled\u00ec 11 marzo 2026, e questo tipo originale di sensibilizzazione &#8211; <strong>in una formula inedita dopo il recente cambio nella gestione del servizio<\/strong> &#8211; si ripeter\u00e0 per altri due mercoled\u00ec del mese che coincide con l\u2019inizio della primavera, il 18 e il 25 prossimi.<\/p>\n<p>Nella prima Giornata i tecnici coordinati dal responsabile dell\u2019Isola, <strong>Giuseppe Sicari,<\/strong> nel guidare i cittadini al posizionamento negli appositi scarrabili e bidoni dei materiali \u2013 ribadendo ogni utile accorgimento per mantenere pulita e priva di cattivi odori l\u2019area &#8211; <strong>li hanno informati anche delle recenti novit\u00e0 che riguardano il raddoppio del ritiro degli ingombranti e dei pannolini presso le abitazioni<\/strong>, oggi reso possibile nel primo caso anche il venerd\u00ec e nel secondo caso il sabato, ma solo su richiesta formalizzata attraverso una prenotazione telefonica.<\/p>\n<p>Questo che \u00e8 solo uno degli ampliamenti del servizio ottenuti in queste ultime settimane, e comunicato ai cittadini accolti presso il gazebo allestito nell\u2019occasione, ha <strong>indotto il vice sindaco con delega all\u2019Ambiente, Antonino Caridi, a invitare\u00a0 gli utenti &#8211; che hanno potuto accedere all\u2019Isola anche a bordo delle proprie vetture, nel caso di carichi pesanti di cui disfars<\/strong>i &#8211; a tenersi come sempre aggiornati sul calendario delle consegne tramite il sito internet del Comune e l\u2019App Municipium.<\/p>\n<p>\u00abIn questi anni \u2013 <strong>dichiara il sindaco Biasi<\/strong> \u2013 abbiamo agito per guidare senza contraccolpi la transizione verso il nuovo gestore e per migliorare il servizio, ed evidentemente siamo riusciti in entrambi gli sforzi visti gli eccellenti numeri raggiunti nella raccolta differenziata, che ci fanno ben sperare in un prossimo superamento di quota 65 %. Si tratta per\u00f2 di risultati il cui merito si deve soprattutto ai cittadini, al loro senso di responsabilit\u00e0 che dimostrano sia nel quotidiano impegno che li anima quando devono selezionare i materiali, sia nel pieno e corretto utilizzo di un\u2019sola ecologica che \u00e8 un fiore all\u2019occhiello con pochi eguali in tutta la Citt\u00e0 Metropolitana. Non vogliamo fermarci a questo per\u00f2 <strong>\u2013 conclude il sindaco Biasi \u2013 <\/strong>dimostrando che sul tema dell\u2019ambiente non solo non abbiamo interrotto la rivoluzione culturale in cui i taurianovesi credono da anni, ma l\u2019abbiamo saputa rilanciare attraverso nuove sfide, come quella per l\u2019ottenuta dotazione di nuove apparecchiature smart posizionate in citt\u00e0, oppure per il dialogo continuo che abbiamo con i commercianti per creare specie in estate un servizio pi\u00f9 flessibile possibile secondo le loro esigenze\u00bb.<\/p>\n<p>L\u2019ulteriore attenzione per il corretto conferimento giornaliero dei materiali, che l\u2019Amministrazione Comunale sta dimostrando anche attraverso campagne di sensibilizzazione nelle scuole e la recente convenzione stipulata con il consorzio Corepla, \u00e8 volta pure alla prevenzione del deprecabile fenomeno dell\u2019abbandono indiscriminato dei rifiuti, spesso ai bordi delle arterie extraurbane.<\/p>\n<p>\u00abProssimamente \u2013 <strong>conclude il vice sindaco Caridi<\/strong> \u2013 attiveremo i nuovi mangia plastica stradali intelligenti, andando verso formule che faranno coniugare il risparmio in bolletta e la salvaguardia dell\u2019ambiente, migliorando la qualit\u00e0 e la specializzazione di un lavoro quotidiano e capillare che gli uffici comunali e il personale della nuova ditta svolgono con una dedizione che i cittadini riconoscono e apprezzano senza ombra di dubbio e senza che nessuno possa smentirlo\u00bb.<\/p>\n","protected":false},"excerpt":{"rendered":"<p>Incrementare ancora di pi\u00f9 il gi\u00e0 considerevole balzo in avanti fatto dalla raccolta differenziata in questi anni, approfittando della quotidiana consegna dei rifiuti nell\u2019isola ecologica anche per dare nuove informazioni&hellip;<\/p>\n","protected":false},"author":5,"featured_media":91951,"comment_status":"closed","ping_status":"open","sticky":false,"template":"","format":"standard","meta":{"_jetpack_memberships_contains_paid_content":false,"footnotes":"","jetpack_publicize_message":"","jetpack_publicize_feature_enabled":true,"jetpack_social_post_already_shared":true,"jetpack_social_options":{"image_generator_settings":{"template":"highway","default_image_id":0,"font":"","enabled":false},"version":2}},"categories":[921,196,140],"tags":[51818,3232,51819,1450,24043,515],"class_list":["post-91950","post","type-post","status-publish","format-standard","has-post-thumbnail","hentry","category-home","category-news","category-reggio-calabria","tag-al-via-il-ciclo-di-giornate-ecologiche","tag-antonino-caridi","tag-giuseppe-sicari","tag-raccolta-differenziata","tag-roy-biasi","tag-taurianova"],"yoast_head":"<!-- This site is optimized with the Yoast SEO plugin v27.2 - https:\/\/yoast.com\/product\/yoast-seo-wordpress\/ -->\n<title>Raccolta differenziata a Taurianova: al via il ciclo di Giornate ecologiche dopo il potenziamento del servizio - Radio Touring 104<\/title>\n<meta name=\"description\" content=\"&quot;La nostra Isola sempre pi\u00f9 modello virtuoso, grazie alle informazioni che forniremo ai cittadini.&quot;, ha dichiarato il Sindaco, Biasi\" \/>\n<meta name=\"robots\" content=\"index, follow, max-snippet:-1, max-image-preview:large, max-video-preview:-1\" \/>\n<link rel=\"canonical\" href=\"https:\/\/progettotouring.it\/radiotouring104\/2026\/03\/13\/raccolta-differenziata-a-taurianova-al-via-il-ciclo-di-giornate-ecologiche-dopo-il-potenziamento-del-servizio\/\" \/>\n<meta property=\"og:locale\" content=\"it_IT\" \/>\n<meta property=\"og:type\" content=\"article\" \/>\n<meta property=\"og:title\" content=\"Raccolta differenziata a Taurianova: al via il ciclo di Giornate ecologiche dopo il potenziamento del servizio - Radio Touring 104\" \/>\n<meta property=\"og:description\" content=\"&quot;La nostra Isola sempre pi\u00f9 modello virtuoso, grazie alle informazioni che forniremo ai cittadini.&quot;, ha dichiarato il Sindaco, Biasi\" \/>\n<meta property=\"og:url\" content=\"https:\/\/progettotouring.it\/radiotouring104\/2026\/03\/13\/raccolta-differenziata-a-taurianova-al-via-il-ciclo-di-giornate-ecologiche-dopo-il-potenziamento-del-servizio\/\" \/>\n<meta property=\"og:site_name\" content=\"Radio Touring 104\" \/>\n<meta property=\"article:published_time\" content=\"2026-03-13T10:38:43+00:00\" \/>\n<meta property=\"article:modified_time\" content=\"2026-03-13T10:42:40+00:00\" \/>\n<meta property=\"og:image\" content=\"https:\/\/progettotouring.it\/radiotouring104\/wp-content\/uploads\/sites\/6\/2026\/03\/Raccolta-Differenziata-giornata-ecologica-Taurianova.gif\" \/>\n\t<meta property=\"og:image:width\" content=\"560\" \/>\n\t<meta property=\"og:image:height\" content=\"417\" \/>\n\t<meta property=\"og:image:type\" content=\"image\/gif\" \/>\n<meta name=\"author\" content=\"redazione\" \/>\n<meta name=\"twitter:card\" content=\"summary_large_image\" \/>\n<meta name=\"twitter:label1\" content=\"Scritto da\" \/>\n\t<meta name=\"twitter:data1\" content=\"redazione\" \/>\n\t<meta name=\"twitter:label2\" content=\"Tempo di lettura stimato\" \/>\n\t<meta name=\"twitter:data2\" content=\"3 minuti\" \/>\n<script type=\"application\/ld+json\" class=\"yoast-schema-graph\">{\"@context\":\"https:\/\/schema.org\",\"@graph\":[{\"@type\":\"Article\",\"@id\":\"https:\/\/progettotouring.it\/radiotouring104\/2026\/03\/13\/raccolta-differenziata-a-taurianova-al-via-il-ciclo-di-giornate-ecologiche-dopo-il-potenziamento-del-servizio\/#article\",\"isPartOf\":{\"@id\":\"https:\/\/progettotouring.it\/radiotouring104\/2026\/03\/13\/raccolta-differenziata-a-taurianova-al-via-il-ciclo-di-giornate-ecologiche-dopo-il-potenziamento-del-servizio\/\"},\"author\":{\"name\":\"redazione\",\"@id\":\"https:\/\/progettotouring.it\/radiotouring104\/#\/schema\/person\/1b3eb3c07c47136bc44c785c543e635f\"},\"headline\":\"Raccolta differenziata a Taurianova: al via il ciclo di Giornate ecologiche dopo il potenziamento del servizio\",\"datePublished\":\"2026-03-13T10:38:43+00:00\",\"dateModified\":\"2026-03-13T10:42:40+00:00\",\"mainEntityOfPage\":{\"@id\":\"https:\/\/progettotouring.it\/radiotouring104\/2026\/03\/13\/raccolta-differenziata-a-taurianova-al-via-il-ciclo-di-giornate-ecologiche-dopo-il-potenziamento-del-servizio\/\"},\"wordCount\":616,\"publisher\":{\"@id\":\"https:\/\/progettotouring.it\/radiotouring104\/#organization\"},\"image\":{\"@id\":\"https:\/\/progettotouring.it\/radiotouring104\/2026\/03\/13\/raccolta-differenziata-a-taurianova-al-via-il-ciclo-di-giornate-ecologiche-dopo-il-potenziamento-del-servizio\/#primaryimage\"},\"thumbnailUrl\":\"https:\/\/progettotouring.it\/radiotouring104\/wp-content\/uploads\/sites\/6\/2026\/03\/Raccolta-Differenziata-giornata-ecologica-Taurianova.gif\",\"keywords\":[\"al via il ciclo di Giornate ecologiche\",\"Antonino Caridi\",\"Giuseppe Sicari\",\"raccolta differenziata\",\"Roy Biasi\",\"Taurianova\"],\"articleSection\":[\"Home\",\"News\",\"Reggio Calabria\"],\"inLanguage\":\"it-IT\"},{\"@type\":\"WebPage\",\"@id\":\"https:\/\/progettotouring.it\/radiotouring104\/2026\/03\/13\/raccolta-differenziata-a-taurianova-al-via-il-ciclo-di-giornate-ecologiche-dopo-il-potenziamento-del-servizio\/\",\"url\":\"https:\/\/progettotouring.it\/radiotouring104\/2026\/03\/13\/raccolta-differenziata-a-taurianova-al-via-il-ciclo-di-giornate-ecologiche-dopo-il-potenziamento-del-servizio\/\",\"name\":\"Raccolta differenziata a Taurianova: al via il ciclo di Giornate ecologiche dopo il potenziamento del servizio - Radio Touring 104\",\"isPartOf\":{\"@id\":\"https:\/\/progettotouring.it\/radiotouring104\/#website\"},\"primaryImageOfPage\":{\"@id\":\"https:\/\/progettotouring.it\/radiotouring104\/2026\/03\/13\/raccolta-differenziata-a-taurianova-al-via-il-ciclo-di-giornate-ecologiche-dopo-il-potenziamento-del-servizio\/#primaryimage\"},\"image\":{\"@id\":\"https:\/\/progettotouring.it\/radiotouring104\/2026\/03\/13\/raccolta-differenziata-a-taurianova-al-via-il-ciclo-di-giornate-ecologiche-dopo-il-potenziamento-del-servizio\/#primaryimage\"},\"thumbnailUrl\":\"https:\/\/progettotouring.it\/radiotouring104\/wp-content\/uploads\/sites\/6\/2026\/03\/Raccolta-Differenziata-giornata-ecologica-Taurianova.gif\",\"datePublished\":\"2026-03-13T10:38:43+00:00\",\"dateModified\":\"2026-03-13T10:42:40+00:00\",\"description\":\"\\\"La nostra Isola sempre pi\u00f9 modello virtuoso, grazie alle informazioni che forniremo ai cittadini.\\\", ha dichiarato il Sindaco, Biasi\",\"breadcrumb\":{\"@id\":\"https:\/\/progettotouring.it\/radiotouring104\/2026\/03\/13\/raccolta-differenziata-a-taurianova-al-via-il-ciclo-di-giornate-ecologiche-dopo-il-potenziamento-del-servizio\/#breadcrumb\"},\"inLanguage\":\"it-IT\",\"potentialAction\":[{\"@type\":\"ReadAction\",\"target\":[\"https:\/\/progettotouring.it\/radiotouring104\/2026\/03\/13\/raccolta-differenziata-a-taurianova-al-via-il-ciclo-di-giornate-ecologiche-dopo-il-potenziamento-del-servizio\/\"]}]},{\"@type\":\"ImageObject\",\"inLanguage\":\"it-IT\",\"@id\":\"https:\/\/progettotouring.it\/radiotouring104\/2026\/03\/13\/raccolta-differenziata-a-taurianova-al-via-il-ciclo-di-giornate-ecologiche-dopo-il-potenziamento-del-servizio\/#primaryimage\",\"url\":\"https:\/\/progettotouring.it\/radiotouring104\/wp-content\/uploads\/sites\/6\/2026\/03\/Raccolta-Differenziata-giornata-ecologica-Taurianova.gif\",\"contentUrl\":\"https:\/\/progettotouring.it\/radiotouring104\/wp-content\/uploads\/sites\/6\/2026\/03\/Raccolta-Differenziata-giornata-ecologica-Taurianova.gif\",\"width\":560,\"height\":417},{\"@type\":\"BreadcrumbList\",\"@id\":\"https:\/\/progettotouring.it\/radiotouring104\/2026\/03\/13\/raccolta-differenziata-a-taurianova-al-via-il-ciclo-di-giornate-ecologiche-dopo-il-potenziamento-del-servizio\/#breadcrumb\",\"itemListElement\":[{\"@type\":\"ListItem\",\"position\":1,\"name\":\"Home\",\"item\":\"https:\/\/progettotouring.it\/radiotouring104\/\"},{\"@type\":\"ListItem\",\"position\":2,\"name\":\"Raccolta differenziata a Taurianova: al via il ciclo di Giornate ecologiche dopo il potenziamento del servizio\"}]},{\"@type\":\"WebSite\",\"@id\":\"https:\/\/progettotouring.it\/radiotouring104\/#website\",\"url\":\"https:\/\/progettotouring.it\/radiotouring104\/\",\"name\":\"Radio Touring 104\",\"description\":\"La prima radio Reggina\",\"publisher\":{\"@id\":\"https:\/\/progettotouring.it\/radiotouring104\/#organization\"},\"potentialAction\":[{\"@type\":\"SearchAction\",\"target\":{\"@type\":\"EntryPoint\",\"urlTemplate\":\"https:\/\/progettotouring.it\/radiotouring104\/?s={search_term_string}\"},\"query-input\":{\"@type\":\"PropertyValueSpecification\",\"valueRequired\":true,\"valueName\":\"search_term_string\"}}],\"inLanguage\":\"it-IT\"},{\"@type\":\"Organization\",\"@id\":\"https:\/\/progettotouring.it\/radiotouring104\/#organization\",\"name\":\"Radio Touring 104\",\"url\":\"https:\/\/progettotouring.it\/radiotouring104\/\",\"logo\":{\"@type\":\"ImageObject\",\"inLanguage\":\"it-IT\",\"@id\":\"https:\/\/progettotouring.it\/radiotouring104\/#\/schema\/logo\/image\/\",\"url\":\"https:\/\/progettotouring.it\/radiotouring104\/wp-content\/uploads\/sites\/6\/2022\/02\/cropped-logo-radio-touring-104.png\",\"contentUrl\":\"https:\/\/progettotouring.it\/radiotouring104\/wp-content\/uploads\/sites\/6\/2022\/02\/cropped-logo-radio-touring-104.png\",\"width\":377,\"height\":182,\"caption\":\"Radio Touring 104\"},\"image\":{\"@id\":\"https:\/\/progettotouring.it\/radiotouring104\/#\/schema\/logo\/image\/\"}},{\"@type\":\"Person\",\"@id\":\"https:\/\/progettotouring.it\/radiotouring104\/#\/schema\/person\/1b3eb3c07c47136bc44c785c543e635f\",\"name\":\"redazione\",\"image\":{\"@type\":\"ImageObject\",\"inLanguage\":\"it-IT\",\"@id\":\"https:\/\/secure.gravatar.com\/avatar\/0b31605b49f100769e8b624b3e05de1b73e1692e9568a352f60f53fd072e6e11?s=96&d=mm&r=g\",\"url\":\"https:\/\/secure.gravatar.com\/avatar\/0b31605b49f100769e8b624b3e05de1b73e1692e9568a352f60f53fd072e6e11?s=96&d=mm&r=g\",\"contentUrl\":\"https:\/\/secure.gravatar.com\/avatar\/0b31605b49f100769e8b624b3e05de1b73e1692e9568a352f60f53fd072e6e11?s=96&d=mm&r=g\",\"caption\":\"redazione\"},\"url\":\"https:\/\/progettotouring.it\/radiotouring104\/author\/redazione\/\"}]}<\/script>\n<!-- \/ Yoast SEO plugin. -->","yoast_head_json":{"title":"Raccolta differenziata a Taurianova: al via il ciclo di Giornate ecologiche dopo il potenziamento del servizio - Radio Touring 104","description":"\"La nostra Isola sempre pi\u00f9 modello virtuoso, grazie alle informazioni che forniremo ai cittadini.\", ha dichiarato il Sindaco, Biasi","robots":{"index":"index","follow":"follow","max-snippet":"max-snippet:-1","max-image-preview":"max-image-preview:large","max-video-preview":"max-video-preview:-1"},"canonical":"https:\/\/progettotouring.it\/radiotouring104\/2026\/03\/13\/raccolta-differenziata-a-taurianova-al-via-il-ciclo-di-giornate-ecologiche-dopo-il-potenziamento-del-servizio\/","og_locale":"it_IT","og_type":"article","og_title":"Raccolta differenziata a Taurianova: al via il ciclo di Giornate ecologiche dopo il potenziamento del servizio - Radio Touring 104","og_description":"\"La nostra Isola sempre pi\u00f9 modello virtuoso, grazie alle informazioni che forniremo ai cittadini.\", ha dichiarato il Sindaco, Biasi","og_url":"https:\/\/progettotouring.it\/radiotouring104\/2026\/03\/13\/raccolta-differenziata-a-taurianova-al-via-il-ciclo-di-giornate-ecologiche-dopo-il-potenziamento-del-servizio\/","og_site_name":"Radio Touring 104","article_published_time":"2026-03-13T10:38:43+00:00","article_modified_time":"2026-03-13T10:42:40+00:00","og_image":[{"width":560,"height":417,"url":"https:\/\/progettotouring.it\/radiotouring104\/wp-content\/uploads\/sites\/6\/2026\/03\/Raccolta-Differenziata-giornata-ecologica-Taurianova.gif","type":"image\/gif"}],"author":"redazione","twitter_card":"summary_large_image","twitter_misc":{"Scritto da":"redazione","Tempo di lettura stimato":"3 minuti"},"schema":{"@context":"https:\/\/schema.org","@graph":[{"@type":"Article","@id":"https:\/\/progettotouring.it\/radiotouring104\/2026\/03\/13\/raccolta-differenziata-a-taurianova-al-via-il-ciclo-di-giornate-ecologiche-dopo-il-potenziamento-del-servizio\/#article","isPartOf":{"@id":"https:\/\/progettotouring.it\/radiotouring104\/2026\/03\/13\/raccolta-differenziata-a-taurianova-al-via-il-ciclo-di-giornate-ecologiche-dopo-il-potenziamento-del-servizio\/"},"author":{"name":"redazione","@id":"https:\/\/progettotouring.it\/radiotouring104\/#\/schema\/person\/1b3eb3c07c47136bc44c785c543e635f"},"headline":"Raccolta differenziata a Taurianova: al via il ciclo di Giornate ecologiche dopo il potenziamento del servizio","datePublished":"2026-03-13T10:38:43+00:00","dateModified":"2026-03-13T10:42:40+00:00","mainEntityOfPage":{"@id":"https:\/\/progettotouring.it\/radiotouring104\/2026\/03\/13\/raccolta-differenziata-a-taurianova-al-via-il-ciclo-di-giornate-ecologiche-dopo-il-potenziamento-del-servizio\/"},"wordCount":616,"publisher":{"@id":"https:\/\/progettotouring.it\/radiotouring104\/#organization"},"image":{"@id":"https:\/\/progettotouring.it\/radiotouring104\/2026\/03\/13\/raccolta-differenziata-a-taurianova-al-via-il-ciclo-di-giornate-ecologiche-dopo-il-potenziamento-del-servizio\/#primaryimage"},"thumbnailUrl":"https:\/\/progettotouring.it\/radiotouring104\/wp-content\/uploads\/sites\/6\/2026\/03\/Raccolta-Differenziata-giornata-ecologica-Taurianova.gif","keywords":["al via il ciclo di Giornate ecologiche","Antonino Caridi","Giuseppe Sicari","raccolta differenziata","Roy Biasi","Taurianova"],"articleSection":["Home","News","Reggio Calabria"],"inLanguage":"it-IT"},{"@type":"WebPage","@id":"https:\/\/progettotouring.it\/radiotouring104\/2026\/03\/13\/raccolta-differenziata-a-taurianova-al-via-il-ciclo-di-giornate-ecologiche-dopo-il-potenziamento-del-servizio\/","url":"https:\/\/progettotouring.it\/radiotouring104\/2026\/03\/13\/raccolta-differenziata-a-taurianova-al-via-il-ciclo-di-giornate-ecologiche-dopo-il-potenziamento-del-servizio\/","name":"Raccolta differenziata a Taurianova: al via il ciclo di Giornate ecologiche dopo il potenziamento del servizio - Radio Touring 104","isPartOf":{"@id":"https:\/\/progettotouring.it\/radiotouring104\/#website"},"primaryImageOfPage":{"@id":"https:\/\/progettotouring.it\/radiotouring104\/2026\/03\/13\/raccolta-differenziata-a-taurianova-al-via-il-ciclo-di-giornate-ecologiche-dopo-il-potenziamento-del-servizio\/#primaryimage"},"image":{"@id":"https:\/\/progettotouring.it\/radiotouring104\/2026\/03\/13\/raccolta-differenziata-a-taurianova-al-via-il-ciclo-di-giornate-ecologiche-dopo-il-potenziamento-del-servizio\/#primaryimage"},"thumbnailUrl":"https:\/\/progettotouring.it\/radiotouring104\/wp-content\/uploads\/sites\/6\/2026\/03\/Raccolta-Differenziata-giornata-ecologica-Taurianova.gif","datePublished":"2026-03-13T10:38:43+00:00","dateModified":"2026-03-13T10:42:40+00:00","description":"\"La nostra Isola sempre pi\u00f9 modello virtuoso, grazie alle informazioni che forniremo ai cittadini.\", ha dichiarato il Sindaco, Biasi","breadcrumb":{"@id":"https:\/\/progettotouring.it\/radiotouring104\/2026\/03\/13\/raccolta-differenziata-a-taurianova-al-via-il-ciclo-di-giornate-ecologiche-dopo-il-potenziamento-del-servizio\/#breadcrumb"},"inLanguage":"it-IT","potentialAction":[{"@type":"ReadAction","target":["https:\/\/progettotouring.it\/radiotouring104\/2026\/03\/13\/raccolta-differenziata-a-taurianova-al-via-il-ciclo-di-giornate-ecologiche-dopo-il-potenziamento-del-servizio\/"]}]},{"@type":"ImageObject","inLanguage":"it-IT","@id":"https:\/\/progettotouring.it\/radiotouring104\/2026\/03\/13\/raccolta-differenziata-a-taurianova-al-via-il-ciclo-di-giornate-ecologiche-dopo-il-potenziamento-del-servizio\/#primaryimage","url":"https:\/\/progettotouring.it\/radiotouring104\/wp-content\/uploads\/sites\/6\/2026\/03\/Raccolta-Differenziata-giornata-ecologica-Taurianova.gif","contentUrl":"https:\/\/progettotouring.it\/radiotouring104\/wp-content\/uploads\/sites\/6\/2026\/03\/Raccolta-Differenziata-giornata-ecologica-Taurianova.gif","width":560,"height":417},{"@type":"BreadcrumbList","@id":"https:\/\/progettotouring.it\/radiotouring104\/2026\/03\/13\/raccolta-differenziata-a-taurianova-al-via-il-ciclo-di-giornate-ecologiche-dopo-il-potenziamento-del-servizio\/#breadcrumb","itemListElement":[{"@type":"ListItem","position":1,"name":"Home","item":"https:\/\/progettotouring.it\/radiotouring104\/"},{"@type":"ListItem","position":2,"name":"Raccolta differenziata a Taurianova: al via il ciclo di Giornate ecologiche dopo il potenziamento del servizio"}]},{"@type":"WebSite","@id":"https:\/\/progettotouring.it\/radiotouring104\/#website","url":"https:\/\/progettotouring.it\/radiotouring104\/","name":"Radio Touring 104","description":"La prima radio Reggina","publisher":{"@id":"https:\/\/progettotouring.it\/radiotouring104\/#organization"},"potentialAction":[{"@type":"SearchAction","target":{"@type":"EntryPoint","urlTemplate":"https:\/\/progettotouring.it\/radiotouring104\/?s={search_term_string}"},"query-input":{"@type":"PropertyValueSpecification","valueRequired":true,"valueName":"search_term_string"}}],"inLanguage":"it-IT"},{"@type":"Organization","@id":"https:\/\/progettotouring.it\/radiotouring104\/#organization","name":"Radio Touring 104","url":"https:\/\/progettotouring.it\/radiotouring104\/","logo":{"@type":"ImageObject","inLanguage":"it-IT","@id":"https:\/\/progettotouring.it\/radiotouring104\/#\/schema\/logo\/image\/","url":"https:\/\/progettotouring.it\/radiotouring104\/wp-content\/uploads\/sites\/6\/2022\/02\/cropped-logo-radio-touring-104.png","contentUrl":"https:\/\/progettotouring.it\/radiotouring104\/wp-content\/uploads\/sites\/6\/2022\/02\/cropped-logo-radio-touring-104.png","width":377,"height":182,"caption":"Radio Touring 104"},"image":{"@id":"https:\/\/progettotouring.it\/radiotouring104\/#\/schema\/logo\/image\/"}},{"@type":"Person","@id":"https:\/\/progettotouring.it\/radiotouring104\/#\/schema\/person\/1b3eb3c07c47136bc44c785c543e635f","name":"redazione","image":{"@type":"ImageObject","inLanguage":"it-IT","@id":"https:\/\/secure.gravatar.com\/avatar\/0b31605b49f100769e8b624b3e05de1b73e1692e9568a352f60f53fd072e6e11?s=96&d=mm&r=g","url":"https:\/\/secure.gravatar.com\/avatar\/0b31605b49f100769e8b624b3e05de1b73e1692e9568a352f60f53fd072e6e11?s=96&d=mm&r=g","contentUrl":"https:\/\/secure.gravatar.com\/avatar\/0b31605b49f100769e8b624b3e05de1b73e1692e9568a352f60f53fd072e6e11?s=96&d=mm&r=g","caption":"redazione"},"url":"https:\/\/progettotouring.it\/radiotouring104\/author\/redazione\/"}]}},"jetpack_publicize_connections":[],"jetpack_featured_media_url":"https:\/\/progettotouring.it\/radiotouring104\/wp-content\/uploads\/sites\/6\/2026\/03\/Raccolta-Differenziata-giornata-ecologica-Taurianova.gif","jetpack_sharing_enabled":true,"_links":{"self":[{"href":"https:\/\/progettotouring.it\/radiotouring104\/wp-json\/wp\/v2\/posts\/91950","targetHints":{"allow":["GET"]}}],"collection":[{"href":"https:\/\/progettotouring.it\/radiotouring104\/wp-json\/wp\/v2\/posts"}],"about":[{"href":"https:\/\/progettotouring.it\/radiotouring104\/wp-json\/wp\/v2\/types\/post"}],"author":[{"embeddable":true,"href":"https:\/\/progettotouring.it\/radiotouring104\/wp-json\/wp\/v2\/users\/5"}],"replies":[{"embeddable":true,"href":"https:\/\/progettotouring.it\/radiotouring104\/wp-json\/wp\/v2\/comments?post=91950"}],"version-history":[{"count":1,"href":"https:\/\/progettotouring.it\/radiotouring104\/wp-json\/wp\/v2\/posts\/91950\/revisions"}],"predecessor-version":[{"id":91952,"href":"https:\/\/progettotouring.it\/radiotouring104\/wp-json\/wp\/v2\/posts\/91950\/revisions\/91952"}],"wp:featuredmedia":[{"embeddable":true,"href":"https:\/\/progettotouring.it\/radiotouring104\/wp-json\/wp\/v2\/media\/91951"}],"wp:attachment":[{"href":"https:\/\/progettotouring.it\/radiotouring104\/wp-json\/wp\/v2\/media?parent=91950"}],"wp:term":[{"taxonomy":"category","embeddable":true,"href":"https:\/\/progettotouring.it\/radiotouring104\/wp-json\/wp\/v2\/categories?post=91950"},{"taxonomy":"post_tag","embeddable":true,"href":"https:\/\/progettotouring.it\/radiotouring104\/wp-json\/wp\/v2\/tags?post=91950"}],"curies":[{"name":"wp","href":"https:\/\/api.w.org\/{rel}","templated":true}]}}