{"id":91969,"date":"2026-03-13T12:56:11","date_gmt":"2026-03-13T11:56:11","guid":{"rendered":"https:\/\/progettotouring.it\/radiotouring104\/?p=91969"},"modified":"2026-03-13T12:56:11","modified_gmt":"2026-03-13T11:56:11","slug":"reggio-sul-corso-garibaldi-arriva-la-festa-del-cioccolato","status":"publish","type":"post","link":"https:\/\/progettotouring.it\/radiotouring104\/2026\/03\/13\/reggio-sul-corso-garibaldi-arriva-la-festa-del-cioccolato\/","title":{"rendered":"Reggio: sul Corso Garibaldi arriva la &#8220;Festa del Cioccolato&#8221;"},"content":{"rendered":"<p style=\"font-weight: 400\">L\u2019assessore comunale alla \u201cCitt\u00e0 produttiva\u201d Alex Tripodi, affiancato dal consigliere con delega alla Promozione dell\u2019immagine della citt\u00e0 e al Turismo Giovanni Latella, ha preso parte alla cerimonia di inizio della Festa del Cioccolato 2026. La manifestazione, patrocinata dal Comune di Reggio Calabria in collaborazione con Confesercenti, Conpait e Associazione nazionale cioccolatieri, si svolge da venerd\u00ec 13 marzo a domenica 15 marzo su Corso Garibaldi. Si tratta di un\u2019iniziativa che, nell\u2019ambito delle Feste del Cioccolato Nazionali, punta a promuovere il consumo consapevole e responsabile del cioccolato artigianale privo di additivi e conservanti.<\/p>\n<p style=\"font-weight: 400\">\u00abReggio Calabria continua ad essere una meta importante per le eccellenze dell\u2019artigianato \u2013 ha commentato l\u2019assessore Tripodi \u2013 e la Festa del Cioccolato, giunta ormai alla VIII edizione, si conferma tra gli eventi che, grazie alla continuit\u00e0 e al costante confronto con il tessuto produttivo, contribuiscono a rendere la citt\u00e0 sempre pi\u00f9 attrattiva. L\u2019Amministrazione comunale promuove con convinzione queste partnership che mettono Reggio al centro di un percorso grazie al quale arrivano in citt\u00e0 operatori del settore provenienti da ogni parte d\u2019Italia, valorizzando anche la nostra tradizione pasticcera e le nostre realt\u00e0 commerciali. Sono eventi che vedono la partecipazione di tante famiglie reggine \u2013 ha concluso Tripodi \u2013 e che ci fanno riscoprire la citt\u00e0 rendendola un punto di attrazione e di sviluppo economico\u00bb.<\/p>\n","protected":false},"excerpt":{"rendered":"<p>L\u2019assessore comunale alla \u201cCitt\u00e0 produttiva\u201d Alex Tripodi, affiancato dal consigliere con delega alla Promozione dell\u2019immagine della citt\u00e0 e al Turismo Giovanni Latella, ha preso parte alla cerimonia di inizio della&hellip;<\/p>\n","protected":false},"author":12,"featured_media":91970,"comment_status":"closed","ping_status":"open","sticky":false,"template":"","format":"standard","meta":{"_jetpack_memberships_contains_paid_content":false,"footnotes":"","jetpack_publicize_message":"","jetpack_publicize_feature_enabled":true,"jetpack_social_post_already_shared":true,"jetpack_social_options":{"image_generator_settings":{"template":"highway","default_image_id":0,"font":"","enabled":false},"version":2}},"categories":[921,150,196,140],"tags":[50384,342,497,28323],"class_list":["post-91969","post","type-post","status-publish","format-standard","has-post-thumbnail","hentry","category-home","category-in-primo-piano","category-news","category-reggio-calabria","tag-assessore-alla-citta-produttiva-alex-tripodi","tag-comune-di-reggio-calabria","tag-corso-garibaldi","tag-festa-del-cioccolato"],"yoast_head":"<!-- This site is optimized with the Yoast SEO plugin v27.2 - https:\/\/yoast.com\/product\/yoast-seo-wordpress\/ -->\n<title>Reggio: sul Corso Garibaldi arriva la &quot;Festa del Cioccolato&quot;<\/title>\n<meta name=\"description\" content=\"\u00abReggio si conferma punto di riferimento per le eccellenze dell\u2019artigianato\u00bb, dichiara l&#039;Assessore Alex Tripodi\" \/>\n<meta name=\"robots\" content=\"index, follow, max-snippet:-1, max-image-preview:large, max-video-preview:-1\" \/>\n<link rel=\"canonical\" href=\"https:\/\/progettotouring.it\/radiotouring104\/2026\/03\/13\/reggio-sul-corso-garibaldi-arriva-la-festa-del-cioccolato\/\" \/>\n<meta property=\"og:locale\" content=\"it_IT\" \/>\n<meta property=\"og:type\" content=\"article\" \/>\n<meta property=\"og:title\" content=\"Reggio: sul Corso Garibaldi arriva la &quot;Festa del Cioccolato&quot;\" \/>\n<meta property=\"og:description\" content=\"\u00abReggio si conferma punto di riferimento per le eccellenze dell\u2019artigianato\u00bb, dichiara l&#039;Assessore Alex Tripodi\" \/>\n<meta property=\"og:url\" content=\"https:\/\/progettotouring.it\/radiotouring104\/2026\/03\/13\/reggio-sul-corso-garibaldi-arriva-la-festa-del-cioccolato\/\" \/>\n<meta property=\"og:site_name\" content=\"Radio Touring 104\" \/>\n<meta property=\"article:published_time\" content=\"2026-03-13T11:56:11+00:00\" \/>\n<meta property=\"og:image\" content=\"https:\/\/progettotouring.it\/radiotouring104\/wp-content\/uploads\/sites\/6\/2026\/03\/festa-del-cioccolato-2026-Corso-Garibaldi-Reggio.jpeg\" \/>\n\t<meta property=\"og:image:width\" content=\"1709\" \/>\n\t<meta property=\"og:image:height\" content=\"1474\" \/>\n\t<meta property=\"og:image:type\" content=\"image\/jpeg\" \/>\n<meta name=\"author\" content=\"Sebastiano Plutino\" \/>\n<meta name=\"twitter:card\" content=\"summary_large_image\" \/>\n<meta name=\"twitter:label1\" content=\"Scritto da\" \/>\n\t<meta name=\"twitter:data1\" content=\"Sebastiano Plutino\" \/>\n\t<meta name=\"twitter:label2\" content=\"Tempo di lettura stimato\" \/>\n\t<meta name=\"twitter:data2\" content=\"1 minuto\" \/>\n<script type=\"application\/ld+json\" class=\"yoast-schema-graph\">{\"@context\":\"https:\/\/schema.org\",\"@graph\":[{\"@type\":\"Article\",\"@id\":\"https:\/\/progettotouring.it\/radiotouring104\/2026\/03\/13\/reggio-sul-corso-garibaldi-arriva-la-festa-del-cioccolato\/#article\",\"isPartOf\":{\"@id\":\"https:\/\/progettotouring.it\/radiotouring104\/2026\/03\/13\/reggio-sul-corso-garibaldi-arriva-la-festa-del-cioccolato\/\"},\"author\":{\"name\":\"Sebastiano Plutino\",\"@id\":\"https:\/\/progettotouring.it\/radiotouring104\/#\/schema\/person\/78613917f1851f041f7483f5af1d422e\"},\"headline\":\"Reggio: sul Corso Garibaldi arriva la &#8220;Festa del Cioccolato&#8221;\",\"datePublished\":\"2026-03-13T11:56:11+00:00\",\"mainEntityOfPage\":{\"@id\":\"https:\/\/progettotouring.it\/radiotouring104\/2026\/03\/13\/reggio-sul-corso-garibaldi-arriva-la-festa-del-cioccolato\/\"},\"wordCount\":225,\"publisher\":{\"@id\":\"https:\/\/progettotouring.it\/radiotouring104\/#organization\"},\"image\":{\"@id\":\"https:\/\/progettotouring.it\/radiotouring104\/2026\/03\/13\/reggio-sul-corso-garibaldi-arriva-la-festa-del-cioccolato\/#primaryimage\"},\"thumbnailUrl\":\"https:\/\/progettotouring.it\/radiotouring104\/wp-content\/uploads\/sites\/6\/2026\/03\/festa-del-cioccolato-2026-Corso-Garibaldi-Reggio.jpeg\",\"keywords\":[\"Assessore alla \\\"Citt\u00e0 produttiva\\\" Alex Tripodi\",\"Comune di Reggio Calabria\",\"Corso Garibaldi\",\"festa del cioccolato\"],\"articleSection\":[\"Home\",\"In primo piano\",\"News\",\"Reggio Calabria\"],\"inLanguage\":\"it-IT\"},{\"@type\":\"WebPage\",\"@id\":\"https:\/\/progettotouring.it\/radiotouring104\/2026\/03\/13\/reggio-sul-corso-garibaldi-arriva-la-festa-del-cioccolato\/\",\"url\":\"https:\/\/progettotouring.it\/radiotouring104\/2026\/03\/13\/reggio-sul-corso-garibaldi-arriva-la-festa-del-cioccolato\/\",\"name\":\"Reggio: sul Corso Garibaldi arriva la \\\"Festa del Cioccolato\\\"\",\"isPartOf\":{\"@id\":\"https:\/\/progettotouring.it\/radiotouring104\/#website\"},\"primaryImageOfPage\":{\"@id\":\"https:\/\/progettotouring.it\/radiotouring104\/2026\/03\/13\/reggio-sul-corso-garibaldi-arriva-la-festa-del-cioccolato\/#primaryimage\"},\"image\":{\"@id\":\"https:\/\/progettotouring.it\/radiotouring104\/2026\/03\/13\/reggio-sul-corso-garibaldi-arriva-la-festa-del-cioccolato\/#primaryimage\"},\"thumbnailUrl\":\"https:\/\/progettotouring.it\/radiotouring104\/wp-content\/uploads\/sites\/6\/2026\/03\/festa-del-cioccolato-2026-Corso-Garibaldi-Reggio.jpeg\",\"datePublished\":\"2026-03-13T11:56:11+00:00\",\"description\":\"\u00abReggio si conferma punto di riferimento per le eccellenze dell\u2019artigianato\u00bb, dichiara l'Assessore Alex Tripodi\",\"breadcrumb\":{\"@id\":\"https:\/\/progettotouring.it\/radiotouring104\/2026\/03\/13\/reggio-sul-corso-garibaldi-arriva-la-festa-del-cioccolato\/#breadcrumb\"},\"inLanguage\":\"it-IT\",\"potentialAction\":[{\"@type\":\"ReadAction\",\"target\":[\"https:\/\/progettotouring.it\/radiotouring104\/2026\/03\/13\/reggio-sul-corso-garibaldi-arriva-la-festa-del-cioccolato\/\"]}]},{\"@type\":\"ImageObject\",\"inLanguage\":\"it-IT\",\"@id\":\"https:\/\/progettotouring.it\/radiotouring104\/2026\/03\/13\/reggio-sul-corso-garibaldi-arriva-la-festa-del-cioccolato\/#primaryimage\",\"url\":\"https:\/\/progettotouring.it\/radiotouring104\/wp-content\/uploads\/sites\/6\/2026\/03\/festa-del-cioccolato-2026-Corso-Garibaldi-Reggio.jpeg\",\"contentUrl\":\"https:\/\/progettotouring.it\/radiotouring104\/wp-content\/uploads\/sites\/6\/2026\/03\/festa-del-cioccolato-2026-Corso-Garibaldi-Reggio.jpeg\",\"width\":1709,\"height\":1474},{\"@type\":\"BreadcrumbList\",\"@id\":\"https:\/\/progettotouring.it\/radiotouring104\/2026\/03\/13\/reggio-sul-corso-garibaldi-arriva-la-festa-del-cioccolato\/#breadcrumb\",\"itemListElement\":[{\"@type\":\"ListItem\",\"position\":1,\"name\":\"Home\",\"item\":\"https:\/\/progettotouring.it\/radiotouring104\/\"},{\"@type\":\"ListItem\",\"position\":2,\"name\":\"Reggio: sul Corso Garibaldi arriva la &#8220;Festa del Cioccolato&#8221;\"}]},{\"@type\":\"WebSite\",\"@id\":\"https:\/\/progettotouring.it\/radiotouring104\/#website\",\"url\":\"https:\/\/progettotouring.it\/radiotouring104\/\",\"name\":\"Radio Touring 104\",\"description\":\"La prima radio Reggina\",\"publisher\":{\"@id\":\"https:\/\/progettotouring.it\/radiotouring104\/#organization\"},\"potentialAction\":[{\"@type\":\"SearchAction\",\"target\":{\"@type\":\"EntryPoint\",\"urlTemplate\":\"https:\/\/progettotouring.it\/radiotouring104\/?s={search_term_string}\"},\"query-input\":{\"@type\":\"PropertyValueSpecification\",\"valueRequired\":true,\"valueName\":\"search_term_string\"}}],\"inLanguage\":\"it-IT\"},{\"@type\":\"Organization\",\"@id\":\"https:\/\/progettotouring.it\/radiotouring104\/#organization\",\"name\":\"Radio Touring 104\",\"url\":\"https:\/\/progettotouring.it\/radiotouring104\/\",\"logo\":{\"@type\":\"ImageObject\",\"inLanguage\":\"it-IT\",\"@id\":\"https:\/\/progettotouring.it\/radiotouring104\/#\/schema\/logo\/image\/\",\"url\":\"https:\/\/progettotouring.it\/radiotouring104\/wp-content\/uploads\/sites\/6\/2022\/02\/cropped-logo-radio-touring-104.png\",\"contentUrl\":\"https:\/\/progettotouring.it\/radiotouring104\/wp-content\/uploads\/sites\/6\/2022\/02\/cropped-logo-radio-touring-104.png\",\"width\":377,\"height\":182,\"caption\":\"Radio Touring 104\"},\"image\":{\"@id\":\"https:\/\/progettotouring.it\/radiotouring104\/#\/schema\/logo\/image\/\"}},{\"@type\":\"Person\",\"@id\":\"https:\/\/progettotouring.it\/radiotouring104\/#\/schema\/person\/78613917f1851f041f7483f5af1d422e\",\"name\":\"Sebastiano Plutino\",\"image\":{\"@type\":\"ImageObject\",\"inLanguage\":\"it-IT\",\"@id\":\"https:\/\/secure.gravatar.com\/avatar\/0546ffaa9b79224faf9f2a156b67a529ae861d3287c66c1d8ccfdf909bcba78d?s=96&d=mm&r=g\",\"url\":\"https:\/\/secure.gravatar.com\/avatar\/0546ffaa9b79224faf9f2a156b67a529ae861d3287c66c1d8ccfdf909bcba78d?s=96&d=mm&r=g\",\"contentUrl\":\"https:\/\/secure.gravatar.com\/avatar\/0546ffaa9b79224faf9f2a156b67a529ae861d3287c66c1d8ccfdf909bcba78d?s=96&d=mm&r=g\",\"caption\":\"Sebastiano Plutino\"},\"url\":\"https:\/\/progettotouring.it\/radiotouring104\/author\/sebastiano\/\"}]}<\/script>\n<!-- \/ Yoast SEO plugin. -->","yoast_head_json":{"title":"Reggio: sul Corso Garibaldi arriva la \"Festa del Cioccolato\"","description":"\u00abReggio si conferma punto di riferimento per le eccellenze dell\u2019artigianato\u00bb, dichiara l'Assessore Alex Tripodi","robots":{"index":"index","follow":"follow","max-snippet":"max-snippet:-1","max-image-preview":"max-image-preview:large","max-video-preview":"max-video-preview:-1"},"canonical":"https:\/\/progettotouring.it\/radiotouring104\/2026\/03\/13\/reggio-sul-corso-garibaldi-arriva-la-festa-del-cioccolato\/","og_locale":"it_IT","og_type":"article","og_title":"Reggio: sul Corso Garibaldi arriva la \"Festa del Cioccolato\"","og_description":"\u00abReggio si conferma punto di riferimento per le eccellenze dell\u2019artigianato\u00bb, dichiara l'Assessore Alex Tripodi","og_url":"https:\/\/progettotouring.it\/radiotouring104\/2026\/03\/13\/reggio-sul-corso-garibaldi-arriva-la-festa-del-cioccolato\/","og_site_name":"Radio Touring 104","article_published_time":"2026-03-13T11:56:11+00:00","og_image":[{"width":1709,"height":1474,"url":"https:\/\/progettotouring.it\/radiotouring104\/wp-content\/uploads\/sites\/6\/2026\/03\/festa-del-cioccolato-2026-Corso-Garibaldi-Reggio.jpeg","type":"image\/jpeg"}],"author":"Sebastiano Plutino","twitter_card":"summary_large_image","twitter_misc":{"Scritto da":"Sebastiano Plutino","Tempo di lettura stimato":"1 minuto"},"schema":{"@context":"https:\/\/schema.org","@graph":[{"@type":"Article","@id":"https:\/\/progettotouring.it\/radiotouring104\/2026\/03\/13\/reggio-sul-corso-garibaldi-arriva-la-festa-del-cioccolato\/#article","isPartOf":{"@id":"https:\/\/progettotouring.it\/radiotouring104\/2026\/03\/13\/reggio-sul-corso-garibaldi-arriva-la-festa-del-cioccolato\/"},"author":{"name":"Sebastiano Plutino","@id":"https:\/\/progettotouring.it\/radiotouring104\/#\/schema\/person\/78613917f1851f041f7483f5af1d422e"},"headline":"Reggio: sul Corso Garibaldi arriva la &#8220;Festa del Cioccolato&#8221;","datePublished":"2026-03-13T11:56:11+00:00","mainEntityOfPage":{"@id":"https:\/\/progettotouring.it\/radiotouring104\/2026\/03\/13\/reggio-sul-corso-garibaldi-arriva-la-festa-del-cioccolato\/"},"wordCount":225,"publisher":{"@id":"https:\/\/progettotouring.it\/radiotouring104\/#organization"},"image":{"@id":"https:\/\/progettotouring.it\/radiotouring104\/2026\/03\/13\/reggio-sul-corso-garibaldi-arriva-la-festa-del-cioccolato\/#primaryimage"},"thumbnailUrl":"https:\/\/progettotouring.it\/radiotouring104\/wp-content\/uploads\/sites\/6\/2026\/03\/festa-del-cioccolato-2026-Corso-Garibaldi-Reggio.jpeg","keywords":["Assessore alla \"Citt\u00e0 produttiva\" Alex Tripodi","Comune di Reggio Calabria","Corso Garibaldi","festa del cioccolato"],"articleSection":["Home","In primo piano","News","Reggio Calabria"],"inLanguage":"it-IT"},{"@type":"WebPage","@id":"https:\/\/progettotouring.it\/radiotouring104\/2026\/03\/13\/reggio-sul-corso-garibaldi-arriva-la-festa-del-cioccolato\/","url":"https:\/\/progettotouring.it\/radiotouring104\/2026\/03\/13\/reggio-sul-corso-garibaldi-arriva-la-festa-del-cioccolato\/","name":"Reggio: sul Corso Garibaldi arriva la \"Festa del Cioccolato\"","isPartOf":{"@id":"https:\/\/progettotouring.it\/radiotouring104\/#website"},"primaryImageOfPage":{"@id":"https:\/\/progettotouring.it\/radiotouring104\/2026\/03\/13\/reggio-sul-corso-garibaldi-arriva-la-festa-del-cioccolato\/#primaryimage"},"image":{"@id":"https:\/\/progettotouring.it\/radiotouring104\/2026\/03\/13\/reggio-sul-corso-garibaldi-arriva-la-festa-del-cioccolato\/#primaryimage"},"thumbnailUrl":"https:\/\/progettotouring.it\/radiotouring104\/wp-content\/uploads\/sites\/6\/2026\/03\/festa-del-cioccolato-2026-Corso-Garibaldi-Reggio.jpeg","datePublished":"2026-03-13T11:56:11+00:00","description":"\u00abReggio si conferma punto di riferimento per le eccellenze dell\u2019artigianato\u00bb, dichiara l'Assessore Alex Tripodi","breadcrumb":{"@id":"https:\/\/progettotouring.it\/radiotouring104\/2026\/03\/13\/reggio-sul-corso-garibaldi-arriva-la-festa-del-cioccolato\/#breadcrumb"},"inLanguage":"it-IT","potentialAction":[{"@type":"ReadAction","target":["https:\/\/progettotouring.it\/radiotouring104\/2026\/03\/13\/reggio-sul-corso-garibaldi-arriva-la-festa-del-cioccolato\/"]}]},{"@type":"ImageObject","inLanguage":"it-IT","@id":"https:\/\/progettotouring.it\/radiotouring104\/2026\/03\/13\/reggio-sul-corso-garibaldi-arriva-la-festa-del-cioccolato\/#primaryimage","url":"https:\/\/progettotouring.it\/radiotouring104\/wp-content\/uploads\/sites\/6\/2026\/03\/festa-del-cioccolato-2026-Corso-Garibaldi-Reggio.jpeg","contentUrl":"https:\/\/progettotouring.it\/radiotouring104\/wp-content\/uploads\/sites\/6\/2026\/03\/festa-del-cioccolato-2026-Corso-Garibaldi-Reggio.jpeg","width":1709,"height":1474},{"@type":"BreadcrumbList","@id":"https:\/\/progettotouring.it\/radiotouring104\/2026\/03\/13\/reggio-sul-corso-garibaldi-arriva-la-festa-del-cioccolato\/#breadcrumb","itemListElement":[{"@type":"ListItem","position":1,"name":"Home","item":"https:\/\/progettotouring.it\/radiotouring104\/"},{"@type":"ListItem","position":2,"name":"Reggio: sul Corso Garibaldi arriva la &#8220;Festa del Cioccolato&#8221;"}]},{"@type":"WebSite","@id":"https:\/\/progettotouring.it\/radiotouring104\/#website","url":"https:\/\/progettotouring.it\/radiotouring104\/","name":"Radio Touring 104","description":"La prima radio Reggina","publisher":{"@id":"https:\/\/progettotouring.it\/radiotouring104\/#organization"},"potentialAction":[{"@type":"SearchAction","target":{"@type":"EntryPoint","urlTemplate":"https:\/\/progettotouring.it\/radiotouring104\/?s={search_term_string}"},"query-input":{"@type":"PropertyValueSpecification","valueRequired":true,"valueName":"search_term_string"}}],"inLanguage":"it-IT"},{"@type":"Organization","@id":"https:\/\/progettotouring.it\/radiotouring104\/#organization","name":"Radio Touring 104","url":"https:\/\/progettotouring.it\/radiotouring104\/","logo":{"@type":"ImageObject","inLanguage":"it-IT","@id":"https:\/\/progettotouring.it\/radiotouring104\/#\/schema\/logo\/image\/","url":"https:\/\/progettotouring.it\/radiotouring104\/wp-content\/uploads\/sites\/6\/2022\/02\/cropped-logo-radio-touring-104.png","contentUrl":"https:\/\/progettotouring.it\/radiotouring104\/wp-content\/uploads\/sites\/6\/2022\/02\/cropped-logo-radio-touring-104.png","width":377,"height":182,"caption":"Radio Touring 104"},"image":{"@id":"https:\/\/progettotouring.it\/radiotouring104\/#\/schema\/logo\/image\/"}},{"@type":"Person","@id":"https:\/\/progettotouring.it\/radiotouring104\/#\/schema\/person\/78613917f1851f041f7483f5af1d422e","name":"Sebastiano Plutino","image":{"@type":"ImageObject","inLanguage":"it-IT","@id":"https:\/\/secure.gravatar.com\/avatar\/0546ffaa9b79224faf9f2a156b67a529ae861d3287c66c1d8ccfdf909bcba78d?s=96&d=mm&r=g","url":"https:\/\/secure.gravatar.com\/avatar\/0546ffaa9b79224faf9f2a156b67a529ae861d3287c66c1d8ccfdf909bcba78d?s=96&d=mm&r=g","contentUrl":"https:\/\/secure.gravatar.com\/avatar\/0546ffaa9b79224faf9f2a156b67a529ae861d3287c66c1d8ccfdf909bcba78d?s=96&d=mm&r=g","caption":"Sebastiano Plutino"},"url":"https:\/\/progettotouring.it\/radiotouring104\/author\/sebastiano\/"}]}},"jetpack_publicize_connections":[],"jetpack_featured_media_url":"https:\/\/progettotouring.it\/radiotouring104\/wp-content\/uploads\/sites\/6\/2026\/03\/festa-del-cioccolato-2026-Corso-Garibaldi-Reggio.jpeg","jetpack_sharing_enabled":true,"_links":{"self":[{"href":"https:\/\/progettotouring.it\/radiotouring104\/wp-json\/wp\/v2\/posts\/91969","targetHints":{"allow":["GET"]}}],"collection":[{"href":"https:\/\/progettotouring.it\/radiotouring104\/wp-json\/wp\/v2\/posts"}],"about":[{"href":"https:\/\/progettotouring.it\/radiotouring104\/wp-json\/wp\/v2\/types\/post"}],"author":[{"embeddable":true,"href":"https:\/\/progettotouring.it\/radiotouring104\/wp-json\/wp\/v2\/users\/12"}],"replies":[{"embeddable":true,"href":"https:\/\/progettotouring.it\/radiotouring104\/wp-json\/wp\/v2\/comments?post=91969"}],"version-history":[{"count":1,"href":"https:\/\/progettotouring.it\/radiotouring104\/wp-json\/wp\/v2\/posts\/91969\/revisions"}],"predecessor-version":[{"id":91971,"href":"https:\/\/progettotouring.it\/radiotouring104\/wp-json\/wp\/v2\/posts\/91969\/revisions\/91971"}],"wp:featuredmedia":[{"embeddable":true,"href":"https:\/\/progettotouring.it\/radiotouring104\/wp-json\/wp\/v2\/media\/91970"}],"wp:attachment":[{"href":"https:\/\/progettotouring.it\/radiotouring104\/wp-json\/wp\/v2\/media?parent=91969"}],"wp:term":[{"taxonomy":"category","embeddable":true,"href":"https:\/\/progettotouring.it\/radiotouring104\/wp-json\/wp\/v2\/categories?post=91969"},{"taxonomy":"post_tag","embeddable":true,"href":"https:\/\/progettotouring.it\/radiotouring104\/wp-json\/wp\/v2\/tags?post=91969"}],"curies":[{"name":"wp","href":"https:\/\/api.w.org\/{rel}","templated":true}]}}