{"id":92011,"date":"2026-03-16T09:23:41","date_gmt":"2026-03-16T08:23:41","guid":{"rendered":"https:\/\/progettotouring.it\/radiotouring104\/?p=92011"},"modified":"2026-03-16T12:39:29","modified_gmt":"2026-03-16T11:39:29","slug":"torna-il-maltempo-in-calabria-disposta-lallerta-arancione-su-tutta-la-regione-scuole-chiuse-a-reggio","status":"publish","type":"post","link":"https:\/\/progettotouring.it\/radiotouring104\/2026\/03\/16\/torna-il-maltempo-in-calabria-disposta-lallerta-arancione-su-tutta-la-regione-scuole-chiuse-a-reggio\/","title":{"rendered":"Torna il Maltempo in Calabria: disposta l&#8217;Allerta Arancione su tutta la Regione. Scuole chiuse a Reggio"},"content":{"rendered":"<p>Nuova ondata di maltempo in Calabria con forti precipitazioni e temporali che, nella notte, hanno interessato diffusamente il territorio della regione.<\/p>\n<p>La Protezione civile, insieme al centro funzionale multirischi Arpacal, ha emesso un&#8217;allerta meteo arancione per oggi su tutta la Calabria<\/p>\n<p>Scuole chiuse a Catanzaro, Reggio Calabria, Vibo Valentia e in molti altri Comuni.<\/p>\n<p>Gi\u00e0 diverse le segnalazioni di danni. A Stalett\u00ec, nel Catanzarese, una tromba d&#8217;aria ha divelto le coperture di alcuni magazzini, mentre a Cosenza si segnalano danni agli stand della fiera di San Giuseppe, distrutti dalle forti raffiche di vento.<\/p>\n<p>La Protezione civile regionale monitora i corsi d&#8217;acqua, in particolare quelli del Lametino e la zona del Crati, gi\u00e0 interessata un mese fa da una esondazione. Nel bollettino si prevedono &#8220;precipitazioni da sparse a diffuse, anche a carattere di rovescio o temporale&#8221; con &#8220;fenomeni accompagnati da rovesci di forte intensit\u00e0, forti raffiche di vento, locali grandinate ed attivit\u00e0 elettrica. I fenomeni saranno pi\u00f9 intensi sui rilievi&#8221;.<\/p>\n<p>I Comandi provinciali dei Vigili del fuoco fanno sapere che, al momento, non si registra un incremento significativo del numero delle operazioni, rimaste complessivamente nella media con circa 60 interventi portati a termine. Situazione leggermente pi\u00f9 impegnativa nel Catanzarese dove risultano 35 interventi gi\u00e0 conclusi e 18 ancora in corso, mentre nel Cosentino sono stati 19 gli interventi conclusi e 4 quelli ancora da effettuare.<\/p>\n<p>Tra gli interventi di maggiore rilievo nel Cosentino si segnalano la rimozione di alberi pericolanti in piazzetta Spezzano a Cosenza; un intervento in viale Parco per danni causati dal vento ad alcuni gazebo; mentre nel Comune di Mendicino, in via dell\u2019Incontro, un incendio ha interessato 24 contatori Enel installati nello stesso stabile, verosimilmente a causa di un sovraccarico dell\u2019impianto. Nel Catanzarese le squadre dei Vigili del fuoco stanno operando principalmente per infiltrazioni d\u2019acqua, locali allagamenti e piccoli smottamenti. Si segnalano inoltre disagi alla viabilit\u00e0 in ingresso alla citt\u00e0 di Catanzaro, dove un\u2019autovettura \u00e8 rimasta bloccata nel sottopasso all\u2019uscita della galleria Sansinato, causando rallentamenti al traffico. La situazione \u00e8 costantemente monitorata e le squadre dei Vigili del fuoco restano operative sul territorio per far fronte alle richieste di soccorso.<\/p>\n","protected":false},"excerpt":{"rendered":"<p>Nuova ondata di maltempo in Calabria con forti precipitazioni e temporali che, nella notte, hanno interessato diffusamente il territorio della regione. La Protezione civile, insieme al centro funzionale multirischi Arpacal,&hellip;<\/p>\n","protected":false},"author":5,"featured_media":9971,"comment_status":"closed","ping_status":"open","sticky":false,"template":"","format":"standard","meta":{"_jetpack_memberships_contains_paid_content":false,"footnotes":"","jetpack_publicize_message":"","jetpack_publicize_feature_enabled":true,"jetpack_social_post_already_shared":true,"jetpack_social_options":{"image_generator_settings":{"template":"highway","default_image_id":0,"font":"","enabled":false},"version":2}},"categories":[921,196,140],"tags":[21157,6705,10870,51831],"class_list":["post-92011","post","type-post","status-publish","format-standard","has-post-thumbnail","hentry","category-home","category-news","category-reggio-calabria","tag-allerta-arancione","tag-maltempo-in-calabria","tag-protezione-civile-calabria","tag-scucole-chiuse-a-reggio"],"yoast_head":"<!-- This site is optimized with the Yoast SEO plugin v27.2 - https:\/\/yoast.com\/product\/yoast-seo-wordpress\/ -->\n<title>Maltempo in Calabria: disposta l&#039;Allerta Arancione sulla Regione<\/title>\n<meta name=\"description\" content=\"Torna ad abbattersi il Maltempo sulla nostra Regione. Protezione Civile dispone l&#039;Allerta Arancione per oggi 16 Marzo. Scuole chiuse a Reggio\" \/>\n<meta name=\"robots\" content=\"index, follow, max-snippet:-1, max-image-preview:large, max-video-preview:-1\" \/>\n<link rel=\"canonical\" href=\"https:\/\/progettotouring.it\/radiotouring104\/2026\/03\/16\/torna-il-maltempo-in-calabria-disposta-lallerta-arancione-su-tutta-la-regione-scuole-chiuse-a-reggio\/\" \/>\n<meta property=\"og:locale\" content=\"it_IT\" \/>\n<meta property=\"og:type\" content=\"article\" \/>\n<meta property=\"og:title\" content=\"Maltempo in Calabria: disposta l&#039;Allerta Arancione sulla Regione\" \/>\n<meta property=\"og:description\" content=\"Torna ad abbattersi il Maltempo sulla nostra Regione. Protezione Civile dispone l&#039;Allerta Arancione per oggi 16 Marzo. Scuole chiuse a Reggio\" \/>\n<meta property=\"og:url\" content=\"https:\/\/progettotouring.it\/radiotouring104\/2026\/03\/16\/torna-il-maltempo-in-calabria-disposta-lallerta-arancione-su-tutta-la-regione-scuole-chiuse-a-reggio\/\" \/>\n<meta property=\"og:site_name\" content=\"Radio Touring 104\" \/>\n<meta property=\"article:published_time\" content=\"2026-03-16T08:23:41+00:00\" \/>\n<meta property=\"article:modified_time\" content=\"2026-03-16T11:39:29+00:00\" \/>\n<meta property=\"og:image\" content=\"https:\/\/progettotouring.it\/radiotouring104\/wp-content\/uploads\/sites\/6\/2022\/09\/maltempo.jpg\" \/>\n\t<meta property=\"og:image:width\" content=\"640\" \/>\n\t<meta property=\"og:image:height\" content=\"427\" \/>\n\t<meta property=\"og:image:type\" content=\"image\/jpeg\" \/>\n<meta name=\"author\" content=\"redazione\" \/>\n<meta name=\"twitter:card\" content=\"summary_large_image\" \/>\n<meta name=\"twitter:label1\" content=\"Scritto da\" \/>\n\t<meta name=\"twitter:data1\" content=\"redazione\" \/>\n\t<meta name=\"twitter:label2\" content=\"Tempo di lettura stimato\" \/>\n\t<meta name=\"twitter:data2\" content=\"2 minuti\" \/>\n<script type=\"application\/ld+json\" class=\"yoast-schema-graph\">{\"@context\":\"https:\/\/schema.org\",\"@graph\":[{\"@type\":\"Article\",\"@id\":\"https:\/\/progettotouring.it\/radiotouring104\/2026\/03\/16\/torna-il-maltempo-in-calabria-disposta-lallerta-arancione-su-tutta-la-regione-scuole-chiuse-a-reggio\/#article\",\"isPartOf\":{\"@id\":\"https:\/\/progettotouring.it\/radiotouring104\/2026\/03\/16\/torna-il-maltempo-in-calabria-disposta-lallerta-arancione-su-tutta-la-regione-scuole-chiuse-a-reggio\/\"},\"author\":{\"name\":\"redazione\",\"@id\":\"https:\/\/progettotouring.it\/radiotouring104\/#\/schema\/person\/1b3eb3c07c47136bc44c785c543e635f\"},\"headline\":\"Torna il Maltempo in Calabria: disposta l&#8217;Allerta Arancione su tutta la Regione. Scuole chiuse a Reggio\",\"datePublished\":\"2026-03-16T08:23:41+00:00\",\"dateModified\":\"2026-03-16T11:39:29+00:00\",\"mainEntityOfPage\":{\"@id\":\"https:\/\/progettotouring.it\/radiotouring104\/2026\/03\/16\/torna-il-maltempo-in-calabria-disposta-lallerta-arancione-su-tutta-la-regione-scuole-chiuse-a-reggio\/\"},\"wordCount\":365,\"publisher\":{\"@id\":\"https:\/\/progettotouring.it\/radiotouring104\/#organization\"},\"image\":{\"@id\":\"https:\/\/progettotouring.it\/radiotouring104\/2026\/03\/16\/torna-il-maltempo-in-calabria-disposta-lallerta-arancione-su-tutta-la-regione-scuole-chiuse-a-reggio\/#primaryimage\"},\"thumbnailUrl\":\"https:\/\/progettotouring.it\/radiotouring104\/wp-content\/uploads\/sites\/6\/2022\/09\/maltempo.jpg\",\"keywords\":[\"Allerta arancione\",\"maltempo in calabria\",\"Protezione Civile Calabria\",\"scucole chiuse a Reggio\"],\"articleSection\":[\"Home\",\"News\",\"Reggio Calabria\"],\"inLanguage\":\"it-IT\"},{\"@type\":\"WebPage\",\"@id\":\"https:\/\/progettotouring.it\/radiotouring104\/2026\/03\/16\/torna-il-maltempo-in-calabria-disposta-lallerta-arancione-su-tutta-la-regione-scuole-chiuse-a-reggio\/\",\"url\":\"https:\/\/progettotouring.it\/radiotouring104\/2026\/03\/16\/torna-il-maltempo-in-calabria-disposta-lallerta-arancione-su-tutta-la-regione-scuole-chiuse-a-reggio\/\",\"name\":\"Maltempo in Calabria: disposta l'Allerta Arancione sulla Regione\",\"isPartOf\":{\"@id\":\"https:\/\/progettotouring.it\/radiotouring104\/#website\"},\"primaryImageOfPage\":{\"@id\":\"https:\/\/progettotouring.it\/radiotouring104\/2026\/03\/16\/torna-il-maltempo-in-calabria-disposta-lallerta-arancione-su-tutta-la-regione-scuole-chiuse-a-reggio\/#primaryimage\"},\"image\":{\"@id\":\"https:\/\/progettotouring.it\/radiotouring104\/2026\/03\/16\/torna-il-maltempo-in-calabria-disposta-lallerta-arancione-su-tutta-la-regione-scuole-chiuse-a-reggio\/#primaryimage\"},\"thumbnailUrl\":\"https:\/\/progettotouring.it\/radiotouring104\/wp-content\/uploads\/sites\/6\/2022\/09\/maltempo.jpg\",\"datePublished\":\"2026-03-16T08:23:41+00:00\",\"dateModified\":\"2026-03-16T11:39:29+00:00\",\"description\":\"Torna ad abbattersi il Maltempo sulla nostra Regione. Protezione Civile dispone l'Allerta Arancione per oggi 16 Marzo. Scuole chiuse a Reggio\",\"breadcrumb\":{\"@id\":\"https:\/\/progettotouring.it\/radiotouring104\/2026\/03\/16\/torna-il-maltempo-in-calabria-disposta-lallerta-arancione-su-tutta-la-regione-scuole-chiuse-a-reggio\/#breadcrumb\"},\"inLanguage\":\"it-IT\",\"potentialAction\":[{\"@type\":\"ReadAction\",\"target\":[\"https:\/\/progettotouring.it\/radiotouring104\/2026\/03\/16\/torna-il-maltempo-in-calabria-disposta-lallerta-arancione-su-tutta-la-regione-scuole-chiuse-a-reggio\/\"]}]},{\"@type\":\"ImageObject\",\"inLanguage\":\"it-IT\",\"@id\":\"https:\/\/progettotouring.it\/radiotouring104\/2026\/03\/16\/torna-il-maltempo-in-calabria-disposta-lallerta-arancione-su-tutta-la-regione-scuole-chiuse-a-reggio\/#primaryimage\",\"url\":\"https:\/\/progettotouring.it\/radiotouring104\/wp-content\/uploads\/sites\/6\/2022\/09\/maltempo.jpg\",\"contentUrl\":\"https:\/\/progettotouring.it\/radiotouring104\/wp-content\/uploads\/sites\/6\/2022\/09\/maltempo.jpg\",\"width\":640,\"height\":427},{\"@type\":\"BreadcrumbList\",\"@id\":\"https:\/\/progettotouring.it\/radiotouring104\/2026\/03\/16\/torna-il-maltempo-in-calabria-disposta-lallerta-arancione-su-tutta-la-regione-scuole-chiuse-a-reggio\/#breadcrumb\",\"itemListElement\":[{\"@type\":\"ListItem\",\"position\":1,\"name\":\"Home\",\"item\":\"https:\/\/progettotouring.it\/radiotouring104\/\"},{\"@type\":\"ListItem\",\"position\":2,\"name\":\"Torna il Maltempo in Calabria: disposta l&#8217;Allerta Arancione su tutta la Regione. Scuole chiuse a Reggio\"}]},{\"@type\":\"WebSite\",\"@id\":\"https:\/\/progettotouring.it\/radiotouring104\/#website\",\"url\":\"https:\/\/progettotouring.it\/radiotouring104\/\",\"name\":\"Radio Touring 104\",\"description\":\"La prima radio Reggina\",\"publisher\":{\"@id\":\"https:\/\/progettotouring.it\/radiotouring104\/#organization\"},\"potentialAction\":[{\"@type\":\"SearchAction\",\"target\":{\"@type\":\"EntryPoint\",\"urlTemplate\":\"https:\/\/progettotouring.it\/radiotouring104\/?s={search_term_string}\"},\"query-input\":{\"@type\":\"PropertyValueSpecification\",\"valueRequired\":true,\"valueName\":\"search_term_string\"}}],\"inLanguage\":\"it-IT\"},{\"@type\":\"Organization\",\"@id\":\"https:\/\/progettotouring.it\/radiotouring104\/#organization\",\"name\":\"Radio Touring 104\",\"url\":\"https:\/\/progettotouring.it\/radiotouring104\/\",\"logo\":{\"@type\":\"ImageObject\",\"inLanguage\":\"it-IT\",\"@id\":\"https:\/\/progettotouring.it\/radiotouring104\/#\/schema\/logo\/image\/\",\"url\":\"https:\/\/progettotouring.it\/radiotouring104\/wp-content\/uploads\/sites\/6\/2022\/02\/cropped-logo-radio-touring-104.png\",\"contentUrl\":\"https:\/\/progettotouring.it\/radiotouring104\/wp-content\/uploads\/sites\/6\/2022\/02\/cropped-logo-radio-touring-104.png\",\"width\":377,\"height\":182,\"caption\":\"Radio Touring 104\"},\"image\":{\"@id\":\"https:\/\/progettotouring.it\/radiotouring104\/#\/schema\/logo\/image\/\"}},{\"@type\":\"Person\",\"@id\":\"https:\/\/progettotouring.it\/radiotouring104\/#\/schema\/person\/1b3eb3c07c47136bc44c785c543e635f\",\"name\":\"redazione\",\"image\":{\"@type\":\"ImageObject\",\"inLanguage\":\"it-IT\",\"@id\":\"https:\/\/secure.gravatar.com\/avatar\/0b31605b49f100769e8b624b3e05de1b73e1692e9568a352f60f53fd072e6e11?s=96&d=mm&r=g\",\"url\":\"https:\/\/secure.gravatar.com\/avatar\/0b31605b49f100769e8b624b3e05de1b73e1692e9568a352f60f53fd072e6e11?s=96&d=mm&r=g\",\"contentUrl\":\"https:\/\/secure.gravatar.com\/avatar\/0b31605b49f100769e8b624b3e05de1b73e1692e9568a352f60f53fd072e6e11?s=96&d=mm&r=g\",\"caption\":\"redazione\"},\"url\":\"https:\/\/progettotouring.it\/radiotouring104\/author\/redazione\/\"}]}<\/script>\n<!-- \/ Yoast SEO plugin. -->","yoast_head_json":{"title":"Maltempo in Calabria: disposta l'Allerta Arancione sulla Regione","description":"Torna ad abbattersi il Maltempo sulla nostra Regione. Protezione Civile dispone l'Allerta Arancione per oggi 16 Marzo. Scuole chiuse a Reggio","robots":{"index":"index","follow":"follow","max-snippet":"max-snippet:-1","max-image-preview":"max-image-preview:large","max-video-preview":"max-video-preview:-1"},"canonical":"https:\/\/progettotouring.it\/radiotouring104\/2026\/03\/16\/torna-il-maltempo-in-calabria-disposta-lallerta-arancione-su-tutta-la-regione-scuole-chiuse-a-reggio\/","og_locale":"it_IT","og_type":"article","og_title":"Maltempo in Calabria: disposta l'Allerta Arancione sulla Regione","og_description":"Torna ad abbattersi il Maltempo sulla nostra Regione. Protezione Civile dispone l'Allerta Arancione per oggi 16 Marzo. Scuole chiuse a Reggio","og_url":"https:\/\/progettotouring.it\/radiotouring104\/2026\/03\/16\/torna-il-maltempo-in-calabria-disposta-lallerta-arancione-su-tutta-la-regione-scuole-chiuse-a-reggio\/","og_site_name":"Radio Touring 104","article_published_time":"2026-03-16T08:23:41+00:00","article_modified_time":"2026-03-16T11:39:29+00:00","og_image":[{"width":640,"height":427,"url":"https:\/\/progettotouring.it\/radiotouring104\/wp-content\/uploads\/sites\/6\/2022\/09\/maltempo.jpg","type":"image\/jpeg"}],"author":"redazione","twitter_card":"summary_large_image","twitter_misc":{"Scritto da":"redazione","Tempo di lettura stimato":"2 minuti"},"schema":{"@context":"https:\/\/schema.org","@graph":[{"@type":"Article","@id":"https:\/\/progettotouring.it\/radiotouring104\/2026\/03\/16\/torna-il-maltempo-in-calabria-disposta-lallerta-arancione-su-tutta-la-regione-scuole-chiuse-a-reggio\/#article","isPartOf":{"@id":"https:\/\/progettotouring.it\/radiotouring104\/2026\/03\/16\/torna-il-maltempo-in-calabria-disposta-lallerta-arancione-su-tutta-la-regione-scuole-chiuse-a-reggio\/"},"author":{"name":"redazione","@id":"https:\/\/progettotouring.it\/radiotouring104\/#\/schema\/person\/1b3eb3c07c47136bc44c785c543e635f"},"headline":"Torna il Maltempo in Calabria: disposta l&#8217;Allerta Arancione su tutta la Regione. Scuole chiuse a Reggio","datePublished":"2026-03-16T08:23:41+00:00","dateModified":"2026-03-16T11:39:29+00:00","mainEntityOfPage":{"@id":"https:\/\/progettotouring.it\/radiotouring104\/2026\/03\/16\/torna-il-maltempo-in-calabria-disposta-lallerta-arancione-su-tutta-la-regione-scuole-chiuse-a-reggio\/"},"wordCount":365,"publisher":{"@id":"https:\/\/progettotouring.it\/radiotouring104\/#organization"},"image":{"@id":"https:\/\/progettotouring.it\/radiotouring104\/2026\/03\/16\/torna-il-maltempo-in-calabria-disposta-lallerta-arancione-su-tutta-la-regione-scuole-chiuse-a-reggio\/#primaryimage"},"thumbnailUrl":"https:\/\/progettotouring.it\/radiotouring104\/wp-content\/uploads\/sites\/6\/2022\/09\/maltempo.jpg","keywords":["Allerta arancione","maltempo in calabria","Protezione Civile Calabria","scucole chiuse a Reggio"],"articleSection":["Home","News","Reggio Calabria"],"inLanguage":"it-IT"},{"@type":"WebPage","@id":"https:\/\/progettotouring.it\/radiotouring104\/2026\/03\/16\/torna-il-maltempo-in-calabria-disposta-lallerta-arancione-su-tutta-la-regione-scuole-chiuse-a-reggio\/","url":"https:\/\/progettotouring.it\/radiotouring104\/2026\/03\/16\/torna-il-maltempo-in-calabria-disposta-lallerta-arancione-su-tutta-la-regione-scuole-chiuse-a-reggio\/","name":"Maltempo in Calabria: disposta l'Allerta Arancione sulla Regione","isPartOf":{"@id":"https:\/\/progettotouring.it\/radiotouring104\/#website"},"primaryImageOfPage":{"@id":"https:\/\/progettotouring.it\/radiotouring104\/2026\/03\/16\/torna-il-maltempo-in-calabria-disposta-lallerta-arancione-su-tutta-la-regione-scuole-chiuse-a-reggio\/#primaryimage"},"image":{"@id":"https:\/\/progettotouring.it\/radiotouring104\/2026\/03\/16\/torna-il-maltempo-in-calabria-disposta-lallerta-arancione-su-tutta-la-regione-scuole-chiuse-a-reggio\/#primaryimage"},"thumbnailUrl":"https:\/\/progettotouring.it\/radiotouring104\/wp-content\/uploads\/sites\/6\/2022\/09\/maltempo.jpg","datePublished":"2026-03-16T08:23:41+00:00","dateModified":"2026-03-16T11:39:29+00:00","description":"Torna ad abbattersi il Maltempo sulla nostra Regione. Protezione Civile dispone l'Allerta Arancione per oggi 16 Marzo. Scuole chiuse a Reggio","breadcrumb":{"@id":"https:\/\/progettotouring.it\/radiotouring104\/2026\/03\/16\/torna-il-maltempo-in-calabria-disposta-lallerta-arancione-su-tutta-la-regione-scuole-chiuse-a-reggio\/#breadcrumb"},"inLanguage":"it-IT","potentialAction":[{"@type":"ReadAction","target":["https:\/\/progettotouring.it\/radiotouring104\/2026\/03\/16\/torna-il-maltempo-in-calabria-disposta-lallerta-arancione-su-tutta-la-regione-scuole-chiuse-a-reggio\/"]}]},{"@type":"ImageObject","inLanguage":"it-IT","@id":"https:\/\/progettotouring.it\/radiotouring104\/2026\/03\/16\/torna-il-maltempo-in-calabria-disposta-lallerta-arancione-su-tutta-la-regione-scuole-chiuse-a-reggio\/#primaryimage","url":"https:\/\/progettotouring.it\/radiotouring104\/wp-content\/uploads\/sites\/6\/2022\/09\/maltempo.jpg","contentUrl":"https:\/\/progettotouring.it\/radiotouring104\/wp-content\/uploads\/sites\/6\/2022\/09\/maltempo.jpg","width":640,"height":427},{"@type":"BreadcrumbList","@id":"https:\/\/progettotouring.it\/radiotouring104\/2026\/03\/16\/torna-il-maltempo-in-calabria-disposta-lallerta-arancione-su-tutta-la-regione-scuole-chiuse-a-reggio\/#breadcrumb","itemListElement":[{"@type":"ListItem","position":1,"name":"Home","item":"https:\/\/progettotouring.it\/radiotouring104\/"},{"@type":"ListItem","position":2,"name":"Torna il Maltempo in Calabria: disposta l&#8217;Allerta Arancione su tutta la Regione. Scuole chiuse a Reggio"}]},{"@type":"WebSite","@id":"https:\/\/progettotouring.it\/radiotouring104\/#website","url":"https:\/\/progettotouring.it\/radiotouring104\/","name":"Radio Touring 104","description":"La prima radio Reggina","publisher":{"@id":"https:\/\/progettotouring.it\/radiotouring104\/#organization"},"potentialAction":[{"@type":"SearchAction","target":{"@type":"EntryPoint","urlTemplate":"https:\/\/progettotouring.it\/radiotouring104\/?s={search_term_string}"},"query-input":{"@type":"PropertyValueSpecification","valueRequired":true,"valueName":"search_term_string"}}],"inLanguage":"it-IT"},{"@type":"Organization","@id":"https:\/\/progettotouring.it\/radiotouring104\/#organization","name":"Radio Touring 104","url":"https:\/\/progettotouring.it\/radiotouring104\/","logo":{"@type":"ImageObject","inLanguage":"it-IT","@id":"https:\/\/progettotouring.it\/radiotouring104\/#\/schema\/logo\/image\/","url":"https:\/\/progettotouring.it\/radiotouring104\/wp-content\/uploads\/sites\/6\/2022\/02\/cropped-logo-radio-touring-104.png","contentUrl":"https:\/\/progettotouring.it\/radiotouring104\/wp-content\/uploads\/sites\/6\/2022\/02\/cropped-logo-radio-touring-104.png","width":377,"height":182,"caption":"Radio Touring 104"},"image":{"@id":"https:\/\/progettotouring.it\/radiotouring104\/#\/schema\/logo\/image\/"}},{"@type":"Person","@id":"https:\/\/progettotouring.it\/radiotouring104\/#\/schema\/person\/1b3eb3c07c47136bc44c785c543e635f","name":"redazione","image":{"@type":"ImageObject","inLanguage":"it-IT","@id":"https:\/\/secure.gravatar.com\/avatar\/0b31605b49f100769e8b624b3e05de1b73e1692e9568a352f60f53fd072e6e11?s=96&d=mm&r=g","url":"https:\/\/secure.gravatar.com\/avatar\/0b31605b49f100769e8b624b3e05de1b73e1692e9568a352f60f53fd072e6e11?s=96&d=mm&r=g","contentUrl":"https:\/\/secure.gravatar.com\/avatar\/0b31605b49f100769e8b624b3e05de1b73e1692e9568a352f60f53fd072e6e11?s=96&d=mm&r=g","caption":"redazione"},"url":"https:\/\/progettotouring.it\/radiotouring104\/author\/redazione\/"}]}},"jetpack_publicize_connections":[],"jetpack_featured_media_url":"https:\/\/progettotouring.it\/radiotouring104\/wp-content\/uploads\/sites\/6\/2022\/09\/maltempo.jpg","jetpack_sharing_enabled":true,"_links":{"self":[{"href":"https:\/\/progettotouring.it\/radiotouring104\/wp-json\/wp\/v2\/posts\/92011","targetHints":{"allow":["GET"]}}],"collection":[{"href":"https:\/\/progettotouring.it\/radiotouring104\/wp-json\/wp\/v2\/posts"}],"about":[{"href":"https:\/\/progettotouring.it\/radiotouring104\/wp-json\/wp\/v2\/types\/post"}],"author":[{"embeddable":true,"href":"https:\/\/progettotouring.it\/radiotouring104\/wp-json\/wp\/v2\/users\/5"}],"replies":[{"embeddable":true,"href":"https:\/\/progettotouring.it\/radiotouring104\/wp-json\/wp\/v2\/comments?post=92011"}],"version-history":[{"count":1,"href":"https:\/\/progettotouring.it\/radiotouring104\/wp-json\/wp\/v2\/posts\/92011\/revisions"}],"predecessor-version":[{"id":92012,"href":"https:\/\/progettotouring.it\/radiotouring104\/wp-json\/wp\/v2\/posts\/92011\/revisions\/92012"}],"wp:featuredmedia":[{"embeddable":true,"href":"https:\/\/progettotouring.it\/radiotouring104\/wp-json\/wp\/v2\/media\/9971"}],"wp:attachment":[{"href":"https:\/\/progettotouring.it\/radiotouring104\/wp-json\/wp\/v2\/media?parent=92011"}],"wp:term":[{"taxonomy":"category","embeddable":true,"href":"https:\/\/progettotouring.it\/radiotouring104\/wp-json\/wp\/v2\/categories?post=92011"},{"taxonomy":"post_tag","embeddable":true,"href":"https:\/\/progettotouring.it\/radiotouring104\/wp-json\/wp\/v2\/tags?post=92011"}],"curies":[{"name":"wp","href":"https:\/\/api.w.org\/{rel}","templated":true}]}}