{"id":92036,"date":"2026-03-16T10:20:45","date_gmt":"2026-03-16T09:20:45","guid":{"rendered":"https:\/\/progettotouring.it\/radiotouring104\/?p=92036"},"modified":"2026-03-16T11:40:12","modified_gmt":"2026-03-16T10:40:12","slug":"reggio-iati-attacca-lamministrazione-sulle-assunzioni-in-prossimita-delle-elezioni","status":"publish","type":"post","link":"https:\/\/progettotouring.it\/radiotouring104\/2026\/03\/16\/reggio-iati-attacca-lamministrazione-sulle-assunzioni-in-prossimita-delle-elezioni\/","title":{"rendered":"Reggio: Iat\u00ec attacca l&#8217;Amministrazione sulle assunzioni in prossimit\u00e0 delle elezioni"},"content":{"rendered":"<p>Pubblichiamo il comunicato stampa della gi\u00e0 Consigliera comunale, Filomena Iat\u00ec, nel quale attacca il Comune di Reggio sul nuovo Piano triennale dei fabbisogni del personale, in particolar modo per quelle relative alle 4 unit\u00e0 di informatici: &#8220;A due mesi dalle elezioni amministrative, una delibera della Giunta comunale riaccende il dibattito politico a Reggio Calabria e mette nel mirino la gestione del personale da parte dell\u2019attuale maggioranza di centrosinistra.<\/p>\n<p>\u00c8 stata infatti pubblicata all\u2019Albo Pretorio la Delibera di Giunta n. 38 dell\u201911 marzo 2026, con cui l\u2019amministrazione ha approvato il nuovo Piano triennale dei fabbisogni del personale (contenuto nel PIAO provvisorio 2026-2028). Un atto che dovrebbe programmare le esigenze organizzative dell\u2019ente, ma che appare come l\u2019ennesima dimostrazione di una pianificazione incerta: solo nel 2025, infatti, il documento \u00e8 stato rivisto ben sei volte, segnale di una gestione delle risorse umane quantomeno affannosa.<\/p>\n<p>Le novit\u00e0 del piano riguardano, in particolare, l\u2019assunzione di due unit\u00e0 nell\u2019area degli istruttori (ex categoria C) con contratto part-time al 50%, ai sensi dell\u2019art. 90 del TUEL (uffici di diretta collaborazione con gli organi politici). A queste si aggiunge la previsione di quattro specialisti informatici a tempo determinato fino al 2027, destinati ai progetti di transizione digitale.<\/p>\n<p>Sull\u2019assegnazione di incarichi fiduciari a ridosso del voto, la decisione appare politicamente poco opportuna. La giurisprudenza e la prassi amministrativa richiamano infatti un principio di autolimitazione durante la fase pre-elettorale: gli enti dovrebbero limitarsi agli atti urgenti, indifferibili o necessari alla continuit\u00e0 dei servizi.<\/p>\n<p>Ma l&#8217;aspetto pi\u00f9 controverso riguarda proprio i quattro specialisti informatici. Il Comune di Reggio Calabria \u00e8 proprietario della societ\u00e0 in-house &#8220;Hermes Servizi Metropolitani srl&#8221;, alla quale da anni sono affidati i servizi informatici dell&#8217;ente e che dispone gi\u00e0 di personale tecnico specializzato. Perch\u00e9 dunque procedere con nuove assunzioni esterne se esiste gi\u00e0 una societ\u00e0 dedicata?<\/p>\n<p>Nel gennaio 2025, il sindaco Giuseppe Falcomat\u00e0 rivendicava la centralit\u00e0 del sistema delle in-house dichiarando: \u00abSiamo un\u2019unica famiglia. Investire su una societ\u00e0 comunale equivale a investire su noi stessi\u00bb. Parole che oggi alimentano il sospetto di una strategia poco coerente.<\/p>\n<p>Nel clima acceso della vigilia elettorale, le domande restano aperte:<\/p>\n<ul>\n<li>Perch\u00e9 assumere nuovi informatici se esiste gi\u00e0 una societ\u00e0 comunale specializzata?<\/li>\n<li>Perch\u00e9 non valorizzare il personale della Hermes?<\/li>\n<li>Perch\u00e9 adottare decisioni di questo tipo a ridosso della campagna elettorale?<\/li>\n<\/ul>\n<p>Questi interrogativi pongono la gestione del personale come nodo centrale della prossima sfida elettorale. La vicenda sembra confermare una percezione diffusa: quella di una programmazione fragile, le cui scelte finiscono per assumere un peso politico inevitabile nel momento pi\u00f9 delicato per la democrazia cittadina.&#8221;, scrive nel comunicato l&#8217;Avv. Filomena Iat\u00ec gi\u00e0 Consigliere Comunale<\/p>\n","protected":false},"excerpt":{"rendered":"<p>Pubblichiamo il comunicato stampa della gi\u00e0 Consigliera comunale, Filomena Iat\u00ec, nel quale attacca il Comune di Reggio sul nuovo Piano triennale dei fabbisogni del personale, in particolar modo per quelle&hellip;<\/p>\n","protected":false},"author":5,"featured_media":88689,"comment_status":"closed","ping_status":"open","sticky":false,"template":"","format":"standard","meta":{"_jetpack_memberships_contains_paid_content":false,"footnotes":"","jetpack_publicize_message":"","jetpack_publicize_feature_enabled":true,"jetpack_social_post_already_shared":true,"jetpack_social_options":{"image_generator_settings":{"template":"highway","default_image_id":0,"font":"","enabled":false},"version":2}},"categories":[921,196,140],"tags":[],"class_list":["post-92036","post","type-post","status-publish","format-standard","has-post-thumbnail","hentry","category-home","category-news","category-reggio-calabria"],"yoast_head":"<!-- This site is optimized with the Yoast SEO plugin v27.2 - https:\/\/yoast.com\/product\/yoast-seo-wordpress\/ -->\n<title>Reggio: Iat\u00ec attacca l&#039;Amministrazione sulle assunzioni in prossimit\u00e0 delle elezioni - Radio Touring 104<\/title>\n<meta name=\"description\" content=\"L&#039;ex consigliera comunale attacca il Comune di Reggio sulle recenti assunzioni, in particolare quelle dei 4 informatici\" \/>\n<meta name=\"robots\" content=\"index, follow, max-snippet:-1, max-image-preview:large, max-video-preview:-1\" \/>\n<link rel=\"canonical\" href=\"https:\/\/progettotouring.it\/radiotouring104\/2026\/03\/16\/reggio-iati-attacca-lamministrazione-sulle-assunzioni-in-prossimita-delle-elezioni\/\" \/>\n<meta property=\"og:locale\" content=\"it_IT\" \/>\n<meta property=\"og:type\" content=\"article\" \/>\n<meta property=\"og:title\" content=\"Reggio: Iat\u00ec attacca l&#039;Amministrazione sulle assunzioni in prossimit\u00e0 delle elezioni - Radio Touring 104\" \/>\n<meta property=\"og:description\" content=\"L&#039;ex consigliera comunale attacca il Comune di Reggio sulle recenti assunzioni, in particolare quelle dei 4 informatici\" \/>\n<meta property=\"og:url\" content=\"https:\/\/progettotouring.it\/radiotouring104\/2026\/03\/16\/reggio-iati-attacca-lamministrazione-sulle-assunzioni-in-prossimita-delle-elezioni\/\" \/>\n<meta property=\"og:site_name\" content=\"Radio Touring 104\" \/>\n<meta property=\"article:published_time\" content=\"2026-03-16T09:20:45+00:00\" \/>\n<meta property=\"article:modified_time\" content=\"2026-03-16T10:40:12+00:00\" \/>\n<meta property=\"og:image\" content=\"https:\/\/progettotouring.it\/radiotouring104\/wp-content\/uploads\/sites\/6\/2026\/01\/Palazzo-San-Giorgio.gif\" \/>\n\t<meta property=\"og:image:width\" content=\"442\" \/>\n\t<meta property=\"og:image:height\" content=\"315\" \/>\n\t<meta property=\"og:image:type\" content=\"image\/gif\" \/>\n<meta name=\"author\" content=\"redazione\" \/>\n<meta name=\"twitter:card\" content=\"summary_large_image\" \/>\n<meta name=\"twitter:label1\" content=\"Scritto da\" \/>\n\t<meta name=\"twitter:data1\" content=\"redazione\" \/>\n\t<meta name=\"twitter:label2\" content=\"Tempo di lettura stimato\" \/>\n\t<meta name=\"twitter:data2\" content=\"2 minuti\" \/>\n<script type=\"application\/ld+json\" class=\"yoast-schema-graph\">{\"@context\":\"https:\/\/schema.org\",\"@graph\":[{\"@type\":\"Article\",\"@id\":\"https:\/\/progettotouring.it\/radiotouring104\/2026\/03\/16\/reggio-iati-attacca-lamministrazione-sulle-assunzioni-in-prossimita-delle-elezioni\/#article\",\"isPartOf\":{\"@id\":\"https:\/\/progettotouring.it\/radiotouring104\/2026\/03\/16\/reggio-iati-attacca-lamministrazione-sulle-assunzioni-in-prossimita-delle-elezioni\/\"},\"author\":{\"name\":\"redazione\",\"@id\":\"https:\/\/progettotouring.it\/radiotouring104\/#\/schema\/person\/1b3eb3c07c47136bc44c785c543e635f\"},\"headline\":\"Reggio: Iat\u00ec attacca l&#8217;Amministrazione sulle assunzioni in prossimit\u00e0 delle elezioni\",\"datePublished\":\"2026-03-16T09:20:45+00:00\",\"dateModified\":\"2026-03-16T10:40:12+00:00\",\"mainEntityOfPage\":{\"@id\":\"https:\/\/progettotouring.it\/radiotouring104\/2026\/03\/16\/reggio-iati-attacca-lamministrazione-sulle-assunzioni-in-prossimita-delle-elezioni\/\"},\"wordCount\":439,\"publisher\":{\"@id\":\"https:\/\/progettotouring.it\/radiotouring104\/#organization\"},\"image\":{\"@id\":\"https:\/\/progettotouring.it\/radiotouring104\/2026\/03\/16\/reggio-iati-attacca-lamministrazione-sulle-assunzioni-in-prossimita-delle-elezioni\/#primaryimage\"},\"thumbnailUrl\":\"https:\/\/progettotouring.it\/radiotouring104\/wp-content\/uploads\/sites\/6\/2026\/01\/Palazzo-San-Giorgio.gif\",\"articleSection\":[\"Home\",\"News\",\"Reggio Calabria\"],\"inLanguage\":\"it-IT\"},{\"@type\":\"WebPage\",\"@id\":\"https:\/\/progettotouring.it\/radiotouring104\/2026\/03\/16\/reggio-iati-attacca-lamministrazione-sulle-assunzioni-in-prossimita-delle-elezioni\/\",\"url\":\"https:\/\/progettotouring.it\/radiotouring104\/2026\/03\/16\/reggio-iati-attacca-lamministrazione-sulle-assunzioni-in-prossimita-delle-elezioni\/\",\"name\":\"Reggio: Iat\u00ec attacca l'Amministrazione sulle assunzioni in prossimit\u00e0 delle elezioni - Radio Touring 104\",\"isPartOf\":{\"@id\":\"https:\/\/progettotouring.it\/radiotouring104\/#website\"},\"primaryImageOfPage\":{\"@id\":\"https:\/\/progettotouring.it\/radiotouring104\/2026\/03\/16\/reggio-iati-attacca-lamministrazione-sulle-assunzioni-in-prossimita-delle-elezioni\/#primaryimage\"},\"image\":{\"@id\":\"https:\/\/progettotouring.it\/radiotouring104\/2026\/03\/16\/reggio-iati-attacca-lamministrazione-sulle-assunzioni-in-prossimita-delle-elezioni\/#primaryimage\"},\"thumbnailUrl\":\"https:\/\/progettotouring.it\/radiotouring104\/wp-content\/uploads\/sites\/6\/2026\/01\/Palazzo-San-Giorgio.gif\",\"datePublished\":\"2026-03-16T09:20:45+00:00\",\"dateModified\":\"2026-03-16T10:40:12+00:00\",\"description\":\"L'ex consigliera comunale attacca il Comune di Reggio sulle recenti assunzioni, in particolare quelle dei 4 informatici\",\"breadcrumb\":{\"@id\":\"https:\/\/progettotouring.it\/radiotouring104\/2026\/03\/16\/reggio-iati-attacca-lamministrazione-sulle-assunzioni-in-prossimita-delle-elezioni\/#breadcrumb\"},\"inLanguage\":\"it-IT\",\"potentialAction\":[{\"@type\":\"ReadAction\",\"target\":[\"https:\/\/progettotouring.it\/radiotouring104\/2026\/03\/16\/reggio-iati-attacca-lamministrazione-sulle-assunzioni-in-prossimita-delle-elezioni\/\"]}]},{\"@type\":\"ImageObject\",\"inLanguage\":\"it-IT\",\"@id\":\"https:\/\/progettotouring.it\/radiotouring104\/2026\/03\/16\/reggio-iati-attacca-lamministrazione-sulle-assunzioni-in-prossimita-delle-elezioni\/#primaryimage\",\"url\":\"https:\/\/progettotouring.it\/radiotouring104\/wp-content\/uploads\/sites\/6\/2026\/01\/Palazzo-San-Giorgio.gif\",\"contentUrl\":\"https:\/\/progettotouring.it\/radiotouring104\/wp-content\/uploads\/sites\/6\/2026\/01\/Palazzo-San-Giorgio.gif\",\"width\":442,\"height\":315},{\"@type\":\"BreadcrumbList\",\"@id\":\"https:\/\/progettotouring.it\/radiotouring104\/2026\/03\/16\/reggio-iati-attacca-lamministrazione-sulle-assunzioni-in-prossimita-delle-elezioni\/#breadcrumb\",\"itemListElement\":[{\"@type\":\"ListItem\",\"position\":1,\"name\":\"Home\",\"item\":\"https:\/\/progettotouring.it\/radiotouring104\/\"},{\"@type\":\"ListItem\",\"position\":2,\"name\":\"Reggio: Iat\u00ec attacca l&#8217;Amministrazione sulle assunzioni in prossimit\u00e0 delle elezioni\"}]},{\"@type\":\"WebSite\",\"@id\":\"https:\/\/progettotouring.it\/radiotouring104\/#website\",\"url\":\"https:\/\/progettotouring.it\/radiotouring104\/\",\"name\":\"Radio Touring 104\",\"description\":\"La prima radio Reggina\",\"publisher\":{\"@id\":\"https:\/\/progettotouring.it\/radiotouring104\/#organization\"},\"potentialAction\":[{\"@type\":\"SearchAction\",\"target\":{\"@type\":\"EntryPoint\",\"urlTemplate\":\"https:\/\/progettotouring.it\/radiotouring104\/?s={search_term_string}\"},\"query-input\":{\"@type\":\"PropertyValueSpecification\",\"valueRequired\":true,\"valueName\":\"search_term_string\"}}],\"inLanguage\":\"it-IT\"},{\"@type\":\"Organization\",\"@id\":\"https:\/\/progettotouring.it\/radiotouring104\/#organization\",\"name\":\"Radio Touring 104\",\"url\":\"https:\/\/progettotouring.it\/radiotouring104\/\",\"logo\":{\"@type\":\"ImageObject\",\"inLanguage\":\"it-IT\",\"@id\":\"https:\/\/progettotouring.it\/radiotouring104\/#\/schema\/logo\/image\/\",\"url\":\"https:\/\/progettotouring.it\/radiotouring104\/wp-content\/uploads\/sites\/6\/2022\/02\/cropped-logo-radio-touring-104.png\",\"contentUrl\":\"https:\/\/progettotouring.it\/radiotouring104\/wp-content\/uploads\/sites\/6\/2022\/02\/cropped-logo-radio-touring-104.png\",\"width\":377,\"height\":182,\"caption\":\"Radio Touring 104\"},\"image\":{\"@id\":\"https:\/\/progettotouring.it\/radiotouring104\/#\/schema\/logo\/image\/\"}},{\"@type\":\"Person\",\"@id\":\"https:\/\/progettotouring.it\/radiotouring104\/#\/schema\/person\/1b3eb3c07c47136bc44c785c543e635f\",\"name\":\"redazione\",\"image\":{\"@type\":\"ImageObject\",\"inLanguage\":\"it-IT\",\"@id\":\"https:\/\/secure.gravatar.com\/avatar\/0b31605b49f100769e8b624b3e05de1b73e1692e9568a352f60f53fd072e6e11?s=96&d=mm&r=g\",\"url\":\"https:\/\/secure.gravatar.com\/avatar\/0b31605b49f100769e8b624b3e05de1b73e1692e9568a352f60f53fd072e6e11?s=96&d=mm&r=g\",\"contentUrl\":\"https:\/\/secure.gravatar.com\/avatar\/0b31605b49f100769e8b624b3e05de1b73e1692e9568a352f60f53fd072e6e11?s=96&d=mm&r=g\",\"caption\":\"redazione\"},\"url\":\"https:\/\/progettotouring.it\/radiotouring104\/author\/redazione\/\"}]}<\/script>\n<!-- \/ Yoast SEO plugin. -->","yoast_head_json":{"title":"Reggio: Iat\u00ec attacca l'Amministrazione sulle assunzioni in prossimit\u00e0 delle elezioni - Radio Touring 104","description":"L'ex consigliera comunale attacca il Comune di Reggio sulle recenti assunzioni, in particolare quelle dei 4 informatici","robots":{"index":"index","follow":"follow","max-snippet":"max-snippet:-1","max-image-preview":"max-image-preview:large","max-video-preview":"max-video-preview:-1"},"canonical":"https:\/\/progettotouring.it\/radiotouring104\/2026\/03\/16\/reggio-iati-attacca-lamministrazione-sulle-assunzioni-in-prossimita-delle-elezioni\/","og_locale":"it_IT","og_type":"article","og_title":"Reggio: Iat\u00ec attacca l'Amministrazione sulle assunzioni in prossimit\u00e0 delle elezioni - Radio Touring 104","og_description":"L'ex consigliera comunale attacca il Comune di Reggio sulle recenti assunzioni, in particolare quelle dei 4 informatici","og_url":"https:\/\/progettotouring.it\/radiotouring104\/2026\/03\/16\/reggio-iati-attacca-lamministrazione-sulle-assunzioni-in-prossimita-delle-elezioni\/","og_site_name":"Radio Touring 104","article_published_time":"2026-03-16T09:20:45+00:00","article_modified_time":"2026-03-16T10:40:12+00:00","og_image":[{"width":442,"height":315,"url":"https:\/\/progettotouring.it\/radiotouring104\/wp-content\/uploads\/sites\/6\/2026\/01\/Palazzo-San-Giorgio.gif","type":"image\/gif"}],"author":"redazione","twitter_card":"summary_large_image","twitter_misc":{"Scritto da":"redazione","Tempo di lettura stimato":"2 minuti"},"schema":{"@context":"https:\/\/schema.org","@graph":[{"@type":"Article","@id":"https:\/\/progettotouring.it\/radiotouring104\/2026\/03\/16\/reggio-iati-attacca-lamministrazione-sulle-assunzioni-in-prossimita-delle-elezioni\/#article","isPartOf":{"@id":"https:\/\/progettotouring.it\/radiotouring104\/2026\/03\/16\/reggio-iati-attacca-lamministrazione-sulle-assunzioni-in-prossimita-delle-elezioni\/"},"author":{"name":"redazione","@id":"https:\/\/progettotouring.it\/radiotouring104\/#\/schema\/person\/1b3eb3c07c47136bc44c785c543e635f"},"headline":"Reggio: Iat\u00ec attacca l&#8217;Amministrazione sulle assunzioni in prossimit\u00e0 delle elezioni","datePublished":"2026-03-16T09:20:45+00:00","dateModified":"2026-03-16T10:40:12+00:00","mainEntityOfPage":{"@id":"https:\/\/progettotouring.it\/radiotouring104\/2026\/03\/16\/reggio-iati-attacca-lamministrazione-sulle-assunzioni-in-prossimita-delle-elezioni\/"},"wordCount":439,"publisher":{"@id":"https:\/\/progettotouring.it\/radiotouring104\/#organization"},"image":{"@id":"https:\/\/progettotouring.it\/radiotouring104\/2026\/03\/16\/reggio-iati-attacca-lamministrazione-sulle-assunzioni-in-prossimita-delle-elezioni\/#primaryimage"},"thumbnailUrl":"https:\/\/progettotouring.it\/radiotouring104\/wp-content\/uploads\/sites\/6\/2026\/01\/Palazzo-San-Giorgio.gif","articleSection":["Home","News","Reggio Calabria"],"inLanguage":"it-IT"},{"@type":"WebPage","@id":"https:\/\/progettotouring.it\/radiotouring104\/2026\/03\/16\/reggio-iati-attacca-lamministrazione-sulle-assunzioni-in-prossimita-delle-elezioni\/","url":"https:\/\/progettotouring.it\/radiotouring104\/2026\/03\/16\/reggio-iati-attacca-lamministrazione-sulle-assunzioni-in-prossimita-delle-elezioni\/","name":"Reggio: Iat\u00ec attacca l'Amministrazione sulle assunzioni in prossimit\u00e0 delle elezioni - Radio Touring 104","isPartOf":{"@id":"https:\/\/progettotouring.it\/radiotouring104\/#website"},"primaryImageOfPage":{"@id":"https:\/\/progettotouring.it\/radiotouring104\/2026\/03\/16\/reggio-iati-attacca-lamministrazione-sulle-assunzioni-in-prossimita-delle-elezioni\/#primaryimage"},"image":{"@id":"https:\/\/progettotouring.it\/radiotouring104\/2026\/03\/16\/reggio-iati-attacca-lamministrazione-sulle-assunzioni-in-prossimita-delle-elezioni\/#primaryimage"},"thumbnailUrl":"https:\/\/progettotouring.it\/radiotouring104\/wp-content\/uploads\/sites\/6\/2026\/01\/Palazzo-San-Giorgio.gif","datePublished":"2026-03-16T09:20:45+00:00","dateModified":"2026-03-16T10:40:12+00:00","description":"L'ex consigliera comunale attacca il Comune di Reggio sulle recenti assunzioni, in particolare quelle dei 4 informatici","breadcrumb":{"@id":"https:\/\/progettotouring.it\/radiotouring104\/2026\/03\/16\/reggio-iati-attacca-lamministrazione-sulle-assunzioni-in-prossimita-delle-elezioni\/#breadcrumb"},"inLanguage":"it-IT","potentialAction":[{"@type":"ReadAction","target":["https:\/\/progettotouring.it\/radiotouring104\/2026\/03\/16\/reggio-iati-attacca-lamministrazione-sulle-assunzioni-in-prossimita-delle-elezioni\/"]}]},{"@type":"ImageObject","inLanguage":"it-IT","@id":"https:\/\/progettotouring.it\/radiotouring104\/2026\/03\/16\/reggio-iati-attacca-lamministrazione-sulle-assunzioni-in-prossimita-delle-elezioni\/#primaryimage","url":"https:\/\/progettotouring.it\/radiotouring104\/wp-content\/uploads\/sites\/6\/2026\/01\/Palazzo-San-Giorgio.gif","contentUrl":"https:\/\/progettotouring.it\/radiotouring104\/wp-content\/uploads\/sites\/6\/2026\/01\/Palazzo-San-Giorgio.gif","width":442,"height":315},{"@type":"BreadcrumbList","@id":"https:\/\/progettotouring.it\/radiotouring104\/2026\/03\/16\/reggio-iati-attacca-lamministrazione-sulle-assunzioni-in-prossimita-delle-elezioni\/#breadcrumb","itemListElement":[{"@type":"ListItem","position":1,"name":"Home","item":"https:\/\/progettotouring.it\/radiotouring104\/"},{"@type":"ListItem","position":2,"name":"Reggio: Iat\u00ec attacca l&#8217;Amministrazione sulle assunzioni in prossimit\u00e0 delle elezioni"}]},{"@type":"WebSite","@id":"https:\/\/progettotouring.it\/radiotouring104\/#website","url":"https:\/\/progettotouring.it\/radiotouring104\/","name":"Radio Touring 104","description":"La prima radio Reggina","publisher":{"@id":"https:\/\/progettotouring.it\/radiotouring104\/#organization"},"potentialAction":[{"@type":"SearchAction","target":{"@type":"EntryPoint","urlTemplate":"https:\/\/progettotouring.it\/radiotouring104\/?s={search_term_string}"},"query-input":{"@type":"PropertyValueSpecification","valueRequired":true,"valueName":"search_term_string"}}],"inLanguage":"it-IT"},{"@type":"Organization","@id":"https:\/\/progettotouring.it\/radiotouring104\/#organization","name":"Radio Touring 104","url":"https:\/\/progettotouring.it\/radiotouring104\/","logo":{"@type":"ImageObject","inLanguage":"it-IT","@id":"https:\/\/progettotouring.it\/radiotouring104\/#\/schema\/logo\/image\/","url":"https:\/\/progettotouring.it\/radiotouring104\/wp-content\/uploads\/sites\/6\/2022\/02\/cropped-logo-radio-touring-104.png","contentUrl":"https:\/\/progettotouring.it\/radiotouring104\/wp-content\/uploads\/sites\/6\/2022\/02\/cropped-logo-radio-touring-104.png","width":377,"height":182,"caption":"Radio Touring 104"},"image":{"@id":"https:\/\/progettotouring.it\/radiotouring104\/#\/schema\/logo\/image\/"}},{"@type":"Person","@id":"https:\/\/progettotouring.it\/radiotouring104\/#\/schema\/person\/1b3eb3c07c47136bc44c785c543e635f","name":"redazione","image":{"@type":"ImageObject","inLanguage":"it-IT","@id":"https:\/\/secure.gravatar.com\/avatar\/0b31605b49f100769e8b624b3e05de1b73e1692e9568a352f60f53fd072e6e11?s=96&d=mm&r=g","url":"https:\/\/secure.gravatar.com\/avatar\/0b31605b49f100769e8b624b3e05de1b73e1692e9568a352f60f53fd072e6e11?s=96&d=mm&r=g","contentUrl":"https:\/\/secure.gravatar.com\/avatar\/0b31605b49f100769e8b624b3e05de1b73e1692e9568a352f60f53fd072e6e11?s=96&d=mm&r=g","caption":"redazione"},"url":"https:\/\/progettotouring.it\/radiotouring104\/author\/redazione\/"}]}},"jetpack_publicize_connections":[],"jetpack_featured_media_url":"https:\/\/progettotouring.it\/radiotouring104\/wp-content\/uploads\/sites\/6\/2026\/01\/Palazzo-San-Giorgio.gif","jetpack_sharing_enabled":true,"_links":{"self":[{"href":"https:\/\/progettotouring.it\/radiotouring104\/wp-json\/wp\/v2\/posts\/92036","targetHints":{"allow":["GET"]}}],"collection":[{"href":"https:\/\/progettotouring.it\/radiotouring104\/wp-json\/wp\/v2\/posts"}],"about":[{"href":"https:\/\/progettotouring.it\/radiotouring104\/wp-json\/wp\/v2\/types\/post"}],"author":[{"embeddable":true,"href":"https:\/\/progettotouring.it\/radiotouring104\/wp-json\/wp\/v2\/users\/5"}],"replies":[{"embeddable":true,"href":"https:\/\/progettotouring.it\/radiotouring104\/wp-json\/wp\/v2\/comments?post=92036"}],"version-history":[{"count":1,"href":"https:\/\/progettotouring.it\/radiotouring104\/wp-json\/wp\/v2\/posts\/92036\/revisions"}],"predecessor-version":[{"id":92037,"href":"https:\/\/progettotouring.it\/radiotouring104\/wp-json\/wp\/v2\/posts\/92036\/revisions\/92037"}],"wp:featuredmedia":[{"embeddable":true,"href":"https:\/\/progettotouring.it\/radiotouring104\/wp-json\/wp\/v2\/media\/88689"}],"wp:attachment":[{"href":"https:\/\/progettotouring.it\/radiotouring104\/wp-json\/wp\/v2\/media?parent=92036"}],"wp:term":[{"taxonomy":"category","embeddable":true,"href":"https:\/\/progettotouring.it\/radiotouring104\/wp-json\/wp\/v2\/categories?post=92036"},{"taxonomy":"post_tag","embeddable":true,"href":"https:\/\/progettotouring.it\/radiotouring104\/wp-json\/wp\/v2\/tags?post=92036"}],"curies":[{"name":"wp","href":"https:\/\/api.w.org\/{rel}","templated":true}]}}