{"id":92072,"date":"2026-03-16T11:51:25","date_gmt":"2026-03-16T10:51:25","guid":{"rendered":"https:\/\/progettotouring.it\/radiotouring104\/?p=92072"},"modified":"2026-03-16T12:40:59","modified_gmt":"2026-03-16T11:40:59","slug":"fipav-calabria-romina-pioli-la-pallavolo-regionale-vola-e-la-domotek-e-un-orgoglio","status":"publish","type":"post","link":"https:\/\/progettotouring.it\/radiotouring104\/2026\/03\/16\/fipav-calabria-romina-pioli-la-pallavolo-regionale-vola-e-la-domotek-e-un-orgoglio\/","title":{"rendered":"Fipav Calabria, Romina Pioli: &#8220;La Pallavolo regionale vola. E la Domotek \u00e8 un orgoglio&#8221;"},"content":{"rendered":"<p>Una due giorni di grande pallavolo al PalaCalafiore, con la Final Four di Coppa Calabria By Sensation a fare da preludio all&#8217;evento clou: la sfida della Domotek in Serie A3, gara decisiva per il primo posto nel terzo campionato d\u2019Italia. Nel cuore dell&#8217;evento, la consigliera Fipav Calabria Romina Pioli traccia un bilancio entusiasta del movimento regionale.<\/p>\n<p>&#8220;\u00c8 bellissimo giocare qui dentro questo palazzetto, le ragazze sono super. Abbiamo visto la prima semifinale con la Puliservice Reggio Calabria vincere 3-0 in una partita combattuta punto a punto. E\u2019 stato lo stesso dalla seconda semifinale tra Rossano e Cutro&#8221;. Cos\u00ec Romina Pioli descrive l&#8217;atmosfera del PalaCalafiore, gremito di appassionati per la festa della pallavolo calabrese.<\/p>\n<p>Alla domanda sullo stato di salute della pallavolo in Calabria, la risposta \u00e8 netta: &#8220;Sta bene. Stiamo organizzando tantissimi eventi per farci conoscere ancora di pi\u00f9. I numeri sono dalla nostra parte, stiamo crescendo e vediamo nascere tante nuove societ\u00e0. Siamo contenti di questo&#8221;.<\/p>\n<p>L&#8217;entusiasmo \u00e8 palpabile anche per il momento magico che sta vivendo la Domotek Reggio Calabria, reduce dalla storica conquista della Coppa Italia Del Monte di Serie A3. &#8220;Super felici &#8211; ammette Pioli -. Abbiamo incontrato i protagonisti di quella finale e fatto tantissimi complimenti. Per noi Federazione Calabria \u00e8 un orgoglio portare qui la Coppa Italia di A3. \u00c8 un grandissimo lavoro quello che sta facendo la Domotek, ma per tutta la Calabria. Non vediamo l&#8217;ora di vedere questa pallavolo<\/p>\n<p>Quasi uno storytelling, come lo definisce la stessa consigliera, perch\u00e9 la trama si arricchisce di un nuovo capitolo: ad agosto, sullo stesso parquet, arriveranno i campioni del mondo con la Nazionale Italiana. &#8220;Speriamo di poter raccontare tante belle cose &#8211; sorride Pioli -. Intanto ci godiamo la partita di domani alle 18, l&#8217;ultima della regular season, e poi auguriamo il meglio per i playoff alla Domotek. Chiss\u00e0 che non sia di buon auspicio vedere qui i campioni del mondo&#8221;.<\/p>\n<p>Una riflessione, infine, su cosa spinga i giovani ad avvicinarsi a questo sport. Pioli parla con il cuore di chi la pallavolo l&#8217;ha vissuta da giocatrice, presidente e ora dirigente: &#8220;Pi\u00f9 vado avanti negli anni, pi\u00f9 vedo tante ragazze e ragazzi avvicinarsi. Forse \u00e8 questo clima ancora di famiglia che c&#8217;\u00e8 nella pallavolo. I giocatori di Serie A finiscono una partita e sono molto vicini ai ragazzi, empatici. Trasmettono l&#8217;amore per questo sport. Si vive ancora la pallavolo per com&#8217;\u00e8 realmente&#8221;.<\/p>\n","protected":false},"excerpt":{"rendered":"<p>Una due giorni di grande pallavolo al PalaCalafiore, con la Final Four di Coppa Calabria By Sensation a fare da preludio all&#8217;evento clou: la sfida della Domotek in Serie A3,&hellip;<\/p>\n","protected":false},"author":5,"featured_media":92073,"comment_status":"closed","ping_status":"open","sticky":false,"template":"","format":"standard","meta":{"_jetpack_memberships_contains_paid_content":false,"footnotes":"","jetpack_publicize_message":"","jetpack_publicize_feature_enabled":true,"jetpack_social_post_already_shared":true,"jetpack_social_options":{"image_generator_settings":{"template":"highway","default_image_id":0,"font":"","enabled":false},"version":2}},"categories":[196,140,144],"tags":[51863,26780,51862,792,12192,51861],"class_list":["post-92072","post","type-post","status-publish","format-standard","has-post-thumbnail","hentry","category-news","category-reggio-calabria","category-sport","tag-domotek-e-un-orgoglio","tag-domotek-volley-reggio-calabria","tag-festa","tag-fipav","tag-palacalafiore-reggio-calabria","tag-pallavolo-regionale-vola"],"yoast_head":"<!-- This site is optimized with the Yoast SEO plugin v27.2 - https:\/\/yoast.com\/product\/yoast-seo-wordpress\/ -->\n<title>Fipav Calabria, Romina Pioli: &quot;La Pallavolo regionale vola. E la Domotek \u00e8 un orgoglio&quot; - Radio Touring 104<\/title>\n<meta name=\"description\" content=\"Romina Pioli descrive l&#039;atmosfera del PalaCalafiore, gremito di appassionati per la festa della pallavolo calabrese\" \/>\n<meta name=\"robots\" content=\"index, follow, max-snippet:-1, max-image-preview:large, max-video-preview:-1\" \/>\n<link rel=\"canonical\" href=\"https:\/\/progettotouring.it\/radiotouring104\/2026\/03\/16\/fipav-calabria-romina-pioli-la-pallavolo-regionale-vola-e-la-domotek-e-un-orgoglio\/\" \/>\n<meta property=\"og:locale\" content=\"it_IT\" \/>\n<meta property=\"og:type\" content=\"article\" \/>\n<meta property=\"og:title\" content=\"Fipav Calabria, Romina Pioli: &quot;La Pallavolo regionale vola. E la Domotek \u00e8 un orgoglio&quot; - Radio Touring 104\" \/>\n<meta property=\"og:description\" content=\"Romina Pioli descrive l&#039;atmosfera del PalaCalafiore, gremito di appassionati per la festa della pallavolo calabrese\" \/>\n<meta property=\"og:url\" content=\"https:\/\/progettotouring.it\/radiotouring104\/2026\/03\/16\/fipav-calabria-romina-pioli-la-pallavolo-regionale-vola-e-la-domotek-e-un-orgoglio\/\" \/>\n<meta property=\"og:site_name\" content=\"Radio Touring 104\" \/>\n<meta property=\"article:published_time\" content=\"2026-03-16T10:51:25+00:00\" \/>\n<meta property=\"article:modified_time\" content=\"2026-03-16T11:40:59+00:00\" \/>\n<meta property=\"og:image\" content=\"https:\/\/progettotouring.it\/radiotouring104\/wp-content\/uploads\/sites\/6\/2026\/03\/Fipav-Calabria-Romina-Pioli.gif\" \/>\n\t<meta property=\"og:image:width\" content=\"979\" \/>\n\t<meta property=\"og:image:height\" content=\"637\" \/>\n\t<meta property=\"og:image:type\" content=\"image\/gif\" \/>\n<meta name=\"author\" content=\"redazione\" \/>\n<meta name=\"twitter:card\" content=\"summary_large_image\" \/>\n<meta name=\"twitter:label1\" content=\"Scritto da\" \/>\n\t<meta name=\"twitter:data1\" content=\"redazione\" \/>\n\t<meta name=\"twitter:label2\" content=\"Tempo di lettura stimato\" \/>\n\t<meta name=\"twitter:data2\" content=\"2 minuti\" \/>\n<script type=\"application\/ld+json\" class=\"yoast-schema-graph\">{\"@context\":\"https:\/\/schema.org\",\"@graph\":[{\"@type\":\"Article\",\"@id\":\"https:\/\/progettotouring.it\/radiotouring104\/2026\/03\/16\/fipav-calabria-romina-pioli-la-pallavolo-regionale-vola-e-la-domotek-e-un-orgoglio\/#article\",\"isPartOf\":{\"@id\":\"https:\/\/progettotouring.it\/radiotouring104\/2026\/03\/16\/fipav-calabria-romina-pioli-la-pallavolo-regionale-vola-e-la-domotek-e-un-orgoglio\/\"},\"author\":{\"name\":\"redazione\",\"@id\":\"https:\/\/progettotouring.it\/radiotouring104\/#\/schema\/person\/1b3eb3c07c47136bc44c785c543e635f\"},\"headline\":\"Fipav Calabria, Romina Pioli: &#8220;La Pallavolo regionale vola. E la Domotek \u00e8 un orgoglio&#8221;\",\"datePublished\":\"2026-03-16T10:51:25+00:00\",\"dateModified\":\"2026-03-16T11:40:59+00:00\",\"mainEntityOfPage\":{\"@id\":\"https:\/\/progettotouring.it\/radiotouring104\/2026\/03\/16\/fipav-calabria-romina-pioli-la-pallavolo-regionale-vola-e-la-domotek-e-un-orgoglio\/\"},\"wordCount\":404,\"publisher\":{\"@id\":\"https:\/\/progettotouring.it\/radiotouring104\/#organization\"},\"image\":{\"@id\":\"https:\/\/progettotouring.it\/radiotouring104\/2026\/03\/16\/fipav-calabria-romina-pioli-la-pallavolo-regionale-vola-e-la-domotek-e-un-orgoglio\/#primaryimage\"},\"thumbnailUrl\":\"https:\/\/progettotouring.it\/radiotouring104\/wp-content\/uploads\/sites\/6\/2026\/03\/Fipav-Calabria-Romina-Pioli.gif\",\"keywords\":[\"Domotek \u00e8 un orgoglio\",\"Domotek Volley Reggio Calabria\",\"Festa\",\"Fipav\",\"Palacalafiore Reggio Calabria\",\"Pallavolo regionale vola\"],\"articleSection\":[\"News\",\"Reggio Calabria\",\"Sport\"],\"inLanguage\":\"it-IT\"},{\"@type\":\"WebPage\",\"@id\":\"https:\/\/progettotouring.it\/radiotouring104\/2026\/03\/16\/fipav-calabria-romina-pioli-la-pallavolo-regionale-vola-e-la-domotek-e-un-orgoglio\/\",\"url\":\"https:\/\/progettotouring.it\/radiotouring104\/2026\/03\/16\/fipav-calabria-romina-pioli-la-pallavolo-regionale-vola-e-la-domotek-e-un-orgoglio\/\",\"name\":\"Fipav Calabria, Romina Pioli: \\\"La Pallavolo regionale vola. E la Domotek \u00e8 un orgoglio\\\" - Radio Touring 104\",\"isPartOf\":{\"@id\":\"https:\/\/progettotouring.it\/radiotouring104\/#website\"},\"primaryImageOfPage\":{\"@id\":\"https:\/\/progettotouring.it\/radiotouring104\/2026\/03\/16\/fipav-calabria-romina-pioli-la-pallavolo-regionale-vola-e-la-domotek-e-un-orgoglio\/#primaryimage\"},\"image\":{\"@id\":\"https:\/\/progettotouring.it\/radiotouring104\/2026\/03\/16\/fipav-calabria-romina-pioli-la-pallavolo-regionale-vola-e-la-domotek-e-un-orgoglio\/#primaryimage\"},\"thumbnailUrl\":\"https:\/\/progettotouring.it\/radiotouring104\/wp-content\/uploads\/sites\/6\/2026\/03\/Fipav-Calabria-Romina-Pioli.gif\",\"datePublished\":\"2026-03-16T10:51:25+00:00\",\"dateModified\":\"2026-03-16T11:40:59+00:00\",\"description\":\"Romina Pioli descrive l'atmosfera del PalaCalafiore, gremito di appassionati per la festa della pallavolo calabrese\",\"breadcrumb\":{\"@id\":\"https:\/\/progettotouring.it\/radiotouring104\/2026\/03\/16\/fipav-calabria-romina-pioli-la-pallavolo-regionale-vola-e-la-domotek-e-un-orgoglio\/#breadcrumb\"},\"inLanguage\":\"it-IT\",\"potentialAction\":[{\"@type\":\"ReadAction\",\"target\":[\"https:\/\/progettotouring.it\/radiotouring104\/2026\/03\/16\/fipav-calabria-romina-pioli-la-pallavolo-regionale-vola-e-la-domotek-e-un-orgoglio\/\"]}]},{\"@type\":\"ImageObject\",\"inLanguage\":\"it-IT\",\"@id\":\"https:\/\/progettotouring.it\/radiotouring104\/2026\/03\/16\/fipav-calabria-romina-pioli-la-pallavolo-regionale-vola-e-la-domotek-e-un-orgoglio\/#primaryimage\",\"url\":\"https:\/\/progettotouring.it\/radiotouring104\/wp-content\/uploads\/sites\/6\/2026\/03\/Fipav-Calabria-Romina-Pioli.gif\",\"contentUrl\":\"https:\/\/progettotouring.it\/radiotouring104\/wp-content\/uploads\/sites\/6\/2026\/03\/Fipav-Calabria-Romina-Pioli.gif\",\"width\":979,\"height\":637},{\"@type\":\"BreadcrumbList\",\"@id\":\"https:\/\/progettotouring.it\/radiotouring104\/2026\/03\/16\/fipav-calabria-romina-pioli-la-pallavolo-regionale-vola-e-la-domotek-e-un-orgoglio\/#breadcrumb\",\"itemListElement\":[{\"@type\":\"ListItem\",\"position\":1,\"name\":\"Home\",\"item\":\"https:\/\/progettotouring.it\/radiotouring104\/\"},{\"@type\":\"ListItem\",\"position\":2,\"name\":\"Fipav Calabria, Romina Pioli: &#8220;La Pallavolo regionale vola. E la Domotek \u00e8 un orgoglio&#8221;\"}]},{\"@type\":\"WebSite\",\"@id\":\"https:\/\/progettotouring.it\/radiotouring104\/#website\",\"url\":\"https:\/\/progettotouring.it\/radiotouring104\/\",\"name\":\"Radio Touring 104\",\"description\":\"La prima radio Reggina\",\"publisher\":{\"@id\":\"https:\/\/progettotouring.it\/radiotouring104\/#organization\"},\"potentialAction\":[{\"@type\":\"SearchAction\",\"target\":{\"@type\":\"EntryPoint\",\"urlTemplate\":\"https:\/\/progettotouring.it\/radiotouring104\/?s={search_term_string}\"},\"query-input\":{\"@type\":\"PropertyValueSpecification\",\"valueRequired\":true,\"valueName\":\"search_term_string\"}}],\"inLanguage\":\"it-IT\"},{\"@type\":\"Organization\",\"@id\":\"https:\/\/progettotouring.it\/radiotouring104\/#organization\",\"name\":\"Radio Touring 104\",\"url\":\"https:\/\/progettotouring.it\/radiotouring104\/\",\"logo\":{\"@type\":\"ImageObject\",\"inLanguage\":\"it-IT\",\"@id\":\"https:\/\/progettotouring.it\/radiotouring104\/#\/schema\/logo\/image\/\",\"url\":\"https:\/\/progettotouring.it\/radiotouring104\/wp-content\/uploads\/sites\/6\/2022\/02\/cropped-logo-radio-touring-104.png\",\"contentUrl\":\"https:\/\/progettotouring.it\/radiotouring104\/wp-content\/uploads\/sites\/6\/2022\/02\/cropped-logo-radio-touring-104.png\",\"width\":377,\"height\":182,\"caption\":\"Radio Touring 104\"},\"image\":{\"@id\":\"https:\/\/progettotouring.it\/radiotouring104\/#\/schema\/logo\/image\/\"}},{\"@type\":\"Person\",\"@id\":\"https:\/\/progettotouring.it\/radiotouring104\/#\/schema\/person\/1b3eb3c07c47136bc44c785c543e635f\",\"name\":\"redazione\",\"image\":{\"@type\":\"ImageObject\",\"inLanguage\":\"it-IT\",\"@id\":\"https:\/\/secure.gravatar.com\/avatar\/0b31605b49f100769e8b624b3e05de1b73e1692e9568a352f60f53fd072e6e11?s=96&d=mm&r=g\",\"url\":\"https:\/\/secure.gravatar.com\/avatar\/0b31605b49f100769e8b624b3e05de1b73e1692e9568a352f60f53fd072e6e11?s=96&d=mm&r=g\",\"contentUrl\":\"https:\/\/secure.gravatar.com\/avatar\/0b31605b49f100769e8b624b3e05de1b73e1692e9568a352f60f53fd072e6e11?s=96&d=mm&r=g\",\"caption\":\"redazione\"},\"url\":\"https:\/\/progettotouring.it\/radiotouring104\/author\/redazione\/\"}]}<\/script>\n<!-- \/ Yoast SEO plugin. -->","yoast_head_json":{"title":"Fipav Calabria, Romina Pioli: \"La Pallavolo regionale vola. E la Domotek \u00e8 un orgoglio\" - Radio Touring 104","description":"Romina Pioli descrive l'atmosfera del PalaCalafiore, gremito di appassionati per la festa della pallavolo calabrese","robots":{"index":"index","follow":"follow","max-snippet":"max-snippet:-1","max-image-preview":"max-image-preview:large","max-video-preview":"max-video-preview:-1"},"canonical":"https:\/\/progettotouring.it\/radiotouring104\/2026\/03\/16\/fipav-calabria-romina-pioli-la-pallavolo-regionale-vola-e-la-domotek-e-un-orgoglio\/","og_locale":"it_IT","og_type":"article","og_title":"Fipav Calabria, Romina Pioli: \"La Pallavolo regionale vola. E la Domotek \u00e8 un orgoglio\" - Radio Touring 104","og_description":"Romina Pioli descrive l'atmosfera del PalaCalafiore, gremito di appassionati per la festa della pallavolo calabrese","og_url":"https:\/\/progettotouring.it\/radiotouring104\/2026\/03\/16\/fipav-calabria-romina-pioli-la-pallavolo-regionale-vola-e-la-domotek-e-un-orgoglio\/","og_site_name":"Radio Touring 104","article_published_time":"2026-03-16T10:51:25+00:00","article_modified_time":"2026-03-16T11:40:59+00:00","og_image":[{"width":979,"height":637,"url":"https:\/\/progettotouring.it\/radiotouring104\/wp-content\/uploads\/sites\/6\/2026\/03\/Fipav-Calabria-Romina-Pioli.gif","type":"image\/gif"}],"author":"redazione","twitter_card":"summary_large_image","twitter_misc":{"Scritto da":"redazione","Tempo di lettura stimato":"2 minuti"},"schema":{"@context":"https:\/\/schema.org","@graph":[{"@type":"Article","@id":"https:\/\/progettotouring.it\/radiotouring104\/2026\/03\/16\/fipav-calabria-romina-pioli-la-pallavolo-regionale-vola-e-la-domotek-e-un-orgoglio\/#article","isPartOf":{"@id":"https:\/\/progettotouring.it\/radiotouring104\/2026\/03\/16\/fipav-calabria-romina-pioli-la-pallavolo-regionale-vola-e-la-domotek-e-un-orgoglio\/"},"author":{"name":"redazione","@id":"https:\/\/progettotouring.it\/radiotouring104\/#\/schema\/person\/1b3eb3c07c47136bc44c785c543e635f"},"headline":"Fipav Calabria, Romina Pioli: &#8220;La Pallavolo regionale vola. E la Domotek \u00e8 un orgoglio&#8221;","datePublished":"2026-03-16T10:51:25+00:00","dateModified":"2026-03-16T11:40:59+00:00","mainEntityOfPage":{"@id":"https:\/\/progettotouring.it\/radiotouring104\/2026\/03\/16\/fipav-calabria-romina-pioli-la-pallavolo-regionale-vola-e-la-domotek-e-un-orgoglio\/"},"wordCount":404,"publisher":{"@id":"https:\/\/progettotouring.it\/radiotouring104\/#organization"},"image":{"@id":"https:\/\/progettotouring.it\/radiotouring104\/2026\/03\/16\/fipav-calabria-romina-pioli-la-pallavolo-regionale-vola-e-la-domotek-e-un-orgoglio\/#primaryimage"},"thumbnailUrl":"https:\/\/progettotouring.it\/radiotouring104\/wp-content\/uploads\/sites\/6\/2026\/03\/Fipav-Calabria-Romina-Pioli.gif","keywords":["Domotek \u00e8 un orgoglio","Domotek Volley Reggio Calabria","Festa","Fipav","Palacalafiore Reggio Calabria","Pallavolo regionale vola"],"articleSection":["News","Reggio Calabria","Sport"],"inLanguage":"it-IT"},{"@type":"WebPage","@id":"https:\/\/progettotouring.it\/radiotouring104\/2026\/03\/16\/fipav-calabria-romina-pioli-la-pallavolo-regionale-vola-e-la-domotek-e-un-orgoglio\/","url":"https:\/\/progettotouring.it\/radiotouring104\/2026\/03\/16\/fipav-calabria-romina-pioli-la-pallavolo-regionale-vola-e-la-domotek-e-un-orgoglio\/","name":"Fipav Calabria, Romina Pioli: \"La Pallavolo regionale vola. E la Domotek \u00e8 un orgoglio\" - Radio Touring 104","isPartOf":{"@id":"https:\/\/progettotouring.it\/radiotouring104\/#website"},"primaryImageOfPage":{"@id":"https:\/\/progettotouring.it\/radiotouring104\/2026\/03\/16\/fipav-calabria-romina-pioli-la-pallavolo-regionale-vola-e-la-domotek-e-un-orgoglio\/#primaryimage"},"image":{"@id":"https:\/\/progettotouring.it\/radiotouring104\/2026\/03\/16\/fipav-calabria-romina-pioli-la-pallavolo-regionale-vola-e-la-domotek-e-un-orgoglio\/#primaryimage"},"thumbnailUrl":"https:\/\/progettotouring.it\/radiotouring104\/wp-content\/uploads\/sites\/6\/2026\/03\/Fipav-Calabria-Romina-Pioli.gif","datePublished":"2026-03-16T10:51:25+00:00","dateModified":"2026-03-16T11:40:59+00:00","description":"Romina Pioli descrive l'atmosfera del PalaCalafiore, gremito di appassionati per la festa della pallavolo calabrese","breadcrumb":{"@id":"https:\/\/progettotouring.it\/radiotouring104\/2026\/03\/16\/fipav-calabria-romina-pioli-la-pallavolo-regionale-vola-e-la-domotek-e-un-orgoglio\/#breadcrumb"},"inLanguage":"it-IT","potentialAction":[{"@type":"ReadAction","target":["https:\/\/progettotouring.it\/radiotouring104\/2026\/03\/16\/fipav-calabria-romina-pioli-la-pallavolo-regionale-vola-e-la-domotek-e-un-orgoglio\/"]}]},{"@type":"ImageObject","inLanguage":"it-IT","@id":"https:\/\/progettotouring.it\/radiotouring104\/2026\/03\/16\/fipav-calabria-romina-pioli-la-pallavolo-regionale-vola-e-la-domotek-e-un-orgoglio\/#primaryimage","url":"https:\/\/progettotouring.it\/radiotouring104\/wp-content\/uploads\/sites\/6\/2026\/03\/Fipav-Calabria-Romina-Pioli.gif","contentUrl":"https:\/\/progettotouring.it\/radiotouring104\/wp-content\/uploads\/sites\/6\/2026\/03\/Fipav-Calabria-Romina-Pioli.gif","width":979,"height":637},{"@type":"BreadcrumbList","@id":"https:\/\/progettotouring.it\/radiotouring104\/2026\/03\/16\/fipav-calabria-romina-pioli-la-pallavolo-regionale-vola-e-la-domotek-e-un-orgoglio\/#breadcrumb","itemListElement":[{"@type":"ListItem","position":1,"name":"Home","item":"https:\/\/progettotouring.it\/radiotouring104\/"},{"@type":"ListItem","position":2,"name":"Fipav Calabria, Romina Pioli: &#8220;La Pallavolo regionale vola. E la Domotek \u00e8 un orgoglio&#8221;"}]},{"@type":"WebSite","@id":"https:\/\/progettotouring.it\/radiotouring104\/#website","url":"https:\/\/progettotouring.it\/radiotouring104\/","name":"Radio Touring 104","description":"La prima radio Reggina","publisher":{"@id":"https:\/\/progettotouring.it\/radiotouring104\/#organization"},"potentialAction":[{"@type":"SearchAction","target":{"@type":"EntryPoint","urlTemplate":"https:\/\/progettotouring.it\/radiotouring104\/?s={search_term_string}"},"query-input":{"@type":"PropertyValueSpecification","valueRequired":true,"valueName":"search_term_string"}}],"inLanguage":"it-IT"},{"@type":"Organization","@id":"https:\/\/progettotouring.it\/radiotouring104\/#organization","name":"Radio Touring 104","url":"https:\/\/progettotouring.it\/radiotouring104\/","logo":{"@type":"ImageObject","inLanguage":"it-IT","@id":"https:\/\/progettotouring.it\/radiotouring104\/#\/schema\/logo\/image\/","url":"https:\/\/progettotouring.it\/radiotouring104\/wp-content\/uploads\/sites\/6\/2022\/02\/cropped-logo-radio-touring-104.png","contentUrl":"https:\/\/progettotouring.it\/radiotouring104\/wp-content\/uploads\/sites\/6\/2022\/02\/cropped-logo-radio-touring-104.png","width":377,"height":182,"caption":"Radio Touring 104"},"image":{"@id":"https:\/\/progettotouring.it\/radiotouring104\/#\/schema\/logo\/image\/"}},{"@type":"Person","@id":"https:\/\/progettotouring.it\/radiotouring104\/#\/schema\/person\/1b3eb3c07c47136bc44c785c543e635f","name":"redazione","image":{"@type":"ImageObject","inLanguage":"it-IT","@id":"https:\/\/secure.gravatar.com\/avatar\/0b31605b49f100769e8b624b3e05de1b73e1692e9568a352f60f53fd072e6e11?s=96&d=mm&r=g","url":"https:\/\/secure.gravatar.com\/avatar\/0b31605b49f100769e8b624b3e05de1b73e1692e9568a352f60f53fd072e6e11?s=96&d=mm&r=g","contentUrl":"https:\/\/secure.gravatar.com\/avatar\/0b31605b49f100769e8b624b3e05de1b73e1692e9568a352f60f53fd072e6e11?s=96&d=mm&r=g","caption":"redazione"},"url":"https:\/\/progettotouring.it\/radiotouring104\/author\/redazione\/"}]}},"jetpack_publicize_connections":[],"jetpack_featured_media_url":"https:\/\/progettotouring.it\/radiotouring104\/wp-content\/uploads\/sites\/6\/2026\/03\/Fipav-Calabria-Romina-Pioli.gif","jetpack_sharing_enabled":true,"_links":{"self":[{"href":"https:\/\/progettotouring.it\/radiotouring104\/wp-json\/wp\/v2\/posts\/92072","targetHints":{"allow":["GET"]}}],"collection":[{"href":"https:\/\/progettotouring.it\/radiotouring104\/wp-json\/wp\/v2\/posts"}],"about":[{"href":"https:\/\/progettotouring.it\/radiotouring104\/wp-json\/wp\/v2\/types\/post"}],"author":[{"embeddable":true,"href":"https:\/\/progettotouring.it\/radiotouring104\/wp-json\/wp\/v2\/users\/5"}],"replies":[{"embeddable":true,"href":"https:\/\/progettotouring.it\/radiotouring104\/wp-json\/wp\/v2\/comments?post=92072"}],"version-history":[{"count":1,"href":"https:\/\/progettotouring.it\/radiotouring104\/wp-json\/wp\/v2\/posts\/92072\/revisions"}],"predecessor-version":[{"id":92074,"href":"https:\/\/progettotouring.it\/radiotouring104\/wp-json\/wp\/v2\/posts\/92072\/revisions\/92074"}],"wp:featuredmedia":[{"embeddable":true,"href":"https:\/\/progettotouring.it\/radiotouring104\/wp-json\/wp\/v2\/media\/92073"}],"wp:attachment":[{"href":"https:\/\/progettotouring.it\/radiotouring104\/wp-json\/wp\/v2\/media?parent=92072"}],"wp:term":[{"taxonomy":"category","embeddable":true,"href":"https:\/\/progettotouring.it\/radiotouring104\/wp-json\/wp\/v2\/categories?post=92072"},{"taxonomy":"post_tag","embeddable":true,"href":"https:\/\/progettotouring.it\/radiotouring104\/wp-json\/wp\/v2\/tags?post=92072"}],"curies":[{"name":"wp","href":"https:\/\/api.w.org\/{rel}","templated":true}]}}