{"id":92076,"date":"2026-03-16T11:57:31","date_gmt":"2026-03-16T10:57:31","guid":{"rendered":"https:\/\/progettotouring.it\/radiotouring104\/?p=92076"},"modified":"2026-03-16T12:41:04","modified_gmt":"2026-03-16T11:41:04","slug":"pallavolo-sestito-reggio-si-riscopre-la-capitale-di-questo-sport","status":"publish","type":"post","link":"https:\/\/progettotouring.it\/radiotouring104\/2026\/03\/16\/pallavolo-sestito-reggio-si-riscopre-la-capitale-di-questo-sport\/","title":{"rendered":"Pallavolo, Sestito \u00abReggio si riscopre la Capitale di questo Sport\u00bb"},"content":{"rendered":"<p>Un fine settimana da incorniciare per la pallavolo calabrese. Il PalaCalafiore di Reggio Calabria \u00e8 stato il cuore pulsante della disciplina ed ha richiamato tantissimi appassionati.<\/p>\n<p>Il presidente della Fipav Calabria, Carmelo Sestito, ha commentato con entusiasmo questa due giorni storica, tracciando un primo bilancio positivo e guardando gi\u00e0 ai prossimi<a href=\"http:\/\/appuntamenti.in\/\">\u00a0appuntamenti.In\u00a0<\/a>campo sia le Finals di Coppa Calabria by Sensation della C Femminile, che il Big Match di Serie A3 tra la massima espressione del volley regionale, la Domotek contro Lecce.<\/p>\n<p>\u00abCoinvolgimento totale. Abbiamo visto tanti giovani, tantissime ragazze in campo e sugli spalti. \u00c8 uno scenario meraviglioso. Le squadre stanno dando spettacolo e domani sar\u00e0 ancora una grande festa. Siamo felici di essere qui e di far parte di questo momento storico per la pallavolo reggina e calabrese\u00bb.<\/p>\n<p>\u00abBisogna dare atto alla Domotek di aver avuto la giusta sensibilit\u00e0 nell&#8217;unire due eventi cos\u00ec importanti in pochi giorni. La partita decisiva di campionato e la finale di Coppa non potevano che essere un ottimo viatico per rilanciare l&#8217;attenzione su questo sport. Reggio sta finalmente tornando a parlare di pallavolo come merita\u00bb.<\/p>\n<p>\u00abI ricordi sono tanti in questa citt\u00e0: i Vigili del fuoco, il Principe di Piemonte. \u00c8 da l\u00ec che \u00e8 nato tutto. Reggio Calabria ha una storia pallavolistica importantissima. Da quelle palestre sono usciti professionisti che oggi ricoprono ruoli fondamentali nella societ\u00e0, nello sport e nelle istituzioni cittadine. Quella scuola \u00e8 stata la nostra maestra e oggi ne raccogliamo i frutti\u00bb.<\/p>\n<p>\u00abLa Coppa Italia della Domotek?A livello cittadino, a livello maschile, non si era mai visto nulla di simile. Fa piacere, fa notizia, ne sta parlando tutta Italia. Questa vittoria \u00e8 stata costruita con pazienza, con la voglia di andare avanti e di non far mancare nulla a un club che si sta dimostrando all&#8217;altezza delle grandi. Giocare in casa \u00e8 stato importante, ma l&#8217;impresa resta una scommessa vinta\u00bb.<\/p>\n<p>\u00abE l\u2019Italia maschile nel mese di Agosto? E non \u00e8 finita qui. A cavallo di quello che accadr\u00e0 in campionato, nel mese di agosto arriver\u00e0 la Nazionale, la squadra campione del mondo. Sembra una storia gi\u00e0 scritta, uno storytelling con il lieto fine. Sar\u00e0 un grande evento per tutto il Sud Italia\u00bb.<\/p>\n<p>\u00abIl movimento sta rispondendo alla grande. \u00c8 una grande emozione vedere il ritorno del pubblico sugli spalti. Buona pallavolo a tutti,\u00bb<\/p>\n<p>&nbsp;<\/p>\n","protected":false},"excerpt":{"rendered":"<p>Un fine settimana da incorniciare per la pallavolo calabrese. Il PalaCalafiore di Reggio Calabria \u00e8 stato il cuore pulsante della disciplina ed ha richiamato tantissimi appassionati. Il presidente della Fipav&hellip;<\/p>\n","protected":false},"author":5,"featured_media":92077,"comment_status":"closed","ping_status":"open","sticky":false,"template":"","format":"standard","meta":{"_jetpack_memberships_contains_paid_content":false,"footnotes":"","jetpack_publicize_message":"","jetpack_publicize_feature_enabled":true,"jetpack_social_post_already_shared":true,"jetpack_social_options":{"image_generator_settings":{"template":"highway","default_image_id":0,"font":"","enabled":false},"version":2}},"categories":[196,140,144],"tags":[51865,26780,51867,51866,48264,51864],"class_list":["post-92076","post","type-post","status-publish","format-standard","has-post-thumbnail","hentry","category-news","category-reggio-calabria","category-sport","tag-carmelo-sestito","tag-domotek-volley-reggio-calabria","tag-finals-di-coppa-calabria","tag-fipav-calabria","tag-puliservice-rc","tag-reggio-si-riscopre-la-capitale-di-questo-sport"],"yoast_head":"<!-- This site is optimized with the Yoast SEO plugin v27.2 - https:\/\/yoast.com\/product\/yoast-seo-wordpress\/ -->\n<title>Pallavolo, Sestito \u00abReggio si riscopre la Capitale di questo Sport\u00bb - Radio Touring 104<\/title>\n<meta name=\"description\" content=\"Il presidente della Fipav Calabria, Carmelo Sestito, ha commentato con entusiasmo questa due giorni storica per le compagini reggine\" \/>\n<meta name=\"robots\" content=\"index, follow, max-snippet:-1, max-image-preview:large, max-video-preview:-1\" \/>\n<link rel=\"canonical\" href=\"https:\/\/progettotouring.it\/radiotouring104\/2026\/03\/16\/pallavolo-sestito-reggio-si-riscopre-la-capitale-di-questo-sport\/\" \/>\n<meta property=\"og:locale\" content=\"it_IT\" \/>\n<meta property=\"og:type\" content=\"article\" \/>\n<meta property=\"og:title\" content=\"Pallavolo, Sestito \u00abReggio si riscopre la Capitale di questo Sport\u00bb - Radio Touring 104\" \/>\n<meta property=\"og:description\" content=\"Il presidente della Fipav Calabria, Carmelo Sestito, ha commentato con entusiasmo questa due giorni storica per le compagini reggine\" \/>\n<meta property=\"og:url\" content=\"https:\/\/progettotouring.it\/radiotouring104\/2026\/03\/16\/pallavolo-sestito-reggio-si-riscopre-la-capitale-di-questo-sport\/\" \/>\n<meta property=\"og:site_name\" content=\"Radio Touring 104\" \/>\n<meta property=\"article:published_time\" content=\"2026-03-16T10:57:31+00:00\" \/>\n<meta property=\"article:modified_time\" content=\"2026-03-16T11:41:04+00:00\" \/>\n<meta property=\"og:image\" content=\"https:\/\/progettotouring.it\/radiotouring104\/wp-content\/uploads\/sites\/6\/2026\/03\/Carnelo-Sestito-FIPAV-Calabria.jpg\" \/>\n\t<meta property=\"og:image:width\" content=\"214\" \/>\n\t<meta property=\"og:image:height\" content=\"236\" \/>\n\t<meta property=\"og:image:type\" content=\"image\/jpeg\" \/>\n<meta name=\"author\" content=\"redazione\" \/>\n<meta name=\"twitter:card\" content=\"summary_large_image\" \/>\n<meta name=\"twitter:label1\" content=\"Scritto da\" \/>\n\t<meta name=\"twitter:data1\" content=\"redazione\" \/>\n\t<meta name=\"twitter:label2\" content=\"Tempo di lettura stimato\" \/>\n\t<meta name=\"twitter:data2\" content=\"2 minuti\" \/>\n<script type=\"application\/ld+json\" class=\"yoast-schema-graph\">{\"@context\":\"https:\/\/schema.org\",\"@graph\":[{\"@type\":\"Article\",\"@id\":\"https:\/\/progettotouring.it\/radiotouring104\/2026\/03\/16\/pallavolo-sestito-reggio-si-riscopre-la-capitale-di-questo-sport\/#article\",\"isPartOf\":{\"@id\":\"https:\/\/progettotouring.it\/radiotouring104\/2026\/03\/16\/pallavolo-sestito-reggio-si-riscopre-la-capitale-di-questo-sport\/\"},\"author\":{\"name\":\"redazione\",\"@id\":\"https:\/\/progettotouring.it\/radiotouring104\/#\/schema\/person\/1b3eb3c07c47136bc44c785c543e635f\"},\"headline\":\"Pallavolo, Sestito \u00abReggio si riscopre la Capitale di questo Sport\u00bb\",\"datePublished\":\"2026-03-16T10:57:31+00:00\",\"dateModified\":\"2026-03-16T11:41:04+00:00\",\"mainEntityOfPage\":{\"@id\":\"https:\/\/progettotouring.it\/radiotouring104\/2026\/03\/16\/pallavolo-sestito-reggio-si-riscopre-la-capitale-di-questo-sport\/\"},\"wordCount\":389,\"publisher\":{\"@id\":\"https:\/\/progettotouring.it\/radiotouring104\/#organization\"},\"image\":{\"@id\":\"https:\/\/progettotouring.it\/radiotouring104\/2026\/03\/16\/pallavolo-sestito-reggio-si-riscopre-la-capitale-di-questo-sport\/#primaryimage\"},\"thumbnailUrl\":\"https:\/\/progettotouring.it\/radiotouring104\/wp-content\/uploads\/sites\/6\/2026\/03\/Carnelo-Sestito-FIPAV-Calabria.jpg\",\"keywords\":[\"Carmelo Sestito\",\"Domotek Volley Reggio Calabria\",\"Finals di Coppa Calabria\",\"Fipav Calabria\",\"Puliservice RC\",\"Reggio si riscopre la Capitale di questo Sport\"],\"articleSection\":[\"News\",\"Reggio Calabria\",\"Sport\"],\"inLanguage\":\"it-IT\"},{\"@type\":\"WebPage\",\"@id\":\"https:\/\/progettotouring.it\/radiotouring104\/2026\/03\/16\/pallavolo-sestito-reggio-si-riscopre-la-capitale-di-questo-sport\/\",\"url\":\"https:\/\/progettotouring.it\/radiotouring104\/2026\/03\/16\/pallavolo-sestito-reggio-si-riscopre-la-capitale-di-questo-sport\/\",\"name\":\"Pallavolo, Sestito \u00abReggio si riscopre la Capitale di questo Sport\u00bb - Radio Touring 104\",\"isPartOf\":{\"@id\":\"https:\/\/progettotouring.it\/radiotouring104\/#website\"},\"primaryImageOfPage\":{\"@id\":\"https:\/\/progettotouring.it\/radiotouring104\/2026\/03\/16\/pallavolo-sestito-reggio-si-riscopre-la-capitale-di-questo-sport\/#primaryimage\"},\"image\":{\"@id\":\"https:\/\/progettotouring.it\/radiotouring104\/2026\/03\/16\/pallavolo-sestito-reggio-si-riscopre-la-capitale-di-questo-sport\/#primaryimage\"},\"thumbnailUrl\":\"https:\/\/progettotouring.it\/radiotouring104\/wp-content\/uploads\/sites\/6\/2026\/03\/Carnelo-Sestito-FIPAV-Calabria.jpg\",\"datePublished\":\"2026-03-16T10:57:31+00:00\",\"dateModified\":\"2026-03-16T11:41:04+00:00\",\"description\":\"Il presidente della Fipav Calabria, Carmelo Sestito, ha commentato con entusiasmo questa due giorni storica per le compagini reggine\",\"breadcrumb\":{\"@id\":\"https:\/\/progettotouring.it\/radiotouring104\/2026\/03\/16\/pallavolo-sestito-reggio-si-riscopre-la-capitale-di-questo-sport\/#breadcrumb\"},\"inLanguage\":\"it-IT\",\"potentialAction\":[{\"@type\":\"ReadAction\",\"target\":[\"https:\/\/progettotouring.it\/radiotouring104\/2026\/03\/16\/pallavolo-sestito-reggio-si-riscopre-la-capitale-di-questo-sport\/\"]}]},{\"@type\":\"ImageObject\",\"inLanguage\":\"it-IT\",\"@id\":\"https:\/\/progettotouring.it\/radiotouring104\/2026\/03\/16\/pallavolo-sestito-reggio-si-riscopre-la-capitale-di-questo-sport\/#primaryimage\",\"url\":\"https:\/\/progettotouring.it\/radiotouring104\/wp-content\/uploads\/sites\/6\/2026\/03\/Carnelo-Sestito-FIPAV-Calabria.jpg\",\"contentUrl\":\"https:\/\/progettotouring.it\/radiotouring104\/wp-content\/uploads\/sites\/6\/2026\/03\/Carnelo-Sestito-FIPAV-Calabria.jpg\",\"width\":214,\"height\":236},{\"@type\":\"BreadcrumbList\",\"@id\":\"https:\/\/progettotouring.it\/radiotouring104\/2026\/03\/16\/pallavolo-sestito-reggio-si-riscopre-la-capitale-di-questo-sport\/#breadcrumb\",\"itemListElement\":[{\"@type\":\"ListItem\",\"position\":1,\"name\":\"Home\",\"item\":\"https:\/\/progettotouring.it\/radiotouring104\/\"},{\"@type\":\"ListItem\",\"position\":2,\"name\":\"Pallavolo, Sestito \u00abReggio si riscopre la Capitale di questo Sport\u00bb\"}]},{\"@type\":\"WebSite\",\"@id\":\"https:\/\/progettotouring.it\/radiotouring104\/#website\",\"url\":\"https:\/\/progettotouring.it\/radiotouring104\/\",\"name\":\"Radio Touring 104\",\"description\":\"La prima radio Reggina\",\"publisher\":{\"@id\":\"https:\/\/progettotouring.it\/radiotouring104\/#organization\"},\"potentialAction\":[{\"@type\":\"SearchAction\",\"target\":{\"@type\":\"EntryPoint\",\"urlTemplate\":\"https:\/\/progettotouring.it\/radiotouring104\/?s={search_term_string}\"},\"query-input\":{\"@type\":\"PropertyValueSpecification\",\"valueRequired\":true,\"valueName\":\"search_term_string\"}}],\"inLanguage\":\"it-IT\"},{\"@type\":\"Organization\",\"@id\":\"https:\/\/progettotouring.it\/radiotouring104\/#organization\",\"name\":\"Radio Touring 104\",\"url\":\"https:\/\/progettotouring.it\/radiotouring104\/\",\"logo\":{\"@type\":\"ImageObject\",\"inLanguage\":\"it-IT\",\"@id\":\"https:\/\/progettotouring.it\/radiotouring104\/#\/schema\/logo\/image\/\",\"url\":\"https:\/\/progettotouring.it\/radiotouring104\/wp-content\/uploads\/sites\/6\/2022\/02\/cropped-logo-radio-touring-104.png\",\"contentUrl\":\"https:\/\/progettotouring.it\/radiotouring104\/wp-content\/uploads\/sites\/6\/2022\/02\/cropped-logo-radio-touring-104.png\",\"width\":377,\"height\":182,\"caption\":\"Radio Touring 104\"},\"image\":{\"@id\":\"https:\/\/progettotouring.it\/radiotouring104\/#\/schema\/logo\/image\/\"}},{\"@type\":\"Person\",\"@id\":\"https:\/\/progettotouring.it\/radiotouring104\/#\/schema\/person\/1b3eb3c07c47136bc44c785c543e635f\",\"name\":\"redazione\",\"image\":{\"@type\":\"ImageObject\",\"inLanguage\":\"it-IT\",\"@id\":\"https:\/\/secure.gravatar.com\/avatar\/0b31605b49f100769e8b624b3e05de1b73e1692e9568a352f60f53fd072e6e11?s=96&d=mm&r=g\",\"url\":\"https:\/\/secure.gravatar.com\/avatar\/0b31605b49f100769e8b624b3e05de1b73e1692e9568a352f60f53fd072e6e11?s=96&d=mm&r=g\",\"contentUrl\":\"https:\/\/secure.gravatar.com\/avatar\/0b31605b49f100769e8b624b3e05de1b73e1692e9568a352f60f53fd072e6e11?s=96&d=mm&r=g\",\"caption\":\"redazione\"},\"url\":\"https:\/\/progettotouring.it\/radiotouring104\/author\/redazione\/\"}]}<\/script>\n<!-- \/ Yoast SEO plugin. -->","yoast_head_json":{"title":"Pallavolo, Sestito \u00abReggio si riscopre la Capitale di questo Sport\u00bb - Radio Touring 104","description":"Il presidente della Fipav Calabria, Carmelo Sestito, ha commentato con entusiasmo questa due giorni storica per le compagini reggine","robots":{"index":"index","follow":"follow","max-snippet":"max-snippet:-1","max-image-preview":"max-image-preview:large","max-video-preview":"max-video-preview:-1"},"canonical":"https:\/\/progettotouring.it\/radiotouring104\/2026\/03\/16\/pallavolo-sestito-reggio-si-riscopre-la-capitale-di-questo-sport\/","og_locale":"it_IT","og_type":"article","og_title":"Pallavolo, Sestito \u00abReggio si riscopre la Capitale di questo Sport\u00bb - Radio Touring 104","og_description":"Il presidente della Fipav Calabria, Carmelo Sestito, ha commentato con entusiasmo questa due giorni storica per le compagini reggine","og_url":"https:\/\/progettotouring.it\/radiotouring104\/2026\/03\/16\/pallavolo-sestito-reggio-si-riscopre-la-capitale-di-questo-sport\/","og_site_name":"Radio Touring 104","article_published_time":"2026-03-16T10:57:31+00:00","article_modified_time":"2026-03-16T11:41:04+00:00","og_image":[{"width":214,"height":236,"url":"https:\/\/progettotouring.it\/radiotouring104\/wp-content\/uploads\/sites\/6\/2026\/03\/Carnelo-Sestito-FIPAV-Calabria.jpg","type":"image\/jpeg"}],"author":"redazione","twitter_card":"summary_large_image","twitter_misc":{"Scritto da":"redazione","Tempo di lettura stimato":"2 minuti"},"schema":{"@context":"https:\/\/schema.org","@graph":[{"@type":"Article","@id":"https:\/\/progettotouring.it\/radiotouring104\/2026\/03\/16\/pallavolo-sestito-reggio-si-riscopre-la-capitale-di-questo-sport\/#article","isPartOf":{"@id":"https:\/\/progettotouring.it\/radiotouring104\/2026\/03\/16\/pallavolo-sestito-reggio-si-riscopre-la-capitale-di-questo-sport\/"},"author":{"name":"redazione","@id":"https:\/\/progettotouring.it\/radiotouring104\/#\/schema\/person\/1b3eb3c07c47136bc44c785c543e635f"},"headline":"Pallavolo, Sestito \u00abReggio si riscopre la Capitale di questo Sport\u00bb","datePublished":"2026-03-16T10:57:31+00:00","dateModified":"2026-03-16T11:41:04+00:00","mainEntityOfPage":{"@id":"https:\/\/progettotouring.it\/radiotouring104\/2026\/03\/16\/pallavolo-sestito-reggio-si-riscopre-la-capitale-di-questo-sport\/"},"wordCount":389,"publisher":{"@id":"https:\/\/progettotouring.it\/radiotouring104\/#organization"},"image":{"@id":"https:\/\/progettotouring.it\/radiotouring104\/2026\/03\/16\/pallavolo-sestito-reggio-si-riscopre-la-capitale-di-questo-sport\/#primaryimage"},"thumbnailUrl":"https:\/\/progettotouring.it\/radiotouring104\/wp-content\/uploads\/sites\/6\/2026\/03\/Carnelo-Sestito-FIPAV-Calabria.jpg","keywords":["Carmelo Sestito","Domotek Volley Reggio Calabria","Finals di Coppa Calabria","Fipav Calabria","Puliservice RC","Reggio si riscopre la Capitale di questo Sport"],"articleSection":["News","Reggio Calabria","Sport"],"inLanguage":"it-IT"},{"@type":"WebPage","@id":"https:\/\/progettotouring.it\/radiotouring104\/2026\/03\/16\/pallavolo-sestito-reggio-si-riscopre-la-capitale-di-questo-sport\/","url":"https:\/\/progettotouring.it\/radiotouring104\/2026\/03\/16\/pallavolo-sestito-reggio-si-riscopre-la-capitale-di-questo-sport\/","name":"Pallavolo, Sestito \u00abReggio si riscopre la Capitale di questo Sport\u00bb - Radio Touring 104","isPartOf":{"@id":"https:\/\/progettotouring.it\/radiotouring104\/#website"},"primaryImageOfPage":{"@id":"https:\/\/progettotouring.it\/radiotouring104\/2026\/03\/16\/pallavolo-sestito-reggio-si-riscopre-la-capitale-di-questo-sport\/#primaryimage"},"image":{"@id":"https:\/\/progettotouring.it\/radiotouring104\/2026\/03\/16\/pallavolo-sestito-reggio-si-riscopre-la-capitale-di-questo-sport\/#primaryimage"},"thumbnailUrl":"https:\/\/progettotouring.it\/radiotouring104\/wp-content\/uploads\/sites\/6\/2026\/03\/Carnelo-Sestito-FIPAV-Calabria.jpg","datePublished":"2026-03-16T10:57:31+00:00","dateModified":"2026-03-16T11:41:04+00:00","description":"Il presidente della Fipav Calabria, Carmelo Sestito, ha commentato con entusiasmo questa due giorni storica per le compagini reggine","breadcrumb":{"@id":"https:\/\/progettotouring.it\/radiotouring104\/2026\/03\/16\/pallavolo-sestito-reggio-si-riscopre-la-capitale-di-questo-sport\/#breadcrumb"},"inLanguage":"it-IT","potentialAction":[{"@type":"ReadAction","target":["https:\/\/progettotouring.it\/radiotouring104\/2026\/03\/16\/pallavolo-sestito-reggio-si-riscopre-la-capitale-di-questo-sport\/"]}]},{"@type":"ImageObject","inLanguage":"it-IT","@id":"https:\/\/progettotouring.it\/radiotouring104\/2026\/03\/16\/pallavolo-sestito-reggio-si-riscopre-la-capitale-di-questo-sport\/#primaryimage","url":"https:\/\/progettotouring.it\/radiotouring104\/wp-content\/uploads\/sites\/6\/2026\/03\/Carnelo-Sestito-FIPAV-Calabria.jpg","contentUrl":"https:\/\/progettotouring.it\/radiotouring104\/wp-content\/uploads\/sites\/6\/2026\/03\/Carnelo-Sestito-FIPAV-Calabria.jpg","width":214,"height":236},{"@type":"BreadcrumbList","@id":"https:\/\/progettotouring.it\/radiotouring104\/2026\/03\/16\/pallavolo-sestito-reggio-si-riscopre-la-capitale-di-questo-sport\/#breadcrumb","itemListElement":[{"@type":"ListItem","position":1,"name":"Home","item":"https:\/\/progettotouring.it\/radiotouring104\/"},{"@type":"ListItem","position":2,"name":"Pallavolo, Sestito \u00abReggio si riscopre la Capitale di questo Sport\u00bb"}]},{"@type":"WebSite","@id":"https:\/\/progettotouring.it\/radiotouring104\/#website","url":"https:\/\/progettotouring.it\/radiotouring104\/","name":"Radio Touring 104","description":"La prima radio Reggina","publisher":{"@id":"https:\/\/progettotouring.it\/radiotouring104\/#organization"},"potentialAction":[{"@type":"SearchAction","target":{"@type":"EntryPoint","urlTemplate":"https:\/\/progettotouring.it\/radiotouring104\/?s={search_term_string}"},"query-input":{"@type":"PropertyValueSpecification","valueRequired":true,"valueName":"search_term_string"}}],"inLanguage":"it-IT"},{"@type":"Organization","@id":"https:\/\/progettotouring.it\/radiotouring104\/#organization","name":"Radio Touring 104","url":"https:\/\/progettotouring.it\/radiotouring104\/","logo":{"@type":"ImageObject","inLanguage":"it-IT","@id":"https:\/\/progettotouring.it\/radiotouring104\/#\/schema\/logo\/image\/","url":"https:\/\/progettotouring.it\/radiotouring104\/wp-content\/uploads\/sites\/6\/2022\/02\/cropped-logo-radio-touring-104.png","contentUrl":"https:\/\/progettotouring.it\/radiotouring104\/wp-content\/uploads\/sites\/6\/2022\/02\/cropped-logo-radio-touring-104.png","width":377,"height":182,"caption":"Radio Touring 104"},"image":{"@id":"https:\/\/progettotouring.it\/radiotouring104\/#\/schema\/logo\/image\/"}},{"@type":"Person","@id":"https:\/\/progettotouring.it\/radiotouring104\/#\/schema\/person\/1b3eb3c07c47136bc44c785c543e635f","name":"redazione","image":{"@type":"ImageObject","inLanguage":"it-IT","@id":"https:\/\/secure.gravatar.com\/avatar\/0b31605b49f100769e8b624b3e05de1b73e1692e9568a352f60f53fd072e6e11?s=96&d=mm&r=g","url":"https:\/\/secure.gravatar.com\/avatar\/0b31605b49f100769e8b624b3e05de1b73e1692e9568a352f60f53fd072e6e11?s=96&d=mm&r=g","contentUrl":"https:\/\/secure.gravatar.com\/avatar\/0b31605b49f100769e8b624b3e05de1b73e1692e9568a352f60f53fd072e6e11?s=96&d=mm&r=g","caption":"redazione"},"url":"https:\/\/progettotouring.it\/radiotouring104\/author\/redazione\/"}]}},"jetpack_publicize_connections":[],"jetpack_featured_media_url":"https:\/\/progettotouring.it\/radiotouring104\/wp-content\/uploads\/sites\/6\/2026\/03\/Carnelo-Sestito-FIPAV-Calabria.jpg","jetpack_sharing_enabled":true,"_links":{"self":[{"href":"https:\/\/progettotouring.it\/radiotouring104\/wp-json\/wp\/v2\/posts\/92076","targetHints":{"allow":["GET"]}}],"collection":[{"href":"https:\/\/progettotouring.it\/radiotouring104\/wp-json\/wp\/v2\/posts"}],"about":[{"href":"https:\/\/progettotouring.it\/radiotouring104\/wp-json\/wp\/v2\/types\/post"}],"author":[{"embeddable":true,"href":"https:\/\/progettotouring.it\/radiotouring104\/wp-json\/wp\/v2\/users\/5"}],"replies":[{"embeddable":true,"href":"https:\/\/progettotouring.it\/radiotouring104\/wp-json\/wp\/v2\/comments?post=92076"}],"version-history":[{"count":1,"href":"https:\/\/progettotouring.it\/radiotouring104\/wp-json\/wp\/v2\/posts\/92076\/revisions"}],"predecessor-version":[{"id":92078,"href":"https:\/\/progettotouring.it\/radiotouring104\/wp-json\/wp\/v2\/posts\/92076\/revisions\/92078"}],"wp:featuredmedia":[{"embeddable":true,"href":"https:\/\/progettotouring.it\/radiotouring104\/wp-json\/wp\/v2\/media\/92077"}],"wp:attachment":[{"href":"https:\/\/progettotouring.it\/radiotouring104\/wp-json\/wp\/v2\/media?parent=92076"}],"wp:term":[{"taxonomy":"category","embeddable":true,"href":"https:\/\/progettotouring.it\/radiotouring104\/wp-json\/wp\/v2\/categories?post=92076"},{"taxonomy":"post_tag","embeddable":true,"href":"https:\/\/progettotouring.it\/radiotouring104\/wp-json\/wp\/v2\/tags?post=92076"}],"curies":[{"name":"wp","href":"https:\/\/api.w.org\/{rel}","templated":true}]}}