{"id":92084,"date":"2026-03-16T12:17:05","date_gmt":"2026-03-16T11:17:05","guid":{"rendered":"https:\/\/progettotouring.it\/radiotouring104\/?p=92084"},"modified":"2026-03-16T12:40:48","modified_gmt":"2026-03-16T11:40:48","slug":"reggio-il-progetto-mistery-box-sbarca-alla-perla-dello-stretto","status":"publish","type":"post","link":"https:\/\/progettotouring.it\/radiotouring104\/2026\/03\/16\/reggio-il-progetto-mistery-box-sbarca-alla-perla-dello-stretto\/","title":{"rendered":"Reggio: il progetto \u201cMistery Box\u201d sbarca alla Perla dello Stretto"},"content":{"rendered":"<p><strong>Riutilizzo<\/strong>, <strong>sostenibilit\u00e0 ambientale<\/strong> e <strong>riduzione degli sprechi<\/strong> sono i concetti cardine alla base del progetto <strong>\u201cMystery Box\u201d<\/strong>, un format legato al mondo dello shopping che unisce <strong>curiosit\u00e0<\/strong> e attenzione al <strong>sociale<\/strong>, offrendo una <strong>seconda vita<\/strong> a prodotti provenienti da resi, giacenze di magazzino, stock invenduti, spedizioni smarrite e pacchi dell\u2019e-commerce mai ritirati.<\/p>\n<p><strong>Dal 18 al 22 marzo 2026<\/strong> l\u2019iniziativa far\u00e0 tappa anche a <strong>Villa San Giovanni<\/strong>, con uno spazio dedicato di \u201cAma Discount\u201d all\u2019interno del <strong>Centro Commerciale Perla dello Stretto<\/strong>, realt\u00e0 che negli anni si \u00e8 distinta per la promozione di eventi e attivit\u00e0 legati alla <strong>solidariet\u00e0<\/strong>, alla <strong>tutela dell\u2019ambiente<\/strong> e alla diffusione di buone <strong>pratiche sostenibili<\/strong>.<\/p>\n<p><strong>Il funzionamento \u00e8 semplice<\/strong>: nei giorni dell\u2019evento i visitatori potranno recarsi nella galleria dello shopping center e scegliere il proprio pacco senza poterlo aprire e senza conoscerne il contenuto. Il costo \u00e8 fissato a trenta euro al chilo e il prezzo finale viene calcolato in base al peso della scatola selezionata. Solo dopo l\u2019acquisto sar\u00e0 possibile decidere se portare via il pacco ancora sigillato oppure aprirlo sul momento per scoprire cosa contiene. All\u2019interno delle mystery box possono trovarsi prodotti di vario genere: accessori per la casa, dispositivi elettronici, articoli tecnologici, cosmetici, capi di abbigliamento, orologi, videogiochi e molti altri oggetti. Il valore dei prodotti non \u00e8 noto e non \u00e8 possibile sapere in anticipo se sar\u00e0 superiore o inferiore alla cifra pagata.<\/p>\n<p>Al di l\u00e0 dell\u2019aspetto ludico e dell\u2019effetto sorpresa, l\u2019iniziativa richiama un tema sempre pi\u00f9 centrale nel settore del commercio online: la gestione dei resi. Ogni anno aumenta, infatti, il numero di prodotti restituiti dai consumatori. La facilit\u00e0 con cui oggi si pu\u00f2 effettuare un reso &#8211; spesso con pochi passaggi &#8211; ha cambiato le abitudini di acquisto, portando molti utenti a comprare pi\u00f9 articoli del necessario con l\u2019intenzione di provarli e restituire quelli non desiderati. Per le aziende, tuttavia, gestire questi processi significa affrontare procedure complesse e costose: la merce deve essere ricevuta, verificata, eventualmente reimballata, reinserita nei sistemi logistici e rimessa in vendita. Lo stesso discorso vale per le rimanenze di magazzino. In alcuni casi, per ragioni economiche o organizzative, una parte di questi prodotti rischia di essere smaltita, con un conseguente impatto sull\u2019<strong>ambiente<\/strong>.<\/p>\n<p>Le mystery box si inseriscono quindi in una logica di <strong>economia circolare<\/strong>, offrendo una soluzione alternativa che consente di rimettere in circolo beni che altrimenti potrebbero rimanere inutilizzati o essere distrutti. In questo modo si contribuisce a <strong>ridurre gli sprechi<\/strong> e a <strong>valorizzare risorse gi\u00e0 prodotte<\/strong>. L\u2019acquisto \u201cal buio\u201d diventa cos\u00ec non solo un\u2019esperienza originale e divertente, ma anche un piccolo gesto concreto verso un modello di <strong>consumo pi\u00f9 responsabile e attento alla sostenibilit\u00e0<\/strong>.<\/p>\n<p>Per ulteriori informazioni \u00e8 possibile consultare i canali social del Centro Commerciale Perla dello Stretto e visitare il sito www.centrocommercialeperladellostretto.it<\/p>\n","protected":false},"excerpt":{"rendered":"<p>Riutilizzo, sostenibilit\u00e0 ambientale e riduzione degli sprechi sono i concetti cardine alla base del progetto \u201cMystery Box\u201d, un format legato al mondo dello shopping che unisce curiosit\u00e0 e attenzione al&hellip;<\/p>\n","protected":false},"author":5,"featured_media":92085,"comment_status":"closed","ping_status":"open","sticky":false,"template":"","format":"standard","meta":{"_jetpack_memberships_contains_paid_content":false,"footnotes":"","jetpack_publicize_message":"","jetpack_publicize_feature_enabled":true,"jetpack_social_post_already_shared":true,"jetpack_social_options":{"image_generator_settings":{"template":"highway","default_image_id":0,"font":"","enabled":false},"version":2}},"categories":[921,196,140],"tags":[51873,8072,51872,33619,6925,364],"class_list":["post-92084","post","type-post","status-publish","format-standard","has-post-thumbnail","hentry","category-home","category-news","category-reggio-calabria","tag-lotta-agli-sprechi","tag-perla-dello-stretto","tag-progetto-mistery-box","tag-sergio-notaro","tag-sostenibilita","tag-villa-san-giovanni"],"yoast_head":"<!-- This site is optimized with the Yoast SEO plugin v27.2 - https:\/\/yoast.com\/product\/yoast-seo-wordpress\/ -->\n<title>Reggio: il progetto \u201cMistery Box\u201d sbarca alla Perla dello Stretto<\/title>\n<meta name=\"description\" content=\"L\u2019iniziativa sulla &quot;Sostenibilit\u00e0&quot; e &quot;lotta agli sprechi&quot;, si terr\u00e0 nello shopping center di Villa San Giovanni dal 18 al 22 marzo\" \/>\n<meta name=\"robots\" content=\"index, follow, max-snippet:-1, max-image-preview:large, max-video-preview:-1\" \/>\n<link rel=\"canonical\" href=\"https:\/\/progettotouring.it\/radiotouring104\/2026\/03\/16\/reggio-il-progetto-mistery-box-sbarca-alla-perla-dello-stretto\/\" \/>\n<meta property=\"og:locale\" content=\"it_IT\" \/>\n<meta property=\"og:type\" content=\"article\" \/>\n<meta property=\"og:title\" content=\"Reggio: il progetto \u201cMistery Box\u201d sbarca alla Perla dello Stretto\" \/>\n<meta property=\"og:description\" content=\"L\u2019iniziativa sulla &quot;Sostenibilit\u00e0&quot; e &quot;lotta agli sprechi&quot;, si terr\u00e0 nello shopping center di Villa San Giovanni dal 18 al 22 marzo\" \/>\n<meta property=\"og:url\" content=\"https:\/\/progettotouring.it\/radiotouring104\/2026\/03\/16\/reggio-il-progetto-mistery-box-sbarca-alla-perla-dello-stretto\/\" \/>\n<meta property=\"og:site_name\" content=\"Radio Touring 104\" \/>\n<meta property=\"article:published_time\" content=\"2026-03-16T11:17:05+00:00\" \/>\n<meta property=\"article:modified_time\" content=\"2026-03-16T11:40:48+00:00\" \/>\n<meta property=\"og:image\" content=\"https:\/\/progettotouring.it\/radiotouring104\/wp-content\/uploads\/sites\/6\/2026\/03\/Perla-dello-Stretto-Villa-SG.jpg\" \/>\n\t<meta property=\"og:image:width\" content=\"1500\" \/>\n\t<meta property=\"og:image:height\" content=\"660\" \/>\n\t<meta property=\"og:image:type\" content=\"image\/jpeg\" \/>\n<meta name=\"author\" content=\"redazione\" \/>\n<meta name=\"twitter:card\" content=\"summary_large_image\" \/>\n<meta name=\"twitter:label1\" content=\"Scritto da\" \/>\n\t<meta name=\"twitter:data1\" content=\"redazione\" \/>\n\t<meta name=\"twitter:label2\" content=\"Tempo di lettura stimato\" \/>\n\t<meta name=\"twitter:data2\" content=\"2 minuti\" \/>\n<script type=\"application\/ld+json\" class=\"yoast-schema-graph\">{\"@context\":\"https:\/\/schema.org\",\"@graph\":[{\"@type\":\"Article\",\"@id\":\"https:\/\/progettotouring.it\/radiotouring104\/2026\/03\/16\/reggio-il-progetto-mistery-box-sbarca-alla-perla-dello-stretto\/#article\",\"isPartOf\":{\"@id\":\"https:\/\/progettotouring.it\/radiotouring104\/2026\/03\/16\/reggio-il-progetto-mistery-box-sbarca-alla-perla-dello-stretto\/\"},\"author\":{\"name\":\"redazione\",\"@id\":\"https:\/\/progettotouring.it\/radiotouring104\/#\/schema\/person\/1b3eb3c07c47136bc44c785c543e635f\"},\"headline\":\"Reggio: il progetto \u201cMistery Box\u201d sbarca alla Perla dello Stretto\",\"datePublished\":\"2026-03-16T11:17:05+00:00\",\"dateModified\":\"2026-03-16T11:40:48+00:00\",\"mainEntityOfPage\":{\"@id\":\"https:\/\/progettotouring.it\/radiotouring104\/2026\/03\/16\/reggio-il-progetto-mistery-box-sbarca-alla-perla-dello-stretto\/\"},\"wordCount\":475,\"publisher\":{\"@id\":\"https:\/\/progettotouring.it\/radiotouring104\/#organization\"},\"image\":{\"@id\":\"https:\/\/progettotouring.it\/radiotouring104\/2026\/03\/16\/reggio-il-progetto-mistery-box-sbarca-alla-perla-dello-stretto\/#primaryimage\"},\"thumbnailUrl\":\"https:\/\/progettotouring.it\/radiotouring104\/wp-content\/uploads\/sites\/6\/2026\/03\/Perla-dello-Stretto-Villa-SG.jpg\",\"keywords\":[\"\\\"lotta agli sprechi\\\"\",\"Perla dello Stretto\",\"progetto \u201cMistery Box\u201d\",\"Sergio Notaro\",\"Sostenibilit\u00e0\",\"villa san giovanni\"],\"articleSection\":[\"Home\",\"News\",\"Reggio Calabria\"],\"inLanguage\":\"it-IT\"},{\"@type\":\"WebPage\",\"@id\":\"https:\/\/progettotouring.it\/radiotouring104\/2026\/03\/16\/reggio-il-progetto-mistery-box-sbarca-alla-perla-dello-stretto\/\",\"url\":\"https:\/\/progettotouring.it\/radiotouring104\/2026\/03\/16\/reggio-il-progetto-mistery-box-sbarca-alla-perla-dello-stretto\/\",\"name\":\"Reggio: il progetto \u201cMistery Box\u201d sbarca alla Perla dello Stretto\",\"isPartOf\":{\"@id\":\"https:\/\/progettotouring.it\/radiotouring104\/#website\"},\"primaryImageOfPage\":{\"@id\":\"https:\/\/progettotouring.it\/radiotouring104\/2026\/03\/16\/reggio-il-progetto-mistery-box-sbarca-alla-perla-dello-stretto\/#primaryimage\"},\"image\":{\"@id\":\"https:\/\/progettotouring.it\/radiotouring104\/2026\/03\/16\/reggio-il-progetto-mistery-box-sbarca-alla-perla-dello-stretto\/#primaryimage\"},\"thumbnailUrl\":\"https:\/\/progettotouring.it\/radiotouring104\/wp-content\/uploads\/sites\/6\/2026\/03\/Perla-dello-Stretto-Villa-SG.jpg\",\"datePublished\":\"2026-03-16T11:17:05+00:00\",\"dateModified\":\"2026-03-16T11:40:48+00:00\",\"description\":\"L\u2019iniziativa sulla \\\"Sostenibilit\u00e0\\\" e \\\"lotta agli sprechi\\\", si terr\u00e0 nello shopping center di Villa San Giovanni dal 18 al 22 marzo\",\"breadcrumb\":{\"@id\":\"https:\/\/progettotouring.it\/radiotouring104\/2026\/03\/16\/reggio-il-progetto-mistery-box-sbarca-alla-perla-dello-stretto\/#breadcrumb\"},\"inLanguage\":\"it-IT\",\"potentialAction\":[{\"@type\":\"ReadAction\",\"target\":[\"https:\/\/progettotouring.it\/radiotouring104\/2026\/03\/16\/reggio-il-progetto-mistery-box-sbarca-alla-perla-dello-stretto\/\"]}]},{\"@type\":\"ImageObject\",\"inLanguage\":\"it-IT\",\"@id\":\"https:\/\/progettotouring.it\/radiotouring104\/2026\/03\/16\/reggio-il-progetto-mistery-box-sbarca-alla-perla-dello-stretto\/#primaryimage\",\"url\":\"https:\/\/progettotouring.it\/radiotouring104\/wp-content\/uploads\/sites\/6\/2026\/03\/Perla-dello-Stretto-Villa-SG.jpg\",\"contentUrl\":\"https:\/\/progettotouring.it\/radiotouring104\/wp-content\/uploads\/sites\/6\/2026\/03\/Perla-dello-Stretto-Villa-SG.jpg\",\"width\":1500,\"height\":660},{\"@type\":\"BreadcrumbList\",\"@id\":\"https:\/\/progettotouring.it\/radiotouring104\/2026\/03\/16\/reggio-il-progetto-mistery-box-sbarca-alla-perla-dello-stretto\/#breadcrumb\",\"itemListElement\":[{\"@type\":\"ListItem\",\"position\":1,\"name\":\"Home\",\"item\":\"https:\/\/progettotouring.it\/radiotouring104\/\"},{\"@type\":\"ListItem\",\"position\":2,\"name\":\"Reggio: il progetto \u201cMistery Box\u201d sbarca alla Perla dello Stretto\"}]},{\"@type\":\"WebSite\",\"@id\":\"https:\/\/progettotouring.it\/radiotouring104\/#website\",\"url\":\"https:\/\/progettotouring.it\/radiotouring104\/\",\"name\":\"Radio Touring 104\",\"description\":\"La prima radio Reggina\",\"publisher\":{\"@id\":\"https:\/\/progettotouring.it\/radiotouring104\/#organization\"},\"potentialAction\":[{\"@type\":\"SearchAction\",\"target\":{\"@type\":\"EntryPoint\",\"urlTemplate\":\"https:\/\/progettotouring.it\/radiotouring104\/?s={search_term_string}\"},\"query-input\":{\"@type\":\"PropertyValueSpecification\",\"valueRequired\":true,\"valueName\":\"search_term_string\"}}],\"inLanguage\":\"it-IT\"},{\"@type\":\"Organization\",\"@id\":\"https:\/\/progettotouring.it\/radiotouring104\/#organization\",\"name\":\"Radio Touring 104\",\"url\":\"https:\/\/progettotouring.it\/radiotouring104\/\",\"logo\":{\"@type\":\"ImageObject\",\"inLanguage\":\"it-IT\",\"@id\":\"https:\/\/progettotouring.it\/radiotouring104\/#\/schema\/logo\/image\/\",\"url\":\"https:\/\/progettotouring.it\/radiotouring104\/wp-content\/uploads\/sites\/6\/2022\/02\/cropped-logo-radio-touring-104.png\",\"contentUrl\":\"https:\/\/progettotouring.it\/radiotouring104\/wp-content\/uploads\/sites\/6\/2022\/02\/cropped-logo-radio-touring-104.png\",\"width\":377,\"height\":182,\"caption\":\"Radio Touring 104\"},\"image\":{\"@id\":\"https:\/\/progettotouring.it\/radiotouring104\/#\/schema\/logo\/image\/\"}},{\"@type\":\"Person\",\"@id\":\"https:\/\/progettotouring.it\/radiotouring104\/#\/schema\/person\/1b3eb3c07c47136bc44c785c543e635f\",\"name\":\"redazione\",\"image\":{\"@type\":\"ImageObject\",\"inLanguage\":\"it-IT\",\"@id\":\"https:\/\/secure.gravatar.com\/avatar\/0b31605b49f100769e8b624b3e05de1b73e1692e9568a352f60f53fd072e6e11?s=96&d=mm&r=g\",\"url\":\"https:\/\/secure.gravatar.com\/avatar\/0b31605b49f100769e8b624b3e05de1b73e1692e9568a352f60f53fd072e6e11?s=96&d=mm&r=g\",\"contentUrl\":\"https:\/\/secure.gravatar.com\/avatar\/0b31605b49f100769e8b624b3e05de1b73e1692e9568a352f60f53fd072e6e11?s=96&d=mm&r=g\",\"caption\":\"redazione\"},\"url\":\"https:\/\/progettotouring.it\/radiotouring104\/author\/redazione\/\"}]}<\/script>\n<!-- \/ Yoast SEO plugin. -->","yoast_head_json":{"title":"Reggio: il progetto \u201cMistery Box\u201d sbarca alla Perla dello Stretto","description":"L\u2019iniziativa sulla \"Sostenibilit\u00e0\" e \"lotta agli sprechi\", si terr\u00e0 nello shopping center di Villa San Giovanni dal 18 al 22 marzo","robots":{"index":"index","follow":"follow","max-snippet":"max-snippet:-1","max-image-preview":"max-image-preview:large","max-video-preview":"max-video-preview:-1"},"canonical":"https:\/\/progettotouring.it\/radiotouring104\/2026\/03\/16\/reggio-il-progetto-mistery-box-sbarca-alla-perla-dello-stretto\/","og_locale":"it_IT","og_type":"article","og_title":"Reggio: il progetto \u201cMistery Box\u201d sbarca alla Perla dello Stretto","og_description":"L\u2019iniziativa sulla \"Sostenibilit\u00e0\" e \"lotta agli sprechi\", si terr\u00e0 nello shopping center di Villa San Giovanni dal 18 al 22 marzo","og_url":"https:\/\/progettotouring.it\/radiotouring104\/2026\/03\/16\/reggio-il-progetto-mistery-box-sbarca-alla-perla-dello-stretto\/","og_site_name":"Radio Touring 104","article_published_time":"2026-03-16T11:17:05+00:00","article_modified_time":"2026-03-16T11:40:48+00:00","og_image":[{"width":1500,"height":660,"url":"https:\/\/progettotouring.it\/radiotouring104\/wp-content\/uploads\/sites\/6\/2026\/03\/Perla-dello-Stretto-Villa-SG.jpg","type":"image\/jpeg"}],"author":"redazione","twitter_card":"summary_large_image","twitter_misc":{"Scritto da":"redazione","Tempo di lettura stimato":"2 minuti"},"schema":{"@context":"https:\/\/schema.org","@graph":[{"@type":"Article","@id":"https:\/\/progettotouring.it\/radiotouring104\/2026\/03\/16\/reggio-il-progetto-mistery-box-sbarca-alla-perla-dello-stretto\/#article","isPartOf":{"@id":"https:\/\/progettotouring.it\/radiotouring104\/2026\/03\/16\/reggio-il-progetto-mistery-box-sbarca-alla-perla-dello-stretto\/"},"author":{"name":"redazione","@id":"https:\/\/progettotouring.it\/radiotouring104\/#\/schema\/person\/1b3eb3c07c47136bc44c785c543e635f"},"headline":"Reggio: il progetto \u201cMistery Box\u201d sbarca alla Perla dello Stretto","datePublished":"2026-03-16T11:17:05+00:00","dateModified":"2026-03-16T11:40:48+00:00","mainEntityOfPage":{"@id":"https:\/\/progettotouring.it\/radiotouring104\/2026\/03\/16\/reggio-il-progetto-mistery-box-sbarca-alla-perla-dello-stretto\/"},"wordCount":475,"publisher":{"@id":"https:\/\/progettotouring.it\/radiotouring104\/#organization"},"image":{"@id":"https:\/\/progettotouring.it\/radiotouring104\/2026\/03\/16\/reggio-il-progetto-mistery-box-sbarca-alla-perla-dello-stretto\/#primaryimage"},"thumbnailUrl":"https:\/\/progettotouring.it\/radiotouring104\/wp-content\/uploads\/sites\/6\/2026\/03\/Perla-dello-Stretto-Villa-SG.jpg","keywords":["\"lotta agli sprechi\"","Perla dello Stretto","progetto \u201cMistery Box\u201d","Sergio Notaro","Sostenibilit\u00e0","villa san giovanni"],"articleSection":["Home","News","Reggio Calabria"],"inLanguage":"it-IT"},{"@type":"WebPage","@id":"https:\/\/progettotouring.it\/radiotouring104\/2026\/03\/16\/reggio-il-progetto-mistery-box-sbarca-alla-perla-dello-stretto\/","url":"https:\/\/progettotouring.it\/radiotouring104\/2026\/03\/16\/reggio-il-progetto-mistery-box-sbarca-alla-perla-dello-stretto\/","name":"Reggio: il progetto \u201cMistery Box\u201d sbarca alla Perla dello Stretto","isPartOf":{"@id":"https:\/\/progettotouring.it\/radiotouring104\/#website"},"primaryImageOfPage":{"@id":"https:\/\/progettotouring.it\/radiotouring104\/2026\/03\/16\/reggio-il-progetto-mistery-box-sbarca-alla-perla-dello-stretto\/#primaryimage"},"image":{"@id":"https:\/\/progettotouring.it\/radiotouring104\/2026\/03\/16\/reggio-il-progetto-mistery-box-sbarca-alla-perla-dello-stretto\/#primaryimage"},"thumbnailUrl":"https:\/\/progettotouring.it\/radiotouring104\/wp-content\/uploads\/sites\/6\/2026\/03\/Perla-dello-Stretto-Villa-SG.jpg","datePublished":"2026-03-16T11:17:05+00:00","dateModified":"2026-03-16T11:40:48+00:00","description":"L\u2019iniziativa sulla \"Sostenibilit\u00e0\" e \"lotta agli sprechi\", si terr\u00e0 nello shopping center di Villa San Giovanni dal 18 al 22 marzo","breadcrumb":{"@id":"https:\/\/progettotouring.it\/radiotouring104\/2026\/03\/16\/reggio-il-progetto-mistery-box-sbarca-alla-perla-dello-stretto\/#breadcrumb"},"inLanguage":"it-IT","potentialAction":[{"@type":"ReadAction","target":["https:\/\/progettotouring.it\/radiotouring104\/2026\/03\/16\/reggio-il-progetto-mistery-box-sbarca-alla-perla-dello-stretto\/"]}]},{"@type":"ImageObject","inLanguage":"it-IT","@id":"https:\/\/progettotouring.it\/radiotouring104\/2026\/03\/16\/reggio-il-progetto-mistery-box-sbarca-alla-perla-dello-stretto\/#primaryimage","url":"https:\/\/progettotouring.it\/radiotouring104\/wp-content\/uploads\/sites\/6\/2026\/03\/Perla-dello-Stretto-Villa-SG.jpg","contentUrl":"https:\/\/progettotouring.it\/radiotouring104\/wp-content\/uploads\/sites\/6\/2026\/03\/Perla-dello-Stretto-Villa-SG.jpg","width":1500,"height":660},{"@type":"BreadcrumbList","@id":"https:\/\/progettotouring.it\/radiotouring104\/2026\/03\/16\/reggio-il-progetto-mistery-box-sbarca-alla-perla-dello-stretto\/#breadcrumb","itemListElement":[{"@type":"ListItem","position":1,"name":"Home","item":"https:\/\/progettotouring.it\/radiotouring104\/"},{"@type":"ListItem","position":2,"name":"Reggio: il progetto \u201cMistery Box\u201d sbarca alla Perla dello Stretto"}]},{"@type":"WebSite","@id":"https:\/\/progettotouring.it\/radiotouring104\/#website","url":"https:\/\/progettotouring.it\/radiotouring104\/","name":"Radio Touring 104","description":"La prima radio Reggina","publisher":{"@id":"https:\/\/progettotouring.it\/radiotouring104\/#organization"},"potentialAction":[{"@type":"SearchAction","target":{"@type":"EntryPoint","urlTemplate":"https:\/\/progettotouring.it\/radiotouring104\/?s={search_term_string}"},"query-input":{"@type":"PropertyValueSpecification","valueRequired":true,"valueName":"search_term_string"}}],"inLanguage":"it-IT"},{"@type":"Organization","@id":"https:\/\/progettotouring.it\/radiotouring104\/#organization","name":"Radio Touring 104","url":"https:\/\/progettotouring.it\/radiotouring104\/","logo":{"@type":"ImageObject","inLanguage":"it-IT","@id":"https:\/\/progettotouring.it\/radiotouring104\/#\/schema\/logo\/image\/","url":"https:\/\/progettotouring.it\/radiotouring104\/wp-content\/uploads\/sites\/6\/2022\/02\/cropped-logo-radio-touring-104.png","contentUrl":"https:\/\/progettotouring.it\/radiotouring104\/wp-content\/uploads\/sites\/6\/2022\/02\/cropped-logo-radio-touring-104.png","width":377,"height":182,"caption":"Radio Touring 104"},"image":{"@id":"https:\/\/progettotouring.it\/radiotouring104\/#\/schema\/logo\/image\/"}},{"@type":"Person","@id":"https:\/\/progettotouring.it\/radiotouring104\/#\/schema\/person\/1b3eb3c07c47136bc44c785c543e635f","name":"redazione","image":{"@type":"ImageObject","inLanguage":"it-IT","@id":"https:\/\/secure.gravatar.com\/avatar\/0b31605b49f100769e8b624b3e05de1b73e1692e9568a352f60f53fd072e6e11?s=96&d=mm&r=g","url":"https:\/\/secure.gravatar.com\/avatar\/0b31605b49f100769e8b624b3e05de1b73e1692e9568a352f60f53fd072e6e11?s=96&d=mm&r=g","contentUrl":"https:\/\/secure.gravatar.com\/avatar\/0b31605b49f100769e8b624b3e05de1b73e1692e9568a352f60f53fd072e6e11?s=96&d=mm&r=g","caption":"redazione"},"url":"https:\/\/progettotouring.it\/radiotouring104\/author\/redazione\/"}]}},"jetpack_publicize_connections":[],"jetpack_featured_media_url":"https:\/\/progettotouring.it\/radiotouring104\/wp-content\/uploads\/sites\/6\/2026\/03\/Perla-dello-Stretto-Villa-SG.jpg","jetpack_sharing_enabled":true,"_links":{"self":[{"href":"https:\/\/progettotouring.it\/radiotouring104\/wp-json\/wp\/v2\/posts\/92084","targetHints":{"allow":["GET"]}}],"collection":[{"href":"https:\/\/progettotouring.it\/radiotouring104\/wp-json\/wp\/v2\/posts"}],"about":[{"href":"https:\/\/progettotouring.it\/radiotouring104\/wp-json\/wp\/v2\/types\/post"}],"author":[{"embeddable":true,"href":"https:\/\/progettotouring.it\/radiotouring104\/wp-json\/wp\/v2\/users\/5"}],"replies":[{"embeddable":true,"href":"https:\/\/progettotouring.it\/radiotouring104\/wp-json\/wp\/v2\/comments?post=92084"}],"version-history":[{"count":2,"href":"https:\/\/progettotouring.it\/radiotouring104\/wp-json\/wp\/v2\/posts\/92084\/revisions"}],"predecessor-version":[{"id":92087,"href":"https:\/\/progettotouring.it\/radiotouring104\/wp-json\/wp\/v2\/posts\/92084\/revisions\/92087"}],"wp:featuredmedia":[{"embeddable":true,"href":"https:\/\/progettotouring.it\/radiotouring104\/wp-json\/wp\/v2\/media\/92085"}],"wp:attachment":[{"href":"https:\/\/progettotouring.it\/radiotouring104\/wp-json\/wp\/v2\/media?parent=92084"}],"wp:term":[{"taxonomy":"category","embeddable":true,"href":"https:\/\/progettotouring.it\/radiotouring104\/wp-json\/wp\/v2\/categories?post=92084"},{"taxonomy":"post_tag","embeddable":true,"href":"https:\/\/progettotouring.it\/radiotouring104\/wp-json\/wp\/v2\/tags?post=92084"}],"curies":[{"name":"wp","href":"https:\/\/api.w.org\/{rel}","templated":true}]}}