{"id":92093,"date":"2026-03-16T12:38:07","date_gmt":"2026-03-16T11:38:07","guid":{"rendered":"https:\/\/progettotouring.it\/radiotouring104\/?p=92093"},"modified":"2026-03-16T12:40:38","modified_gmt":"2026-03-16T11:40:38","slug":"il-comune-di-reggio-primo-nel-sud-italia-ad-adottare-la-valutazione-di-impatto-generazionale","status":"publish","type":"post","link":"https:\/\/progettotouring.it\/radiotouring104\/2026\/03\/16\/il-comune-di-reggio-primo-nel-sud-italia-ad-adottare-la-valutazione-di-impatto-generazionale\/","title":{"rendered":"Il Comune di Reggio primo nel Sud Italia ad adottare la &#8220;Valutazione di impatto generazionale&#8221;"},"content":{"rendered":"<p>Il Comune di Reggio Calabria \u00e8 il primo nel Mezzogiorno d\u2019Italia ad adottare la Valutazione di impatto generazionale (Vig)\u00a0del Documento unico di programmazione (Dup) comunale. La pratica di \u201cmappare\u201d il proprio Dup per misurarne l\u2019impatto sulla crescita socioeconomica della popolazione giovanile \u00e8 stata al centro di un\u2019iniziativa info-formativa tenutasi nella Sala dei Lampadari \u201cItalo Falcomat\u00e0\u201d di Palazzo San Giorgio\u00a0nell\u2019ambito di un ciclo di laboratori territoriali realizzato da Anci nazionale.<\/p>\n<p>A porgere i saluti istituzionali sono stati il sindaco ff di Reggio Calabria, Domenico Battaglia, l\u2019assessore comunale alla \u201cCitt\u00e0 europea e resiliente\u201d, Carmelo Romeo, e il consigliere regionale Anci Calabria Antonio Salvatore Carone, vicesindaco di San Procopio.<\/p>\n<p>\u00abNelle nostre pratiche politiche e amministrative quotidiane \u2013 ha detto il sindaco ff \u2013 scegliere da che parte stare significa non solo aderire alla Valutazione di impatto generazionale, un primato che comunque ci rende orgogliosi, ma tradurre la pianificazione in fatti concreti. Il risanamento dei conti messo in campo dall\u2019Amministrazione comunale \u00e8 la prima condizione per non lasciare fardelli alle generazioni future. Inoltre continuiamo a \u201cmettere a terra\u201d progetti per sostenere l\u2019imprenditorialit\u00e0 e creare occupazione con l\u2019obiettivo di far s\u00ec che i nostri giovani possano scegliere di restare e non siano costretti a inseguire il loro futuro lontano da qui. Valutare in modo preventivo gli effetti delle scelte pubbliche sui giovani \u2013 ha concluso Battaglia \u2013 rientra dunque in questa scelta di campo, in un percorso di sviluppo sostenibile e inclusivo, di tutela dei diritti e di visione di lungo periodo nelle scelte amministrative\u00bb.<\/p>\n<p>L\u2019assessore Romeo ha aggiunto: \u00abLa Vig non \u00e8 un obbligo di legge, non \u00e8 un requisito per accedere ai fondi europei, ma \u00e8 qualcosa che l\u2019Amministrazione comunale ha scelto di adottare e che l\u2019Unione europea ha certificato. Reggio \u00e8 la prima citt\u00e0 del Sud e la quinta in Italia a compiere questo importante passo che rende i giovani sempre pi\u00f9 protagonisti. La Vig \u00e8 stata applicata a tutti i progetti dell\u2019Amministrazione e l\u2019azione programmatica \u00e8 stata valutata positivamente\u00bb.<\/p>\n<p>Il IV^ Laboratorio Anci sulla Vig, realizzato in collaborazione con l\u2019Amministrazione comunale di Reggio Calabria, ha visto la partecipazione di Luciano Monti, condirettore scientifico Fondazione RiES e senior fellow Luiss School of Government; di Claudia Cioffi\u00a0e Giulio Vannini, ricercatori Fondazione RIES; di Emanuela Allegri, responsabile struttura operativa Giovani del Comune di Parma; di Carmen Stracuzza, dirigente Risorse esterne e Organismo Intermedio del Comune di Reggio Calabria; di Mauro Savini, capo dipartimento Innovazione e transizione digitali e Politiche giovanili Anci; di Simona Elmo, responsabile Ufficio Politiche giovanili e coordinamento Consulta Anci giovani; di Giorgia De Giacomi, consigliera comunale di Bologna e delegata ANCI Emilia Romagna all\u2019impatto generazionale delle politiche pubbliche; di Francesco Brianzi, assessore alle Politiche giovanili, Universit\u00e0 e Ricerca del Comune di Piacenza.<\/p>\n","protected":false},"excerpt":{"rendered":"<p>Il Comune di Reggio Calabria \u00e8 il primo nel Mezzogiorno d\u2019Italia ad adottare la Valutazione di impatto generazionale (Vig)\u00a0del Documento unico di programmazione (Dup) comunale. La pratica di \u201cmappare\u201d il&hellip;<\/p>\n","protected":false},"author":5,"featured_media":92094,"comment_status":"closed","ping_status":"open","sticky":false,"template":"","format":"standard","meta":{"_jetpack_memberships_contains_paid_content":false,"footnotes":"","jetpack_publicize_message":"","jetpack_publicize_feature_enabled":true,"jetpack_social_post_already_shared":true,"jetpack_social_options":{"image_generator_settings":{"template":"highway","default_image_id":0,"font":"","enabled":false},"version":2}},"categories":[921,150,196,140],"tags":[51878,9778,51881,659,51880,51879,50310],"class_list":["post-92093","post","type-post","status-publish","format-standard","has-post-thumbnail","hentry","category-home","category-in-primo-piano","category-news","category-reggio-calabria","tag-valutazione-di-impatto-generazionale","tag-comune-di-reggio","tag-effetti-sulla-popolazione-giovanile","tag-palazzo-san-giorgio","tag-pratica-di-mappare-il-dup","tag-primo-comune-nel-sud-italia","tag-sindaco-ff-mimmo-battaglia"],"yoast_head":"<!-- This site is optimized with the Yoast SEO plugin v27.2 - https:\/\/yoast.com\/product\/yoast-seo-wordpress\/ -->\n<title>Il Comune di Reggio primo nel Sud Italia ad adottare la &quot;Valutazione di impatto generazionale&quot; - Radio Touring 104<\/title>\n<meta name=\"description\" content=\"A Palazzo San Giorgio il laboratorio di Anci sulla pratica di \u201cmappare\u201d il Dup per misurarne gli effetti sulla popolazione giovanile\" \/>\n<meta name=\"robots\" content=\"index, follow, max-snippet:-1, max-image-preview:large, max-video-preview:-1\" \/>\n<link rel=\"canonical\" href=\"https:\/\/progettotouring.it\/radiotouring104\/2026\/03\/16\/il-comune-di-reggio-primo-nel-sud-italia-ad-adottare-la-valutazione-di-impatto-generazionale\/\" \/>\n<meta property=\"og:locale\" content=\"it_IT\" \/>\n<meta property=\"og:type\" content=\"article\" \/>\n<meta property=\"og:title\" content=\"Il Comune di Reggio primo nel Sud Italia ad adottare la &quot;Valutazione di impatto generazionale&quot; - Radio Touring 104\" \/>\n<meta property=\"og:description\" content=\"A Palazzo San Giorgio il laboratorio di Anci sulla pratica di \u201cmappare\u201d il Dup per misurarne gli effetti sulla popolazione giovanile\" \/>\n<meta property=\"og:url\" content=\"https:\/\/progettotouring.it\/radiotouring104\/2026\/03\/16\/il-comune-di-reggio-primo-nel-sud-italia-ad-adottare-la-valutazione-di-impatto-generazionale\/\" \/>\n<meta property=\"og:site_name\" content=\"Radio Touring 104\" \/>\n<meta property=\"article:published_time\" content=\"2026-03-16T11:38:07+00:00\" \/>\n<meta property=\"article:modified_time\" content=\"2026-03-16T11:40:38+00:00\" \/>\n<meta property=\"og:image\" content=\"https:\/\/progettotouring.it\/radiotouring104\/wp-content\/uploads\/sites\/6\/2026\/03\/laboratorio-Vig-Comune-di-Reggio.jpeg\" \/>\n\t<meta property=\"og:image:width\" content=\"2048\" \/>\n\t<meta property=\"og:image:height\" content=\"1536\" \/>\n\t<meta property=\"og:image:type\" content=\"image\/jpeg\" \/>\n<meta name=\"author\" content=\"redazione\" \/>\n<meta name=\"twitter:card\" content=\"summary_large_image\" \/>\n<meta name=\"twitter:label1\" content=\"Scritto da\" \/>\n\t<meta name=\"twitter:data1\" content=\"redazione\" \/>\n\t<meta name=\"twitter:label2\" content=\"Tempo di lettura stimato\" \/>\n\t<meta name=\"twitter:data2\" content=\"2 minuti\" \/>\n<script type=\"application\/ld+json\" class=\"yoast-schema-graph\">{\"@context\":\"https:\/\/schema.org\",\"@graph\":[{\"@type\":\"Article\",\"@id\":\"https:\/\/progettotouring.it\/radiotouring104\/2026\/03\/16\/il-comune-di-reggio-primo-nel-sud-italia-ad-adottare-la-valutazione-di-impatto-generazionale\/#article\",\"isPartOf\":{\"@id\":\"https:\/\/progettotouring.it\/radiotouring104\/2026\/03\/16\/il-comune-di-reggio-primo-nel-sud-italia-ad-adottare-la-valutazione-di-impatto-generazionale\/\"},\"author\":{\"name\":\"redazione\",\"@id\":\"https:\/\/progettotouring.it\/radiotouring104\/#\/schema\/person\/1b3eb3c07c47136bc44c785c543e635f\"},\"headline\":\"Il Comune di Reggio primo nel Sud Italia ad adottare la &#8220;Valutazione di impatto generazionale&#8221;\",\"datePublished\":\"2026-03-16T11:38:07+00:00\",\"dateModified\":\"2026-03-16T11:40:38+00:00\",\"mainEntityOfPage\":{\"@id\":\"https:\/\/progettotouring.it\/radiotouring104\/2026\/03\/16\/il-comune-di-reggio-primo-nel-sud-italia-ad-adottare-la-valutazione-di-impatto-generazionale\/\"},\"wordCount\":471,\"publisher\":{\"@id\":\"https:\/\/progettotouring.it\/radiotouring104\/#organization\"},\"image\":{\"@id\":\"https:\/\/progettotouring.it\/radiotouring104\/2026\/03\/16\/il-comune-di-reggio-primo-nel-sud-italia-ad-adottare-la-valutazione-di-impatto-generazionale\/#primaryimage\"},\"thumbnailUrl\":\"https:\/\/progettotouring.it\/radiotouring104\/wp-content\/uploads\/sites\/6\/2026\/03\/laboratorio-Vig-Comune-di-Reggio.jpeg\",\"keywords\":[\"\\\"Valutazione di impatto generazionale\\\"\",\"Comune di Reggio\",\"effetti sulla popolazione giovanile\",\"palazzo san giorgio\",\"pratica di \u201cmappare\u201d il Dup\",\"primo Comune nel sud italia\",\"Sindaco ff Mimmo Battaglia\"],\"articleSection\":[\"Home\",\"In primo piano\",\"News\",\"Reggio Calabria\"],\"inLanguage\":\"it-IT\"},{\"@type\":\"WebPage\",\"@id\":\"https:\/\/progettotouring.it\/radiotouring104\/2026\/03\/16\/il-comune-di-reggio-primo-nel-sud-italia-ad-adottare-la-valutazione-di-impatto-generazionale\/\",\"url\":\"https:\/\/progettotouring.it\/radiotouring104\/2026\/03\/16\/il-comune-di-reggio-primo-nel-sud-italia-ad-adottare-la-valutazione-di-impatto-generazionale\/\",\"name\":\"Il Comune di Reggio primo nel Sud Italia ad adottare la \\\"Valutazione di impatto generazionale\\\" - Radio Touring 104\",\"isPartOf\":{\"@id\":\"https:\/\/progettotouring.it\/radiotouring104\/#website\"},\"primaryImageOfPage\":{\"@id\":\"https:\/\/progettotouring.it\/radiotouring104\/2026\/03\/16\/il-comune-di-reggio-primo-nel-sud-italia-ad-adottare-la-valutazione-di-impatto-generazionale\/#primaryimage\"},\"image\":{\"@id\":\"https:\/\/progettotouring.it\/radiotouring104\/2026\/03\/16\/il-comune-di-reggio-primo-nel-sud-italia-ad-adottare-la-valutazione-di-impatto-generazionale\/#primaryimage\"},\"thumbnailUrl\":\"https:\/\/progettotouring.it\/radiotouring104\/wp-content\/uploads\/sites\/6\/2026\/03\/laboratorio-Vig-Comune-di-Reggio.jpeg\",\"datePublished\":\"2026-03-16T11:38:07+00:00\",\"dateModified\":\"2026-03-16T11:40:38+00:00\",\"description\":\"A Palazzo San Giorgio il laboratorio di Anci sulla pratica di \u201cmappare\u201d il Dup per misurarne gli effetti sulla popolazione giovanile\",\"breadcrumb\":{\"@id\":\"https:\/\/progettotouring.it\/radiotouring104\/2026\/03\/16\/il-comune-di-reggio-primo-nel-sud-italia-ad-adottare-la-valutazione-di-impatto-generazionale\/#breadcrumb\"},\"inLanguage\":\"it-IT\",\"potentialAction\":[{\"@type\":\"ReadAction\",\"target\":[\"https:\/\/progettotouring.it\/radiotouring104\/2026\/03\/16\/il-comune-di-reggio-primo-nel-sud-italia-ad-adottare-la-valutazione-di-impatto-generazionale\/\"]}]},{\"@type\":\"ImageObject\",\"inLanguage\":\"it-IT\",\"@id\":\"https:\/\/progettotouring.it\/radiotouring104\/2026\/03\/16\/il-comune-di-reggio-primo-nel-sud-italia-ad-adottare-la-valutazione-di-impatto-generazionale\/#primaryimage\",\"url\":\"https:\/\/progettotouring.it\/radiotouring104\/wp-content\/uploads\/sites\/6\/2026\/03\/laboratorio-Vig-Comune-di-Reggio.jpeg\",\"contentUrl\":\"https:\/\/progettotouring.it\/radiotouring104\/wp-content\/uploads\/sites\/6\/2026\/03\/laboratorio-Vig-Comune-di-Reggio.jpeg\",\"width\":2048,\"height\":1536},{\"@type\":\"BreadcrumbList\",\"@id\":\"https:\/\/progettotouring.it\/radiotouring104\/2026\/03\/16\/il-comune-di-reggio-primo-nel-sud-italia-ad-adottare-la-valutazione-di-impatto-generazionale\/#breadcrumb\",\"itemListElement\":[{\"@type\":\"ListItem\",\"position\":1,\"name\":\"Home\",\"item\":\"https:\/\/progettotouring.it\/radiotouring104\/\"},{\"@type\":\"ListItem\",\"position\":2,\"name\":\"Il Comune di Reggio primo nel Sud Italia ad adottare la &#8220;Valutazione di impatto generazionale&#8221;\"}]},{\"@type\":\"WebSite\",\"@id\":\"https:\/\/progettotouring.it\/radiotouring104\/#website\",\"url\":\"https:\/\/progettotouring.it\/radiotouring104\/\",\"name\":\"Radio Touring 104\",\"description\":\"La prima radio Reggina\",\"publisher\":{\"@id\":\"https:\/\/progettotouring.it\/radiotouring104\/#organization\"},\"potentialAction\":[{\"@type\":\"SearchAction\",\"target\":{\"@type\":\"EntryPoint\",\"urlTemplate\":\"https:\/\/progettotouring.it\/radiotouring104\/?s={search_term_string}\"},\"query-input\":{\"@type\":\"PropertyValueSpecification\",\"valueRequired\":true,\"valueName\":\"search_term_string\"}}],\"inLanguage\":\"it-IT\"},{\"@type\":\"Organization\",\"@id\":\"https:\/\/progettotouring.it\/radiotouring104\/#organization\",\"name\":\"Radio Touring 104\",\"url\":\"https:\/\/progettotouring.it\/radiotouring104\/\",\"logo\":{\"@type\":\"ImageObject\",\"inLanguage\":\"it-IT\",\"@id\":\"https:\/\/progettotouring.it\/radiotouring104\/#\/schema\/logo\/image\/\",\"url\":\"https:\/\/progettotouring.it\/radiotouring104\/wp-content\/uploads\/sites\/6\/2022\/02\/cropped-logo-radio-touring-104.png\",\"contentUrl\":\"https:\/\/progettotouring.it\/radiotouring104\/wp-content\/uploads\/sites\/6\/2022\/02\/cropped-logo-radio-touring-104.png\",\"width\":377,\"height\":182,\"caption\":\"Radio Touring 104\"},\"image\":{\"@id\":\"https:\/\/progettotouring.it\/radiotouring104\/#\/schema\/logo\/image\/\"}},{\"@type\":\"Person\",\"@id\":\"https:\/\/progettotouring.it\/radiotouring104\/#\/schema\/person\/1b3eb3c07c47136bc44c785c543e635f\",\"name\":\"redazione\",\"image\":{\"@type\":\"ImageObject\",\"inLanguage\":\"it-IT\",\"@id\":\"https:\/\/secure.gravatar.com\/avatar\/0b31605b49f100769e8b624b3e05de1b73e1692e9568a352f60f53fd072e6e11?s=96&d=mm&r=g\",\"url\":\"https:\/\/secure.gravatar.com\/avatar\/0b31605b49f100769e8b624b3e05de1b73e1692e9568a352f60f53fd072e6e11?s=96&d=mm&r=g\",\"contentUrl\":\"https:\/\/secure.gravatar.com\/avatar\/0b31605b49f100769e8b624b3e05de1b73e1692e9568a352f60f53fd072e6e11?s=96&d=mm&r=g\",\"caption\":\"redazione\"},\"url\":\"https:\/\/progettotouring.it\/radiotouring104\/author\/redazione\/\"}]}<\/script>\n<!-- \/ Yoast SEO plugin. -->","yoast_head_json":{"title":"Il Comune di Reggio primo nel Sud Italia ad adottare la \"Valutazione di impatto generazionale\" - Radio Touring 104","description":"A Palazzo San Giorgio il laboratorio di Anci sulla pratica di \u201cmappare\u201d il Dup per misurarne gli effetti sulla popolazione giovanile","robots":{"index":"index","follow":"follow","max-snippet":"max-snippet:-1","max-image-preview":"max-image-preview:large","max-video-preview":"max-video-preview:-1"},"canonical":"https:\/\/progettotouring.it\/radiotouring104\/2026\/03\/16\/il-comune-di-reggio-primo-nel-sud-italia-ad-adottare-la-valutazione-di-impatto-generazionale\/","og_locale":"it_IT","og_type":"article","og_title":"Il Comune di Reggio primo nel Sud Italia ad adottare la \"Valutazione di impatto generazionale\" - Radio Touring 104","og_description":"A Palazzo San Giorgio il laboratorio di Anci sulla pratica di \u201cmappare\u201d il Dup per misurarne gli effetti sulla popolazione giovanile","og_url":"https:\/\/progettotouring.it\/radiotouring104\/2026\/03\/16\/il-comune-di-reggio-primo-nel-sud-italia-ad-adottare-la-valutazione-di-impatto-generazionale\/","og_site_name":"Radio Touring 104","article_published_time":"2026-03-16T11:38:07+00:00","article_modified_time":"2026-03-16T11:40:38+00:00","og_image":[{"width":2048,"height":1536,"url":"https:\/\/progettotouring.it\/radiotouring104\/wp-content\/uploads\/sites\/6\/2026\/03\/laboratorio-Vig-Comune-di-Reggio.jpeg","type":"image\/jpeg"}],"author":"redazione","twitter_card":"summary_large_image","twitter_misc":{"Scritto da":"redazione","Tempo di lettura stimato":"2 minuti"},"schema":{"@context":"https:\/\/schema.org","@graph":[{"@type":"Article","@id":"https:\/\/progettotouring.it\/radiotouring104\/2026\/03\/16\/il-comune-di-reggio-primo-nel-sud-italia-ad-adottare-la-valutazione-di-impatto-generazionale\/#article","isPartOf":{"@id":"https:\/\/progettotouring.it\/radiotouring104\/2026\/03\/16\/il-comune-di-reggio-primo-nel-sud-italia-ad-adottare-la-valutazione-di-impatto-generazionale\/"},"author":{"name":"redazione","@id":"https:\/\/progettotouring.it\/radiotouring104\/#\/schema\/person\/1b3eb3c07c47136bc44c785c543e635f"},"headline":"Il Comune di Reggio primo nel Sud Italia ad adottare la &#8220;Valutazione di impatto generazionale&#8221;","datePublished":"2026-03-16T11:38:07+00:00","dateModified":"2026-03-16T11:40:38+00:00","mainEntityOfPage":{"@id":"https:\/\/progettotouring.it\/radiotouring104\/2026\/03\/16\/il-comune-di-reggio-primo-nel-sud-italia-ad-adottare-la-valutazione-di-impatto-generazionale\/"},"wordCount":471,"publisher":{"@id":"https:\/\/progettotouring.it\/radiotouring104\/#organization"},"image":{"@id":"https:\/\/progettotouring.it\/radiotouring104\/2026\/03\/16\/il-comune-di-reggio-primo-nel-sud-italia-ad-adottare-la-valutazione-di-impatto-generazionale\/#primaryimage"},"thumbnailUrl":"https:\/\/progettotouring.it\/radiotouring104\/wp-content\/uploads\/sites\/6\/2026\/03\/laboratorio-Vig-Comune-di-Reggio.jpeg","keywords":["\"Valutazione di impatto generazionale\"","Comune di Reggio","effetti sulla popolazione giovanile","palazzo san giorgio","pratica di \u201cmappare\u201d il Dup","primo Comune nel sud italia","Sindaco ff Mimmo Battaglia"],"articleSection":["Home","In primo piano","News","Reggio Calabria"],"inLanguage":"it-IT"},{"@type":"WebPage","@id":"https:\/\/progettotouring.it\/radiotouring104\/2026\/03\/16\/il-comune-di-reggio-primo-nel-sud-italia-ad-adottare-la-valutazione-di-impatto-generazionale\/","url":"https:\/\/progettotouring.it\/radiotouring104\/2026\/03\/16\/il-comune-di-reggio-primo-nel-sud-italia-ad-adottare-la-valutazione-di-impatto-generazionale\/","name":"Il Comune di Reggio primo nel Sud Italia ad adottare la \"Valutazione di impatto generazionale\" - Radio Touring 104","isPartOf":{"@id":"https:\/\/progettotouring.it\/radiotouring104\/#website"},"primaryImageOfPage":{"@id":"https:\/\/progettotouring.it\/radiotouring104\/2026\/03\/16\/il-comune-di-reggio-primo-nel-sud-italia-ad-adottare-la-valutazione-di-impatto-generazionale\/#primaryimage"},"image":{"@id":"https:\/\/progettotouring.it\/radiotouring104\/2026\/03\/16\/il-comune-di-reggio-primo-nel-sud-italia-ad-adottare-la-valutazione-di-impatto-generazionale\/#primaryimage"},"thumbnailUrl":"https:\/\/progettotouring.it\/radiotouring104\/wp-content\/uploads\/sites\/6\/2026\/03\/laboratorio-Vig-Comune-di-Reggio.jpeg","datePublished":"2026-03-16T11:38:07+00:00","dateModified":"2026-03-16T11:40:38+00:00","description":"A Palazzo San Giorgio il laboratorio di Anci sulla pratica di \u201cmappare\u201d il Dup per misurarne gli effetti sulla popolazione giovanile","breadcrumb":{"@id":"https:\/\/progettotouring.it\/radiotouring104\/2026\/03\/16\/il-comune-di-reggio-primo-nel-sud-italia-ad-adottare-la-valutazione-di-impatto-generazionale\/#breadcrumb"},"inLanguage":"it-IT","potentialAction":[{"@type":"ReadAction","target":["https:\/\/progettotouring.it\/radiotouring104\/2026\/03\/16\/il-comune-di-reggio-primo-nel-sud-italia-ad-adottare-la-valutazione-di-impatto-generazionale\/"]}]},{"@type":"ImageObject","inLanguage":"it-IT","@id":"https:\/\/progettotouring.it\/radiotouring104\/2026\/03\/16\/il-comune-di-reggio-primo-nel-sud-italia-ad-adottare-la-valutazione-di-impatto-generazionale\/#primaryimage","url":"https:\/\/progettotouring.it\/radiotouring104\/wp-content\/uploads\/sites\/6\/2026\/03\/laboratorio-Vig-Comune-di-Reggio.jpeg","contentUrl":"https:\/\/progettotouring.it\/radiotouring104\/wp-content\/uploads\/sites\/6\/2026\/03\/laboratorio-Vig-Comune-di-Reggio.jpeg","width":2048,"height":1536},{"@type":"BreadcrumbList","@id":"https:\/\/progettotouring.it\/radiotouring104\/2026\/03\/16\/il-comune-di-reggio-primo-nel-sud-italia-ad-adottare-la-valutazione-di-impatto-generazionale\/#breadcrumb","itemListElement":[{"@type":"ListItem","position":1,"name":"Home","item":"https:\/\/progettotouring.it\/radiotouring104\/"},{"@type":"ListItem","position":2,"name":"Il Comune di Reggio primo nel Sud Italia ad adottare la &#8220;Valutazione di impatto generazionale&#8221;"}]},{"@type":"WebSite","@id":"https:\/\/progettotouring.it\/radiotouring104\/#website","url":"https:\/\/progettotouring.it\/radiotouring104\/","name":"Radio Touring 104","description":"La prima radio Reggina","publisher":{"@id":"https:\/\/progettotouring.it\/radiotouring104\/#organization"},"potentialAction":[{"@type":"SearchAction","target":{"@type":"EntryPoint","urlTemplate":"https:\/\/progettotouring.it\/radiotouring104\/?s={search_term_string}"},"query-input":{"@type":"PropertyValueSpecification","valueRequired":true,"valueName":"search_term_string"}}],"inLanguage":"it-IT"},{"@type":"Organization","@id":"https:\/\/progettotouring.it\/radiotouring104\/#organization","name":"Radio Touring 104","url":"https:\/\/progettotouring.it\/radiotouring104\/","logo":{"@type":"ImageObject","inLanguage":"it-IT","@id":"https:\/\/progettotouring.it\/radiotouring104\/#\/schema\/logo\/image\/","url":"https:\/\/progettotouring.it\/radiotouring104\/wp-content\/uploads\/sites\/6\/2022\/02\/cropped-logo-radio-touring-104.png","contentUrl":"https:\/\/progettotouring.it\/radiotouring104\/wp-content\/uploads\/sites\/6\/2022\/02\/cropped-logo-radio-touring-104.png","width":377,"height":182,"caption":"Radio Touring 104"},"image":{"@id":"https:\/\/progettotouring.it\/radiotouring104\/#\/schema\/logo\/image\/"}},{"@type":"Person","@id":"https:\/\/progettotouring.it\/radiotouring104\/#\/schema\/person\/1b3eb3c07c47136bc44c785c543e635f","name":"redazione","image":{"@type":"ImageObject","inLanguage":"it-IT","@id":"https:\/\/secure.gravatar.com\/avatar\/0b31605b49f100769e8b624b3e05de1b73e1692e9568a352f60f53fd072e6e11?s=96&d=mm&r=g","url":"https:\/\/secure.gravatar.com\/avatar\/0b31605b49f100769e8b624b3e05de1b73e1692e9568a352f60f53fd072e6e11?s=96&d=mm&r=g","contentUrl":"https:\/\/secure.gravatar.com\/avatar\/0b31605b49f100769e8b624b3e05de1b73e1692e9568a352f60f53fd072e6e11?s=96&d=mm&r=g","caption":"redazione"},"url":"https:\/\/progettotouring.it\/radiotouring104\/author\/redazione\/"}]}},"jetpack_publicize_connections":[],"jetpack_featured_media_url":"https:\/\/progettotouring.it\/radiotouring104\/wp-content\/uploads\/sites\/6\/2026\/03\/laboratorio-Vig-Comune-di-Reggio.jpeg","jetpack_sharing_enabled":true,"_links":{"self":[{"href":"https:\/\/progettotouring.it\/radiotouring104\/wp-json\/wp\/v2\/posts\/92093","targetHints":{"allow":["GET"]}}],"collection":[{"href":"https:\/\/progettotouring.it\/radiotouring104\/wp-json\/wp\/v2\/posts"}],"about":[{"href":"https:\/\/progettotouring.it\/radiotouring104\/wp-json\/wp\/v2\/types\/post"}],"author":[{"embeddable":true,"href":"https:\/\/progettotouring.it\/radiotouring104\/wp-json\/wp\/v2\/users\/5"}],"replies":[{"embeddable":true,"href":"https:\/\/progettotouring.it\/radiotouring104\/wp-json\/wp\/v2\/comments?post=92093"}],"version-history":[{"count":1,"href":"https:\/\/progettotouring.it\/radiotouring104\/wp-json\/wp\/v2\/posts\/92093\/revisions"}],"predecessor-version":[{"id":92095,"href":"https:\/\/progettotouring.it\/radiotouring104\/wp-json\/wp\/v2\/posts\/92093\/revisions\/92095"}],"wp:featuredmedia":[{"embeddable":true,"href":"https:\/\/progettotouring.it\/radiotouring104\/wp-json\/wp\/v2\/media\/92094"}],"wp:attachment":[{"href":"https:\/\/progettotouring.it\/radiotouring104\/wp-json\/wp\/v2\/media?parent=92093"}],"wp:term":[{"taxonomy":"category","embeddable":true,"href":"https:\/\/progettotouring.it\/radiotouring104\/wp-json\/wp\/v2\/categories?post=92093"},{"taxonomy":"post_tag","embeddable":true,"href":"https:\/\/progettotouring.it\/radiotouring104\/wp-json\/wp\/v2\/tags?post=92093"}],"curies":[{"name":"wp","href":"https:\/\/api.w.org\/{rel}","templated":true}]}}