{"id":92127,"date":"2026-03-17T10:34:34","date_gmt":"2026-03-17T09:34:34","guid":{"rendered":"https:\/\/progettotouring.it\/radiotouring104\/?p=92127"},"modified":"2026-03-17T12:53:27","modified_gmt":"2026-03-17T11:53:27","slug":"referendum-giustizia-alle-muse-il-dibattito-le-ragioni-di-una-scelta-si-no","status":"publish","type":"post","link":"https:\/\/progettotouring.it\/radiotouring104\/2026\/03\/17\/referendum-giustizia-alle-muse-il-dibattito-le-ragioni-di-una-scelta-si-no\/","title":{"rendered":"Referendum Giustizia: alle &#8220;Muse&#8221; il dibattito \u201cLe ragioni di una scelta Si\/No\u201d"},"content":{"rendered":"<p>L\u2019 Associazione \u201cLe Muse \u2013 Laboratorio delle Arti e delle Lettere\u201d continua i suoi appuntamenti e la sua programmazione anche in occasione dell\u2019imminente referendum confermativo della legge di riforma della Costituzione in materia di giustizia che si terr\u00e0 il 22 e il 23 marzo.<\/p>\n<p>Il presidente prof. Giuseppe Livoti in apertura di serata ha ricordato come \u00e8 anche scopo di una associazione culturale informare e creare anche incontri che siano occasione di dibattito e di confronto ed al tempo stesso di formazione. Proprio per questo nel Consiglio Direttivo de \u201cLe Muse\u201d esistono vari delegati per diversi ambiti e settori che si occupano appunto di organizzare conversazioni, dibattiti in occasioni e\/o avvenimenti ed ancora atti giuridici di democrazia diretta. Da sempre infatti abbiamo tenuto confronti anche con amministratori, aspiranti sindaci, consiglieri regionali che si sono susseguiti nel tempo sentendo sempre le diverse parti e pensieri politici di ogni idea ed estrazione creando cos\u00ec completezza nella diversit\u00e0. Domenica scorsa il dibattito \u201cLe ragioni di una scelta Si\/No\u201d ha visto l\u2019introduzione dell\u2019avv. Massimo Pirrello \u2013 Referente Ass. \u201cLe Muse\u201d Sezione Legalit\u00e0 e Diritto e gli interventi per il -si- l\u2019avv. Francesco Calabrese mentre per il -no- l\u2019avv. Giuseppe Morabito.<\/p>\n<p>L\u2019avv. Massimo Pirrello ha delineato le ragioni che hanno portato all\u2019elaborazione del principio giuridico della separazione dei poteri dello Stato in legislativo, esecutivo e giudiziario e i principi che sottendono l\u2019amministrazione della giustizia, inquadrandoli anche nel loro sviluppo storico-giuridico.<\/p>\n<p>L\u2019avv. Francesco Calabrese ha esposto le motivazioni che inducono a votare s\u00ec al referendum, spiegando che la riforma costituisce un logico completamento della \u201crivoluzione copernicana\u201d introdotta nel 1989 dal nuovo codice di procedura civile (il c.d. Codice Vassalli) che ha sostituito il meccanismo inquisitorio con quello accusatorio e che, votando s\u00ec, sar\u00e0 possibile ottenere un processo pi\u00f9 equilibrato e al giudice di essere pi\u00f9 libero e realmente terzo, parificando le posizioni di accusa e difesa, grazie alla separazione delle carriere con la creazione di due distinti CSM, uno per la magistratura giudicante e uno per quella requirente.<\/p>\n<p>L\u2019Avv. Giuseppe Morabito ha evidenziato i motivi che inducono a votare no, chiarendo che la riforma non incider\u00e0 sui problemi che attualmente affliggono la giustizia italiana, causati da una ormai consolidata carenza di organico e che la vera attuazione del processo accusatorio potr\u00e0 aver luogo non separando le carriere, ma emanando i decreti attuativi previsti quasi quarant\u2019anni fa dalla riforma Vassalli.<\/p>\n<p>La serata ha visto una importante presenza di soci e liberi cittadini che hanno potuto confrontarsi con i due relatori ed \u00e8 stata occasione per approfondire le norme oggetto di voto che riguardano la recente riforma costituzionale pubblicata in Gazzetta Ufficiale il 30 ottobre 2025. Tali norme \u201c\u2026modificherebbero l\u2019ordinamento giurisdizionale italiano per separare le carriere di giudici e pubblici ministeri, istituendo due Consigli superiori della magistratura distinti (uno per giudicanti e uno per requirenti) e una nuova Alta Corte disciplinare per i magistrati ordinari (composta da 15 giudici, tra professori, avvocati e magistrati sorteggiati), che accentra la competenza disciplinare oggi in capo al Csm, come previsto dalla legge costituzionale approvata a fine 2025\u2026\u201d. Il messaggio mediato dall\u2019incontro \u00e8 stato che comunque occorre andare a votare poich\u00e9 riguarda una serie di riforme che potrebbero cambiare alcuni aspetti importanti del sistema giudiziario italiano.<\/p>\n","protected":false},"excerpt":{"rendered":"<p>L\u2019 Associazione \u201cLe Muse \u2013 Laboratorio delle Arti e delle Lettere\u201d continua i suoi appuntamenti e la sua programmazione anche in occasione dell\u2019imminente referendum confermativo della legge di riforma della&hellip;<\/p>\n","protected":false},"author":5,"featured_media":92128,"comment_status":"closed","ping_status":"open","sticky":false,"template":"","format":"standard","meta":{"_jetpack_memberships_contains_paid_content":false,"footnotes":"","jetpack_publicize_message":"","jetpack_publicize_feature_enabled":true,"jetpack_social_post_already_shared":true,"jetpack_social_options":{"image_generator_settings":{"template":"highway","default_image_id":0,"font":"","enabled":false},"version":2}},"categories":[921,196,140],"tags":[41038,51905,51906,51907,51908,5706,2511],"class_list":["post-92127","post","type-post","status-publish","format-standard","has-post-thumbnail","hentry","category-home","category-news","category-reggio-calabria","tag-associaszione-culturale-le-muse","tag-avv-francesco-calabrese","tag-avv-massimo-pirrello","tag-avvocato-giuseppe-morabito","tag-dibattito-le-ragioni-di-una-scelta-si-no","tag-giuseppe-livoti","tag-referendum-giustizia"],"yoast_head":"<!-- This site is optimized with the Yoast SEO plugin v27.2 - https:\/\/yoast.com\/product\/yoast-seo-wordpress\/ -->\n<title>Referendum Giustizia: alle &quot;Muse&quot; il dibattito \u201cLe ragioni di una scelta Si\/No\u201d - Radio Touring 104<\/title>\n<meta name=\"description\" content=\"Svolto nella sede del&#039;Associazione il dibattito sul Referendum che ha visto protagonisti l&#039;avv. Morabito per il SI e Calabrese per il NO\" \/>\n<meta name=\"robots\" content=\"index, follow, max-snippet:-1, max-image-preview:large, max-video-preview:-1\" \/>\n<link rel=\"canonical\" href=\"https:\/\/progettotouring.it\/radiotouring104\/2026\/03\/17\/referendum-giustizia-alle-muse-il-dibattito-le-ragioni-di-una-scelta-si-no\/\" \/>\n<meta property=\"og:locale\" content=\"it_IT\" \/>\n<meta property=\"og:type\" content=\"article\" \/>\n<meta property=\"og:title\" content=\"Referendum Giustizia: alle &quot;Muse&quot; il dibattito \u201cLe ragioni di una scelta Si\/No\u201d - Radio Touring 104\" \/>\n<meta property=\"og:description\" content=\"Svolto nella sede del&#039;Associazione il dibattito sul Referendum che ha visto protagonisti l&#039;avv. Morabito per il SI e Calabrese per il NO\" \/>\n<meta property=\"og:url\" content=\"https:\/\/progettotouring.it\/radiotouring104\/2026\/03\/17\/referendum-giustizia-alle-muse-il-dibattito-le-ragioni-di-una-scelta-si-no\/\" \/>\n<meta property=\"og:site_name\" content=\"Radio Touring 104\" \/>\n<meta property=\"article:published_time\" content=\"2026-03-17T09:34:34+00:00\" \/>\n<meta property=\"article:modified_time\" content=\"2026-03-17T11:53:27+00:00\" \/>\n<meta property=\"og:image\" content=\"https:\/\/progettotouring.it\/radiotouring104\/wp-content\/uploads\/sites\/6\/2026\/03\/Referendum-Giustizia-Le-Muse.gif\" \/>\n\t<meta property=\"og:image:width\" content=\"496\" \/>\n\t<meta property=\"og:image:height\" content=\"324\" \/>\n\t<meta property=\"og:image:type\" content=\"image\/gif\" \/>\n<meta name=\"author\" content=\"redazione\" \/>\n<meta name=\"twitter:card\" content=\"summary_large_image\" \/>\n<meta name=\"twitter:label1\" content=\"Scritto da\" \/>\n\t<meta name=\"twitter:data1\" content=\"redazione\" \/>\n\t<meta name=\"twitter:label2\" content=\"Tempo di lettura stimato\" \/>\n\t<meta name=\"twitter:data2\" content=\"3 minuti\" \/>\n<script type=\"application\/ld+json\" class=\"yoast-schema-graph\">{\"@context\":\"https:\/\/schema.org\",\"@graph\":[{\"@type\":\"Article\",\"@id\":\"https:\/\/progettotouring.it\/radiotouring104\/2026\/03\/17\/referendum-giustizia-alle-muse-il-dibattito-le-ragioni-di-una-scelta-si-no\/#article\",\"isPartOf\":{\"@id\":\"https:\/\/progettotouring.it\/radiotouring104\/2026\/03\/17\/referendum-giustizia-alle-muse-il-dibattito-le-ragioni-di-una-scelta-si-no\/\"},\"author\":{\"name\":\"redazione\",\"@id\":\"https:\/\/progettotouring.it\/radiotouring104\/#\/schema\/person\/1b3eb3c07c47136bc44c785c543e635f\"},\"headline\":\"Referendum Giustizia: alle &#8220;Muse&#8221; il dibattito \u201cLe ragioni di una scelta Si\/No\u201d\",\"datePublished\":\"2026-03-17T09:34:34+00:00\",\"dateModified\":\"2026-03-17T11:53:27+00:00\",\"mainEntityOfPage\":{\"@id\":\"https:\/\/progettotouring.it\/radiotouring104\/2026\/03\/17\/referendum-giustizia-alle-muse-il-dibattito-le-ragioni-di-una-scelta-si-no\/\"},\"wordCount\":551,\"publisher\":{\"@id\":\"https:\/\/progettotouring.it\/radiotouring104\/#organization\"},\"image\":{\"@id\":\"https:\/\/progettotouring.it\/radiotouring104\/2026\/03\/17\/referendum-giustizia-alle-muse-il-dibattito-le-ragioni-di-una-scelta-si-no\/#primaryimage\"},\"thumbnailUrl\":\"https:\/\/progettotouring.it\/radiotouring104\/wp-content\/uploads\/sites\/6\/2026\/03\/Referendum-Giustizia-Le-Muse.gif\",\"keywords\":[\"Associaszione Culturale Le Muse\",\"avv. Francesco Calabrese\",\"avv. Massimo Pirrello \u2013\",\"avvocato giuseppe morabito\",\"dibattito \u201cLe ragioni di una scelta Si\/No\u201d\",\"Giuseppe Livoti\",\"Referendum Giustizia\"],\"articleSection\":[\"Home\",\"News\",\"Reggio Calabria\"],\"inLanguage\":\"it-IT\"},{\"@type\":\"WebPage\",\"@id\":\"https:\/\/progettotouring.it\/radiotouring104\/2026\/03\/17\/referendum-giustizia-alle-muse-il-dibattito-le-ragioni-di-una-scelta-si-no\/\",\"url\":\"https:\/\/progettotouring.it\/radiotouring104\/2026\/03\/17\/referendum-giustizia-alle-muse-il-dibattito-le-ragioni-di-una-scelta-si-no\/\",\"name\":\"Referendum Giustizia: alle \\\"Muse\\\" il dibattito \u201cLe ragioni di una scelta Si\/No\u201d - Radio Touring 104\",\"isPartOf\":{\"@id\":\"https:\/\/progettotouring.it\/radiotouring104\/#website\"},\"primaryImageOfPage\":{\"@id\":\"https:\/\/progettotouring.it\/radiotouring104\/2026\/03\/17\/referendum-giustizia-alle-muse-il-dibattito-le-ragioni-di-una-scelta-si-no\/#primaryimage\"},\"image\":{\"@id\":\"https:\/\/progettotouring.it\/radiotouring104\/2026\/03\/17\/referendum-giustizia-alle-muse-il-dibattito-le-ragioni-di-una-scelta-si-no\/#primaryimage\"},\"thumbnailUrl\":\"https:\/\/progettotouring.it\/radiotouring104\/wp-content\/uploads\/sites\/6\/2026\/03\/Referendum-Giustizia-Le-Muse.gif\",\"datePublished\":\"2026-03-17T09:34:34+00:00\",\"dateModified\":\"2026-03-17T11:53:27+00:00\",\"description\":\"Svolto nella sede del'Associazione il dibattito sul Referendum che ha visto protagonisti l'avv. Morabito per il SI e Calabrese per il NO\",\"breadcrumb\":{\"@id\":\"https:\/\/progettotouring.it\/radiotouring104\/2026\/03\/17\/referendum-giustizia-alle-muse-il-dibattito-le-ragioni-di-una-scelta-si-no\/#breadcrumb\"},\"inLanguage\":\"it-IT\",\"potentialAction\":[{\"@type\":\"ReadAction\",\"target\":[\"https:\/\/progettotouring.it\/radiotouring104\/2026\/03\/17\/referendum-giustizia-alle-muse-il-dibattito-le-ragioni-di-una-scelta-si-no\/\"]}]},{\"@type\":\"ImageObject\",\"inLanguage\":\"it-IT\",\"@id\":\"https:\/\/progettotouring.it\/radiotouring104\/2026\/03\/17\/referendum-giustizia-alle-muse-il-dibattito-le-ragioni-di-una-scelta-si-no\/#primaryimage\",\"url\":\"https:\/\/progettotouring.it\/radiotouring104\/wp-content\/uploads\/sites\/6\/2026\/03\/Referendum-Giustizia-Le-Muse.gif\",\"contentUrl\":\"https:\/\/progettotouring.it\/radiotouring104\/wp-content\/uploads\/sites\/6\/2026\/03\/Referendum-Giustizia-Le-Muse.gif\",\"width\":496,\"height\":324},{\"@type\":\"BreadcrumbList\",\"@id\":\"https:\/\/progettotouring.it\/radiotouring104\/2026\/03\/17\/referendum-giustizia-alle-muse-il-dibattito-le-ragioni-di-una-scelta-si-no\/#breadcrumb\",\"itemListElement\":[{\"@type\":\"ListItem\",\"position\":1,\"name\":\"Home\",\"item\":\"https:\/\/progettotouring.it\/radiotouring104\/\"},{\"@type\":\"ListItem\",\"position\":2,\"name\":\"Referendum Giustizia: alle &#8220;Muse&#8221; il dibattito \u201cLe ragioni di una scelta Si\/No\u201d\"}]},{\"@type\":\"WebSite\",\"@id\":\"https:\/\/progettotouring.it\/radiotouring104\/#website\",\"url\":\"https:\/\/progettotouring.it\/radiotouring104\/\",\"name\":\"Radio Touring 104\",\"description\":\"La prima radio Reggina\",\"publisher\":{\"@id\":\"https:\/\/progettotouring.it\/radiotouring104\/#organization\"},\"potentialAction\":[{\"@type\":\"SearchAction\",\"target\":{\"@type\":\"EntryPoint\",\"urlTemplate\":\"https:\/\/progettotouring.it\/radiotouring104\/?s={search_term_string}\"},\"query-input\":{\"@type\":\"PropertyValueSpecification\",\"valueRequired\":true,\"valueName\":\"search_term_string\"}}],\"inLanguage\":\"it-IT\"},{\"@type\":\"Organization\",\"@id\":\"https:\/\/progettotouring.it\/radiotouring104\/#organization\",\"name\":\"Radio Touring 104\",\"url\":\"https:\/\/progettotouring.it\/radiotouring104\/\",\"logo\":{\"@type\":\"ImageObject\",\"inLanguage\":\"it-IT\",\"@id\":\"https:\/\/progettotouring.it\/radiotouring104\/#\/schema\/logo\/image\/\",\"url\":\"https:\/\/progettotouring.it\/radiotouring104\/wp-content\/uploads\/sites\/6\/2022\/02\/cropped-logo-radio-touring-104.png\",\"contentUrl\":\"https:\/\/progettotouring.it\/radiotouring104\/wp-content\/uploads\/sites\/6\/2022\/02\/cropped-logo-radio-touring-104.png\",\"width\":377,\"height\":182,\"caption\":\"Radio Touring 104\"},\"image\":{\"@id\":\"https:\/\/progettotouring.it\/radiotouring104\/#\/schema\/logo\/image\/\"}},{\"@type\":\"Person\",\"@id\":\"https:\/\/progettotouring.it\/radiotouring104\/#\/schema\/person\/1b3eb3c07c47136bc44c785c543e635f\",\"name\":\"redazione\",\"image\":{\"@type\":\"ImageObject\",\"inLanguage\":\"it-IT\",\"@id\":\"https:\/\/secure.gravatar.com\/avatar\/0b31605b49f100769e8b624b3e05de1b73e1692e9568a352f60f53fd072e6e11?s=96&d=mm&r=g\",\"url\":\"https:\/\/secure.gravatar.com\/avatar\/0b31605b49f100769e8b624b3e05de1b73e1692e9568a352f60f53fd072e6e11?s=96&d=mm&r=g\",\"contentUrl\":\"https:\/\/secure.gravatar.com\/avatar\/0b31605b49f100769e8b624b3e05de1b73e1692e9568a352f60f53fd072e6e11?s=96&d=mm&r=g\",\"caption\":\"redazione\"},\"url\":\"https:\/\/progettotouring.it\/radiotouring104\/author\/redazione\/\"}]}<\/script>\n<!-- \/ Yoast SEO plugin. -->","yoast_head_json":{"title":"Referendum Giustizia: alle \"Muse\" il dibattito \u201cLe ragioni di una scelta Si\/No\u201d - Radio Touring 104","description":"Svolto nella sede del'Associazione il dibattito sul Referendum che ha visto protagonisti l'avv. Morabito per il SI e Calabrese per il NO","robots":{"index":"index","follow":"follow","max-snippet":"max-snippet:-1","max-image-preview":"max-image-preview:large","max-video-preview":"max-video-preview:-1"},"canonical":"https:\/\/progettotouring.it\/radiotouring104\/2026\/03\/17\/referendum-giustizia-alle-muse-il-dibattito-le-ragioni-di-una-scelta-si-no\/","og_locale":"it_IT","og_type":"article","og_title":"Referendum Giustizia: alle \"Muse\" il dibattito \u201cLe ragioni di una scelta Si\/No\u201d - Radio Touring 104","og_description":"Svolto nella sede del'Associazione il dibattito sul Referendum che ha visto protagonisti l'avv. Morabito per il SI e Calabrese per il NO","og_url":"https:\/\/progettotouring.it\/radiotouring104\/2026\/03\/17\/referendum-giustizia-alle-muse-il-dibattito-le-ragioni-di-una-scelta-si-no\/","og_site_name":"Radio Touring 104","article_published_time":"2026-03-17T09:34:34+00:00","article_modified_time":"2026-03-17T11:53:27+00:00","og_image":[{"width":496,"height":324,"url":"https:\/\/progettotouring.it\/radiotouring104\/wp-content\/uploads\/sites\/6\/2026\/03\/Referendum-Giustizia-Le-Muse.gif","type":"image\/gif"}],"author":"redazione","twitter_card":"summary_large_image","twitter_misc":{"Scritto da":"redazione","Tempo di lettura stimato":"3 minuti"},"schema":{"@context":"https:\/\/schema.org","@graph":[{"@type":"Article","@id":"https:\/\/progettotouring.it\/radiotouring104\/2026\/03\/17\/referendum-giustizia-alle-muse-il-dibattito-le-ragioni-di-una-scelta-si-no\/#article","isPartOf":{"@id":"https:\/\/progettotouring.it\/radiotouring104\/2026\/03\/17\/referendum-giustizia-alle-muse-il-dibattito-le-ragioni-di-una-scelta-si-no\/"},"author":{"name":"redazione","@id":"https:\/\/progettotouring.it\/radiotouring104\/#\/schema\/person\/1b3eb3c07c47136bc44c785c543e635f"},"headline":"Referendum Giustizia: alle &#8220;Muse&#8221; il dibattito \u201cLe ragioni di una scelta Si\/No\u201d","datePublished":"2026-03-17T09:34:34+00:00","dateModified":"2026-03-17T11:53:27+00:00","mainEntityOfPage":{"@id":"https:\/\/progettotouring.it\/radiotouring104\/2026\/03\/17\/referendum-giustizia-alle-muse-il-dibattito-le-ragioni-di-una-scelta-si-no\/"},"wordCount":551,"publisher":{"@id":"https:\/\/progettotouring.it\/radiotouring104\/#organization"},"image":{"@id":"https:\/\/progettotouring.it\/radiotouring104\/2026\/03\/17\/referendum-giustizia-alle-muse-il-dibattito-le-ragioni-di-una-scelta-si-no\/#primaryimage"},"thumbnailUrl":"https:\/\/progettotouring.it\/radiotouring104\/wp-content\/uploads\/sites\/6\/2026\/03\/Referendum-Giustizia-Le-Muse.gif","keywords":["Associaszione Culturale Le Muse","avv. Francesco Calabrese","avv. Massimo Pirrello \u2013","avvocato giuseppe morabito","dibattito \u201cLe ragioni di una scelta Si\/No\u201d","Giuseppe Livoti","Referendum Giustizia"],"articleSection":["Home","News","Reggio Calabria"],"inLanguage":"it-IT"},{"@type":"WebPage","@id":"https:\/\/progettotouring.it\/radiotouring104\/2026\/03\/17\/referendum-giustizia-alle-muse-il-dibattito-le-ragioni-di-una-scelta-si-no\/","url":"https:\/\/progettotouring.it\/radiotouring104\/2026\/03\/17\/referendum-giustizia-alle-muse-il-dibattito-le-ragioni-di-una-scelta-si-no\/","name":"Referendum Giustizia: alle \"Muse\" il dibattito \u201cLe ragioni di una scelta Si\/No\u201d - Radio Touring 104","isPartOf":{"@id":"https:\/\/progettotouring.it\/radiotouring104\/#website"},"primaryImageOfPage":{"@id":"https:\/\/progettotouring.it\/radiotouring104\/2026\/03\/17\/referendum-giustizia-alle-muse-il-dibattito-le-ragioni-di-una-scelta-si-no\/#primaryimage"},"image":{"@id":"https:\/\/progettotouring.it\/radiotouring104\/2026\/03\/17\/referendum-giustizia-alle-muse-il-dibattito-le-ragioni-di-una-scelta-si-no\/#primaryimage"},"thumbnailUrl":"https:\/\/progettotouring.it\/radiotouring104\/wp-content\/uploads\/sites\/6\/2026\/03\/Referendum-Giustizia-Le-Muse.gif","datePublished":"2026-03-17T09:34:34+00:00","dateModified":"2026-03-17T11:53:27+00:00","description":"Svolto nella sede del'Associazione il dibattito sul Referendum che ha visto protagonisti l'avv. Morabito per il SI e Calabrese per il NO","breadcrumb":{"@id":"https:\/\/progettotouring.it\/radiotouring104\/2026\/03\/17\/referendum-giustizia-alle-muse-il-dibattito-le-ragioni-di-una-scelta-si-no\/#breadcrumb"},"inLanguage":"it-IT","potentialAction":[{"@type":"ReadAction","target":["https:\/\/progettotouring.it\/radiotouring104\/2026\/03\/17\/referendum-giustizia-alle-muse-il-dibattito-le-ragioni-di-una-scelta-si-no\/"]}]},{"@type":"ImageObject","inLanguage":"it-IT","@id":"https:\/\/progettotouring.it\/radiotouring104\/2026\/03\/17\/referendum-giustizia-alle-muse-il-dibattito-le-ragioni-di-una-scelta-si-no\/#primaryimage","url":"https:\/\/progettotouring.it\/radiotouring104\/wp-content\/uploads\/sites\/6\/2026\/03\/Referendum-Giustizia-Le-Muse.gif","contentUrl":"https:\/\/progettotouring.it\/radiotouring104\/wp-content\/uploads\/sites\/6\/2026\/03\/Referendum-Giustizia-Le-Muse.gif","width":496,"height":324},{"@type":"BreadcrumbList","@id":"https:\/\/progettotouring.it\/radiotouring104\/2026\/03\/17\/referendum-giustizia-alle-muse-il-dibattito-le-ragioni-di-una-scelta-si-no\/#breadcrumb","itemListElement":[{"@type":"ListItem","position":1,"name":"Home","item":"https:\/\/progettotouring.it\/radiotouring104\/"},{"@type":"ListItem","position":2,"name":"Referendum Giustizia: alle &#8220;Muse&#8221; il dibattito \u201cLe ragioni di una scelta Si\/No\u201d"}]},{"@type":"WebSite","@id":"https:\/\/progettotouring.it\/radiotouring104\/#website","url":"https:\/\/progettotouring.it\/radiotouring104\/","name":"Radio Touring 104","description":"La prima radio Reggina","publisher":{"@id":"https:\/\/progettotouring.it\/radiotouring104\/#organization"},"potentialAction":[{"@type":"SearchAction","target":{"@type":"EntryPoint","urlTemplate":"https:\/\/progettotouring.it\/radiotouring104\/?s={search_term_string}"},"query-input":{"@type":"PropertyValueSpecification","valueRequired":true,"valueName":"search_term_string"}}],"inLanguage":"it-IT"},{"@type":"Organization","@id":"https:\/\/progettotouring.it\/radiotouring104\/#organization","name":"Radio Touring 104","url":"https:\/\/progettotouring.it\/radiotouring104\/","logo":{"@type":"ImageObject","inLanguage":"it-IT","@id":"https:\/\/progettotouring.it\/radiotouring104\/#\/schema\/logo\/image\/","url":"https:\/\/progettotouring.it\/radiotouring104\/wp-content\/uploads\/sites\/6\/2022\/02\/cropped-logo-radio-touring-104.png","contentUrl":"https:\/\/progettotouring.it\/radiotouring104\/wp-content\/uploads\/sites\/6\/2022\/02\/cropped-logo-radio-touring-104.png","width":377,"height":182,"caption":"Radio Touring 104"},"image":{"@id":"https:\/\/progettotouring.it\/radiotouring104\/#\/schema\/logo\/image\/"}},{"@type":"Person","@id":"https:\/\/progettotouring.it\/radiotouring104\/#\/schema\/person\/1b3eb3c07c47136bc44c785c543e635f","name":"redazione","image":{"@type":"ImageObject","inLanguage":"it-IT","@id":"https:\/\/secure.gravatar.com\/avatar\/0b31605b49f100769e8b624b3e05de1b73e1692e9568a352f60f53fd072e6e11?s=96&d=mm&r=g","url":"https:\/\/secure.gravatar.com\/avatar\/0b31605b49f100769e8b624b3e05de1b73e1692e9568a352f60f53fd072e6e11?s=96&d=mm&r=g","contentUrl":"https:\/\/secure.gravatar.com\/avatar\/0b31605b49f100769e8b624b3e05de1b73e1692e9568a352f60f53fd072e6e11?s=96&d=mm&r=g","caption":"redazione"},"url":"https:\/\/progettotouring.it\/radiotouring104\/author\/redazione\/"}]}},"jetpack_publicize_connections":[],"jetpack_featured_media_url":"https:\/\/progettotouring.it\/radiotouring104\/wp-content\/uploads\/sites\/6\/2026\/03\/Referendum-Giustizia-Le-Muse.gif","jetpack_sharing_enabled":true,"_links":{"self":[{"href":"https:\/\/progettotouring.it\/radiotouring104\/wp-json\/wp\/v2\/posts\/92127","targetHints":{"allow":["GET"]}}],"collection":[{"href":"https:\/\/progettotouring.it\/radiotouring104\/wp-json\/wp\/v2\/posts"}],"about":[{"href":"https:\/\/progettotouring.it\/radiotouring104\/wp-json\/wp\/v2\/types\/post"}],"author":[{"embeddable":true,"href":"https:\/\/progettotouring.it\/radiotouring104\/wp-json\/wp\/v2\/users\/5"}],"replies":[{"embeddable":true,"href":"https:\/\/progettotouring.it\/radiotouring104\/wp-json\/wp\/v2\/comments?post=92127"}],"version-history":[{"count":1,"href":"https:\/\/progettotouring.it\/radiotouring104\/wp-json\/wp\/v2\/posts\/92127\/revisions"}],"predecessor-version":[{"id":92129,"href":"https:\/\/progettotouring.it\/radiotouring104\/wp-json\/wp\/v2\/posts\/92127\/revisions\/92129"}],"wp:featuredmedia":[{"embeddable":true,"href":"https:\/\/progettotouring.it\/radiotouring104\/wp-json\/wp\/v2\/media\/92128"}],"wp:attachment":[{"href":"https:\/\/progettotouring.it\/radiotouring104\/wp-json\/wp\/v2\/media?parent=92127"}],"wp:term":[{"taxonomy":"category","embeddable":true,"href":"https:\/\/progettotouring.it\/radiotouring104\/wp-json\/wp\/v2\/categories?post=92127"},{"taxonomy":"post_tag","embeddable":true,"href":"https:\/\/progettotouring.it\/radiotouring104\/wp-json\/wp\/v2\/tags?post=92127"}],"curies":[{"name":"wp","href":"https:\/\/api.w.org\/{rel}","templated":true}]}}